{"id":383987,"date":"2025-09-22T11:07:24","date_gmt":"2025-09-22T10:07:24","guid":{"rendered":"https:\/\/www.webdo.tn\/fr\/?p=383987"},"modified":"2025-09-23T09:44:41","modified_gmt":"2025-09-23T08:44:41","slug":"kalaa-kebira-les-usagers-protestent-contre-la-suppression-du-train-sousse-tunis","status":"publish","type":"post","link":"https:\/\/www.webdo.tn\/fr\/actualite\/regions\/kalaa-kebira-les-usagers-protestent-contre-la-suppression-du-train-sousse-tunis\/383987\/","title":{"rendered":"Kal\u00e2a Kebira : Les usagers protestent contre la suppression du train Sousse\u2013Tunis"},"content":{"rendered":"\n<p><strong>Lundi matin, plusieurs abonn\u00e9s et voyageurs r\u00e9guliers ont organis\u00e9 un sit-in d\u2019une demi-heure \u00e0 la gare de Kal\u00e2a Kebira pour d\u00e9noncer la suppression, depuis plus d\u2019une semaine, de la liaison Sousse\u2013Tunis aller-retour, toujours affich\u00e9e au programme officiel.<\/strong><\/p>\n\n\n\n<h2 class=\"wp-block-heading\" id=\"h-conditions-de-transport-difficiles\">Conditions de transport difficiles<\/h2>\n\n\n\n<p>Mohamed Ali Sghaier, un habitu\u00e9 des trajets quotidiens a d\u00e9nonc\u00e9 la situation\u00a0:<\/p>\n\n\n\n<blockquote class=\"wp-block-quote is-layout-flow wp-block-quote-is-layout-flow\">\n<blockquote class=\"wp-block-quote is-layout-flow wp-block-quote-is-layout-flow\">\n<p>\u00ab\u00a0Les passagers sont confront\u00e9s \u00e0 des conditions inhumaines : trains surcharg\u00e9s, d\u00e9sordre permanent et perte totale de confort\u00a0\u00bb.<\/p>\n<\/blockquote>\n<\/blockquote>\n\n\n\n<p>Les protestataires r\u00e9clament un service r\u00e9gulier, digne et fiable, leur permettant de rejoindre leurs lieux de travail dans la capitale dans des conditions normales.<\/p>\n\n\n\n<h2 class=\"wp-block-heading\" id=\"h-un-probleme-recurrent\">Un probl\u00e8me r\u00e9current<\/h2>\n\n\n\n<p>Ce mouvement social n\u2019est pas in\u00e9dit. Des sit-in similaires ont d\u00e9j\u00e0 eu lieu ces derni\u00e8res ann\u00e9es pour les m\u00eames motifs. En novembre 2024, un train reliant Gab\u00e8s \u00e0 Tunis avait \u00e9t\u00e9 bloqu\u00e9 \u00e0 la gare de Kal\u00e2a Kebira par des voyageurs m\u00e9contents, majoritairement des abonn\u00e9s de la SNCFT, en raison de l\u2019annulation soudaine et non annonc\u00e9e de la liaison Sousse\u2013Tunis. Les passagers d\u00e9non\u00e7aient la r\u00e9p\u00e9tition de ces suppressions, les retards constants et l\u2019absence de communication de la part de la compagnie.<\/p>\n\n\n\n<p>La suppression de la liaison impacte particuli\u00e8rement les travailleurs d\u00e9pendant de ce train pour rejoindre la capitale \u00e0 temps. Certains craignent m\u00eame de perdre leur emploi \u00e0 cause de retards r\u00e9currents.<\/p>\n\n\n\n<p>Des p\u00e9titions avaient \u00e9t\u00e9 pr\u00e9par\u00e9es pour demander aux autorit\u00e9s, jusqu\u2019au Pr\u00e9sident de la R\u00e9publique, des mesures imm\u00e9diates, notamment la r\u00e9introduction d\u2019un d\u00e9part matinal depuis Kal\u00e2a Kebira permettant aux usagers d\u2019arriver \u00e0 Tunis \u00e0 l\u2019heure.<\/p>\n\n\n\n<p><\/p>\n\n\n\n<ul class=\"wp-block-list\">\n<li>Lire aussi : <a href=\"https:\/\/www.webdo.tn\/fr\/actualite\/national\/tunisie-un-train-vers-tunis-bloque-a-sousse-par-des-voyageurs-en-colere\/217452\/\">Tunisie : Un train vers Tunis bloqu\u00e9 \u00e0 Sousse par des voyageurs en col\u00e8re<\/a><\/li>\n<\/ul>\n","protected":false},"excerpt":{"rendered":"<p>Lundi matin, plusieurs abonn\u00e9s et voyageurs r\u00e9guliers ont organis\u00e9 un sit-in d\u2019une demi-heure \u00e0 la gare de Kal\u00e2a Kebira pour d\u00e9noncer la suppression, depuis plus d\u2019une semaine, de la liaison Sousse\u2013Tunis aller-retour, toujours affich\u00e9e au programme officiel. Conditions de transport difficiles Mohamed Ali Sghaier, un habitu\u00e9 des trajets quotidiens a d\u00e9nonc\u00e9 la situation\u00a0: Les protestataires [&hellip;]<\/p>\n","protected":false},"author":3191,"featured_media":383988,"comment_status":"closed","ping_status":"closed","sticky":false,"template":"","format":"standard","meta":{"footnotes":""},"categories":[2595],"tags":[3190,12932,5162,2608],"class_list":["post-383987","post","type-post","status-publish","format-standard","has-post-thumbnail","hentry","category-regions","tag-sit-in","tag-sousse-tunis","tag-train-bloque","tag-tunisie"],"yoast_head":"<!-- This site is optimized with the Yoast SEO Premium plugin v27.4 (Yoast SEO v27.5) - https:\/\/yoast.com\/product\/yoast-seo-premium-wordpress\/ -->\n<title>Kal\u00e2a Kebira : Les usagers protestent contre la suppression du train Sousse\u2013Tunis - webdo<\/title>\n<meta name=\"description\" content=\"D\u00e9couvrez comment les voyageurs de Kal\u00e2a Kebira se mobilisent contre l&#039;annulation du train Sousse\u2013Tunis pour des services fiables.\" \/>\n<link rel=\"canonical\" href=\"https:\/\/www.webdo.tn\/fr\/actualite\/regions\/kalaa-kebira-les-usagers-protestent-contre-la-suppression-du-train-sousse-tunis\/383987\/\" \/>\n<meta property=\"og:locale\" content=\"fr_FR\" \/>\n<meta property=\"og:type\" content=\"article\" \/>\n<meta property=\"og:title\" content=\"Kal\u00e2a Kebira : Les usagers protestent contre la suppression du train Sousse\u2013Tunis\" \/>\n<meta property=\"og:description\" content=\"D\u00e9couvrez comment les voyageurs de Kal\u00e2a Kebira se mobilisent contre l&#039;annulation du train Sousse\u2013Tunis pour des services fiables.\" \/>\n<meta property=\"og:url\" content=\"https:\/\/www.webdo.tn\/fr\/actualite\/regions\/kalaa-kebira-les-usagers-protestent-contre-la-suppression-du-train-sousse-tunis\/383987\/\" \/>\n<meta property=\"og:site_name\" content=\"webdo\" \/>\n<meta property=\"article:publisher\" content=\"https:\/\/www.facebook.com\/webdotn\" \/>\n<meta property=\"article:published_time\" content=\"2025-09-22T10:07:24+00:00\" \/>\n<meta property=\"article:modified_time\" content=\"2025-09-23T08:44:41+00:00\" \/>\n<meta property=\"og:image\" content=\"https:\/\/www.webdo.tn\/fr\/wp-content\/uploads\/2025\/09\/Train-Sousse-Tunis.jpg\" \/>\n\t<meta property=\"og:image:width\" content=\"1200\" \/>\n\t<meta property=\"og:image:height\" content=\"603\" \/>\n\t<meta property=\"og:image:type\" content=\"image\/jpeg\" \/>\n<meta name=\"author\" content=\"Mohamed Hedi Touati\" \/>\n<meta name=\"twitter:card\" content=\"summary_large_image\" \/>\n<meta name=\"twitter:creator\" content=\"@webdo_tn\" \/>\n<meta name=\"twitter:site\" content=\"@webdo_tn\" \/>\n<meta name=\"twitter:label1\" content=\"\u00c9crit par\" \/>\n\t<meta name=\"twitter:data1\" content=\"Mohamed Hedi Touati\" \/>\n\t<meta name=\"twitter:label2\" content=\"Dur\u00e9e de lecture estim\u00e9e\" \/>\n\t<meta name=\"twitter:data2\" content=\"2 minutes\" \/>\n<script type=\"application\/ld+json\" class=\"yoast-schema-graph\">{\"@context\":\"https:\\\/\\\/schema.org\",\"@graph\":[{\"@type\":\"NewsArticle\",\"@id\":\"https:\\\/\\\/www.webdo.tn\\\/fr\\\/actualite\\\/regions\\\/kalaa-kebira-les-usagers-protestent-contre-la-suppression-du-train-sousse-tunis\\\/383987\\\/#article\",\"isPartOf\":{\"@id\":\"https:\\\/\\\/www.webdo.tn\\\/fr\\\/actualite\\\/regions\\\/kalaa-kebira-les-usagers-protestent-contre-la-suppression-du-train-sousse-tunis\\\/383987\\\/\"},\"author\":{\"name\":\"Mohamed Hedi Touati\",\"@id\":\"https:\\\/\\\/www.webdo.tn\\\/fr\\\/#\\\/schema\\\/person\\\/c652cd8fc2b1b44412b5ffb48c5a911d\"},\"headline\":\"Kal\u00e2a Kebira : Les usagers protestent contre la suppression du train Sousse\u2013Tunis\",\"datePublished\":\"2025-09-22T10:07:24+00:00\",\"dateModified\":\"2025-09-23T08:44:41+00:00\",\"mainEntityOfPage\":{\"@id\":\"https:\\\/\\\/www.webdo.tn\\\/fr\\\/actualite\\\/regions\\\/kalaa-kebira-les-usagers-protestent-contre-la-suppression-du-train-sousse-tunis\\\/383987\\\/\"},\"wordCount\":314,\"publisher\":{\"@id\":\"https:\\\/\\\/www.webdo.tn\\\/fr\\\/#organization\"},\"image\":{\"@id\":\"https:\\\/\\\/www.webdo.tn\\\/fr\\\/actualite\\\/regions\\\/kalaa-kebira-les-usagers-protestent-contre-la-suppression-du-train-sousse-tunis\\\/383987\\\/#primaryimage\"},\"thumbnailUrl\":\"https:\\\/\\\/www.webdo.tn\\\/fr\\\/wp-content\\\/uploads\\\/2025\\\/09\\\/Train-Sousse-Tunis.jpg\",\"keywords\":[\"sit-in\",\"sousse-tunis\",\"Train bloqu\u00e9\",\"Tunisie\"],\"articleSection\":[\"regions\"],\"inLanguage\":\"fr-FR\"},{\"@type\":\"WebPage\",\"@id\":\"https:\\\/\\\/www.webdo.tn\\\/fr\\\/actualite\\\/regions\\\/kalaa-kebira-les-usagers-protestent-contre-la-suppression-du-train-sousse-tunis\\\/383987\\\/\",\"url\":\"https:\\\/\\\/www.webdo.tn\\\/fr\\\/actualite\\\/regions\\\/kalaa-kebira-les-usagers-protestent-contre-la-suppression-du-train-sousse-tunis\\\/383987\\\/\",\"name\":\"Kal\u00e2a Kebira : Les usagers protestent contre la suppression du train Sousse\u2013Tunis - webdo\",\"isPartOf\":{\"@id\":\"https:\\\/\\\/www.webdo.tn\\\/fr\\\/#website\"},\"primaryImageOfPage\":{\"@id\":\"https:\\\/\\\/www.webdo.tn\\\/fr\\\/actualite\\\/regions\\\/kalaa-kebira-les-usagers-protestent-contre-la-suppression-du-train-sousse-tunis\\\/383987\\\/#primaryimage\"},\"image\":{\"@id\":\"https:\\\/\\\/www.webdo.tn\\\/fr\\\/actualite\\\/regions\\\/kalaa-kebira-les-usagers-protestent-contre-la-suppression-du-train-sousse-tunis\\\/383987\\\/#primaryimage\"},\"thumbnailUrl\":\"https:\\\/\\\/www.webdo.tn\\\/fr\\\/wp-content\\\/uploads\\\/2025\\\/09\\\/Train-Sousse-Tunis.jpg\",\"datePublished\":\"2025-09-22T10:07:24+00:00\",\"dateModified\":\"2025-09-23T08:44:41+00:00\",\"description\":\"D\u00e9couvrez comment les voyageurs de Kal\u00e2a Kebira se mobilisent contre l'annulation du train Sousse\u2013Tunis pour des services fiables.\",\"breadcrumb\":{\"@id\":\"https:\\\/\\\/www.webdo.tn\\\/fr\\\/actualite\\\/regions\\\/kalaa-kebira-les-usagers-protestent-contre-la-suppression-du-train-sousse-tunis\\\/383987\\\/#breadcrumb\"},\"inLanguage\":\"fr-FR\",\"potentialAction\":[{\"@type\":\"ReadAction\",\"target\":[\"https:\\\/\\\/www.webdo.tn\\\/fr\\\/actualite\\\/regions\\\/kalaa-kebira-les-usagers-protestent-contre-la-suppression-du-train-sousse-tunis\\\/383987\\\/\"]}]},{\"@type\":\"ImageObject\",\"inLanguage\":\"fr-FR\",\"@id\":\"https:\\\/\\\/www.webdo.tn\\\/fr\\\/actualite\\\/regions\\\/kalaa-kebira-les-usagers-protestent-contre-la-suppression-du-train-sousse-tunis\\\/383987\\\/#primaryimage\",\"url\":\"https:\\\/\\\/www.webdo.tn\\\/fr\\\/wp-content\\\/uploads\\\/2025\\\/09\\\/Train-Sousse-Tunis.jpg\",\"contentUrl\":\"https:\\\/\\\/www.webdo.tn\\\/fr\\\/wp-content\\\/uploads\\\/2025\\\/09\\\/Train-Sousse-Tunis.jpg\",\"width\":1200,\"height\":603,\"caption\":\"Kal\u00e2a Kebira : Les usagers protestent contre la suppression du train Sousse\u2013Tunis\"},{\"@type\":\"BreadcrumbList\",\"@id\":\"https:\\\/\\\/www.webdo.tn\\\/fr\\\/actualite\\\/regions\\\/kalaa-kebira-les-usagers-protestent-contre-la-suppression-du-train-sousse-tunis\\\/383987\\\/#breadcrumb\",\"itemListElement\":[{\"@type\":\"ListItem\",\"position\":1,\"name\":\"Accueil\",\"item\":\"https:\\\/\\\/www.webdo.tn\\\/fr\\\/\"},{\"@type\":\"ListItem\",\"position\":2,\"name\":\"Kal\u00e2a Kebira : Les usagers protestent contre la suppression du train Sousse\u2013Tunis\"}]},{\"@type\":\"WebSite\",\"@id\":\"https:\\\/\\\/www.webdo.tn\\\/fr\\\/#website\",\"url\":\"https:\\\/\\\/www.webdo.tn\\\/fr\\\/\",\"name\":\"webdo\",\"description\":\"Tunisie - News en Tunisie et \u00e0 l&#039;international sur Webdo.tn\",\"publisher\":{\"@id\":\"https:\\\/\\\/www.webdo.tn\\\/fr\\\/#organization\"},\"potentialAction\":[{\"@type\":\"SearchAction\",\"target\":{\"@type\":\"EntryPoint\",\"urlTemplate\":\"https:\\\/\\\/www.webdo.tn\\\/fr\\\/?s={search_term_string}\"},\"query-input\":{\"@type\":\"PropertyValueSpecification\",\"valueRequired\":true,\"valueName\":\"search_term_string\"}}],\"inLanguage\":\"fr-FR\"},{\"@type\":\"Organization\",\"@id\":\"https:\\\/\\\/www.webdo.tn\\\/fr\\\/#organization\",\"name\":\"Webdo\",\"alternateName\":\"Webdo.tn\",\"url\":\"https:\\\/\\\/www.webdo.tn\\\/fr\\\/\",\"logo\":{\"@type\":\"ImageObject\",\"inLanguage\":\"fr-FR\",\"@id\":\"https:\\\/\\\/www.webdo.tn\\\/fr\\\/#\\\/schema\\\/logo\\\/image\\\/\",\"url\":\"https:\\\/\\\/www.webdo.tn\\\/fr\\\/wp-content\\\/uploads\\\/2025\\\/06\\\/Webdo-Tunisie_168377.jpg\",\"contentUrl\":\"https:\\\/\\\/www.webdo.tn\\\/fr\\\/wp-content\\\/uploads\\\/2025\\\/06\\\/Webdo-Tunisie_168377.jpg\",\"width\":301,\"height\":301,\"caption\":\"Webdo\"},\"image\":{\"@id\":\"https:\\\/\\\/www.webdo.tn\\\/fr\\\/#\\\/schema\\\/logo\\\/image\\\/\"},\"sameAs\":[\"https:\\\/\\\/www.facebook.com\\\/webdotn\",\"https:\\\/\\\/x.com\\\/webdo_tn\"],\"description\":\"Webdo est un m\u00e9dia num\u00e9rique tunisien fond\u00e9 en 2010, sp\u00e9cialis\u00e9 dans l\u2019actualit\u00e9 nationale et internationale, l\u2019\u00e9conomie, la soci\u00e9t\u00e9 et les analyses politiques. Le site s\u2019adresse \u00e0 un large public francophone et couvre l\u2019information tunisienne en temps r\u00e9el.\",\"email\":\"redac@webdo.tn\",\"legalName\":\"YNJ SARL\",\"foundingDate\":\"2010-09-06\",\"numberOfEmployees\":{\"@type\":\"QuantitativeValue\",\"minValue\":\"11\",\"maxValue\":\"50\"}},{\"@type\":\"Person\",\"@id\":\"https:\\\/\\\/www.webdo.tn\\\/fr\\\/#\\\/schema\\\/person\\\/c652cd8fc2b1b44412b5ffb48c5a911d\",\"name\":\"Mohamed Hedi Touati\",\"image\":{\"@type\":\"ImageObject\",\"inLanguage\":\"fr-FR\",\"@id\":\"https:\\\/\\\/secure.gravatar.com\\\/avatar\\\/9cfd402c745b7a685f13eed0ea6e59d2144a3c2fc50a3db6fd5ed451f6cddf1a?s=96&d=mm&r=g\",\"url\":\"https:\\\/\\\/secure.gravatar.com\\\/avatar\\\/9cfd402c745b7a685f13eed0ea6e59d2144a3c2fc50a3db6fd5ed451f6cddf1a?s=96&d=mm&r=g\",\"contentUrl\":\"https:\\\/\\\/secure.gravatar.com\\\/avatar\\\/9cfd402c745b7a685f13eed0ea6e59d2144a3c2fc50a3db6fd5ed451f6cddf1a?s=96&d=mm&r=g\",\"caption\":\"Mohamed Hedi Touati\"},\"url\":\"https:\\\/\\\/www.webdo.tn\\\/fr\\\/actualite\\\/author\\\/mohamed-hedi-touati\\\/\"}]}<\/script>\n<!-- \/ Yoast SEO Premium plugin. -->","yoast_head_json":{"title":"Kal\u00e2a Kebira : Les usagers protestent contre la suppression du train Sousse\u2013Tunis - webdo","description":"D\u00e9couvrez comment les voyageurs de Kal\u00e2a Kebira se mobilisent contre l'annulation du train Sousse\u2013Tunis pour des services fiables.","canonical":"https:\/\/www.webdo.tn\/fr\/actualite\/regions\/kalaa-kebira-les-usagers-protestent-contre-la-suppression-du-train-sousse-tunis\/383987\/","og_locale":"fr_FR","og_type":"article","og_title":"Kal\u00e2a Kebira : Les usagers protestent contre la suppression du train Sousse\u2013Tunis","og_description":"D\u00e9couvrez comment les voyageurs de Kal\u00e2a Kebira se mobilisent contre l'annulation du train Sousse\u2013Tunis pour des services fiables.","og_url":"https:\/\/www.webdo.tn\/fr\/actualite\/regions\/kalaa-kebira-les-usagers-protestent-contre-la-suppression-du-train-sousse-tunis\/383987\/","og_site_name":"webdo","article_publisher":"https:\/\/www.facebook.com\/webdotn","article_published_time":"2025-09-22T10:07:24+00:00","article_modified_time":"2025-09-23T08:44:41+00:00","og_image":[{"width":1200,"height":603,"url":"https:\/\/www.webdo.tn\/fr\/wp-content\/uploads\/2025\/09\/Train-Sousse-Tunis.jpg","type":"image\/jpeg"}],"author":"Mohamed Hedi Touati","twitter_card":"summary_large_image","twitter_creator":"@webdo_tn","twitter_site":"@webdo_tn","twitter_misc":{"\u00c9crit par":"Mohamed Hedi Touati","Dur\u00e9e de lecture estim\u00e9e":"2 minutes"},"schema":{"@context":"https:\/\/schema.org","@graph":[{"@type":"NewsArticle","@id":"https:\/\/www.webdo.tn\/fr\/actualite\/regions\/kalaa-kebira-les-usagers-protestent-contre-la-suppression-du-train-sousse-tunis\/383987\/#article","isPartOf":{"@id":"https:\/\/www.webdo.tn\/fr\/actualite\/regions\/kalaa-kebira-les-usagers-protestent-contre-la-suppression-du-train-sousse-tunis\/383987\/"},"author":{"name":"Mohamed Hedi Touati","@id":"https:\/\/www.webdo.tn\/fr\/#\/schema\/person\/c652cd8fc2b1b44412b5ffb48c5a911d"},"headline":"Kal\u00e2a Kebira : Les usagers protestent contre la suppression du train Sousse\u2013Tunis","datePublished":"2025-09-22T10:07:24+00:00","dateModified":"2025-09-23T08:44:41+00:00","mainEntityOfPage":{"@id":"https:\/\/www.webdo.tn\/fr\/actualite\/regions\/kalaa-kebira-les-usagers-protestent-contre-la-suppression-du-train-sousse-tunis\/383987\/"},"wordCount":314,"publisher":{"@id":"https:\/\/www.webdo.tn\/fr\/#organization"},"image":{"@id":"https:\/\/www.webdo.tn\/fr\/actualite\/regions\/kalaa-kebira-les-usagers-protestent-contre-la-suppression-du-train-sousse-tunis\/383987\/#primaryimage"},"thumbnailUrl":"https:\/\/www.webdo.tn\/fr\/wp-content\/uploads\/2025\/09\/Train-Sousse-Tunis.jpg","keywords":["sit-in","sousse-tunis","Train bloqu\u00e9","Tunisie"],"articleSection":["regions"],"inLanguage":"fr-FR"},{"@type":"WebPage","@id":"https:\/\/www.webdo.tn\/fr\/actualite\/regions\/kalaa-kebira-les-usagers-protestent-contre-la-suppression-du-train-sousse-tunis\/383987\/","url":"https:\/\/www.webdo.tn\/fr\/actualite\/regions\/kalaa-kebira-les-usagers-protestent-contre-la-suppression-du-train-sousse-tunis\/383987\/","name":"Kal\u00e2a Kebira : Les usagers protestent contre la suppression du train Sousse\u2013Tunis - webdo","isPartOf":{"@id":"https:\/\/www.webdo.tn\/fr\/#website"},"primaryImageOfPage":{"@id":"https:\/\/www.webdo.tn\/fr\/actualite\/regions\/kalaa-kebira-les-usagers-protestent-contre-la-suppression-du-train-sousse-tunis\/383987\/#primaryimage"},"image":{"@id":"https:\/\/www.webdo.tn\/fr\/actualite\/regions\/kalaa-kebira-les-usagers-protestent-contre-la-suppression-du-train-sousse-tunis\/383987\/#primaryimage"},"thumbnailUrl":"https:\/\/www.webdo.tn\/fr\/wp-content\/uploads\/2025\/09\/Train-Sousse-Tunis.jpg","datePublished":"2025-09-22T10:07:24+00:00","dateModified":"2025-09-23T08:44:41+00:00","description":"D\u00e9couvrez comment les voyageurs de Kal\u00e2a Kebira se mobilisent contre l'annulation du train Sousse\u2013Tunis pour des services fiables.","breadcrumb":{"@id":"https:\/\/www.webdo.tn\/fr\/actualite\/regions\/kalaa-kebira-les-usagers-protestent-contre-la-suppression-du-train-sousse-tunis\/383987\/#breadcrumb"},"inLanguage":"fr-FR","potentialAction":[{"@type":"ReadAction","target":["https:\/\/www.webdo.tn\/fr\/actualite\/regions\/kalaa-kebira-les-usagers-protestent-contre-la-suppression-du-train-sousse-tunis\/383987\/"]}]},{"@type":"ImageObject","inLanguage":"fr-FR","@id":"https:\/\/www.webdo.tn\/fr\/actualite\/regions\/kalaa-kebira-les-usagers-protestent-contre-la-suppression-du-train-sousse-tunis\/383987\/#primaryimage","url":"https:\/\/www.webdo.tn\/fr\/wp-content\/uploads\/2025\/09\/Train-Sousse-Tunis.jpg","contentUrl":"https:\/\/www.webdo.tn\/fr\/wp-content\/uploads\/2025\/09\/Train-Sousse-Tunis.jpg","width":1200,"height":603,"caption":"Kal\u00e2a Kebira : Les usagers protestent contre la suppression du train Sousse\u2013Tunis"},{"@type":"BreadcrumbList","@id":"https:\/\/www.webdo.tn\/fr\/actualite\/regions\/kalaa-kebira-les-usagers-protestent-contre-la-suppression-du-train-sousse-tunis\/383987\/#breadcrumb","itemListElement":[{"@type":"ListItem","position":1,"name":"Accueil","item":"https:\/\/www.webdo.tn\/fr\/"},{"@type":"ListItem","position":2,"name":"Kal\u00e2a Kebira : Les usagers protestent contre la suppression du train Sousse\u2013Tunis"}]},{"@type":"WebSite","@id":"https:\/\/www.webdo.tn\/fr\/#website","url":"https:\/\/www.webdo.tn\/fr\/","name":"webdo","description":"Tunisie - News en Tunisie et \u00e0 l&#039;international sur Webdo.tn","publisher":{"@id":"https:\/\/www.webdo.tn\/fr\/#organization"},"potentialAction":[{"@type":"SearchAction","target":{"@type":"EntryPoint","urlTemplate":"https:\/\/www.webdo.tn\/fr\/?s={search_term_string}"},"query-input":{"@type":"PropertyValueSpecification","valueRequired":true,"valueName":"search_term_string"}}],"inLanguage":"fr-FR"},{"@type":"Organization","@id":"https:\/\/www.webdo.tn\/fr\/#organization","name":"Webdo","alternateName":"Webdo.tn","url":"https:\/\/www.webdo.tn\/fr\/","logo":{"@type":"ImageObject","inLanguage":"fr-FR","@id":"https:\/\/www.webdo.tn\/fr\/#\/schema\/logo\/image\/","url":"https:\/\/www.webdo.tn\/fr\/wp-content\/uploads\/2025\/06\/Webdo-Tunisie_168377.jpg","contentUrl":"https:\/\/www.webdo.tn\/fr\/wp-content\/uploads\/2025\/06\/Webdo-Tunisie_168377.jpg","width":301,"height":301,"caption":"Webdo"},"image":{"@id":"https:\/\/www.webdo.tn\/fr\/#\/schema\/logo\/image\/"},"sameAs":["https:\/\/www.facebook.com\/webdotn","https:\/\/x.com\/webdo_tn"],"description":"Webdo est un m\u00e9dia num\u00e9rique tunisien fond\u00e9 en 2010, sp\u00e9cialis\u00e9 dans l\u2019actualit\u00e9 nationale et internationale, l\u2019\u00e9conomie, la soci\u00e9t\u00e9 et les analyses politiques. Le site s\u2019adresse \u00e0 un large public francophone et couvre l\u2019information tunisienne en temps r\u00e9el.","email":"redac@webdo.tn","legalName":"YNJ SARL","foundingDate":"2010-09-06","numberOfEmployees":{"@type":"QuantitativeValue","minValue":"11","maxValue":"50"}},{"@type":"Person","@id":"https:\/\/www.webdo.tn\/fr\/#\/schema\/person\/c652cd8fc2b1b44412b5ffb48c5a911d","name":"Mohamed Hedi Touati","image":{"@type":"ImageObject","inLanguage":"fr-FR","@id":"https:\/\/secure.gravatar.com\/avatar\/9cfd402c745b7a685f13eed0ea6e59d2144a3c2fc50a3db6fd5ed451f6cddf1a?s=96&d=mm&r=g","url":"https:\/\/secure.gravatar.com\/avatar\/9cfd402c745b7a685f13eed0ea6e59d2144a3c2fc50a3db6fd5ed451f6cddf1a?s=96&d=mm&r=g","contentUrl":"https:\/\/secure.gravatar.com\/avatar\/9cfd402c745b7a685f13eed0ea6e59d2144a3c2fc50a3db6fd5ed451f6cddf1a?s=96&d=mm&r=g","caption":"Mohamed Hedi Touati"},"url":"https:\/\/www.webdo.tn\/fr\/actualite\/author\/mohamed-hedi-touati\/"}]}},"_links":{"self":[{"href":"https:\/\/www.webdo.tn\/fr\/wp-json\/wp\/v2\/posts\/383987","targetHints":{"allow":["GET"]}}],"collection":[{"href":"https:\/\/www.webdo.tn\/fr\/wp-json\/wp\/v2\/posts"}],"about":[{"href":"https:\/\/www.webdo.tn\/fr\/wp-json\/wp\/v2\/types\/post"}],"author":[{"embeddable":true,"href":"https:\/\/www.webdo.tn\/fr\/wp-json\/wp\/v2\/users\/3191"}],"replies":[{"embeddable":true,"href":"https:\/\/www.webdo.tn\/fr\/wp-json\/wp\/v2\/comments?post=383987"}],"version-history":[{"count":0,"href":"https:\/\/www.webdo.tn\/fr\/wp-json\/wp\/v2\/posts\/383987\/revisions"}],"wp:featuredmedia":[{"embeddable":true,"href":"https:\/\/www.webdo.tn\/fr\/wp-json\/wp\/v2\/media\/383988"}],"wp:attachment":[{"href":"https:\/\/www.webdo.tn\/fr\/wp-json\/wp\/v2\/media?parent=383987"}],"wp:term":[{"taxonomy":"category","embeddable":true,"href":"https:\/\/www.webdo.tn\/fr\/wp-json\/wp\/v2\/categories?post=383987"},{"taxonomy":"post_tag","embeddable":true,"href":"https:\/\/www.webdo.tn\/fr\/wp-json\/wp\/v2\/tags?post=383987"}],"curies":[{"name":"wp","href":"https:\/\/api.w.org\/{rel}","templated":true}]}}