{"id":383936,"date":"2025-09-20T12:44:08","date_gmt":"2025-09-20T11:44:08","guid":{"rendered":"https:\/\/www.webdo.tn\/fr\/?p=383936"},"modified":"2025-09-20T12:44:09","modified_gmt":"2025-09-20T11:44:09","slug":"exposition-mer-de-sicile-et-tunisie-pecheurs-de-trapani-et-lumieres-de-mahdia","status":"publish","type":"post","link":"https:\/\/www.webdo.tn\/fr\/actualite\/culture\/exposition-mer-de-sicile-et-tunisie-pecheurs-de-trapani-et-lumieres-de-mahdia\/383936\/","title":{"rendered":"Exposition \u00ab\u00a0Mer de Sicile et Tunisie\u00a0\u00bb : P\u00eacheurs de Trapani et lumi\u00e8res de Mahdia"},"content":{"rendered":"\n<p><strong>Le rideau tombe aujourd&rsquo;hui sur l&rsquo;exposition \u00ab\u00a0Mer de Sicile et Tunisie d&rsquo;une c\u00f4te \u00e0 l&rsquo;autre\u00a0\u00bb. Organis\u00e9e par les associations Didon &amp; \u00c9n\u00e9e et I Colori della Vita, cette exposition vit son dernier jour au Centre culturel Sainte-Croix et mettra prochainement le cap sur d&rsquo;autres destinations en Tunisie et en Sicile. Soutenue par l&rsquo;Institut culturel italien de Tunis et par les villes de Tunis et de Trapani, cette rencontre de dix photographes permet de d\u00e9couvrir des sensations m\u00e9diterran\u00e9ennes ainsi que des paysages et des visages des deux rives, entre la Sicile et la Tunisie qui sont si proches par l&rsquo;histoire et la g\u00e9ographie.<\/strong><\/p>\n\n\n\n<p>Au-del\u00e0 de la production de cette exposition majeure qui a \u00e9galement impliqu\u00e9 plusieurs m\u00e9c\u00e8nes, il importe de relever les nuances de chaque s\u00e9rie de photographies qui se veulent des trames narratives, de v\u00e9ritables r\u00e9cits qui racontent la fluidit\u00e9 de la mer et aussi les reflets des deux rives.<\/p>\n\n\n\n<h2 class=\"wp-block-heading\" id=\"h-sept-photographes-italiens-entre-deux-rives-et-l-eternite\">Sept photographes italiens entre deux rives et l&rsquo;\u00e9ternit\u00e9<\/h2>\n\n\n\n<p>Arturo Safina parvient en six clich\u00e9s en noir et blanc, \u00e0 saisir les travaux et les jours de p\u00eacheurs qui \u00e0 Trapani reviennent au port avec leurs prises et chaque jour reproduisent des gestes imm\u00e9moriaux. Entre tendresse du regard et pr\u00e9cision des cadrages, Safina restitue la v\u00e9rit\u00e9 profonde d&rsquo;instants o\u00f9 la fatigue le dispute \u00e0 la joie, sur le fond immuable du port.<\/p>\n\n\n\n<p>Maria Luisa Faraci prom\u00e8ne pour sa part son objectif sur les rivages de Trapani et ses alentours. Entre p\u00e9nombre et plein soleil, elle capture le grain ocre des forteresses et des phares et sait s&rsquo;attarder sur les chapelets de barques amarr\u00e9es au port et les lumi\u00e8res de la ville qui scintillent au loin.<\/p>\n\n\n\n<p>Paolo Rizzo avoue un lien ancestral avec la Tunisie dont il longe les c\u00f4tes et observe attentivement plages et rochers. Ses r\u00e9cits photographiques sont aussi suggestifs qu&rsquo;une nouvelle ou un po\u00e8me et laissent la voie ouverte \u00e0 des lectures ouvertes. L&rsquo;une des images les plus iconiques de cette exposition repr\u00e9sente des barques en papier voguant sur les rainures d&rsquo;un rocher, entre les replis de la pierre qui deviennent des vagues. En couleurs et toutes en contrastes entre le bleu, le sable et le couchant, les photos de Rizzo rec\u00e8lent un peu de l&rsquo;\u00e2me du paysage et aussi la m\u00e9moire d&rsquo;un enfant qui a choisi depuis dix ans le retour en Tunisie.<\/p>\n\n\n\n<p>Franco Scalia propose quant \u00e0 lui une s\u00e9rie de phares parsem\u00e9s sur la c\u00f4te de Trapani. Certes, il s&rsquo;agit de photos d&rsquo;architecture mais elles rendent \u00e0 merveille les impressions de hauteur, de solitude et de permanence dans le paysage. Profil \u00e9lanc\u00e9 des phares, entour\u00e9s de toutes parts par la mer et dessinant le lointain sont au c\u0153ur de cette s\u00e9rie o\u00f9 le noir et blanc sublime le b\u00e9ton et la pierre.<\/p>\n\n\n\n<p>Pour Simona de Togni, une journ\u00e9e en mer est le pr\u00e9texte id\u00e9al pour instaurer un univers marin o\u00f9 les p\u00eacheurs, leurs mains remontant des filets, leur silhouette se d\u00e9tachant sur le large et leurs visages plong\u00e9s dans le fr\u00e9tillement de l&rsquo;eau vive. Entre Trapani et Favignana, ces photos de p\u00eacheurs sont des hymnes muets et subtils au courage, \u00e0 l&rsquo;effort et \u00e0 la patience l\u00e9gendaire des hommes qui se vouent \u00e0 la mer.<\/p>\n\n\n\n<p>Tonino Corso est \u00e0 la recherche de l&rsquo;h\u00e9ritage du photographe Luigi Ghirri. Il en abstrait des sc\u00e8nes \u00e0 premi\u00e8re vue banales, on ne peut plus ordinaires. Toutefois, chaque photo porte un r\u00e9cit, chaque reflet de lumi\u00e8re transcende un d\u00e9tail et repr\u00e9sente la mer dans son immensit\u00e9 fluide ou peupl\u00e9e de personnages assis qui scrutent le lointain ou avancent prudemment entre les rochers. Ce sont des noces lumineuses avec la mer, en contrepoint d&rsquo;une mouette rieuse, qui instaurent \u00e0 la perfection ce monde de Ghirri relu par Corso.<\/p>\n\n\n\n<p>Matteo Garone raconte enfin en six photos sa rencontre avec Beji, un Robinson des plages qui d\u00e8s son plus jeune \u00e2ge, construit des barrages contre l&rsquo;\u00e9rosion. Ce jeune homme face au littoral, construisant des murs de pierres s\u00e8ches, r\u00e9cup\u00e9rant les rejets de la mar\u00e9e, respectueux de l&rsquo;environnement, suscite l&rsquo;admiration et exprime notre devoir collectif.<\/p>\n\n\n\n<p>Exemplaire, Beji n&rsquo;est physiquement pr\u00e9sent que sur deux photos. Garone observe dans les autres clich\u00e9s la bicoque o\u00f9 vit cet \u00e9cologiste face \u00e0 l&rsquo;\u00eele Pilau et la mar\u00e9e plastique assassine qu&rsquo;il jugule de ses mains.<\/p>\n\n\n\n<h2 class=\"wp-block-heading\" id=\"h-trois-photographes-tunisiens-face-a-la-mer-et-ses-symboles\">Trois photographes tunisiens face \u00e0 la mer et ses symboles<\/h2>\n\n\n\n<p>Mona Fkih Khouaja participe \u00e0 l&rsquo;exposition collective avec deux s\u00e9ries de photos. La premi\u00e8re destin\u00e9e \u00e0 la technique ancestrale de la p\u00eache du mulet sauteur et la deuxi\u00e8me \u00e0 la charfia des p\u00eacheurs de Kerkennah. Ces deux s\u00e9ries en noir et blanc documentent et esth\u00e9tisent \u00e0 la fois. C&rsquo;est l\u00e0 le tour de force de Mona Fkih Khouaja qui donne \u00e0 voir la beaut\u00e9 et la v\u00e9rit\u00e9, la mer souveraine et ses laboureurs. Dans la premi\u00e8re s\u00e9rie, portant blouses et chapeaux, seuls ou en groupe, sans visage et parfois comme une ombre, les p\u00eacheurs sont aux prises avec la mer et leurs filets. <\/p>\n\n\n\n<p>Dans la deuxi\u00e8me s\u00e9rie, les claies de palmes semblent surgies du clair-obscur de l&rsquo;aurore, comme baignant dans une mer de lait que traverse une barque solitaire. Entre plans larges et contre-plong\u00e9e, la photographe r\u00e9cite une partition de lumi\u00e8re et sait isoler chaque syllabe volontairement flout\u00e9e ou absolument pr\u00e9cise.<\/p>\n\n\n\n<p>Skander Zarrad instaure un dialogue symbolique admirablement illustr\u00e9 par une photo a\u00e9rienne de Mahdia et du mythique Cap Africa. Ce dialogue entre Sicile et Tunisie est amplifi\u00e9 par la puissance des paysages saisis par le photographe et aussi gr\u00e2ce \u00e0 des sc\u00e8nes intemporelles. L&rsquo;envol d&rsquo;une nu\u00e9e de flamants au-dessus de la mer ou encore un p\u00eacheur entour\u00e9 de barques, assis devant des filets \u00e0 d\u00e9m\u00ealer alors que l&rsquo;enchev\u00eatrement des m\u00e2ts et des coques semble r\u00e9pondre \u00e0 la complexit\u00e9 de la t\u00e2che du p\u00eacheur : ce sont ces sc\u00e8nes complexes que Zarrad restitue dans de surprenants \u00e9quilibres.<\/p>\n\n\n\n<p>Enfin, Kaouther Khedija Khouini propose deux s\u00e9ries en couleurs et surtout en noir et blanc, \u00e0 hauteur d&rsquo;\u00e9cume, entre m\u00e9moire sal\u00e9e et quotidien de Ghar El Melh et de Djerba. V\u00e9ritable inventaire de l&#8217;embrassement du r\u00e9el, la s\u00e9rie conjugue le visage \u00e9mouvant d&rsquo;un p\u00eacheur, une barque portant un pr\u00e9nom f\u00e9minin, deux poissons et un couffin, une \u00e9pave oubli\u00e9e, des mains qui s&rsquo;activent sur un \u00e9tabli improvis\u00e9 ou encore une motocyclette devant un mur qu&rsquo;on dirait corrod\u00e9 par les embruns. Autant d&rsquo;instants qui par le r\u00e9cit de la photographe deviennent des bribes d&rsquo;\u00e9ternit\u00e9.<\/p>\n","protected":false},"excerpt":{"rendered":"<p>Le rideau tombe aujourd&rsquo;hui sur l&rsquo;exposition \u00ab\u00a0Mer de Sicile et Tunisie d&rsquo;une c\u00f4te \u00e0 l&rsquo;autre\u00a0\u00bb. Organis\u00e9e par les associations Didon &amp; \u00c9n\u00e9e et I Colori della Vita, cette exposition vit son dernier jour au Centre culturel Sainte-Croix et mettra prochainement le cap sur d&rsquo;autres destinations en Tunisie et en Sicile. Soutenue par l&rsquo;Institut culturel italien [&hellip;]<\/p>\n","protected":false},"author":3229,"featured_media":383937,"comment_status":"closed","ping_status":"closed","sticky":false,"template":"","format":"standard","meta":{"footnotes":""},"categories":[2594],"tags":[2641,12925,2608],"class_list":["post-383936","post","type-post","status-publish","format-standard","has-post-thumbnail","hentry","category-culture","tag-exposition","tag-mer-de-sicile-et-tunisie","tag-tunisie"],"yoast_head":"<!-- This site is optimized with the Yoast SEO Premium plugin v27.4 (Yoast SEO v27.4) - https:\/\/yoast.com\/product\/yoast-seo-premium-wordpress\/ -->\n<title>Exposition &quot;Mer de Sicile et Tunisie&quot; : P\u00eacheurs de Trapani et lumi\u00e8res de Mahdia - webdo<\/title>\n<meta name=\"description\" content=\"D\u00e9couvrez l&#039;exposition &#039;Mer de Sicile et Tunisie&#039; : P\u00eacheurs de Trapani et lumi\u00e8res de Mahdia avant sa fin au Centre culturel Sainte-Croix.\" \/>\n<link rel=\"canonical\" href=\"https:\/\/www.webdo.tn\/fr\/actualite\/culture\/exposition-mer-de-sicile-et-tunisie-pecheurs-de-trapani-et-lumieres-de-mahdia\/383936\/\" \/>\n<meta property=\"og:locale\" content=\"fr_FR\" \/>\n<meta property=\"og:type\" content=\"article\" \/>\n<meta property=\"og:title\" content=\"Exposition &quot;Mer de Sicile et Tunisie&quot; : P\u00eacheurs de Trapani et lumi\u00e8res de Mahdia\" \/>\n<meta property=\"og:description\" content=\"D\u00e9couvrez l&#039;exposition &#039;Mer de Sicile et Tunisie&#039; : P\u00eacheurs de Trapani et lumi\u00e8res de Mahdia avant sa fin au Centre culturel Sainte-Croix.\" \/>\n<meta property=\"og:url\" content=\"https:\/\/www.webdo.tn\/fr\/actualite\/culture\/exposition-mer-de-sicile-et-tunisie-pecheurs-de-trapani-et-lumieres-de-mahdia\/383936\/\" \/>\n<meta property=\"og:site_name\" content=\"webdo\" \/>\n<meta property=\"article:publisher\" content=\"https:\/\/www.facebook.com\/webdotn\" \/>\n<meta property=\"article:author\" content=\"https:\/\/www.facebook.com\/hatem.bourial.2025\" \/>\n<meta property=\"article:published_time\" content=\"2025-09-20T11:44:08+00:00\" \/>\n<meta property=\"article:modified_time\" content=\"2025-09-20T11:44:09+00:00\" \/>\n<meta property=\"og:image\" content=\"https:\/\/www.webdo.tn\/fr\/wp-content\/uploads\/2025\/09\/Photo-Simona-de-Togni.jpeg\" \/>\n\t<meta property=\"og:image:width\" content=\"1200\" \/>\n\t<meta property=\"og:image:height\" content=\"603\" \/>\n\t<meta property=\"og:image:type\" content=\"image\/jpeg\" \/>\n<meta name=\"author\" content=\"Hatem Bourial\" \/>\n<meta name=\"twitter:card\" content=\"summary_large_image\" \/>\n<meta name=\"twitter:creator\" content=\"@webdo_tn\" \/>\n<meta name=\"twitter:site\" content=\"@webdo_tn\" \/>\n<meta name=\"twitter:label1\" content=\"\u00c9crit par\" \/>\n\t<meta name=\"twitter:data1\" content=\"Hatem Bourial\" \/>\n\t<meta name=\"twitter:label2\" content=\"Dur\u00e9e de lecture estim\u00e9e\" \/>\n\t<meta name=\"twitter:data2\" content=\"6 minutes\" \/>\n<script type=\"application\/ld+json\" class=\"yoast-schema-graph\">{\"@context\":\"https:\\\/\\\/schema.org\",\"@graph\":[{\"@type\":\"NewsArticle\",\"@id\":\"https:\\\/\\\/www.webdo.tn\\\/fr\\\/actualite\\\/culture\\\/exposition-mer-de-sicile-et-tunisie-pecheurs-de-trapani-et-lumieres-de-mahdia\\\/383936\\\/#article\",\"isPartOf\":{\"@id\":\"https:\\\/\\\/www.webdo.tn\\\/fr\\\/actualite\\\/culture\\\/exposition-mer-de-sicile-et-tunisie-pecheurs-de-trapani-et-lumieres-de-mahdia\\\/383936\\\/\"},\"author\":{\"name\":\"Hatem Bourial\",\"@id\":\"https:\\\/\\\/www.webdo.tn\\\/fr\\\/#\\\/schema\\\/person\\\/6bc0beba2cd23aec27cb5df85ca2554f\"},\"headline\":\"Exposition \u00ab\u00a0Mer de Sicile et Tunisie\u00a0\u00bb : P\u00eacheurs de Trapani et lumi\u00e8res de Mahdia\",\"datePublished\":\"2025-09-20T11:44:08+00:00\",\"dateModified\":\"2025-09-20T11:44:09+00:00\",\"mainEntityOfPage\":{\"@id\":\"https:\\\/\\\/www.webdo.tn\\\/fr\\\/actualite\\\/culture\\\/exposition-mer-de-sicile-et-tunisie-pecheurs-de-trapani-et-lumieres-de-mahdia\\\/383936\\\/\"},\"wordCount\":1186,\"publisher\":{\"@id\":\"https:\\\/\\\/www.webdo.tn\\\/fr\\\/#organization\"},\"image\":{\"@id\":\"https:\\\/\\\/www.webdo.tn\\\/fr\\\/actualite\\\/culture\\\/exposition-mer-de-sicile-et-tunisie-pecheurs-de-trapani-et-lumieres-de-mahdia\\\/383936\\\/#primaryimage\"},\"thumbnailUrl\":\"https:\\\/\\\/www.webdo.tn\\\/fr\\\/wp-content\\\/uploads\\\/2025\\\/09\\\/Photo-Simona-de-Togni.jpeg\",\"keywords\":[\"exposition\",\"Mer de Sicile et Tunisie\",\"Tunisie\"],\"articleSection\":[\"Culture\"],\"inLanguage\":\"fr-FR\"},{\"@type\":\"WebPage\",\"@id\":\"https:\\\/\\\/www.webdo.tn\\\/fr\\\/actualite\\\/culture\\\/exposition-mer-de-sicile-et-tunisie-pecheurs-de-trapani-et-lumieres-de-mahdia\\\/383936\\\/\",\"url\":\"https:\\\/\\\/www.webdo.tn\\\/fr\\\/actualite\\\/culture\\\/exposition-mer-de-sicile-et-tunisie-pecheurs-de-trapani-et-lumieres-de-mahdia\\\/383936\\\/\",\"name\":\"Exposition \\\"Mer de Sicile et Tunisie\\\" : P\u00eacheurs de Trapani et lumi\u00e8res de Mahdia - webdo\",\"isPartOf\":{\"@id\":\"https:\\\/\\\/www.webdo.tn\\\/fr\\\/#website\"},\"primaryImageOfPage\":{\"@id\":\"https:\\\/\\\/www.webdo.tn\\\/fr\\\/actualite\\\/culture\\\/exposition-mer-de-sicile-et-tunisie-pecheurs-de-trapani-et-lumieres-de-mahdia\\\/383936\\\/#primaryimage\"},\"image\":{\"@id\":\"https:\\\/\\\/www.webdo.tn\\\/fr\\\/actualite\\\/culture\\\/exposition-mer-de-sicile-et-tunisie-pecheurs-de-trapani-et-lumieres-de-mahdia\\\/383936\\\/#primaryimage\"},\"thumbnailUrl\":\"https:\\\/\\\/www.webdo.tn\\\/fr\\\/wp-content\\\/uploads\\\/2025\\\/09\\\/Photo-Simona-de-Togni.jpeg\",\"datePublished\":\"2025-09-20T11:44:08+00:00\",\"dateModified\":\"2025-09-20T11:44:09+00:00\",\"description\":\"D\u00e9couvrez l'exposition 'Mer de Sicile et Tunisie' : P\u00eacheurs de Trapani et lumi\u00e8res de Mahdia avant sa fin au Centre culturel Sainte-Croix.\",\"breadcrumb\":{\"@id\":\"https:\\\/\\\/www.webdo.tn\\\/fr\\\/actualite\\\/culture\\\/exposition-mer-de-sicile-et-tunisie-pecheurs-de-trapani-et-lumieres-de-mahdia\\\/383936\\\/#breadcrumb\"},\"inLanguage\":\"fr-FR\",\"potentialAction\":[{\"@type\":\"ReadAction\",\"target\":[\"https:\\\/\\\/www.webdo.tn\\\/fr\\\/actualite\\\/culture\\\/exposition-mer-de-sicile-et-tunisie-pecheurs-de-trapani-et-lumieres-de-mahdia\\\/383936\\\/\"]}]},{\"@type\":\"ImageObject\",\"inLanguage\":\"fr-FR\",\"@id\":\"https:\\\/\\\/www.webdo.tn\\\/fr\\\/actualite\\\/culture\\\/exposition-mer-de-sicile-et-tunisie-pecheurs-de-trapani-et-lumieres-de-mahdia\\\/383936\\\/#primaryimage\",\"url\":\"https:\\\/\\\/www.webdo.tn\\\/fr\\\/wp-content\\\/uploads\\\/2025\\\/09\\\/Photo-Simona-de-Togni.jpeg\",\"contentUrl\":\"https:\\\/\\\/www.webdo.tn\\\/fr\\\/wp-content\\\/uploads\\\/2025\\\/09\\\/Photo-Simona-de-Togni.jpeg\",\"width\":1200,\"height\":603,\"caption\":\"Photo : Simona de Togni\"},{\"@type\":\"BreadcrumbList\",\"@id\":\"https:\\\/\\\/www.webdo.tn\\\/fr\\\/actualite\\\/culture\\\/exposition-mer-de-sicile-et-tunisie-pecheurs-de-trapani-et-lumieres-de-mahdia\\\/383936\\\/#breadcrumb\",\"itemListElement\":[{\"@type\":\"ListItem\",\"position\":1,\"name\":\"Accueil\",\"item\":\"https:\\\/\\\/www.webdo.tn\\\/fr\\\/\"},{\"@type\":\"ListItem\",\"position\":2,\"name\":\"Exposition \u00ab\u00a0Mer de Sicile et Tunisie\u00a0\u00bb : P\u00eacheurs de Trapani et lumi\u00e8res de Mahdia\"}]},{\"@type\":\"WebSite\",\"@id\":\"https:\\\/\\\/www.webdo.tn\\\/fr\\\/#website\",\"url\":\"https:\\\/\\\/www.webdo.tn\\\/fr\\\/\",\"name\":\"webdo\",\"description\":\"Tunisie - News en Tunisie et \u00e0 l&#039;international sur Webdo.tn\",\"publisher\":{\"@id\":\"https:\\\/\\\/www.webdo.tn\\\/fr\\\/#organization\"},\"potentialAction\":[{\"@type\":\"SearchAction\",\"target\":{\"@type\":\"EntryPoint\",\"urlTemplate\":\"https:\\\/\\\/www.webdo.tn\\\/fr\\\/?s={search_term_string}\"},\"query-input\":{\"@type\":\"PropertyValueSpecification\",\"valueRequired\":true,\"valueName\":\"search_term_string\"}}],\"inLanguage\":\"fr-FR\"},{\"@type\":\"Organization\",\"@id\":\"https:\\\/\\\/www.webdo.tn\\\/fr\\\/#organization\",\"name\":\"Webdo\",\"alternateName\":\"Webdo.tn\",\"url\":\"https:\\\/\\\/www.webdo.tn\\\/fr\\\/\",\"logo\":{\"@type\":\"ImageObject\",\"inLanguage\":\"fr-FR\",\"@id\":\"https:\\\/\\\/www.webdo.tn\\\/fr\\\/#\\\/schema\\\/logo\\\/image\\\/\",\"url\":\"https:\\\/\\\/www.webdo.tn\\\/fr\\\/wp-content\\\/uploads\\\/2025\\\/06\\\/Webdo-Tunisie_168377.jpg\",\"contentUrl\":\"https:\\\/\\\/www.webdo.tn\\\/fr\\\/wp-content\\\/uploads\\\/2025\\\/06\\\/Webdo-Tunisie_168377.jpg\",\"width\":301,\"height\":301,\"caption\":\"Webdo\"},\"image\":{\"@id\":\"https:\\\/\\\/www.webdo.tn\\\/fr\\\/#\\\/schema\\\/logo\\\/image\\\/\"},\"sameAs\":[\"https:\\\/\\\/www.facebook.com\\\/webdotn\",\"https:\\\/\\\/x.com\\\/webdo_tn\"],\"description\":\"Webdo est un m\u00e9dia num\u00e9rique tunisien fond\u00e9 en 2010, sp\u00e9cialis\u00e9 dans l\u2019actualit\u00e9 nationale et internationale, l\u2019\u00e9conomie, la soci\u00e9t\u00e9 et les analyses politiques. Le site s\u2019adresse \u00e0 un large public francophone et couvre l\u2019information tunisienne en temps r\u00e9el.\",\"email\":\"redac@webdo.tn\",\"legalName\":\"YNJ SARL\",\"foundingDate\":\"2010-09-06\",\"numberOfEmployees\":{\"@type\":\"QuantitativeValue\",\"minValue\":\"11\",\"maxValue\":\"50\"}},{\"@type\":\"Person\",\"@id\":\"https:\\\/\\\/www.webdo.tn\\\/fr\\\/#\\\/schema\\\/person\\\/6bc0beba2cd23aec27cb5df85ca2554f\",\"name\":\"Hatem Bourial\",\"image\":{\"@type\":\"ImageObject\",\"inLanguage\":\"fr-FR\",\"@id\":\"https:\\\/\\\/www.webdo.tn\\\/fr\\\/wp-content\\\/uploads\\\/2026\\\/04\\\/hatem-bourial_avatar-96x96.jpg\",\"url\":\"https:\\\/\\\/www.webdo.tn\\\/fr\\\/wp-content\\\/uploads\\\/2026\\\/04\\\/hatem-bourial_avatar-96x96.jpg\",\"contentUrl\":\"https:\\\/\\\/www.webdo.tn\\\/fr\\\/wp-content\\\/uploads\\\/2026\\\/04\\\/hatem-bourial_avatar-96x96.jpg\",\"caption\":\"Hatem Bourial\"},\"description\":\"Hatem Bourial est journaliste, \u00e9crivain et chroniqueur tunisien. Actif depuis plusieurs d\u00e9cennies, il s\u2019est impos\u00e9 comme un observateur attentif de la soci\u00e9t\u00e9 tunisienne, m\u00ealant dans ses \u00e9crits m\u00e9moire, culture et analyse du quotidien. Auteur de nombreux ouvrages, il d\u00e9veloppe une \u0153uvre \u00e0 la crois\u00e9e du r\u00e9cit, de la po\u00e9sie et de l\u2019observation sociologique. Parall\u00e8lement \u00e0 ses contributions dans la presse, il intervient r\u00e9guli\u00e8rement \u00e0 la radio et dans des espaces culturels, o\u00f9 il explore les enjeux li\u00e9s au patrimoine, \u00e0 l\u2019identit\u00e9 et aux transformations du monde contemporain. \u00c0 travers ses chroniques, Hatem Bourial propose une lecture sensible et approfondie de l\u2019actualit\u00e9, nourrie par une exp\u00e9rience journalistique et litt\u00e9raire reconnue. \ud83d\udd17 Facebook : https:\\\/\\\/www.facebook.com\\\/hatem.bourial.2025\",\"sameAs\":[\"https:\\\/\\\/www.facebook.com\\\/hatem.bourial.2025\",\"https:\\\/\\\/fr.wikipedia.org\\\/wiki\\\/Fichier:Hatem_Bourial.jpg\"],\"knowsAbout\":[\"Culture & patrimoine tunisien\",\"Chronique soci\u00e9tale\",\"Litt\u00e9rature & m\u00e9moire\",\"Cin\u00e9ma & critique culturelle\",\"Identit\u00e9 & mutations sociales\"],\"knowsLanguage\":[\"Arabe\",\"Fran\u00e7ais\",\"Anglais\",\"Italien\",\"Polonais\"],\"jobTitle\":\"Journaliste, \u00e9crivain et chroniqueur culturel\",\"worksFor\":\"Webdo\",\"url\":\"https:\\\/\\\/www.webdo.tn\\\/fr\\\/actualite\\\/author\\\/hatem-bourial-2\\\/\"}]}<\/script>\n<!-- \/ Yoast SEO Premium plugin. -->","yoast_head_json":{"title":"Exposition \"Mer de Sicile et Tunisie\" : P\u00eacheurs de Trapani et lumi\u00e8res de Mahdia - webdo","description":"D\u00e9couvrez l'exposition 'Mer de Sicile et Tunisie' : P\u00eacheurs de Trapani et lumi\u00e8res de Mahdia avant sa fin au Centre culturel Sainte-Croix.","canonical":"https:\/\/www.webdo.tn\/fr\/actualite\/culture\/exposition-mer-de-sicile-et-tunisie-pecheurs-de-trapani-et-lumieres-de-mahdia\/383936\/","og_locale":"fr_FR","og_type":"article","og_title":"Exposition \"Mer de Sicile et Tunisie\" : P\u00eacheurs de Trapani et lumi\u00e8res de Mahdia","og_description":"D\u00e9couvrez l'exposition 'Mer de Sicile et Tunisie' : P\u00eacheurs de Trapani et lumi\u00e8res de Mahdia avant sa fin au Centre culturel Sainte-Croix.","og_url":"https:\/\/www.webdo.tn\/fr\/actualite\/culture\/exposition-mer-de-sicile-et-tunisie-pecheurs-de-trapani-et-lumieres-de-mahdia\/383936\/","og_site_name":"webdo","article_publisher":"https:\/\/www.facebook.com\/webdotn","article_author":"https:\/\/www.facebook.com\/hatem.bourial.2025","article_published_time":"2025-09-20T11:44:08+00:00","article_modified_time":"2025-09-20T11:44:09+00:00","og_image":[{"width":1200,"height":603,"url":"https:\/\/www.webdo.tn\/fr\/wp-content\/uploads\/2025\/09\/Photo-Simona-de-Togni.jpeg","type":"image\/jpeg"}],"author":"Hatem Bourial","twitter_card":"summary_large_image","twitter_creator":"@webdo_tn","twitter_site":"@webdo_tn","twitter_misc":{"\u00c9crit par":"Hatem Bourial","Dur\u00e9e de lecture estim\u00e9e":"6 minutes"},"schema":{"@context":"https:\/\/schema.org","@graph":[{"@type":"NewsArticle","@id":"https:\/\/www.webdo.tn\/fr\/actualite\/culture\/exposition-mer-de-sicile-et-tunisie-pecheurs-de-trapani-et-lumieres-de-mahdia\/383936\/#article","isPartOf":{"@id":"https:\/\/www.webdo.tn\/fr\/actualite\/culture\/exposition-mer-de-sicile-et-tunisie-pecheurs-de-trapani-et-lumieres-de-mahdia\/383936\/"},"author":{"name":"Hatem Bourial","@id":"https:\/\/www.webdo.tn\/fr\/#\/schema\/person\/6bc0beba2cd23aec27cb5df85ca2554f"},"headline":"Exposition \u00ab\u00a0Mer de Sicile et Tunisie\u00a0\u00bb : P\u00eacheurs de Trapani et lumi\u00e8res de Mahdia","datePublished":"2025-09-20T11:44:08+00:00","dateModified":"2025-09-20T11:44:09+00:00","mainEntityOfPage":{"@id":"https:\/\/www.webdo.tn\/fr\/actualite\/culture\/exposition-mer-de-sicile-et-tunisie-pecheurs-de-trapani-et-lumieres-de-mahdia\/383936\/"},"wordCount":1186,"publisher":{"@id":"https:\/\/www.webdo.tn\/fr\/#organization"},"image":{"@id":"https:\/\/www.webdo.tn\/fr\/actualite\/culture\/exposition-mer-de-sicile-et-tunisie-pecheurs-de-trapani-et-lumieres-de-mahdia\/383936\/#primaryimage"},"thumbnailUrl":"https:\/\/www.webdo.tn\/fr\/wp-content\/uploads\/2025\/09\/Photo-Simona-de-Togni.jpeg","keywords":["exposition","Mer de Sicile et Tunisie","Tunisie"],"articleSection":["Culture"],"inLanguage":"fr-FR"},{"@type":"WebPage","@id":"https:\/\/www.webdo.tn\/fr\/actualite\/culture\/exposition-mer-de-sicile-et-tunisie-pecheurs-de-trapani-et-lumieres-de-mahdia\/383936\/","url":"https:\/\/www.webdo.tn\/fr\/actualite\/culture\/exposition-mer-de-sicile-et-tunisie-pecheurs-de-trapani-et-lumieres-de-mahdia\/383936\/","name":"Exposition \"Mer de Sicile et Tunisie\" : P\u00eacheurs de Trapani et lumi\u00e8res de Mahdia - webdo","isPartOf":{"@id":"https:\/\/www.webdo.tn\/fr\/#website"},"primaryImageOfPage":{"@id":"https:\/\/www.webdo.tn\/fr\/actualite\/culture\/exposition-mer-de-sicile-et-tunisie-pecheurs-de-trapani-et-lumieres-de-mahdia\/383936\/#primaryimage"},"image":{"@id":"https:\/\/www.webdo.tn\/fr\/actualite\/culture\/exposition-mer-de-sicile-et-tunisie-pecheurs-de-trapani-et-lumieres-de-mahdia\/383936\/#primaryimage"},"thumbnailUrl":"https:\/\/www.webdo.tn\/fr\/wp-content\/uploads\/2025\/09\/Photo-Simona-de-Togni.jpeg","datePublished":"2025-09-20T11:44:08+00:00","dateModified":"2025-09-20T11:44:09+00:00","description":"D\u00e9couvrez l'exposition 'Mer de Sicile et Tunisie' : P\u00eacheurs de Trapani et lumi\u00e8res de Mahdia avant sa fin au Centre culturel Sainte-Croix.","breadcrumb":{"@id":"https:\/\/www.webdo.tn\/fr\/actualite\/culture\/exposition-mer-de-sicile-et-tunisie-pecheurs-de-trapani-et-lumieres-de-mahdia\/383936\/#breadcrumb"},"inLanguage":"fr-FR","potentialAction":[{"@type":"ReadAction","target":["https:\/\/www.webdo.tn\/fr\/actualite\/culture\/exposition-mer-de-sicile-et-tunisie-pecheurs-de-trapani-et-lumieres-de-mahdia\/383936\/"]}]},{"@type":"ImageObject","inLanguage":"fr-FR","@id":"https:\/\/www.webdo.tn\/fr\/actualite\/culture\/exposition-mer-de-sicile-et-tunisie-pecheurs-de-trapani-et-lumieres-de-mahdia\/383936\/#primaryimage","url":"https:\/\/www.webdo.tn\/fr\/wp-content\/uploads\/2025\/09\/Photo-Simona-de-Togni.jpeg","contentUrl":"https:\/\/www.webdo.tn\/fr\/wp-content\/uploads\/2025\/09\/Photo-Simona-de-Togni.jpeg","width":1200,"height":603,"caption":"Photo : Simona de Togni"},{"@type":"BreadcrumbList","@id":"https:\/\/www.webdo.tn\/fr\/actualite\/culture\/exposition-mer-de-sicile-et-tunisie-pecheurs-de-trapani-et-lumieres-de-mahdia\/383936\/#breadcrumb","itemListElement":[{"@type":"ListItem","position":1,"name":"Accueil","item":"https:\/\/www.webdo.tn\/fr\/"},{"@type":"ListItem","position":2,"name":"Exposition \u00ab\u00a0Mer de Sicile et Tunisie\u00a0\u00bb : P\u00eacheurs de Trapani et lumi\u00e8res de Mahdia"}]},{"@type":"WebSite","@id":"https:\/\/www.webdo.tn\/fr\/#website","url":"https:\/\/www.webdo.tn\/fr\/","name":"webdo","description":"Tunisie - News en Tunisie et \u00e0 l&#039;international sur Webdo.tn","publisher":{"@id":"https:\/\/www.webdo.tn\/fr\/#organization"},"potentialAction":[{"@type":"SearchAction","target":{"@type":"EntryPoint","urlTemplate":"https:\/\/www.webdo.tn\/fr\/?s={search_term_string}"},"query-input":{"@type":"PropertyValueSpecification","valueRequired":true,"valueName":"search_term_string"}}],"inLanguage":"fr-FR"},{"@type":"Organization","@id":"https:\/\/www.webdo.tn\/fr\/#organization","name":"Webdo","alternateName":"Webdo.tn","url":"https:\/\/www.webdo.tn\/fr\/","logo":{"@type":"ImageObject","inLanguage":"fr-FR","@id":"https:\/\/www.webdo.tn\/fr\/#\/schema\/logo\/image\/","url":"https:\/\/www.webdo.tn\/fr\/wp-content\/uploads\/2025\/06\/Webdo-Tunisie_168377.jpg","contentUrl":"https:\/\/www.webdo.tn\/fr\/wp-content\/uploads\/2025\/06\/Webdo-Tunisie_168377.jpg","width":301,"height":301,"caption":"Webdo"},"image":{"@id":"https:\/\/www.webdo.tn\/fr\/#\/schema\/logo\/image\/"},"sameAs":["https:\/\/www.facebook.com\/webdotn","https:\/\/x.com\/webdo_tn"],"description":"Webdo est un m\u00e9dia num\u00e9rique tunisien fond\u00e9 en 2010, sp\u00e9cialis\u00e9 dans l\u2019actualit\u00e9 nationale et internationale, l\u2019\u00e9conomie, la soci\u00e9t\u00e9 et les analyses politiques. Le site s\u2019adresse \u00e0 un large public francophone et couvre l\u2019information tunisienne en temps r\u00e9el.","email":"redac@webdo.tn","legalName":"YNJ SARL","foundingDate":"2010-09-06","numberOfEmployees":{"@type":"QuantitativeValue","minValue":"11","maxValue":"50"}},{"@type":"Person","@id":"https:\/\/www.webdo.tn\/fr\/#\/schema\/person\/6bc0beba2cd23aec27cb5df85ca2554f","name":"Hatem Bourial","image":{"@type":"ImageObject","inLanguage":"fr-FR","@id":"https:\/\/www.webdo.tn\/fr\/wp-content\/uploads\/2026\/04\/hatem-bourial_avatar-96x96.jpg","url":"https:\/\/www.webdo.tn\/fr\/wp-content\/uploads\/2026\/04\/hatem-bourial_avatar-96x96.jpg","contentUrl":"https:\/\/www.webdo.tn\/fr\/wp-content\/uploads\/2026\/04\/hatem-bourial_avatar-96x96.jpg","caption":"Hatem Bourial"},"description":"Hatem Bourial est journaliste, \u00e9crivain et chroniqueur tunisien. Actif depuis plusieurs d\u00e9cennies, il s\u2019est impos\u00e9 comme un observateur attentif de la soci\u00e9t\u00e9 tunisienne, m\u00ealant dans ses \u00e9crits m\u00e9moire, culture et analyse du quotidien. Auteur de nombreux ouvrages, il d\u00e9veloppe une \u0153uvre \u00e0 la crois\u00e9e du r\u00e9cit, de la po\u00e9sie et de l\u2019observation sociologique. Parall\u00e8lement \u00e0 ses contributions dans la presse, il intervient r\u00e9guli\u00e8rement \u00e0 la radio et dans des espaces culturels, o\u00f9 il explore les enjeux li\u00e9s au patrimoine, \u00e0 l\u2019identit\u00e9 et aux transformations du monde contemporain. \u00c0 travers ses chroniques, Hatem Bourial propose une lecture sensible et approfondie de l\u2019actualit\u00e9, nourrie par une exp\u00e9rience journalistique et litt\u00e9raire reconnue. \ud83d\udd17 Facebook : https:\/\/www.facebook.com\/hatem.bourial.2025","sameAs":["https:\/\/www.facebook.com\/hatem.bourial.2025","https:\/\/fr.wikipedia.org\/wiki\/Fichier:Hatem_Bourial.jpg"],"knowsAbout":["Culture & patrimoine tunisien","Chronique soci\u00e9tale","Litt\u00e9rature & m\u00e9moire","Cin\u00e9ma & critique culturelle","Identit\u00e9 & mutations sociales"],"knowsLanguage":["Arabe","Fran\u00e7ais","Anglais","Italien","Polonais"],"jobTitle":"Journaliste, \u00e9crivain et chroniqueur culturel","worksFor":"Webdo","url":"https:\/\/www.webdo.tn\/fr\/actualite\/author\/hatem-bourial-2\/"}]}},"_links":{"self":[{"href":"https:\/\/www.webdo.tn\/fr\/wp-json\/wp\/v2\/posts\/383936","targetHints":{"allow":["GET"]}}],"collection":[{"href":"https:\/\/www.webdo.tn\/fr\/wp-json\/wp\/v2\/posts"}],"about":[{"href":"https:\/\/www.webdo.tn\/fr\/wp-json\/wp\/v2\/types\/post"}],"author":[{"embeddable":true,"href":"https:\/\/www.webdo.tn\/fr\/wp-json\/wp\/v2\/users\/3229"}],"replies":[{"embeddable":true,"href":"https:\/\/www.webdo.tn\/fr\/wp-json\/wp\/v2\/comments?post=383936"}],"version-history":[{"count":0,"href":"https:\/\/www.webdo.tn\/fr\/wp-json\/wp\/v2\/posts\/383936\/revisions"}],"wp:featuredmedia":[{"embeddable":true,"href":"https:\/\/www.webdo.tn\/fr\/wp-json\/wp\/v2\/media\/383937"}],"wp:attachment":[{"href":"https:\/\/www.webdo.tn\/fr\/wp-json\/wp\/v2\/media?parent=383936"}],"wp:term":[{"taxonomy":"category","embeddable":true,"href":"https:\/\/www.webdo.tn\/fr\/wp-json\/wp\/v2\/categories?post=383936"},{"taxonomy":"post_tag","embeddable":true,"href":"https:\/\/www.webdo.tn\/fr\/wp-json\/wp\/v2\/tags?post=383936"}],"curies":[{"name":"wp","href":"https:\/\/api.w.org\/{rel}","templated":true}]}}