{"id":383899,"date":"2025-09-19T19:42:12","date_gmt":"2025-09-19T18:42:12","guid":{"rendered":"https:\/\/www.webdo.tn\/fr\/?p=383899"},"modified":"2025-09-20T10:04:28","modified_gmt":"2025-09-20T09:04:28","slug":"blaspheme-en-direct-maher-kanzari-sanctionne-apres-son-derapage-verbal","status":"publish","type":"post","link":"https:\/\/www.webdo.tn\/fr\/actualite\/sport\/blaspheme-en-direct-maher-kanzari-sanctionne-apres-son-derapage-verbal\/383899\/","title":{"rendered":"Blasph\u00e8me en direct\u00a0: Maher Kanzari sanctionn\u00e9 apr\u00e8s son d\u00e9rapage verbal"},"content":{"rendered":"\n<p><strong>L\u2019entra\u00eeneur de l\u2019Esp\u00e9rance sportive de Tunis, Maher Kanzari, a \u00e9cop\u00e9 vendredi 19 septembre 2025 d\u2019une suspension de quatre matches et d\u2019une amende de 7000 dinars. La d\u00e9cision, rendue par la Ligue nationale de football professionnel (LNFP), fait suite \u00e0 un blasph\u00e8me prof\u00e9r\u00e9 en direct par le technicien esp\u00e9rantiste, un incident qui avait d\u00e9clench\u00e9 une vive pol\u00e9mique.<\/strong><\/p>\n\n\n\n<h2 class=\"wp-block-heading\" id=\"h-une-sanction-attendue\">Une sanction attendue<\/h2>\n\n\n\n<p>Selon le communiqu\u00e9 de la LNFP, Kanzari est interdit de banc pour les quatre prochaines rencontres de son \u00e9quipe. Cette sanction survient trois jours apr\u00e8s sa convocation par la Commission de discipline, \u00e0 la suite d\u2019un propos blasph\u00e9matoire capt\u00e9 par les micros et diffus\u00e9 lors de la rencontre comptant pour la 5<sup>e<\/sup> journ\u00e9e de Ligue 1 entre le ST et l\u2019EST (1-0), le 13 septembre dernier.<\/p>\n\n\n\n<p>La s\u00e9quence, massivement relay\u00e9e sur les r\u00e9seaux sociaux, avait soulev\u00e9 l\u2019indignation d\u2019une partie de l\u2019opinion publique, consid\u00e9rant ce d\u00e9rapage comme une atteinte aux valeurs religieuses et morales.<\/p>\n\n\n\n<h2 class=\"wp-block-heading\" id=\"h-une-polemique-aux-repercussions-larges\">Une pol\u00e9mique aux r\u00e9percussions larges<\/h2>\n\n\n\n<p>Ce d\u00e9rapage verbal a raviv\u00e9 le d\u00e9bat sur la violence verbale dans le football tunisien. Au-del\u00e0 des violences physiques r\u00e9guli\u00e8rement m\u00e9diatis\u00e9es, les insultes et invectives des bancs techniques entretiennent un climat d\u00e9l\u00e9t\u00e8re dans les stades.<\/p>\n\n\n\n<p>La sanction de Kanzari appara\u00eet ainsi comme un signal disciplinaire fort, dans un contexte o\u00f9 les instances peinent depuis plusieurs saisons \u00e0 endiguer ce ph\u00e9nom\u00e8ne.<\/p>\n\n\n\n<h2 class=\"wp-block-heading\" id=\"h-autres-sanctions-prononcees\">Autres sanctions prononc\u00e9es<\/h2>\n\n\n\n<p>La m\u00eame s\u00e9ance disciplinaire a frapp\u00e9 Tarek Jarraya, entra\u00eeneur de l\u2019AS Gab\u00e8s, suspendu de banc pour deux matches et condamn\u00e9 \u00e0 une amende de 5000 dinars. Plusieurs clubs de Ligue 1 ont \u00e9galement \u00e9cop\u00e9 d\u2019amendes, dont l\u2019Esp\u00e9rance de Tunis (7500 dinars), le Club Africain, l\u2019US Ben Guerdane, l\u2019Olympique de B\u00e9ja et l\u2019Esp\u00e9rance de Zarzis (5000 dinars chacun). Le Club Sportif Sfaxien (3000 dinars), le Stade Tunisien et l\u2019\u00c9toile du Sahel (2500 dinars), ainsi que l\u2019US Monastir (1500 dinars) sont \u00e9galement concern\u00e9s.<\/p>\n\n\n\n<p>Ce nouvel \u00e9pisode confirme la difficult\u00e9 persistante des instances sportives \u00e0 imposer le respect de l\u2019\u00e9thique et de la discipline dans les comp\u00e9titions nationales. Entre d\u00e9bordements verbaux, tensions dans les tribunes et violences physiques, le football tunisien continue de lutter contre des travers r\u00e9currents.<\/p>\n\n\n\n<p><\/p>\n\n\n\n<ul class=\"wp-block-list\">\n<li>Lire aussi : <a href=\"https:\/\/www.webdo.tn\/fr\/actualite\/sport\/football-maher-kanzari-dans-la-tourmente-apres-un-blaspheme-en-direct\/383590\/\">Football : Maher Kanzari dans la tourmente apr\u00e8s un blasph\u00e8me en direct<\/a><\/li>\n<\/ul>\n","protected":false},"excerpt":{"rendered":"<p>L\u2019entra\u00eeneur de l\u2019Esp\u00e9rance sportive de Tunis, Maher Kanzari, a \u00e9cop\u00e9 vendredi 19 septembre 2025 d\u2019une suspension de quatre matches et d\u2019une amende de 7000 dinars. La d\u00e9cision, rendue par la Ligue nationale de football professionnel (LNFP), fait suite \u00e0 un blasph\u00e8me prof\u00e9r\u00e9 en direct par le technicien esp\u00e9rantiste, un incident qui avait d\u00e9clench\u00e9 une vive [&hellip;]<\/p>\n","protected":false},"author":3191,"featured_media":383900,"comment_status":"closed","ping_status":"closed","sticky":false,"template":"","format":"standard","meta":{"footnotes":""},"categories":[2593],"tags":[12919,3738,2777,12864,2608],"class_list":["post-383899","post","type-post","status-publish","format-standard","has-post-thumbnail","hentry","category-sport","tag-blaspheme","tag-championnat-de-tunisie","tag-ligue-1","tag-maher-kanzari","tag-tunisie"],"yoast_head":"<!-- This site is optimized with the Yoast SEO Premium plugin v27.4 (Yoast SEO v27.5) - https:\/\/yoast.com\/product\/yoast-seo-premium-wordpress\/ -->\n<title>Blasph\u00e8me en direct\u00a0: Maher Kanzari sanctionn\u00e9 apr\u00e8s son d\u00e9rapage verbal - webdo<\/title>\n<meta name=\"description\" content=\"D\u00e9couvrez les d\u00e9tails de la sanction de Maher Kanzari pour blasph\u00e8me en direct dans le cadre de la Ligue nationale de football professionnel.\" \/>\n<link rel=\"canonical\" href=\"https:\/\/www.webdo.tn\/fr\/actualite\/sport\/blaspheme-en-direct-maher-kanzari-sanctionne-apres-son-derapage-verbal\/383899\/\" \/>\n<meta property=\"og:locale\" content=\"fr_FR\" \/>\n<meta property=\"og:type\" content=\"article\" \/>\n<meta property=\"og:title\" content=\"Blasph\u00e8me en direct\u00a0: Maher Kanzari sanctionn\u00e9 apr\u00e8s son d\u00e9rapage verbal\" \/>\n<meta property=\"og:description\" content=\"D\u00e9couvrez les d\u00e9tails de la sanction de Maher Kanzari pour blasph\u00e8me en direct dans le cadre de la Ligue nationale de football professionnel.\" \/>\n<meta property=\"og:url\" content=\"https:\/\/www.webdo.tn\/fr\/actualite\/sport\/blaspheme-en-direct-maher-kanzari-sanctionne-apres-son-derapage-verbal\/383899\/\" \/>\n<meta property=\"og:site_name\" content=\"webdo\" \/>\n<meta property=\"article:publisher\" content=\"https:\/\/www.facebook.com\/webdotn\" \/>\n<meta property=\"article:published_time\" content=\"2025-09-19T18:42:12+00:00\" \/>\n<meta property=\"article:modified_time\" content=\"2025-09-20T09:04:28+00:00\" \/>\n<meta property=\"og:image\" content=\"https:\/\/www.webdo.tn\/fr\/wp-content\/uploads\/2025\/09\/maher-kanzari-1-850x491-1.jpg\" \/>\n\t<meta property=\"og:image:width\" content=\"850\" \/>\n\t<meta property=\"og:image:height\" content=\"428\" \/>\n\t<meta property=\"og:image:type\" content=\"image\/jpeg\" \/>\n<meta name=\"author\" content=\"Mohamed Hedi Touati\" \/>\n<meta name=\"twitter:card\" content=\"summary_large_image\" \/>\n<meta name=\"twitter:creator\" content=\"@webdo_tn\" \/>\n<meta name=\"twitter:site\" content=\"@webdo_tn\" \/>\n<meta name=\"twitter:label1\" content=\"\u00c9crit par\" \/>\n\t<meta name=\"twitter:data1\" content=\"Mohamed Hedi Touati\" \/>\n\t<meta name=\"twitter:label2\" content=\"Dur\u00e9e de lecture estim\u00e9e\" \/>\n\t<meta name=\"twitter:data2\" content=\"3 minutes\" \/>\n<script type=\"application\/ld+json\" class=\"yoast-schema-graph\">{\"@context\":\"https:\\\/\\\/schema.org\",\"@graph\":[{\"@type\":\"NewsArticle\",\"@id\":\"https:\\\/\\\/www.webdo.tn\\\/fr\\\/actualite\\\/sport\\\/blaspheme-en-direct-maher-kanzari-sanctionne-apres-son-derapage-verbal\\\/383899\\\/#article\",\"isPartOf\":{\"@id\":\"https:\\\/\\\/www.webdo.tn\\\/fr\\\/actualite\\\/sport\\\/blaspheme-en-direct-maher-kanzari-sanctionne-apres-son-derapage-verbal\\\/383899\\\/\"},\"author\":{\"name\":\"Mohamed Hedi Touati\",\"@id\":\"https:\\\/\\\/www.webdo.tn\\\/fr\\\/#\\\/schema\\\/person\\\/c652cd8fc2b1b44412b5ffb48c5a911d\"},\"headline\":\"Blasph\u00e8me en direct\u00a0: Maher Kanzari sanctionn\u00e9 apr\u00e8s son d\u00e9rapage verbal\",\"datePublished\":\"2025-09-19T18:42:12+00:00\",\"dateModified\":\"2025-09-20T09:04:28+00:00\",\"mainEntityOfPage\":{\"@id\":\"https:\\\/\\\/www.webdo.tn\\\/fr\\\/actualite\\\/sport\\\/blaspheme-en-direct-maher-kanzari-sanctionne-apres-son-derapage-verbal\\\/383899\\\/\"},\"wordCount\":416,\"publisher\":{\"@id\":\"https:\\\/\\\/www.webdo.tn\\\/fr\\\/#organization\"},\"image\":{\"@id\":\"https:\\\/\\\/www.webdo.tn\\\/fr\\\/actualite\\\/sport\\\/blaspheme-en-direct-maher-kanzari-sanctionne-apres-son-derapage-verbal\\\/383899\\\/#primaryimage\"},\"thumbnailUrl\":\"https:\\\/\\\/www.webdo.tn\\\/fr\\\/wp-content\\\/uploads\\\/2025\\\/09\\\/maher-kanzari-1-850x491-1.jpg\",\"keywords\":[\"blasph\u00e8me\",\"championnat de tunisie\",\"Ligue 1\",\"Maher Kanzari\",\"Tunisie\"],\"articleSection\":[\"Sport\"],\"inLanguage\":\"fr-FR\"},{\"@type\":\"WebPage\",\"@id\":\"https:\\\/\\\/www.webdo.tn\\\/fr\\\/actualite\\\/sport\\\/blaspheme-en-direct-maher-kanzari-sanctionne-apres-son-derapage-verbal\\\/383899\\\/\",\"url\":\"https:\\\/\\\/www.webdo.tn\\\/fr\\\/actualite\\\/sport\\\/blaspheme-en-direct-maher-kanzari-sanctionne-apres-son-derapage-verbal\\\/383899\\\/\",\"name\":\"Blasph\u00e8me en direct\u00a0: Maher Kanzari sanctionn\u00e9 apr\u00e8s son d\u00e9rapage verbal - webdo\",\"isPartOf\":{\"@id\":\"https:\\\/\\\/www.webdo.tn\\\/fr\\\/#website\"},\"primaryImageOfPage\":{\"@id\":\"https:\\\/\\\/www.webdo.tn\\\/fr\\\/actualite\\\/sport\\\/blaspheme-en-direct-maher-kanzari-sanctionne-apres-son-derapage-verbal\\\/383899\\\/#primaryimage\"},\"image\":{\"@id\":\"https:\\\/\\\/www.webdo.tn\\\/fr\\\/actualite\\\/sport\\\/blaspheme-en-direct-maher-kanzari-sanctionne-apres-son-derapage-verbal\\\/383899\\\/#primaryimage\"},\"thumbnailUrl\":\"https:\\\/\\\/www.webdo.tn\\\/fr\\\/wp-content\\\/uploads\\\/2025\\\/09\\\/maher-kanzari-1-850x491-1.jpg\",\"datePublished\":\"2025-09-19T18:42:12+00:00\",\"dateModified\":\"2025-09-20T09:04:28+00:00\",\"description\":\"D\u00e9couvrez les d\u00e9tails de la sanction de Maher Kanzari pour blasph\u00e8me en direct dans le cadre de la Ligue nationale de football professionnel.\",\"breadcrumb\":{\"@id\":\"https:\\\/\\\/www.webdo.tn\\\/fr\\\/actualite\\\/sport\\\/blaspheme-en-direct-maher-kanzari-sanctionne-apres-son-derapage-verbal\\\/383899\\\/#breadcrumb\"},\"inLanguage\":\"fr-FR\",\"potentialAction\":[{\"@type\":\"ReadAction\",\"target\":[\"https:\\\/\\\/www.webdo.tn\\\/fr\\\/actualite\\\/sport\\\/blaspheme-en-direct-maher-kanzari-sanctionne-apres-son-derapage-verbal\\\/383899\\\/\"]}]},{\"@type\":\"ImageObject\",\"inLanguage\":\"fr-FR\",\"@id\":\"https:\\\/\\\/www.webdo.tn\\\/fr\\\/actualite\\\/sport\\\/blaspheme-en-direct-maher-kanzari-sanctionne-apres-son-derapage-verbal\\\/383899\\\/#primaryimage\",\"url\":\"https:\\\/\\\/www.webdo.tn\\\/fr\\\/wp-content\\\/uploads\\\/2025\\\/09\\\/maher-kanzari-1-850x491-1.jpg\",\"contentUrl\":\"https:\\\/\\\/www.webdo.tn\\\/fr\\\/wp-content\\\/uploads\\\/2025\\\/09\\\/maher-kanzari-1-850x491-1.jpg\",\"width\":850,\"height\":428,\"caption\":\"Blasph\u00e8me en direct\u00a0: Maher Kanzari sanctionn\u00e9 apr\u00e8s son d\u00e9rapage verbal\"},{\"@type\":\"BreadcrumbList\",\"@id\":\"https:\\\/\\\/www.webdo.tn\\\/fr\\\/actualite\\\/sport\\\/blaspheme-en-direct-maher-kanzari-sanctionne-apres-son-derapage-verbal\\\/383899\\\/#breadcrumb\",\"itemListElement\":[{\"@type\":\"ListItem\",\"position\":1,\"name\":\"Accueil\",\"item\":\"https:\\\/\\\/www.webdo.tn\\\/fr\\\/\"},{\"@type\":\"ListItem\",\"position\":2,\"name\":\"Blasph\u00e8me en direct\u00a0: Maher Kanzari sanctionn\u00e9 apr\u00e8s son d\u00e9rapage verbal\"}]},{\"@type\":\"WebSite\",\"@id\":\"https:\\\/\\\/www.webdo.tn\\\/fr\\\/#website\",\"url\":\"https:\\\/\\\/www.webdo.tn\\\/fr\\\/\",\"name\":\"webdo\",\"description\":\"Tunisie - News en Tunisie et \u00e0 l&#039;international sur Webdo.tn\",\"publisher\":{\"@id\":\"https:\\\/\\\/www.webdo.tn\\\/fr\\\/#organization\"},\"potentialAction\":[{\"@type\":\"SearchAction\",\"target\":{\"@type\":\"EntryPoint\",\"urlTemplate\":\"https:\\\/\\\/www.webdo.tn\\\/fr\\\/?s={search_term_string}\"},\"query-input\":{\"@type\":\"PropertyValueSpecification\",\"valueRequired\":true,\"valueName\":\"search_term_string\"}}],\"inLanguage\":\"fr-FR\"},{\"@type\":\"Organization\",\"@id\":\"https:\\\/\\\/www.webdo.tn\\\/fr\\\/#organization\",\"name\":\"Webdo\",\"alternateName\":\"Webdo.tn\",\"url\":\"https:\\\/\\\/www.webdo.tn\\\/fr\\\/\",\"logo\":{\"@type\":\"ImageObject\",\"inLanguage\":\"fr-FR\",\"@id\":\"https:\\\/\\\/www.webdo.tn\\\/fr\\\/#\\\/schema\\\/logo\\\/image\\\/\",\"url\":\"https:\\\/\\\/www.webdo.tn\\\/fr\\\/wp-content\\\/uploads\\\/2025\\\/06\\\/Webdo-Tunisie_168377.jpg\",\"contentUrl\":\"https:\\\/\\\/www.webdo.tn\\\/fr\\\/wp-content\\\/uploads\\\/2025\\\/06\\\/Webdo-Tunisie_168377.jpg\",\"width\":301,\"height\":301,\"caption\":\"Webdo\"},\"image\":{\"@id\":\"https:\\\/\\\/www.webdo.tn\\\/fr\\\/#\\\/schema\\\/logo\\\/image\\\/\"},\"sameAs\":[\"https:\\\/\\\/www.facebook.com\\\/webdotn\",\"https:\\\/\\\/x.com\\\/webdo_tn\"],\"description\":\"Webdo est un m\u00e9dia num\u00e9rique tunisien fond\u00e9 en 2010, sp\u00e9cialis\u00e9 dans l\u2019actualit\u00e9 nationale et internationale, l\u2019\u00e9conomie, la soci\u00e9t\u00e9 et les analyses politiques. Le site s\u2019adresse \u00e0 un large public francophone et couvre l\u2019information tunisienne en temps r\u00e9el.\",\"email\":\"redac@webdo.tn\",\"legalName\":\"YNJ SARL\",\"foundingDate\":\"2010-09-06\",\"numberOfEmployees\":{\"@type\":\"QuantitativeValue\",\"minValue\":\"11\",\"maxValue\":\"50\"}},{\"@type\":\"Person\",\"@id\":\"https:\\\/\\\/www.webdo.tn\\\/fr\\\/#\\\/schema\\\/person\\\/c652cd8fc2b1b44412b5ffb48c5a911d\",\"name\":\"Mohamed Hedi Touati\",\"image\":{\"@type\":\"ImageObject\",\"inLanguage\":\"fr-FR\",\"@id\":\"https:\\\/\\\/secure.gravatar.com\\\/avatar\\\/9cfd402c745b7a685f13eed0ea6e59d2144a3c2fc50a3db6fd5ed451f6cddf1a?s=96&d=mm&r=g\",\"url\":\"https:\\\/\\\/secure.gravatar.com\\\/avatar\\\/9cfd402c745b7a685f13eed0ea6e59d2144a3c2fc50a3db6fd5ed451f6cddf1a?s=96&d=mm&r=g\",\"contentUrl\":\"https:\\\/\\\/secure.gravatar.com\\\/avatar\\\/9cfd402c745b7a685f13eed0ea6e59d2144a3c2fc50a3db6fd5ed451f6cddf1a?s=96&d=mm&r=g\",\"caption\":\"Mohamed Hedi Touati\"},\"url\":\"https:\\\/\\\/www.webdo.tn\\\/fr\\\/actualite\\\/author\\\/mohamed-hedi-touati\\\/\"}]}<\/script>\n<!-- \/ Yoast SEO Premium plugin. -->","yoast_head_json":{"title":"Blasph\u00e8me en direct\u00a0: Maher Kanzari sanctionn\u00e9 apr\u00e8s son d\u00e9rapage verbal - webdo","description":"D\u00e9couvrez les d\u00e9tails de la sanction de Maher Kanzari pour blasph\u00e8me en direct dans le cadre de la Ligue nationale de football professionnel.","canonical":"https:\/\/www.webdo.tn\/fr\/actualite\/sport\/blaspheme-en-direct-maher-kanzari-sanctionne-apres-son-derapage-verbal\/383899\/","og_locale":"fr_FR","og_type":"article","og_title":"Blasph\u00e8me en direct\u00a0: Maher Kanzari sanctionn\u00e9 apr\u00e8s son d\u00e9rapage verbal","og_description":"D\u00e9couvrez les d\u00e9tails de la sanction de Maher Kanzari pour blasph\u00e8me en direct dans le cadre de la Ligue nationale de football professionnel.","og_url":"https:\/\/www.webdo.tn\/fr\/actualite\/sport\/blaspheme-en-direct-maher-kanzari-sanctionne-apres-son-derapage-verbal\/383899\/","og_site_name":"webdo","article_publisher":"https:\/\/www.facebook.com\/webdotn","article_published_time":"2025-09-19T18:42:12+00:00","article_modified_time":"2025-09-20T09:04:28+00:00","og_image":[{"width":850,"height":428,"url":"https:\/\/www.webdo.tn\/fr\/wp-content\/uploads\/2025\/09\/maher-kanzari-1-850x491-1.jpg","type":"image\/jpeg"}],"author":"Mohamed Hedi Touati","twitter_card":"summary_large_image","twitter_creator":"@webdo_tn","twitter_site":"@webdo_tn","twitter_misc":{"\u00c9crit par":"Mohamed Hedi Touati","Dur\u00e9e de lecture estim\u00e9e":"3 minutes"},"schema":{"@context":"https:\/\/schema.org","@graph":[{"@type":"NewsArticle","@id":"https:\/\/www.webdo.tn\/fr\/actualite\/sport\/blaspheme-en-direct-maher-kanzari-sanctionne-apres-son-derapage-verbal\/383899\/#article","isPartOf":{"@id":"https:\/\/www.webdo.tn\/fr\/actualite\/sport\/blaspheme-en-direct-maher-kanzari-sanctionne-apres-son-derapage-verbal\/383899\/"},"author":{"name":"Mohamed Hedi Touati","@id":"https:\/\/www.webdo.tn\/fr\/#\/schema\/person\/c652cd8fc2b1b44412b5ffb48c5a911d"},"headline":"Blasph\u00e8me en direct\u00a0: Maher Kanzari sanctionn\u00e9 apr\u00e8s son d\u00e9rapage verbal","datePublished":"2025-09-19T18:42:12+00:00","dateModified":"2025-09-20T09:04:28+00:00","mainEntityOfPage":{"@id":"https:\/\/www.webdo.tn\/fr\/actualite\/sport\/blaspheme-en-direct-maher-kanzari-sanctionne-apres-son-derapage-verbal\/383899\/"},"wordCount":416,"publisher":{"@id":"https:\/\/www.webdo.tn\/fr\/#organization"},"image":{"@id":"https:\/\/www.webdo.tn\/fr\/actualite\/sport\/blaspheme-en-direct-maher-kanzari-sanctionne-apres-son-derapage-verbal\/383899\/#primaryimage"},"thumbnailUrl":"https:\/\/www.webdo.tn\/fr\/wp-content\/uploads\/2025\/09\/maher-kanzari-1-850x491-1.jpg","keywords":["blasph\u00e8me","championnat de tunisie","Ligue 1","Maher Kanzari","Tunisie"],"articleSection":["Sport"],"inLanguage":"fr-FR"},{"@type":"WebPage","@id":"https:\/\/www.webdo.tn\/fr\/actualite\/sport\/blaspheme-en-direct-maher-kanzari-sanctionne-apres-son-derapage-verbal\/383899\/","url":"https:\/\/www.webdo.tn\/fr\/actualite\/sport\/blaspheme-en-direct-maher-kanzari-sanctionne-apres-son-derapage-verbal\/383899\/","name":"Blasph\u00e8me en direct\u00a0: Maher Kanzari sanctionn\u00e9 apr\u00e8s son d\u00e9rapage verbal - webdo","isPartOf":{"@id":"https:\/\/www.webdo.tn\/fr\/#website"},"primaryImageOfPage":{"@id":"https:\/\/www.webdo.tn\/fr\/actualite\/sport\/blaspheme-en-direct-maher-kanzari-sanctionne-apres-son-derapage-verbal\/383899\/#primaryimage"},"image":{"@id":"https:\/\/www.webdo.tn\/fr\/actualite\/sport\/blaspheme-en-direct-maher-kanzari-sanctionne-apres-son-derapage-verbal\/383899\/#primaryimage"},"thumbnailUrl":"https:\/\/www.webdo.tn\/fr\/wp-content\/uploads\/2025\/09\/maher-kanzari-1-850x491-1.jpg","datePublished":"2025-09-19T18:42:12+00:00","dateModified":"2025-09-20T09:04:28+00:00","description":"D\u00e9couvrez les d\u00e9tails de la sanction de Maher Kanzari pour blasph\u00e8me en direct dans le cadre de la Ligue nationale de football professionnel.","breadcrumb":{"@id":"https:\/\/www.webdo.tn\/fr\/actualite\/sport\/blaspheme-en-direct-maher-kanzari-sanctionne-apres-son-derapage-verbal\/383899\/#breadcrumb"},"inLanguage":"fr-FR","potentialAction":[{"@type":"ReadAction","target":["https:\/\/www.webdo.tn\/fr\/actualite\/sport\/blaspheme-en-direct-maher-kanzari-sanctionne-apres-son-derapage-verbal\/383899\/"]}]},{"@type":"ImageObject","inLanguage":"fr-FR","@id":"https:\/\/www.webdo.tn\/fr\/actualite\/sport\/blaspheme-en-direct-maher-kanzari-sanctionne-apres-son-derapage-verbal\/383899\/#primaryimage","url":"https:\/\/www.webdo.tn\/fr\/wp-content\/uploads\/2025\/09\/maher-kanzari-1-850x491-1.jpg","contentUrl":"https:\/\/www.webdo.tn\/fr\/wp-content\/uploads\/2025\/09\/maher-kanzari-1-850x491-1.jpg","width":850,"height":428,"caption":"Blasph\u00e8me en direct\u00a0: Maher Kanzari sanctionn\u00e9 apr\u00e8s son d\u00e9rapage verbal"},{"@type":"BreadcrumbList","@id":"https:\/\/www.webdo.tn\/fr\/actualite\/sport\/blaspheme-en-direct-maher-kanzari-sanctionne-apres-son-derapage-verbal\/383899\/#breadcrumb","itemListElement":[{"@type":"ListItem","position":1,"name":"Accueil","item":"https:\/\/www.webdo.tn\/fr\/"},{"@type":"ListItem","position":2,"name":"Blasph\u00e8me en direct\u00a0: Maher Kanzari sanctionn\u00e9 apr\u00e8s son d\u00e9rapage verbal"}]},{"@type":"WebSite","@id":"https:\/\/www.webdo.tn\/fr\/#website","url":"https:\/\/www.webdo.tn\/fr\/","name":"webdo","description":"Tunisie - News en Tunisie et \u00e0 l&#039;international sur Webdo.tn","publisher":{"@id":"https:\/\/www.webdo.tn\/fr\/#organization"},"potentialAction":[{"@type":"SearchAction","target":{"@type":"EntryPoint","urlTemplate":"https:\/\/www.webdo.tn\/fr\/?s={search_term_string}"},"query-input":{"@type":"PropertyValueSpecification","valueRequired":true,"valueName":"search_term_string"}}],"inLanguage":"fr-FR"},{"@type":"Organization","@id":"https:\/\/www.webdo.tn\/fr\/#organization","name":"Webdo","alternateName":"Webdo.tn","url":"https:\/\/www.webdo.tn\/fr\/","logo":{"@type":"ImageObject","inLanguage":"fr-FR","@id":"https:\/\/www.webdo.tn\/fr\/#\/schema\/logo\/image\/","url":"https:\/\/www.webdo.tn\/fr\/wp-content\/uploads\/2025\/06\/Webdo-Tunisie_168377.jpg","contentUrl":"https:\/\/www.webdo.tn\/fr\/wp-content\/uploads\/2025\/06\/Webdo-Tunisie_168377.jpg","width":301,"height":301,"caption":"Webdo"},"image":{"@id":"https:\/\/www.webdo.tn\/fr\/#\/schema\/logo\/image\/"},"sameAs":["https:\/\/www.facebook.com\/webdotn","https:\/\/x.com\/webdo_tn"],"description":"Webdo est un m\u00e9dia num\u00e9rique tunisien fond\u00e9 en 2010, sp\u00e9cialis\u00e9 dans l\u2019actualit\u00e9 nationale et internationale, l\u2019\u00e9conomie, la soci\u00e9t\u00e9 et les analyses politiques. Le site s\u2019adresse \u00e0 un large public francophone et couvre l\u2019information tunisienne en temps r\u00e9el.","email":"redac@webdo.tn","legalName":"YNJ SARL","foundingDate":"2010-09-06","numberOfEmployees":{"@type":"QuantitativeValue","minValue":"11","maxValue":"50"}},{"@type":"Person","@id":"https:\/\/www.webdo.tn\/fr\/#\/schema\/person\/c652cd8fc2b1b44412b5ffb48c5a911d","name":"Mohamed Hedi Touati","image":{"@type":"ImageObject","inLanguage":"fr-FR","@id":"https:\/\/secure.gravatar.com\/avatar\/9cfd402c745b7a685f13eed0ea6e59d2144a3c2fc50a3db6fd5ed451f6cddf1a?s=96&d=mm&r=g","url":"https:\/\/secure.gravatar.com\/avatar\/9cfd402c745b7a685f13eed0ea6e59d2144a3c2fc50a3db6fd5ed451f6cddf1a?s=96&d=mm&r=g","contentUrl":"https:\/\/secure.gravatar.com\/avatar\/9cfd402c745b7a685f13eed0ea6e59d2144a3c2fc50a3db6fd5ed451f6cddf1a?s=96&d=mm&r=g","caption":"Mohamed Hedi Touati"},"url":"https:\/\/www.webdo.tn\/fr\/actualite\/author\/mohamed-hedi-touati\/"}]}},"_links":{"self":[{"href":"https:\/\/www.webdo.tn\/fr\/wp-json\/wp\/v2\/posts\/383899","targetHints":{"allow":["GET"]}}],"collection":[{"href":"https:\/\/www.webdo.tn\/fr\/wp-json\/wp\/v2\/posts"}],"about":[{"href":"https:\/\/www.webdo.tn\/fr\/wp-json\/wp\/v2\/types\/post"}],"author":[{"embeddable":true,"href":"https:\/\/www.webdo.tn\/fr\/wp-json\/wp\/v2\/users\/3191"}],"replies":[{"embeddable":true,"href":"https:\/\/www.webdo.tn\/fr\/wp-json\/wp\/v2\/comments?post=383899"}],"version-history":[{"count":0,"href":"https:\/\/www.webdo.tn\/fr\/wp-json\/wp\/v2\/posts\/383899\/revisions"}],"wp:featuredmedia":[{"embeddable":true,"href":"https:\/\/www.webdo.tn\/fr\/wp-json\/wp\/v2\/media\/383900"}],"wp:attachment":[{"href":"https:\/\/www.webdo.tn\/fr\/wp-json\/wp\/v2\/media?parent=383899"}],"wp:term":[{"taxonomy":"category","embeddable":true,"href":"https:\/\/www.webdo.tn\/fr\/wp-json\/wp\/v2\/categories?post=383899"},{"taxonomy":"post_tag","embeddable":true,"href":"https:\/\/www.webdo.tn\/fr\/wp-json\/wp\/v2\/tags?post=383899"}],"curies":[{"name":"wp","href":"https:\/\/api.w.org\/{rel}","templated":true}]}}