{"id":383865,"date":"2025-09-19T12:08:25","date_gmt":"2025-09-19T11:08:25","guid":{"rendered":"https:\/\/www.webdo.tn\/fr\/?p=383865"},"modified":"2025-09-19T19:20:13","modified_gmt":"2025-09-19T18:20:13","slug":"italie-au-port-de-ravenne-des-dockers-bloquent-une-cargaison-darmes-destinee-a-lentite-sioniste","status":"publish","type":"post","link":"https:\/\/www.webdo.tn\/fr\/actualite\/international\/italie-au-port-de-ravenne-des-dockers-bloquent-une-cargaison-darmes-destinee-a-lentite-sioniste\/383865\/","title":{"rendered":"Italie : Au port de Ravenne, des dockers bloquent une cargaison d\u2019armes destin\u00e9e \u00e0 l\u2019entit\u00e9 sioniste"},"content":{"rendered":"\n<p><strong>Jeudi 18 septembre 2025, les autorit\u00e9s portuaires de Ravenne, sur la mer Adriatique, ont refus\u00e9 l\u2019entr\u00e9e de deux camions charg\u00e9s d\u2019explosifs \u00e0 destination du port isra\u00e9lien de Ha\u00effa. La d\u00e9cision a \u00e9t\u00e9 prise \u00e0 la demande conjointe du maire Alessandro Barattoni et du gouvernement local, dans un contexte de mobilisation syndicale et ouvri\u00e8re contre la guerre \u00e0 Gaza.<\/strong><\/p>\n\n\n\n<h2 class=\"wp-block-heading\" id=\"h-un-blocage-soutenu-par-les-autorites-locales\">Un blocage soutenu par les autorit\u00e9s locales<\/h2>\n\n\n\n<p>Le maire de Ravenne a confirm\u00e9 que la cargaison \u00e9tait destin\u00e9e \u00e0 Isra\u00ebl et qu\u2019il avait lui-m\u00eame appuy\u00e9 l\u2019initiative de bloquer son acc\u00e8s. Cette d\u00e9cision s\u2019inscrit dans une volont\u00e9 locale de ne pas contribuer \u00e0 la poursuite du conflit.<\/p>\n\n\n\n<h2 class=\"wp-block-heading\" id=\"h-une-mobilisation-europeenne-croissante\">Une mobilisation europ\u00e9enne croissante<\/h2>\n\n\n\n<p>Le geste des dockers italiens s\u2019inscrit dans une vague d\u2019actions similaires \u00e0 travers l\u2019Europe. En France, au port de Marseille-Fos, les travailleurs avaient d\u00e9j\u00e0 refus\u00e9 en juin de charger des containers d\u2019\u00e9quipements militaires \u00e0 destination de Ha\u00effa. Des mouvements comparables ont aussi eu lieu en Su\u00e8de et en Gr\u00e8ce, port\u00e9s par des syndicats d\u00e9non\u00e7ant leur implication indirecte dans la guerre.<\/p>\n\n\n\n<p><\/p>\n\n\n\n<ul class=\"wp-block-list\">\n<li>Lire aussi : <a href=\"https:\/\/www.webdo.tn\/fr\/actualite\/international\/france-des-dockers-refusent-de-charger-des-pieces-militaires-a-destination-d-israel\/222415\/\">France : Des dockers refusent de charger des pi\u00e8ces militaires \u00e0 destination d\u2019Isra\u00ebl<\/a><\/li>\n<\/ul>\n","protected":false},"excerpt":{"rendered":"<p>Jeudi 18 septembre 2025, les autorit\u00e9s portuaires de Ravenne, sur la mer Adriatique, ont refus\u00e9 l\u2019entr\u00e9e de deux camions charg\u00e9s d\u2019explosifs \u00e0 destination du port isra\u00e9lien de Ha\u00effa. La d\u00e9cision a \u00e9t\u00e9 prise \u00e0 la demande conjointe du maire Alessandro Barattoni et du gouvernement local, dans un contexte de mobilisation syndicale et ouvri\u00e8re contre la [&hellip;]<\/p>\n","protected":false},"author":3191,"featured_media":383866,"comment_status":"closed","ping_status":"closed","sticky":false,"template":"","format":"standard","meta":{"footnotes":""},"categories":[2598],"tags":[11940,12912,9781,2689,2600,2636,2660,12911],"class_list":["post-383865","post","type-post","status-publish","format-standard","has-post-thumbnail","hentry","category-international","tag-armement","tag-cargaison-militaire","tag-entite-sioniste","tag-gaza","tag-guerre","tag-israel","tag-italie","tag-ravenne"],"yoast_head":"<!-- This site is optimized with the Yoast SEO Premium plugin v27.4 (Yoast SEO v27.5) - https:\/\/yoast.com\/product\/yoast-seo-premium-wordpress\/ -->\n<title>Italie : Au port de Ravenne, des dockers bloquent une cargaison d\u2019armes destin\u00e9e \u00e0 l\u2019entit\u00e9 sioniste - webdo<\/title>\n<meta name=\"description\" content=\"La d\u00e9cision des dockers italiens de Ravenne de bloquer des armes \u00e0 destination d\u2019Isra\u00ebl t\u00e9moigne d&#039;une forte mobilisation sociale.\" \/>\n<link rel=\"canonical\" href=\"https:\/\/www.webdo.tn\/fr\/actualite\/international\/italie-au-port-de-ravenne-des-dockers-bloquent-une-cargaison-darmes-destinee-a-lentite-sioniste\/383865\/\" \/>\n<meta property=\"og:locale\" content=\"fr_FR\" \/>\n<meta property=\"og:type\" content=\"article\" \/>\n<meta property=\"og:title\" content=\"Italie : Au port de Ravenne, des dockers bloquent une cargaison d\u2019armes destin\u00e9e \u00e0 l\u2019entit\u00e9 sioniste\" \/>\n<meta property=\"og:description\" content=\"La d\u00e9cision des dockers italiens de Ravenne de bloquer des armes \u00e0 destination d\u2019Isra\u00ebl t\u00e9moigne d&#039;une forte mobilisation sociale.\" \/>\n<meta property=\"og:url\" content=\"https:\/\/www.webdo.tn\/fr\/actualite\/international\/italie-au-port-de-ravenne-des-dockers-bloquent-une-cargaison-darmes-destinee-a-lentite-sioniste\/383865\/\" \/>\n<meta property=\"og:site_name\" content=\"webdo\" \/>\n<meta property=\"article:publisher\" content=\"https:\/\/www.facebook.com\/webdotn\" \/>\n<meta property=\"article:published_time\" content=\"2025-09-19T11:08:25+00:00\" \/>\n<meta property=\"article:modified_time\" content=\"2025-09-19T18:20:13+00:00\" \/>\n<meta property=\"og:image\" content=\"https:\/\/www.webdo.tn\/fr\/wp-content\/uploads\/2025\/09\/ravenna-port-new-1920x1080-1.jpg\" \/>\n\t<meta property=\"og:image:width\" content=\"1200\" \/>\n\t<meta property=\"og:image:height\" content=\"608\" \/>\n\t<meta property=\"og:image:type\" content=\"image\/jpeg\" \/>\n<meta name=\"author\" content=\"Mohamed Hedi Touati\" \/>\n<meta name=\"twitter:card\" content=\"summary_large_image\" \/>\n<meta name=\"twitter:creator\" content=\"@webdo_tn\" \/>\n<meta name=\"twitter:site\" content=\"@webdo_tn\" \/>\n<meta name=\"twitter:label1\" content=\"\u00c9crit par\" \/>\n\t<meta name=\"twitter:data1\" content=\"Mohamed Hedi Touati\" \/>\n\t<meta name=\"twitter:label2\" content=\"Dur\u00e9e de lecture estim\u00e9e\" \/>\n\t<meta name=\"twitter:data2\" content=\"2 minutes\" \/>\n<script type=\"application\/ld+json\" class=\"yoast-schema-graph\">{\"@context\":\"https:\\\/\\\/schema.org\",\"@graph\":[{\"@type\":\"NewsArticle\",\"@id\":\"https:\\\/\\\/www.webdo.tn\\\/fr\\\/actualite\\\/international\\\/italie-au-port-de-ravenne-des-dockers-bloquent-une-cargaison-darmes-destinee-a-lentite-sioniste\\\/383865\\\/#article\",\"isPartOf\":{\"@id\":\"https:\\\/\\\/www.webdo.tn\\\/fr\\\/actualite\\\/international\\\/italie-au-port-de-ravenne-des-dockers-bloquent-une-cargaison-darmes-destinee-a-lentite-sioniste\\\/383865\\\/\"},\"author\":{\"name\":\"Mohamed Hedi Touati\",\"@id\":\"https:\\\/\\\/www.webdo.tn\\\/fr\\\/#\\\/schema\\\/person\\\/c652cd8fc2b1b44412b5ffb48c5a911d\"},\"headline\":\"Italie : Au port de Ravenne, des dockers bloquent une cargaison d\u2019armes destin\u00e9e \u00e0 l\u2019entit\u00e9 sioniste\",\"datePublished\":\"2025-09-19T11:08:25+00:00\",\"dateModified\":\"2025-09-19T18:20:13+00:00\",\"mainEntityOfPage\":{\"@id\":\"https:\\\/\\\/www.webdo.tn\\\/fr\\\/actualite\\\/international\\\/italie-au-port-de-ravenne-des-dockers-bloquent-une-cargaison-darmes-destinee-a-lentite-sioniste\\\/383865\\\/\"},\"wordCount\":222,\"publisher\":{\"@id\":\"https:\\\/\\\/www.webdo.tn\\\/fr\\\/#organization\"},\"image\":{\"@id\":\"https:\\\/\\\/www.webdo.tn\\\/fr\\\/actualite\\\/international\\\/italie-au-port-de-ravenne-des-dockers-bloquent-une-cargaison-darmes-destinee-a-lentite-sioniste\\\/383865\\\/#primaryimage\"},\"thumbnailUrl\":\"https:\\\/\\\/www.webdo.tn\\\/fr\\\/wp-content\\\/uploads\\\/2025\\\/09\\\/ravenna-port-new-1920x1080-1.jpg\",\"keywords\":[\"armement\",\"cargaison militaire\",\"entit\u00e9 sioniste\",\"Gaza\",\"guerre\",\"isra\u00ebl\",\"Italie\",\"ravenne\"],\"articleSection\":[\"International\"],\"inLanguage\":\"fr-FR\"},{\"@type\":\"WebPage\",\"@id\":\"https:\\\/\\\/www.webdo.tn\\\/fr\\\/actualite\\\/international\\\/italie-au-port-de-ravenne-des-dockers-bloquent-une-cargaison-darmes-destinee-a-lentite-sioniste\\\/383865\\\/\",\"url\":\"https:\\\/\\\/www.webdo.tn\\\/fr\\\/actualite\\\/international\\\/italie-au-port-de-ravenne-des-dockers-bloquent-une-cargaison-darmes-destinee-a-lentite-sioniste\\\/383865\\\/\",\"name\":\"Italie : Au port de Ravenne, des dockers bloquent une cargaison d\u2019armes destin\u00e9e \u00e0 l\u2019entit\u00e9 sioniste - webdo\",\"isPartOf\":{\"@id\":\"https:\\\/\\\/www.webdo.tn\\\/fr\\\/#website\"},\"primaryImageOfPage\":{\"@id\":\"https:\\\/\\\/www.webdo.tn\\\/fr\\\/actualite\\\/international\\\/italie-au-port-de-ravenne-des-dockers-bloquent-une-cargaison-darmes-destinee-a-lentite-sioniste\\\/383865\\\/#primaryimage\"},\"image\":{\"@id\":\"https:\\\/\\\/www.webdo.tn\\\/fr\\\/actualite\\\/international\\\/italie-au-port-de-ravenne-des-dockers-bloquent-une-cargaison-darmes-destinee-a-lentite-sioniste\\\/383865\\\/#primaryimage\"},\"thumbnailUrl\":\"https:\\\/\\\/www.webdo.tn\\\/fr\\\/wp-content\\\/uploads\\\/2025\\\/09\\\/ravenna-port-new-1920x1080-1.jpg\",\"datePublished\":\"2025-09-19T11:08:25+00:00\",\"dateModified\":\"2025-09-19T18:20:13+00:00\",\"description\":\"La d\u00e9cision des dockers italiens de Ravenne de bloquer des armes \u00e0 destination d\u2019Isra\u00ebl t\u00e9moigne d'une forte mobilisation sociale.\",\"breadcrumb\":{\"@id\":\"https:\\\/\\\/www.webdo.tn\\\/fr\\\/actualite\\\/international\\\/italie-au-port-de-ravenne-des-dockers-bloquent-une-cargaison-darmes-destinee-a-lentite-sioniste\\\/383865\\\/#breadcrumb\"},\"inLanguage\":\"fr-FR\",\"potentialAction\":[{\"@type\":\"ReadAction\",\"target\":[\"https:\\\/\\\/www.webdo.tn\\\/fr\\\/actualite\\\/international\\\/italie-au-port-de-ravenne-des-dockers-bloquent-une-cargaison-darmes-destinee-a-lentite-sioniste\\\/383865\\\/\"]}]},{\"@type\":\"ImageObject\",\"inLanguage\":\"fr-FR\",\"@id\":\"https:\\\/\\\/www.webdo.tn\\\/fr\\\/actualite\\\/international\\\/italie-au-port-de-ravenne-des-dockers-bloquent-une-cargaison-darmes-destinee-a-lentite-sioniste\\\/383865\\\/#primaryimage\",\"url\":\"https:\\\/\\\/www.webdo.tn\\\/fr\\\/wp-content\\\/uploads\\\/2025\\\/09\\\/ravenna-port-new-1920x1080-1.jpg\",\"contentUrl\":\"https:\\\/\\\/www.webdo.tn\\\/fr\\\/wp-content\\\/uploads\\\/2025\\\/09\\\/ravenna-port-new-1920x1080-1.jpg\",\"width\":1200,\"height\":608,\"caption\":\"Italie : Au port de Ravenne, des dockers bloquent une cargaison d\u2019armes destin\u00e9e \u00e0 l\u2019entit\u00e9 sioniste\"},{\"@type\":\"BreadcrumbList\",\"@id\":\"https:\\\/\\\/www.webdo.tn\\\/fr\\\/actualite\\\/international\\\/italie-au-port-de-ravenne-des-dockers-bloquent-une-cargaison-darmes-destinee-a-lentite-sioniste\\\/383865\\\/#breadcrumb\",\"itemListElement\":[{\"@type\":\"ListItem\",\"position\":1,\"name\":\"Accueil\",\"item\":\"https:\\\/\\\/www.webdo.tn\\\/fr\\\/\"},{\"@type\":\"ListItem\",\"position\":2,\"name\":\"Italie : Au port de Ravenne, des dockers bloquent une cargaison d\u2019armes destin\u00e9e \u00e0 l\u2019entit\u00e9 sioniste\"}]},{\"@type\":\"WebSite\",\"@id\":\"https:\\\/\\\/www.webdo.tn\\\/fr\\\/#website\",\"url\":\"https:\\\/\\\/www.webdo.tn\\\/fr\\\/\",\"name\":\"webdo\",\"description\":\"Tunisie - News en Tunisie et \u00e0 l&#039;international sur Webdo.tn\",\"publisher\":{\"@id\":\"https:\\\/\\\/www.webdo.tn\\\/fr\\\/#organization\"},\"potentialAction\":[{\"@type\":\"SearchAction\",\"target\":{\"@type\":\"EntryPoint\",\"urlTemplate\":\"https:\\\/\\\/www.webdo.tn\\\/fr\\\/?s={search_term_string}\"},\"query-input\":{\"@type\":\"PropertyValueSpecification\",\"valueRequired\":true,\"valueName\":\"search_term_string\"}}],\"inLanguage\":\"fr-FR\"},{\"@type\":\"Organization\",\"@id\":\"https:\\\/\\\/www.webdo.tn\\\/fr\\\/#organization\",\"name\":\"Webdo\",\"alternateName\":\"Webdo.tn\",\"url\":\"https:\\\/\\\/www.webdo.tn\\\/fr\\\/\",\"logo\":{\"@type\":\"ImageObject\",\"inLanguage\":\"fr-FR\",\"@id\":\"https:\\\/\\\/www.webdo.tn\\\/fr\\\/#\\\/schema\\\/logo\\\/image\\\/\",\"url\":\"https:\\\/\\\/www.webdo.tn\\\/fr\\\/wp-content\\\/uploads\\\/2025\\\/06\\\/Webdo-Tunisie_168377.jpg\",\"contentUrl\":\"https:\\\/\\\/www.webdo.tn\\\/fr\\\/wp-content\\\/uploads\\\/2025\\\/06\\\/Webdo-Tunisie_168377.jpg\",\"width\":301,\"height\":301,\"caption\":\"Webdo\"},\"image\":{\"@id\":\"https:\\\/\\\/www.webdo.tn\\\/fr\\\/#\\\/schema\\\/logo\\\/image\\\/\"},\"sameAs\":[\"https:\\\/\\\/www.facebook.com\\\/webdotn\",\"https:\\\/\\\/x.com\\\/webdo_tn\"],\"description\":\"Webdo est un m\u00e9dia num\u00e9rique tunisien fond\u00e9 en 2010, sp\u00e9cialis\u00e9 dans l\u2019actualit\u00e9 nationale et internationale, l\u2019\u00e9conomie, la soci\u00e9t\u00e9 et les analyses politiques. Le site s\u2019adresse \u00e0 un large public francophone et couvre l\u2019information tunisienne en temps r\u00e9el.\",\"email\":\"redac@webdo.tn\",\"legalName\":\"YNJ SARL\",\"foundingDate\":\"2010-09-06\",\"numberOfEmployees\":{\"@type\":\"QuantitativeValue\",\"minValue\":\"11\",\"maxValue\":\"50\"}},{\"@type\":\"Person\",\"@id\":\"https:\\\/\\\/www.webdo.tn\\\/fr\\\/#\\\/schema\\\/person\\\/c652cd8fc2b1b44412b5ffb48c5a911d\",\"name\":\"Mohamed Hedi Touati\",\"image\":{\"@type\":\"ImageObject\",\"inLanguage\":\"fr-FR\",\"@id\":\"https:\\\/\\\/secure.gravatar.com\\\/avatar\\\/9cfd402c745b7a685f13eed0ea6e59d2144a3c2fc50a3db6fd5ed451f6cddf1a?s=96&d=mm&r=g\",\"url\":\"https:\\\/\\\/secure.gravatar.com\\\/avatar\\\/9cfd402c745b7a685f13eed0ea6e59d2144a3c2fc50a3db6fd5ed451f6cddf1a?s=96&d=mm&r=g\",\"contentUrl\":\"https:\\\/\\\/secure.gravatar.com\\\/avatar\\\/9cfd402c745b7a685f13eed0ea6e59d2144a3c2fc50a3db6fd5ed451f6cddf1a?s=96&d=mm&r=g\",\"caption\":\"Mohamed Hedi Touati\"},\"url\":\"https:\\\/\\\/www.webdo.tn\\\/fr\\\/actualite\\\/author\\\/mohamed-hedi-touati\\\/\"}]}<\/script>\n<!-- \/ Yoast SEO Premium plugin. -->","yoast_head_json":{"title":"Italie : Au port de Ravenne, des dockers bloquent une cargaison d\u2019armes destin\u00e9e \u00e0 l\u2019entit\u00e9 sioniste - webdo","description":"La d\u00e9cision des dockers italiens de Ravenne de bloquer des armes \u00e0 destination d\u2019Isra\u00ebl t\u00e9moigne d'une forte mobilisation sociale.","canonical":"https:\/\/www.webdo.tn\/fr\/actualite\/international\/italie-au-port-de-ravenne-des-dockers-bloquent-une-cargaison-darmes-destinee-a-lentite-sioniste\/383865\/","og_locale":"fr_FR","og_type":"article","og_title":"Italie : Au port de Ravenne, des dockers bloquent une cargaison d\u2019armes destin\u00e9e \u00e0 l\u2019entit\u00e9 sioniste","og_description":"La d\u00e9cision des dockers italiens de Ravenne de bloquer des armes \u00e0 destination d\u2019Isra\u00ebl t\u00e9moigne d'une forte mobilisation sociale.","og_url":"https:\/\/www.webdo.tn\/fr\/actualite\/international\/italie-au-port-de-ravenne-des-dockers-bloquent-une-cargaison-darmes-destinee-a-lentite-sioniste\/383865\/","og_site_name":"webdo","article_publisher":"https:\/\/www.facebook.com\/webdotn","article_published_time":"2025-09-19T11:08:25+00:00","article_modified_time":"2025-09-19T18:20:13+00:00","og_image":[{"width":1200,"height":608,"url":"https:\/\/www.webdo.tn\/fr\/wp-content\/uploads\/2025\/09\/ravenna-port-new-1920x1080-1.jpg","type":"image\/jpeg"}],"author":"Mohamed Hedi Touati","twitter_card":"summary_large_image","twitter_creator":"@webdo_tn","twitter_site":"@webdo_tn","twitter_misc":{"\u00c9crit par":"Mohamed Hedi Touati","Dur\u00e9e de lecture estim\u00e9e":"2 minutes"},"schema":{"@context":"https:\/\/schema.org","@graph":[{"@type":"NewsArticle","@id":"https:\/\/www.webdo.tn\/fr\/actualite\/international\/italie-au-port-de-ravenne-des-dockers-bloquent-une-cargaison-darmes-destinee-a-lentite-sioniste\/383865\/#article","isPartOf":{"@id":"https:\/\/www.webdo.tn\/fr\/actualite\/international\/italie-au-port-de-ravenne-des-dockers-bloquent-une-cargaison-darmes-destinee-a-lentite-sioniste\/383865\/"},"author":{"name":"Mohamed Hedi Touati","@id":"https:\/\/www.webdo.tn\/fr\/#\/schema\/person\/c652cd8fc2b1b44412b5ffb48c5a911d"},"headline":"Italie : Au port de Ravenne, des dockers bloquent une cargaison d\u2019armes destin\u00e9e \u00e0 l\u2019entit\u00e9 sioniste","datePublished":"2025-09-19T11:08:25+00:00","dateModified":"2025-09-19T18:20:13+00:00","mainEntityOfPage":{"@id":"https:\/\/www.webdo.tn\/fr\/actualite\/international\/italie-au-port-de-ravenne-des-dockers-bloquent-une-cargaison-darmes-destinee-a-lentite-sioniste\/383865\/"},"wordCount":222,"publisher":{"@id":"https:\/\/www.webdo.tn\/fr\/#organization"},"image":{"@id":"https:\/\/www.webdo.tn\/fr\/actualite\/international\/italie-au-port-de-ravenne-des-dockers-bloquent-une-cargaison-darmes-destinee-a-lentite-sioniste\/383865\/#primaryimage"},"thumbnailUrl":"https:\/\/www.webdo.tn\/fr\/wp-content\/uploads\/2025\/09\/ravenna-port-new-1920x1080-1.jpg","keywords":["armement","cargaison militaire","entit\u00e9 sioniste","Gaza","guerre","isra\u00ebl","Italie","ravenne"],"articleSection":["International"],"inLanguage":"fr-FR"},{"@type":"WebPage","@id":"https:\/\/www.webdo.tn\/fr\/actualite\/international\/italie-au-port-de-ravenne-des-dockers-bloquent-une-cargaison-darmes-destinee-a-lentite-sioniste\/383865\/","url":"https:\/\/www.webdo.tn\/fr\/actualite\/international\/italie-au-port-de-ravenne-des-dockers-bloquent-une-cargaison-darmes-destinee-a-lentite-sioniste\/383865\/","name":"Italie : Au port de Ravenne, des dockers bloquent une cargaison d\u2019armes destin\u00e9e \u00e0 l\u2019entit\u00e9 sioniste - webdo","isPartOf":{"@id":"https:\/\/www.webdo.tn\/fr\/#website"},"primaryImageOfPage":{"@id":"https:\/\/www.webdo.tn\/fr\/actualite\/international\/italie-au-port-de-ravenne-des-dockers-bloquent-une-cargaison-darmes-destinee-a-lentite-sioniste\/383865\/#primaryimage"},"image":{"@id":"https:\/\/www.webdo.tn\/fr\/actualite\/international\/italie-au-port-de-ravenne-des-dockers-bloquent-une-cargaison-darmes-destinee-a-lentite-sioniste\/383865\/#primaryimage"},"thumbnailUrl":"https:\/\/www.webdo.tn\/fr\/wp-content\/uploads\/2025\/09\/ravenna-port-new-1920x1080-1.jpg","datePublished":"2025-09-19T11:08:25+00:00","dateModified":"2025-09-19T18:20:13+00:00","description":"La d\u00e9cision des dockers italiens de Ravenne de bloquer des armes \u00e0 destination d\u2019Isra\u00ebl t\u00e9moigne d'une forte mobilisation sociale.","breadcrumb":{"@id":"https:\/\/www.webdo.tn\/fr\/actualite\/international\/italie-au-port-de-ravenne-des-dockers-bloquent-une-cargaison-darmes-destinee-a-lentite-sioniste\/383865\/#breadcrumb"},"inLanguage":"fr-FR","potentialAction":[{"@type":"ReadAction","target":["https:\/\/www.webdo.tn\/fr\/actualite\/international\/italie-au-port-de-ravenne-des-dockers-bloquent-une-cargaison-darmes-destinee-a-lentite-sioniste\/383865\/"]}]},{"@type":"ImageObject","inLanguage":"fr-FR","@id":"https:\/\/www.webdo.tn\/fr\/actualite\/international\/italie-au-port-de-ravenne-des-dockers-bloquent-une-cargaison-darmes-destinee-a-lentite-sioniste\/383865\/#primaryimage","url":"https:\/\/www.webdo.tn\/fr\/wp-content\/uploads\/2025\/09\/ravenna-port-new-1920x1080-1.jpg","contentUrl":"https:\/\/www.webdo.tn\/fr\/wp-content\/uploads\/2025\/09\/ravenna-port-new-1920x1080-1.jpg","width":1200,"height":608,"caption":"Italie : Au port de Ravenne, des dockers bloquent une cargaison d\u2019armes destin\u00e9e \u00e0 l\u2019entit\u00e9 sioniste"},{"@type":"BreadcrumbList","@id":"https:\/\/www.webdo.tn\/fr\/actualite\/international\/italie-au-port-de-ravenne-des-dockers-bloquent-une-cargaison-darmes-destinee-a-lentite-sioniste\/383865\/#breadcrumb","itemListElement":[{"@type":"ListItem","position":1,"name":"Accueil","item":"https:\/\/www.webdo.tn\/fr\/"},{"@type":"ListItem","position":2,"name":"Italie : Au port de Ravenne, des dockers bloquent une cargaison d\u2019armes destin\u00e9e \u00e0 l\u2019entit\u00e9 sioniste"}]},{"@type":"WebSite","@id":"https:\/\/www.webdo.tn\/fr\/#website","url":"https:\/\/www.webdo.tn\/fr\/","name":"webdo","description":"Tunisie - News en Tunisie et \u00e0 l&#039;international sur Webdo.tn","publisher":{"@id":"https:\/\/www.webdo.tn\/fr\/#organization"},"potentialAction":[{"@type":"SearchAction","target":{"@type":"EntryPoint","urlTemplate":"https:\/\/www.webdo.tn\/fr\/?s={search_term_string}"},"query-input":{"@type":"PropertyValueSpecification","valueRequired":true,"valueName":"search_term_string"}}],"inLanguage":"fr-FR"},{"@type":"Organization","@id":"https:\/\/www.webdo.tn\/fr\/#organization","name":"Webdo","alternateName":"Webdo.tn","url":"https:\/\/www.webdo.tn\/fr\/","logo":{"@type":"ImageObject","inLanguage":"fr-FR","@id":"https:\/\/www.webdo.tn\/fr\/#\/schema\/logo\/image\/","url":"https:\/\/www.webdo.tn\/fr\/wp-content\/uploads\/2025\/06\/Webdo-Tunisie_168377.jpg","contentUrl":"https:\/\/www.webdo.tn\/fr\/wp-content\/uploads\/2025\/06\/Webdo-Tunisie_168377.jpg","width":301,"height":301,"caption":"Webdo"},"image":{"@id":"https:\/\/www.webdo.tn\/fr\/#\/schema\/logo\/image\/"},"sameAs":["https:\/\/www.facebook.com\/webdotn","https:\/\/x.com\/webdo_tn"],"description":"Webdo est un m\u00e9dia num\u00e9rique tunisien fond\u00e9 en 2010, sp\u00e9cialis\u00e9 dans l\u2019actualit\u00e9 nationale et internationale, l\u2019\u00e9conomie, la soci\u00e9t\u00e9 et les analyses politiques. Le site s\u2019adresse \u00e0 un large public francophone et couvre l\u2019information tunisienne en temps r\u00e9el.","email":"redac@webdo.tn","legalName":"YNJ SARL","foundingDate":"2010-09-06","numberOfEmployees":{"@type":"QuantitativeValue","minValue":"11","maxValue":"50"}},{"@type":"Person","@id":"https:\/\/www.webdo.tn\/fr\/#\/schema\/person\/c652cd8fc2b1b44412b5ffb48c5a911d","name":"Mohamed Hedi Touati","image":{"@type":"ImageObject","inLanguage":"fr-FR","@id":"https:\/\/secure.gravatar.com\/avatar\/9cfd402c745b7a685f13eed0ea6e59d2144a3c2fc50a3db6fd5ed451f6cddf1a?s=96&d=mm&r=g","url":"https:\/\/secure.gravatar.com\/avatar\/9cfd402c745b7a685f13eed0ea6e59d2144a3c2fc50a3db6fd5ed451f6cddf1a?s=96&d=mm&r=g","contentUrl":"https:\/\/secure.gravatar.com\/avatar\/9cfd402c745b7a685f13eed0ea6e59d2144a3c2fc50a3db6fd5ed451f6cddf1a?s=96&d=mm&r=g","caption":"Mohamed Hedi Touati"},"url":"https:\/\/www.webdo.tn\/fr\/actualite\/author\/mohamed-hedi-touati\/"}]}},"_links":{"self":[{"href":"https:\/\/www.webdo.tn\/fr\/wp-json\/wp\/v2\/posts\/383865","targetHints":{"allow":["GET"]}}],"collection":[{"href":"https:\/\/www.webdo.tn\/fr\/wp-json\/wp\/v2\/posts"}],"about":[{"href":"https:\/\/www.webdo.tn\/fr\/wp-json\/wp\/v2\/types\/post"}],"author":[{"embeddable":true,"href":"https:\/\/www.webdo.tn\/fr\/wp-json\/wp\/v2\/users\/3191"}],"replies":[{"embeddable":true,"href":"https:\/\/www.webdo.tn\/fr\/wp-json\/wp\/v2\/comments?post=383865"}],"version-history":[{"count":0,"href":"https:\/\/www.webdo.tn\/fr\/wp-json\/wp\/v2\/posts\/383865\/revisions"}],"wp:featuredmedia":[{"embeddable":true,"href":"https:\/\/www.webdo.tn\/fr\/wp-json\/wp\/v2\/media\/383866"}],"wp:attachment":[{"href":"https:\/\/www.webdo.tn\/fr\/wp-json\/wp\/v2\/media?parent=383865"}],"wp:term":[{"taxonomy":"category","embeddable":true,"href":"https:\/\/www.webdo.tn\/fr\/wp-json\/wp\/v2\/categories?post=383865"},{"taxonomy":"post_tag","embeddable":true,"href":"https:\/\/www.webdo.tn\/fr\/wp-json\/wp\/v2\/tags?post=383865"}],"curies":[{"name":"wp","href":"https:\/\/api.w.org\/{rel}","templated":true}]}}