{"id":383861,"date":"2025-09-19T11:52:28","date_gmt":"2025-09-19T10:52:28","guid":{"rendered":"https:\/\/www.webdo.tn\/fr\/?p=383861"},"modified":"2025-09-19T18:54:35","modified_gmt":"2025-09-19T17:54:35","slug":"kasserine-creation-dune-antenne-de-la-pharmacie-centrale-un-projet-a-plus-de-3-millions-de-dinars","status":"publish","type":"post","link":"https:\/\/www.webdo.tn\/fr\/actualite\/regions\/kasserine-creation-dune-antenne-de-la-pharmacie-centrale-un-projet-a-plus-de-3-millions-de-dinars\/383861\/","title":{"rendered":"Kasserine : Cr\u00e9ation d\u2019une antenne de la Pharmacie centrale, un projet \u00e0 plus de 3 MD"},"content":{"rendered":"\n<p>Le directeur r\u00e9gional de la sant\u00e9 de Kasserine, Abdelghani Cha\u00e2bani, a annonc\u00e9 ce vendredi 19 septembre 2025 la mise en place prochaine d\u2019un nouveau si\u00e8ge de la Pharmacie centrale dans la r\u00e9gion. Le projet, estim\u00e9 \u00e0 plus de 3 millions de dinars, vise \u00e0 renforcer l\u2019approvisionnement des \u00e9tablissements publics de sant\u00e9.<\/p>\n\n\n\n<p>Une parcelle de terrain a d\u00e9j\u00e0 \u00e9t\u00e9 attribu\u00e9e au projet, apr\u00e8s une visite conjointe effectu\u00e9e jeudi 18 septembre par les repr\u00e9sentants de la Direction des domaines de l\u2019\u00c9tat, de la Pharmacie centrale, du gouvernorat et de la direction r\u00e9gionale de la sant\u00e9.<\/p>\n\n\n\n<h2 class=\"wp-block-heading\" id=\"h-un-calendrier-fixe-a-avril-2026\">Un calendrier fix\u00e9 \u00e0 avril 2026<\/h2>\n\n\n\n<p>Les travaux devraient d\u00e9marrer prochainement, avec un ach\u00e8vement pr\u00e9vu pour avril 2026. \u00c0 terme, cette antenne r\u00e9gionale garantira la disponibilit\u00e9 des m\u00e9dicaments dans l\u2019ensemble des structures publiques de Kasserine.<\/p>\n\n\n\n<p><\/p>\n\n\n\n<ul class=\"wp-block-list\">\n<li>Lire aussi : <a href=\"https:\/\/www.webdo.tn\/fr\/actualite\/national\/le-taux-de-medicaments-disponibles-a-la-pharmacie-centrale-ne-depasse-pas-les-30\/130965\/\">Le taux de m\u00e9dicaments disponibles \u00e0 la Pharmacie centrale ne d\u00e9passe pas les 30%<\/a><\/li>\n<\/ul>\n","protected":false},"excerpt":{"rendered":"<p>Le directeur r\u00e9gional de la sant\u00e9 de Kasserine, Abdelghani Cha\u00e2bani, a annonc\u00e9 ce vendredi 19 septembre 2025 la mise en place prochaine d\u2019un nouveau si\u00e8ge de la Pharmacie centrale dans la r\u00e9gion. Le projet, estim\u00e9 \u00e0 plus de 3 millions de dinars, vise \u00e0 renforcer l\u2019approvisionnement des \u00e9tablissements publics de sant\u00e9. Une parcelle de terrain [&hellip;]<\/p>\n","protected":false},"author":3191,"featured_media":383862,"comment_status":"closed","ping_status":"closed","sticky":false,"template":"","format":"standard","meta":{"footnotes":""},"categories":[2595],"tags":[2744,4650,2608],"class_list":["post-383861","post","type-post","status-publish","format-standard","has-post-thumbnail","hentry","category-regions","tag-kasserine","tag-pharmacie-centrale","tag-tunisie"],"yoast_head":"<!-- This site is optimized with the Yoast SEO Premium plugin v27.5 (Yoast SEO v27.5) - https:\/\/yoast.com\/product\/yoast-seo-premium-wordpress\/ -->\n<title>Kasserine : Cr\u00e9ation d\u2019une antenne de la Pharmacie centrale, un projet \u00e0 plus de 3 MD - webdo<\/title>\n<meta name=\"description\" content=\"D\u00e9couvrez le projet de cr\u00e9ation d&#039;une antenne de la Pharmacie centrale \u00e0 Kasserine, un investissement de plus de 3 millions de dinars.\" \/>\n<link rel=\"canonical\" href=\"https:\/\/www.webdo.tn\/fr\/actualite\/regions\/kasserine-creation-dune-antenne-de-la-pharmacie-centrale-un-projet-a-plus-de-3-millions-de-dinars\/383861\/\" \/>\n<meta property=\"og:locale\" content=\"fr_FR\" \/>\n<meta property=\"og:type\" content=\"article\" \/>\n<meta property=\"og:title\" content=\"Kasserine : Cr\u00e9ation d\u2019une antenne de la Pharmacie centrale, un projet \u00e0 plus de 3 MD\" \/>\n<meta property=\"og:description\" content=\"D\u00e9couvrez le projet de cr\u00e9ation d&#039;une antenne de la Pharmacie centrale \u00e0 Kasserine, un investissement de plus de 3 millions de dinars.\" \/>\n<meta property=\"og:url\" content=\"https:\/\/www.webdo.tn\/fr\/actualite\/regions\/kasserine-creation-dune-antenne-de-la-pharmacie-centrale-un-projet-a-plus-de-3-millions-de-dinars\/383861\/\" \/>\n<meta property=\"og:site_name\" content=\"webdo\" \/>\n<meta property=\"article:publisher\" content=\"https:\/\/www.facebook.com\/webdotn\" \/>\n<meta property=\"article:published_time\" content=\"2025-09-19T10:52:28+00:00\" \/>\n<meta property=\"article:modified_time\" content=\"2025-09-19T17:54:35+00:00\" \/>\n<meta property=\"og:image\" content=\"https:\/\/www.webdo.tn\/fr\/wp-content\/uploads\/2025\/09\/pharmacie-centrale-tunisie.jpg\" \/>\n\t<meta property=\"og:image:width\" content=\"1200\" \/>\n\t<meta property=\"og:image:height\" content=\"600\" \/>\n\t<meta property=\"og:image:type\" content=\"image\/jpeg\" \/>\n<meta name=\"author\" content=\"Mohamed Hedi Touati\" \/>\n<meta name=\"twitter:card\" content=\"summary_large_image\" \/>\n<meta name=\"twitter:creator\" content=\"@webdo_tn\" \/>\n<meta name=\"twitter:site\" content=\"@webdo_tn\" \/>\n<meta name=\"twitter:label1\" content=\"\u00c9crit par\" \/>\n\t<meta name=\"twitter:data1\" content=\"Mohamed Hedi Touati\" \/>\n\t<meta name=\"twitter:label2\" content=\"Dur\u00e9e de lecture estim\u00e9e\" \/>\n\t<meta name=\"twitter:data2\" content=\"1 minute\" \/>\n<script type=\"application\/ld+json\" class=\"yoast-schema-graph\">{\"@context\":\"https:\\\/\\\/schema.org\",\"@graph\":[{\"@type\":\"NewsArticle\",\"@id\":\"https:\\\/\\\/www.webdo.tn\\\/fr\\\/actualite\\\/regions\\\/kasserine-creation-dune-antenne-de-la-pharmacie-centrale-un-projet-a-plus-de-3-millions-de-dinars\\\/383861\\\/#article\",\"isPartOf\":{\"@id\":\"https:\\\/\\\/www.webdo.tn\\\/fr\\\/actualite\\\/regions\\\/kasserine-creation-dune-antenne-de-la-pharmacie-centrale-un-projet-a-plus-de-3-millions-de-dinars\\\/383861\\\/\"},\"author\":{\"name\":\"Mohamed Hedi Touati\",\"@id\":\"https:\\\/\\\/www.webdo.tn\\\/fr\\\/#\\\/schema\\\/person\\\/c652cd8fc2b1b44412b5ffb48c5a911d\"},\"headline\":\"Kasserine : Cr\u00e9ation d\u2019une antenne de la Pharmacie centrale, un projet \u00e0 plus de 3 MD\",\"datePublished\":\"2025-09-19T10:52:28+00:00\",\"dateModified\":\"2025-09-19T17:54:35+00:00\",\"mainEntityOfPage\":{\"@id\":\"https:\\\/\\\/www.webdo.tn\\\/fr\\\/actualite\\\/regions\\\/kasserine-creation-dune-antenne-de-la-pharmacie-centrale-un-projet-a-plus-de-3-millions-de-dinars\\\/383861\\\/\"},\"wordCount\":168,\"publisher\":{\"@id\":\"https:\\\/\\\/www.webdo.tn\\\/fr\\\/#organization\"},\"image\":{\"@id\":\"https:\\\/\\\/www.webdo.tn\\\/fr\\\/actualite\\\/regions\\\/kasserine-creation-dune-antenne-de-la-pharmacie-centrale-un-projet-a-plus-de-3-millions-de-dinars\\\/383861\\\/#primaryimage\"},\"thumbnailUrl\":\"https:\\\/\\\/www.webdo.tn\\\/fr\\\/wp-content\\\/uploads\\\/2025\\\/09\\\/pharmacie-centrale-tunisie.jpg\",\"keywords\":[\"Kasserine\",\"Pharmacie centrale\",\"Tunisie\"],\"articleSection\":[\"regions\"],\"inLanguage\":\"fr-FR\"},{\"@type\":\"WebPage\",\"@id\":\"https:\\\/\\\/www.webdo.tn\\\/fr\\\/actualite\\\/regions\\\/kasserine-creation-dune-antenne-de-la-pharmacie-centrale-un-projet-a-plus-de-3-millions-de-dinars\\\/383861\\\/\",\"url\":\"https:\\\/\\\/www.webdo.tn\\\/fr\\\/actualite\\\/regions\\\/kasserine-creation-dune-antenne-de-la-pharmacie-centrale-un-projet-a-plus-de-3-millions-de-dinars\\\/383861\\\/\",\"name\":\"Kasserine : Cr\u00e9ation d\u2019une antenne de la Pharmacie centrale, un projet \u00e0 plus de 3 MD - webdo\",\"isPartOf\":{\"@id\":\"https:\\\/\\\/www.webdo.tn\\\/fr\\\/#website\"},\"primaryImageOfPage\":{\"@id\":\"https:\\\/\\\/www.webdo.tn\\\/fr\\\/actualite\\\/regions\\\/kasserine-creation-dune-antenne-de-la-pharmacie-centrale-un-projet-a-plus-de-3-millions-de-dinars\\\/383861\\\/#primaryimage\"},\"image\":{\"@id\":\"https:\\\/\\\/www.webdo.tn\\\/fr\\\/actualite\\\/regions\\\/kasserine-creation-dune-antenne-de-la-pharmacie-centrale-un-projet-a-plus-de-3-millions-de-dinars\\\/383861\\\/#primaryimage\"},\"thumbnailUrl\":\"https:\\\/\\\/www.webdo.tn\\\/fr\\\/wp-content\\\/uploads\\\/2025\\\/09\\\/pharmacie-centrale-tunisie.jpg\",\"datePublished\":\"2025-09-19T10:52:28+00:00\",\"dateModified\":\"2025-09-19T17:54:35+00:00\",\"description\":\"D\u00e9couvrez le projet de cr\u00e9ation d'une antenne de la Pharmacie centrale \u00e0 Kasserine, un investissement de plus de 3 millions de dinars.\",\"breadcrumb\":{\"@id\":\"https:\\\/\\\/www.webdo.tn\\\/fr\\\/actualite\\\/regions\\\/kasserine-creation-dune-antenne-de-la-pharmacie-centrale-un-projet-a-plus-de-3-millions-de-dinars\\\/383861\\\/#breadcrumb\"},\"inLanguage\":\"fr-FR\",\"potentialAction\":[{\"@type\":\"ReadAction\",\"target\":[\"https:\\\/\\\/www.webdo.tn\\\/fr\\\/actualite\\\/regions\\\/kasserine-creation-dune-antenne-de-la-pharmacie-centrale-un-projet-a-plus-de-3-millions-de-dinars\\\/383861\\\/\"]}]},{\"@type\":\"ImageObject\",\"inLanguage\":\"fr-FR\",\"@id\":\"https:\\\/\\\/www.webdo.tn\\\/fr\\\/actualite\\\/regions\\\/kasserine-creation-dune-antenne-de-la-pharmacie-centrale-un-projet-a-plus-de-3-millions-de-dinars\\\/383861\\\/#primaryimage\",\"url\":\"https:\\\/\\\/www.webdo.tn\\\/fr\\\/wp-content\\\/uploads\\\/2025\\\/09\\\/pharmacie-centrale-tunisie.jpg\",\"contentUrl\":\"https:\\\/\\\/www.webdo.tn\\\/fr\\\/wp-content\\\/uploads\\\/2025\\\/09\\\/pharmacie-centrale-tunisie.jpg\",\"width\":1200,\"height\":600,\"caption\":\"P\u00e9nurie de m\u00e9dicaments : Le FTDES r\u00e9clame un plan d\u2019urgence pour sauver la Pharmacie centrale\"},{\"@type\":\"BreadcrumbList\",\"@id\":\"https:\\\/\\\/www.webdo.tn\\\/fr\\\/actualite\\\/regions\\\/kasserine-creation-dune-antenne-de-la-pharmacie-centrale-un-projet-a-plus-de-3-millions-de-dinars\\\/383861\\\/#breadcrumb\",\"itemListElement\":[{\"@type\":\"ListItem\",\"position\":1,\"name\":\"Accueil\",\"item\":\"https:\\\/\\\/www.webdo.tn\\\/fr\\\/\"},{\"@type\":\"ListItem\",\"position\":2,\"name\":\"Kasserine : Cr\u00e9ation d\u2019une antenne de la Pharmacie centrale, un projet \u00e0 plus de 3 MD\"}]},{\"@type\":\"WebSite\",\"@id\":\"https:\\\/\\\/www.webdo.tn\\\/fr\\\/#website\",\"url\":\"https:\\\/\\\/www.webdo.tn\\\/fr\\\/\",\"name\":\"webdo\",\"description\":\"Tunisie - News en Tunisie et \u00e0 l&#039;international sur Webdo.tn\",\"publisher\":{\"@id\":\"https:\\\/\\\/www.webdo.tn\\\/fr\\\/#organization\"},\"potentialAction\":[{\"@type\":\"SearchAction\",\"target\":{\"@type\":\"EntryPoint\",\"urlTemplate\":\"https:\\\/\\\/www.webdo.tn\\\/fr\\\/?s={search_term_string}\"},\"query-input\":{\"@type\":\"PropertyValueSpecification\",\"valueRequired\":true,\"valueName\":\"search_term_string\"}}],\"inLanguage\":\"fr-FR\"},{\"@type\":\"Organization\",\"@id\":\"https:\\\/\\\/www.webdo.tn\\\/fr\\\/#organization\",\"name\":\"Webdo\",\"alternateName\":\"Webdo.tn\",\"url\":\"https:\\\/\\\/www.webdo.tn\\\/fr\\\/\",\"logo\":{\"@type\":\"ImageObject\",\"inLanguage\":\"fr-FR\",\"@id\":\"https:\\\/\\\/www.webdo.tn\\\/fr\\\/#\\\/schema\\\/logo\\\/image\\\/\",\"url\":\"https:\\\/\\\/www.webdo.tn\\\/fr\\\/wp-content\\\/uploads\\\/2025\\\/06\\\/Webdo-Tunisie_168377.jpg\",\"contentUrl\":\"https:\\\/\\\/www.webdo.tn\\\/fr\\\/wp-content\\\/uploads\\\/2025\\\/06\\\/Webdo-Tunisie_168377.jpg\",\"width\":301,\"height\":301,\"caption\":\"Webdo\"},\"image\":{\"@id\":\"https:\\\/\\\/www.webdo.tn\\\/fr\\\/#\\\/schema\\\/logo\\\/image\\\/\"},\"sameAs\":[\"https:\\\/\\\/www.facebook.com\\\/webdotn\",\"https:\\\/\\\/x.com\\\/webdo_tn\"],\"description\":\"Webdo est un m\u00e9dia num\u00e9rique tunisien fond\u00e9 en 2010, sp\u00e9cialis\u00e9 dans l\u2019actualit\u00e9 nationale et internationale, l\u2019\u00e9conomie, la soci\u00e9t\u00e9 et les analyses politiques. Le site s\u2019adresse \u00e0 un large public francophone et couvre l\u2019information tunisienne en temps r\u00e9el.\",\"email\":\"redac@webdo.tn\",\"legalName\":\"YNJ SARL\",\"foundingDate\":\"2010-09-06\",\"numberOfEmployees\":{\"@type\":\"QuantitativeValue\",\"minValue\":\"11\",\"maxValue\":\"50\"}},{\"@type\":\"Person\",\"@id\":\"https:\\\/\\\/www.webdo.tn\\\/fr\\\/#\\\/schema\\\/person\\\/c652cd8fc2b1b44412b5ffb48c5a911d\",\"name\":\"Mohamed Hedi Touati\",\"image\":{\"@type\":\"ImageObject\",\"inLanguage\":\"fr-FR\",\"@id\":\"https:\\\/\\\/secure.gravatar.com\\\/avatar\\\/9cfd402c745b7a685f13eed0ea6e59d2144a3c2fc50a3db6fd5ed451f6cddf1a?s=96&d=mm&r=g\",\"url\":\"https:\\\/\\\/secure.gravatar.com\\\/avatar\\\/9cfd402c745b7a685f13eed0ea6e59d2144a3c2fc50a3db6fd5ed451f6cddf1a?s=96&d=mm&r=g\",\"contentUrl\":\"https:\\\/\\\/secure.gravatar.com\\\/avatar\\\/9cfd402c745b7a685f13eed0ea6e59d2144a3c2fc50a3db6fd5ed451f6cddf1a?s=96&d=mm&r=g\",\"caption\":\"Mohamed Hedi Touati\"},\"url\":\"https:\\\/\\\/www.webdo.tn\\\/fr\\\/actualite\\\/author\\\/mohamed-hedi-touati\\\/\"}]}<\/script>\n<!-- \/ Yoast SEO Premium plugin. -->","yoast_head_json":{"title":"Kasserine : Cr\u00e9ation d\u2019une antenne de la Pharmacie centrale, un projet \u00e0 plus de 3 MD - webdo","description":"D\u00e9couvrez le projet de cr\u00e9ation d'une antenne de la Pharmacie centrale \u00e0 Kasserine, un investissement de plus de 3 millions de dinars.","canonical":"https:\/\/www.webdo.tn\/fr\/actualite\/regions\/kasserine-creation-dune-antenne-de-la-pharmacie-centrale-un-projet-a-plus-de-3-millions-de-dinars\/383861\/","og_locale":"fr_FR","og_type":"article","og_title":"Kasserine : Cr\u00e9ation d\u2019une antenne de la Pharmacie centrale, un projet \u00e0 plus de 3 MD","og_description":"D\u00e9couvrez le projet de cr\u00e9ation d'une antenne de la Pharmacie centrale \u00e0 Kasserine, un investissement de plus de 3 millions de dinars.","og_url":"https:\/\/www.webdo.tn\/fr\/actualite\/regions\/kasserine-creation-dune-antenne-de-la-pharmacie-centrale-un-projet-a-plus-de-3-millions-de-dinars\/383861\/","og_site_name":"webdo","article_publisher":"https:\/\/www.facebook.com\/webdotn","article_published_time":"2025-09-19T10:52:28+00:00","article_modified_time":"2025-09-19T17:54:35+00:00","og_image":[{"width":1200,"height":600,"url":"https:\/\/www.webdo.tn\/fr\/wp-content\/uploads\/2025\/09\/pharmacie-centrale-tunisie.jpg","type":"image\/jpeg"}],"author":"Mohamed Hedi Touati","twitter_card":"summary_large_image","twitter_creator":"@webdo_tn","twitter_site":"@webdo_tn","twitter_misc":{"\u00c9crit par":"Mohamed Hedi Touati","Dur\u00e9e de lecture estim\u00e9e":"1 minute"},"schema":{"@context":"https:\/\/schema.org","@graph":[{"@type":"NewsArticle","@id":"https:\/\/www.webdo.tn\/fr\/actualite\/regions\/kasserine-creation-dune-antenne-de-la-pharmacie-centrale-un-projet-a-plus-de-3-millions-de-dinars\/383861\/#article","isPartOf":{"@id":"https:\/\/www.webdo.tn\/fr\/actualite\/regions\/kasserine-creation-dune-antenne-de-la-pharmacie-centrale-un-projet-a-plus-de-3-millions-de-dinars\/383861\/"},"author":{"name":"Mohamed Hedi Touati","@id":"https:\/\/www.webdo.tn\/fr\/#\/schema\/person\/c652cd8fc2b1b44412b5ffb48c5a911d"},"headline":"Kasserine : Cr\u00e9ation d\u2019une antenne de la Pharmacie centrale, un projet \u00e0 plus de 3 MD","datePublished":"2025-09-19T10:52:28+00:00","dateModified":"2025-09-19T17:54:35+00:00","mainEntityOfPage":{"@id":"https:\/\/www.webdo.tn\/fr\/actualite\/regions\/kasserine-creation-dune-antenne-de-la-pharmacie-centrale-un-projet-a-plus-de-3-millions-de-dinars\/383861\/"},"wordCount":168,"publisher":{"@id":"https:\/\/www.webdo.tn\/fr\/#organization"},"image":{"@id":"https:\/\/www.webdo.tn\/fr\/actualite\/regions\/kasserine-creation-dune-antenne-de-la-pharmacie-centrale-un-projet-a-plus-de-3-millions-de-dinars\/383861\/#primaryimage"},"thumbnailUrl":"https:\/\/www.webdo.tn\/fr\/wp-content\/uploads\/2025\/09\/pharmacie-centrale-tunisie.jpg","keywords":["Kasserine","Pharmacie centrale","Tunisie"],"articleSection":["regions"],"inLanguage":"fr-FR"},{"@type":"WebPage","@id":"https:\/\/www.webdo.tn\/fr\/actualite\/regions\/kasserine-creation-dune-antenne-de-la-pharmacie-centrale-un-projet-a-plus-de-3-millions-de-dinars\/383861\/","url":"https:\/\/www.webdo.tn\/fr\/actualite\/regions\/kasserine-creation-dune-antenne-de-la-pharmacie-centrale-un-projet-a-plus-de-3-millions-de-dinars\/383861\/","name":"Kasserine : Cr\u00e9ation d\u2019une antenne de la Pharmacie centrale, un projet \u00e0 plus de 3 MD - webdo","isPartOf":{"@id":"https:\/\/www.webdo.tn\/fr\/#website"},"primaryImageOfPage":{"@id":"https:\/\/www.webdo.tn\/fr\/actualite\/regions\/kasserine-creation-dune-antenne-de-la-pharmacie-centrale-un-projet-a-plus-de-3-millions-de-dinars\/383861\/#primaryimage"},"image":{"@id":"https:\/\/www.webdo.tn\/fr\/actualite\/regions\/kasserine-creation-dune-antenne-de-la-pharmacie-centrale-un-projet-a-plus-de-3-millions-de-dinars\/383861\/#primaryimage"},"thumbnailUrl":"https:\/\/www.webdo.tn\/fr\/wp-content\/uploads\/2025\/09\/pharmacie-centrale-tunisie.jpg","datePublished":"2025-09-19T10:52:28+00:00","dateModified":"2025-09-19T17:54:35+00:00","description":"D\u00e9couvrez le projet de cr\u00e9ation d'une antenne de la Pharmacie centrale \u00e0 Kasserine, un investissement de plus de 3 millions de dinars.","breadcrumb":{"@id":"https:\/\/www.webdo.tn\/fr\/actualite\/regions\/kasserine-creation-dune-antenne-de-la-pharmacie-centrale-un-projet-a-plus-de-3-millions-de-dinars\/383861\/#breadcrumb"},"inLanguage":"fr-FR","potentialAction":[{"@type":"ReadAction","target":["https:\/\/www.webdo.tn\/fr\/actualite\/regions\/kasserine-creation-dune-antenne-de-la-pharmacie-centrale-un-projet-a-plus-de-3-millions-de-dinars\/383861\/"]}]},{"@type":"ImageObject","inLanguage":"fr-FR","@id":"https:\/\/www.webdo.tn\/fr\/actualite\/regions\/kasserine-creation-dune-antenne-de-la-pharmacie-centrale-un-projet-a-plus-de-3-millions-de-dinars\/383861\/#primaryimage","url":"https:\/\/www.webdo.tn\/fr\/wp-content\/uploads\/2025\/09\/pharmacie-centrale-tunisie.jpg","contentUrl":"https:\/\/www.webdo.tn\/fr\/wp-content\/uploads\/2025\/09\/pharmacie-centrale-tunisie.jpg","width":1200,"height":600,"caption":"P\u00e9nurie de m\u00e9dicaments : Le FTDES r\u00e9clame un plan d\u2019urgence pour sauver la Pharmacie centrale"},{"@type":"BreadcrumbList","@id":"https:\/\/www.webdo.tn\/fr\/actualite\/regions\/kasserine-creation-dune-antenne-de-la-pharmacie-centrale-un-projet-a-plus-de-3-millions-de-dinars\/383861\/#breadcrumb","itemListElement":[{"@type":"ListItem","position":1,"name":"Accueil","item":"https:\/\/www.webdo.tn\/fr\/"},{"@type":"ListItem","position":2,"name":"Kasserine : Cr\u00e9ation d\u2019une antenne de la Pharmacie centrale, un projet \u00e0 plus de 3 MD"}]},{"@type":"WebSite","@id":"https:\/\/www.webdo.tn\/fr\/#website","url":"https:\/\/www.webdo.tn\/fr\/","name":"webdo","description":"Tunisie - News en Tunisie et \u00e0 l&#039;international sur Webdo.tn","publisher":{"@id":"https:\/\/www.webdo.tn\/fr\/#organization"},"potentialAction":[{"@type":"SearchAction","target":{"@type":"EntryPoint","urlTemplate":"https:\/\/www.webdo.tn\/fr\/?s={search_term_string}"},"query-input":{"@type":"PropertyValueSpecification","valueRequired":true,"valueName":"search_term_string"}}],"inLanguage":"fr-FR"},{"@type":"Organization","@id":"https:\/\/www.webdo.tn\/fr\/#organization","name":"Webdo","alternateName":"Webdo.tn","url":"https:\/\/www.webdo.tn\/fr\/","logo":{"@type":"ImageObject","inLanguage":"fr-FR","@id":"https:\/\/www.webdo.tn\/fr\/#\/schema\/logo\/image\/","url":"https:\/\/www.webdo.tn\/fr\/wp-content\/uploads\/2025\/06\/Webdo-Tunisie_168377.jpg","contentUrl":"https:\/\/www.webdo.tn\/fr\/wp-content\/uploads\/2025\/06\/Webdo-Tunisie_168377.jpg","width":301,"height":301,"caption":"Webdo"},"image":{"@id":"https:\/\/www.webdo.tn\/fr\/#\/schema\/logo\/image\/"},"sameAs":["https:\/\/www.facebook.com\/webdotn","https:\/\/x.com\/webdo_tn"],"description":"Webdo est un m\u00e9dia num\u00e9rique tunisien fond\u00e9 en 2010, sp\u00e9cialis\u00e9 dans l\u2019actualit\u00e9 nationale et internationale, l\u2019\u00e9conomie, la soci\u00e9t\u00e9 et les analyses politiques. Le site s\u2019adresse \u00e0 un large public francophone et couvre l\u2019information tunisienne en temps r\u00e9el.","email":"redac@webdo.tn","legalName":"YNJ SARL","foundingDate":"2010-09-06","numberOfEmployees":{"@type":"QuantitativeValue","minValue":"11","maxValue":"50"}},{"@type":"Person","@id":"https:\/\/www.webdo.tn\/fr\/#\/schema\/person\/c652cd8fc2b1b44412b5ffb48c5a911d","name":"Mohamed Hedi Touati","image":{"@type":"ImageObject","inLanguage":"fr-FR","@id":"https:\/\/secure.gravatar.com\/avatar\/9cfd402c745b7a685f13eed0ea6e59d2144a3c2fc50a3db6fd5ed451f6cddf1a?s=96&d=mm&r=g","url":"https:\/\/secure.gravatar.com\/avatar\/9cfd402c745b7a685f13eed0ea6e59d2144a3c2fc50a3db6fd5ed451f6cddf1a?s=96&d=mm&r=g","contentUrl":"https:\/\/secure.gravatar.com\/avatar\/9cfd402c745b7a685f13eed0ea6e59d2144a3c2fc50a3db6fd5ed451f6cddf1a?s=96&d=mm&r=g","caption":"Mohamed Hedi Touati"},"url":"https:\/\/www.webdo.tn\/fr\/actualite\/author\/mohamed-hedi-touati\/"}]}},"_links":{"self":[{"href":"https:\/\/www.webdo.tn\/fr\/wp-json\/wp\/v2\/posts\/383861","targetHints":{"allow":["GET"]}}],"collection":[{"href":"https:\/\/www.webdo.tn\/fr\/wp-json\/wp\/v2\/posts"}],"about":[{"href":"https:\/\/www.webdo.tn\/fr\/wp-json\/wp\/v2\/types\/post"}],"author":[{"embeddable":true,"href":"https:\/\/www.webdo.tn\/fr\/wp-json\/wp\/v2\/users\/3191"}],"replies":[{"embeddable":true,"href":"https:\/\/www.webdo.tn\/fr\/wp-json\/wp\/v2\/comments?post=383861"}],"version-history":[{"count":0,"href":"https:\/\/www.webdo.tn\/fr\/wp-json\/wp\/v2\/posts\/383861\/revisions"}],"wp:featuredmedia":[{"embeddable":true,"href":"https:\/\/www.webdo.tn\/fr\/wp-json\/wp\/v2\/media\/383862"}],"wp:attachment":[{"href":"https:\/\/www.webdo.tn\/fr\/wp-json\/wp\/v2\/media?parent=383861"}],"wp:term":[{"taxonomy":"category","embeddable":true,"href":"https:\/\/www.webdo.tn\/fr\/wp-json\/wp\/v2\/categories?post=383861"},{"taxonomy":"post_tag","embeddable":true,"href":"https:\/\/www.webdo.tn\/fr\/wp-json\/wp\/v2\/tags?post=383861"}],"curies":[{"name":"wp","href":"https:\/\/api.w.org\/{rel}","templated":true}]}}