{"id":383806,"date":"2025-09-18T11:39:09","date_gmt":"2025-09-18T10:39:09","guid":{"rendered":"https:\/\/www.webdo.tn\/fr\/?p=383806"},"modified":"2025-09-19T11:52:59","modified_gmt":"2025-09-19T10:52:59","slug":"carrefour-plie-face-au-boycott-et-quitte-le-koweit-apres-la-jordanie-oman-et-bahrein","status":"publish","type":"post","link":"https:\/\/www.webdo.tn\/fr\/actualite\/international\/carrefour-plie-face-au-boycott-et-quitte-le-koweit-apres-la-jordanie-oman-et-bahrein\/383806\/","title":{"rendered":"Carrefour plie face au boycott et quitte le Kowe\u00eft, apr\u00e8s la Jordanie, Oman et Bahre\u00efn"},"content":{"rendered":"\n<p><strong>La filiale kowe\u00eftienne du g\u00e9ant fran\u00e7ais de la distribution a annonc\u00e9, mardi 16 septembre 2025, la cessation de ses activit\u00e9s au Kowe\u00eft, remerciant ses clients pour leur fid\u00e9lit\u00e9. Ce d\u00e9part s\u2019inscrit dans une s\u00e9rie de retraits r\u00e9gionaux, apr\u00e8s la Jordanie (novembre 2024), Oman (janvier 2025) et Bahre\u00efn (14 septembre 2025).<\/strong><\/p>\n\n\n\n<p>Le groupe Majid Al Futtaim (MAF), d\u00e9tenteur des droits exclusifs d\u2019exploitation de Carrefour depuis 1995 dans douze pays du Moyen-Orient, d\u2019Afrique et d\u2019Asie, a enregistr\u00e9 une baisse de 11% de son chiffre d\u2019affaires au premier semestre 2024 (2,66 milliards d\u2019euros) et une chute de 47% de son EBITDA (63,9 millions d\u2019euros).<\/p>\n\n\n\n<p>Le groupe explique ce recul par \u00ab la baisse de confiance des consommateurs suite aux conflits g\u00e9opolitiques dans la r\u00e9gion \u00bb. Comme Starbucks en Malaisie, Carrefour paie les cons\u00e9quences du boycott li\u00e9 \u00e0 une perception de complicit\u00e9 avec Isra\u00ebl.<\/p>\n\n\n\n<p>Pour assurer la continuit\u00e9 de ses activit\u00e9s, MAF a lanc\u00e9 sa nouvelle enseigne HyperMax au Kowe\u00eft, d\u00e9j\u00e0 inaugur\u00e9e en Jordanie en novembre 2024 lors du retrait de Carrefour. Sur un total d\u2019environ 390 magasins sous licence Carrefour, 56 ont \u00e9t\u00e9 rebrand\u00e9s en HyperMax en moins d\u2019un an, soit pr\u00e8s de 14% du parc r\u00e9gional.<\/p>\n\n\n\n<p>Mercredi matin, les sites officiels de Carrefour Kowe\u00eft et Bahre\u00efn n\u2019\u00e9taient plus accessibles, symbolisant la fin de l\u2019\u00e8re Carrefour dans ces pays et illustrant l\u2019impact concret du boycott sur les multinationales pr\u00e9sentes au Moyen-Orient.<\/p>\n\n\n\n<h2 class=\"wp-block-heading\" id=\"h-le-boycott-une-arme-economique-et-politique\">Le boycott, une arme \u00e9conomique et politique<\/h2>\n\n\n\n<p>Depuis octobre 2023, la guerre \u00e0 Gaza a d\u00e9clench\u00e9 une vague de boycott contre les multinationales accus\u00e9es de soutenir Isra\u00ebl. En Tunisie comme au Moyen-Orient, des marques telles que KFC, Coca-Cola ou Carrefour subissent la pression des consommateurs. <\/p>\n\n\n\n<p>Les r\u00e9seaux sociaux, notamment TikTok et Instagram, relaient massivement le hashtag #boycottcarrefour, qui cumule des millions de vues et t\u00e9moigne de l\u2019ampleur du mouvement. Les vid\u00e9os d\u2019all\u00e9es d\u00e9sertes se multiplient. <a href=\"https:\/\/www.webdo.tn\/fr\/actualite\/national\/manifestation-a-linterieur-du-carrefour-la-marsa-heurts-et-boycott-annonce\/382501\/\">En Tunisie, un magasin \u00e0 La Marsa a m\u00eame \u00e9t\u00e9 le th\u00e9\u00e2tre d\u2019une manifestation appelant au boycott<\/a>.<\/p>\n\n\n\n<p>Cette pression constante affecte directement les performances commerciales : les supermarch\u00e9s constatent une baisse des ventes, tandis que les restaurants de cha\u00eenes internationales voient leur fr\u00e9quentation chuter. Les experts soulignent que ce boycott est devenu une forme de r\u00e9sistance \u00e9conomique et politique, durable et structur\u00e9e, qui oblige les multinationales \u00e0 adapter leurs strat\u00e9gies dans la r\u00e9gion.<\/p>\n\n\n\n<p>En Tunisie, le boycott d\u00e9passe l\u2019acte d\u2019achat et se traduit par des manifestations dans les magasins et des campagnes sur les r\u00e9seaux sociaux. L\u2019impact sur l\u2019image des entreprises est tel que certains points de vente envisagent des ventes ou des fermetures, illustrant la port\u00e9e concr\u00e8te et symbolique de ce mouvement citoyen.<\/p>\n\n\n\n<p><\/p>\n\n\n\n<p><strong>Lire aussi :<\/strong><\/p>\n\n\n\n<ul class=\"wp-block-list\">\n<li><a href=\"https:\/\/www.webdo.tn\/fr\/actualite\/national\/boycott-contre-israel-des-multinationales-dans-la-tourmente-en-tunisie-et-au-moyen-orient\/383130\/\">Boycott contre Isra\u00ebl : Des multinationales dans la tourmente en Tunisie et au Moyen-Orient<\/a><\/li>\n\n\n\n<li><a href=\"https:\/\/www.webdo.tn\/fr\/actualite\/national\/manifestation-a-linterieur-du-carrefour-la-marsa-heurts-et-boycott-annonce\/382501\/\">Manifestation \u00e0 l\u2019int\u00e9rieur du Carrefour La Marsa : heurts et boycott annonc\u00e9<\/a><\/li>\n<\/ul>\n","protected":false},"excerpt":{"rendered":"<p>La filiale kowe\u00eftienne du g\u00e9ant fran\u00e7ais de la distribution a annonc\u00e9, mardi 16 septembre 2025, la cessation de ses activit\u00e9s au Kowe\u00eft, remerciant ses clients pour leur fid\u00e9lit\u00e9. Ce d\u00e9part s\u2019inscrit dans une s\u00e9rie de retraits r\u00e9gionaux, apr\u00e8s la Jordanie (novembre 2024), Oman (janvier 2025) et Bahre\u00efn (14 septembre 2025). Le groupe Majid Al Futtaim [&hellip;]<\/p>\n","protected":false},"author":3191,"featured_media":383807,"comment_status":"closed","ping_status":"closed","sticky":false,"template":"","format":"standard","meta":{"footnotes":""},"categories":[2598],"tags":[3509,12907,2689,2636,2688],"class_list":["post-383806","post","type-post","status-publish","format-standard","has-post-thumbnail","hentry","category-international","tag-boycott","tag-carrefour","tag-gaza","tag-israel","tag-palestine"],"yoast_head":"<!-- This site is optimized with the Yoast SEO Premium plugin v27.5 (Yoast SEO v27.5) - https:\/\/yoast.com\/product\/yoast-seo-premium-wordpress\/ -->\n<title>Carrefour plie face au boycott et quitte le Kowe\u00eft, apr\u00e8s la Jordanie, Oman et Bahre\u00efn - webdo<\/title>\n<meta name=\"description\" content=\"Analyson la cessation des activit\u00e9s de Carrefour au Kowe\u00eft. Ce retrait survient apr\u00e8s des d\u00e9parts similaires dans d&#039;autres pays.\" \/>\n<link rel=\"canonical\" href=\"https:\/\/www.webdo.tn\/fr\/actualite\/international\/carrefour-plie-face-au-boycott-et-quitte-le-koweit-apres-la-jordanie-oman-et-bahrein\/383806\/\" \/>\n<meta property=\"og:locale\" content=\"fr_FR\" \/>\n<meta property=\"og:type\" content=\"article\" \/>\n<meta property=\"og:title\" content=\"Carrefour plie face au boycott et quitte le Kowe\u00eft, apr\u00e8s la Jordanie, Oman et Bahre\u00efn\" \/>\n<meta property=\"og:description\" content=\"Analyson la cessation des activit\u00e9s de Carrefour au Kowe\u00eft. Ce retrait survient apr\u00e8s des d\u00e9parts similaires dans d&#039;autres pays.\" \/>\n<meta property=\"og:url\" content=\"https:\/\/www.webdo.tn\/fr\/actualite\/international\/carrefour-plie-face-au-boycott-et-quitte-le-koweit-apres-la-jordanie-oman-et-bahrein\/383806\/\" \/>\n<meta property=\"og:site_name\" content=\"webdo\" \/>\n<meta property=\"article:publisher\" content=\"https:\/\/www.facebook.com\/webdotn\" \/>\n<meta property=\"article:published_time\" content=\"2025-09-18T10:39:09+00:00\" \/>\n<meta property=\"article:modified_time\" content=\"2025-09-19T10:52:59+00:00\" \/>\n<meta property=\"og:image\" content=\"https:\/\/www.webdo.tn\/fr\/wp-content\/uploads\/2025\/09\/carrefour.jpg\" \/>\n\t<meta property=\"og:image:width\" content=\"1000\" \/>\n\t<meta property=\"og:image:height\" content=\"500\" \/>\n\t<meta property=\"og:image:type\" content=\"image\/jpeg\" \/>\n<meta name=\"author\" content=\"Mohamed Hedi Touati\" \/>\n<meta name=\"twitter:card\" content=\"summary_large_image\" \/>\n<meta name=\"twitter:creator\" content=\"@webdo_tn\" \/>\n<meta name=\"twitter:site\" content=\"@webdo_tn\" \/>\n<meta name=\"twitter:label1\" content=\"\u00c9crit par\" \/>\n\t<meta name=\"twitter:data1\" content=\"Mohamed Hedi Touati\" \/>\n\t<meta name=\"twitter:label2\" content=\"Dur\u00e9e de lecture estim\u00e9e\" \/>\n\t<meta name=\"twitter:data2\" content=\"3 minutes\" \/>\n<script type=\"application\/ld+json\" class=\"yoast-schema-graph\">{\"@context\":\"https:\\\/\\\/schema.org\",\"@graph\":[{\"@type\":\"NewsArticle\",\"@id\":\"https:\\\/\\\/www.webdo.tn\\\/fr\\\/actualite\\\/international\\\/carrefour-plie-face-au-boycott-et-quitte-le-koweit-apres-la-jordanie-oman-et-bahrein\\\/383806\\\/#article\",\"isPartOf\":{\"@id\":\"https:\\\/\\\/www.webdo.tn\\\/fr\\\/actualite\\\/international\\\/carrefour-plie-face-au-boycott-et-quitte-le-koweit-apres-la-jordanie-oman-et-bahrein\\\/383806\\\/\"},\"author\":{\"name\":\"Mohamed Hedi Touati\",\"@id\":\"https:\\\/\\\/www.webdo.tn\\\/fr\\\/#\\\/schema\\\/person\\\/c652cd8fc2b1b44412b5ffb48c5a911d\"},\"headline\":\"Carrefour plie face au boycott et quitte le Kowe\u00eft, apr\u00e8s la Jordanie, Oman et Bahre\u00efn\",\"datePublished\":\"2025-09-18T10:39:09+00:00\",\"dateModified\":\"2025-09-19T10:52:59+00:00\",\"mainEntityOfPage\":{\"@id\":\"https:\\\/\\\/www.webdo.tn\\\/fr\\\/actualite\\\/international\\\/carrefour-plie-face-au-boycott-et-quitte-le-koweit-apres-la-jordanie-oman-et-bahrein\\\/383806\\\/\"},\"wordCount\":515,\"publisher\":{\"@id\":\"https:\\\/\\\/www.webdo.tn\\\/fr\\\/#organization\"},\"image\":{\"@id\":\"https:\\\/\\\/www.webdo.tn\\\/fr\\\/actualite\\\/international\\\/carrefour-plie-face-au-boycott-et-quitte-le-koweit-apres-la-jordanie-oman-et-bahrein\\\/383806\\\/#primaryimage\"},\"thumbnailUrl\":\"https:\\\/\\\/www.webdo.tn\\\/fr\\\/wp-content\\\/uploads\\\/2025\\\/09\\\/carrefour.jpg\",\"keywords\":[\"Boycott\",\"carrefour\",\"Gaza\",\"isra\u00ebl\",\"Palestine\"],\"articleSection\":[\"International\"],\"inLanguage\":\"fr-FR\"},{\"@type\":\"WebPage\",\"@id\":\"https:\\\/\\\/www.webdo.tn\\\/fr\\\/actualite\\\/international\\\/carrefour-plie-face-au-boycott-et-quitte-le-koweit-apres-la-jordanie-oman-et-bahrein\\\/383806\\\/\",\"url\":\"https:\\\/\\\/www.webdo.tn\\\/fr\\\/actualite\\\/international\\\/carrefour-plie-face-au-boycott-et-quitte-le-koweit-apres-la-jordanie-oman-et-bahrein\\\/383806\\\/\",\"name\":\"Carrefour plie face au boycott et quitte le Kowe\u00eft, apr\u00e8s la Jordanie, Oman et Bahre\u00efn - webdo\",\"isPartOf\":{\"@id\":\"https:\\\/\\\/www.webdo.tn\\\/fr\\\/#website\"},\"primaryImageOfPage\":{\"@id\":\"https:\\\/\\\/www.webdo.tn\\\/fr\\\/actualite\\\/international\\\/carrefour-plie-face-au-boycott-et-quitte-le-koweit-apres-la-jordanie-oman-et-bahrein\\\/383806\\\/#primaryimage\"},\"image\":{\"@id\":\"https:\\\/\\\/www.webdo.tn\\\/fr\\\/actualite\\\/international\\\/carrefour-plie-face-au-boycott-et-quitte-le-koweit-apres-la-jordanie-oman-et-bahrein\\\/383806\\\/#primaryimage\"},\"thumbnailUrl\":\"https:\\\/\\\/www.webdo.tn\\\/fr\\\/wp-content\\\/uploads\\\/2025\\\/09\\\/carrefour.jpg\",\"datePublished\":\"2025-09-18T10:39:09+00:00\",\"dateModified\":\"2025-09-19T10:52:59+00:00\",\"description\":\"Analyson la cessation des activit\u00e9s de Carrefour au Kowe\u00eft. Ce retrait survient apr\u00e8s des d\u00e9parts similaires dans d'autres pays.\",\"breadcrumb\":{\"@id\":\"https:\\\/\\\/www.webdo.tn\\\/fr\\\/actualite\\\/international\\\/carrefour-plie-face-au-boycott-et-quitte-le-koweit-apres-la-jordanie-oman-et-bahrein\\\/383806\\\/#breadcrumb\"},\"inLanguage\":\"fr-FR\",\"potentialAction\":[{\"@type\":\"ReadAction\",\"target\":[\"https:\\\/\\\/www.webdo.tn\\\/fr\\\/actualite\\\/international\\\/carrefour-plie-face-au-boycott-et-quitte-le-koweit-apres-la-jordanie-oman-et-bahrein\\\/383806\\\/\"]}]},{\"@type\":\"ImageObject\",\"inLanguage\":\"fr-FR\",\"@id\":\"https:\\\/\\\/www.webdo.tn\\\/fr\\\/actualite\\\/international\\\/carrefour-plie-face-au-boycott-et-quitte-le-koweit-apres-la-jordanie-oman-et-bahrein\\\/383806\\\/#primaryimage\",\"url\":\"https:\\\/\\\/www.webdo.tn\\\/fr\\\/wp-content\\\/uploads\\\/2025\\\/09\\\/carrefour.jpg\",\"contentUrl\":\"https:\\\/\\\/www.webdo.tn\\\/fr\\\/wp-content\\\/uploads\\\/2025\\\/09\\\/carrefour.jpg\",\"width\":1000,\"height\":500,\"caption\":\"Carrefour plie face au boycott et quitte le Kowe\u00eft, apr\u00e8s la Jordanie, Oman et Bahre\u00efn\"},{\"@type\":\"BreadcrumbList\",\"@id\":\"https:\\\/\\\/www.webdo.tn\\\/fr\\\/actualite\\\/international\\\/carrefour-plie-face-au-boycott-et-quitte-le-koweit-apres-la-jordanie-oman-et-bahrein\\\/383806\\\/#breadcrumb\",\"itemListElement\":[{\"@type\":\"ListItem\",\"position\":1,\"name\":\"Accueil\",\"item\":\"https:\\\/\\\/www.webdo.tn\\\/fr\\\/\"},{\"@type\":\"ListItem\",\"position\":2,\"name\":\"Carrefour plie face au boycott et quitte le Kowe\u00eft, apr\u00e8s la Jordanie, Oman et Bahre\u00efn\"}]},{\"@type\":\"WebSite\",\"@id\":\"https:\\\/\\\/www.webdo.tn\\\/fr\\\/#website\",\"url\":\"https:\\\/\\\/www.webdo.tn\\\/fr\\\/\",\"name\":\"webdo\",\"description\":\"Tunisie - News en Tunisie et \u00e0 l&#039;international sur Webdo.tn\",\"publisher\":{\"@id\":\"https:\\\/\\\/www.webdo.tn\\\/fr\\\/#organization\"},\"potentialAction\":[{\"@type\":\"SearchAction\",\"target\":{\"@type\":\"EntryPoint\",\"urlTemplate\":\"https:\\\/\\\/www.webdo.tn\\\/fr\\\/?s={search_term_string}\"},\"query-input\":{\"@type\":\"PropertyValueSpecification\",\"valueRequired\":true,\"valueName\":\"search_term_string\"}}],\"inLanguage\":\"fr-FR\"},{\"@type\":\"Organization\",\"@id\":\"https:\\\/\\\/www.webdo.tn\\\/fr\\\/#organization\",\"name\":\"Webdo\",\"alternateName\":\"Webdo.tn\",\"url\":\"https:\\\/\\\/www.webdo.tn\\\/fr\\\/\",\"logo\":{\"@type\":\"ImageObject\",\"inLanguage\":\"fr-FR\",\"@id\":\"https:\\\/\\\/www.webdo.tn\\\/fr\\\/#\\\/schema\\\/logo\\\/image\\\/\",\"url\":\"https:\\\/\\\/www.webdo.tn\\\/fr\\\/wp-content\\\/uploads\\\/2025\\\/06\\\/Webdo-Tunisie_168377.jpg\",\"contentUrl\":\"https:\\\/\\\/www.webdo.tn\\\/fr\\\/wp-content\\\/uploads\\\/2025\\\/06\\\/Webdo-Tunisie_168377.jpg\",\"width\":301,\"height\":301,\"caption\":\"Webdo\"},\"image\":{\"@id\":\"https:\\\/\\\/www.webdo.tn\\\/fr\\\/#\\\/schema\\\/logo\\\/image\\\/\"},\"sameAs\":[\"https:\\\/\\\/www.facebook.com\\\/webdotn\",\"https:\\\/\\\/x.com\\\/webdo_tn\"],\"description\":\"Webdo est un m\u00e9dia num\u00e9rique tunisien fond\u00e9 en 2010, sp\u00e9cialis\u00e9 dans l\u2019actualit\u00e9 nationale et internationale, l\u2019\u00e9conomie, la soci\u00e9t\u00e9 et les analyses politiques. Le site s\u2019adresse \u00e0 un large public francophone et couvre l\u2019information tunisienne en temps r\u00e9el.\",\"email\":\"redac@webdo.tn\",\"legalName\":\"YNJ SARL\",\"foundingDate\":\"2010-09-06\",\"numberOfEmployees\":{\"@type\":\"QuantitativeValue\",\"minValue\":\"11\",\"maxValue\":\"50\"}},{\"@type\":\"Person\",\"@id\":\"https:\\\/\\\/www.webdo.tn\\\/fr\\\/#\\\/schema\\\/person\\\/c652cd8fc2b1b44412b5ffb48c5a911d\",\"name\":\"Mohamed Hedi Touati\",\"image\":{\"@type\":\"ImageObject\",\"inLanguage\":\"fr-FR\",\"@id\":\"https:\\\/\\\/secure.gravatar.com\\\/avatar\\\/9cfd402c745b7a685f13eed0ea6e59d2144a3c2fc50a3db6fd5ed451f6cddf1a?s=96&d=mm&r=g\",\"url\":\"https:\\\/\\\/secure.gravatar.com\\\/avatar\\\/9cfd402c745b7a685f13eed0ea6e59d2144a3c2fc50a3db6fd5ed451f6cddf1a?s=96&d=mm&r=g\",\"contentUrl\":\"https:\\\/\\\/secure.gravatar.com\\\/avatar\\\/9cfd402c745b7a685f13eed0ea6e59d2144a3c2fc50a3db6fd5ed451f6cddf1a?s=96&d=mm&r=g\",\"caption\":\"Mohamed Hedi Touati\"},\"url\":\"https:\\\/\\\/www.webdo.tn\\\/fr\\\/actualite\\\/author\\\/mohamed-hedi-touati\\\/\"}]}<\/script>\n<!-- \/ Yoast SEO Premium plugin. -->","yoast_head_json":{"title":"Carrefour plie face au boycott et quitte le Kowe\u00eft, apr\u00e8s la Jordanie, Oman et Bahre\u00efn - webdo","description":"Analyson la cessation des activit\u00e9s de Carrefour au Kowe\u00eft. Ce retrait survient apr\u00e8s des d\u00e9parts similaires dans d'autres pays.","canonical":"https:\/\/www.webdo.tn\/fr\/actualite\/international\/carrefour-plie-face-au-boycott-et-quitte-le-koweit-apres-la-jordanie-oman-et-bahrein\/383806\/","og_locale":"fr_FR","og_type":"article","og_title":"Carrefour plie face au boycott et quitte le Kowe\u00eft, apr\u00e8s la Jordanie, Oman et Bahre\u00efn","og_description":"Analyson la cessation des activit\u00e9s de Carrefour au Kowe\u00eft. Ce retrait survient apr\u00e8s des d\u00e9parts similaires dans d'autres pays.","og_url":"https:\/\/www.webdo.tn\/fr\/actualite\/international\/carrefour-plie-face-au-boycott-et-quitte-le-koweit-apres-la-jordanie-oman-et-bahrein\/383806\/","og_site_name":"webdo","article_publisher":"https:\/\/www.facebook.com\/webdotn","article_published_time":"2025-09-18T10:39:09+00:00","article_modified_time":"2025-09-19T10:52:59+00:00","og_image":[{"width":1000,"height":500,"url":"https:\/\/www.webdo.tn\/fr\/wp-content\/uploads\/2025\/09\/carrefour.jpg","type":"image\/jpeg"}],"author":"Mohamed Hedi Touati","twitter_card":"summary_large_image","twitter_creator":"@webdo_tn","twitter_site":"@webdo_tn","twitter_misc":{"\u00c9crit par":"Mohamed Hedi Touati","Dur\u00e9e de lecture estim\u00e9e":"3 minutes"},"schema":{"@context":"https:\/\/schema.org","@graph":[{"@type":"NewsArticle","@id":"https:\/\/www.webdo.tn\/fr\/actualite\/international\/carrefour-plie-face-au-boycott-et-quitte-le-koweit-apres-la-jordanie-oman-et-bahrein\/383806\/#article","isPartOf":{"@id":"https:\/\/www.webdo.tn\/fr\/actualite\/international\/carrefour-plie-face-au-boycott-et-quitte-le-koweit-apres-la-jordanie-oman-et-bahrein\/383806\/"},"author":{"name":"Mohamed Hedi Touati","@id":"https:\/\/www.webdo.tn\/fr\/#\/schema\/person\/c652cd8fc2b1b44412b5ffb48c5a911d"},"headline":"Carrefour plie face au boycott et quitte le Kowe\u00eft, apr\u00e8s la Jordanie, Oman et Bahre\u00efn","datePublished":"2025-09-18T10:39:09+00:00","dateModified":"2025-09-19T10:52:59+00:00","mainEntityOfPage":{"@id":"https:\/\/www.webdo.tn\/fr\/actualite\/international\/carrefour-plie-face-au-boycott-et-quitte-le-koweit-apres-la-jordanie-oman-et-bahrein\/383806\/"},"wordCount":515,"publisher":{"@id":"https:\/\/www.webdo.tn\/fr\/#organization"},"image":{"@id":"https:\/\/www.webdo.tn\/fr\/actualite\/international\/carrefour-plie-face-au-boycott-et-quitte-le-koweit-apres-la-jordanie-oman-et-bahrein\/383806\/#primaryimage"},"thumbnailUrl":"https:\/\/www.webdo.tn\/fr\/wp-content\/uploads\/2025\/09\/carrefour.jpg","keywords":["Boycott","carrefour","Gaza","isra\u00ebl","Palestine"],"articleSection":["International"],"inLanguage":"fr-FR"},{"@type":"WebPage","@id":"https:\/\/www.webdo.tn\/fr\/actualite\/international\/carrefour-plie-face-au-boycott-et-quitte-le-koweit-apres-la-jordanie-oman-et-bahrein\/383806\/","url":"https:\/\/www.webdo.tn\/fr\/actualite\/international\/carrefour-plie-face-au-boycott-et-quitte-le-koweit-apres-la-jordanie-oman-et-bahrein\/383806\/","name":"Carrefour plie face au boycott et quitte le Kowe\u00eft, apr\u00e8s la Jordanie, Oman et Bahre\u00efn - webdo","isPartOf":{"@id":"https:\/\/www.webdo.tn\/fr\/#website"},"primaryImageOfPage":{"@id":"https:\/\/www.webdo.tn\/fr\/actualite\/international\/carrefour-plie-face-au-boycott-et-quitte-le-koweit-apres-la-jordanie-oman-et-bahrein\/383806\/#primaryimage"},"image":{"@id":"https:\/\/www.webdo.tn\/fr\/actualite\/international\/carrefour-plie-face-au-boycott-et-quitte-le-koweit-apres-la-jordanie-oman-et-bahrein\/383806\/#primaryimage"},"thumbnailUrl":"https:\/\/www.webdo.tn\/fr\/wp-content\/uploads\/2025\/09\/carrefour.jpg","datePublished":"2025-09-18T10:39:09+00:00","dateModified":"2025-09-19T10:52:59+00:00","description":"Analyson la cessation des activit\u00e9s de Carrefour au Kowe\u00eft. Ce retrait survient apr\u00e8s des d\u00e9parts similaires dans d'autres pays.","breadcrumb":{"@id":"https:\/\/www.webdo.tn\/fr\/actualite\/international\/carrefour-plie-face-au-boycott-et-quitte-le-koweit-apres-la-jordanie-oman-et-bahrein\/383806\/#breadcrumb"},"inLanguage":"fr-FR","potentialAction":[{"@type":"ReadAction","target":["https:\/\/www.webdo.tn\/fr\/actualite\/international\/carrefour-plie-face-au-boycott-et-quitte-le-koweit-apres-la-jordanie-oman-et-bahrein\/383806\/"]}]},{"@type":"ImageObject","inLanguage":"fr-FR","@id":"https:\/\/www.webdo.tn\/fr\/actualite\/international\/carrefour-plie-face-au-boycott-et-quitte-le-koweit-apres-la-jordanie-oman-et-bahrein\/383806\/#primaryimage","url":"https:\/\/www.webdo.tn\/fr\/wp-content\/uploads\/2025\/09\/carrefour.jpg","contentUrl":"https:\/\/www.webdo.tn\/fr\/wp-content\/uploads\/2025\/09\/carrefour.jpg","width":1000,"height":500,"caption":"Carrefour plie face au boycott et quitte le Kowe\u00eft, apr\u00e8s la Jordanie, Oman et Bahre\u00efn"},{"@type":"BreadcrumbList","@id":"https:\/\/www.webdo.tn\/fr\/actualite\/international\/carrefour-plie-face-au-boycott-et-quitte-le-koweit-apres-la-jordanie-oman-et-bahrein\/383806\/#breadcrumb","itemListElement":[{"@type":"ListItem","position":1,"name":"Accueil","item":"https:\/\/www.webdo.tn\/fr\/"},{"@type":"ListItem","position":2,"name":"Carrefour plie face au boycott et quitte le Kowe\u00eft, apr\u00e8s la Jordanie, Oman et Bahre\u00efn"}]},{"@type":"WebSite","@id":"https:\/\/www.webdo.tn\/fr\/#website","url":"https:\/\/www.webdo.tn\/fr\/","name":"webdo","description":"Tunisie - News en Tunisie et \u00e0 l&#039;international sur Webdo.tn","publisher":{"@id":"https:\/\/www.webdo.tn\/fr\/#organization"},"potentialAction":[{"@type":"SearchAction","target":{"@type":"EntryPoint","urlTemplate":"https:\/\/www.webdo.tn\/fr\/?s={search_term_string}"},"query-input":{"@type":"PropertyValueSpecification","valueRequired":true,"valueName":"search_term_string"}}],"inLanguage":"fr-FR"},{"@type":"Organization","@id":"https:\/\/www.webdo.tn\/fr\/#organization","name":"Webdo","alternateName":"Webdo.tn","url":"https:\/\/www.webdo.tn\/fr\/","logo":{"@type":"ImageObject","inLanguage":"fr-FR","@id":"https:\/\/www.webdo.tn\/fr\/#\/schema\/logo\/image\/","url":"https:\/\/www.webdo.tn\/fr\/wp-content\/uploads\/2025\/06\/Webdo-Tunisie_168377.jpg","contentUrl":"https:\/\/www.webdo.tn\/fr\/wp-content\/uploads\/2025\/06\/Webdo-Tunisie_168377.jpg","width":301,"height":301,"caption":"Webdo"},"image":{"@id":"https:\/\/www.webdo.tn\/fr\/#\/schema\/logo\/image\/"},"sameAs":["https:\/\/www.facebook.com\/webdotn","https:\/\/x.com\/webdo_tn"],"description":"Webdo est un m\u00e9dia num\u00e9rique tunisien fond\u00e9 en 2010, sp\u00e9cialis\u00e9 dans l\u2019actualit\u00e9 nationale et internationale, l\u2019\u00e9conomie, la soci\u00e9t\u00e9 et les analyses politiques. Le site s\u2019adresse \u00e0 un large public francophone et couvre l\u2019information tunisienne en temps r\u00e9el.","email":"redac@webdo.tn","legalName":"YNJ SARL","foundingDate":"2010-09-06","numberOfEmployees":{"@type":"QuantitativeValue","minValue":"11","maxValue":"50"}},{"@type":"Person","@id":"https:\/\/www.webdo.tn\/fr\/#\/schema\/person\/c652cd8fc2b1b44412b5ffb48c5a911d","name":"Mohamed Hedi Touati","image":{"@type":"ImageObject","inLanguage":"fr-FR","@id":"https:\/\/secure.gravatar.com\/avatar\/9cfd402c745b7a685f13eed0ea6e59d2144a3c2fc50a3db6fd5ed451f6cddf1a?s=96&d=mm&r=g","url":"https:\/\/secure.gravatar.com\/avatar\/9cfd402c745b7a685f13eed0ea6e59d2144a3c2fc50a3db6fd5ed451f6cddf1a?s=96&d=mm&r=g","contentUrl":"https:\/\/secure.gravatar.com\/avatar\/9cfd402c745b7a685f13eed0ea6e59d2144a3c2fc50a3db6fd5ed451f6cddf1a?s=96&d=mm&r=g","caption":"Mohamed Hedi Touati"},"url":"https:\/\/www.webdo.tn\/fr\/actualite\/author\/mohamed-hedi-touati\/"}]}},"_links":{"self":[{"href":"https:\/\/www.webdo.tn\/fr\/wp-json\/wp\/v2\/posts\/383806","targetHints":{"allow":["GET"]}}],"collection":[{"href":"https:\/\/www.webdo.tn\/fr\/wp-json\/wp\/v2\/posts"}],"about":[{"href":"https:\/\/www.webdo.tn\/fr\/wp-json\/wp\/v2\/types\/post"}],"author":[{"embeddable":true,"href":"https:\/\/www.webdo.tn\/fr\/wp-json\/wp\/v2\/users\/3191"}],"replies":[{"embeddable":true,"href":"https:\/\/www.webdo.tn\/fr\/wp-json\/wp\/v2\/comments?post=383806"}],"version-history":[{"count":0,"href":"https:\/\/www.webdo.tn\/fr\/wp-json\/wp\/v2\/posts\/383806\/revisions"}],"wp:featuredmedia":[{"embeddable":true,"href":"https:\/\/www.webdo.tn\/fr\/wp-json\/wp\/v2\/media\/383807"}],"wp:attachment":[{"href":"https:\/\/www.webdo.tn\/fr\/wp-json\/wp\/v2\/media?parent=383806"}],"wp:term":[{"taxonomy":"category","embeddable":true,"href":"https:\/\/www.webdo.tn\/fr\/wp-json\/wp\/v2\/categories?post=383806"},{"taxonomy":"post_tag","embeddable":true,"href":"https:\/\/www.webdo.tn\/fr\/wp-json\/wp\/v2\/tags?post=383806"}],"curies":[{"name":"wp","href":"https:\/\/api.w.org\/{rel}","templated":true}]}}