{"id":383762,"date":"2025-09-17T20:31:33","date_gmt":"2025-09-17T19:31:33","guid":{"rendered":"https:\/\/www.webdo.tn\/fr\/?p=383762"},"modified":"2025-09-18T08:31:01","modified_gmt":"2025-09-18T07:31:01","slug":"mondiaux-de-tokyo-marwa-bouzayani-bat-son-record-et-frole-le-podium","status":"publish","type":"post","link":"https:\/\/www.webdo.tn\/fr\/actualite\/sport\/mondiaux-de-tokyo-marwa-bouzayani-bat-son-record-et-frole-le-podium\/383762\/","title":{"rendered":"Mondiaux de Tokyo : Marwa Bouzayani bat son record et fr\u00f4le le podium"},"content":{"rendered":"\n<p><strong>La Tunisienne Marwa Bouzayani s\u2019est illustr\u00e9e, aujourd&rsquo;hui lors de la finale du 3000m steeple aux Championnats du monde d\u2019athl\u00e9tisme de Tokyo, en terminant \u00e0 la 4\u1d49 place et en battant son propre record national.<\/strong><\/p>\n\n\n\n<p>Bouzayani a parcouru la distance en 9:01.46, am\u00e9liorant ainsi son pr\u00e9c\u00e9dent record tunisien de 9:04.93, \u00e9tabli le 30 ao\u00fbt 2024. Cette performance place la jeune athl\u00e8te parmi les meilleures mondiales, confirmant sa progression constante sur la sc\u00e8ne internationale.<\/p>\n\n\n\n<p>La m\u00e9daille d\u2019or est revenue \u00e0 la K\u00e9nyane Faith Cherotich, qui a remport\u00e9 la course en 8:51.59, \u00e9tablissant un nouveau record des Championnats. Elle devance la Bahre\u00efnie Winfred Mutile Yavi (argent, 8:56.46) et l\u2019\u00c9thiopienne Sembo Almayew (bronze, 8:58.86, record personnel).<\/p>\n\n\n\n<p>Pour rappel, le Tunisien Ahmed Jaziri avait termin\u00e9 11\u1d49 du 3000m steeple masculin lundi dernier, avec un temps de 8:39.30, d\u00e9montrant \u00e9galement le potentiel tunisien sur cette distance exigeante.<\/p>\n","protected":false},"excerpt":{"rendered":"<p>La Tunisienne Marwa Bouzayani s\u2019est illustr\u00e9e, aujourd&rsquo;hui lors de la finale du 3000m steeple aux Championnats du monde d\u2019athl\u00e9tisme de Tokyo, en terminant \u00e0 la 4\u1d49 place et en battant son propre record national. Bouzayani a parcouru la distance en 9:01.46, am\u00e9liorant ainsi son pr\u00e9c\u00e9dent record tunisien de 9:04.93, \u00e9tabli le 30 ao\u00fbt 2024. Cette [&hellip;]<\/p>\n","protected":false},"author":3191,"featured_media":383763,"comment_status":"closed","ping_status":"closed","sticky":false,"template":"","format":"standard","meta":{"footnotes":""},"categories":[2593],"tags":[8050,12901,12900],"class_list":["post-383762","post","type-post","status-publish","format-standard","has-post-thumbnail","hentry","category-sport","tag-marwa-bouzayani","tag-mondiaux-dathletisme","tag-tokyo"],"yoast_head":"<!-- This site is optimized with the Yoast SEO Premium plugin v27.5 (Yoast SEO v27.5) - https:\/\/yoast.com\/product\/yoast-seo-premium-wordpress\/ -->\n<title>Mondiaux de Tokyo : Marwa Bouzayani bat son record et fr\u00f4le le podium - webdo<\/title>\n<meta name=\"description\" content=\"La performance de Marwa Bouzayani aux Mondiaux de Tokyo est remarquable. En battant son record, elle se rapproche du podium en 3000m steeple.\" \/>\n<link rel=\"canonical\" href=\"https:\/\/www.webdo.tn\/fr\/actualite\/sport\/mondiaux-de-tokyo-marwa-bouzayani-bat-son-record-et-frole-le-podium\/383762\/\" \/>\n<meta property=\"og:locale\" content=\"fr_FR\" \/>\n<meta property=\"og:type\" content=\"article\" \/>\n<meta property=\"og:title\" content=\"Mondiaux de Tokyo : Marwa Bouzayani bat son record et fr\u00f4le le podium\" \/>\n<meta property=\"og:description\" content=\"La performance de Marwa Bouzayani aux Mondiaux de Tokyo est remarquable. En battant son record, elle se rapproche du podium en 3000m steeple.\" \/>\n<meta property=\"og:url\" content=\"https:\/\/www.webdo.tn\/fr\/actualite\/sport\/mondiaux-de-tokyo-marwa-bouzayani-bat-son-record-et-frole-le-podium\/383762\/\" \/>\n<meta property=\"og:site_name\" content=\"webdo\" \/>\n<meta property=\"article:publisher\" content=\"https:\/\/www.facebook.com\/webdotn\" \/>\n<meta property=\"article:published_time\" content=\"2025-09-17T19:31:33+00:00\" \/>\n<meta property=\"article:modified_time\" content=\"2025-09-18T07:31:01+00:00\" \/>\n<meta property=\"og:image\" content=\"https:\/\/www.webdo.tn\/fr\/wp-content\/uploads\/2025\/09\/549434163_1397340695734980_1208118004208517495_n.jpg\" \/>\n\t<meta property=\"og:image:width\" content=\"1200\" \/>\n\t<meta property=\"og:image:height\" content=\"605\" \/>\n\t<meta property=\"og:image:type\" content=\"image\/jpeg\" \/>\n<meta name=\"author\" content=\"Mohamed Hedi Touati\" \/>\n<meta name=\"twitter:card\" content=\"summary_large_image\" \/>\n<meta name=\"twitter:creator\" content=\"@webdo_tn\" \/>\n<meta name=\"twitter:site\" content=\"@webdo_tn\" \/>\n<meta name=\"twitter:label1\" content=\"\u00c9crit par\" \/>\n\t<meta name=\"twitter:data1\" content=\"Mohamed Hedi Touati\" \/>\n\t<meta name=\"twitter:label2\" content=\"Dur\u00e9e de lecture estim\u00e9e\" \/>\n\t<meta name=\"twitter:data2\" content=\"1 minute\" \/>\n<script type=\"application\/ld+json\" class=\"yoast-schema-graph\">{\"@context\":\"https:\\\/\\\/schema.org\",\"@graph\":[{\"@type\":\"NewsArticle\",\"@id\":\"https:\\\/\\\/www.webdo.tn\\\/fr\\\/actualite\\\/sport\\\/mondiaux-de-tokyo-marwa-bouzayani-bat-son-record-et-frole-le-podium\\\/383762\\\/#article\",\"isPartOf\":{\"@id\":\"https:\\\/\\\/www.webdo.tn\\\/fr\\\/actualite\\\/sport\\\/mondiaux-de-tokyo-marwa-bouzayani-bat-son-record-et-frole-le-podium\\\/383762\\\/\"},\"author\":{\"name\":\"Mohamed Hedi Touati\",\"@id\":\"https:\\\/\\\/www.webdo.tn\\\/fr\\\/#\\\/schema\\\/person\\\/c652cd8fc2b1b44412b5ffb48c5a911d\"},\"headline\":\"Mondiaux de Tokyo : Marwa Bouzayani bat son record et fr\u00f4le le podium\",\"datePublished\":\"2025-09-17T19:31:33+00:00\",\"dateModified\":\"2025-09-18T07:31:01+00:00\",\"mainEntityOfPage\":{\"@id\":\"https:\\\/\\\/www.webdo.tn\\\/fr\\\/actualite\\\/sport\\\/mondiaux-de-tokyo-marwa-bouzayani-bat-son-record-et-frole-le-podium\\\/383762\\\/\"},\"wordCount\":159,\"publisher\":{\"@id\":\"https:\\\/\\\/www.webdo.tn\\\/fr\\\/#organization\"},\"image\":{\"@id\":\"https:\\\/\\\/www.webdo.tn\\\/fr\\\/actualite\\\/sport\\\/mondiaux-de-tokyo-marwa-bouzayani-bat-son-record-et-frole-le-podium\\\/383762\\\/#primaryimage\"},\"thumbnailUrl\":\"https:\\\/\\\/www.webdo.tn\\\/fr\\\/wp-content\\\/uploads\\\/2025\\\/09\\\/549434163_1397340695734980_1208118004208517495_n.jpg\",\"keywords\":[\"Marwa Bouzayani\",\"mondiaux d'athl\u00e9tisme\",\"Tokyo\"],\"articleSection\":[\"Sport\"],\"inLanguage\":\"fr-FR\"},{\"@type\":\"WebPage\",\"@id\":\"https:\\\/\\\/www.webdo.tn\\\/fr\\\/actualite\\\/sport\\\/mondiaux-de-tokyo-marwa-bouzayani-bat-son-record-et-frole-le-podium\\\/383762\\\/\",\"url\":\"https:\\\/\\\/www.webdo.tn\\\/fr\\\/actualite\\\/sport\\\/mondiaux-de-tokyo-marwa-bouzayani-bat-son-record-et-frole-le-podium\\\/383762\\\/\",\"name\":\"Mondiaux de Tokyo : Marwa Bouzayani bat son record et fr\u00f4le le podium - webdo\",\"isPartOf\":{\"@id\":\"https:\\\/\\\/www.webdo.tn\\\/fr\\\/#website\"},\"primaryImageOfPage\":{\"@id\":\"https:\\\/\\\/www.webdo.tn\\\/fr\\\/actualite\\\/sport\\\/mondiaux-de-tokyo-marwa-bouzayani-bat-son-record-et-frole-le-podium\\\/383762\\\/#primaryimage\"},\"image\":{\"@id\":\"https:\\\/\\\/www.webdo.tn\\\/fr\\\/actualite\\\/sport\\\/mondiaux-de-tokyo-marwa-bouzayani-bat-son-record-et-frole-le-podium\\\/383762\\\/#primaryimage\"},\"thumbnailUrl\":\"https:\\\/\\\/www.webdo.tn\\\/fr\\\/wp-content\\\/uploads\\\/2025\\\/09\\\/549434163_1397340695734980_1208118004208517495_n.jpg\",\"datePublished\":\"2025-09-17T19:31:33+00:00\",\"dateModified\":\"2025-09-18T07:31:01+00:00\",\"description\":\"La performance de Marwa Bouzayani aux Mondiaux de Tokyo est remarquable. En battant son record, elle se rapproche du podium en 3000m steeple.\",\"breadcrumb\":{\"@id\":\"https:\\\/\\\/www.webdo.tn\\\/fr\\\/actualite\\\/sport\\\/mondiaux-de-tokyo-marwa-bouzayani-bat-son-record-et-frole-le-podium\\\/383762\\\/#breadcrumb\"},\"inLanguage\":\"fr-FR\",\"potentialAction\":[{\"@type\":\"ReadAction\",\"target\":[\"https:\\\/\\\/www.webdo.tn\\\/fr\\\/actualite\\\/sport\\\/mondiaux-de-tokyo-marwa-bouzayani-bat-son-record-et-frole-le-podium\\\/383762\\\/\"]}]},{\"@type\":\"ImageObject\",\"inLanguage\":\"fr-FR\",\"@id\":\"https:\\\/\\\/www.webdo.tn\\\/fr\\\/actualite\\\/sport\\\/mondiaux-de-tokyo-marwa-bouzayani-bat-son-record-et-frole-le-podium\\\/383762\\\/#primaryimage\",\"url\":\"https:\\\/\\\/www.webdo.tn\\\/fr\\\/wp-content\\\/uploads\\\/2025\\\/09\\\/549434163_1397340695734980_1208118004208517495_n.jpg\",\"contentUrl\":\"https:\\\/\\\/www.webdo.tn\\\/fr\\\/wp-content\\\/uploads\\\/2025\\\/09\\\/549434163_1397340695734980_1208118004208517495_n.jpg\",\"width\":1200,\"height\":605,\"caption\":\"Mondiaux de Tokyo : Marwa Bouzayani bat son record et fr\u00f4le le podium\"},{\"@type\":\"BreadcrumbList\",\"@id\":\"https:\\\/\\\/www.webdo.tn\\\/fr\\\/actualite\\\/sport\\\/mondiaux-de-tokyo-marwa-bouzayani-bat-son-record-et-frole-le-podium\\\/383762\\\/#breadcrumb\",\"itemListElement\":[{\"@type\":\"ListItem\",\"position\":1,\"name\":\"Accueil\",\"item\":\"https:\\\/\\\/www.webdo.tn\\\/fr\\\/\"},{\"@type\":\"ListItem\",\"position\":2,\"name\":\"Mondiaux de Tokyo : Marwa Bouzayani bat son record et fr\u00f4le le podium\"}]},{\"@type\":\"WebSite\",\"@id\":\"https:\\\/\\\/www.webdo.tn\\\/fr\\\/#website\",\"url\":\"https:\\\/\\\/www.webdo.tn\\\/fr\\\/\",\"name\":\"webdo\",\"description\":\"Tunisie - News en Tunisie et \u00e0 l&#039;international sur Webdo.tn\",\"publisher\":{\"@id\":\"https:\\\/\\\/www.webdo.tn\\\/fr\\\/#organization\"},\"potentialAction\":[{\"@type\":\"SearchAction\",\"target\":{\"@type\":\"EntryPoint\",\"urlTemplate\":\"https:\\\/\\\/www.webdo.tn\\\/fr\\\/?s={search_term_string}\"},\"query-input\":{\"@type\":\"PropertyValueSpecification\",\"valueRequired\":true,\"valueName\":\"search_term_string\"}}],\"inLanguage\":\"fr-FR\"},{\"@type\":\"Organization\",\"@id\":\"https:\\\/\\\/www.webdo.tn\\\/fr\\\/#organization\",\"name\":\"Webdo\",\"alternateName\":\"Webdo.tn\",\"url\":\"https:\\\/\\\/www.webdo.tn\\\/fr\\\/\",\"logo\":{\"@type\":\"ImageObject\",\"inLanguage\":\"fr-FR\",\"@id\":\"https:\\\/\\\/www.webdo.tn\\\/fr\\\/#\\\/schema\\\/logo\\\/image\\\/\",\"url\":\"https:\\\/\\\/www.webdo.tn\\\/fr\\\/wp-content\\\/uploads\\\/2025\\\/06\\\/Webdo-Tunisie_168377.jpg\",\"contentUrl\":\"https:\\\/\\\/www.webdo.tn\\\/fr\\\/wp-content\\\/uploads\\\/2025\\\/06\\\/Webdo-Tunisie_168377.jpg\",\"width\":301,\"height\":301,\"caption\":\"Webdo\"},\"image\":{\"@id\":\"https:\\\/\\\/www.webdo.tn\\\/fr\\\/#\\\/schema\\\/logo\\\/image\\\/\"},\"sameAs\":[\"https:\\\/\\\/www.facebook.com\\\/webdotn\",\"https:\\\/\\\/x.com\\\/webdo_tn\"],\"description\":\"Webdo est un m\u00e9dia num\u00e9rique tunisien fond\u00e9 en 2010, sp\u00e9cialis\u00e9 dans l\u2019actualit\u00e9 nationale et internationale, l\u2019\u00e9conomie, la soci\u00e9t\u00e9 et les analyses politiques. Le site s\u2019adresse \u00e0 un large public francophone et couvre l\u2019information tunisienne en temps r\u00e9el.\",\"email\":\"redac@webdo.tn\",\"legalName\":\"YNJ SARL\",\"foundingDate\":\"2010-09-06\",\"numberOfEmployees\":{\"@type\":\"QuantitativeValue\",\"minValue\":\"11\",\"maxValue\":\"50\"}},{\"@type\":\"Person\",\"@id\":\"https:\\\/\\\/www.webdo.tn\\\/fr\\\/#\\\/schema\\\/person\\\/c652cd8fc2b1b44412b5ffb48c5a911d\",\"name\":\"Mohamed Hedi Touati\",\"image\":{\"@type\":\"ImageObject\",\"inLanguage\":\"fr-FR\",\"@id\":\"https:\\\/\\\/secure.gravatar.com\\\/avatar\\\/9cfd402c745b7a685f13eed0ea6e59d2144a3c2fc50a3db6fd5ed451f6cddf1a?s=96&d=mm&r=g\",\"url\":\"https:\\\/\\\/secure.gravatar.com\\\/avatar\\\/9cfd402c745b7a685f13eed0ea6e59d2144a3c2fc50a3db6fd5ed451f6cddf1a?s=96&d=mm&r=g\",\"contentUrl\":\"https:\\\/\\\/secure.gravatar.com\\\/avatar\\\/9cfd402c745b7a685f13eed0ea6e59d2144a3c2fc50a3db6fd5ed451f6cddf1a?s=96&d=mm&r=g\",\"caption\":\"Mohamed Hedi Touati\"},\"url\":\"https:\\\/\\\/www.webdo.tn\\\/fr\\\/actualite\\\/author\\\/mohamed-hedi-touati\\\/\"}]}<\/script>\n<!-- \/ Yoast SEO Premium plugin. -->","yoast_head_json":{"title":"Mondiaux de Tokyo : Marwa Bouzayani bat son record et fr\u00f4le le podium - webdo","description":"La performance de Marwa Bouzayani aux Mondiaux de Tokyo est remarquable. En battant son record, elle se rapproche du podium en 3000m steeple.","canonical":"https:\/\/www.webdo.tn\/fr\/actualite\/sport\/mondiaux-de-tokyo-marwa-bouzayani-bat-son-record-et-frole-le-podium\/383762\/","og_locale":"fr_FR","og_type":"article","og_title":"Mondiaux de Tokyo : Marwa Bouzayani bat son record et fr\u00f4le le podium","og_description":"La performance de Marwa Bouzayani aux Mondiaux de Tokyo est remarquable. En battant son record, elle se rapproche du podium en 3000m steeple.","og_url":"https:\/\/www.webdo.tn\/fr\/actualite\/sport\/mondiaux-de-tokyo-marwa-bouzayani-bat-son-record-et-frole-le-podium\/383762\/","og_site_name":"webdo","article_publisher":"https:\/\/www.facebook.com\/webdotn","article_published_time":"2025-09-17T19:31:33+00:00","article_modified_time":"2025-09-18T07:31:01+00:00","og_image":[{"width":1200,"height":605,"url":"https:\/\/www.webdo.tn\/fr\/wp-content\/uploads\/2025\/09\/549434163_1397340695734980_1208118004208517495_n.jpg","type":"image\/jpeg"}],"author":"Mohamed Hedi Touati","twitter_card":"summary_large_image","twitter_creator":"@webdo_tn","twitter_site":"@webdo_tn","twitter_misc":{"\u00c9crit par":"Mohamed Hedi Touati","Dur\u00e9e de lecture estim\u00e9e":"1 minute"},"schema":{"@context":"https:\/\/schema.org","@graph":[{"@type":"NewsArticle","@id":"https:\/\/www.webdo.tn\/fr\/actualite\/sport\/mondiaux-de-tokyo-marwa-bouzayani-bat-son-record-et-frole-le-podium\/383762\/#article","isPartOf":{"@id":"https:\/\/www.webdo.tn\/fr\/actualite\/sport\/mondiaux-de-tokyo-marwa-bouzayani-bat-son-record-et-frole-le-podium\/383762\/"},"author":{"name":"Mohamed Hedi Touati","@id":"https:\/\/www.webdo.tn\/fr\/#\/schema\/person\/c652cd8fc2b1b44412b5ffb48c5a911d"},"headline":"Mondiaux de Tokyo : Marwa Bouzayani bat son record et fr\u00f4le le podium","datePublished":"2025-09-17T19:31:33+00:00","dateModified":"2025-09-18T07:31:01+00:00","mainEntityOfPage":{"@id":"https:\/\/www.webdo.tn\/fr\/actualite\/sport\/mondiaux-de-tokyo-marwa-bouzayani-bat-son-record-et-frole-le-podium\/383762\/"},"wordCount":159,"publisher":{"@id":"https:\/\/www.webdo.tn\/fr\/#organization"},"image":{"@id":"https:\/\/www.webdo.tn\/fr\/actualite\/sport\/mondiaux-de-tokyo-marwa-bouzayani-bat-son-record-et-frole-le-podium\/383762\/#primaryimage"},"thumbnailUrl":"https:\/\/www.webdo.tn\/fr\/wp-content\/uploads\/2025\/09\/549434163_1397340695734980_1208118004208517495_n.jpg","keywords":["Marwa Bouzayani","mondiaux d'athl\u00e9tisme","Tokyo"],"articleSection":["Sport"],"inLanguage":"fr-FR"},{"@type":"WebPage","@id":"https:\/\/www.webdo.tn\/fr\/actualite\/sport\/mondiaux-de-tokyo-marwa-bouzayani-bat-son-record-et-frole-le-podium\/383762\/","url":"https:\/\/www.webdo.tn\/fr\/actualite\/sport\/mondiaux-de-tokyo-marwa-bouzayani-bat-son-record-et-frole-le-podium\/383762\/","name":"Mondiaux de Tokyo : Marwa Bouzayani bat son record et fr\u00f4le le podium - webdo","isPartOf":{"@id":"https:\/\/www.webdo.tn\/fr\/#website"},"primaryImageOfPage":{"@id":"https:\/\/www.webdo.tn\/fr\/actualite\/sport\/mondiaux-de-tokyo-marwa-bouzayani-bat-son-record-et-frole-le-podium\/383762\/#primaryimage"},"image":{"@id":"https:\/\/www.webdo.tn\/fr\/actualite\/sport\/mondiaux-de-tokyo-marwa-bouzayani-bat-son-record-et-frole-le-podium\/383762\/#primaryimage"},"thumbnailUrl":"https:\/\/www.webdo.tn\/fr\/wp-content\/uploads\/2025\/09\/549434163_1397340695734980_1208118004208517495_n.jpg","datePublished":"2025-09-17T19:31:33+00:00","dateModified":"2025-09-18T07:31:01+00:00","description":"La performance de Marwa Bouzayani aux Mondiaux de Tokyo est remarquable. En battant son record, elle se rapproche du podium en 3000m steeple.","breadcrumb":{"@id":"https:\/\/www.webdo.tn\/fr\/actualite\/sport\/mondiaux-de-tokyo-marwa-bouzayani-bat-son-record-et-frole-le-podium\/383762\/#breadcrumb"},"inLanguage":"fr-FR","potentialAction":[{"@type":"ReadAction","target":["https:\/\/www.webdo.tn\/fr\/actualite\/sport\/mondiaux-de-tokyo-marwa-bouzayani-bat-son-record-et-frole-le-podium\/383762\/"]}]},{"@type":"ImageObject","inLanguage":"fr-FR","@id":"https:\/\/www.webdo.tn\/fr\/actualite\/sport\/mondiaux-de-tokyo-marwa-bouzayani-bat-son-record-et-frole-le-podium\/383762\/#primaryimage","url":"https:\/\/www.webdo.tn\/fr\/wp-content\/uploads\/2025\/09\/549434163_1397340695734980_1208118004208517495_n.jpg","contentUrl":"https:\/\/www.webdo.tn\/fr\/wp-content\/uploads\/2025\/09\/549434163_1397340695734980_1208118004208517495_n.jpg","width":1200,"height":605,"caption":"Mondiaux de Tokyo : Marwa Bouzayani bat son record et fr\u00f4le le podium"},{"@type":"BreadcrumbList","@id":"https:\/\/www.webdo.tn\/fr\/actualite\/sport\/mondiaux-de-tokyo-marwa-bouzayani-bat-son-record-et-frole-le-podium\/383762\/#breadcrumb","itemListElement":[{"@type":"ListItem","position":1,"name":"Accueil","item":"https:\/\/www.webdo.tn\/fr\/"},{"@type":"ListItem","position":2,"name":"Mondiaux de Tokyo : Marwa Bouzayani bat son record et fr\u00f4le le podium"}]},{"@type":"WebSite","@id":"https:\/\/www.webdo.tn\/fr\/#website","url":"https:\/\/www.webdo.tn\/fr\/","name":"webdo","description":"Tunisie - News en Tunisie et \u00e0 l&#039;international sur Webdo.tn","publisher":{"@id":"https:\/\/www.webdo.tn\/fr\/#organization"},"potentialAction":[{"@type":"SearchAction","target":{"@type":"EntryPoint","urlTemplate":"https:\/\/www.webdo.tn\/fr\/?s={search_term_string}"},"query-input":{"@type":"PropertyValueSpecification","valueRequired":true,"valueName":"search_term_string"}}],"inLanguage":"fr-FR"},{"@type":"Organization","@id":"https:\/\/www.webdo.tn\/fr\/#organization","name":"Webdo","alternateName":"Webdo.tn","url":"https:\/\/www.webdo.tn\/fr\/","logo":{"@type":"ImageObject","inLanguage":"fr-FR","@id":"https:\/\/www.webdo.tn\/fr\/#\/schema\/logo\/image\/","url":"https:\/\/www.webdo.tn\/fr\/wp-content\/uploads\/2025\/06\/Webdo-Tunisie_168377.jpg","contentUrl":"https:\/\/www.webdo.tn\/fr\/wp-content\/uploads\/2025\/06\/Webdo-Tunisie_168377.jpg","width":301,"height":301,"caption":"Webdo"},"image":{"@id":"https:\/\/www.webdo.tn\/fr\/#\/schema\/logo\/image\/"},"sameAs":["https:\/\/www.facebook.com\/webdotn","https:\/\/x.com\/webdo_tn"],"description":"Webdo est un m\u00e9dia num\u00e9rique tunisien fond\u00e9 en 2010, sp\u00e9cialis\u00e9 dans l\u2019actualit\u00e9 nationale et internationale, l\u2019\u00e9conomie, la soci\u00e9t\u00e9 et les analyses politiques. Le site s\u2019adresse \u00e0 un large public francophone et couvre l\u2019information tunisienne en temps r\u00e9el.","email":"redac@webdo.tn","legalName":"YNJ SARL","foundingDate":"2010-09-06","numberOfEmployees":{"@type":"QuantitativeValue","minValue":"11","maxValue":"50"}},{"@type":"Person","@id":"https:\/\/www.webdo.tn\/fr\/#\/schema\/person\/c652cd8fc2b1b44412b5ffb48c5a911d","name":"Mohamed Hedi Touati","image":{"@type":"ImageObject","inLanguage":"fr-FR","@id":"https:\/\/secure.gravatar.com\/avatar\/9cfd402c745b7a685f13eed0ea6e59d2144a3c2fc50a3db6fd5ed451f6cddf1a?s=96&d=mm&r=g","url":"https:\/\/secure.gravatar.com\/avatar\/9cfd402c745b7a685f13eed0ea6e59d2144a3c2fc50a3db6fd5ed451f6cddf1a?s=96&d=mm&r=g","contentUrl":"https:\/\/secure.gravatar.com\/avatar\/9cfd402c745b7a685f13eed0ea6e59d2144a3c2fc50a3db6fd5ed451f6cddf1a?s=96&d=mm&r=g","caption":"Mohamed Hedi Touati"},"url":"https:\/\/www.webdo.tn\/fr\/actualite\/author\/mohamed-hedi-touati\/"}]}},"_links":{"self":[{"href":"https:\/\/www.webdo.tn\/fr\/wp-json\/wp\/v2\/posts\/383762","targetHints":{"allow":["GET"]}}],"collection":[{"href":"https:\/\/www.webdo.tn\/fr\/wp-json\/wp\/v2\/posts"}],"about":[{"href":"https:\/\/www.webdo.tn\/fr\/wp-json\/wp\/v2\/types\/post"}],"author":[{"embeddable":true,"href":"https:\/\/www.webdo.tn\/fr\/wp-json\/wp\/v2\/users\/3191"}],"replies":[{"embeddable":true,"href":"https:\/\/www.webdo.tn\/fr\/wp-json\/wp\/v2\/comments?post=383762"}],"version-history":[{"count":0,"href":"https:\/\/www.webdo.tn\/fr\/wp-json\/wp\/v2\/posts\/383762\/revisions"}],"wp:featuredmedia":[{"embeddable":true,"href":"https:\/\/www.webdo.tn\/fr\/wp-json\/wp\/v2\/media\/383763"}],"wp:attachment":[{"href":"https:\/\/www.webdo.tn\/fr\/wp-json\/wp\/v2\/media?parent=383762"}],"wp:term":[{"taxonomy":"category","embeddable":true,"href":"https:\/\/www.webdo.tn\/fr\/wp-json\/wp\/v2\/categories?post=383762"},{"taxonomy":"post_tag","embeddable":true,"href":"https:\/\/www.webdo.tn\/fr\/wp-json\/wp\/v2\/tags?post=383762"}],"curies":[{"name":"wp","href":"https:\/\/api.w.org\/{rel}","templated":true}]}}