{"id":383674,"date":"2025-09-17T07:18:25","date_gmt":"2025-09-17T06:18:25","guid":{"rendered":"https:\/\/www.webdo.tn\/fr\/?p=383674"},"modified":"2025-09-17T09:47:30","modified_gmt":"2025-09-17T08:47:30","slug":"tunisie-la-kasbah-espere-toujours-accelerer-la-numerisation-de-ladministration","status":"publish","type":"post","link":"https:\/\/www.webdo.tn\/fr\/actualite\/national\/tunisie-la-kasbah-espere-toujours-accelerer-la-numerisation-de-ladministration\/383674\/","title":{"rendered":"Tunisie : La Kasbah esp\u00e8re toujours acc\u00e9l\u00e9rer la num\u00e9risation de l&rsquo;administration"},"content":{"rendered":"\n<p><\/p>\n\n\n\n<p><a href=\"https:\/\/www.facebook.com\/Presidencedugouvernementtunisien\/posts\/pfbid0Xq5HKAPz3GQmT3ByGLLu9tCWYFFhZGfsdEihh2psrrsrYZpnitX3xyhNUJXCeLx1l\">Un conseil minist\u00e9riel pr\u00e9sid\u00e9 par la cheffe du gouvernement, <strong>Sarrah Zafrani Zenzri<\/strong><\/a>, s\u2019est tenu mardi au palais de la Kasbah pour faire le point sur l\u2019avancement des projets de transformation num\u00e9rique et annoncer une s\u00e9rie de d\u00e9cisions structurantes.<\/p>\n\n\n\n<p>Parmi les principales mesures adopt\u00e9es figure <strong>l\u2019int\u00e9gration des projets num\u00e9riques \u00e0 la plateforme nationale de suivi des projets publics<\/strong>, ainsi que <strong>la mise en place de tableaux de bord nationaux et sectoriels<\/strong> pour suivre les indicateurs de performance.<\/p>\n\n\n\n<p>Le conseil a \u00e9galement d\u00e9cid\u00e9 de <strong>g\u00e9n\u00e9raliser l\u2019interop\u00e9rabilit\u00e9 entre les minist\u00e8res et les organismes publics<\/strong>, en instaurant des <strong>m\u00e9canismes obligatoires d\u2019\u00e9change de donn\u00e9es<\/strong> entre les administrations. Cette interconnexion sera accompagn\u00e9e du <strong>d\u00e9veloppement des moyens de paiement \u00e9lectronique et de l\u2019inclusion financi\u00e8re<\/strong>.<\/p>\n\n\n\n<p>Pour rapprocher les services num\u00e9riques des citoyens, le gouvernement pr\u00e9voit le lancement d\u2019une <strong>strat\u00e9gie nationale de communication<\/strong> visant \u00e0 faire conna\u00eetre les services disponibles et \u00e0 en faciliter l\u2019acc\u00e8s. Une <strong>plateforme nationale unifi\u00e9e<\/strong> rassemblant les services administratifs sera d\u00e9velopp\u00e9e pour offrir <strong>une interface simplifi\u00e9e aux citoyens, investisseurs et entreprises<\/strong>.<\/p>\n\n\n\n<p>Le conseil a \u00e9galement insist\u00e9 sur l\u2019importance de <strong>classifier les donn\u00e9es publiques et d\u2019instaurer une gouvernance claire de ces donn\u00e9es<\/strong>, consid\u00e9r\u00e9es comme un <strong>levier central pour le d\u00e9veloppement de l\u2019intelligence artificielle (IA)<\/strong>. Une <strong>politique nationale des donn\u00e9es ouvertes<\/strong> sera adopt\u00e9e, afin de renforcer la transparence et d\u2019encourager l\u2019innovation, notamment \u00e0 travers <strong>l\u2019int\u00e9gration de solutions d\u2019IA pour d\u00e9tecter pr\u00e9cocement la corruption et l\u2019\u00e9vasion fiscale<\/strong>.<\/p>\n\n\n\n<h3 class=\"wp-block-heading\" id=\"h-la-numerisation-complete-de-l-administration-n-est-plus-un-choix\">\u00ab La num\u00e9risation compl\u00e8te de l\u2019administration n\u2019est plus un choix \u00bb<\/h3>\n\n\n\n<p>Dans son allocution d\u2019ouverture, Sarrah Zafrani Zenzri a soulign\u00e9 que <strong>le num\u00e9rique est d\u00e9sormais un passage oblig\u00e9 pour une administration moderne, transparente et efficace<\/strong>.<\/p>\n\n\n\n<p>Elle a rappel\u00e9 que la num\u00e9risation permet non seulement de <strong>simplifier les proc\u00e9dures et de rendre les services plus rapides et plus fiables<\/strong>, mais aussi de <strong>lutter efficacement contre la corruption<\/strong> et de <strong>stimuler l\u2019investissement et la croissance \u00e9conomique<\/strong>.<\/p>\n\n\n\n<p>\u00ab La num\u00e9risation compl\u00e8te de l\u2019administration est essentielle et incontournable. Elle doit \u00eatre consid\u00e9r\u00e9e comme une priorit\u00e9 absolue dans tout projet ayant un impact direct sur le citoyen et l\u2019entreprise \u00bb, a-t-elle insist\u00e9, tout en annon\u00e7ant l\u2019\u00e9laboration d\u2019une <strong>vision nationale unifi\u00e9e du num\u00e9rique pour la p\u00e9riode 2026-2030<\/strong>, avec <strong>des objectifs, des priorit\u00e9s et un calendrier pr\u00e9cis<\/strong>.<\/p>\n\n\n\n<h3 class=\"wp-block-heading\" id=\"h-un-programme-2025-2026-structure-autour-de-quatre-axes\">Un programme 2025-2026 structur\u00e9 autour de quatre axes<\/h3>\n\n\n\n<p>Le ministre des Technologies de la communication, <strong>Soufiene Hemmassi<\/strong>, a pr\u00e9sent\u00e9 l\u2019\u00e9tat d\u2019avancement des projets en cours et les grandes lignes du <strong>programme de transformation num\u00e9rique 2025-2026<\/strong>, qui comprend <strong>138 projets r\u00e9partis en quatre axes<\/strong> :<\/p>\n\n\n\n<ul class=\"wp-block-list\">\n<li><strong>Transformation num\u00e9rique de l\u2019administration<\/strong> (99 projets) : d\u00e9veloppement des services \u00e0 distance, interop\u00e9rabilit\u00e9 g\u00e9n\u00e9ralis\u00e9e et acc\u00e9l\u00e9ration des syst\u00e8mes d\u2019information.<\/li>\n\n\n\n<li><strong>Promotion de l\u2019\u00e9conomie num\u00e9rique<\/strong> (18 projets) : exploitation des opportunit\u00e9s offertes par l\u2019IA, formation, e-commerce, innovation et entrepreneuriat, inclusion financi\u00e8re et paiements \u00e9lectroniques.<\/li>\n\n\n\n<li><strong>Cybers\u00e9curit\u00e9 et confiance num\u00e9rique<\/strong> (12 projets) : renforcement de la s\u00e9curit\u00e9 des syst\u00e8mes et consolidation de la confiance num\u00e9rique.<\/li>\n\n\n\n<li><strong>Infrastructures num\u00e9riques<\/strong> (9 projets) : g\u00e9n\u00e9ralisation de la couverture en r\u00e9seaux de t\u00e9l\u00e9communications et modernisation des infrastructures administratives.<\/li>\n<\/ul>\n\n\n\n<p>Les participants \u00e0 ce conseil ont \u00e9galement \u00e9voqu\u00e9 <strong>les obstacles rencontr\u00e9s dans l\u2019ex\u00e9cution de certains projets<\/strong> et les <strong>solutions \u00e0 mettre en \u0153uvre pour en acc\u00e9l\u00e9rer la r\u00e9alisation<\/strong>.<\/p>\n","protected":false},"excerpt":{"rendered":"<p>Un conseil minist\u00e9riel pr\u00e9sid\u00e9 par la cheffe du gouvernement, Sarrah Zafrani Zenzri, s\u2019est tenu mardi au palais de la Kasbah pour faire le point sur l\u2019avancement des projets de transformation num\u00e9rique et annoncer une s\u00e9rie de d\u00e9cisions structurantes. Parmi les principales mesures adopt\u00e9es figure l\u2019int\u00e9gration des projets num\u00e9riques \u00e0 la plateforme nationale de suivi des [&hellip;]<\/p>\n","protected":false},"author":3184,"featured_media":383675,"comment_status":"closed","ping_status":"closed","sticky":false,"template":"","format":"standard","meta":{"footnotes":""},"categories":[44],"tags":[],"class_list":["post-383674","post","type-post","status-publish","format-standard","has-post-thumbnail","hentry","category-national"],"yoast_head":"<!-- This site is optimized with the Yoast SEO Premium plugin v27.4 (Yoast SEO v27.4) - https:\/\/yoast.com\/product\/yoast-seo-premium-wordpress\/ -->\n<title>Tunisie : La Kasbah esp\u00e8re toujours acc\u00e9l\u00e9rer la num\u00e9risation de l&#039;administration - webdo<\/title>\n<meta name=\"description\" content=\"D\u00e9couvrez les derni\u00e8res avanc\u00e9es en mati\u00e8re de num\u00e9risation et les d\u00e9cisions cl\u00e9s pour une transformation num\u00e9rique r\u00e9ussie.\" \/>\n<link rel=\"canonical\" href=\"https:\/\/www.webdo.tn\/fr\/actualite\/national\/tunisie-la-kasbah-espere-toujours-accelerer-la-numerisation-de-ladministration\/383674\/\" \/>\n<meta property=\"og:locale\" content=\"fr_FR\" \/>\n<meta property=\"og:type\" content=\"article\" \/>\n<meta property=\"og:title\" content=\"Tunisie : La Kasbah esp\u00e8re toujours acc\u00e9l\u00e9rer la num\u00e9risation de l&#039;administration\" \/>\n<meta property=\"og:description\" content=\"D\u00e9couvrez les derni\u00e8res avanc\u00e9es en mati\u00e8re de num\u00e9risation et les d\u00e9cisions cl\u00e9s pour une transformation num\u00e9rique r\u00e9ussie.\" \/>\n<meta property=\"og:url\" content=\"https:\/\/www.webdo.tn\/fr\/actualite\/national\/tunisie-la-kasbah-espere-toujours-accelerer-la-numerisation-de-ladministration\/383674\/\" \/>\n<meta property=\"og:site_name\" content=\"webdo\" \/>\n<meta property=\"article:publisher\" content=\"https:\/\/www.facebook.com\/webdotn\" \/>\n<meta property=\"article:published_time\" content=\"2025-09-17T06:18:25+00:00\" \/>\n<meta property=\"article:modified_time\" content=\"2025-09-17T08:47:30+00:00\" \/>\n<meta property=\"og:image\" content=\"https:\/\/www.webdo.tn\/fr\/wp-content\/uploads\/2025\/09\/Capture-decran-2025-09-17-071643.jpg\" \/>\n\t<meta property=\"og:image:width\" content=\"1012\" \/>\n\t<meta property=\"og:image:height\" content=\"652\" \/>\n\t<meta property=\"og:image:type\" content=\"image\/jpeg\" \/>\n<meta name=\"author\" content=\"Wided Belhaj\" \/>\n<meta name=\"twitter:card\" content=\"summary_large_image\" \/>\n<meta name=\"twitter:creator\" content=\"@webdo_tn\" \/>\n<meta name=\"twitter:site\" content=\"@webdo_tn\" \/>\n<meta name=\"twitter:label1\" content=\"\u00c9crit par\" \/>\n\t<meta name=\"twitter:data1\" content=\"Wided Belhaj\" \/>\n\t<meta name=\"twitter:label2\" content=\"Dur\u00e9e de lecture estim\u00e9e\" \/>\n\t<meta name=\"twitter:data2\" content=\"3 minutes\" \/>\n<script type=\"application\/ld+json\" class=\"yoast-schema-graph\">{\"@context\":\"https:\\\/\\\/schema.org\",\"@graph\":[{\"@type\":\"NewsArticle\",\"@id\":\"https:\\\/\\\/www.webdo.tn\\\/fr\\\/actualite\\\/national\\\/tunisie-la-kasbah-espere-toujours-accelerer-la-numerisation-de-ladministration\\\/383674\\\/#article\",\"isPartOf\":{\"@id\":\"https:\\\/\\\/www.webdo.tn\\\/fr\\\/actualite\\\/national\\\/tunisie-la-kasbah-espere-toujours-accelerer-la-numerisation-de-ladministration\\\/383674\\\/\"},\"author\":{\"name\":\"Wided Belhaj\",\"@id\":\"https:\\\/\\\/www.webdo.tn\\\/fr\\\/#\\\/schema\\\/person\\\/b9ecde7a5574cb4fcf4b496ea5fadb15\"},\"headline\":\"Tunisie : La Kasbah esp\u00e8re toujours acc\u00e9l\u00e9rer la num\u00e9risation de l&rsquo;administration\",\"datePublished\":\"2025-09-17T06:18:25+00:00\",\"dateModified\":\"2025-09-17T08:47:30+00:00\",\"mainEntityOfPage\":{\"@id\":\"https:\\\/\\\/www.webdo.tn\\\/fr\\\/actualite\\\/national\\\/tunisie-la-kasbah-espere-toujours-accelerer-la-numerisation-de-ladministration\\\/383674\\\/\"},\"wordCount\":619,\"publisher\":{\"@id\":\"https:\\\/\\\/www.webdo.tn\\\/fr\\\/#organization\"},\"image\":{\"@id\":\"https:\\\/\\\/www.webdo.tn\\\/fr\\\/actualite\\\/national\\\/tunisie-la-kasbah-espere-toujours-accelerer-la-numerisation-de-ladministration\\\/383674\\\/#primaryimage\"},\"thumbnailUrl\":\"https:\\\/\\\/www.webdo.tn\\\/fr\\\/wp-content\\\/uploads\\\/2025\\\/09\\\/Capture-decran-2025-09-17-071643.jpg\",\"articleSection\":[\"National\"],\"inLanguage\":\"fr-FR\"},{\"@type\":\"WebPage\",\"@id\":\"https:\\\/\\\/www.webdo.tn\\\/fr\\\/actualite\\\/national\\\/tunisie-la-kasbah-espere-toujours-accelerer-la-numerisation-de-ladministration\\\/383674\\\/\",\"url\":\"https:\\\/\\\/www.webdo.tn\\\/fr\\\/actualite\\\/national\\\/tunisie-la-kasbah-espere-toujours-accelerer-la-numerisation-de-ladministration\\\/383674\\\/\",\"name\":\"Tunisie : La Kasbah esp\u00e8re toujours acc\u00e9l\u00e9rer la num\u00e9risation de l'administration - webdo\",\"isPartOf\":{\"@id\":\"https:\\\/\\\/www.webdo.tn\\\/fr\\\/#website\"},\"primaryImageOfPage\":{\"@id\":\"https:\\\/\\\/www.webdo.tn\\\/fr\\\/actualite\\\/national\\\/tunisie-la-kasbah-espere-toujours-accelerer-la-numerisation-de-ladministration\\\/383674\\\/#primaryimage\"},\"image\":{\"@id\":\"https:\\\/\\\/www.webdo.tn\\\/fr\\\/actualite\\\/national\\\/tunisie-la-kasbah-espere-toujours-accelerer-la-numerisation-de-ladministration\\\/383674\\\/#primaryimage\"},\"thumbnailUrl\":\"https:\\\/\\\/www.webdo.tn\\\/fr\\\/wp-content\\\/uploads\\\/2025\\\/09\\\/Capture-decran-2025-09-17-071643.jpg\",\"datePublished\":\"2025-09-17T06:18:25+00:00\",\"dateModified\":\"2025-09-17T08:47:30+00:00\",\"description\":\"D\u00e9couvrez les derni\u00e8res avanc\u00e9es en mati\u00e8re de num\u00e9risation et les d\u00e9cisions cl\u00e9s pour une transformation num\u00e9rique r\u00e9ussie.\",\"breadcrumb\":{\"@id\":\"https:\\\/\\\/www.webdo.tn\\\/fr\\\/actualite\\\/national\\\/tunisie-la-kasbah-espere-toujours-accelerer-la-numerisation-de-ladministration\\\/383674\\\/#breadcrumb\"},\"inLanguage\":\"fr-FR\",\"potentialAction\":[{\"@type\":\"ReadAction\",\"target\":[\"https:\\\/\\\/www.webdo.tn\\\/fr\\\/actualite\\\/national\\\/tunisie-la-kasbah-espere-toujours-accelerer-la-numerisation-de-ladministration\\\/383674\\\/\"]}]},{\"@type\":\"ImageObject\",\"inLanguage\":\"fr-FR\",\"@id\":\"https:\\\/\\\/www.webdo.tn\\\/fr\\\/actualite\\\/national\\\/tunisie-la-kasbah-espere-toujours-accelerer-la-numerisation-de-ladministration\\\/383674\\\/#primaryimage\",\"url\":\"https:\\\/\\\/www.webdo.tn\\\/fr\\\/wp-content\\\/uploads\\\/2025\\\/09\\\/Capture-decran-2025-09-17-071643.jpg\",\"contentUrl\":\"https:\\\/\\\/www.webdo.tn\\\/fr\\\/wp-content\\\/uploads\\\/2025\\\/09\\\/Capture-decran-2025-09-17-071643.jpg\",\"width\":1012,\"height\":652},{\"@type\":\"BreadcrumbList\",\"@id\":\"https:\\\/\\\/www.webdo.tn\\\/fr\\\/actualite\\\/national\\\/tunisie-la-kasbah-espere-toujours-accelerer-la-numerisation-de-ladministration\\\/383674\\\/#breadcrumb\",\"itemListElement\":[{\"@type\":\"ListItem\",\"position\":1,\"name\":\"Accueil\",\"item\":\"https:\\\/\\\/www.webdo.tn\\\/fr\\\/\"},{\"@type\":\"ListItem\",\"position\":2,\"name\":\"Tunisie : La Kasbah esp\u00e8re toujours acc\u00e9l\u00e9rer la num\u00e9risation de l&rsquo;administration\"}]},{\"@type\":\"WebSite\",\"@id\":\"https:\\\/\\\/www.webdo.tn\\\/fr\\\/#website\",\"url\":\"https:\\\/\\\/www.webdo.tn\\\/fr\\\/\",\"name\":\"webdo\",\"description\":\"Tunisie - News en Tunisie et \u00e0 l&#039;international sur Webdo.tn\",\"publisher\":{\"@id\":\"https:\\\/\\\/www.webdo.tn\\\/fr\\\/#organization\"},\"potentialAction\":[{\"@type\":\"SearchAction\",\"target\":{\"@type\":\"EntryPoint\",\"urlTemplate\":\"https:\\\/\\\/www.webdo.tn\\\/fr\\\/?s={search_term_string}\"},\"query-input\":{\"@type\":\"PropertyValueSpecification\",\"valueRequired\":true,\"valueName\":\"search_term_string\"}}],\"inLanguage\":\"fr-FR\"},{\"@type\":\"Organization\",\"@id\":\"https:\\\/\\\/www.webdo.tn\\\/fr\\\/#organization\",\"name\":\"Webdo\",\"alternateName\":\"Webdo.tn\",\"url\":\"https:\\\/\\\/www.webdo.tn\\\/fr\\\/\",\"logo\":{\"@type\":\"ImageObject\",\"inLanguage\":\"fr-FR\",\"@id\":\"https:\\\/\\\/www.webdo.tn\\\/fr\\\/#\\\/schema\\\/logo\\\/image\\\/\",\"url\":\"https:\\\/\\\/www.webdo.tn\\\/fr\\\/wp-content\\\/uploads\\\/2025\\\/06\\\/Webdo-Tunisie_168377.jpg\",\"contentUrl\":\"https:\\\/\\\/www.webdo.tn\\\/fr\\\/wp-content\\\/uploads\\\/2025\\\/06\\\/Webdo-Tunisie_168377.jpg\",\"width\":301,\"height\":301,\"caption\":\"Webdo\"},\"image\":{\"@id\":\"https:\\\/\\\/www.webdo.tn\\\/fr\\\/#\\\/schema\\\/logo\\\/image\\\/\"},\"sameAs\":[\"https:\\\/\\\/www.facebook.com\\\/webdotn\",\"https:\\\/\\\/x.com\\\/webdo_tn\"],\"description\":\"Webdo est un m\u00e9dia num\u00e9rique tunisien fond\u00e9 en 2010, sp\u00e9cialis\u00e9 dans l\u2019actualit\u00e9 nationale et internationale, l\u2019\u00e9conomie, la soci\u00e9t\u00e9 et les analyses politiques. Le site s\u2019adresse \u00e0 un large public francophone et couvre l\u2019information tunisienne en temps r\u00e9el.\",\"email\":\"redac@webdo.tn\",\"legalName\":\"YNJ SARL\",\"foundingDate\":\"2010-09-06\",\"numberOfEmployees\":{\"@type\":\"QuantitativeValue\",\"minValue\":\"11\",\"maxValue\":\"50\"}},{\"@type\":\"Person\",\"@id\":\"https:\\\/\\\/www.webdo.tn\\\/fr\\\/#\\\/schema\\\/person\\\/b9ecde7a5574cb4fcf4b496ea5fadb15\",\"name\":\"Wided Belhaj\",\"image\":{\"@type\":\"ImageObject\",\"inLanguage\":\"fr-FR\",\"@id\":\"https:\\\/\\\/www.webdo.tn\\\/fr\\\/wp-content\\\/uploads\\\/2026\\\/04\\\/wided-belhaj_avatar-96x96.jpg\",\"url\":\"https:\\\/\\\/www.webdo.tn\\\/fr\\\/wp-content\\\/uploads\\\/2026\\\/04\\\/wided-belhaj_avatar-96x96.jpg\",\"contentUrl\":\"https:\\\/\\\/www.webdo.tn\\\/fr\\\/wp-content\\\/uploads\\\/2026\\\/04\\\/wided-belhaj_avatar-96x96.jpg\",\"caption\":\"Wided Belhaj\"},\"description\":\"Wided Belhaj est le pseudonyme \u00e9ditorial utilis\u00e9 par Khalil Jelassi, journaliste, ma\u00eetre-assistant \u00e0 l\u2019Institut de presse et des sciences de l\u2019information (IPSI) et chercheur en sciences de l\u2019information et de la communication. Cette signature est d\u00e9di\u00e9e \u00e0 l\u2019analyse des m\u00e9dias, des pratiques journalistiques et des mutations de l\u2019information \u00e0 l\u2019\u00e8re digitale. \u00c0 travers ses contributions, Wided Belhaj propose une lecture analytique de l\u2019actualit\u00e9, en croisant regard critique et expertise acad\u00e9mique.\",\"knowsAbout\":[\"m\u00e9dias\",\"journalisme\",\"communication\",\"information\",\"transformation num\u00e9rique\",\"analyse des m\u00e9dias\"],\"knowsLanguage\":[\"Fran\u00e7ais\",\"Arabe\"],\"jobTitle\":\"Webdo.tn\",\"worksFor\":\"Journaliste \u2013 Analyse des m\u00e9dias\",\"url\":\"https:\\\/\\\/www.webdo.tn\\\/fr\\\/actualite\\\/author\\\/wided-belhaj\\\/\"}]}<\/script>\n<!-- \/ Yoast SEO Premium plugin. -->","yoast_head_json":{"title":"Tunisie : La Kasbah esp\u00e8re toujours acc\u00e9l\u00e9rer la num\u00e9risation de l'administration - webdo","description":"D\u00e9couvrez les derni\u00e8res avanc\u00e9es en mati\u00e8re de num\u00e9risation et les d\u00e9cisions cl\u00e9s pour une transformation num\u00e9rique r\u00e9ussie.","canonical":"https:\/\/www.webdo.tn\/fr\/actualite\/national\/tunisie-la-kasbah-espere-toujours-accelerer-la-numerisation-de-ladministration\/383674\/","og_locale":"fr_FR","og_type":"article","og_title":"Tunisie : La Kasbah esp\u00e8re toujours acc\u00e9l\u00e9rer la num\u00e9risation de l'administration","og_description":"D\u00e9couvrez les derni\u00e8res avanc\u00e9es en mati\u00e8re de num\u00e9risation et les d\u00e9cisions cl\u00e9s pour une transformation num\u00e9rique r\u00e9ussie.","og_url":"https:\/\/www.webdo.tn\/fr\/actualite\/national\/tunisie-la-kasbah-espere-toujours-accelerer-la-numerisation-de-ladministration\/383674\/","og_site_name":"webdo","article_publisher":"https:\/\/www.facebook.com\/webdotn","article_published_time":"2025-09-17T06:18:25+00:00","article_modified_time":"2025-09-17T08:47:30+00:00","og_image":[{"width":1012,"height":652,"url":"https:\/\/www.webdo.tn\/fr\/wp-content\/uploads\/2025\/09\/Capture-decran-2025-09-17-071643.jpg","type":"image\/jpeg"}],"author":"Wided Belhaj","twitter_card":"summary_large_image","twitter_creator":"@webdo_tn","twitter_site":"@webdo_tn","twitter_misc":{"\u00c9crit par":"Wided Belhaj","Dur\u00e9e de lecture estim\u00e9e":"3 minutes"},"schema":{"@context":"https:\/\/schema.org","@graph":[{"@type":"NewsArticle","@id":"https:\/\/www.webdo.tn\/fr\/actualite\/national\/tunisie-la-kasbah-espere-toujours-accelerer-la-numerisation-de-ladministration\/383674\/#article","isPartOf":{"@id":"https:\/\/www.webdo.tn\/fr\/actualite\/national\/tunisie-la-kasbah-espere-toujours-accelerer-la-numerisation-de-ladministration\/383674\/"},"author":{"name":"Wided Belhaj","@id":"https:\/\/www.webdo.tn\/fr\/#\/schema\/person\/b9ecde7a5574cb4fcf4b496ea5fadb15"},"headline":"Tunisie : La Kasbah esp\u00e8re toujours acc\u00e9l\u00e9rer la num\u00e9risation de l&rsquo;administration","datePublished":"2025-09-17T06:18:25+00:00","dateModified":"2025-09-17T08:47:30+00:00","mainEntityOfPage":{"@id":"https:\/\/www.webdo.tn\/fr\/actualite\/national\/tunisie-la-kasbah-espere-toujours-accelerer-la-numerisation-de-ladministration\/383674\/"},"wordCount":619,"publisher":{"@id":"https:\/\/www.webdo.tn\/fr\/#organization"},"image":{"@id":"https:\/\/www.webdo.tn\/fr\/actualite\/national\/tunisie-la-kasbah-espere-toujours-accelerer-la-numerisation-de-ladministration\/383674\/#primaryimage"},"thumbnailUrl":"https:\/\/www.webdo.tn\/fr\/wp-content\/uploads\/2025\/09\/Capture-decran-2025-09-17-071643.jpg","articleSection":["National"],"inLanguage":"fr-FR"},{"@type":"WebPage","@id":"https:\/\/www.webdo.tn\/fr\/actualite\/national\/tunisie-la-kasbah-espere-toujours-accelerer-la-numerisation-de-ladministration\/383674\/","url":"https:\/\/www.webdo.tn\/fr\/actualite\/national\/tunisie-la-kasbah-espere-toujours-accelerer-la-numerisation-de-ladministration\/383674\/","name":"Tunisie : La Kasbah esp\u00e8re toujours acc\u00e9l\u00e9rer la num\u00e9risation de l'administration - webdo","isPartOf":{"@id":"https:\/\/www.webdo.tn\/fr\/#website"},"primaryImageOfPage":{"@id":"https:\/\/www.webdo.tn\/fr\/actualite\/national\/tunisie-la-kasbah-espere-toujours-accelerer-la-numerisation-de-ladministration\/383674\/#primaryimage"},"image":{"@id":"https:\/\/www.webdo.tn\/fr\/actualite\/national\/tunisie-la-kasbah-espere-toujours-accelerer-la-numerisation-de-ladministration\/383674\/#primaryimage"},"thumbnailUrl":"https:\/\/www.webdo.tn\/fr\/wp-content\/uploads\/2025\/09\/Capture-decran-2025-09-17-071643.jpg","datePublished":"2025-09-17T06:18:25+00:00","dateModified":"2025-09-17T08:47:30+00:00","description":"D\u00e9couvrez les derni\u00e8res avanc\u00e9es en mati\u00e8re de num\u00e9risation et les d\u00e9cisions cl\u00e9s pour une transformation num\u00e9rique r\u00e9ussie.","breadcrumb":{"@id":"https:\/\/www.webdo.tn\/fr\/actualite\/national\/tunisie-la-kasbah-espere-toujours-accelerer-la-numerisation-de-ladministration\/383674\/#breadcrumb"},"inLanguage":"fr-FR","potentialAction":[{"@type":"ReadAction","target":["https:\/\/www.webdo.tn\/fr\/actualite\/national\/tunisie-la-kasbah-espere-toujours-accelerer-la-numerisation-de-ladministration\/383674\/"]}]},{"@type":"ImageObject","inLanguage":"fr-FR","@id":"https:\/\/www.webdo.tn\/fr\/actualite\/national\/tunisie-la-kasbah-espere-toujours-accelerer-la-numerisation-de-ladministration\/383674\/#primaryimage","url":"https:\/\/www.webdo.tn\/fr\/wp-content\/uploads\/2025\/09\/Capture-decran-2025-09-17-071643.jpg","contentUrl":"https:\/\/www.webdo.tn\/fr\/wp-content\/uploads\/2025\/09\/Capture-decran-2025-09-17-071643.jpg","width":1012,"height":652},{"@type":"BreadcrumbList","@id":"https:\/\/www.webdo.tn\/fr\/actualite\/national\/tunisie-la-kasbah-espere-toujours-accelerer-la-numerisation-de-ladministration\/383674\/#breadcrumb","itemListElement":[{"@type":"ListItem","position":1,"name":"Accueil","item":"https:\/\/www.webdo.tn\/fr\/"},{"@type":"ListItem","position":2,"name":"Tunisie : La Kasbah esp\u00e8re toujours acc\u00e9l\u00e9rer la num\u00e9risation de l&rsquo;administration"}]},{"@type":"WebSite","@id":"https:\/\/www.webdo.tn\/fr\/#website","url":"https:\/\/www.webdo.tn\/fr\/","name":"webdo","description":"Tunisie - News en Tunisie et \u00e0 l&#039;international sur Webdo.tn","publisher":{"@id":"https:\/\/www.webdo.tn\/fr\/#organization"},"potentialAction":[{"@type":"SearchAction","target":{"@type":"EntryPoint","urlTemplate":"https:\/\/www.webdo.tn\/fr\/?s={search_term_string}"},"query-input":{"@type":"PropertyValueSpecification","valueRequired":true,"valueName":"search_term_string"}}],"inLanguage":"fr-FR"},{"@type":"Organization","@id":"https:\/\/www.webdo.tn\/fr\/#organization","name":"Webdo","alternateName":"Webdo.tn","url":"https:\/\/www.webdo.tn\/fr\/","logo":{"@type":"ImageObject","inLanguage":"fr-FR","@id":"https:\/\/www.webdo.tn\/fr\/#\/schema\/logo\/image\/","url":"https:\/\/www.webdo.tn\/fr\/wp-content\/uploads\/2025\/06\/Webdo-Tunisie_168377.jpg","contentUrl":"https:\/\/www.webdo.tn\/fr\/wp-content\/uploads\/2025\/06\/Webdo-Tunisie_168377.jpg","width":301,"height":301,"caption":"Webdo"},"image":{"@id":"https:\/\/www.webdo.tn\/fr\/#\/schema\/logo\/image\/"},"sameAs":["https:\/\/www.facebook.com\/webdotn","https:\/\/x.com\/webdo_tn"],"description":"Webdo est un m\u00e9dia num\u00e9rique tunisien fond\u00e9 en 2010, sp\u00e9cialis\u00e9 dans l\u2019actualit\u00e9 nationale et internationale, l\u2019\u00e9conomie, la soci\u00e9t\u00e9 et les analyses politiques. Le site s\u2019adresse \u00e0 un large public francophone et couvre l\u2019information tunisienne en temps r\u00e9el.","email":"redac@webdo.tn","legalName":"YNJ SARL","foundingDate":"2010-09-06","numberOfEmployees":{"@type":"QuantitativeValue","minValue":"11","maxValue":"50"}},{"@type":"Person","@id":"https:\/\/www.webdo.tn\/fr\/#\/schema\/person\/b9ecde7a5574cb4fcf4b496ea5fadb15","name":"Wided Belhaj","image":{"@type":"ImageObject","inLanguage":"fr-FR","@id":"https:\/\/www.webdo.tn\/fr\/wp-content\/uploads\/2026\/04\/wided-belhaj_avatar-96x96.jpg","url":"https:\/\/www.webdo.tn\/fr\/wp-content\/uploads\/2026\/04\/wided-belhaj_avatar-96x96.jpg","contentUrl":"https:\/\/www.webdo.tn\/fr\/wp-content\/uploads\/2026\/04\/wided-belhaj_avatar-96x96.jpg","caption":"Wided Belhaj"},"description":"Wided Belhaj est le pseudonyme \u00e9ditorial utilis\u00e9 par Khalil Jelassi, journaliste, ma\u00eetre-assistant \u00e0 l\u2019Institut de presse et des sciences de l\u2019information (IPSI) et chercheur en sciences de l\u2019information et de la communication. Cette signature est d\u00e9di\u00e9e \u00e0 l\u2019analyse des m\u00e9dias, des pratiques journalistiques et des mutations de l\u2019information \u00e0 l\u2019\u00e8re digitale. \u00c0 travers ses contributions, Wided Belhaj propose une lecture analytique de l\u2019actualit\u00e9, en croisant regard critique et expertise acad\u00e9mique.","knowsAbout":["m\u00e9dias","journalisme","communication","information","transformation num\u00e9rique","analyse des m\u00e9dias"],"knowsLanguage":["Fran\u00e7ais","Arabe"],"jobTitle":"Webdo.tn","worksFor":"Journaliste \u2013 Analyse des m\u00e9dias","url":"https:\/\/www.webdo.tn\/fr\/actualite\/author\/wided-belhaj\/"}]}},"_links":{"self":[{"href":"https:\/\/www.webdo.tn\/fr\/wp-json\/wp\/v2\/posts\/383674","targetHints":{"allow":["GET"]}}],"collection":[{"href":"https:\/\/www.webdo.tn\/fr\/wp-json\/wp\/v2\/posts"}],"about":[{"href":"https:\/\/www.webdo.tn\/fr\/wp-json\/wp\/v2\/types\/post"}],"author":[{"embeddable":true,"href":"https:\/\/www.webdo.tn\/fr\/wp-json\/wp\/v2\/users\/3184"}],"replies":[{"embeddable":true,"href":"https:\/\/www.webdo.tn\/fr\/wp-json\/wp\/v2\/comments?post=383674"}],"version-history":[{"count":0,"href":"https:\/\/www.webdo.tn\/fr\/wp-json\/wp\/v2\/posts\/383674\/revisions"}],"wp:featuredmedia":[{"embeddable":true,"href":"https:\/\/www.webdo.tn\/fr\/wp-json\/wp\/v2\/media\/383675"}],"wp:attachment":[{"href":"https:\/\/www.webdo.tn\/fr\/wp-json\/wp\/v2\/media?parent=383674"}],"wp:term":[{"taxonomy":"category","embeddable":true,"href":"https:\/\/www.webdo.tn\/fr\/wp-json\/wp\/v2\/categories?post=383674"},{"taxonomy":"post_tag","embeddable":true,"href":"https:\/\/www.webdo.tn\/fr\/wp-json\/wp\/v2\/tags?post=383674"}],"curies":[{"name":"wp","href":"https:\/\/api.w.org\/{rel}","templated":true}]}}