{"id":383658,"date":"2025-09-16T19:01:10","date_gmt":"2025-09-16T18:01:10","guid":{"rendered":"https:\/\/www.webdo.tn\/fr\/?p=383658"},"modified":"2025-09-16T19:01:22","modified_gmt":"2025-09-16T18:01:22","slug":"transavia-mise-sur-la-tunisie-montpellier-djerba-en-nouveaute-et-un-ete-2026-renforce","status":"publish","type":"post","link":"https:\/\/www.webdo.tn\/fr\/actualite\/national\/transavia-mise-sur-la-tunisie-montpellier-djerba-en-nouveaute-et-un-ete-2026-renforce\/383658\/","title":{"rendered":"Transavia mise sur la Tunisie : Montpellier\u2013Djerba en nouveaut\u00e9 et un \u00e9t\u00e9 2026 renforc\u00e9"},"content":{"rendered":"\n<p>La compagnie low-cost Transavia, filiale du groupe Air France-KLM, continue d\u2019\u00e9largir son r\u00e9seau vers la Tunisie pour la saison estivale 2026. Une annonce qui tombe \u00e0 pic : le ciel tunisien aura bien besoin de renfort pour absorber la vague de touristes et de voyageurs de la diaspora.<\/p>\n\n\n\n<p>La nouveaut\u00e9 phare : <strong>l\u2019ouverture d\u2019une liaison Montpellier\u2013Djerba<\/strong>, d\u00e8s le 20 avril 2026, avec un vol hebdomadaire chaque lundi. Djerba \u00e9tait d\u00e9j\u00e0 desservie par Transavia depuis Paris, Lyon et Nantes, mais c\u2019est la premi\u00e8re fois que l\u2019a\u00e9roport de Montpellier propose un vol direct vers l\u2019\u00eele des Lotophages. Une offre qui r\u00e9pond \u00e0 la demande du sud de la France pour des destinations soleil\u2026 accessibles sans escales interminables.<\/p>\n\n\n\n<p>Parall\u00e8lement, la compagnie augmente ses fr\u00e9quences sur les routes Lyon et Marseille vers Tunis et Monastir. R\u00e9sultat : plus de choix pour les voyageurs, et un petit coup de pouce pour d\u00e9sengorger Tunisair, souvent d\u00e9bord\u00e9e &#8230;<\/p>\n\n\n\n<p>Avec ce programme, Transavia confirme que la Tunisie n\u2019est pas une simple escale mais une destination strat\u00e9gique. Plus de vols, plus de r\u00e9gularit\u00e9, et pour certains passagers, le luxe ultime : r\u00e9server un Montpellier\u2013Djerba le matin et atterrir le soir m\u00eame, sans avoir besoin de croiser les doigts.<\/p>\n\n\n\n<p><strong>Lire aussi: <\/strong><a href=\"https:\/\/www.webdo.tn\/fr\/actualite\/national\/tunisair-un-deficit-net-de-335-md-a-fin-2021-malgre-une-hausse-du-chiffre-daffaires\/382943\/\">Tunisair\u00a0: Un d\u00e9ficit net de 335 MD \u00e0 fin 2021 malgr\u00e9 une hausse du chiffre d\u2019affaires<\/a> <\/p>\n","protected":false},"excerpt":{"rendered":"<p>La compagnie low-cost Transavia, filiale du groupe Air France-KLM, continue d\u2019\u00e9largir son r\u00e9seau vers la Tunisie pour la saison estivale 2026. Une annonce qui tombe \u00e0 pic : le ciel tunisien aura bien besoin de renfort pour absorber la vague de touristes et de voyageurs de la diaspora. La nouveaut\u00e9 phare : l\u2019ouverture d\u2019une liaison [&hellip;]<\/p>\n","protected":false},"author":4779,"featured_media":383660,"comment_status":"closed","ping_status":"closed","sticky":false,"template":"","format":"standard","meta":{"footnotes":""},"categories":[44],"tags":[3696,12884,2608],"class_list":["post-383658","post","type-post","status-publish","format-standard","has-post-thumbnail","hentry","category-national","tag-djerba","tag-transavia","tag-tunisie"],"yoast_head":"<!-- This site is optimized with the Yoast SEO Premium plugin v27.5 (Yoast SEO v27.5) - https:\/\/yoast.com\/product\/yoast-seo-premium-wordpress\/ -->\n<title>Transavia mise sur la Tunisie : Montpellier\u2013Djerba en nouveaut\u00e9 et un \u00e9t\u00e9 2026 renforc\u00e9 - webdo<\/title>\n<meta name=\"description\" content=\"Transavia s&#039;engage pour la Tunisie : nouveaux vols vers Djerba et augmentation des dessertes vers Tunis et Monastir pour l&#039;\u00e9t\u00e9 2026.\" \/>\n<link rel=\"canonical\" href=\"https:\/\/www.webdo.tn\/fr\/actualite\/national\/transavia-mise-sur-la-tunisie-montpellier-djerba-en-nouveaute-et-un-ete-2026-renforce\/383658\/\" \/>\n<meta property=\"og:locale\" content=\"fr_FR\" \/>\n<meta property=\"og:type\" content=\"article\" \/>\n<meta property=\"og:title\" content=\"Transavia mise sur la Tunisie : Montpellier\u2013Djerba en nouveaut\u00e9 et un \u00e9t\u00e9 2026 renforc\u00e9\" \/>\n<meta property=\"og:description\" content=\"Transavia s&#039;engage pour la Tunisie : nouveaux vols vers Djerba et augmentation des dessertes vers Tunis et Monastir pour l&#039;\u00e9t\u00e9 2026.\" \/>\n<meta property=\"og:url\" content=\"https:\/\/www.webdo.tn\/fr\/actualite\/national\/transavia-mise-sur-la-tunisie-montpellier-djerba-en-nouveaute-et-un-ete-2026-renforce\/383658\/\" \/>\n<meta property=\"og:site_name\" content=\"webdo\" \/>\n<meta property=\"article:publisher\" content=\"https:\/\/www.facebook.com\/webdotn\" \/>\n<meta property=\"article:published_time\" content=\"2025-09-16T18:01:10+00:00\" \/>\n<meta property=\"article:modified_time\" content=\"2025-09-16T18:01:22+00:00\" \/>\n<meta property=\"og:image\" content=\"https:\/\/www.webdo.tn\/fr\/wp-content\/uploads\/2025\/09\/transavia.jpg\" \/>\n\t<meta property=\"og:image:width\" content=\"1200\" \/>\n\t<meta property=\"og:image:height\" content=\"597\" \/>\n\t<meta property=\"og:image:type\" content=\"image\/jpeg\" \/>\n<meta name=\"author\" content=\"Firas Ben Abdeltif\" \/>\n<meta name=\"twitter:card\" content=\"summary_large_image\" \/>\n<meta name=\"twitter:creator\" content=\"@webdo_tn\" \/>\n<meta name=\"twitter:site\" content=\"@webdo_tn\" \/>\n<meta name=\"twitter:label1\" content=\"\u00c9crit par\" \/>\n\t<meta name=\"twitter:data1\" content=\"Firas Ben Abdeltif\" \/>\n\t<meta name=\"twitter:label2\" content=\"Dur\u00e9e de lecture estim\u00e9e\" \/>\n\t<meta name=\"twitter:data2\" content=\"2 minutes\" \/>\n<script type=\"application\/ld+json\" class=\"yoast-schema-graph\">{\"@context\":\"https:\\\/\\\/schema.org\",\"@graph\":[{\"@type\":\"NewsArticle\",\"@id\":\"https:\\\/\\\/www.webdo.tn\\\/fr\\\/actualite\\\/national\\\/transavia-mise-sur-la-tunisie-montpellier-djerba-en-nouveaute-et-un-ete-2026-renforce\\\/383658\\\/#article\",\"isPartOf\":{\"@id\":\"https:\\\/\\\/www.webdo.tn\\\/fr\\\/actualite\\\/national\\\/transavia-mise-sur-la-tunisie-montpellier-djerba-en-nouveaute-et-un-ete-2026-renforce\\\/383658\\\/\"},\"author\":{\"name\":\"Firas Ben Abdeltif\",\"@id\":\"https:\\\/\\\/www.webdo.tn\\\/fr\\\/#\\\/schema\\\/person\\\/19664196c9bfdcda126f3c27709f7d11\"},\"headline\":\"Transavia mise sur la Tunisie : Montpellier\u2013Djerba en nouveaut\u00e9 et un \u00e9t\u00e9 2026 renforc\u00e9\",\"datePublished\":\"2025-09-16T18:01:10+00:00\",\"dateModified\":\"2025-09-16T18:01:22+00:00\",\"mainEntityOfPage\":{\"@id\":\"https:\\\/\\\/www.webdo.tn\\\/fr\\\/actualite\\\/national\\\/transavia-mise-sur-la-tunisie-montpellier-djerba-en-nouveaute-et-un-ete-2026-renforce\\\/383658\\\/\"},\"wordCount\":244,\"publisher\":{\"@id\":\"https:\\\/\\\/www.webdo.tn\\\/fr\\\/#organization\"},\"image\":{\"@id\":\"https:\\\/\\\/www.webdo.tn\\\/fr\\\/actualite\\\/national\\\/transavia-mise-sur-la-tunisie-montpellier-djerba-en-nouveaute-et-un-ete-2026-renforce\\\/383658\\\/#primaryimage\"},\"thumbnailUrl\":\"https:\\\/\\\/www.webdo.tn\\\/fr\\\/wp-content\\\/uploads\\\/2025\\\/09\\\/transavia.jpg\",\"keywords\":[\"djerba\",\"Transavia\",\"Tunisie\"],\"articleSection\":[\"National\"],\"inLanguage\":\"fr-FR\"},{\"@type\":\"WebPage\",\"@id\":\"https:\\\/\\\/www.webdo.tn\\\/fr\\\/actualite\\\/national\\\/transavia-mise-sur-la-tunisie-montpellier-djerba-en-nouveaute-et-un-ete-2026-renforce\\\/383658\\\/\",\"url\":\"https:\\\/\\\/www.webdo.tn\\\/fr\\\/actualite\\\/national\\\/transavia-mise-sur-la-tunisie-montpellier-djerba-en-nouveaute-et-un-ete-2026-renforce\\\/383658\\\/\",\"name\":\"Transavia mise sur la Tunisie : Montpellier\u2013Djerba en nouveaut\u00e9 et un \u00e9t\u00e9 2026 renforc\u00e9 - webdo\",\"isPartOf\":{\"@id\":\"https:\\\/\\\/www.webdo.tn\\\/fr\\\/#website\"},\"primaryImageOfPage\":{\"@id\":\"https:\\\/\\\/www.webdo.tn\\\/fr\\\/actualite\\\/national\\\/transavia-mise-sur-la-tunisie-montpellier-djerba-en-nouveaute-et-un-ete-2026-renforce\\\/383658\\\/#primaryimage\"},\"image\":{\"@id\":\"https:\\\/\\\/www.webdo.tn\\\/fr\\\/actualite\\\/national\\\/transavia-mise-sur-la-tunisie-montpellier-djerba-en-nouveaute-et-un-ete-2026-renforce\\\/383658\\\/#primaryimage\"},\"thumbnailUrl\":\"https:\\\/\\\/www.webdo.tn\\\/fr\\\/wp-content\\\/uploads\\\/2025\\\/09\\\/transavia.jpg\",\"datePublished\":\"2025-09-16T18:01:10+00:00\",\"dateModified\":\"2025-09-16T18:01:22+00:00\",\"description\":\"Transavia s'engage pour la Tunisie : nouveaux vols vers Djerba et augmentation des dessertes vers Tunis et Monastir pour l'\u00e9t\u00e9 2026.\",\"breadcrumb\":{\"@id\":\"https:\\\/\\\/www.webdo.tn\\\/fr\\\/actualite\\\/national\\\/transavia-mise-sur-la-tunisie-montpellier-djerba-en-nouveaute-et-un-ete-2026-renforce\\\/383658\\\/#breadcrumb\"},\"inLanguage\":\"fr-FR\",\"potentialAction\":[{\"@type\":\"ReadAction\",\"target\":[\"https:\\\/\\\/www.webdo.tn\\\/fr\\\/actualite\\\/national\\\/transavia-mise-sur-la-tunisie-montpellier-djerba-en-nouveaute-et-un-ete-2026-renforce\\\/383658\\\/\"]}]},{\"@type\":\"ImageObject\",\"inLanguage\":\"fr-FR\",\"@id\":\"https:\\\/\\\/www.webdo.tn\\\/fr\\\/actualite\\\/national\\\/transavia-mise-sur-la-tunisie-montpellier-djerba-en-nouveaute-et-un-ete-2026-renforce\\\/383658\\\/#primaryimage\",\"url\":\"https:\\\/\\\/www.webdo.tn\\\/fr\\\/wp-content\\\/uploads\\\/2025\\\/09\\\/transavia.jpg\",\"contentUrl\":\"https:\\\/\\\/www.webdo.tn\\\/fr\\\/wp-content\\\/uploads\\\/2025\\\/09\\\/transavia.jpg\",\"width\":1200,\"height\":597,\"caption\":\"Transavia - Djerba\"},{\"@type\":\"BreadcrumbList\",\"@id\":\"https:\\\/\\\/www.webdo.tn\\\/fr\\\/actualite\\\/national\\\/transavia-mise-sur-la-tunisie-montpellier-djerba-en-nouveaute-et-un-ete-2026-renforce\\\/383658\\\/#breadcrumb\",\"itemListElement\":[{\"@type\":\"ListItem\",\"position\":1,\"name\":\"Accueil\",\"item\":\"https:\\\/\\\/www.webdo.tn\\\/fr\\\/\"},{\"@type\":\"ListItem\",\"position\":2,\"name\":\"Transavia mise sur la Tunisie : Montpellier\u2013Djerba en nouveaut\u00e9 et un \u00e9t\u00e9 2026 renforc\u00e9\"}]},{\"@type\":\"WebSite\",\"@id\":\"https:\\\/\\\/www.webdo.tn\\\/fr\\\/#website\",\"url\":\"https:\\\/\\\/www.webdo.tn\\\/fr\\\/\",\"name\":\"webdo\",\"description\":\"Tunisie - News en Tunisie et \u00e0 l&#039;international sur Webdo.tn\",\"publisher\":{\"@id\":\"https:\\\/\\\/www.webdo.tn\\\/fr\\\/#organization\"},\"potentialAction\":[{\"@type\":\"SearchAction\",\"target\":{\"@type\":\"EntryPoint\",\"urlTemplate\":\"https:\\\/\\\/www.webdo.tn\\\/fr\\\/?s={search_term_string}\"},\"query-input\":{\"@type\":\"PropertyValueSpecification\",\"valueRequired\":true,\"valueName\":\"search_term_string\"}}],\"inLanguage\":\"fr-FR\"},{\"@type\":\"Organization\",\"@id\":\"https:\\\/\\\/www.webdo.tn\\\/fr\\\/#organization\",\"name\":\"Webdo\",\"alternateName\":\"Webdo.tn\",\"url\":\"https:\\\/\\\/www.webdo.tn\\\/fr\\\/\",\"logo\":{\"@type\":\"ImageObject\",\"inLanguage\":\"fr-FR\",\"@id\":\"https:\\\/\\\/www.webdo.tn\\\/fr\\\/#\\\/schema\\\/logo\\\/image\\\/\",\"url\":\"https:\\\/\\\/www.webdo.tn\\\/fr\\\/wp-content\\\/uploads\\\/2025\\\/06\\\/Webdo-Tunisie_168377.jpg\",\"contentUrl\":\"https:\\\/\\\/www.webdo.tn\\\/fr\\\/wp-content\\\/uploads\\\/2025\\\/06\\\/Webdo-Tunisie_168377.jpg\",\"width\":301,\"height\":301,\"caption\":\"Webdo\"},\"image\":{\"@id\":\"https:\\\/\\\/www.webdo.tn\\\/fr\\\/#\\\/schema\\\/logo\\\/image\\\/\"},\"sameAs\":[\"https:\\\/\\\/www.facebook.com\\\/webdotn\",\"https:\\\/\\\/x.com\\\/webdo_tn\"],\"description\":\"Webdo est un m\u00e9dia num\u00e9rique tunisien fond\u00e9 en 2010, sp\u00e9cialis\u00e9 dans l\u2019actualit\u00e9 nationale et internationale, l\u2019\u00e9conomie, la soci\u00e9t\u00e9 et les analyses politiques. Le site s\u2019adresse \u00e0 un large public francophone et couvre l\u2019information tunisienne en temps r\u00e9el.\",\"email\":\"redac@webdo.tn\",\"legalName\":\"YNJ SARL\",\"foundingDate\":\"2010-09-06\",\"numberOfEmployees\":{\"@type\":\"QuantitativeValue\",\"minValue\":\"11\",\"maxValue\":\"50\"}},{\"@type\":\"Person\",\"@id\":\"https:\\\/\\\/www.webdo.tn\\\/fr\\\/#\\\/schema\\\/person\\\/19664196c9bfdcda126f3c27709f7d11\",\"name\":\"Firas Ben Abdeltif\",\"image\":{\"@type\":\"ImageObject\",\"inLanguage\":\"fr-FR\",\"@id\":\"https:\\\/\\\/secure.gravatar.com\\\/avatar\\\/161a347d40df098a084778c52ed133dbd85f14df003867067c5948081241ec55?s=96&d=mm&r=g\",\"url\":\"https:\\\/\\\/secure.gravatar.com\\\/avatar\\\/161a347d40df098a084778c52ed133dbd85f14df003867067c5948081241ec55?s=96&d=mm&r=g\",\"contentUrl\":\"https:\\\/\\\/secure.gravatar.com\\\/avatar\\\/161a347d40df098a084778c52ed133dbd85f14df003867067c5948081241ec55?s=96&d=mm&r=g\",\"caption\":\"Firas Ben Abdeltif\"},\"url\":\"https:\\\/\\\/www.webdo.tn\\\/fr\\\/actualite\\\/author\\\/firas-ben-abdeltif\\\/\"}]}<\/script>\n<!-- \/ Yoast SEO Premium plugin. -->","yoast_head_json":{"title":"Transavia mise sur la Tunisie : Montpellier\u2013Djerba en nouveaut\u00e9 et un \u00e9t\u00e9 2026 renforc\u00e9 - webdo","description":"Transavia s'engage pour la Tunisie : nouveaux vols vers Djerba et augmentation des dessertes vers Tunis et Monastir pour l'\u00e9t\u00e9 2026.","canonical":"https:\/\/www.webdo.tn\/fr\/actualite\/national\/transavia-mise-sur-la-tunisie-montpellier-djerba-en-nouveaute-et-un-ete-2026-renforce\/383658\/","og_locale":"fr_FR","og_type":"article","og_title":"Transavia mise sur la Tunisie : Montpellier\u2013Djerba en nouveaut\u00e9 et un \u00e9t\u00e9 2026 renforc\u00e9","og_description":"Transavia s'engage pour la Tunisie : nouveaux vols vers Djerba et augmentation des dessertes vers Tunis et Monastir pour l'\u00e9t\u00e9 2026.","og_url":"https:\/\/www.webdo.tn\/fr\/actualite\/national\/transavia-mise-sur-la-tunisie-montpellier-djerba-en-nouveaute-et-un-ete-2026-renforce\/383658\/","og_site_name":"webdo","article_publisher":"https:\/\/www.facebook.com\/webdotn","article_published_time":"2025-09-16T18:01:10+00:00","article_modified_time":"2025-09-16T18:01:22+00:00","og_image":[{"width":1200,"height":597,"url":"https:\/\/www.webdo.tn\/fr\/wp-content\/uploads\/2025\/09\/transavia.jpg","type":"image\/jpeg"}],"author":"Firas Ben Abdeltif","twitter_card":"summary_large_image","twitter_creator":"@webdo_tn","twitter_site":"@webdo_tn","twitter_misc":{"\u00c9crit par":"Firas Ben Abdeltif","Dur\u00e9e de lecture estim\u00e9e":"2 minutes"},"schema":{"@context":"https:\/\/schema.org","@graph":[{"@type":"NewsArticle","@id":"https:\/\/www.webdo.tn\/fr\/actualite\/national\/transavia-mise-sur-la-tunisie-montpellier-djerba-en-nouveaute-et-un-ete-2026-renforce\/383658\/#article","isPartOf":{"@id":"https:\/\/www.webdo.tn\/fr\/actualite\/national\/transavia-mise-sur-la-tunisie-montpellier-djerba-en-nouveaute-et-un-ete-2026-renforce\/383658\/"},"author":{"name":"Firas Ben Abdeltif","@id":"https:\/\/www.webdo.tn\/fr\/#\/schema\/person\/19664196c9bfdcda126f3c27709f7d11"},"headline":"Transavia mise sur la Tunisie : Montpellier\u2013Djerba en nouveaut\u00e9 et un \u00e9t\u00e9 2026 renforc\u00e9","datePublished":"2025-09-16T18:01:10+00:00","dateModified":"2025-09-16T18:01:22+00:00","mainEntityOfPage":{"@id":"https:\/\/www.webdo.tn\/fr\/actualite\/national\/transavia-mise-sur-la-tunisie-montpellier-djerba-en-nouveaute-et-un-ete-2026-renforce\/383658\/"},"wordCount":244,"publisher":{"@id":"https:\/\/www.webdo.tn\/fr\/#organization"},"image":{"@id":"https:\/\/www.webdo.tn\/fr\/actualite\/national\/transavia-mise-sur-la-tunisie-montpellier-djerba-en-nouveaute-et-un-ete-2026-renforce\/383658\/#primaryimage"},"thumbnailUrl":"https:\/\/www.webdo.tn\/fr\/wp-content\/uploads\/2025\/09\/transavia.jpg","keywords":["djerba","Transavia","Tunisie"],"articleSection":["National"],"inLanguage":"fr-FR"},{"@type":"WebPage","@id":"https:\/\/www.webdo.tn\/fr\/actualite\/national\/transavia-mise-sur-la-tunisie-montpellier-djerba-en-nouveaute-et-un-ete-2026-renforce\/383658\/","url":"https:\/\/www.webdo.tn\/fr\/actualite\/national\/transavia-mise-sur-la-tunisie-montpellier-djerba-en-nouveaute-et-un-ete-2026-renforce\/383658\/","name":"Transavia mise sur la Tunisie : Montpellier\u2013Djerba en nouveaut\u00e9 et un \u00e9t\u00e9 2026 renforc\u00e9 - webdo","isPartOf":{"@id":"https:\/\/www.webdo.tn\/fr\/#website"},"primaryImageOfPage":{"@id":"https:\/\/www.webdo.tn\/fr\/actualite\/national\/transavia-mise-sur-la-tunisie-montpellier-djerba-en-nouveaute-et-un-ete-2026-renforce\/383658\/#primaryimage"},"image":{"@id":"https:\/\/www.webdo.tn\/fr\/actualite\/national\/transavia-mise-sur-la-tunisie-montpellier-djerba-en-nouveaute-et-un-ete-2026-renforce\/383658\/#primaryimage"},"thumbnailUrl":"https:\/\/www.webdo.tn\/fr\/wp-content\/uploads\/2025\/09\/transavia.jpg","datePublished":"2025-09-16T18:01:10+00:00","dateModified":"2025-09-16T18:01:22+00:00","description":"Transavia s'engage pour la Tunisie : nouveaux vols vers Djerba et augmentation des dessertes vers Tunis et Monastir pour l'\u00e9t\u00e9 2026.","breadcrumb":{"@id":"https:\/\/www.webdo.tn\/fr\/actualite\/national\/transavia-mise-sur-la-tunisie-montpellier-djerba-en-nouveaute-et-un-ete-2026-renforce\/383658\/#breadcrumb"},"inLanguage":"fr-FR","potentialAction":[{"@type":"ReadAction","target":["https:\/\/www.webdo.tn\/fr\/actualite\/national\/transavia-mise-sur-la-tunisie-montpellier-djerba-en-nouveaute-et-un-ete-2026-renforce\/383658\/"]}]},{"@type":"ImageObject","inLanguage":"fr-FR","@id":"https:\/\/www.webdo.tn\/fr\/actualite\/national\/transavia-mise-sur-la-tunisie-montpellier-djerba-en-nouveaute-et-un-ete-2026-renforce\/383658\/#primaryimage","url":"https:\/\/www.webdo.tn\/fr\/wp-content\/uploads\/2025\/09\/transavia.jpg","contentUrl":"https:\/\/www.webdo.tn\/fr\/wp-content\/uploads\/2025\/09\/transavia.jpg","width":1200,"height":597,"caption":"Transavia - Djerba"},{"@type":"BreadcrumbList","@id":"https:\/\/www.webdo.tn\/fr\/actualite\/national\/transavia-mise-sur-la-tunisie-montpellier-djerba-en-nouveaute-et-un-ete-2026-renforce\/383658\/#breadcrumb","itemListElement":[{"@type":"ListItem","position":1,"name":"Accueil","item":"https:\/\/www.webdo.tn\/fr\/"},{"@type":"ListItem","position":2,"name":"Transavia mise sur la Tunisie : Montpellier\u2013Djerba en nouveaut\u00e9 et un \u00e9t\u00e9 2026 renforc\u00e9"}]},{"@type":"WebSite","@id":"https:\/\/www.webdo.tn\/fr\/#website","url":"https:\/\/www.webdo.tn\/fr\/","name":"webdo","description":"Tunisie - News en Tunisie et \u00e0 l&#039;international sur Webdo.tn","publisher":{"@id":"https:\/\/www.webdo.tn\/fr\/#organization"},"potentialAction":[{"@type":"SearchAction","target":{"@type":"EntryPoint","urlTemplate":"https:\/\/www.webdo.tn\/fr\/?s={search_term_string}"},"query-input":{"@type":"PropertyValueSpecification","valueRequired":true,"valueName":"search_term_string"}}],"inLanguage":"fr-FR"},{"@type":"Organization","@id":"https:\/\/www.webdo.tn\/fr\/#organization","name":"Webdo","alternateName":"Webdo.tn","url":"https:\/\/www.webdo.tn\/fr\/","logo":{"@type":"ImageObject","inLanguage":"fr-FR","@id":"https:\/\/www.webdo.tn\/fr\/#\/schema\/logo\/image\/","url":"https:\/\/www.webdo.tn\/fr\/wp-content\/uploads\/2025\/06\/Webdo-Tunisie_168377.jpg","contentUrl":"https:\/\/www.webdo.tn\/fr\/wp-content\/uploads\/2025\/06\/Webdo-Tunisie_168377.jpg","width":301,"height":301,"caption":"Webdo"},"image":{"@id":"https:\/\/www.webdo.tn\/fr\/#\/schema\/logo\/image\/"},"sameAs":["https:\/\/www.facebook.com\/webdotn","https:\/\/x.com\/webdo_tn"],"description":"Webdo est un m\u00e9dia num\u00e9rique tunisien fond\u00e9 en 2010, sp\u00e9cialis\u00e9 dans l\u2019actualit\u00e9 nationale et internationale, l\u2019\u00e9conomie, la soci\u00e9t\u00e9 et les analyses politiques. Le site s\u2019adresse \u00e0 un large public francophone et couvre l\u2019information tunisienne en temps r\u00e9el.","email":"redac@webdo.tn","legalName":"YNJ SARL","foundingDate":"2010-09-06","numberOfEmployees":{"@type":"QuantitativeValue","minValue":"11","maxValue":"50"}},{"@type":"Person","@id":"https:\/\/www.webdo.tn\/fr\/#\/schema\/person\/19664196c9bfdcda126f3c27709f7d11","name":"Firas Ben Abdeltif","image":{"@type":"ImageObject","inLanguage":"fr-FR","@id":"https:\/\/secure.gravatar.com\/avatar\/161a347d40df098a084778c52ed133dbd85f14df003867067c5948081241ec55?s=96&d=mm&r=g","url":"https:\/\/secure.gravatar.com\/avatar\/161a347d40df098a084778c52ed133dbd85f14df003867067c5948081241ec55?s=96&d=mm&r=g","contentUrl":"https:\/\/secure.gravatar.com\/avatar\/161a347d40df098a084778c52ed133dbd85f14df003867067c5948081241ec55?s=96&d=mm&r=g","caption":"Firas Ben Abdeltif"},"url":"https:\/\/www.webdo.tn\/fr\/actualite\/author\/firas-ben-abdeltif\/"}]}},"_links":{"self":[{"href":"https:\/\/www.webdo.tn\/fr\/wp-json\/wp\/v2\/posts\/383658","targetHints":{"allow":["GET"]}}],"collection":[{"href":"https:\/\/www.webdo.tn\/fr\/wp-json\/wp\/v2\/posts"}],"about":[{"href":"https:\/\/www.webdo.tn\/fr\/wp-json\/wp\/v2\/types\/post"}],"author":[{"embeddable":true,"href":"https:\/\/www.webdo.tn\/fr\/wp-json\/wp\/v2\/users\/4779"}],"replies":[{"embeddable":true,"href":"https:\/\/www.webdo.tn\/fr\/wp-json\/wp\/v2\/comments?post=383658"}],"version-history":[{"count":0,"href":"https:\/\/www.webdo.tn\/fr\/wp-json\/wp\/v2\/posts\/383658\/revisions"}],"wp:featuredmedia":[{"embeddable":true,"href":"https:\/\/www.webdo.tn\/fr\/wp-json\/wp\/v2\/media\/383660"}],"wp:attachment":[{"href":"https:\/\/www.webdo.tn\/fr\/wp-json\/wp\/v2\/media?parent=383658"}],"wp:term":[{"taxonomy":"category","embeddable":true,"href":"https:\/\/www.webdo.tn\/fr\/wp-json\/wp\/v2\/categories?post=383658"},{"taxonomy":"post_tag","embeddable":true,"href":"https:\/\/www.webdo.tn\/fr\/wp-json\/wp\/v2\/tags?post=383658"}],"curies":[{"name":"wp","href":"https:\/\/api.w.org\/{rel}","templated":true}]}}