{"id":383652,"date":"2025-09-16T15:42:40","date_gmt":"2025-09-16T14:42:40","guid":{"rendered":"https:\/\/www.webdo.tn\/fr\/?p=383652"},"modified":"2025-09-17T08:29:20","modified_gmt":"2025-09-17T07:29:20","slug":"tunisie-le-grand-rodeo-de-la-cnam-et-des-pharmaciens","status":"publish","type":"post","link":"https:\/\/www.webdo.tn\/fr\/actualite\/national\/tunisie-le-grand-rodeo-de-la-cnam-et-des-pharmaciens\/383652\/","title":{"rendered":"Tunisie\u00a0: Le Grand Rodeo de la CNAM et des Pharmaciens"},"content":{"rendered":"\n<p><strong>Chaque ann\u00e9e, comme les saisons, le m\u00eame feuilleton revient : la CNAM (Caisse nationale d\u2019assurance maladie) et les pharmaciens se dressent l\u2019un contre l\u2019autre, n\u00e9gocient, menacent, suspendent, puis renouvellent. Et les assur\u00e9s ? Ils regardent, attendent, parfois payent \u00e0 la fin. Bienvenue au Grand Rodeo Annuel &#8211; o\u00f9 les stars, c\u2019est la palabre et la promesse, mais le script, lui, ne change jamais.<\/strong><\/p>\n\n\n\n<h2 class=\"wp-block-heading\" id=\"h-acte-i-l-alerte-solennelle\">Acte I : L\u2019alerte solennelle<\/h2>\n\n\n\n<p>C\u2019est toujours la m\u00eame chanson. Les pharmaciens montent au micro : \u00ab Nous ne pouvons plus subir les retards de paiement ! \u00bb. \u00ab Certaines clauses ne sont jamais respect\u00e9es ! \u00bb. \u00ab Si la convention n\u2019est pas renouvel\u00e9e, ce sera la faillite\u2026 \u00bb.<\/p>\n\n\n\n<p>Le Syndicat des pharmaciens d\u2019officine de Tunisie (Spot) a en effet annonc\u00e9, mardi 16 septembre 2025, une mesure exceptionnelle visant \u00e0 suspendre le syst\u00e8me du tiers payant pour les m\u00e9dicaments destin\u00e9s aux maladies ordinaires \u00e0 partir du 1er octobre 2025, d\u00e9non\u00e7ant \u00ab la situation critique \u00bb provoqu\u00e9e par le retard de la CNAM dans le paiement des sommes dues aux pharmaciens pour le remboursement des m\u00e9dicaments.<\/p>\n\n\n\n<p>Il a ainsi d\u00e9cid\u00e9 de suspendre le tiers payant pour les maladies ordinaires \u00e0 partir du 1er octobre 2025, et de convoquer une assembl\u00e9e g\u00e9n\u00e9rale extraordinaire le 25 octobre 2025 pour d\u00e9cider des mesures \u00e0 adopter face \u00e0 cette situation.<\/p>\n\n\n\n<p>Et de l\u2019autre c\u00f4t\u00e9, la CNAM : \u00ab Vous exag\u00e9rez ! \u00bb. \u00ab Voici ce que nous pouvons faire\u2026 mais pas plus ! \u00bb. \u00ab On ne promet pas de miracles, mais de bonnes volont\u00e9s ! \u00bb<\/p>\n\n\n\n<h2 class=\"wp-block-heading\" id=\"h-acte-ii-le-bras-de-fer\">Acte II : Le bras de fer<\/h2>\n\n\n\n<p>Les dates butoirs approchent. Le calendrier s\u2019embrase : menaces de suspension du tiers-payant pour les maladies ordinaires, proc\u00e8s de mauvaise foi, communiqu\u00e9s m\u00e9diatiques, d\u00e9clarations tonitruantes. Internet s\u2019enflamme, les syndicats se l\u00e8vent, tout le monde a un haut-parleur.<\/p>\n\n\n\n<p>Le public &#8211; c\u2019est-\u00e0-dire nous &#8211; retient son souffle. On esp\u00e8re un accord. On redoute la rupture. Mais au fond, on conna\u00eet d\u00e9j\u00e0 la fin.<\/p>\n\n\n\n<h2 class=\"wp-block-heading\" id=\"h-acte-iii-le-denouement-attendu\">Acte III : Le d\u00e9nouement\u2026 attendu<\/h2>\n\n\n\n<p>La date d\u00e9finie comme fronti\u00e8re fatidique est enfin franchie. Surprise (non) : la convention est renouvel\u00e9e. La CNAM signe, les pharmaciens acceptent. Quelques am\u00e9nagements, des promesses. \u00ab On digitalisera un peu \u00bb, \u00ab on r\u00e9glera les cr\u00e9ances bient\u00f4t \u00bb, \u00ab on t\u00e2chera de faire mieux dans les d\u00e9lais \u00bb.<\/p>\n\n\n\n<p>Tous respirent. Soulagement dans les officines. Fiert\u00e9 dans les bureaux minist\u00e9riels. Et sur les visages des assur\u00e9s : un haussement d\u2019\u00e9paules. Parce que, vraiment, que changerait-on ?<\/p>\n\n\n\n<p>\u00c0 quand un vrai changement ? Un vrai !<\/p>\n","protected":false},"excerpt":{"rendered":"<p>Chaque ann\u00e9e, comme les saisons, le m\u00eame feuilleton revient : la CNAM (Caisse nationale d\u2019assurance maladie) et les pharmaciens se dressent l\u2019un contre l\u2019autre, n\u00e9gocient, menacent, suspendent, puis renouvellent. Et les assur\u00e9s ? Ils regardent, attendent, parfois payent \u00e0 la fin. Bienvenue au Grand Rodeo Annuel &#8211; o\u00f9 les stars, c\u2019est la palabre et la [&hellip;]<\/p>\n","protected":false},"author":3191,"featured_media":383653,"comment_status":"closed","ping_status":"closed","sticky":false,"template":"","format":"standard","meta":{"footnotes":""},"categories":[44],"tags":[10139,12882,4588,3192,2608],"class_list":["post-383652","post","type-post","status-publish","format-standard","has-post-thumbnail","hentry","category-national","tag-spot","tag-caisse-nationale-dassurance-maladie","tag-cnam","tag-pharmaciens","tag-tunisie"],"yoast_head":"<!-- This site is optimized with the Yoast SEO Premium plugin v27.5 (Yoast SEO v27.5) - https:\/\/yoast.com\/product\/yoast-seo-premium-wordpress\/ -->\n<title>Tunisie\u00a0: Le Grand Rodeo de la CNAM et des Pharmaciens - webdo<\/title>\n<meta name=\"description\" content=\"Le Grand Rodeo de la CNAM et des Pharmaciens continue. D\u00e9couvrez les th\u00e8mes r\u00e9currents de ce conflit dans le secteur de la sant\u00e9.\" \/>\n<link rel=\"canonical\" href=\"https:\/\/www.webdo.tn\/fr\/actualite\/national\/tunisie-le-grand-rodeo-de-la-cnam-et-des-pharmaciens\/383652\/\" \/>\n<meta property=\"og:locale\" content=\"fr_FR\" \/>\n<meta property=\"og:type\" content=\"article\" \/>\n<meta property=\"og:title\" content=\"Tunisie\u00a0: Le Grand Rodeo de la CNAM et des Pharmaciens\" \/>\n<meta property=\"og:description\" content=\"Le Grand Rodeo de la CNAM et des Pharmaciens continue. D\u00e9couvrez les th\u00e8mes r\u00e9currents de ce conflit dans le secteur de la sant\u00e9.\" \/>\n<meta property=\"og:url\" content=\"https:\/\/www.webdo.tn\/fr\/actualite\/national\/tunisie-le-grand-rodeo-de-la-cnam-et-des-pharmaciens\/383652\/\" \/>\n<meta property=\"og:site_name\" content=\"webdo\" \/>\n<meta property=\"article:publisher\" content=\"https:\/\/www.facebook.com\/webdotn\" \/>\n<meta property=\"article:published_time\" content=\"2025-09-16T14:42:40+00:00\" \/>\n<meta property=\"article:modified_time\" content=\"2025-09-17T07:29:20+00:00\" \/>\n<meta property=\"og:image\" content=\"https:\/\/www.webdo.tn\/fr\/wp-content\/uploads\/2025\/09\/medicaments.jpg\" \/>\n\t<meta property=\"og:image:width\" content=\"850\" \/>\n\t<meta property=\"og:image:height\" content=\"491\" \/>\n\t<meta property=\"og:image:type\" content=\"image\/jpeg\" \/>\n<meta name=\"author\" content=\"Mohamed Hedi Touati\" \/>\n<meta name=\"twitter:card\" content=\"summary_large_image\" \/>\n<meta name=\"twitter:creator\" content=\"@webdo_tn\" \/>\n<meta name=\"twitter:site\" content=\"@webdo_tn\" \/>\n<meta name=\"twitter:label1\" content=\"\u00c9crit par\" \/>\n\t<meta name=\"twitter:data1\" content=\"Mohamed Hedi Touati\" \/>\n\t<meta name=\"twitter:label2\" content=\"Dur\u00e9e de lecture estim\u00e9e\" \/>\n\t<meta name=\"twitter:data2\" content=\"3 minutes\" \/>\n<script type=\"application\/ld+json\" class=\"yoast-schema-graph\">{\"@context\":\"https:\\\/\\\/schema.org\",\"@graph\":[{\"@type\":\"NewsArticle\",\"@id\":\"https:\\\/\\\/www.webdo.tn\\\/fr\\\/actualite\\\/national\\\/tunisie-le-grand-rodeo-de-la-cnam-et-des-pharmaciens\\\/383652\\\/#article\",\"isPartOf\":{\"@id\":\"https:\\\/\\\/www.webdo.tn\\\/fr\\\/actualite\\\/national\\\/tunisie-le-grand-rodeo-de-la-cnam-et-des-pharmaciens\\\/383652\\\/\"},\"author\":{\"name\":\"Mohamed Hedi Touati\",\"@id\":\"https:\\\/\\\/www.webdo.tn\\\/fr\\\/#\\\/schema\\\/person\\\/c652cd8fc2b1b44412b5ffb48c5a911d\"},\"headline\":\"Tunisie\u00a0: Le Grand Rodeo de la CNAM et des Pharmaciens\",\"datePublished\":\"2025-09-16T14:42:40+00:00\",\"dateModified\":\"2025-09-17T07:29:20+00:00\",\"mainEntityOfPage\":{\"@id\":\"https:\\\/\\\/www.webdo.tn\\\/fr\\\/actualite\\\/national\\\/tunisie-le-grand-rodeo-de-la-cnam-et-des-pharmaciens\\\/383652\\\/\"},\"wordCount\":430,\"publisher\":{\"@id\":\"https:\\\/\\\/www.webdo.tn\\\/fr\\\/#organization\"},\"image\":{\"@id\":\"https:\\\/\\\/www.webdo.tn\\\/fr\\\/actualite\\\/national\\\/tunisie-le-grand-rodeo-de-la-cnam-et-des-pharmaciens\\\/383652\\\/#primaryimage\"},\"thumbnailUrl\":\"https:\\\/\\\/www.webdo.tn\\\/fr\\\/wp-content\\\/uploads\\\/2025\\\/09\\\/medicaments.jpg\",\"keywords\":[\"'spot']\",\"Caisse nationale d\u2019assurance maladie\",\"CNAM\",\"pharmaciens\",\"Tunisie\"],\"articleSection\":[\"National\"],\"inLanguage\":\"fr-FR\"},{\"@type\":\"WebPage\",\"@id\":\"https:\\\/\\\/www.webdo.tn\\\/fr\\\/actualite\\\/national\\\/tunisie-le-grand-rodeo-de-la-cnam-et-des-pharmaciens\\\/383652\\\/\",\"url\":\"https:\\\/\\\/www.webdo.tn\\\/fr\\\/actualite\\\/national\\\/tunisie-le-grand-rodeo-de-la-cnam-et-des-pharmaciens\\\/383652\\\/\",\"name\":\"Tunisie\u00a0: Le Grand Rodeo de la CNAM et des Pharmaciens - webdo\",\"isPartOf\":{\"@id\":\"https:\\\/\\\/www.webdo.tn\\\/fr\\\/#website\"},\"primaryImageOfPage\":{\"@id\":\"https:\\\/\\\/www.webdo.tn\\\/fr\\\/actualite\\\/national\\\/tunisie-le-grand-rodeo-de-la-cnam-et-des-pharmaciens\\\/383652\\\/#primaryimage\"},\"image\":{\"@id\":\"https:\\\/\\\/www.webdo.tn\\\/fr\\\/actualite\\\/national\\\/tunisie-le-grand-rodeo-de-la-cnam-et-des-pharmaciens\\\/383652\\\/#primaryimage\"},\"thumbnailUrl\":\"https:\\\/\\\/www.webdo.tn\\\/fr\\\/wp-content\\\/uploads\\\/2025\\\/09\\\/medicaments.jpg\",\"datePublished\":\"2025-09-16T14:42:40+00:00\",\"dateModified\":\"2025-09-17T07:29:20+00:00\",\"description\":\"Le Grand Rodeo de la CNAM et des Pharmaciens continue. D\u00e9couvrez les th\u00e8mes r\u00e9currents de ce conflit dans le secteur de la sant\u00e9.\",\"breadcrumb\":{\"@id\":\"https:\\\/\\\/www.webdo.tn\\\/fr\\\/actualite\\\/national\\\/tunisie-le-grand-rodeo-de-la-cnam-et-des-pharmaciens\\\/383652\\\/#breadcrumb\"},\"inLanguage\":\"fr-FR\",\"potentialAction\":[{\"@type\":\"ReadAction\",\"target\":[\"https:\\\/\\\/www.webdo.tn\\\/fr\\\/actualite\\\/national\\\/tunisie-le-grand-rodeo-de-la-cnam-et-des-pharmaciens\\\/383652\\\/\"]}]},{\"@type\":\"ImageObject\",\"inLanguage\":\"fr-FR\",\"@id\":\"https:\\\/\\\/www.webdo.tn\\\/fr\\\/actualite\\\/national\\\/tunisie-le-grand-rodeo-de-la-cnam-et-des-pharmaciens\\\/383652\\\/#primaryimage\",\"url\":\"https:\\\/\\\/www.webdo.tn\\\/fr\\\/wp-content\\\/uploads\\\/2025\\\/09\\\/medicaments.jpg\",\"contentUrl\":\"https:\\\/\\\/www.webdo.tn\\\/fr\\\/wp-content\\\/uploads\\\/2025\\\/09\\\/medicaments.jpg\",\"width\":850,\"height\":491,\"caption\":\"Tunisie\u00a0: Le Grand Rodeo de la CNAM et des Pharmaciens\"},{\"@type\":\"BreadcrumbList\",\"@id\":\"https:\\\/\\\/www.webdo.tn\\\/fr\\\/actualite\\\/national\\\/tunisie-le-grand-rodeo-de-la-cnam-et-des-pharmaciens\\\/383652\\\/#breadcrumb\",\"itemListElement\":[{\"@type\":\"ListItem\",\"position\":1,\"name\":\"Accueil\",\"item\":\"https:\\\/\\\/www.webdo.tn\\\/fr\\\/\"},{\"@type\":\"ListItem\",\"position\":2,\"name\":\"Tunisie\u00a0: Le Grand Rodeo de la CNAM et des Pharmaciens\"}]},{\"@type\":\"WebSite\",\"@id\":\"https:\\\/\\\/www.webdo.tn\\\/fr\\\/#website\",\"url\":\"https:\\\/\\\/www.webdo.tn\\\/fr\\\/\",\"name\":\"webdo\",\"description\":\"Tunisie - News en Tunisie et \u00e0 l&#039;international sur Webdo.tn\",\"publisher\":{\"@id\":\"https:\\\/\\\/www.webdo.tn\\\/fr\\\/#organization\"},\"potentialAction\":[{\"@type\":\"SearchAction\",\"target\":{\"@type\":\"EntryPoint\",\"urlTemplate\":\"https:\\\/\\\/www.webdo.tn\\\/fr\\\/?s={search_term_string}\"},\"query-input\":{\"@type\":\"PropertyValueSpecification\",\"valueRequired\":true,\"valueName\":\"search_term_string\"}}],\"inLanguage\":\"fr-FR\"},{\"@type\":\"Organization\",\"@id\":\"https:\\\/\\\/www.webdo.tn\\\/fr\\\/#organization\",\"name\":\"Webdo\",\"alternateName\":\"Webdo.tn\",\"url\":\"https:\\\/\\\/www.webdo.tn\\\/fr\\\/\",\"logo\":{\"@type\":\"ImageObject\",\"inLanguage\":\"fr-FR\",\"@id\":\"https:\\\/\\\/www.webdo.tn\\\/fr\\\/#\\\/schema\\\/logo\\\/image\\\/\",\"url\":\"https:\\\/\\\/www.webdo.tn\\\/fr\\\/wp-content\\\/uploads\\\/2025\\\/06\\\/Webdo-Tunisie_168377.jpg\",\"contentUrl\":\"https:\\\/\\\/www.webdo.tn\\\/fr\\\/wp-content\\\/uploads\\\/2025\\\/06\\\/Webdo-Tunisie_168377.jpg\",\"width\":301,\"height\":301,\"caption\":\"Webdo\"},\"image\":{\"@id\":\"https:\\\/\\\/www.webdo.tn\\\/fr\\\/#\\\/schema\\\/logo\\\/image\\\/\"},\"sameAs\":[\"https:\\\/\\\/www.facebook.com\\\/webdotn\",\"https:\\\/\\\/x.com\\\/webdo_tn\"],\"description\":\"Webdo est un m\u00e9dia num\u00e9rique tunisien fond\u00e9 en 2010, sp\u00e9cialis\u00e9 dans l\u2019actualit\u00e9 nationale et internationale, l\u2019\u00e9conomie, la soci\u00e9t\u00e9 et les analyses politiques. Le site s\u2019adresse \u00e0 un large public francophone et couvre l\u2019information tunisienne en temps r\u00e9el.\",\"email\":\"redac@webdo.tn\",\"legalName\":\"YNJ SARL\",\"foundingDate\":\"2010-09-06\",\"numberOfEmployees\":{\"@type\":\"QuantitativeValue\",\"minValue\":\"11\",\"maxValue\":\"50\"}},{\"@type\":\"Person\",\"@id\":\"https:\\\/\\\/www.webdo.tn\\\/fr\\\/#\\\/schema\\\/person\\\/c652cd8fc2b1b44412b5ffb48c5a911d\",\"name\":\"Mohamed Hedi Touati\",\"image\":{\"@type\":\"ImageObject\",\"inLanguage\":\"fr-FR\",\"@id\":\"https:\\\/\\\/secure.gravatar.com\\\/avatar\\\/9cfd402c745b7a685f13eed0ea6e59d2144a3c2fc50a3db6fd5ed451f6cddf1a?s=96&d=mm&r=g\",\"url\":\"https:\\\/\\\/secure.gravatar.com\\\/avatar\\\/9cfd402c745b7a685f13eed0ea6e59d2144a3c2fc50a3db6fd5ed451f6cddf1a?s=96&d=mm&r=g\",\"contentUrl\":\"https:\\\/\\\/secure.gravatar.com\\\/avatar\\\/9cfd402c745b7a685f13eed0ea6e59d2144a3c2fc50a3db6fd5ed451f6cddf1a?s=96&d=mm&r=g\",\"caption\":\"Mohamed Hedi Touati\"},\"url\":\"https:\\\/\\\/www.webdo.tn\\\/fr\\\/actualite\\\/author\\\/mohamed-hedi-touati\\\/\"}]}<\/script>\n<!-- \/ Yoast SEO Premium plugin. -->","yoast_head_json":{"title":"Tunisie\u00a0: Le Grand Rodeo de la CNAM et des Pharmaciens - webdo","description":"Le Grand Rodeo de la CNAM et des Pharmaciens continue. D\u00e9couvrez les th\u00e8mes r\u00e9currents de ce conflit dans le secteur de la sant\u00e9.","canonical":"https:\/\/www.webdo.tn\/fr\/actualite\/national\/tunisie-le-grand-rodeo-de-la-cnam-et-des-pharmaciens\/383652\/","og_locale":"fr_FR","og_type":"article","og_title":"Tunisie\u00a0: Le Grand Rodeo de la CNAM et des Pharmaciens","og_description":"Le Grand Rodeo de la CNAM et des Pharmaciens continue. D\u00e9couvrez les th\u00e8mes r\u00e9currents de ce conflit dans le secteur de la sant\u00e9.","og_url":"https:\/\/www.webdo.tn\/fr\/actualite\/national\/tunisie-le-grand-rodeo-de-la-cnam-et-des-pharmaciens\/383652\/","og_site_name":"webdo","article_publisher":"https:\/\/www.facebook.com\/webdotn","article_published_time":"2025-09-16T14:42:40+00:00","article_modified_time":"2025-09-17T07:29:20+00:00","og_image":[{"width":850,"height":491,"url":"https:\/\/www.webdo.tn\/fr\/wp-content\/uploads\/2025\/09\/medicaments.jpg","type":"image\/jpeg"}],"author":"Mohamed Hedi Touati","twitter_card":"summary_large_image","twitter_creator":"@webdo_tn","twitter_site":"@webdo_tn","twitter_misc":{"\u00c9crit par":"Mohamed Hedi Touati","Dur\u00e9e de lecture estim\u00e9e":"3 minutes"},"schema":{"@context":"https:\/\/schema.org","@graph":[{"@type":"NewsArticle","@id":"https:\/\/www.webdo.tn\/fr\/actualite\/national\/tunisie-le-grand-rodeo-de-la-cnam-et-des-pharmaciens\/383652\/#article","isPartOf":{"@id":"https:\/\/www.webdo.tn\/fr\/actualite\/national\/tunisie-le-grand-rodeo-de-la-cnam-et-des-pharmaciens\/383652\/"},"author":{"name":"Mohamed Hedi Touati","@id":"https:\/\/www.webdo.tn\/fr\/#\/schema\/person\/c652cd8fc2b1b44412b5ffb48c5a911d"},"headline":"Tunisie\u00a0: Le Grand Rodeo de la CNAM et des Pharmaciens","datePublished":"2025-09-16T14:42:40+00:00","dateModified":"2025-09-17T07:29:20+00:00","mainEntityOfPage":{"@id":"https:\/\/www.webdo.tn\/fr\/actualite\/national\/tunisie-le-grand-rodeo-de-la-cnam-et-des-pharmaciens\/383652\/"},"wordCount":430,"publisher":{"@id":"https:\/\/www.webdo.tn\/fr\/#organization"},"image":{"@id":"https:\/\/www.webdo.tn\/fr\/actualite\/national\/tunisie-le-grand-rodeo-de-la-cnam-et-des-pharmaciens\/383652\/#primaryimage"},"thumbnailUrl":"https:\/\/www.webdo.tn\/fr\/wp-content\/uploads\/2025\/09\/medicaments.jpg","keywords":["'spot']","Caisse nationale d\u2019assurance maladie","CNAM","pharmaciens","Tunisie"],"articleSection":["National"],"inLanguage":"fr-FR"},{"@type":"WebPage","@id":"https:\/\/www.webdo.tn\/fr\/actualite\/national\/tunisie-le-grand-rodeo-de-la-cnam-et-des-pharmaciens\/383652\/","url":"https:\/\/www.webdo.tn\/fr\/actualite\/national\/tunisie-le-grand-rodeo-de-la-cnam-et-des-pharmaciens\/383652\/","name":"Tunisie\u00a0: Le Grand Rodeo de la CNAM et des Pharmaciens - webdo","isPartOf":{"@id":"https:\/\/www.webdo.tn\/fr\/#website"},"primaryImageOfPage":{"@id":"https:\/\/www.webdo.tn\/fr\/actualite\/national\/tunisie-le-grand-rodeo-de-la-cnam-et-des-pharmaciens\/383652\/#primaryimage"},"image":{"@id":"https:\/\/www.webdo.tn\/fr\/actualite\/national\/tunisie-le-grand-rodeo-de-la-cnam-et-des-pharmaciens\/383652\/#primaryimage"},"thumbnailUrl":"https:\/\/www.webdo.tn\/fr\/wp-content\/uploads\/2025\/09\/medicaments.jpg","datePublished":"2025-09-16T14:42:40+00:00","dateModified":"2025-09-17T07:29:20+00:00","description":"Le Grand Rodeo de la CNAM et des Pharmaciens continue. D\u00e9couvrez les th\u00e8mes r\u00e9currents de ce conflit dans le secteur de la sant\u00e9.","breadcrumb":{"@id":"https:\/\/www.webdo.tn\/fr\/actualite\/national\/tunisie-le-grand-rodeo-de-la-cnam-et-des-pharmaciens\/383652\/#breadcrumb"},"inLanguage":"fr-FR","potentialAction":[{"@type":"ReadAction","target":["https:\/\/www.webdo.tn\/fr\/actualite\/national\/tunisie-le-grand-rodeo-de-la-cnam-et-des-pharmaciens\/383652\/"]}]},{"@type":"ImageObject","inLanguage":"fr-FR","@id":"https:\/\/www.webdo.tn\/fr\/actualite\/national\/tunisie-le-grand-rodeo-de-la-cnam-et-des-pharmaciens\/383652\/#primaryimage","url":"https:\/\/www.webdo.tn\/fr\/wp-content\/uploads\/2025\/09\/medicaments.jpg","contentUrl":"https:\/\/www.webdo.tn\/fr\/wp-content\/uploads\/2025\/09\/medicaments.jpg","width":850,"height":491,"caption":"Tunisie\u00a0: Le Grand Rodeo de la CNAM et des Pharmaciens"},{"@type":"BreadcrumbList","@id":"https:\/\/www.webdo.tn\/fr\/actualite\/national\/tunisie-le-grand-rodeo-de-la-cnam-et-des-pharmaciens\/383652\/#breadcrumb","itemListElement":[{"@type":"ListItem","position":1,"name":"Accueil","item":"https:\/\/www.webdo.tn\/fr\/"},{"@type":"ListItem","position":2,"name":"Tunisie\u00a0: Le Grand Rodeo de la CNAM et des Pharmaciens"}]},{"@type":"WebSite","@id":"https:\/\/www.webdo.tn\/fr\/#website","url":"https:\/\/www.webdo.tn\/fr\/","name":"webdo","description":"Tunisie - News en Tunisie et \u00e0 l&#039;international sur Webdo.tn","publisher":{"@id":"https:\/\/www.webdo.tn\/fr\/#organization"},"potentialAction":[{"@type":"SearchAction","target":{"@type":"EntryPoint","urlTemplate":"https:\/\/www.webdo.tn\/fr\/?s={search_term_string}"},"query-input":{"@type":"PropertyValueSpecification","valueRequired":true,"valueName":"search_term_string"}}],"inLanguage":"fr-FR"},{"@type":"Organization","@id":"https:\/\/www.webdo.tn\/fr\/#organization","name":"Webdo","alternateName":"Webdo.tn","url":"https:\/\/www.webdo.tn\/fr\/","logo":{"@type":"ImageObject","inLanguage":"fr-FR","@id":"https:\/\/www.webdo.tn\/fr\/#\/schema\/logo\/image\/","url":"https:\/\/www.webdo.tn\/fr\/wp-content\/uploads\/2025\/06\/Webdo-Tunisie_168377.jpg","contentUrl":"https:\/\/www.webdo.tn\/fr\/wp-content\/uploads\/2025\/06\/Webdo-Tunisie_168377.jpg","width":301,"height":301,"caption":"Webdo"},"image":{"@id":"https:\/\/www.webdo.tn\/fr\/#\/schema\/logo\/image\/"},"sameAs":["https:\/\/www.facebook.com\/webdotn","https:\/\/x.com\/webdo_tn"],"description":"Webdo est un m\u00e9dia num\u00e9rique tunisien fond\u00e9 en 2010, sp\u00e9cialis\u00e9 dans l\u2019actualit\u00e9 nationale et internationale, l\u2019\u00e9conomie, la soci\u00e9t\u00e9 et les analyses politiques. Le site s\u2019adresse \u00e0 un large public francophone et couvre l\u2019information tunisienne en temps r\u00e9el.","email":"redac@webdo.tn","legalName":"YNJ SARL","foundingDate":"2010-09-06","numberOfEmployees":{"@type":"QuantitativeValue","minValue":"11","maxValue":"50"}},{"@type":"Person","@id":"https:\/\/www.webdo.tn\/fr\/#\/schema\/person\/c652cd8fc2b1b44412b5ffb48c5a911d","name":"Mohamed Hedi Touati","image":{"@type":"ImageObject","inLanguage":"fr-FR","@id":"https:\/\/secure.gravatar.com\/avatar\/9cfd402c745b7a685f13eed0ea6e59d2144a3c2fc50a3db6fd5ed451f6cddf1a?s=96&d=mm&r=g","url":"https:\/\/secure.gravatar.com\/avatar\/9cfd402c745b7a685f13eed0ea6e59d2144a3c2fc50a3db6fd5ed451f6cddf1a?s=96&d=mm&r=g","contentUrl":"https:\/\/secure.gravatar.com\/avatar\/9cfd402c745b7a685f13eed0ea6e59d2144a3c2fc50a3db6fd5ed451f6cddf1a?s=96&d=mm&r=g","caption":"Mohamed Hedi Touati"},"url":"https:\/\/www.webdo.tn\/fr\/actualite\/author\/mohamed-hedi-touati\/"}]}},"_links":{"self":[{"href":"https:\/\/www.webdo.tn\/fr\/wp-json\/wp\/v2\/posts\/383652","targetHints":{"allow":["GET"]}}],"collection":[{"href":"https:\/\/www.webdo.tn\/fr\/wp-json\/wp\/v2\/posts"}],"about":[{"href":"https:\/\/www.webdo.tn\/fr\/wp-json\/wp\/v2\/types\/post"}],"author":[{"embeddable":true,"href":"https:\/\/www.webdo.tn\/fr\/wp-json\/wp\/v2\/users\/3191"}],"replies":[{"embeddable":true,"href":"https:\/\/www.webdo.tn\/fr\/wp-json\/wp\/v2\/comments?post=383652"}],"version-history":[{"count":0,"href":"https:\/\/www.webdo.tn\/fr\/wp-json\/wp\/v2\/posts\/383652\/revisions"}],"wp:featuredmedia":[{"embeddable":true,"href":"https:\/\/www.webdo.tn\/fr\/wp-json\/wp\/v2\/media\/383653"}],"wp:attachment":[{"href":"https:\/\/www.webdo.tn\/fr\/wp-json\/wp\/v2\/media?parent=383652"}],"wp:term":[{"taxonomy":"category","embeddable":true,"href":"https:\/\/www.webdo.tn\/fr\/wp-json\/wp\/v2\/categories?post=383652"},{"taxonomy":"post_tag","embeddable":true,"href":"https:\/\/www.webdo.tn\/fr\/wp-json\/wp\/v2\/tags?post=383652"}],"curies":[{"name":"wp","href":"https:\/\/api.w.org\/{rel}","templated":true}]}}