{"id":383642,"date":"2025-09-16T14:34:41","date_gmt":"2025-09-16T13:34:41","guid":{"rendered":"https:\/\/www.webdo.tn\/fr\/?p=383642"},"modified":"2025-09-16T14:34:42","modified_gmt":"2025-09-16T13:34:42","slug":"robert-redford-legende-dhollywood-seteint-a-89-ans","status":"publish","type":"post","link":"https:\/\/www.webdo.tn\/fr\/actualite\/culture\/robert-redford-legende-dhollywood-seteint-a-89-ans\/383642\/","title":{"rendered":"Robert Redford, l\u00e9gende d\u2019Hollywood, s\u2019\u00e9teint \u00e0 89 ans"},"content":{"rendered":"\n<p><strong>Le cin\u00e9ma am\u00e9ricain est en deuil. Robert Redford, acteur, r\u00e9alisateur et producteur iconique, est d\u00e9c\u00e9d\u00e9 ce mardi 16 septembre 2025 \u00e0 l\u2019\u00e2ge de 89 ans. Symbole du Nouvel Hollywood, il a marqu\u00e9 l\u2019histoire du 7e art par des r\u00f4les devenus cultes et par son engagement en faveur du cin\u00e9ma ind\u00e9pendant et de l\u2019\u00e9cologie.<\/strong><\/p>\n\n\n\n<p>R\u00e9v\u00e9l\u00e9 dans les ann\u00e9es 1960, Robert Redford a connu une ascension fulgurante avec Butch Cassidy and the Sundance Kid (1969). Suivront des succ\u00e8s plan\u00e9taires comme The Candidate (1972), Jeremiah Johnson (1972), The Sting (1973), qui d\u00e9croche sept Oscars, ou encore All the President\u2019s Men (1976) et Out of Africa (1985). Son \u00e9l\u00e9gance et son intensit\u00e9 de jeu ont fait de lui l\u2019un des visages les plus marquants de sa g\u00e9n\u00e9ration.<\/p>\n\n\n\n<h2 class=\"wp-block-heading\" id=\"h-de-l-acteur-au-realisateur-visionnaire\">De l\u2019acteur au r\u00e9alisateur visionnaire<\/h2>\n\n\n\n<p>Au d\u00e9but des ann\u00e9es 1980, Redford passe derri\u00e8re la cam\u00e9ra. Son premier film, Ordinary People (1980), lui vaut l\u2019Oscar du meilleur r\u00e9alisateur en 1981. Quelques ann\u00e9es plus tard, il fonde le festival de Sundance, qui deviendra une vitrine incontournable pour le cin\u00e9ma ind\u00e9pendant mondial, r\u00e9v\u00e9lant de nouvelles g\u00e9n\u00e9rations de cin\u00e9astes.<\/p>\n\n\n\n<h2 class=\"wp-block-heading\" id=\"h-distinctions-et-engagement-personnel\">Distinctions et engagement personnel<\/h2>\n\n\n\n<p>Tout au long de sa carri\u00e8re, il a accumul\u00e9 les r\u00e9compenses : deux Oscars (dont un d\u2019honneur en 2002), six Golden Globes et trois prix \u00e0 la Mostra de Venise. Parall\u00e8lement, il s\u2019est illustr\u00e9 comme un militant \u00e9cologiste engag\u00e9 et un soutien fid\u00e8le du Parti d\u00e9mocrate, liant son image publique \u00e0 des causes sociales et environnementales.<\/p>\n","protected":false},"excerpt":{"rendered":"<p>Le cin\u00e9ma am\u00e9ricain est en deuil. Robert Redford, acteur, r\u00e9alisateur et producteur iconique, est d\u00e9c\u00e9d\u00e9 ce mardi 16 septembre 2025 \u00e0 l\u2019\u00e2ge de 89 ans. Symbole du Nouvel Hollywood, il a marqu\u00e9 l\u2019histoire du 7e art par des r\u00f4les devenus cultes et par son engagement en faveur du cin\u00e9ma ind\u00e9pendant et de l\u2019\u00e9cologie. R\u00e9v\u00e9l\u00e9 dans [&hellip;]<\/p>\n","protected":false},"author":3191,"featured_media":383643,"comment_status":"closed","ping_status":"closed","sticky":false,"template":"","format":"standard","meta":{"footnotes":""},"categories":[2594],"tags":[2830,6794,12879],"class_list":["post-383642","post","type-post","status-publish","format-standard","has-post-thumbnail","hentry","category-culture","tag-deces","tag-hollywood","tag-robert-redford"],"yoast_head":"<!-- This site is optimized with the Yoast SEO Premium plugin v27.5 (Yoast SEO v27.5) - https:\/\/yoast.com\/product\/yoast-seo-premium-wordpress\/ -->\n<title>Robert Redford, l\u00e9gende d\u2019Hollywood, s\u2019\u00e9teint \u00e0 89 ans - webdo<\/title>\n<meta name=\"description\" content=\"Robert Redford, l\u00e9gende d\u2019Hollywood, s\u2019\u00e9teint \u00e0 89 ans. Son parcours exceptionnel et son engagement en faveur du cin\u00e9ma ind\u00e9pendant.\" \/>\n<link rel=\"canonical\" href=\"https:\/\/www.webdo.tn\/fr\/actualite\/culture\/robert-redford-legende-dhollywood-seteint-a-89-ans\/383642\/\" \/>\n<meta property=\"og:locale\" content=\"fr_FR\" \/>\n<meta property=\"og:type\" content=\"article\" \/>\n<meta property=\"og:title\" content=\"Robert Redford, l\u00e9gende d\u2019Hollywood, s\u2019\u00e9teint \u00e0 89 ans\" \/>\n<meta property=\"og:description\" content=\"Robert Redford, l\u00e9gende d\u2019Hollywood, s\u2019\u00e9teint \u00e0 89 ans. Son parcours exceptionnel et son engagement en faveur du cin\u00e9ma ind\u00e9pendant.\" \/>\n<meta property=\"og:url\" content=\"https:\/\/www.webdo.tn\/fr\/actualite\/culture\/robert-redford-legende-dhollywood-seteint-a-89-ans\/383642\/\" \/>\n<meta property=\"og:site_name\" content=\"webdo\" \/>\n<meta property=\"article:publisher\" content=\"https:\/\/www.facebook.com\/webdotn\" \/>\n<meta property=\"article:published_time\" content=\"2025-09-16T13:34:41+00:00\" \/>\n<meta property=\"article:modified_time\" content=\"2025-09-16T13:34:42+00:00\" \/>\n<meta property=\"og:image\" content=\"https:\/\/www.webdo.tn\/fr\/wp-content\/uploads\/2025\/09\/robert-redford.jpg\" \/>\n\t<meta property=\"og:image:width\" content=\"1200\" \/>\n\t<meta property=\"og:image:height\" content=\"606\" \/>\n\t<meta property=\"og:image:type\" content=\"image\/jpeg\" \/>\n<meta name=\"author\" content=\"Mohamed Hedi Touati\" \/>\n<meta name=\"twitter:card\" content=\"summary_large_image\" \/>\n<meta name=\"twitter:creator\" content=\"@webdo_tn\" \/>\n<meta name=\"twitter:site\" content=\"@webdo_tn\" \/>\n<meta name=\"twitter:label1\" content=\"\u00c9crit par\" \/>\n\t<meta name=\"twitter:data1\" content=\"Mohamed Hedi Touati\" \/>\n\t<meta name=\"twitter:label2\" content=\"Dur\u00e9e de lecture estim\u00e9e\" \/>\n\t<meta name=\"twitter:data2\" content=\"2 minutes\" \/>\n<script type=\"application\/ld+json\" class=\"yoast-schema-graph\">{\"@context\":\"https:\\\/\\\/schema.org\",\"@graph\":[{\"@type\":\"NewsArticle\",\"@id\":\"https:\\\/\\\/www.webdo.tn\\\/fr\\\/actualite\\\/culture\\\/robert-redford-legende-dhollywood-seteint-a-89-ans\\\/383642\\\/#article\",\"isPartOf\":{\"@id\":\"https:\\\/\\\/www.webdo.tn\\\/fr\\\/actualite\\\/culture\\\/robert-redford-legende-dhollywood-seteint-a-89-ans\\\/383642\\\/\"},\"author\":{\"name\":\"Mohamed Hedi Touati\",\"@id\":\"https:\\\/\\\/www.webdo.tn\\\/fr\\\/#\\\/schema\\\/person\\\/c652cd8fc2b1b44412b5ffb48c5a911d\"},\"headline\":\"Robert Redford, l\u00e9gende d\u2019Hollywood, s\u2019\u00e9teint \u00e0 89 ans\",\"datePublished\":\"2025-09-16T13:34:41+00:00\",\"dateModified\":\"2025-09-16T13:34:42+00:00\",\"mainEntityOfPage\":{\"@id\":\"https:\\\/\\\/www.webdo.tn\\\/fr\\\/actualite\\\/culture\\\/robert-redford-legende-dhollywood-seteint-a-89-ans\\\/383642\\\/\"},\"wordCount\":274,\"publisher\":{\"@id\":\"https:\\\/\\\/www.webdo.tn\\\/fr\\\/#organization\"},\"image\":{\"@id\":\"https:\\\/\\\/www.webdo.tn\\\/fr\\\/actualite\\\/culture\\\/robert-redford-legende-dhollywood-seteint-a-89-ans\\\/383642\\\/#primaryimage\"},\"thumbnailUrl\":\"https:\\\/\\\/www.webdo.tn\\\/fr\\\/wp-content\\\/uploads\\\/2025\\\/09\\\/robert-redford.jpg\",\"keywords\":[\"D\u00e9c\u00e8s\",\"Hollywood\",\"robert redford\"],\"articleSection\":[\"Culture\"],\"inLanguage\":\"fr-FR\"},{\"@type\":\"WebPage\",\"@id\":\"https:\\\/\\\/www.webdo.tn\\\/fr\\\/actualite\\\/culture\\\/robert-redford-legende-dhollywood-seteint-a-89-ans\\\/383642\\\/\",\"url\":\"https:\\\/\\\/www.webdo.tn\\\/fr\\\/actualite\\\/culture\\\/robert-redford-legende-dhollywood-seteint-a-89-ans\\\/383642\\\/\",\"name\":\"Robert Redford, l\u00e9gende d\u2019Hollywood, s\u2019\u00e9teint \u00e0 89 ans - webdo\",\"isPartOf\":{\"@id\":\"https:\\\/\\\/www.webdo.tn\\\/fr\\\/#website\"},\"primaryImageOfPage\":{\"@id\":\"https:\\\/\\\/www.webdo.tn\\\/fr\\\/actualite\\\/culture\\\/robert-redford-legende-dhollywood-seteint-a-89-ans\\\/383642\\\/#primaryimage\"},\"image\":{\"@id\":\"https:\\\/\\\/www.webdo.tn\\\/fr\\\/actualite\\\/culture\\\/robert-redford-legende-dhollywood-seteint-a-89-ans\\\/383642\\\/#primaryimage\"},\"thumbnailUrl\":\"https:\\\/\\\/www.webdo.tn\\\/fr\\\/wp-content\\\/uploads\\\/2025\\\/09\\\/robert-redford.jpg\",\"datePublished\":\"2025-09-16T13:34:41+00:00\",\"dateModified\":\"2025-09-16T13:34:42+00:00\",\"description\":\"Robert Redford, l\u00e9gende d\u2019Hollywood, s\u2019\u00e9teint \u00e0 89 ans. Son parcours exceptionnel et son engagement en faveur du cin\u00e9ma ind\u00e9pendant.\",\"breadcrumb\":{\"@id\":\"https:\\\/\\\/www.webdo.tn\\\/fr\\\/actualite\\\/culture\\\/robert-redford-legende-dhollywood-seteint-a-89-ans\\\/383642\\\/#breadcrumb\"},\"inLanguage\":\"fr-FR\",\"potentialAction\":[{\"@type\":\"ReadAction\",\"target\":[\"https:\\\/\\\/www.webdo.tn\\\/fr\\\/actualite\\\/culture\\\/robert-redford-legende-dhollywood-seteint-a-89-ans\\\/383642\\\/\"]}]},{\"@type\":\"ImageObject\",\"inLanguage\":\"fr-FR\",\"@id\":\"https:\\\/\\\/www.webdo.tn\\\/fr\\\/actualite\\\/culture\\\/robert-redford-legende-dhollywood-seteint-a-89-ans\\\/383642\\\/#primaryimage\",\"url\":\"https:\\\/\\\/www.webdo.tn\\\/fr\\\/wp-content\\\/uploads\\\/2025\\\/09\\\/robert-redford.jpg\",\"contentUrl\":\"https:\\\/\\\/www.webdo.tn\\\/fr\\\/wp-content\\\/uploads\\\/2025\\\/09\\\/robert-redford.jpg\",\"width\":1200,\"height\":606,\"caption\":\"Robert Redford, l\u00e9gende d\u2019Hollywood, s\u2019\u00e9teint \u00e0 89 ans\"},{\"@type\":\"BreadcrumbList\",\"@id\":\"https:\\\/\\\/www.webdo.tn\\\/fr\\\/actualite\\\/culture\\\/robert-redford-legende-dhollywood-seteint-a-89-ans\\\/383642\\\/#breadcrumb\",\"itemListElement\":[{\"@type\":\"ListItem\",\"position\":1,\"name\":\"Accueil\",\"item\":\"https:\\\/\\\/www.webdo.tn\\\/fr\\\/\"},{\"@type\":\"ListItem\",\"position\":2,\"name\":\"Robert Redford, l\u00e9gende d\u2019Hollywood, s\u2019\u00e9teint \u00e0 89 ans\"}]},{\"@type\":\"WebSite\",\"@id\":\"https:\\\/\\\/www.webdo.tn\\\/fr\\\/#website\",\"url\":\"https:\\\/\\\/www.webdo.tn\\\/fr\\\/\",\"name\":\"webdo\",\"description\":\"Tunisie - News en Tunisie et \u00e0 l&#039;international sur Webdo.tn\",\"publisher\":{\"@id\":\"https:\\\/\\\/www.webdo.tn\\\/fr\\\/#organization\"},\"potentialAction\":[{\"@type\":\"SearchAction\",\"target\":{\"@type\":\"EntryPoint\",\"urlTemplate\":\"https:\\\/\\\/www.webdo.tn\\\/fr\\\/?s={search_term_string}\"},\"query-input\":{\"@type\":\"PropertyValueSpecification\",\"valueRequired\":true,\"valueName\":\"search_term_string\"}}],\"inLanguage\":\"fr-FR\"},{\"@type\":\"Organization\",\"@id\":\"https:\\\/\\\/www.webdo.tn\\\/fr\\\/#organization\",\"name\":\"Webdo\",\"alternateName\":\"Webdo.tn\",\"url\":\"https:\\\/\\\/www.webdo.tn\\\/fr\\\/\",\"logo\":{\"@type\":\"ImageObject\",\"inLanguage\":\"fr-FR\",\"@id\":\"https:\\\/\\\/www.webdo.tn\\\/fr\\\/#\\\/schema\\\/logo\\\/image\\\/\",\"url\":\"https:\\\/\\\/www.webdo.tn\\\/fr\\\/wp-content\\\/uploads\\\/2025\\\/06\\\/Webdo-Tunisie_168377.jpg\",\"contentUrl\":\"https:\\\/\\\/www.webdo.tn\\\/fr\\\/wp-content\\\/uploads\\\/2025\\\/06\\\/Webdo-Tunisie_168377.jpg\",\"width\":301,\"height\":301,\"caption\":\"Webdo\"},\"image\":{\"@id\":\"https:\\\/\\\/www.webdo.tn\\\/fr\\\/#\\\/schema\\\/logo\\\/image\\\/\"},\"sameAs\":[\"https:\\\/\\\/www.facebook.com\\\/webdotn\",\"https:\\\/\\\/x.com\\\/webdo_tn\"],\"description\":\"Webdo est un m\u00e9dia num\u00e9rique tunisien fond\u00e9 en 2010, sp\u00e9cialis\u00e9 dans l\u2019actualit\u00e9 nationale et internationale, l\u2019\u00e9conomie, la soci\u00e9t\u00e9 et les analyses politiques. Le site s\u2019adresse \u00e0 un large public francophone et couvre l\u2019information tunisienne en temps r\u00e9el.\",\"email\":\"redac@webdo.tn\",\"legalName\":\"YNJ SARL\",\"foundingDate\":\"2010-09-06\",\"numberOfEmployees\":{\"@type\":\"QuantitativeValue\",\"minValue\":\"11\",\"maxValue\":\"50\"}},{\"@type\":\"Person\",\"@id\":\"https:\\\/\\\/www.webdo.tn\\\/fr\\\/#\\\/schema\\\/person\\\/c652cd8fc2b1b44412b5ffb48c5a911d\",\"name\":\"Mohamed Hedi Touati\",\"image\":{\"@type\":\"ImageObject\",\"inLanguage\":\"fr-FR\",\"@id\":\"https:\\\/\\\/secure.gravatar.com\\\/avatar\\\/9cfd402c745b7a685f13eed0ea6e59d2144a3c2fc50a3db6fd5ed451f6cddf1a?s=96&d=mm&r=g\",\"url\":\"https:\\\/\\\/secure.gravatar.com\\\/avatar\\\/9cfd402c745b7a685f13eed0ea6e59d2144a3c2fc50a3db6fd5ed451f6cddf1a?s=96&d=mm&r=g\",\"contentUrl\":\"https:\\\/\\\/secure.gravatar.com\\\/avatar\\\/9cfd402c745b7a685f13eed0ea6e59d2144a3c2fc50a3db6fd5ed451f6cddf1a?s=96&d=mm&r=g\",\"caption\":\"Mohamed Hedi Touati\"},\"url\":\"https:\\\/\\\/www.webdo.tn\\\/fr\\\/actualite\\\/author\\\/mohamed-hedi-touati\\\/\"}]}<\/script>\n<!-- \/ Yoast SEO Premium plugin. -->","yoast_head_json":{"title":"Robert Redford, l\u00e9gende d\u2019Hollywood, s\u2019\u00e9teint \u00e0 89 ans - webdo","description":"Robert Redford, l\u00e9gende d\u2019Hollywood, s\u2019\u00e9teint \u00e0 89 ans. Son parcours exceptionnel et son engagement en faveur du cin\u00e9ma ind\u00e9pendant.","canonical":"https:\/\/www.webdo.tn\/fr\/actualite\/culture\/robert-redford-legende-dhollywood-seteint-a-89-ans\/383642\/","og_locale":"fr_FR","og_type":"article","og_title":"Robert Redford, l\u00e9gende d\u2019Hollywood, s\u2019\u00e9teint \u00e0 89 ans","og_description":"Robert Redford, l\u00e9gende d\u2019Hollywood, s\u2019\u00e9teint \u00e0 89 ans. Son parcours exceptionnel et son engagement en faveur du cin\u00e9ma ind\u00e9pendant.","og_url":"https:\/\/www.webdo.tn\/fr\/actualite\/culture\/robert-redford-legende-dhollywood-seteint-a-89-ans\/383642\/","og_site_name":"webdo","article_publisher":"https:\/\/www.facebook.com\/webdotn","article_published_time":"2025-09-16T13:34:41+00:00","article_modified_time":"2025-09-16T13:34:42+00:00","og_image":[{"width":1200,"height":606,"url":"https:\/\/www.webdo.tn\/fr\/wp-content\/uploads\/2025\/09\/robert-redford.jpg","type":"image\/jpeg"}],"author":"Mohamed Hedi Touati","twitter_card":"summary_large_image","twitter_creator":"@webdo_tn","twitter_site":"@webdo_tn","twitter_misc":{"\u00c9crit par":"Mohamed Hedi Touati","Dur\u00e9e de lecture estim\u00e9e":"2 minutes"},"schema":{"@context":"https:\/\/schema.org","@graph":[{"@type":"NewsArticle","@id":"https:\/\/www.webdo.tn\/fr\/actualite\/culture\/robert-redford-legende-dhollywood-seteint-a-89-ans\/383642\/#article","isPartOf":{"@id":"https:\/\/www.webdo.tn\/fr\/actualite\/culture\/robert-redford-legende-dhollywood-seteint-a-89-ans\/383642\/"},"author":{"name":"Mohamed Hedi Touati","@id":"https:\/\/www.webdo.tn\/fr\/#\/schema\/person\/c652cd8fc2b1b44412b5ffb48c5a911d"},"headline":"Robert Redford, l\u00e9gende d\u2019Hollywood, s\u2019\u00e9teint \u00e0 89 ans","datePublished":"2025-09-16T13:34:41+00:00","dateModified":"2025-09-16T13:34:42+00:00","mainEntityOfPage":{"@id":"https:\/\/www.webdo.tn\/fr\/actualite\/culture\/robert-redford-legende-dhollywood-seteint-a-89-ans\/383642\/"},"wordCount":274,"publisher":{"@id":"https:\/\/www.webdo.tn\/fr\/#organization"},"image":{"@id":"https:\/\/www.webdo.tn\/fr\/actualite\/culture\/robert-redford-legende-dhollywood-seteint-a-89-ans\/383642\/#primaryimage"},"thumbnailUrl":"https:\/\/www.webdo.tn\/fr\/wp-content\/uploads\/2025\/09\/robert-redford.jpg","keywords":["D\u00e9c\u00e8s","Hollywood","robert redford"],"articleSection":["Culture"],"inLanguage":"fr-FR"},{"@type":"WebPage","@id":"https:\/\/www.webdo.tn\/fr\/actualite\/culture\/robert-redford-legende-dhollywood-seteint-a-89-ans\/383642\/","url":"https:\/\/www.webdo.tn\/fr\/actualite\/culture\/robert-redford-legende-dhollywood-seteint-a-89-ans\/383642\/","name":"Robert Redford, l\u00e9gende d\u2019Hollywood, s\u2019\u00e9teint \u00e0 89 ans - webdo","isPartOf":{"@id":"https:\/\/www.webdo.tn\/fr\/#website"},"primaryImageOfPage":{"@id":"https:\/\/www.webdo.tn\/fr\/actualite\/culture\/robert-redford-legende-dhollywood-seteint-a-89-ans\/383642\/#primaryimage"},"image":{"@id":"https:\/\/www.webdo.tn\/fr\/actualite\/culture\/robert-redford-legende-dhollywood-seteint-a-89-ans\/383642\/#primaryimage"},"thumbnailUrl":"https:\/\/www.webdo.tn\/fr\/wp-content\/uploads\/2025\/09\/robert-redford.jpg","datePublished":"2025-09-16T13:34:41+00:00","dateModified":"2025-09-16T13:34:42+00:00","description":"Robert Redford, l\u00e9gende d\u2019Hollywood, s\u2019\u00e9teint \u00e0 89 ans. Son parcours exceptionnel et son engagement en faveur du cin\u00e9ma ind\u00e9pendant.","breadcrumb":{"@id":"https:\/\/www.webdo.tn\/fr\/actualite\/culture\/robert-redford-legende-dhollywood-seteint-a-89-ans\/383642\/#breadcrumb"},"inLanguage":"fr-FR","potentialAction":[{"@type":"ReadAction","target":["https:\/\/www.webdo.tn\/fr\/actualite\/culture\/robert-redford-legende-dhollywood-seteint-a-89-ans\/383642\/"]}]},{"@type":"ImageObject","inLanguage":"fr-FR","@id":"https:\/\/www.webdo.tn\/fr\/actualite\/culture\/robert-redford-legende-dhollywood-seteint-a-89-ans\/383642\/#primaryimage","url":"https:\/\/www.webdo.tn\/fr\/wp-content\/uploads\/2025\/09\/robert-redford.jpg","contentUrl":"https:\/\/www.webdo.tn\/fr\/wp-content\/uploads\/2025\/09\/robert-redford.jpg","width":1200,"height":606,"caption":"Robert Redford, l\u00e9gende d\u2019Hollywood, s\u2019\u00e9teint \u00e0 89 ans"},{"@type":"BreadcrumbList","@id":"https:\/\/www.webdo.tn\/fr\/actualite\/culture\/robert-redford-legende-dhollywood-seteint-a-89-ans\/383642\/#breadcrumb","itemListElement":[{"@type":"ListItem","position":1,"name":"Accueil","item":"https:\/\/www.webdo.tn\/fr\/"},{"@type":"ListItem","position":2,"name":"Robert Redford, l\u00e9gende d\u2019Hollywood, s\u2019\u00e9teint \u00e0 89 ans"}]},{"@type":"WebSite","@id":"https:\/\/www.webdo.tn\/fr\/#website","url":"https:\/\/www.webdo.tn\/fr\/","name":"webdo","description":"Tunisie - News en Tunisie et \u00e0 l&#039;international sur Webdo.tn","publisher":{"@id":"https:\/\/www.webdo.tn\/fr\/#organization"},"potentialAction":[{"@type":"SearchAction","target":{"@type":"EntryPoint","urlTemplate":"https:\/\/www.webdo.tn\/fr\/?s={search_term_string}"},"query-input":{"@type":"PropertyValueSpecification","valueRequired":true,"valueName":"search_term_string"}}],"inLanguage":"fr-FR"},{"@type":"Organization","@id":"https:\/\/www.webdo.tn\/fr\/#organization","name":"Webdo","alternateName":"Webdo.tn","url":"https:\/\/www.webdo.tn\/fr\/","logo":{"@type":"ImageObject","inLanguage":"fr-FR","@id":"https:\/\/www.webdo.tn\/fr\/#\/schema\/logo\/image\/","url":"https:\/\/www.webdo.tn\/fr\/wp-content\/uploads\/2025\/06\/Webdo-Tunisie_168377.jpg","contentUrl":"https:\/\/www.webdo.tn\/fr\/wp-content\/uploads\/2025\/06\/Webdo-Tunisie_168377.jpg","width":301,"height":301,"caption":"Webdo"},"image":{"@id":"https:\/\/www.webdo.tn\/fr\/#\/schema\/logo\/image\/"},"sameAs":["https:\/\/www.facebook.com\/webdotn","https:\/\/x.com\/webdo_tn"],"description":"Webdo est un m\u00e9dia num\u00e9rique tunisien fond\u00e9 en 2010, sp\u00e9cialis\u00e9 dans l\u2019actualit\u00e9 nationale et internationale, l\u2019\u00e9conomie, la soci\u00e9t\u00e9 et les analyses politiques. Le site s\u2019adresse \u00e0 un large public francophone et couvre l\u2019information tunisienne en temps r\u00e9el.","email":"redac@webdo.tn","legalName":"YNJ SARL","foundingDate":"2010-09-06","numberOfEmployees":{"@type":"QuantitativeValue","minValue":"11","maxValue":"50"}},{"@type":"Person","@id":"https:\/\/www.webdo.tn\/fr\/#\/schema\/person\/c652cd8fc2b1b44412b5ffb48c5a911d","name":"Mohamed Hedi Touati","image":{"@type":"ImageObject","inLanguage":"fr-FR","@id":"https:\/\/secure.gravatar.com\/avatar\/9cfd402c745b7a685f13eed0ea6e59d2144a3c2fc50a3db6fd5ed451f6cddf1a?s=96&d=mm&r=g","url":"https:\/\/secure.gravatar.com\/avatar\/9cfd402c745b7a685f13eed0ea6e59d2144a3c2fc50a3db6fd5ed451f6cddf1a?s=96&d=mm&r=g","contentUrl":"https:\/\/secure.gravatar.com\/avatar\/9cfd402c745b7a685f13eed0ea6e59d2144a3c2fc50a3db6fd5ed451f6cddf1a?s=96&d=mm&r=g","caption":"Mohamed Hedi Touati"},"url":"https:\/\/www.webdo.tn\/fr\/actualite\/author\/mohamed-hedi-touati\/"}]}},"_links":{"self":[{"href":"https:\/\/www.webdo.tn\/fr\/wp-json\/wp\/v2\/posts\/383642","targetHints":{"allow":["GET"]}}],"collection":[{"href":"https:\/\/www.webdo.tn\/fr\/wp-json\/wp\/v2\/posts"}],"about":[{"href":"https:\/\/www.webdo.tn\/fr\/wp-json\/wp\/v2\/types\/post"}],"author":[{"embeddable":true,"href":"https:\/\/www.webdo.tn\/fr\/wp-json\/wp\/v2\/users\/3191"}],"replies":[{"embeddable":true,"href":"https:\/\/www.webdo.tn\/fr\/wp-json\/wp\/v2\/comments?post=383642"}],"version-history":[{"count":0,"href":"https:\/\/www.webdo.tn\/fr\/wp-json\/wp\/v2\/posts\/383642\/revisions"}],"wp:featuredmedia":[{"embeddable":true,"href":"https:\/\/www.webdo.tn\/fr\/wp-json\/wp\/v2\/media\/383643"}],"wp:attachment":[{"href":"https:\/\/www.webdo.tn\/fr\/wp-json\/wp\/v2\/media?parent=383642"}],"wp:term":[{"taxonomy":"category","embeddable":true,"href":"https:\/\/www.webdo.tn\/fr\/wp-json\/wp\/v2\/categories?post=383642"},{"taxonomy":"post_tag","embeddable":true,"href":"https:\/\/www.webdo.tn\/fr\/wp-json\/wp\/v2\/tags?post=383642"}],"curies":[{"name":"wp","href":"https:\/\/api.w.org\/{rel}","templated":true}]}}