{"id":383593,"date":"2025-09-16T07:29:50","date_gmt":"2025-09-16T06:29:50","guid":{"rendered":"https:\/\/www.webdo.tn\/fr\/?p=383593"},"modified":"2025-09-16T11:04:27","modified_gmt":"2025-09-16T10:04:27","slug":"enfer-a-gaza-bombardements-massifs-et-operation-terrestre-israelienne","status":"publish","type":"post","link":"https:\/\/www.webdo.tn\/fr\/actualite\/international\/enfer-a-gaza-bombardements-massifs-et-operation-terrestre-israelienne\/383593\/","title":{"rendered":"Enfer \u00e0 Gaza : Bombardements massifs et op\u00e9ration terrestre isra\u00e9lienne"},"content":{"rendered":"\n<p><\/p>\n\n\n\n<p>La bande de Gaza s\u2019est r\u00e9veill\u00e9e, mardi 16 septembre, dans un paysage d\u2019apocalypse. Apr\u00e8s une nuit de frappes a\u00e9riennes intenses, l\u2019arm\u00e9e isra\u00e9lienne a lanc\u00e9 une vaste op\u00e9ration terrestre dans le nord de l\u2019enclave palestinienne, transformant Gaza en champ de ruines et provoquant un exode massif des habitants.<\/p>\n\n\n\n<p>Selon plusieurs t\u00e9moins et sources humanitaires sur place, des dizaines de frappes a\u00e9riennes se sont abattues simultan\u00e9ment sur diff\u00e9rents quartiers de Gaza City, d\u00e9truisant des immeubles r\u00e9sidentiels, des infrastructures et des routes. L\u2019un des b\u00e2timents les plus \u00e9lev\u00e9s de la ville, la tour Al-Ghafri, a \u00e9t\u00e9 enti\u00e8rement pulv\u00e9ris\u00e9, laissant derri\u00e8re lui un amas de gravats fumants.<\/p>\n\n\n\n<p>Le ministre isra\u00e9lien de la D\u00e9fense, Israel Katz, a d\u00e9clar\u00e9 que \u00ab Gaza br\u00fble \u00bb et que les forces isra\u00e9liennes \u00ab frappent \u00e0 main de fer les infrastructures terroristes \u00bb. L\u2019arm\u00e9e a confirm\u00e9 avoir cibl\u00e9 ce qu\u2019elle d\u00e9crit comme des \u00ab noyaux de commandement du Hamas \u00bb.<\/p>\n\n\n\n<h3 class=\"wp-block-heading\" id=\"h-des-civils-pris-au-piege\">Des civils pris au pi\u00e8ge<\/h3>\n\n\n\n<p>Les h\u00f4pitaux de Gaza, d\u00e9j\u00e0 submerg\u00e9s depuis des mois de conflit, sont d\u00e9pass\u00e9s par l\u2019afflux de bless\u00e9s. Des m\u00e9decins d\u00e9crivent des sc\u00e8nes de chaos, des enfants couverts de poussi\u00e8re et de sang, et des familles enti\u00e8res port\u00e9es disparues sous les d\u00e9combres.<\/p>\n\n\n\n<p>Les premi\u00e8res estimations font \u00e9tat de plusieurs dizaines de morts, dont des enfants, et de centaines de bless\u00e9s. Les \u00e9quipes de secours peinent \u00e0 atteindre les zones sinistr\u00e9es, en raison de la poursuite des bombardements et de l\u2019effondrement des routes principales.<\/p>\n\n\n\n<h3 class=\"wp-block-heading\" id=\"h-une-operation-terrestre-d-ampleur\">Une op\u00e9ration terrestre d\u2019ampleur<\/h3>\n\n\n\n<p>Au matin, des colonnes de blind\u00e9s isra\u00e9liens ont p\u00e9n\u00e9tr\u00e9 dans le nord de Gaza, notamment dans les quartiers de Shuja\u2019iyya et Zeitoun. Selon l\u2019arm\u00e9e, cette op\u00e9ration terrestre vise \u00e0 \u00ab d\u00e9truire les tunnels et neutraliser les cellules arm\u00e9es du Hamas \u00bb.<\/p>\n\n\n\n<p><\/p>\n","protected":false},"excerpt":{"rendered":"<p>La bande de Gaza s\u2019est r\u00e9veill\u00e9e, mardi 16 septembre, dans un paysage d\u2019apocalypse. Apr\u00e8s une nuit de frappes a\u00e9riennes intenses, l\u2019arm\u00e9e isra\u00e9lienne a lanc\u00e9 une vaste op\u00e9ration terrestre dans le nord de l\u2019enclave palestinienne, transformant Gaza en champ de ruines et provoquant un exode massif des habitants. Selon plusieurs t\u00e9moins et sources humanitaires sur place, [&hellip;]<\/p>\n","protected":false},"author":3184,"featured_media":381141,"comment_status":"closed","ping_status":"closed","sticky":false,"template":"","format":"standard","meta":{"footnotes":""},"categories":[2598],"tags":[5202,2689],"class_list":["post-383593","post","type-post","status-publish","format-standard","has-post-thumbnail","hentry","category-international","tag-bombardement","tag-gaza"],"yoast_head":"<!-- This site is optimized with the Yoast SEO Premium plugin v27.5 (Yoast SEO v27.5) - https:\/\/yoast.com\/product\/yoast-seo-premium-wordpress\/ -->\n<title>Enfer \u00e0 Gaza : Bombardements massifs et op\u00e9ration terrestre isra\u00e9lienne - webdo<\/title>\n<meta name=\"description\" content=\"D\u00e9couvrez la trag\u00e9die actuelle de Gaza apr\u00e8s une nuit de frappes a\u00e9riennes intenses et l&#039;op\u00e9ration terrestre de l&#039;arm\u00e9e isra\u00e9lienne.\" \/>\n<link rel=\"canonical\" href=\"https:\/\/www.webdo.tn\/fr\/actualite\/international\/enfer-a-gaza-bombardements-massifs-et-operation-terrestre-israelienne\/383593\/\" \/>\n<meta property=\"og:locale\" content=\"fr_FR\" \/>\n<meta property=\"og:type\" content=\"article\" \/>\n<meta property=\"og:title\" content=\"Enfer \u00e0 Gaza : Bombardements massifs et op\u00e9ration terrestre isra\u00e9lienne\" \/>\n<meta property=\"og:description\" content=\"D\u00e9couvrez la trag\u00e9die actuelle de Gaza apr\u00e8s une nuit de frappes a\u00e9riennes intenses et l&#039;op\u00e9ration terrestre de l&#039;arm\u00e9e isra\u00e9lienne.\" \/>\n<meta property=\"og:url\" content=\"https:\/\/www.webdo.tn\/fr\/actualite\/international\/enfer-a-gaza-bombardements-massifs-et-operation-terrestre-israelienne\/383593\/\" \/>\n<meta property=\"og:site_name\" content=\"webdo\" \/>\n<meta property=\"article:publisher\" content=\"https:\/\/www.facebook.com\/webdotn\" \/>\n<meta property=\"article:published_time\" content=\"2025-09-16T06:29:50+00:00\" \/>\n<meta property=\"article:modified_time\" content=\"2025-09-16T10:04:27+00:00\" \/>\n<meta property=\"og:image\" content=\"https:\/\/www.webdo.tn\/fr\/wp-content\/uploads\/2025\/08\/israel-gaza.webp\" \/>\n\t<meta property=\"og:image:width\" content=\"770\" \/>\n\t<meta property=\"og:image:height\" content=\"513\" \/>\n\t<meta property=\"og:image:type\" content=\"image\/webp\" \/>\n<meta name=\"author\" content=\"Wided Belhaj\" \/>\n<meta name=\"twitter:card\" content=\"summary_large_image\" \/>\n<meta name=\"twitter:creator\" content=\"@webdo_tn\" \/>\n<meta name=\"twitter:site\" content=\"@webdo_tn\" \/>\n<meta name=\"twitter:label1\" content=\"\u00c9crit par\" \/>\n\t<meta name=\"twitter:data1\" content=\"Wided Belhaj\" \/>\n\t<meta name=\"twitter:label2\" content=\"Dur\u00e9e de lecture estim\u00e9e\" \/>\n\t<meta name=\"twitter:data2\" content=\"2 minutes\" \/>\n<script type=\"application\/ld+json\" class=\"yoast-schema-graph\">{\"@context\":\"https:\\\/\\\/schema.org\",\"@graph\":[{\"@type\":\"NewsArticle\",\"@id\":\"https:\\\/\\\/www.webdo.tn\\\/fr\\\/actualite\\\/international\\\/enfer-a-gaza-bombardements-massifs-et-operation-terrestre-israelienne\\\/383593\\\/#article\",\"isPartOf\":{\"@id\":\"https:\\\/\\\/www.webdo.tn\\\/fr\\\/actualite\\\/international\\\/enfer-a-gaza-bombardements-massifs-et-operation-terrestre-israelienne\\\/383593\\\/\"},\"author\":{\"name\":\"Wided Belhaj\",\"@id\":\"https:\\\/\\\/www.webdo.tn\\\/fr\\\/#\\\/schema\\\/person\\\/b9ecde7a5574cb4fcf4b496ea5fadb15\"},\"headline\":\"Enfer \u00e0 Gaza : Bombardements massifs et op\u00e9ration terrestre isra\u00e9lienne\",\"datePublished\":\"2025-09-16T06:29:50+00:00\",\"dateModified\":\"2025-09-16T10:04:27+00:00\",\"mainEntityOfPage\":{\"@id\":\"https:\\\/\\\/www.webdo.tn\\\/fr\\\/actualite\\\/international\\\/enfer-a-gaza-bombardements-massifs-et-operation-terrestre-israelienne\\\/383593\\\/\"},\"wordCount\":343,\"publisher\":{\"@id\":\"https:\\\/\\\/www.webdo.tn\\\/fr\\\/#organization\"},\"image\":{\"@id\":\"https:\\\/\\\/www.webdo.tn\\\/fr\\\/actualite\\\/international\\\/enfer-a-gaza-bombardements-massifs-et-operation-terrestre-israelienne\\\/383593\\\/#primaryimage\"},\"thumbnailUrl\":\"https:\\\/\\\/www.webdo.tn\\\/fr\\\/wp-content\\\/uploads\\\/2025\\\/08\\\/israel-gaza.webp\",\"keywords\":[\"bombardement\",\"Gaza\"],\"articleSection\":[\"International\"],\"inLanguage\":\"fr-FR\"},{\"@type\":\"WebPage\",\"@id\":\"https:\\\/\\\/www.webdo.tn\\\/fr\\\/actualite\\\/international\\\/enfer-a-gaza-bombardements-massifs-et-operation-terrestre-israelienne\\\/383593\\\/\",\"url\":\"https:\\\/\\\/www.webdo.tn\\\/fr\\\/actualite\\\/international\\\/enfer-a-gaza-bombardements-massifs-et-operation-terrestre-israelienne\\\/383593\\\/\",\"name\":\"Enfer \u00e0 Gaza : Bombardements massifs et op\u00e9ration terrestre isra\u00e9lienne - webdo\",\"isPartOf\":{\"@id\":\"https:\\\/\\\/www.webdo.tn\\\/fr\\\/#website\"},\"primaryImageOfPage\":{\"@id\":\"https:\\\/\\\/www.webdo.tn\\\/fr\\\/actualite\\\/international\\\/enfer-a-gaza-bombardements-massifs-et-operation-terrestre-israelienne\\\/383593\\\/#primaryimage\"},\"image\":{\"@id\":\"https:\\\/\\\/www.webdo.tn\\\/fr\\\/actualite\\\/international\\\/enfer-a-gaza-bombardements-massifs-et-operation-terrestre-israelienne\\\/383593\\\/#primaryimage\"},\"thumbnailUrl\":\"https:\\\/\\\/www.webdo.tn\\\/fr\\\/wp-content\\\/uploads\\\/2025\\\/08\\\/israel-gaza.webp\",\"datePublished\":\"2025-09-16T06:29:50+00:00\",\"dateModified\":\"2025-09-16T10:04:27+00:00\",\"description\":\"D\u00e9couvrez la trag\u00e9die actuelle de Gaza apr\u00e8s une nuit de frappes a\u00e9riennes intenses et l'op\u00e9ration terrestre de l'arm\u00e9e isra\u00e9lienne.\",\"breadcrumb\":{\"@id\":\"https:\\\/\\\/www.webdo.tn\\\/fr\\\/actualite\\\/international\\\/enfer-a-gaza-bombardements-massifs-et-operation-terrestre-israelienne\\\/383593\\\/#breadcrumb\"},\"inLanguage\":\"fr-FR\",\"potentialAction\":[{\"@type\":\"ReadAction\",\"target\":[\"https:\\\/\\\/www.webdo.tn\\\/fr\\\/actualite\\\/international\\\/enfer-a-gaza-bombardements-massifs-et-operation-terrestre-israelienne\\\/383593\\\/\"]}]},{\"@type\":\"ImageObject\",\"inLanguage\":\"fr-FR\",\"@id\":\"https:\\\/\\\/www.webdo.tn\\\/fr\\\/actualite\\\/international\\\/enfer-a-gaza-bombardements-massifs-et-operation-terrestre-israelienne\\\/383593\\\/#primaryimage\",\"url\":\"https:\\\/\\\/www.webdo.tn\\\/fr\\\/wp-content\\\/uploads\\\/2025\\\/08\\\/israel-gaza.webp\",\"contentUrl\":\"https:\\\/\\\/www.webdo.tn\\\/fr\\\/wp-content\\\/uploads\\\/2025\\\/08\\\/israel-gaza.webp\",\"width\":770,\"height\":513,\"caption\":\"\u00c0 la fronti\u00e8re entre Isra\u00ebl et le nord de Gaza\"},{\"@type\":\"BreadcrumbList\",\"@id\":\"https:\\\/\\\/www.webdo.tn\\\/fr\\\/actualite\\\/international\\\/enfer-a-gaza-bombardements-massifs-et-operation-terrestre-israelienne\\\/383593\\\/#breadcrumb\",\"itemListElement\":[{\"@type\":\"ListItem\",\"position\":1,\"name\":\"Accueil\",\"item\":\"https:\\\/\\\/www.webdo.tn\\\/fr\\\/\"},{\"@type\":\"ListItem\",\"position\":2,\"name\":\"Enfer \u00e0 Gaza : Bombardements massifs et op\u00e9ration terrestre isra\u00e9lienne\"}]},{\"@type\":\"WebSite\",\"@id\":\"https:\\\/\\\/www.webdo.tn\\\/fr\\\/#website\",\"url\":\"https:\\\/\\\/www.webdo.tn\\\/fr\\\/\",\"name\":\"webdo\",\"description\":\"Tunisie - News en Tunisie et \u00e0 l&#039;international sur Webdo.tn\",\"publisher\":{\"@id\":\"https:\\\/\\\/www.webdo.tn\\\/fr\\\/#organization\"},\"potentialAction\":[{\"@type\":\"SearchAction\",\"target\":{\"@type\":\"EntryPoint\",\"urlTemplate\":\"https:\\\/\\\/www.webdo.tn\\\/fr\\\/?s={search_term_string}\"},\"query-input\":{\"@type\":\"PropertyValueSpecification\",\"valueRequired\":true,\"valueName\":\"search_term_string\"}}],\"inLanguage\":\"fr-FR\"},{\"@type\":\"Organization\",\"@id\":\"https:\\\/\\\/www.webdo.tn\\\/fr\\\/#organization\",\"name\":\"Webdo\",\"alternateName\":\"Webdo.tn\",\"url\":\"https:\\\/\\\/www.webdo.tn\\\/fr\\\/\",\"logo\":{\"@type\":\"ImageObject\",\"inLanguage\":\"fr-FR\",\"@id\":\"https:\\\/\\\/www.webdo.tn\\\/fr\\\/#\\\/schema\\\/logo\\\/image\\\/\",\"url\":\"https:\\\/\\\/www.webdo.tn\\\/fr\\\/wp-content\\\/uploads\\\/2025\\\/06\\\/Webdo-Tunisie_168377.jpg\",\"contentUrl\":\"https:\\\/\\\/www.webdo.tn\\\/fr\\\/wp-content\\\/uploads\\\/2025\\\/06\\\/Webdo-Tunisie_168377.jpg\",\"width\":301,\"height\":301,\"caption\":\"Webdo\"},\"image\":{\"@id\":\"https:\\\/\\\/www.webdo.tn\\\/fr\\\/#\\\/schema\\\/logo\\\/image\\\/\"},\"sameAs\":[\"https:\\\/\\\/www.facebook.com\\\/webdotn\",\"https:\\\/\\\/x.com\\\/webdo_tn\"],\"description\":\"Webdo est un m\u00e9dia num\u00e9rique tunisien fond\u00e9 en 2010, sp\u00e9cialis\u00e9 dans l\u2019actualit\u00e9 nationale et internationale, l\u2019\u00e9conomie, la soci\u00e9t\u00e9 et les analyses politiques. Le site s\u2019adresse \u00e0 un large public francophone et couvre l\u2019information tunisienne en temps r\u00e9el.\",\"email\":\"redac@webdo.tn\",\"legalName\":\"YNJ SARL\",\"foundingDate\":\"2010-09-06\",\"numberOfEmployees\":{\"@type\":\"QuantitativeValue\",\"minValue\":\"11\",\"maxValue\":\"50\"}},{\"@type\":\"Person\",\"@id\":\"https:\\\/\\\/www.webdo.tn\\\/fr\\\/#\\\/schema\\\/person\\\/b9ecde7a5574cb4fcf4b496ea5fadb15\",\"name\":\"Wided Belhaj\",\"image\":{\"@type\":\"ImageObject\",\"inLanguage\":\"fr-FR\",\"@id\":\"https:\\\/\\\/www.webdo.tn\\\/fr\\\/wp-content\\\/uploads\\\/2026\\\/04\\\/wided-belhaj_avatar-96x96.jpg\",\"url\":\"https:\\\/\\\/www.webdo.tn\\\/fr\\\/wp-content\\\/uploads\\\/2026\\\/04\\\/wided-belhaj_avatar-96x96.jpg\",\"contentUrl\":\"https:\\\/\\\/www.webdo.tn\\\/fr\\\/wp-content\\\/uploads\\\/2026\\\/04\\\/wided-belhaj_avatar-96x96.jpg\",\"caption\":\"Wided Belhaj\"},\"description\":\"Wided Belhaj est le pseudonyme \u00e9ditorial utilis\u00e9 par Khalil Jelassi, journaliste, ma\u00eetre-assistant \u00e0 l\u2019Institut de presse et des sciences de l\u2019information (IPSI) et chercheur en sciences de l\u2019information et de la communication. Cette signature est d\u00e9di\u00e9e \u00e0 l\u2019analyse des m\u00e9dias, des pratiques journalistiques et des mutations de l\u2019information \u00e0 l\u2019\u00e8re digitale. \u00c0 travers ses contributions, Wided Belhaj propose une lecture analytique de l\u2019actualit\u00e9, en croisant regard critique et expertise acad\u00e9mique.\",\"knowsAbout\":[\"m\u00e9dias\",\"journalisme\",\"communication\",\"information\",\"transformation num\u00e9rique\",\"analyse des m\u00e9dias\"],\"knowsLanguage\":[\"Fran\u00e7ais\",\"Arabe\"],\"jobTitle\":\"Webdo.tn\",\"worksFor\":\"Journaliste \u2013 Analyse des m\u00e9dias\",\"url\":\"https:\\\/\\\/www.webdo.tn\\\/fr\\\/actualite\\\/author\\\/wided-belhaj\\\/\"}]}<\/script>\n<!-- \/ Yoast SEO Premium plugin. -->","yoast_head_json":{"title":"Enfer \u00e0 Gaza : Bombardements massifs et op\u00e9ration terrestre isra\u00e9lienne - webdo","description":"D\u00e9couvrez la trag\u00e9die actuelle de Gaza apr\u00e8s une nuit de frappes a\u00e9riennes intenses et l'op\u00e9ration terrestre de l'arm\u00e9e isra\u00e9lienne.","canonical":"https:\/\/www.webdo.tn\/fr\/actualite\/international\/enfer-a-gaza-bombardements-massifs-et-operation-terrestre-israelienne\/383593\/","og_locale":"fr_FR","og_type":"article","og_title":"Enfer \u00e0 Gaza : Bombardements massifs et op\u00e9ration terrestre isra\u00e9lienne","og_description":"D\u00e9couvrez la trag\u00e9die actuelle de Gaza apr\u00e8s une nuit de frappes a\u00e9riennes intenses et l'op\u00e9ration terrestre de l'arm\u00e9e isra\u00e9lienne.","og_url":"https:\/\/www.webdo.tn\/fr\/actualite\/international\/enfer-a-gaza-bombardements-massifs-et-operation-terrestre-israelienne\/383593\/","og_site_name":"webdo","article_publisher":"https:\/\/www.facebook.com\/webdotn","article_published_time":"2025-09-16T06:29:50+00:00","article_modified_time":"2025-09-16T10:04:27+00:00","og_image":[{"width":770,"height":513,"url":"https:\/\/www.webdo.tn\/fr\/wp-content\/uploads\/2025\/08\/israel-gaza.webp","type":"image\/webp"}],"author":"Wided Belhaj","twitter_card":"summary_large_image","twitter_creator":"@webdo_tn","twitter_site":"@webdo_tn","twitter_misc":{"\u00c9crit par":"Wided Belhaj","Dur\u00e9e de lecture estim\u00e9e":"2 minutes"},"schema":{"@context":"https:\/\/schema.org","@graph":[{"@type":"NewsArticle","@id":"https:\/\/www.webdo.tn\/fr\/actualite\/international\/enfer-a-gaza-bombardements-massifs-et-operation-terrestre-israelienne\/383593\/#article","isPartOf":{"@id":"https:\/\/www.webdo.tn\/fr\/actualite\/international\/enfer-a-gaza-bombardements-massifs-et-operation-terrestre-israelienne\/383593\/"},"author":{"name":"Wided Belhaj","@id":"https:\/\/www.webdo.tn\/fr\/#\/schema\/person\/b9ecde7a5574cb4fcf4b496ea5fadb15"},"headline":"Enfer \u00e0 Gaza : Bombardements massifs et op\u00e9ration terrestre isra\u00e9lienne","datePublished":"2025-09-16T06:29:50+00:00","dateModified":"2025-09-16T10:04:27+00:00","mainEntityOfPage":{"@id":"https:\/\/www.webdo.tn\/fr\/actualite\/international\/enfer-a-gaza-bombardements-massifs-et-operation-terrestre-israelienne\/383593\/"},"wordCount":343,"publisher":{"@id":"https:\/\/www.webdo.tn\/fr\/#organization"},"image":{"@id":"https:\/\/www.webdo.tn\/fr\/actualite\/international\/enfer-a-gaza-bombardements-massifs-et-operation-terrestre-israelienne\/383593\/#primaryimage"},"thumbnailUrl":"https:\/\/www.webdo.tn\/fr\/wp-content\/uploads\/2025\/08\/israel-gaza.webp","keywords":["bombardement","Gaza"],"articleSection":["International"],"inLanguage":"fr-FR"},{"@type":"WebPage","@id":"https:\/\/www.webdo.tn\/fr\/actualite\/international\/enfer-a-gaza-bombardements-massifs-et-operation-terrestre-israelienne\/383593\/","url":"https:\/\/www.webdo.tn\/fr\/actualite\/international\/enfer-a-gaza-bombardements-massifs-et-operation-terrestre-israelienne\/383593\/","name":"Enfer \u00e0 Gaza : Bombardements massifs et op\u00e9ration terrestre isra\u00e9lienne - webdo","isPartOf":{"@id":"https:\/\/www.webdo.tn\/fr\/#website"},"primaryImageOfPage":{"@id":"https:\/\/www.webdo.tn\/fr\/actualite\/international\/enfer-a-gaza-bombardements-massifs-et-operation-terrestre-israelienne\/383593\/#primaryimage"},"image":{"@id":"https:\/\/www.webdo.tn\/fr\/actualite\/international\/enfer-a-gaza-bombardements-massifs-et-operation-terrestre-israelienne\/383593\/#primaryimage"},"thumbnailUrl":"https:\/\/www.webdo.tn\/fr\/wp-content\/uploads\/2025\/08\/israel-gaza.webp","datePublished":"2025-09-16T06:29:50+00:00","dateModified":"2025-09-16T10:04:27+00:00","description":"D\u00e9couvrez la trag\u00e9die actuelle de Gaza apr\u00e8s une nuit de frappes a\u00e9riennes intenses et l'op\u00e9ration terrestre de l'arm\u00e9e isra\u00e9lienne.","breadcrumb":{"@id":"https:\/\/www.webdo.tn\/fr\/actualite\/international\/enfer-a-gaza-bombardements-massifs-et-operation-terrestre-israelienne\/383593\/#breadcrumb"},"inLanguage":"fr-FR","potentialAction":[{"@type":"ReadAction","target":["https:\/\/www.webdo.tn\/fr\/actualite\/international\/enfer-a-gaza-bombardements-massifs-et-operation-terrestre-israelienne\/383593\/"]}]},{"@type":"ImageObject","inLanguage":"fr-FR","@id":"https:\/\/www.webdo.tn\/fr\/actualite\/international\/enfer-a-gaza-bombardements-massifs-et-operation-terrestre-israelienne\/383593\/#primaryimage","url":"https:\/\/www.webdo.tn\/fr\/wp-content\/uploads\/2025\/08\/israel-gaza.webp","contentUrl":"https:\/\/www.webdo.tn\/fr\/wp-content\/uploads\/2025\/08\/israel-gaza.webp","width":770,"height":513,"caption":"\u00c0 la fronti\u00e8re entre Isra\u00ebl et le nord de Gaza"},{"@type":"BreadcrumbList","@id":"https:\/\/www.webdo.tn\/fr\/actualite\/international\/enfer-a-gaza-bombardements-massifs-et-operation-terrestre-israelienne\/383593\/#breadcrumb","itemListElement":[{"@type":"ListItem","position":1,"name":"Accueil","item":"https:\/\/www.webdo.tn\/fr\/"},{"@type":"ListItem","position":2,"name":"Enfer \u00e0 Gaza : Bombardements massifs et op\u00e9ration terrestre isra\u00e9lienne"}]},{"@type":"WebSite","@id":"https:\/\/www.webdo.tn\/fr\/#website","url":"https:\/\/www.webdo.tn\/fr\/","name":"webdo","description":"Tunisie - News en Tunisie et \u00e0 l&#039;international sur Webdo.tn","publisher":{"@id":"https:\/\/www.webdo.tn\/fr\/#organization"},"potentialAction":[{"@type":"SearchAction","target":{"@type":"EntryPoint","urlTemplate":"https:\/\/www.webdo.tn\/fr\/?s={search_term_string}"},"query-input":{"@type":"PropertyValueSpecification","valueRequired":true,"valueName":"search_term_string"}}],"inLanguage":"fr-FR"},{"@type":"Organization","@id":"https:\/\/www.webdo.tn\/fr\/#organization","name":"Webdo","alternateName":"Webdo.tn","url":"https:\/\/www.webdo.tn\/fr\/","logo":{"@type":"ImageObject","inLanguage":"fr-FR","@id":"https:\/\/www.webdo.tn\/fr\/#\/schema\/logo\/image\/","url":"https:\/\/www.webdo.tn\/fr\/wp-content\/uploads\/2025\/06\/Webdo-Tunisie_168377.jpg","contentUrl":"https:\/\/www.webdo.tn\/fr\/wp-content\/uploads\/2025\/06\/Webdo-Tunisie_168377.jpg","width":301,"height":301,"caption":"Webdo"},"image":{"@id":"https:\/\/www.webdo.tn\/fr\/#\/schema\/logo\/image\/"},"sameAs":["https:\/\/www.facebook.com\/webdotn","https:\/\/x.com\/webdo_tn"],"description":"Webdo est un m\u00e9dia num\u00e9rique tunisien fond\u00e9 en 2010, sp\u00e9cialis\u00e9 dans l\u2019actualit\u00e9 nationale et internationale, l\u2019\u00e9conomie, la soci\u00e9t\u00e9 et les analyses politiques. Le site s\u2019adresse \u00e0 un large public francophone et couvre l\u2019information tunisienne en temps r\u00e9el.","email":"redac@webdo.tn","legalName":"YNJ SARL","foundingDate":"2010-09-06","numberOfEmployees":{"@type":"QuantitativeValue","minValue":"11","maxValue":"50"}},{"@type":"Person","@id":"https:\/\/www.webdo.tn\/fr\/#\/schema\/person\/b9ecde7a5574cb4fcf4b496ea5fadb15","name":"Wided Belhaj","image":{"@type":"ImageObject","inLanguage":"fr-FR","@id":"https:\/\/www.webdo.tn\/fr\/wp-content\/uploads\/2026\/04\/wided-belhaj_avatar-96x96.jpg","url":"https:\/\/www.webdo.tn\/fr\/wp-content\/uploads\/2026\/04\/wided-belhaj_avatar-96x96.jpg","contentUrl":"https:\/\/www.webdo.tn\/fr\/wp-content\/uploads\/2026\/04\/wided-belhaj_avatar-96x96.jpg","caption":"Wided Belhaj"},"description":"Wided Belhaj est le pseudonyme \u00e9ditorial utilis\u00e9 par Khalil Jelassi, journaliste, ma\u00eetre-assistant \u00e0 l\u2019Institut de presse et des sciences de l\u2019information (IPSI) et chercheur en sciences de l\u2019information et de la communication. Cette signature est d\u00e9di\u00e9e \u00e0 l\u2019analyse des m\u00e9dias, des pratiques journalistiques et des mutations de l\u2019information \u00e0 l\u2019\u00e8re digitale. \u00c0 travers ses contributions, Wided Belhaj propose une lecture analytique de l\u2019actualit\u00e9, en croisant regard critique et expertise acad\u00e9mique.","knowsAbout":["m\u00e9dias","journalisme","communication","information","transformation num\u00e9rique","analyse des m\u00e9dias"],"knowsLanguage":["Fran\u00e7ais","Arabe"],"jobTitle":"Webdo.tn","worksFor":"Journaliste \u2013 Analyse des m\u00e9dias","url":"https:\/\/www.webdo.tn\/fr\/actualite\/author\/wided-belhaj\/"}]}},"_links":{"self":[{"href":"https:\/\/www.webdo.tn\/fr\/wp-json\/wp\/v2\/posts\/383593","targetHints":{"allow":["GET"]}}],"collection":[{"href":"https:\/\/www.webdo.tn\/fr\/wp-json\/wp\/v2\/posts"}],"about":[{"href":"https:\/\/www.webdo.tn\/fr\/wp-json\/wp\/v2\/types\/post"}],"author":[{"embeddable":true,"href":"https:\/\/www.webdo.tn\/fr\/wp-json\/wp\/v2\/users\/3184"}],"replies":[{"embeddable":true,"href":"https:\/\/www.webdo.tn\/fr\/wp-json\/wp\/v2\/comments?post=383593"}],"version-history":[{"count":0,"href":"https:\/\/www.webdo.tn\/fr\/wp-json\/wp\/v2\/posts\/383593\/revisions"}],"wp:featuredmedia":[{"embeddable":true,"href":"https:\/\/www.webdo.tn\/fr\/wp-json\/wp\/v2\/media\/381141"}],"wp:attachment":[{"href":"https:\/\/www.webdo.tn\/fr\/wp-json\/wp\/v2\/media?parent=383593"}],"wp:term":[{"taxonomy":"category","embeddable":true,"href":"https:\/\/www.webdo.tn\/fr\/wp-json\/wp\/v2\/categories?post=383593"},{"taxonomy":"post_tag","embeddable":true,"href":"https:\/\/www.webdo.tn\/fr\/wp-json\/wp\/v2\/tags?post=383593"}],"curies":[{"name":"wp","href":"https:\/\/api.w.org\/{rel}","templated":true}]}}