{"id":383590,"date":"2025-09-16T07:22:12","date_gmt":"2025-09-16T06:22:12","guid":{"rendered":"https:\/\/www.webdo.tn\/fr\/?p=383590"},"modified":"2025-09-16T10:13:52","modified_gmt":"2025-09-16T09:13:52","slug":"football-maher-kanzari-dans-la-tourmente-apres-un-blaspheme-en-direct","status":"publish","type":"post","link":"https:\/\/www.webdo.tn\/fr\/actualite\/sport\/football-maher-kanzari-dans-la-tourmente-apres-un-blaspheme-en-direct\/383590\/","title":{"rendered":"Football : Maher Kanzari dans la tourmente apr\u00e8s un blasph\u00e8me en direct"},"content":{"rendered":"\n<p><\/p>\n\n\n\n<p>La tension qui entoure le championnat tunisien de football semble une nouvelle fois avoir franchi les limites du cadre sportif. Selon les informations de <strong>Mosa\u00efque FM<\/strong>, la <strong>Commission de discipline relevant de la Ligue nationale de football professionnel<\/strong> a convoqu\u00e9 l\u2019entra\u00eeneur de l\u2019Esp\u00e9rance sportive de Tunis, <strong>Maher Kanzari<\/strong>, \u00e0 compara\u00eetre <strong>jeudi ou vendredi prochain<\/strong> devant ses membres.<br><\/p>\n\n\n\n<p>Cette convocation fait suite \u00e0 un <strong>blasph\u00e8me prof\u00e9r\u00e9 en direct<\/strong>, lors d\u2019une r\u00e9cente rencontre, qui a suscit\u00e9 une vive pol\u00e9mique sur les r\u00e9seaux sociaux et dans les m\u00e9dias.<\/p>\n\n\n\n<p>Au c\u0153ur de cette affaire : une phrase l\u00e2ch\u00e9e sous le coup de la col\u00e8re, capt\u00e9e par les micros et les cam\u00e9ras et largement relay\u00e9e. Pour beaucoup, ce d\u00e9rapage verbal constitue un <strong>manquement \u00e0 l\u2019\u00e9thique sportive<\/strong> et une <strong>atteinte aux valeurs religieuses et morales<\/strong>, dans un pays o\u00f9 les questions de foi restent sensibles dans l\u2019espace public. La Commission de discipline d\u00e9cidera, apr\u00e8s audition, <strong>d\u2019\u00e9ventuelles sanctions<\/strong> \u00e0 l\u2019encontre du technicien esp\u00e9rantiste.<\/p>\n\n\n\n<h3 class=\"wp-block-heading\" id=\"h-le-football-tunisien-face-a-ses-vieux-demons\">Le football tunisien face \u00e0 ses vieux d\u00e9mons<\/h3>\n\n\n\n<p>Ce nouvel \u00e9pisode vient raviver le d\u00e9bat r\u00e9current sur la <strong>violence verbale et symbolique<\/strong> qui gangr\u00e8ne les terrains tunisiens. Depuis plusieurs saisons, les instances peinent \u00e0 contenir un climat marqu\u00e9 par les <strong>invectives, les insultes, les d\u00e9bordements des bancs techniques et les tensions dans les tribunes<\/strong>.<br>Si les actes de violence physique ont souvent \u00e9t\u00e9 m\u00e9diatis\u00e9s \u2014 bagarres entre supporters, envahissements de terrain, jets de projectiles \u2014 les <strong>violences verbales et psychologiques<\/strong> passent plus facilement sous silence, bien qu\u2019elles contribuent \u00e0 un climat d\u00e9l\u00e9t\u00e8re.<\/p>\n\n\n\n<p>La convocation de Maher Kanzari pourrait marquer un <strong>tournant symbolique<\/strong>, \u00e0 condition que la Ligue saisisse cette occasion pour <strong>envoyer un signal fort contre toutes les formes de violence<\/strong> dans le football national. <\/p>\n","protected":false},"excerpt":{"rendered":"<p>La tension qui entoure le championnat tunisien de football semble une nouvelle fois avoir franchi les limites du cadre sportif. Selon les informations de Mosa\u00efque FM, la Commission de discipline relevant de la Ligue nationale de football professionnel a convoqu\u00e9 l\u2019entra\u00eeneur de l\u2019Esp\u00e9rance sportive de Tunis, Maher Kanzari, \u00e0 compara\u00eetre jeudi ou vendredi prochain devant [&hellip;]<\/p>\n","protected":false},"author":3184,"featured_media":383591,"comment_status":"closed","ping_status":"closed","sticky":false,"template":"","format":"standard","meta":{"footnotes":""},"categories":[2593],"tags":[2622,12864,2608],"class_list":["post-383590","post","type-post","status-publish","format-standard","has-post-thumbnail","hentry","category-sport","tag-football","tag-maher-kanzari","tag-tunisie"],"yoast_head":"<!-- This site is optimized with the Yoast SEO Premium plugin v27.4 (Yoast SEO v27.5) - https:\/\/yoast.com\/product\/yoast-seo-premium-wordpress\/ -->\n<title>Football : Maher Kanzari dans la tourmente apr\u00e8s un blasph\u00e8me en direct - webdo<\/title>\n<meta name=\"description\" content=\"Maher Kanzari convoqu\u00e9 par la Commission de discipline apr\u00e8s des propos controvers\u00e9s. D\u00e9couvrez les d\u00e9tails de l&#039;incident.\" \/>\n<link rel=\"canonical\" href=\"https:\/\/www.webdo.tn\/fr\/actualite\/sport\/football-maher-kanzari-dans-la-tourmente-apres-un-blaspheme-en-direct\/383590\/\" \/>\n<meta property=\"og:locale\" content=\"fr_FR\" \/>\n<meta property=\"og:type\" content=\"article\" \/>\n<meta property=\"og:title\" content=\"Football : Maher Kanzari dans la tourmente apr\u00e8s un blasph\u00e8me en direct\" \/>\n<meta property=\"og:description\" content=\"Maher Kanzari convoqu\u00e9 par la Commission de discipline apr\u00e8s des propos controvers\u00e9s. D\u00e9couvrez les d\u00e9tails de l&#039;incident.\" \/>\n<meta property=\"og:url\" content=\"https:\/\/www.webdo.tn\/fr\/actualite\/sport\/football-maher-kanzari-dans-la-tourmente-apres-un-blaspheme-en-direct\/383590\/\" \/>\n<meta property=\"og:site_name\" content=\"webdo\" \/>\n<meta property=\"article:publisher\" content=\"https:\/\/www.facebook.com\/webdotn\" \/>\n<meta property=\"article:published_time\" content=\"2025-09-16T06:22:12+00:00\" \/>\n<meta property=\"article:modified_time\" content=\"2025-09-16T09:13:52+00:00\" \/>\n<meta property=\"og:image\" content=\"https:\/\/www.webdo.tn\/fr\/wp-content\/uploads\/2025\/09\/MAHER-KANZARI-CAB.jpg\" \/>\n\t<meta property=\"og:image:width\" content=\"850\" \/>\n\t<meta property=\"og:image:height\" content=\"491\" \/>\n\t<meta property=\"og:image:type\" content=\"image\/jpeg\" \/>\n<meta name=\"author\" content=\"Wided Belhaj\" \/>\n<meta name=\"twitter:card\" content=\"summary_large_image\" \/>\n<meta name=\"twitter:creator\" content=\"@webdo_tn\" \/>\n<meta name=\"twitter:site\" content=\"@webdo_tn\" \/>\n<meta name=\"twitter:label1\" content=\"\u00c9crit par\" \/>\n\t<meta name=\"twitter:data1\" content=\"Wided Belhaj\" \/>\n\t<meta name=\"twitter:label2\" content=\"Dur\u00e9e de lecture estim\u00e9e\" \/>\n\t<meta name=\"twitter:data2\" content=\"2 minutes\" \/>\n<script type=\"application\/ld+json\" class=\"yoast-schema-graph\">{\"@context\":\"https:\\\/\\\/schema.org\",\"@graph\":[{\"@type\":\"NewsArticle\",\"@id\":\"https:\\\/\\\/www.webdo.tn\\\/fr\\\/actualite\\\/sport\\\/football-maher-kanzari-dans-la-tourmente-apres-un-blaspheme-en-direct\\\/383590\\\/#article\",\"isPartOf\":{\"@id\":\"https:\\\/\\\/www.webdo.tn\\\/fr\\\/actualite\\\/sport\\\/football-maher-kanzari-dans-la-tourmente-apres-un-blaspheme-en-direct\\\/383590\\\/\"},\"author\":{\"name\":\"Wided Belhaj\",\"@id\":\"https:\\\/\\\/www.webdo.tn\\\/fr\\\/#\\\/schema\\\/person\\\/b9ecde7a5574cb4fcf4b496ea5fadb15\"},\"headline\":\"Football : Maher Kanzari dans la tourmente apr\u00e8s un blasph\u00e8me en direct\",\"datePublished\":\"2025-09-16T06:22:12+00:00\",\"dateModified\":\"2025-09-16T09:13:52+00:00\",\"mainEntityOfPage\":{\"@id\":\"https:\\\/\\\/www.webdo.tn\\\/fr\\\/actualite\\\/sport\\\/football-maher-kanzari-dans-la-tourmente-apres-un-blaspheme-en-direct\\\/383590\\\/\"},\"wordCount\":322,\"publisher\":{\"@id\":\"https:\\\/\\\/www.webdo.tn\\\/fr\\\/#organization\"},\"image\":{\"@id\":\"https:\\\/\\\/www.webdo.tn\\\/fr\\\/actualite\\\/sport\\\/football-maher-kanzari-dans-la-tourmente-apres-un-blaspheme-en-direct\\\/383590\\\/#primaryimage\"},\"thumbnailUrl\":\"https:\\\/\\\/www.webdo.tn\\\/fr\\\/wp-content\\\/uploads\\\/2025\\\/09\\\/MAHER-KANZARI-CAB.jpg\",\"keywords\":[\"football\",\"Maher Kanzari\",\"Tunisie\"],\"articleSection\":[\"Sport\"],\"inLanguage\":\"fr-FR\"},{\"@type\":\"WebPage\",\"@id\":\"https:\\\/\\\/www.webdo.tn\\\/fr\\\/actualite\\\/sport\\\/football-maher-kanzari-dans-la-tourmente-apres-un-blaspheme-en-direct\\\/383590\\\/\",\"url\":\"https:\\\/\\\/www.webdo.tn\\\/fr\\\/actualite\\\/sport\\\/football-maher-kanzari-dans-la-tourmente-apres-un-blaspheme-en-direct\\\/383590\\\/\",\"name\":\"Football : Maher Kanzari dans la tourmente apr\u00e8s un blasph\u00e8me en direct - webdo\",\"isPartOf\":{\"@id\":\"https:\\\/\\\/www.webdo.tn\\\/fr\\\/#website\"},\"primaryImageOfPage\":{\"@id\":\"https:\\\/\\\/www.webdo.tn\\\/fr\\\/actualite\\\/sport\\\/football-maher-kanzari-dans-la-tourmente-apres-un-blaspheme-en-direct\\\/383590\\\/#primaryimage\"},\"image\":{\"@id\":\"https:\\\/\\\/www.webdo.tn\\\/fr\\\/actualite\\\/sport\\\/football-maher-kanzari-dans-la-tourmente-apres-un-blaspheme-en-direct\\\/383590\\\/#primaryimage\"},\"thumbnailUrl\":\"https:\\\/\\\/www.webdo.tn\\\/fr\\\/wp-content\\\/uploads\\\/2025\\\/09\\\/MAHER-KANZARI-CAB.jpg\",\"datePublished\":\"2025-09-16T06:22:12+00:00\",\"dateModified\":\"2025-09-16T09:13:52+00:00\",\"description\":\"Maher Kanzari convoqu\u00e9 par la Commission de discipline apr\u00e8s des propos controvers\u00e9s. D\u00e9couvrez les d\u00e9tails de l'incident.\",\"breadcrumb\":{\"@id\":\"https:\\\/\\\/www.webdo.tn\\\/fr\\\/actualite\\\/sport\\\/football-maher-kanzari-dans-la-tourmente-apres-un-blaspheme-en-direct\\\/383590\\\/#breadcrumb\"},\"inLanguage\":\"fr-FR\",\"potentialAction\":[{\"@type\":\"ReadAction\",\"target\":[\"https:\\\/\\\/www.webdo.tn\\\/fr\\\/actualite\\\/sport\\\/football-maher-kanzari-dans-la-tourmente-apres-un-blaspheme-en-direct\\\/383590\\\/\"]}]},{\"@type\":\"ImageObject\",\"inLanguage\":\"fr-FR\",\"@id\":\"https:\\\/\\\/www.webdo.tn\\\/fr\\\/actualite\\\/sport\\\/football-maher-kanzari-dans-la-tourmente-apres-un-blaspheme-en-direct\\\/383590\\\/#primaryimage\",\"url\":\"https:\\\/\\\/www.webdo.tn\\\/fr\\\/wp-content\\\/uploads\\\/2025\\\/09\\\/MAHER-KANZARI-CAB.jpg\",\"contentUrl\":\"https:\\\/\\\/www.webdo.tn\\\/fr\\\/wp-content\\\/uploads\\\/2025\\\/09\\\/MAHER-KANZARI-CAB.jpg\",\"width\":850,\"height\":491},{\"@type\":\"BreadcrumbList\",\"@id\":\"https:\\\/\\\/www.webdo.tn\\\/fr\\\/actualite\\\/sport\\\/football-maher-kanzari-dans-la-tourmente-apres-un-blaspheme-en-direct\\\/383590\\\/#breadcrumb\",\"itemListElement\":[{\"@type\":\"ListItem\",\"position\":1,\"name\":\"Accueil\",\"item\":\"https:\\\/\\\/www.webdo.tn\\\/fr\\\/\"},{\"@type\":\"ListItem\",\"position\":2,\"name\":\"Football : Maher Kanzari dans la tourmente apr\u00e8s un blasph\u00e8me en direct\"}]},{\"@type\":\"WebSite\",\"@id\":\"https:\\\/\\\/www.webdo.tn\\\/fr\\\/#website\",\"url\":\"https:\\\/\\\/www.webdo.tn\\\/fr\\\/\",\"name\":\"webdo\",\"description\":\"Tunisie - News en Tunisie et \u00e0 l&#039;international sur Webdo.tn\",\"publisher\":{\"@id\":\"https:\\\/\\\/www.webdo.tn\\\/fr\\\/#organization\"},\"potentialAction\":[{\"@type\":\"SearchAction\",\"target\":{\"@type\":\"EntryPoint\",\"urlTemplate\":\"https:\\\/\\\/www.webdo.tn\\\/fr\\\/?s={search_term_string}\"},\"query-input\":{\"@type\":\"PropertyValueSpecification\",\"valueRequired\":true,\"valueName\":\"search_term_string\"}}],\"inLanguage\":\"fr-FR\"},{\"@type\":\"Organization\",\"@id\":\"https:\\\/\\\/www.webdo.tn\\\/fr\\\/#organization\",\"name\":\"Webdo\",\"alternateName\":\"Webdo.tn\",\"url\":\"https:\\\/\\\/www.webdo.tn\\\/fr\\\/\",\"logo\":{\"@type\":\"ImageObject\",\"inLanguage\":\"fr-FR\",\"@id\":\"https:\\\/\\\/www.webdo.tn\\\/fr\\\/#\\\/schema\\\/logo\\\/image\\\/\",\"url\":\"https:\\\/\\\/www.webdo.tn\\\/fr\\\/wp-content\\\/uploads\\\/2025\\\/06\\\/Webdo-Tunisie_168377.jpg\",\"contentUrl\":\"https:\\\/\\\/www.webdo.tn\\\/fr\\\/wp-content\\\/uploads\\\/2025\\\/06\\\/Webdo-Tunisie_168377.jpg\",\"width\":301,\"height\":301,\"caption\":\"Webdo\"},\"image\":{\"@id\":\"https:\\\/\\\/www.webdo.tn\\\/fr\\\/#\\\/schema\\\/logo\\\/image\\\/\"},\"sameAs\":[\"https:\\\/\\\/www.facebook.com\\\/webdotn\",\"https:\\\/\\\/x.com\\\/webdo_tn\"],\"description\":\"Webdo est un m\u00e9dia num\u00e9rique tunisien fond\u00e9 en 2010, sp\u00e9cialis\u00e9 dans l\u2019actualit\u00e9 nationale et internationale, l\u2019\u00e9conomie, la soci\u00e9t\u00e9 et les analyses politiques. Le site s\u2019adresse \u00e0 un large public francophone et couvre l\u2019information tunisienne en temps r\u00e9el.\",\"email\":\"redac@webdo.tn\",\"legalName\":\"YNJ SARL\",\"foundingDate\":\"2010-09-06\",\"numberOfEmployees\":{\"@type\":\"QuantitativeValue\",\"minValue\":\"11\",\"maxValue\":\"50\"}},{\"@type\":\"Person\",\"@id\":\"https:\\\/\\\/www.webdo.tn\\\/fr\\\/#\\\/schema\\\/person\\\/b9ecde7a5574cb4fcf4b496ea5fadb15\",\"name\":\"Wided Belhaj\",\"image\":{\"@type\":\"ImageObject\",\"inLanguage\":\"fr-FR\",\"@id\":\"https:\\\/\\\/www.webdo.tn\\\/fr\\\/wp-content\\\/uploads\\\/2026\\\/04\\\/wided-belhaj_avatar-96x96.jpg\",\"url\":\"https:\\\/\\\/www.webdo.tn\\\/fr\\\/wp-content\\\/uploads\\\/2026\\\/04\\\/wided-belhaj_avatar-96x96.jpg\",\"contentUrl\":\"https:\\\/\\\/www.webdo.tn\\\/fr\\\/wp-content\\\/uploads\\\/2026\\\/04\\\/wided-belhaj_avatar-96x96.jpg\",\"caption\":\"Wided Belhaj\"},\"description\":\"Wided Belhaj est le pseudonyme \u00e9ditorial utilis\u00e9 par Khalil Jelassi, journaliste, ma\u00eetre-assistant \u00e0 l\u2019Institut de presse et des sciences de l\u2019information (IPSI) et chercheur en sciences de l\u2019information et de la communication. Cette signature est d\u00e9di\u00e9e \u00e0 l\u2019analyse des m\u00e9dias, des pratiques journalistiques et des mutations de l\u2019information \u00e0 l\u2019\u00e8re digitale. \u00c0 travers ses contributions, Wided Belhaj propose une lecture analytique de l\u2019actualit\u00e9, en croisant regard critique et expertise acad\u00e9mique.\",\"knowsAbout\":[\"m\u00e9dias\",\"journalisme\",\"communication\",\"information\",\"transformation num\u00e9rique\",\"analyse des m\u00e9dias\"],\"knowsLanguage\":[\"Fran\u00e7ais\",\"Arabe\"],\"jobTitle\":\"Webdo.tn\",\"worksFor\":\"Journaliste \u2013 Analyse des m\u00e9dias\",\"url\":\"https:\\\/\\\/www.webdo.tn\\\/fr\\\/actualite\\\/author\\\/wided-belhaj\\\/\"}]}<\/script>\n<!-- \/ Yoast SEO Premium plugin. -->","yoast_head_json":{"title":"Football : Maher Kanzari dans la tourmente apr\u00e8s un blasph\u00e8me en direct - webdo","description":"Maher Kanzari convoqu\u00e9 par la Commission de discipline apr\u00e8s des propos controvers\u00e9s. D\u00e9couvrez les d\u00e9tails de l'incident.","canonical":"https:\/\/www.webdo.tn\/fr\/actualite\/sport\/football-maher-kanzari-dans-la-tourmente-apres-un-blaspheme-en-direct\/383590\/","og_locale":"fr_FR","og_type":"article","og_title":"Football : Maher Kanzari dans la tourmente apr\u00e8s un blasph\u00e8me en direct","og_description":"Maher Kanzari convoqu\u00e9 par la Commission de discipline apr\u00e8s des propos controvers\u00e9s. D\u00e9couvrez les d\u00e9tails de l'incident.","og_url":"https:\/\/www.webdo.tn\/fr\/actualite\/sport\/football-maher-kanzari-dans-la-tourmente-apres-un-blaspheme-en-direct\/383590\/","og_site_name":"webdo","article_publisher":"https:\/\/www.facebook.com\/webdotn","article_published_time":"2025-09-16T06:22:12+00:00","article_modified_time":"2025-09-16T09:13:52+00:00","og_image":[{"width":850,"height":491,"url":"https:\/\/www.webdo.tn\/fr\/wp-content\/uploads\/2025\/09\/MAHER-KANZARI-CAB.jpg","type":"image\/jpeg"}],"author":"Wided Belhaj","twitter_card":"summary_large_image","twitter_creator":"@webdo_tn","twitter_site":"@webdo_tn","twitter_misc":{"\u00c9crit par":"Wided Belhaj","Dur\u00e9e de lecture estim\u00e9e":"2 minutes"},"schema":{"@context":"https:\/\/schema.org","@graph":[{"@type":"NewsArticle","@id":"https:\/\/www.webdo.tn\/fr\/actualite\/sport\/football-maher-kanzari-dans-la-tourmente-apres-un-blaspheme-en-direct\/383590\/#article","isPartOf":{"@id":"https:\/\/www.webdo.tn\/fr\/actualite\/sport\/football-maher-kanzari-dans-la-tourmente-apres-un-blaspheme-en-direct\/383590\/"},"author":{"name":"Wided Belhaj","@id":"https:\/\/www.webdo.tn\/fr\/#\/schema\/person\/b9ecde7a5574cb4fcf4b496ea5fadb15"},"headline":"Football : Maher Kanzari dans la tourmente apr\u00e8s un blasph\u00e8me en direct","datePublished":"2025-09-16T06:22:12+00:00","dateModified":"2025-09-16T09:13:52+00:00","mainEntityOfPage":{"@id":"https:\/\/www.webdo.tn\/fr\/actualite\/sport\/football-maher-kanzari-dans-la-tourmente-apres-un-blaspheme-en-direct\/383590\/"},"wordCount":322,"publisher":{"@id":"https:\/\/www.webdo.tn\/fr\/#organization"},"image":{"@id":"https:\/\/www.webdo.tn\/fr\/actualite\/sport\/football-maher-kanzari-dans-la-tourmente-apres-un-blaspheme-en-direct\/383590\/#primaryimage"},"thumbnailUrl":"https:\/\/www.webdo.tn\/fr\/wp-content\/uploads\/2025\/09\/MAHER-KANZARI-CAB.jpg","keywords":["football","Maher Kanzari","Tunisie"],"articleSection":["Sport"],"inLanguage":"fr-FR"},{"@type":"WebPage","@id":"https:\/\/www.webdo.tn\/fr\/actualite\/sport\/football-maher-kanzari-dans-la-tourmente-apres-un-blaspheme-en-direct\/383590\/","url":"https:\/\/www.webdo.tn\/fr\/actualite\/sport\/football-maher-kanzari-dans-la-tourmente-apres-un-blaspheme-en-direct\/383590\/","name":"Football : Maher Kanzari dans la tourmente apr\u00e8s un blasph\u00e8me en direct - webdo","isPartOf":{"@id":"https:\/\/www.webdo.tn\/fr\/#website"},"primaryImageOfPage":{"@id":"https:\/\/www.webdo.tn\/fr\/actualite\/sport\/football-maher-kanzari-dans-la-tourmente-apres-un-blaspheme-en-direct\/383590\/#primaryimage"},"image":{"@id":"https:\/\/www.webdo.tn\/fr\/actualite\/sport\/football-maher-kanzari-dans-la-tourmente-apres-un-blaspheme-en-direct\/383590\/#primaryimage"},"thumbnailUrl":"https:\/\/www.webdo.tn\/fr\/wp-content\/uploads\/2025\/09\/MAHER-KANZARI-CAB.jpg","datePublished":"2025-09-16T06:22:12+00:00","dateModified":"2025-09-16T09:13:52+00:00","description":"Maher Kanzari convoqu\u00e9 par la Commission de discipline apr\u00e8s des propos controvers\u00e9s. D\u00e9couvrez les d\u00e9tails de l'incident.","breadcrumb":{"@id":"https:\/\/www.webdo.tn\/fr\/actualite\/sport\/football-maher-kanzari-dans-la-tourmente-apres-un-blaspheme-en-direct\/383590\/#breadcrumb"},"inLanguage":"fr-FR","potentialAction":[{"@type":"ReadAction","target":["https:\/\/www.webdo.tn\/fr\/actualite\/sport\/football-maher-kanzari-dans-la-tourmente-apres-un-blaspheme-en-direct\/383590\/"]}]},{"@type":"ImageObject","inLanguage":"fr-FR","@id":"https:\/\/www.webdo.tn\/fr\/actualite\/sport\/football-maher-kanzari-dans-la-tourmente-apres-un-blaspheme-en-direct\/383590\/#primaryimage","url":"https:\/\/www.webdo.tn\/fr\/wp-content\/uploads\/2025\/09\/MAHER-KANZARI-CAB.jpg","contentUrl":"https:\/\/www.webdo.tn\/fr\/wp-content\/uploads\/2025\/09\/MAHER-KANZARI-CAB.jpg","width":850,"height":491},{"@type":"BreadcrumbList","@id":"https:\/\/www.webdo.tn\/fr\/actualite\/sport\/football-maher-kanzari-dans-la-tourmente-apres-un-blaspheme-en-direct\/383590\/#breadcrumb","itemListElement":[{"@type":"ListItem","position":1,"name":"Accueil","item":"https:\/\/www.webdo.tn\/fr\/"},{"@type":"ListItem","position":2,"name":"Football : Maher Kanzari dans la tourmente apr\u00e8s un blasph\u00e8me en direct"}]},{"@type":"WebSite","@id":"https:\/\/www.webdo.tn\/fr\/#website","url":"https:\/\/www.webdo.tn\/fr\/","name":"webdo","description":"Tunisie - News en Tunisie et \u00e0 l&#039;international sur Webdo.tn","publisher":{"@id":"https:\/\/www.webdo.tn\/fr\/#organization"},"potentialAction":[{"@type":"SearchAction","target":{"@type":"EntryPoint","urlTemplate":"https:\/\/www.webdo.tn\/fr\/?s={search_term_string}"},"query-input":{"@type":"PropertyValueSpecification","valueRequired":true,"valueName":"search_term_string"}}],"inLanguage":"fr-FR"},{"@type":"Organization","@id":"https:\/\/www.webdo.tn\/fr\/#organization","name":"Webdo","alternateName":"Webdo.tn","url":"https:\/\/www.webdo.tn\/fr\/","logo":{"@type":"ImageObject","inLanguage":"fr-FR","@id":"https:\/\/www.webdo.tn\/fr\/#\/schema\/logo\/image\/","url":"https:\/\/www.webdo.tn\/fr\/wp-content\/uploads\/2025\/06\/Webdo-Tunisie_168377.jpg","contentUrl":"https:\/\/www.webdo.tn\/fr\/wp-content\/uploads\/2025\/06\/Webdo-Tunisie_168377.jpg","width":301,"height":301,"caption":"Webdo"},"image":{"@id":"https:\/\/www.webdo.tn\/fr\/#\/schema\/logo\/image\/"},"sameAs":["https:\/\/www.facebook.com\/webdotn","https:\/\/x.com\/webdo_tn"],"description":"Webdo est un m\u00e9dia num\u00e9rique tunisien fond\u00e9 en 2010, sp\u00e9cialis\u00e9 dans l\u2019actualit\u00e9 nationale et internationale, l\u2019\u00e9conomie, la soci\u00e9t\u00e9 et les analyses politiques. Le site s\u2019adresse \u00e0 un large public francophone et couvre l\u2019information tunisienne en temps r\u00e9el.","email":"redac@webdo.tn","legalName":"YNJ SARL","foundingDate":"2010-09-06","numberOfEmployees":{"@type":"QuantitativeValue","minValue":"11","maxValue":"50"}},{"@type":"Person","@id":"https:\/\/www.webdo.tn\/fr\/#\/schema\/person\/b9ecde7a5574cb4fcf4b496ea5fadb15","name":"Wided Belhaj","image":{"@type":"ImageObject","inLanguage":"fr-FR","@id":"https:\/\/www.webdo.tn\/fr\/wp-content\/uploads\/2026\/04\/wided-belhaj_avatar-96x96.jpg","url":"https:\/\/www.webdo.tn\/fr\/wp-content\/uploads\/2026\/04\/wided-belhaj_avatar-96x96.jpg","contentUrl":"https:\/\/www.webdo.tn\/fr\/wp-content\/uploads\/2026\/04\/wided-belhaj_avatar-96x96.jpg","caption":"Wided Belhaj"},"description":"Wided Belhaj est le pseudonyme \u00e9ditorial utilis\u00e9 par Khalil Jelassi, journaliste, ma\u00eetre-assistant \u00e0 l\u2019Institut de presse et des sciences de l\u2019information (IPSI) et chercheur en sciences de l\u2019information et de la communication. Cette signature est d\u00e9di\u00e9e \u00e0 l\u2019analyse des m\u00e9dias, des pratiques journalistiques et des mutations de l\u2019information \u00e0 l\u2019\u00e8re digitale. \u00c0 travers ses contributions, Wided Belhaj propose une lecture analytique de l\u2019actualit\u00e9, en croisant regard critique et expertise acad\u00e9mique.","knowsAbout":["m\u00e9dias","journalisme","communication","information","transformation num\u00e9rique","analyse des m\u00e9dias"],"knowsLanguage":["Fran\u00e7ais","Arabe"],"jobTitle":"Webdo.tn","worksFor":"Journaliste \u2013 Analyse des m\u00e9dias","url":"https:\/\/www.webdo.tn\/fr\/actualite\/author\/wided-belhaj\/"}]}},"_links":{"self":[{"href":"https:\/\/www.webdo.tn\/fr\/wp-json\/wp\/v2\/posts\/383590","targetHints":{"allow":["GET"]}}],"collection":[{"href":"https:\/\/www.webdo.tn\/fr\/wp-json\/wp\/v2\/posts"}],"about":[{"href":"https:\/\/www.webdo.tn\/fr\/wp-json\/wp\/v2\/types\/post"}],"author":[{"embeddable":true,"href":"https:\/\/www.webdo.tn\/fr\/wp-json\/wp\/v2\/users\/3184"}],"replies":[{"embeddable":true,"href":"https:\/\/www.webdo.tn\/fr\/wp-json\/wp\/v2\/comments?post=383590"}],"version-history":[{"count":0,"href":"https:\/\/www.webdo.tn\/fr\/wp-json\/wp\/v2\/posts\/383590\/revisions"}],"wp:featuredmedia":[{"embeddable":true,"href":"https:\/\/www.webdo.tn\/fr\/wp-json\/wp\/v2\/media\/383591"}],"wp:attachment":[{"href":"https:\/\/www.webdo.tn\/fr\/wp-json\/wp\/v2\/media?parent=383590"}],"wp:term":[{"taxonomy":"category","embeddable":true,"href":"https:\/\/www.webdo.tn\/fr\/wp-json\/wp\/v2\/categories?post=383590"},{"taxonomy":"post_tag","embeddable":true,"href":"https:\/\/www.webdo.tn\/fr\/wp-json\/wp\/v2\/tags?post=383590"}],"curies":[{"name":"wp","href":"https:\/\/api.w.org\/{rel}","templated":true}]}}