{"id":383582,"date":"2025-09-15T22:54:18","date_gmt":"2025-09-15T21:54:18","guid":{"rendered":"https:\/\/www.webdo.tn\/fr\/?p=383582"},"modified":"2025-09-15T22:54:27","modified_gmt":"2025-09-15T21:54:27","slug":"tunisie-avertissement-sanitaire-prudence-avec-les-aliments-en-conserve","status":"publish","type":"post","link":"https:\/\/www.webdo.tn\/fr\/actualite\/national\/tunisie-avertissement-sanitaire-prudence-avec-les-aliments-en-conserve\/383582\/","title":{"rendered":"Tunisie \u2013 avertissement sanitaire: Prudence avec les aliments en conserve"},"content":{"rendered":"\n<h6 class=\"wp-block-heading\" id=\"h-le-ministere-de-la-sante-met-en-garde-la-population-contre-les-risques-lies-a-la-consommation-d-aliments-en-conserve-selon-l-institution-certaines-conserves-peuvent-provoquer-des-intoxications-graves-notamment-le-botulisme-une-maladie-rare-mais-potentiellement-mortelle-pouvant-entrainer-paralysie-et-deces\">Le minist\u00e8re de la Sant\u00e9 met en garde la population contre les risques li\u00e9s \u00e0 la consommation d\u2019aliments en conserve. Selon l\u2019institution, certaines conserves peuvent provoquer des intoxications graves, notamment le botulisme, une maladie rare mais potentiellement mortelle pouvant entra\u00eener paralysie et d\u00e9c\u00e8s.<\/h6>\n\n\n\n<p>Dans ce cadre, le minist\u00e8re recommande \u00e0 tous les citoyens de respecter plusieurs consignes de s\u00e9curit\u00e9 :<\/p>\n\n\n\n<ul class=\"wp-block-list\">\n<li><strong>\u00c9viter les produits douteux<\/strong> : ne pas acheter ni consommer de conserves gonfl\u00e9es, avari\u00e9es ou dont la provenance est inconnue.<\/li>\n\n\n\n<li><strong>Privil\u00e9gier les circuits officiels<\/strong> : ne pas se procurer d\u2019aliments expos\u00e9s de mani\u00e8re al\u00e9atoire et susceptibles de contamination. Pr\u00e9f\u00e9rer les magasins, points de vente autoris\u00e9s et soumis \u00e0 contr\u00f4le sanitaire.<\/li>\n\n\n\n<li><strong>V\u00e9rifier les \u00e9tiquettes<\/strong> : s\u2019assurer de l\u2019origine du produit, de la date de p\u00e9remption et des conditions de conservation.<\/li>\n\n\n\n<li><strong>Stockage s\u00e9curis\u00e9 apr\u00e8s ouverture<\/strong> : conserver les denr\u00e9es dans des r\u00e9cipients adapt\u00e9s au contact alimentaire, au r\u00e9frig\u00e9rateur, et les consommer rapidement.<\/li>\n<\/ul>\n\n\n\n<p>Le minist\u00e8re souligne l\u2019importance de consulter imm\u00e9diatement un h\u00f4pital en cas de sympt\u00f4mes inqui\u00e9tants apr\u00e8s ingestion, tels que <strong>fatigue extr\u00eame, vision double, difficult\u00e9s \u00e0 avaler ou \u00e0 respirer<\/strong>.<\/p>\n\n\n\n<p>\u00ab Votre s\u00e9curit\u00e9 est notre responsabilit\u00e9 \u00e0 tous, et la pr\u00e9vention vaut mieux que la gu\u00e9rison \u00bb, insiste le minist\u00e8re.<\/p>\n\n\n\n<iframe src=\"https:\/\/www.facebook.com\/plugins\/post.php?href=https%3A%2F%2Fwww.facebook.com%2Fsantetunisie.rns.tn%2Fposts%2Fpfbid0JZMtSHkDDJsM7LacEQ6pmYSdLVfJqMqGDULX991F3iRngJdbjmhm9bB7Lhv4wYBYl&#038;show_text=true&#038;width=500\" width=\"500\" height=\"589\" style=\"border:none;overflow:hidden\" scrolling=\"no\" frameborder=\"0\" allowfullscreen=\"true\" allow=\"autoplay; clipboard-write; encrypted-media; picture-in-picture; web-share\"><\/iframe>\n","protected":false},"excerpt":{"rendered":"<p>Le minist\u00e8re de la Sant\u00e9 met en garde la population contre les risques li\u00e9s \u00e0 la consommation d\u2019aliments en conserve. Selon l\u2019institution, certaines conserves peuvent provoquer des intoxications graves, notamment le botulisme, une maladie rare mais potentiellement mortelle pouvant entra\u00eener paralysie et d\u00e9c\u00e8s. Dans ce cadre, le minist\u00e8re recommande \u00e0 tous les citoyens de respecter [&hellip;]<\/p>\n","protected":false},"author":3203,"featured_media":383586,"comment_status":"closed","ping_status":"closed","sticky":false,"template":"","format":"standard","meta":{"footnotes":""},"categories":[44],"tags":[3768,2731,2608],"class_list":["post-383582","post","type-post","status-publish","format-standard","has-post-thumbnail","hentry","category-national","tag-alimentation","tag-sante","tag-tunisie"],"yoast_head":"<!-- This site is optimized with the Yoast SEO Premium plugin v27.5 (Yoast SEO v27.5) - https:\/\/yoast.com\/product\/yoast-seo-premium-wordpress\/ -->\n<title>Tunisie \u2013 avertissement sanitaire: Prudence avec les aliments en conserve - webdo<\/title>\n<meta name=\"description\" content=\"Tunisie \u2013 avertissement sanitaire : Prudence avec les aliments en conserve. \u00c9vitez les produits douteux et priorisez la s\u00e9curit\u00e9.\" \/>\n<link rel=\"canonical\" href=\"https:\/\/www.webdo.tn\/fr\/actualite\/national\/tunisie-avertissement-sanitaire-prudence-avec-les-aliments-en-conserve\/383582\/\" \/>\n<meta property=\"og:locale\" content=\"fr_FR\" \/>\n<meta property=\"og:type\" content=\"article\" \/>\n<meta property=\"og:title\" content=\"Tunisie \u2013 avertissement sanitaire: Prudence avec les aliments en conserve\" \/>\n<meta property=\"og:description\" content=\"Tunisie \u2013 avertissement sanitaire : Prudence avec les aliments en conserve. \u00c9vitez les produits douteux et priorisez la s\u00e9curit\u00e9.\" \/>\n<meta property=\"og:url\" content=\"https:\/\/www.webdo.tn\/fr\/actualite\/national\/tunisie-avertissement-sanitaire-prudence-avec-les-aliments-en-conserve\/383582\/\" \/>\n<meta property=\"og:site_name\" content=\"webdo\" \/>\n<meta property=\"article:publisher\" content=\"https:\/\/www.facebook.com\/webdotn\" \/>\n<meta property=\"article:published_time\" content=\"2025-09-15T21:54:18+00:00\" \/>\n<meta property=\"article:modified_time\" content=\"2025-09-15T21:54:27+00:00\" \/>\n<meta property=\"og:image\" content=\"https:\/\/www.webdo.tn\/fr\/wp-content\/uploads\/2025\/09\/boite-de-conserve-1.jpg\" \/>\n\t<meta property=\"og:image:width\" content=\"1157\" \/>\n\t<meta property=\"og:image:height\" content=\"538\" \/>\n\t<meta property=\"og:image:type\" content=\"image\/jpeg\" \/>\n<meta name=\"author\" content=\"Ramzi Haddad\" \/>\n<meta name=\"twitter:card\" content=\"summary_large_image\" \/>\n<meta name=\"twitter:creator\" content=\"@webdo_tn\" \/>\n<meta name=\"twitter:site\" content=\"@webdo_tn\" \/>\n<meta name=\"twitter:label1\" content=\"\u00c9crit par\" \/>\n\t<meta name=\"twitter:data1\" content=\"Ramzi Haddad\" \/>\n\t<meta name=\"twitter:label2\" content=\"Dur\u00e9e de lecture estim\u00e9e\" \/>\n\t<meta name=\"twitter:data2\" content=\"2 minutes\" \/>\n<script type=\"application\/ld+json\" class=\"yoast-schema-graph\">{\"@context\":\"https:\\\/\\\/schema.org\",\"@graph\":[{\"@type\":\"NewsArticle\",\"@id\":\"https:\\\/\\\/www.webdo.tn\\\/fr\\\/actualite\\\/national\\\/tunisie-avertissement-sanitaire-prudence-avec-les-aliments-en-conserve\\\/383582\\\/#article\",\"isPartOf\":{\"@id\":\"https:\\\/\\\/www.webdo.tn\\\/fr\\\/actualite\\\/national\\\/tunisie-avertissement-sanitaire-prudence-avec-les-aliments-en-conserve\\\/383582\\\/\"},\"author\":{\"name\":\"Ramzi Haddad\",\"@id\":\"https:\\\/\\\/www.webdo.tn\\\/fr\\\/#\\\/schema\\\/person\\\/5663044c25eb36d8f88ba5b653f12f8c\"},\"headline\":\"Tunisie \u2013 avertissement sanitaire: Prudence avec les aliments en conserve\",\"datePublished\":\"2025-09-15T21:54:18+00:00\",\"dateModified\":\"2025-09-15T21:54:27+00:00\",\"mainEntityOfPage\":{\"@id\":\"https:\\\/\\\/www.webdo.tn\\\/fr\\\/actualite\\\/national\\\/tunisie-avertissement-sanitaire-prudence-avec-les-aliments-en-conserve\\\/383582\\\/\"},\"wordCount\":238,\"publisher\":{\"@id\":\"https:\\\/\\\/www.webdo.tn\\\/fr\\\/#organization\"},\"image\":{\"@id\":\"https:\\\/\\\/www.webdo.tn\\\/fr\\\/actualite\\\/national\\\/tunisie-avertissement-sanitaire-prudence-avec-les-aliments-en-conserve\\\/383582\\\/#primaryimage\"},\"thumbnailUrl\":\"https:\\\/\\\/www.webdo.tn\\\/fr\\\/wp-content\\\/uploads\\\/2025\\\/09\\\/boite-de-conserve-1.jpg\",\"keywords\":[\"alimentation\",\"Sant\u00e9\",\"Tunisie\"],\"articleSection\":[\"National\"],\"inLanguage\":\"fr-FR\"},{\"@type\":\"WebPage\",\"@id\":\"https:\\\/\\\/www.webdo.tn\\\/fr\\\/actualite\\\/national\\\/tunisie-avertissement-sanitaire-prudence-avec-les-aliments-en-conserve\\\/383582\\\/\",\"url\":\"https:\\\/\\\/www.webdo.tn\\\/fr\\\/actualite\\\/national\\\/tunisie-avertissement-sanitaire-prudence-avec-les-aliments-en-conserve\\\/383582\\\/\",\"name\":\"Tunisie \u2013 avertissement sanitaire: Prudence avec les aliments en conserve - webdo\",\"isPartOf\":{\"@id\":\"https:\\\/\\\/www.webdo.tn\\\/fr\\\/#website\"},\"primaryImageOfPage\":{\"@id\":\"https:\\\/\\\/www.webdo.tn\\\/fr\\\/actualite\\\/national\\\/tunisie-avertissement-sanitaire-prudence-avec-les-aliments-en-conserve\\\/383582\\\/#primaryimage\"},\"image\":{\"@id\":\"https:\\\/\\\/www.webdo.tn\\\/fr\\\/actualite\\\/national\\\/tunisie-avertissement-sanitaire-prudence-avec-les-aliments-en-conserve\\\/383582\\\/#primaryimage\"},\"thumbnailUrl\":\"https:\\\/\\\/www.webdo.tn\\\/fr\\\/wp-content\\\/uploads\\\/2025\\\/09\\\/boite-de-conserve-1.jpg\",\"datePublished\":\"2025-09-15T21:54:18+00:00\",\"dateModified\":\"2025-09-15T21:54:27+00:00\",\"description\":\"Tunisie \u2013 avertissement sanitaire : Prudence avec les aliments en conserve. \u00c9vitez les produits douteux et priorisez la s\u00e9curit\u00e9.\",\"breadcrumb\":{\"@id\":\"https:\\\/\\\/www.webdo.tn\\\/fr\\\/actualite\\\/national\\\/tunisie-avertissement-sanitaire-prudence-avec-les-aliments-en-conserve\\\/383582\\\/#breadcrumb\"},\"inLanguage\":\"fr-FR\",\"potentialAction\":[{\"@type\":\"ReadAction\",\"target\":[\"https:\\\/\\\/www.webdo.tn\\\/fr\\\/actualite\\\/national\\\/tunisie-avertissement-sanitaire-prudence-avec-les-aliments-en-conserve\\\/383582\\\/\"]}]},{\"@type\":\"ImageObject\",\"inLanguage\":\"fr-FR\",\"@id\":\"https:\\\/\\\/www.webdo.tn\\\/fr\\\/actualite\\\/national\\\/tunisie-avertissement-sanitaire-prudence-avec-les-aliments-en-conserve\\\/383582\\\/#primaryimage\",\"url\":\"https:\\\/\\\/www.webdo.tn\\\/fr\\\/wp-content\\\/uploads\\\/2025\\\/09\\\/boite-de-conserve-1.jpg\",\"contentUrl\":\"https:\\\/\\\/www.webdo.tn\\\/fr\\\/wp-content\\\/uploads\\\/2025\\\/09\\\/boite-de-conserve-1.jpg\",\"width\":1157,\"height\":538,\"caption\":\"boite de conserve\"},{\"@type\":\"BreadcrumbList\",\"@id\":\"https:\\\/\\\/www.webdo.tn\\\/fr\\\/actualite\\\/national\\\/tunisie-avertissement-sanitaire-prudence-avec-les-aliments-en-conserve\\\/383582\\\/#breadcrumb\",\"itemListElement\":[{\"@type\":\"ListItem\",\"position\":1,\"name\":\"Accueil\",\"item\":\"https:\\\/\\\/www.webdo.tn\\\/fr\\\/\"},{\"@type\":\"ListItem\",\"position\":2,\"name\":\"Tunisie \u2013 avertissement sanitaire: Prudence avec les aliments en conserve\"}]},{\"@type\":\"WebSite\",\"@id\":\"https:\\\/\\\/www.webdo.tn\\\/fr\\\/#website\",\"url\":\"https:\\\/\\\/www.webdo.tn\\\/fr\\\/\",\"name\":\"webdo\",\"description\":\"Tunisie - News en Tunisie et \u00e0 l&#039;international sur Webdo.tn\",\"publisher\":{\"@id\":\"https:\\\/\\\/www.webdo.tn\\\/fr\\\/#organization\"},\"potentialAction\":[{\"@type\":\"SearchAction\",\"target\":{\"@type\":\"EntryPoint\",\"urlTemplate\":\"https:\\\/\\\/www.webdo.tn\\\/fr\\\/?s={search_term_string}\"},\"query-input\":{\"@type\":\"PropertyValueSpecification\",\"valueRequired\":true,\"valueName\":\"search_term_string\"}}],\"inLanguage\":\"fr-FR\"},{\"@type\":\"Organization\",\"@id\":\"https:\\\/\\\/www.webdo.tn\\\/fr\\\/#organization\",\"name\":\"Webdo\",\"alternateName\":\"Webdo.tn\",\"url\":\"https:\\\/\\\/www.webdo.tn\\\/fr\\\/\",\"logo\":{\"@type\":\"ImageObject\",\"inLanguage\":\"fr-FR\",\"@id\":\"https:\\\/\\\/www.webdo.tn\\\/fr\\\/#\\\/schema\\\/logo\\\/image\\\/\",\"url\":\"https:\\\/\\\/www.webdo.tn\\\/fr\\\/wp-content\\\/uploads\\\/2025\\\/06\\\/Webdo-Tunisie_168377.jpg\",\"contentUrl\":\"https:\\\/\\\/www.webdo.tn\\\/fr\\\/wp-content\\\/uploads\\\/2025\\\/06\\\/Webdo-Tunisie_168377.jpg\",\"width\":301,\"height\":301,\"caption\":\"Webdo\"},\"image\":{\"@id\":\"https:\\\/\\\/www.webdo.tn\\\/fr\\\/#\\\/schema\\\/logo\\\/image\\\/\"},\"sameAs\":[\"https:\\\/\\\/www.facebook.com\\\/webdotn\",\"https:\\\/\\\/x.com\\\/webdo_tn\"],\"description\":\"Webdo est un m\u00e9dia num\u00e9rique tunisien fond\u00e9 en 2010, sp\u00e9cialis\u00e9 dans l\u2019actualit\u00e9 nationale et internationale, l\u2019\u00e9conomie, la soci\u00e9t\u00e9 et les analyses politiques. Le site s\u2019adresse \u00e0 un large public francophone et couvre l\u2019information tunisienne en temps r\u00e9el.\",\"email\":\"redac@webdo.tn\",\"legalName\":\"YNJ SARL\",\"foundingDate\":\"2010-09-06\",\"numberOfEmployees\":{\"@type\":\"QuantitativeValue\",\"minValue\":\"11\",\"maxValue\":\"50\"}},{\"@type\":\"Person\",\"@id\":\"https:\\\/\\\/www.webdo.tn\\\/fr\\\/#\\\/schema\\\/person\\\/5663044c25eb36d8f88ba5b653f12f8c\",\"name\":\"Ramzi Haddad\",\"image\":{\"@type\":\"ImageObject\",\"inLanguage\":\"fr-FR\",\"@id\":\"https:\\\/\\\/www.webdo.tn\\\/fr\\\/wp-content\\\/uploads\\\/2026\\\/04\\\/ramzi-haddad_avatar-96x96.jpg\",\"url\":\"https:\\\/\\\/www.webdo.tn\\\/fr\\\/wp-content\\\/uploads\\\/2026\\\/04\\\/ramzi-haddad_avatar-96x96.jpg\",\"contentUrl\":\"https:\\\/\\\/www.webdo.tn\\\/fr\\\/wp-content\\\/uploads\\\/2026\\\/04\\\/ramzi-haddad_avatar-96x96.jpg\",\"caption\":\"Ramzi Haddad\"},\"description\":\"Signature \u00e9ditoriale de Walid Ben Youssef Ramzi Haddad est le pseudonyme \u00e9ditorial de Walid Ben Youssef, fondateur et g\u00e9rant de Webdo.tn. Cette signature est d\u00e9di\u00e9e \u00e0 la couverture de l'actualit\u00e9 nationale et internationale, ainsi qu'aux analyses des dynamiques num\u00e9riques. Ce profil b\u00e9n\u00e9ficie de l'expertise de Walid Ben Youssef, pionnier du web en Tunisie depuis 2000 et dipl\u00f4m\u00e9 en Math\u00e9matiques pures de l'Universit\u00e9 d'Oregon. \u00c0 travers cette signature, la r\u00e9daction de Webdo garantit une information structur\u00e9e et v\u00e9rifi\u00e9e, fid\u00e8le aux standards journalistiques du m\u00e9dia.\",\"url\":\"https:\\\/\\\/www.webdo.tn\\\/fr\\\/actualite\\\/author\\\/ramzi-haddad\\\/\"}]}<\/script>\n<!-- \/ Yoast SEO Premium plugin. -->","yoast_head_json":{"title":"Tunisie \u2013 avertissement sanitaire: Prudence avec les aliments en conserve - webdo","description":"Tunisie \u2013 avertissement sanitaire : Prudence avec les aliments en conserve. \u00c9vitez les produits douteux et priorisez la s\u00e9curit\u00e9.","canonical":"https:\/\/www.webdo.tn\/fr\/actualite\/national\/tunisie-avertissement-sanitaire-prudence-avec-les-aliments-en-conserve\/383582\/","og_locale":"fr_FR","og_type":"article","og_title":"Tunisie \u2013 avertissement sanitaire: Prudence avec les aliments en conserve","og_description":"Tunisie \u2013 avertissement sanitaire : Prudence avec les aliments en conserve. \u00c9vitez les produits douteux et priorisez la s\u00e9curit\u00e9.","og_url":"https:\/\/www.webdo.tn\/fr\/actualite\/national\/tunisie-avertissement-sanitaire-prudence-avec-les-aliments-en-conserve\/383582\/","og_site_name":"webdo","article_publisher":"https:\/\/www.facebook.com\/webdotn","article_published_time":"2025-09-15T21:54:18+00:00","article_modified_time":"2025-09-15T21:54:27+00:00","og_image":[{"width":1157,"height":538,"url":"https:\/\/www.webdo.tn\/fr\/wp-content\/uploads\/2025\/09\/boite-de-conserve-1.jpg","type":"image\/jpeg"}],"author":"Ramzi Haddad","twitter_card":"summary_large_image","twitter_creator":"@webdo_tn","twitter_site":"@webdo_tn","twitter_misc":{"\u00c9crit par":"Ramzi Haddad","Dur\u00e9e de lecture estim\u00e9e":"2 minutes"},"schema":{"@context":"https:\/\/schema.org","@graph":[{"@type":"NewsArticle","@id":"https:\/\/www.webdo.tn\/fr\/actualite\/national\/tunisie-avertissement-sanitaire-prudence-avec-les-aliments-en-conserve\/383582\/#article","isPartOf":{"@id":"https:\/\/www.webdo.tn\/fr\/actualite\/national\/tunisie-avertissement-sanitaire-prudence-avec-les-aliments-en-conserve\/383582\/"},"author":{"name":"Ramzi Haddad","@id":"https:\/\/www.webdo.tn\/fr\/#\/schema\/person\/5663044c25eb36d8f88ba5b653f12f8c"},"headline":"Tunisie \u2013 avertissement sanitaire: Prudence avec les aliments en conserve","datePublished":"2025-09-15T21:54:18+00:00","dateModified":"2025-09-15T21:54:27+00:00","mainEntityOfPage":{"@id":"https:\/\/www.webdo.tn\/fr\/actualite\/national\/tunisie-avertissement-sanitaire-prudence-avec-les-aliments-en-conserve\/383582\/"},"wordCount":238,"publisher":{"@id":"https:\/\/www.webdo.tn\/fr\/#organization"},"image":{"@id":"https:\/\/www.webdo.tn\/fr\/actualite\/national\/tunisie-avertissement-sanitaire-prudence-avec-les-aliments-en-conserve\/383582\/#primaryimage"},"thumbnailUrl":"https:\/\/www.webdo.tn\/fr\/wp-content\/uploads\/2025\/09\/boite-de-conserve-1.jpg","keywords":["alimentation","Sant\u00e9","Tunisie"],"articleSection":["National"],"inLanguage":"fr-FR"},{"@type":"WebPage","@id":"https:\/\/www.webdo.tn\/fr\/actualite\/national\/tunisie-avertissement-sanitaire-prudence-avec-les-aliments-en-conserve\/383582\/","url":"https:\/\/www.webdo.tn\/fr\/actualite\/national\/tunisie-avertissement-sanitaire-prudence-avec-les-aliments-en-conserve\/383582\/","name":"Tunisie \u2013 avertissement sanitaire: Prudence avec les aliments en conserve - webdo","isPartOf":{"@id":"https:\/\/www.webdo.tn\/fr\/#website"},"primaryImageOfPage":{"@id":"https:\/\/www.webdo.tn\/fr\/actualite\/national\/tunisie-avertissement-sanitaire-prudence-avec-les-aliments-en-conserve\/383582\/#primaryimage"},"image":{"@id":"https:\/\/www.webdo.tn\/fr\/actualite\/national\/tunisie-avertissement-sanitaire-prudence-avec-les-aliments-en-conserve\/383582\/#primaryimage"},"thumbnailUrl":"https:\/\/www.webdo.tn\/fr\/wp-content\/uploads\/2025\/09\/boite-de-conserve-1.jpg","datePublished":"2025-09-15T21:54:18+00:00","dateModified":"2025-09-15T21:54:27+00:00","description":"Tunisie \u2013 avertissement sanitaire : Prudence avec les aliments en conserve. \u00c9vitez les produits douteux et priorisez la s\u00e9curit\u00e9.","breadcrumb":{"@id":"https:\/\/www.webdo.tn\/fr\/actualite\/national\/tunisie-avertissement-sanitaire-prudence-avec-les-aliments-en-conserve\/383582\/#breadcrumb"},"inLanguage":"fr-FR","potentialAction":[{"@type":"ReadAction","target":["https:\/\/www.webdo.tn\/fr\/actualite\/national\/tunisie-avertissement-sanitaire-prudence-avec-les-aliments-en-conserve\/383582\/"]}]},{"@type":"ImageObject","inLanguage":"fr-FR","@id":"https:\/\/www.webdo.tn\/fr\/actualite\/national\/tunisie-avertissement-sanitaire-prudence-avec-les-aliments-en-conserve\/383582\/#primaryimage","url":"https:\/\/www.webdo.tn\/fr\/wp-content\/uploads\/2025\/09\/boite-de-conserve-1.jpg","contentUrl":"https:\/\/www.webdo.tn\/fr\/wp-content\/uploads\/2025\/09\/boite-de-conserve-1.jpg","width":1157,"height":538,"caption":"boite de conserve"},{"@type":"BreadcrumbList","@id":"https:\/\/www.webdo.tn\/fr\/actualite\/national\/tunisie-avertissement-sanitaire-prudence-avec-les-aliments-en-conserve\/383582\/#breadcrumb","itemListElement":[{"@type":"ListItem","position":1,"name":"Accueil","item":"https:\/\/www.webdo.tn\/fr\/"},{"@type":"ListItem","position":2,"name":"Tunisie \u2013 avertissement sanitaire: Prudence avec les aliments en conserve"}]},{"@type":"WebSite","@id":"https:\/\/www.webdo.tn\/fr\/#website","url":"https:\/\/www.webdo.tn\/fr\/","name":"webdo","description":"Tunisie - News en Tunisie et \u00e0 l&#039;international sur Webdo.tn","publisher":{"@id":"https:\/\/www.webdo.tn\/fr\/#organization"},"potentialAction":[{"@type":"SearchAction","target":{"@type":"EntryPoint","urlTemplate":"https:\/\/www.webdo.tn\/fr\/?s={search_term_string}"},"query-input":{"@type":"PropertyValueSpecification","valueRequired":true,"valueName":"search_term_string"}}],"inLanguage":"fr-FR"},{"@type":"Organization","@id":"https:\/\/www.webdo.tn\/fr\/#organization","name":"Webdo","alternateName":"Webdo.tn","url":"https:\/\/www.webdo.tn\/fr\/","logo":{"@type":"ImageObject","inLanguage":"fr-FR","@id":"https:\/\/www.webdo.tn\/fr\/#\/schema\/logo\/image\/","url":"https:\/\/www.webdo.tn\/fr\/wp-content\/uploads\/2025\/06\/Webdo-Tunisie_168377.jpg","contentUrl":"https:\/\/www.webdo.tn\/fr\/wp-content\/uploads\/2025\/06\/Webdo-Tunisie_168377.jpg","width":301,"height":301,"caption":"Webdo"},"image":{"@id":"https:\/\/www.webdo.tn\/fr\/#\/schema\/logo\/image\/"},"sameAs":["https:\/\/www.facebook.com\/webdotn","https:\/\/x.com\/webdo_tn"],"description":"Webdo est un m\u00e9dia num\u00e9rique tunisien fond\u00e9 en 2010, sp\u00e9cialis\u00e9 dans l\u2019actualit\u00e9 nationale et internationale, l\u2019\u00e9conomie, la soci\u00e9t\u00e9 et les analyses politiques. Le site s\u2019adresse \u00e0 un large public francophone et couvre l\u2019information tunisienne en temps r\u00e9el.","email":"redac@webdo.tn","legalName":"YNJ SARL","foundingDate":"2010-09-06","numberOfEmployees":{"@type":"QuantitativeValue","minValue":"11","maxValue":"50"}},{"@type":"Person","@id":"https:\/\/www.webdo.tn\/fr\/#\/schema\/person\/5663044c25eb36d8f88ba5b653f12f8c","name":"Ramzi Haddad","image":{"@type":"ImageObject","inLanguage":"fr-FR","@id":"https:\/\/www.webdo.tn\/fr\/wp-content\/uploads\/2026\/04\/ramzi-haddad_avatar-96x96.jpg","url":"https:\/\/www.webdo.tn\/fr\/wp-content\/uploads\/2026\/04\/ramzi-haddad_avatar-96x96.jpg","contentUrl":"https:\/\/www.webdo.tn\/fr\/wp-content\/uploads\/2026\/04\/ramzi-haddad_avatar-96x96.jpg","caption":"Ramzi Haddad"},"description":"Signature \u00e9ditoriale de Walid Ben Youssef Ramzi Haddad est le pseudonyme \u00e9ditorial de Walid Ben Youssef, fondateur et g\u00e9rant de Webdo.tn. Cette signature est d\u00e9di\u00e9e \u00e0 la couverture de l'actualit\u00e9 nationale et internationale, ainsi qu'aux analyses des dynamiques num\u00e9riques. Ce profil b\u00e9n\u00e9ficie de l'expertise de Walid Ben Youssef, pionnier du web en Tunisie depuis 2000 et dipl\u00f4m\u00e9 en Math\u00e9matiques pures de l'Universit\u00e9 d'Oregon. \u00c0 travers cette signature, la r\u00e9daction de Webdo garantit une information structur\u00e9e et v\u00e9rifi\u00e9e, fid\u00e8le aux standards journalistiques du m\u00e9dia.","url":"https:\/\/www.webdo.tn\/fr\/actualite\/author\/ramzi-haddad\/"}]}},"_links":{"self":[{"href":"https:\/\/www.webdo.tn\/fr\/wp-json\/wp\/v2\/posts\/383582","targetHints":{"allow":["GET"]}}],"collection":[{"href":"https:\/\/www.webdo.tn\/fr\/wp-json\/wp\/v2\/posts"}],"about":[{"href":"https:\/\/www.webdo.tn\/fr\/wp-json\/wp\/v2\/types\/post"}],"author":[{"embeddable":true,"href":"https:\/\/www.webdo.tn\/fr\/wp-json\/wp\/v2\/users\/3203"}],"replies":[{"embeddable":true,"href":"https:\/\/www.webdo.tn\/fr\/wp-json\/wp\/v2\/comments?post=383582"}],"version-history":[{"count":0,"href":"https:\/\/www.webdo.tn\/fr\/wp-json\/wp\/v2\/posts\/383582\/revisions"}],"wp:featuredmedia":[{"embeddable":true,"href":"https:\/\/www.webdo.tn\/fr\/wp-json\/wp\/v2\/media\/383586"}],"wp:attachment":[{"href":"https:\/\/www.webdo.tn\/fr\/wp-json\/wp\/v2\/media?parent=383582"}],"wp:term":[{"taxonomy":"category","embeddable":true,"href":"https:\/\/www.webdo.tn\/fr\/wp-json\/wp\/v2\/categories?post=383582"},{"taxonomy":"post_tag","embeddable":true,"href":"https:\/\/www.webdo.tn\/fr\/wp-json\/wp\/v2\/tags?post=383582"}],"curies":[{"name":"wp","href":"https:\/\/api.w.org\/{rel}","templated":true}]}}