{"id":383514,"date":"2025-09-15T09:42:51","date_gmt":"2025-09-15T08:42:51","guid":{"rendered":"https:\/\/www.webdo.tn\/fr\/?p=383514"},"modified":"2025-09-16T08:29:18","modified_gmt":"2025-09-16T07:29:18","slug":"edito-comment-les-arabes-vont-ils-riposter-face-a-israel","status":"publish","type":"post","link":"https:\/\/www.webdo.tn\/fr\/actualite\/edito\/edito-comment-les-arabes-vont-ils-riposter-face-a-israel\/383514\/","title":{"rendered":"Edito : Comment les Arabes vont-ils riposter face \u00e0 Isra\u00ebl ?"},"content":{"rendered":"\n<p><em>Doha, 15 septembre 2025. Les tapis rouges sont d\u00e9roul\u00e9s, les drapeaux flottent au vent, pays arabes et musulmans se pressent pour un sommet extraordinaire. Objectif officiel : riposter \u00e0 l\u2019attaque isra\u00e9lienne contre le Qatar. Objectif officieux : se donner l\u2019air de faire quelque chose.<\/em><\/p>\n\n\n\n<p>Car soyons honn\u00eates, l\u2019attaque \u00e9tait claire : Isra\u00ebl frappe l\u00e0 o\u00f9 \u00e7a d\u00e9range, et le monde arabe\u2026 se r\u00e9unit pour en parler. Les discours s\u2019encha\u00eenent, la solidarit\u00e9 est affich\u00e9e, les phrases sont fortes, les regards d\u00e9termin\u00e9s\u2026 et c\u2019est \u00e0 peu pr\u00e8s tout. Quelques hashtags sur Twitter, des communiqu\u00e9s bien tourn\u00e9s, et une photo de groupe avec sourires forc\u00e9s, dignes d\u2019un calendrier de charit\u00e9.<\/p>\n\n\n\n<p>Entre les lignes, on sent que l\u2019ombre de l\u2019impuissance plane : certains pays n\u2019osent m\u00eame pas hausser le ton, d\u2019autres jonglent avec des mots comme \u201ccondamnation ferme\u201d ou \u201cpr\u00e9occupation s\u00e9rieuse\u201d. Pendant ce temps, la menace r\u00e9elle reste intacte et les armes de la diplomatie arabe semblent toujours calibr\u00e9es pour de la poudre aux yeux.<\/p>\n\n\n\n<p>Le Qatar, \u00e9videmment, rappelle que sa souverainet\u00e9 ne se n\u00e9gocie pas. Et les autres ? Eh bien, ils rappellent surtout qu\u2019ils sont tous solidaires\u2026 dans la bonne humeur, autour d\u2019un buffet de luxe, avant de rentrer chez eux avec la m\u00eame inqui\u00e9tude que leurs \u00e9lecteurs : \u201cEt maintenant, on fait quoi si \u00e7a recommence ?\u201d<\/p>\n\n\n\n<p>Cette situation illustre parfaitement ce paradoxe : des pays capables d\u2019organiser des sommets somptueux mais encore incapables de transformer la solidarit\u00e9 en action concr\u00e8te. Entre le poids des alliances, la d\u00e9pendance \u00e9conomique et les divisions historiques, le monde arabe semble parfois fig\u00e9 dans un r\u00f4le de spectateur poli face aux crises r\u00e9gionales.<\/p>\n\n\n\n<p>Bref, l\u2019unit\u00e9 arabe existe sur le papier\u2026 et sur Instagram. Dans la r\u00e9alit\u00e9, il faudra plus que des photos de groupe et des discours bien huil\u00e9s pour r\u00e9pondre \u00e0 Isra\u00ebl. Mais qui sait ? Peut-\u00eatre qu\u2019un jour, le lion arabe se r\u00e9veillera pour de vrai. Pour l\u2019instant, il b\u00e2ille juste derri\u00e8re ses tapis persans.<\/p>\n","protected":false},"excerpt":{"rendered":"<p>Doha, 15 septembre 2025. Les tapis rouges sont d\u00e9roul\u00e9s, les drapeaux flottent au vent, pays arabes et musulmans se pressent pour un sommet extraordinaire. Objectif officiel : riposter \u00e0 l\u2019attaque isra\u00e9lienne contre le Qatar. Objectif officieux : se donner l\u2019air de faire quelque chose. Car soyons honn\u00eates, l\u2019attaque \u00e9tait claire : Isra\u00ebl frappe l\u00e0 o\u00f9 [&hellip;]<\/p>\n","protected":false},"author":3204,"featured_media":383516,"comment_status":"closed","ping_status":"closed","sticky":false,"template":"","format":"standard","meta":{"footnotes":""},"categories":[2589],"tags":[9285,2636,12856],"class_list":["post-383514","post","type-post","status-publish","format-standard","has-post-thumbnail","hentry","category-edito","tag-arabe","tag-israel","tag-riposte"],"yoast_head":"<!-- This site is optimized with the Yoast SEO Premium plugin v27.5 (Yoast SEO v27.5) - https:\/\/yoast.com\/product\/yoast-seo-premium-wordpress\/ -->\n<title>Edito : Comment les Arabes vont-ils riposter face \u00e0 Isra\u00ebl ? - webdo<\/title>\n<meta name=\"description\" content=\"D\u00e9couvrez les Arabes face \u00e0 l&#039;attaque isra\u00e9lienne. Analyse des discours et des actions au sommet extraordinaire \u00e0 Doha.\" \/>\n<link rel=\"canonical\" href=\"https:\/\/www.webdo.tn\/fr\/actualite\/edito\/edito-comment-les-arabes-vont-ils-riposter-face-a-israel\/383514\/\" \/>\n<meta property=\"og:locale\" content=\"fr_FR\" \/>\n<meta property=\"og:type\" content=\"article\" \/>\n<meta property=\"og:title\" content=\"Edito : Comment les Arabes vont-ils riposter face \u00e0 Isra\u00ebl ?\" \/>\n<meta property=\"og:description\" content=\"D\u00e9couvrez les Arabes face \u00e0 l&#039;attaque isra\u00e9lienne. Analyse des discours et des actions au sommet extraordinaire \u00e0 Doha.\" \/>\n<meta property=\"og:url\" content=\"https:\/\/www.webdo.tn\/fr\/actualite\/edito\/edito-comment-les-arabes-vont-ils-riposter-face-a-israel\/383514\/\" \/>\n<meta property=\"og:site_name\" content=\"webdo\" \/>\n<meta property=\"article:publisher\" content=\"https:\/\/www.facebook.com\/webdotn\" \/>\n<meta property=\"article:author\" content=\"https:\/\/www.facebook.com\/khalil.jelassi.7\" \/>\n<meta property=\"article:published_time\" content=\"2025-09-15T08:42:51+00:00\" \/>\n<meta property=\"article:modified_time\" content=\"2025-09-16T07:29:18+00:00\" \/>\n<meta property=\"og:image\" content=\"https:\/\/www.webdo.tn\/fr\/wp-content\/uploads\/2025\/09\/Capture-decran-2025-09-15-094057.png\" \/>\n\t<meta property=\"og:image:width\" content=\"1120\" \/>\n\t<meta property=\"og:image:height\" content=\"720\" \/>\n\t<meta property=\"og:image:type\" content=\"image\/png\" \/>\n<meta name=\"author\" content=\"Khalil JELASSI\" \/>\n<meta name=\"twitter:card\" content=\"summary_large_image\" \/>\n<meta name=\"twitter:creator\" content=\"@webdo_tn\" \/>\n<meta name=\"twitter:site\" content=\"@webdo_tn\" \/>\n<meta name=\"twitter:label1\" content=\"\u00c9crit par\" \/>\n\t<meta name=\"twitter:data1\" content=\"Khalil JELASSI\" \/>\n\t<meta name=\"twitter:label2\" content=\"Dur\u00e9e de lecture estim\u00e9e\" \/>\n\t<meta name=\"twitter:data2\" content=\"2 minutes\" \/>\n<script type=\"application\/ld+json\" class=\"yoast-schema-graph\">{\"@context\":\"https:\\\/\\\/schema.org\",\"@graph\":[{\"@type\":\"NewsArticle\",\"@id\":\"https:\\\/\\\/www.webdo.tn\\\/fr\\\/actualite\\\/edito\\\/edito-comment-les-arabes-vont-ils-riposter-face-a-israel\\\/383514\\\/#article\",\"isPartOf\":{\"@id\":\"https:\\\/\\\/www.webdo.tn\\\/fr\\\/actualite\\\/edito\\\/edito-comment-les-arabes-vont-ils-riposter-face-a-israel\\\/383514\\\/\"},\"author\":{\"name\":\"Khalil JELASSI\",\"@id\":\"https:\\\/\\\/www.webdo.tn\\\/fr\\\/#\\\/schema\\\/person\\\/5fb2f8f3d4ef4fd1d129927fd4b020ff\"},\"headline\":\"Edito : Comment les Arabes vont-ils riposter face \u00e0 Isra\u00ebl ?\",\"datePublished\":\"2025-09-15T08:42:51+00:00\",\"dateModified\":\"2025-09-16T07:29:18+00:00\",\"mainEntityOfPage\":{\"@id\":\"https:\\\/\\\/www.webdo.tn\\\/fr\\\/actualite\\\/edito\\\/edito-comment-les-arabes-vont-ils-riposter-face-a-israel\\\/383514\\\/\"},\"wordCount\":368,\"publisher\":{\"@id\":\"https:\\\/\\\/www.webdo.tn\\\/fr\\\/#organization\"},\"image\":{\"@id\":\"https:\\\/\\\/www.webdo.tn\\\/fr\\\/actualite\\\/edito\\\/edito-comment-les-arabes-vont-ils-riposter-face-a-israel\\\/383514\\\/#primaryimage\"},\"thumbnailUrl\":\"https:\\\/\\\/www.webdo.tn\\\/fr\\\/wp-content\\\/uploads\\\/2025\\\/09\\\/Capture-decran-2025-09-15-094057.png\",\"keywords\":[\"arabe\",\"isra\u00ebl\",\"Riposte\"],\"articleSection\":[\"Edito\"],\"inLanguage\":\"fr-FR\"},{\"@type\":\"WebPage\",\"@id\":\"https:\\\/\\\/www.webdo.tn\\\/fr\\\/actualite\\\/edito\\\/edito-comment-les-arabes-vont-ils-riposter-face-a-israel\\\/383514\\\/\",\"url\":\"https:\\\/\\\/www.webdo.tn\\\/fr\\\/actualite\\\/edito\\\/edito-comment-les-arabes-vont-ils-riposter-face-a-israel\\\/383514\\\/\",\"name\":\"Edito : Comment les Arabes vont-ils riposter face \u00e0 Isra\u00ebl ? - webdo\",\"isPartOf\":{\"@id\":\"https:\\\/\\\/www.webdo.tn\\\/fr\\\/#website\"},\"primaryImageOfPage\":{\"@id\":\"https:\\\/\\\/www.webdo.tn\\\/fr\\\/actualite\\\/edito\\\/edito-comment-les-arabes-vont-ils-riposter-face-a-israel\\\/383514\\\/#primaryimage\"},\"image\":{\"@id\":\"https:\\\/\\\/www.webdo.tn\\\/fr\\\/actualite\\\/edito\\\/edito-comment-les-arabes-vont-ils-riposter-face-a-israel\\\/383514\\\/#primaryimage\"},\"thumbnailUrl\":\"https:\\\/\\\/www.webdo.tn\\\/fr\\\/wp-content\\\/uploads\\\/2025\\\/09\\\/Capture-decran-2025-09-15-094057.png\",\"datePublished\":\"2025-09-15T08:42:51+00:00\",\"dateModified\":\"2025-09-16T07:29:18+00:00\",\"description\":\"D\u00e9couvrez les Arabes face \u00e0 l'attaque isra\u00e9lienne. Analyse des discours et des actions au sommet extraordinaire \u00e0 Doha.\",\"breadcrumb\":{\"@id\":\"https:\\\/\\\/www.webdo.tn\\\/fr\\\/actualite\\\/edito\\\/edito-comment-les-arabes-vont-ils-riposter-face-a-israel\\\/383514\\\/#breadcrumb\"},\"inLanguage\":\"fr-FR\",\"potentialAction\":[{\"@type\":\"ReadAction\",\"target\":[\"https:\\\/\\\/www.webdo.tn\\\/fr\\\/actualite\\\/edito\\\/edito-comment-les-arabes-vont-ils-riposter-face-a-israel\\\/383514\\\/\"]}]},{\"@type\":\"ImageObject\",\"inLanguage\":\"fr-FR\",\"@id\":\"https:\\\/\\\/www.webdo.tn\\\/fr\\\/actualite\\\/edito\\\/edito-comment-les-arabes-vont-ils-riposter-face-a-israel\\\/383514\\\/#primaryimage\",\"url\":\"https:\\\/\\\/www.webdo.tn\\\/fr\\\/wp-content\\\/uploads\\\/2025\\\/09\\\/Capture-decran-2025-09-15-094057.png\",\"contentUrl\":\"https:\\\/\\\/www.webdo.tn\\\/fr\\\/wp-content\\\/uploads\\\/2025\\\/09\\\/Capture-decran-2025-09-15-094057.png\",\"width\":1120,\"height\":720},{\"@type\":\"BreadcrumbList\",\"@id\":\"https:\\\/\\\/www.webdo.tn\\\/fr\\\/actualite\\\/edito\\\/edito-comment-les-arabes-vont-ils-riposter-face-a-israel\\\/383514\\\/#breadcrumb\",\"itemListElement\":[{\"@type\":\"ListItem\",\"position\":1,\"name\":\"Accueil\",\"item\":\"https:\\\/\\\/www.webdo.tn\\\/fr\\\/\"},{\"@type\":\"ListItem\",\"position\":2,\"name\":\"Edito : Comment les Arabes vont-ils riposter face \u00e0 Isra\u00ebl ?\"}]},{\"@type\":\"WebSite\",\"@id\":\"https:\\\/\\\/www.webdo.tn\\\/fr\\\/#website\",\"url\":\"https:\\\/\\\/www.webdo.tn\\\/fr\\\/\",\"name\":\"webdo\",\"description\":\"Tunisie - News en Tunisie et \u00e0 l&#039;international sur Webdo.tn\",\"publisher\":{\"@id\":\"https:\\\/\\\/www.webdo.tn\\\/fr\\\/#organization\"},\"potentialAction\":[{\"@type\":\"SearchAction\",\"target\":{\"@type\":\"EntryPoint\",\"urlTemplate\":\"https:\\\/\\\/www.webdo.tn\\\/fr\\\/?s={search_term_string}\"},\"query-input\":{\"@type\":\"PropertyValueSpecification\",\"valueRequired\":true,\"valueName\":\"search_term_string\"}}],\"inLanguage\":\"fr-FR\"},{\"@type\":\"Organization\",\"@id\":\"https:\\\/\\\/www.webdo.tn\\\/fr\\\/#organization\",\"name\":\"Webdo\",\"alternateName\":\"Webdo.tn\",\"url\":\"https:\\\/\\\/www.webdo.tn\\\/fr\\\/\",\"logo\":{\"@type\":\"ImageObject\",\"inLanguage\":\"fr-FR\",\"@id\":\"https:\\\/\\\/www.webdo.tn\\\/fr\\\/#\\\/schema\\\/logo\\\/image\\\/\",\"url\":\"https:\\\/\\\/www.webdo.tn\\\/fr\\\/wp-content\\\/uploads\\\/2025\\\/06\\\/Webdo-Tunisie_168377.jpg\",\"contentUrl\":\"https:\\\/\\\/www.webdo.tn\\\/fr\\\/wp-content\\\/uploads\\\/2025\\\/06\\\/Webdo-Tunisie_168377.jpg\",\"width\":301,\"height\":301,\"caption\":\"Webdo\"},\"image\":{\"@id\":\"https:\\\/\\\/www.webdo.tn\\\/fr\\\/#\\\/schema\\\/logo\\\/image\\\/\"},\"sameAs\":[\"https:\\\/\\\/www.facebook.com\\\/webdotn\",\"https:\\\/\\\/x.com\\\/webdo_tn\"],\"description\":\"Webdo est un m\u00e9dia num\u00e9rique tunisien fond\u00e9 en 2010, sp\u00e9cialis\u00e9 dans l\u2019actualit\u00e9 nationale et internationale, l\u2019\u00e9conomie, la soci\u00e9t\u00e9 et les analyses politiques. Le site s\u2019adresse \u00e0 un large public francophone et couvre l\u2019information tunisienne en temps r\u00e9el.\",\"email\":\"redac@webdo.tn\",\"legalName\":\"YNJ SARL\",\"foundingDate\":\"2010-09-06\",\"numberOfEmployees\":{\"@type\":\"QuantitativeValue\",\"minValue\":\"11\",\"maxValue\":\"50\"}},{\"@type\":\"Person\",\"@id\":\"https:\\\/\\\/www.webdo.tn\\\/fr\\\/#\\\/schema\\\/person\\\/5fb2f8f3d4ef4fd1d129927fd4b020ff\",\"name\":\"Khalil JELASSI\",\"image\":{\"@type\":\"ImageObject\",\"inLanguage\":\"fr-FR\",\"@id\":\"https:\\\/\\\/www.webdo.tn\\\/fr\\\/wp-content\\\/uploads\\\/2026\\\/04\\\/khalil-jelassi_avatar-96x96.jpg\",\"url\":\"https:\\\/\\\/www.webdo.tn\\\/fr\\\/wp-content\\\/uploads\\\/2026\\\/04\\\/khalil-jelassi_avatar-96x96.jpg\",\"contentUrl\":\"https:\\\/\\\/www.webdo.tn\\\/fr\\\/wp-content\\\/uploads\\\/2026\\\/04\\\/khalil-jelassi_avatar-96x96.jpg\",\"caption\":\"Khalil JELASSI\"},\"description\":\"Khalil Jelassi est journaliste, ma\u00eetre-assistant \u00e0 l\u2019Institut de presse et des sciences de l\u2019information (IPSI) et chercheur en sciences de l\u2019information et de la communication. Sp\u00e9cialiste des m\u00e9dias, des pratiques journalistiques et des mutations de l\u2019information, il s\u2019int\u00e9resse particuli\u00e8rement aux transformations du paysage m\u00e9diatique, aux enjeux num\u00e9riques et aux dynamiques de production de l\u2019information. \u00c0 travers ses contributions, il propose une lecture analytique de l\u2019actualit\u00e9, en croisant approche acad\u00e9mique et exp\u00e9rience journalistique. \ud83d\udd17 Facebook : https:\\\/\\\/www.facebook.com\\\/khalil.jelassi.7\",\"sameAs\":[\"https:\\\/\\\/www.facebook.com\\\/khalil.jelassi.7\"],\"knowsAbout\":[\"journalisme\",\"m\u00e9dias\",\"communication\",\"sciences de l'information\",\"transformation num\u00e9rique\",\"analyse des m\u00e9dias\"],\"knowsLanguage\":[\"Fran\u00e7ais\",\"Arabe\",\"Anglais\"],\"jobTitle\":\"Ma\u00eetre-assistant et journaliste\",\"worksFor\":\"IPSI \u2013 Institut de presse et des sciences de l'information\",\"url\":\"https:\\\/\\\/www.webdo.tn\\\/fr\\\/actualite\\\/author\\\/khalil-jelassi\\\/\"}]}<\/script>\n<!-- \/ Yoast SEO Premium plugin. -->","yoast_head_json":{"title":"Edito : Comment les Arabes vont-ils riposter face \u00e0 Isra\u00ebl ? - webdo","description":"D\u00e9couvrez les Arabes face \u00e0 l'attaque isra\u00e9lienne. Analyse des discours et des actions au sommet extraordinaire \u00e0 Doha.","canonical":"https:\/\/www.webdo.tn\/fr\/actualite\/edito\/edito-comment-les-arabes-vont-ils-riposter-face-a-israel\/383514\/","og_locale":"fr_FR","og_type":"article","og_title":"Edito : Comment les Arabes vont-ils riposter face \u00e0 Isra\u00ebl ?","og_description":"D\u00e9couvrez les Arabes face \u00e0 l'attaque isra\u00e9lienne. Analyse des discours et des actions au sommet extraordinaire \u00e0 Doha.","og_url":"https:\/\/www.webdo.tn\/fr\/actualite\/edito\/edito-comment-les-arabes-vont-ils-riposter-face-a-israel\/383514\/","og_site_name":"webdo","article_publisher":"https:\/\/www.facebook.com\/webdotn","article_author":"https:\/\/www.facebook.com\/khalil.jelassi.7","article_published_time":"2025-09-15T08:42:51+00:00","article_modified_time":"2025-09-16T07:29:18+00:00","og_image":[{"width":1120,"height":720,"url":"https:\/\/www.webdo.tn\/fr\/wp-content\/uploads\/2025\/09\/Capture-decran-2025-09-15-094057.png","type":"image\/png"}],"author":"Khalil JELASSI","twitter_card":"summary_large_image","twitter_creator":"@webdo_tn","twitter_site":"@webdo_tn","twitter_misc":{"\u00c9crit par":"Khalil JELASSI","Dur\u00e9e de lecture estim\u00e9e":"2 minutes"},"schema":{"@context":"https:\/\/schema.org","@graph":[{"@type":"NewsArticle","@id":"https:\/\/www.webdo.tn\/fr\/actualite\/edito\/edito-comment-les-arabes-vont-ils-riposter-face-a-israel\/383514\/#article","isPartOf":{"@id":"https:\/\/www.webdo.tn\/fr\/actualite\/edito\/edito-comment-les-arabes-vont-ils-riposter-face-a-israel\/383514\/"},"author":{"name":"Khalil JELASSI","@id":"https:\/\/www.webdo.tn\/fr\/#\/schema\/person\/5fb2f8f3d4ef4fd1d129927fd4b020ff"},"headline":"Edito : Comment les Arabes vont-ils riposter face \u00e0 Isra\u00ebl ?","datePublished":"2025-09-15T08:42:51+00:00","dateModified":"2025-09-16T07:29:18+00:00","mainEntityOfPage":{"@id":"https:\/\/www.webdo.tn\/fr\/actualite\/edito\/edito-comment-les-arabes-vont-ils-riposter-face-a-israel\/383514\/"},"wordCount":368,"publisher":{"@id":"https:\/\/www.webdo.tn\/fr\/#organization"},"image":{"@id":"https:\/\/www.webdo.tn\/fr\/actualite\/edito\/edito-comment-les-arabes-vont-ils-riposter-face-a-israel\/383514\/#primaryimage"},"thumbnailUrl":"https:\/\/www.webdo.tn\/fr\/wp-content\/uploads\/2025\/09\/Capture-decran-2025-09-15-094057.png","keywords":["arabe","isra\u00ebl","Riposte"],"articleSection":["Edito"],"inLanguage":"fr-FR"},{"@type":"WebPage","@id":"https:\/\/www.webdo.tn\/fr\/actualite\/edito\/edito-comment-les-arabes-vont-ils-riposter-face-a-israel\/383514\/","url":"https:\/\/www.webdo.tn\/fr\/actualite\/edito\/edito-comment-les-arabes-vont-ils-riposter-face-a-israel\/383514\/","name":"Edito : Comment les Arabes vont-ils riposter face \u00e0 Isra\u00ebl ? - webdo","isPartOf":{"@id":"https:\/\/www.webdo.tn\/fr\/#website"},"primaryImageOfPage":{"@id":"https:\/\/www.webdo.tn\/fr\/actualite\/edito\/edito-comment-les-arabes-vont-ils-riposter-face-a-israel\/383514\/#primaryimage"},"image":{"@id":"https:\/\/www.webdo.tn\/fr\/actualite\/edito\/edito-comment-les-arabes-vont-ils-riposter-face-a-israel\/383514\/#primaryimage"},"thumbnailUrl":"https:\/\/www.webdo.tn\/fr\/wp-content\/uploads\/2025\/09\/Capture-decran-2025-09-15-094057.png","datePublished":"2025-09-15T08:42:51+00:00","dateModified":"2025-09-16T07:29:18+00:00","description":"D\u00e9couvrez les Arabes face \u00e0 l'attaque isra\u00e9lienne. Analyse des discours et des actions au sommet extraordinaire \u00e0 Doha.","breadcrumb":{"@id":"https:\/\/www.webdo.tn\/fr\/actualite\/edito\/edito-comment-les-arabes-vont-ils-riposter-face-a-israel\/383514\/#breadcrumb"},"inLanguage":"fr-FR","potentialAction":[{"@type":"ReadAction","target":["https:\/\/www.webdo.tn\/fr\/actualite\/edito\/edito-comment-les-arabes-vont-ils-riposter-face-a-israel\/383514\/"]}]},{"@type":"ImageObject","inLanguage":"fr-FR","@id":"https:\/\/www.webdo.tn\/fr\/actualite\/edito\/edito-comment-les-arabes-vont-ils-riposter-face-a-israel\/383514\/#primaryimage","url":"https:\/\/www.webdo.tn\/fr\/wp-content\/uploads\/2025\/09\/Capture-decran-2025-09-15-094057.png","contentUrl":"https:\/\/www.webdo.tn\/fr\/wp-content\/uploads\/2025\/09\/Capture-decran-2025-09-15-094057.png","width":1120,"height":720},{"@type":"BreadcrumbList","@id":"https:\/\/www.webdo.tn\/fr\/actualite\/edito\/edito-comment-les-arabes-vont-ils-riposter-face-a-israel\/383514\/#breadcrumb","itemListElement":[{"@type":"ListItem","position":1,"name":"Accueil","item":"https:\/\/www.webdo.tn\/fr\/"},{"@type":"ListItem","position":2,"name":"Edito : Comment les Arabes vont-ils riposter face \u00e0 Isra\u00ebl ?"}]},{"@type":"WebSite","@id":"https:\/\/www.webdo.tn\/fr\/#website","url":"https:\/\/www.webdo.tn\/fr\/","name":"webdo","description":"Tunisie - News en Tunisie et \u00e0 l&#039;international sur Webdo.tn","publisher":{"@id":"https:\/\/www.webdo.tn\/fr\/#organization"},"potentialAction":[{"@type":"SearchAction","target":{"@type":"EntryPoint","urlTemplate":"https:\/\/www.webdo.tn\/fr\/?s={search_term_string}"},"query-input":{"@type":"PropertyValueSpecification","valueRequired":true,"valueName":"search_term_string"}}],"inLanguage":"fr-FR"},{"@type":"Organization","@id":"https:\/\/www.webdo.tn\/fr\/#organization","name":"Webdo","alternateName":"Webdo.tn","url":"https:\/\/www.webdo.tn\/fr\/","logo":{"@type":"ImageObject","inLanguage":"fr-FR","@id":"https:\/\/www.webdo.tn\/fr\/#\/schema\/logo\/image\/","url":"https:\/\/www.webdo.tn\/fr\/wp-content\/uploads\/2025\/06\/Webdo-Tunisie_168377.jpg","contentUrl":"https:\/\/www.webdo.tn\/fr\/wp-content\/uploads\/2025\/06\/Webdo-Tunisie_168377.jpg","width":301,"height":301,"caption":"Webdo"},"image":{"@id":"https:\/\/www.webdo.tn\/fr\/#\/schema\/logo\/image\/"},"sameAs":["https:\/\/www.facebook.com\/webdotn","https:\/\/x.com\/webdo_tn"],"description":"Webdo est un m\u00e9dia num\u00e9rique tunisien fond\u00e9 en 2010, sp\u00e9cialis\u00e9 dans l\u2019actualit\u00e9 nationale et internationale, l\u2019\u00e9conomie, la soci\u00e9t\u00e9 et les analyses politiques. Le site s\u2019adresse \u00e0 un large public francophone et couvre l\u2019information tunisienne en temps r\u00e9el.","email":"redac@webdo.tn","legalName":"YNJ SARL","foundingDate":"2010-09-06","numberOfEmployees":{"@type":"QuantitativeValue","minValue":"11","maxValue":"50"}},{"@type":"Person","@id":"https:\/\/www.webdo.tn\/fr\/#\/schema\/person\/5fb2f8f3d4ef4fd1d129927fd4b020ff","name":"Khalil JELASSI","image":{"@type":"ImageObject","inLanguage":"fr-FR","@id":"https:\/\/www.webdo.tn\/fr\/wp-content\/uploads\/2026\/04\/khalil-jelassi_avatar-96x96.jpg","url":"https:\/\/www.webdo.tn\/fr\/wp-content\/uploads\/2026\/04\/khalil-jelassi_avatar-96x96.jpg","contentUrl":"https:\/\/www.webdo.tn\/fr\/wp-content\/uploads\/2026\/04\/khalil-jelassi_avatar-96x96.jpg","caption":"Khalil JELASSI"},"description":"Khalil Jelassi est journaliste, ma\u00eetre-assistant \u00e0 l\u2019Institut de presse et des sciences de l\u2019information (IPSI) et chercheur en sciences de l\u2019information et de la communication. Sp\u00e9cialiste des m\u00e9dias, des pratiques journalistiques et des mutations de l\u2019information, il s\u2019int\u00e9resse particuli\u00e8rement aux transformations du paysage m\u00e9diatique, aux enjeux num\u00e9riques et aux dynamiques de production de l\u2019information. \u00c0 travers ses contributions, il propose une lecture analytique de l\u2019actualit\u00e9, en croisant approche acad\u00e9mique et exp\u00e9rience journalistique. \ud83d\udd17 Facebook : https:\/\/www.facebook.com\/khalil.jelassi.7","sameAs":["https:\/\/www.facebook.com\/khalil.jelassi.7"],"knowsAbout":["journalisme","m\u00e9dias","communication","sciences de l'information","transformation num\u00e9rique","analyse des m\u00e9dias"],"knowsLanguage":["Fran\u00e7ais","Arabe","Anglais"],"jobTitle":"Ma\u00eetre-assistant et journaliste","worksFor":"IPSI \u2013 Institut de presse et des sciences de l'information","url":"https:\/\/www.webdo.tn\/fr\/actualite\/author\/khalil-jelassi\/"}]}},"_links":{"self":[{"href":"https:\/\/www.webdo.tn\/fr\/wp-json\/wp\/v2\/posts\/383514","targetHints":{"allow":["GET"]}}],"collection":[{"href":"https:\/\/www.webdo.tn\/fr\/wp-json\/wp\/v2\/posts"}],"about":[{"href":"https:\/\/www.webdo.tn\/fr\/wp-json\/wp\/v2\/types\/post"}],"author":[{"embeddable":true,"href":"https:\/\/www.webdo.tn\/fr\/wp-json\/wp\/v2\/users\/3204"}],"replies":[{"embeddable":true,"href":"https:\/\/www.webdo.tn\/fr\/wp-json\/wp\/v2\/comments?post=383514"}],"version-history":[{"count":0,"href":"https:\/\/www.webdo.tn\/fr\/wp-json\/wp\/v2\/posts\/383514\/revisions"}],"wp:featuredmedia":[{"embeddable":true,"href":"https:\/\/www.webdo.tn\/fr\/wp-json\/wp\/v2\/media\/383516"}],"wp:attachment":[{"href":"https:\/\/www.webdo.tn\/fr\/wp-json\/wp\/v2\/media?parent=383514"}],"wp:term":[{"taxonomy":"category","embeddable":true,"href":"https:\/\/www.webdo.tn\/fr\/wp-json\/wp\/v2\/categories?post=383514"},{"taxonomy":"post_tag","embeddable":true,"href":"https:\/\/www.webdo.tn\/fr\/wp-json\/wp\/v2\/tags?post=383514"}],"curies":[{"name":"wp","href":"https:\/\/api.w.org\/{rel}","templated":true}]}}