{"id":383494,"date":"2025-09-14T18:12:41","date_gmt":"2025-09-14T17:12:41","guid":{"rendered":"https:\/\/www.webdo.tn\/fr\/?p=383494"},"modified":"2025-09-15T09:09:06","modified_gmt":"2025-09-15T08:09:06","slug":"relocalisation-du-hamas-la-tunisie-citee-par-i24news-dans-des-pourparlers-us-israel","status":"publish","type":"post","link":"https:\/\/www.webdo.tn\/fr\/actualite\/international\/relocalisation-du-hamas-la-tunisie-citee-par-i24news-dans-des-pourparlers-us-israel\/383494\/","title":{"rendered":"Relocalisation du Hamas : la Tunisie cit\u00e9e par i24NEWS dans des pourparlers US-Isra\u00ebl"},"content":{"rendered":"\n<p>Selon la cha\u00eene isra\u00e9lienne i24NEWS, les \u00c9tats-Unis et Isra\u00ebl m\u00e8neraient des discussions avec plusieurs pays, dont l\u2019Iran, afin de permettre \u00e0 certains dirigeants du Hamas de quitter volontairement la bande de Gaza et de s\u2019installer \u00e0 l\u2019\u00e9tranger, la Tunisie \u00e9tant cit\u00e9e parmi les destinations possibles.<\/p>\n\n\n\n<p>D\u2019apr\u00e8s les informations rapport\u00e9es par i24NEWS, des pourparlers seraient en cours pour organiser le d\u00e9part de responsables du Hamas hors de Gaza. La cha\u00eene n\u2019a toutefois donn\u00e9 aucun d\u00e9tail sur les pays impliqu\u00e9s, en dehors de l\u2019Iran, ni pr\u00e9cis\u00e9 si Tunis aurait \u00e9t\u00e9 consult\u00e9e ou donn\u00e9 son accord.<\/p>\n\n\n\n<p>En parall\u00e8le, le quotidien isra\u00e9lien <em>Yedioth Ahronoth<\/em> a r\u00e9v\u00e9l\u00e9 qu\u2019Anwar Attallah, membre du conseil municipal de Gaza affili\u00e9 au Hamas, a pu quitter le territoire avec sa famille via la Jordanie vers la Turquie, il y a environ deux semaines, avec l\u2019autorisation des autorit\u00e9s s\u00e9curitaires isra\u00e9liennes.<\/p>\n\n\n\n<p>Selon la presse isra\u00e9lienne, Isra\u00ebl a cependant rejet\u00e9 d\u2019autres demandes \u00e9manant de responsables plus en vue du Hamas. Parmi eux figurent :<\/p>\n\n\n\n<ul class=\"wp-block-list\">\n<li><strong>Mohamed Al-Madhoun<\/strong>, ancien ministre dans le gouvernement du Hamas,<\/li>\n\n\n\n<li><strong>La famille d\u2019Isma\u00efl Al-Achkar<\/strong>, pr\u00e9sident de la commission des affaires \u00e9trang\u00e8res et de la s\u00e9curit\u00e9 du mouvement,<\/li>\n\n\n\n<li><strong>La famille d\u2019Alaa Eddine Al-Batta<\/strong>, chef d\u2019un comit\u00e9 gouvernemental rattach\u00e9 au Hamas.<\/li>\n<\/ul>\n\n\n\n<p>Cette information intervient alors que le ministre iranien des Affaires \u00e9trang\u00e8res, Abbas Araghchi, s\u2019est rendu r\u00e9cemment \u00e0 Tunis. Il y a rencontr\u00e9 son homologue Mohamed Ali Nafti ainsi que le pr\u00e9sident Ka\u00efs Sa\u00efed, avant de tenir une conf\u00e9rence de presse \u00e0 la r\u00e9sidence de l\u2019ambassadeur d\u2019Iran. Araghchi n\u2019a pas \u00e9voqu\u00e9 publiquement la question d\u2019un \u00e9ventuel accueil de dirigeants du Hamas par la Tunisie.<\/p>\n\n\n\n<p>Historiquement, les principaux cadres du Hamas \u00e0 l\u2019\u00e9tranger sont \u00e9tablis au Qatar, en Iran et en Alg\u00e9rie. La Tunisie a d\u00e9j\u00e0 \u00e9t\u00e9 le th\u00e9\u00e2tre d\u2019op\u00e9rations cibl\u00e9es isra\u00e9liennes, notamment l\u2019assassinat en 1988 de Khalil Al-Wazir, dit Abou Jihad, un haut dirigeant de l\u2019OLP.<\/p>\n\n\n\n<blockquote class=\"twitter-tweet\"><p lang=\"fr\" dir=\"ltr\">\ud83d\udd34 Les \u00c9tats-Unis et Isra\u00ebl en pourparlers avec plusieurs pays, dont l\u2019Iran, pour permettre \u00e0 des dirigeants du Hamas de quitter volontairement Gaza et de s\u2019installer en Tunisie, selon des sources \u00e0 i24NEWS <a href=\"https:\/\/twitter.com\/MatthiasInbar?ref_src=twsrc%5Etfw\">@MatthiasInbar<\/a><\/p>&mdash; i24NEWS Fran\u00e7ais (@i24NEWS_FR) <a href=\"https:\/\/twitter.com\/i24NEWS_FR\/status\/1967250586908402021?ref_src=twsrc%5Etfw\">September 14, 2025<\/a><\/blockquote> <script async src=\"https:\/\/platform.twitter.com\/widgets.js\" charset=\"utf-8\"><\/script>\n\n\n\n<h2 class=\"wp-block-heading\" id=\"h-\"><\/h2>\n","protected":false},"excerpt":{"rendered":"<p>Selon la cha\u00eene isra\u00e9lienne i24NEWS, les \u00c9tats-Unis et Isra\u00ebl m\u00e8neraient des discussions avec plusieurs pays, dont l\u2019Iran, afin de permettre \u00e0 certains dirigeants du Hamas de quitter volontairement la bande de Gaza et de s\u2019installer \u00e0 l\u2019\u00e9tranger, la Tunisie \u00e9tant cit\u00e9e parmi les destinations possibles. D\u2019apr\u00e8s les informations rapport\u00e9es par i24NEWS, des pourparlers seraient en [&hellip;]<\/p>\n","protected":false},"author":3203,"featured_media":383496,"comment_status":"closed","ping_status":"closed","sticky":false,"template":"","format":"standard","meta":{"footnotes":""},"categories":[2598],"tags":[3035,2689,3349,2608],"class_list":["post-383494","post","type-post","status-publish","format-standard","has-post-thumbnail","hentry","category-international","tag-etats-unis","tag-gaza","tag-hamas","tag-tunisie"],"yoast_head":"<!-- This site is optimized with the Yoast SEO Premium plugin v27.4 (Yoast SEO v27.4) - https:\/\/yoast.com\/product\/yoast-seo-premium-wordpress\/ -->\n<title>Relocalisation du Hamas : la Tunisie cit\u00e9e par i24NEWS dans des pourparlers US-Isra\u00ebl - webdo<\/title>\n<meta name=\"description\" content=\"La Tunisie cit\u00e9e comme option pour la relocalisation du Hamas, dans des pourparlers entre les \u00c9tats-Unis et Isra\u00ebl, selon i24NEWS.\" \/>\n<link rel=\"canonical\" href=\"https:\/\/www.webdo.tn\/fr\/actualite\/international\/relocalisation-du-hamas-la-tunisie-citee-par-i24news-dans-des-pourparlers-us-israel\/383494\/\" \/>\n<meta property=\"og:locale\" content=\"fr_FR\" \/>\n<meta property=\"og:type\" content=\"article\" \/>\n<meta property=\"og:title\" content=\"Relocalisation du Hamas : la Tunisie cit\u00e9e par i24NEWS dans des pourparlers US-Isra\u00ebl\" \/>\n<meta property=\"og:description\" content=\"La Tunisie cit\u00e9e comme option pour la relocalisation du Hamas, dans des pourparlers entre les \u00c9tats-Unis et Isra\u00ebl, selon i24NEWS.\" \/>\n<meta property=\"og:url\" content=\"https:\/\/www.webdo.tn\/fr\/actualite\/international\/relocalisation-du-hamas-la-tunisie-citee-par-i24news-dans-des-pourparlers-us-israel\/383494\/\" \/>\n<meta property=\"og:site_name\" content=\"webdo\" \/>\n<meta property=\"article:publisher\" content=\"https:\/\/www.facebook.com\/webdotn\" \/>\n<meta property=\"article:published_time\" content=\"2025-09-14T17:12:41+00:00\" \/>\n<meta property=\"article:modified_time\" content=\"2025-09-15T08:09:06+00:00\" \/>\n<meta property=\"og:image\" content=\"https:\/\/www.webdo.tn\/fr\/wp-content\/uploads\/2025\/09\/hamas.jpg\" \/>\n\t<meta property=\"og:image:width\" content=\"992\" \/>\n\t<meta property=\"og:image:height\" content=\"495\" \/>\n\t<meta property=\"og:image:type\" content=\"image\/jpeg\" \/>\n<meta name=\"author\" content=\"Ramzi Haddad\" \/>\n<meta name=\"twitter:card\" content=\"summary_large_image\" \/>\n<meta name=\"twitter:creator\" content=\"@webdo_tn\" \/>\n<meta name=\"twitter:site\" content=\"@webdo_tn\" \/>\n<meta name=\"twitter:label1\" content=\"\u00c9crit par\" \/>\n\t<meta name=\"twitter:data1\" content=\"Ramzi Haddad\" \/>\n\t<meta name=\"twitter:label2\" content=\"Dur\u00e9e de lecture estim\u00e9e\" \/>\n\t<meta name=\"twitter:data2\" content=\"2 minutes\" \/>\n<script type=\"application\/ld+json\" class=\"yoast-schema-graph\">{\"@context\":\"https:\\\/\\\/schema.org\",\"@graph\":[{\"@type\":\"NewsArticle\",\"@id\":\"https:\\\/\\\/www.webdo.tn\\\/fr\\\/actualite\\\/international\\\/relocalisation-du-hamas-la-tunisie-citee-par-i24news-dans-des-pourparlers-us-israel\\\/383494\\\/#article\",\"isPartOf\":{\"@id\":\"https:\\\/\\\/www.webdo.tn\\\/fr\\\/actualite\\\/international\\\/relocalisation-du-hamas-la-tunisie-citee-par-i24news-dans-des-pourparlers-us-israel\\\/383494\\\/\"},\"author\":{\"name\":\"Ramzi Haddad\",\"@id\":\"https:\\\/\\\/www.webdo.tn\\\/fr\\\/#\\\/schema\\\/person\\\/5663044c25eb36d8f88ba5b653f12f8c\"},\"headline\":\"Relocalisation du Hamas : la Tunisie cit\u00e9e par i24NEWS dans des pourparlers US-Isra\u00ebl\",\"datePublished\":\"2025-09-14T17:12:41+00:00\",\"dateModified\":\"2025-09-15T08:09:06+00:00\",\"mainEntityOfPage\":{\"@id\":\"https:\\\/\\\/www.webdo.tn\\\/fr\\\/actualite\\\/international\\\/relocalisation-du-hamas-la-tunisie-citee-par-i24news-dans-des-pourparlers-us-israel\\\/383494\\\/\"},\"wordCount\":418,\"publisher\":{\"@id\":\"https:\\\/\\\/www.webdo.tn\\\/fr\\\/#organization\"},\"image\":{\"@id\":\"https:\\\/\\\/www.webdo.tn\\\/fr\\\/actualite\\\/international\\\/relocalisation-du-hamas-la-tunisie-citee-par-i24news-dans-des-pourparlers-us-israel\\\/383494\\\/#primaryimage\"},\"thumbnailUrl\":\"https:\\\/\\\/www.webdo.tn\\\/fr\\\/wp-content\\\/uploads\\\/2025\\\/09\\\/hamas.jpg\",\"keywords\":[\"Etats-Unis\",\"Gaza\",\"hamas\",\"Tunisie\"],\"articleSection\":[\"International\"],\"inLanguage\":\"fr-FR\"},{\"@type\":\"WebPage\",\"@id\":\"https:\\\/\\\/www.webdo.tn\\\/fr\\\/actualite\\\/international\\\/relocalisation-du-hamas-la-tunisie-citee-par-i24news-dans-des-pourparlers-us-israel\\\/383494\\\/\",\"url\":\"https:\\\/\\\/www.webdo.tn\\\/fr\\\/actualite\\\/international\\\/relocalisation-du-hamas-la-tunisie-citee-par-i24news-dans-des-pourparlers-us-israel\\\/383494\\\/\",\"name\":\"Relocalisation du Hamas : la Tunisie cit\u00e9e par i24NEWS dans des pourparlers US-Isra\u00ebl - webdo\",\"isPartOf\":{\"@id\":\"https:\\\/\\\/www.webdo.tn\\\/fr\\\/#website\"},\"primaryImageOfPage\":{\"@id\":\"https:\\\/\\\/www.webdo.tn\\\/fr\\\/actualite\\\/international\\\/relocalisation-du-hamas-la-tunisie-citee-par-i24news-dans-des-pourparlers-us-israel\\\/383494\\\/#primaryimage\"},\"image\":{\"@id\":\"https:\\\/\\\/www.webdo.tn\\\/fr\\\/actualite\\\/international\\\/relocalisation-du-hamas-la-tunisie-citee-par-i24news-dans-des-pourparlers-us-israel\\\/383494\\\/#primaryimage\"},\"thumbnailUrl\":\"https:\\\/\\\/www.webdo.tn\\\/fr\\\/wp-content\\\/uploads\\\/2025\\\/09\\\/hamas.jpg\",\"datePublished\":\"2025-09-14T17:12:41+00:00\",\"dateModified\":\"2025-09-15T08:09:06+00:00\",\"description\":\"La Tunisie cit\u00e9e comme option pour la relocalisation du Hamas, dans des pourparlers entre les \u00c9tats-Unis et Isra\u00ebl, selon i24NEWS.\",\"breadcrumb\":{\"@id\":\"https:\\\/\\\/www.webdo.tn\\\/fr\\\/actualite\\\/international\\\/relocalisation-du-hamas-la-tunisie-citee-par-i24news-dans-des-pourparlers-us-israel\\\/383494\\\/#breadcrumb\"},\"inLanguage\":\"fr-FR\",\"potentialAction\":[{\"@type\":\"ReadAction\",\"target\":[\"https:\\\/\\\/www.webdo.tn\\\/fr\\\/actualite\\\/international\\\/relocalisation-du-hamas-la-tunisie-citee-par-i24news-dans-des-pourparlers-us-israel\\\/383494\\\/\"]}]},{\"@type\":\"ImageObject\",\"inLanguage\":\"fr-FR\",\"@id\":\"https:\\\/\\\/www.webdo.tn\\\/fr\\\/actualite\\\/international\\\/relocalisation-du-hamas-la-tunisie-citee-par-i24news-dans-des-pourparlers-us-israel\\\/383494\\\/#primaryimage\",\"url\":\"https:\\\/\\\/www.webdo.tn\\\/fr\\\/wp-content\\\/uploads\\\/2025\\\/09\\\/hamas.jpg\",\"contentUrl\":\"https:\\\/\\\/www.webdo.tn\\\/fr\\\/wp-content\\\/uploads\\\/2025\\\/09\\\/hamas.jpg\",\"width\":992,\"height\":495,\"caption\":\"hamas\"},{\"@type\":\"BreadcrumbList\",\"@id\":\"https:\\\/\\\/www.webdo.tn\\\/fr\\\/actualite\\\/international\\\/relocalisation-du-hamas-la-tunisie-citee-par-i24news-dans-des-pourparlers-us-israel\\\/383494\\\/#breadcrumb\",\"itemListElement\":[{\"@type\":\"ListItem\",\"position\":1,\"name\":\"Accueil\",\"item\":\"https:\\\/\\\/www.webdo.tn\\\/fr\\\/\"},{\"@type\":\"ListItem\",\"position\":2,\"name\":\"Relocalisation du Hamas : la Tunisie cit\u00e9e par i24NEWS dans des pourparlers US-Isra\u00ebl\"}]},{\"@type\":\"WebSite\",\"@id\":\"https:\\\/\\\/www.webdo.tn\\\/fr\\\/#website\",\"url\":\"https:\\\/\\\/www.webdo.tn\\\/fr\\\/\",\"name\":\"webdo\",\"description\":\"Tunisie - News en Tunisie et \u00e0 l&#039;international sur Webdo.tn\",\"publisher\":{\"@id\":\"https:\\\/\\\/www.webdo.tn\\\/fr\\\/#organization\"},\"potentialAction\":[{\"@type\":\"SearchAction\",\"target\":{\"@type\":\"EntryPoint\",\"urlTemplate\":\"https:\\\/\\\/www.webdo.tn\\\/fr\\\/?s={search_term_string}\"},\"query-input\":{\"@type\":\"PropertyValueSpecification\",\"valueRequired\":true,\"valueName\":\"search_term_string\"}}],\"inLanguage\":\"fr-FR\"},{\"@type\":\"Organization\",\"@id\":\"https:\\\/\\\/www.webdo.tn\\\/fr\\\/#organization\",\"name\":\"Webdo\",\"alternateName\":\"Webdo.tn\",\"url\":\"https:\\\/\\\/www.webdo.tn\\\/fr\\\/\",\"logo\":{\"@type\":\"ImageObject\",\"inLanguage\":\"fr-FR\",\"@id\":\"https:\\\/\\\/www.webdo.tn\\\/fr\\\/#\\\/schema\\\/logo\\\/image\\\/\",\"url\":\"https:\\\/\\\/www.webdo.tn\\\/fr\\\/wp-content\\\/uploads\\\/2025\\\/06\\\/Webdo-Tunisie_168377.jpg\",\"contentUrl\":\"https:\\\/\\\/www.webdo.tn\\\/fr\\\/wp-content\\\/uploads\\\/2025\\\/06\\\/Webdo-Tunisie_168377.jpg\",\"width\":301,\"height\":301,\"caption\":\"Webdo\"},\"image\":{\"@id\":\"https:\\\/\\\/www.webdo.tn\\\/fr\\\/#\\\/schema\\\/logo\\\/image\\\/\"},\"sameAs\":[\"https:\\\/\\\/www.facebook.com\\\/webdotn\",\"https:\\\/\\\/x.com\\\/webdo_tn\"],\"description\":\"Webdo est un m\u00e9dia num\u00e9rique tunisien fond\u00e9 en 2010, sp\u00e9cialis\u00e9 dans l\u2019actualit\u00e9 nationale et internationale, l\u2019\u00e9conomie, la soci\u00e9t\u00e9 et les analyses politiques. Le site s\u2019adresse \u00e0 un large public francophone et couvre l\u2019information tunisienne en temps r\u00e9el.\",\"email\":\"redac@webdo.tn\",\"legalName\":\"YNJ SARL\",\"foundingDate\":\"2010-09-06\",\"numberOfEmployees\":{\"@type\":\"QuantitativeValue\",\"minValue\":\"11\",\"maxValue\":\"50\"}},{\"@type\":\"Person\",\"@id\":\"https:\\\/\\\/www.webdo.tn\\\/fr\\\/#\\\/schema\\\/person\\\/5663044c25eb36d8f88ba5b653f12f8c\",\"name\":\"Ramzi Haddad\",\"image\":{\"@type\":\"ImageObject\",\"inLanguage\":\"fr-FR\",\"@id\":\"https:\\\/\\\/www.webdo.tn\\\/fr\\\/wp-content\\\/uploads\\\/2026\\\/04\\\/ramzi-haddad_avatar-96x96.jpg\",\"url\":\"https:\\\/\\\/www.webdo.tn\\\/fr\\\/wp-content\\\/uploads\\\/2026\\\/04\\\/ramzi-haddad_avatar-96x96.jpg\",\"contentUrl\":\"https:\\\/\\\/www.webdo.tn\\\/fr\\\/wp-content\\\/uploads\\\/2026\\\/04\\\/ramzi-haddad_avatar-96x96.jpg\",\"caption\":\"Ramzi Haddad\"},\"description\":\"Signature \u00e9ditoriale de Walid Ben Youssef Ramzi Haddad est le pseudonyme \u00e9ditorial de Walid Ben Youssef, fondateur et g\u00e9rant de Webdo.tn. Cette signature est d\u00e9di\u00e9e \u00e0 la couverture de l'actualit\u00e9 nationale et internationale, ainsi qu'aux analyses des dynamiques num\u00e9riques. Ce profil b\u00e9n\u00e9ficie de l'expertise de Walid Ben Youssef, pionnier du web en Tunisie depuis 2000 et dipl\u00f4m\u00e9 en Math\u00e9matiques pures de l'Universit\u00e9 d'Oregon. \u00c0 travers cette signature, la r\u00e9daction de Webdo garantit une information structur\u00e9e et v\u00e9rifi\u00e9e, fid\u00e8le aux standards journalistiques du m\u00e9dia.\",\"url\":\"https:\\\/\\\/www.webdo.tn\\\/fr\\\/actualite\\\/author\\\/ramzi-haddad\\\/\"}]}<\/script>\n<!-- \/ Yoast SEO Premium plugin. -->","yoast_head_json":{"title":"Relocalisation du Hamas : la Tunisie cit\u00e9e par i24NEWS dans des pourparlers US-Isra\u00ebl - webdo","description":"La Tunisie cit\u00e9e comme option pour la relocalisation du Hamas, dans des pourparlers entre les \u00c9tats-Unis et Isra\u00ebl, selon i24NEWS.","canonical":"https:\/\/www.webdo.tn\/fr\/actualite\/international\/relocalisation-du-hamas-la-tunisie-citee-par-i24news-dans-des-pourparlers-us-israel\/383494\/","og_locale":"fr_FR","og_type":"article","og_title":"Relocalisation du Hamas : la Tunisie cit\u00e9e par i24NEWS dans des pourparlers US-Isra\u00ebl","og_description":"La Tunisie cit\u00e9e comme option pour la relocalisation du Hamas, dans des pourparlers entre les \u00c9tats-Unis et Isra\u00ebl, selon i24NEWS.","og_url":"https:\/\/www.webdo.tn\/fr\/actualite\/international\/relocalisation-du-hamas-la-tunisie-citee-par-i24news-dans-des-pourparlers-us-israel\/383494\/","og_site_name":"webdo","article_publisher":"https:\/\/www.facebook.com\/webdotn","article_published_time":"2025-09-14T17:12:41+00:00","article_modified_time":"2025-09-15T08:09:06+00:00","og_image":[{"width":992,"height":495,"url":"https:\/\/www.webdo.tn\/fr\/wp-content\/uploads\/2025\/09\/hamas.jpg","type":"image\/jpeg"}],"author":"Ramzi Haddad","twitter_card":"summary_large_image","twitter_creator":"@webdo_tn","twitter_site":"@webdo_tn","twitter_misc":{"\u00c9crit par":"Ramzi Haddad","Dur\u00e9e de lecture estim\u00e9e":"2 minutes"},"schema":{"@context":"https:\/\/schema.org","@graph":[{"@type":"NewsArticle","@id":"https:\/\/www.webdo.tn\/fr\/actualite\/international\/relocalisation-du-hamas-la-tunisie-citee-par-i24news-dans-des-pourparlers-us-israel\/383494\/#article","isPartOf":{"@id":"https:\/\/www.webdo.tn\/fr\/actualite\/international\/relocalisation-du-hamas-la-tunisie-citee-par-i24news-dans-des-pourparlers-us-israel\/383494\/"},"author":{"name":"Ramzi Haddad","@id":"https:\/\/www.webdo.tn\/fr\/#\/schema\/person\/5663044c25eb36d8f88ba5b653f12f8c"},"headline":"Relocalisation du Hamas : la Tunisie cit\u00e9e par i24NEWS dans des pourparlers US-Isra\u00ebl","datePublished":"2025-09-14T17:12:41+00:00","dateModified":"2025-09-15T08:09:06+00:00","mainEntityOfPage":{"@id":"https:\/\/www.webdo.tn\/fr\/actualite\/international\/relocalisation-du-hamas-la-tunisie-citee-par-i24news-dans-des-pourparlers-us-israel\/383494\/"},"wordCount":418,"publisher":{"@id":"https:\/\/www.webdo.tn\/fr\/#organization"},"image":{"@id":"https:\/\/www.webdo.tn\/fr\/actualite\/international\/relocalisation-du-hamas-la-tunisie-citee-par-i24news-dans-des-pourparlers-us-israel\/383494\/#primaryimage"},"thumbnailUrl":"https:\/\/www.webdo.tn\/fr\/wp-content\/uploads\/2025\/09\/hamas.jpg","keywords":["Etats-Unis","Gaza","hamas","Tunisie"],"articleSection":["International"],"inLanguage":"fr-FR"},{"@type":"WebPage","@id":"https:\/\/www.webdo.tn\/fr\/actualite\/international\/relocalisation-du-hamas-la-tunisie-citee-par-i24news-dans-des-pourparlers-us-israel\/383494\/","url":"https:\/\/www.webdo.tn\/fr\/actualite\/international\/relocalisation-du-hamas-la-tunisie-citee-par-i24news-dans-des-pourparlers-us-israel\/383494\/","name":"Relocalisation du Hamas : la Tunisie cit\u00e9e par i24NEWS dans des pourparlers US-Isra\u00ebl - webdo","isPartOf":{"@id":"https:\/\/www.webdo.tn\/fr\/#website"},"primaryImageOfPage":{"@id":"https:\/\/www.webdo.tn\/fr\/actualite\/international\/relocalisation-du-hamas-la-tunisie-citee-par-i24news-dans-des-pourparlers-us-israel\/383494\/#primaryimage"},"image":{"@id":"https:\/\/www.webdo.tn\/fr\/actualite\/international\/relocalisation-du-hamas-la-tunisie-citee-par-i24news-dans-des-pourparlers-us-israel\/383494\/#primaryimage"},"thumbnailUrl":"https:\/\/www.webdo.tn\/fr\/wp-content\/uploads\/2025\/09\/hamas.jpg","datePublished":"2025-09-14T17:12:41+00:00","dateModified":"2025-09-15T08:09:06+00:00","description":"La Tunisie cit\u00e9e comme option pour la relocalisation du Hamas, dans des pourparlers entre les \u00c9tats-Unis et Isra\u00ebl, selon i24NEWS.","breadcrumb":{"@id":"https:\/\/www.webdo.tn\/fr\/actualite\/international\/relocalisation-du-hamas-la-tunisie-citee-par-i24news-dans-des-pourparlers-us-israel\/383494\/#breadcrumb"},"inLanguage":"fr-FR","potentialAction":[{"@type":"ReadAction","target":["https:\/\/www.webdo.tn\/fr\/actualite\/international\/relocalisation-du-hamas-la-tunisie-citee-par-i24news-dans-des-pourparlers-us-israel\/383494\/"]}]},{"@type":"ImageObject","inLanguage":"fr-FR","@id":"https:\/\/www.webdo.tn\/fr\/actualite\/international\/relocalisation-du-hamas-la-tunisie-citee-par-i24news-dans-des-pourparlers-us-israel\/383494\/#primaryimage","url":"https:\/\/www.webdo.tn\/fr\/wp-content\/uploads\/2025\/09\/hamas.jpg","contentUrl":"https:\/\/www.webdo.tn\/fr\/wp-content\/uploads\/2025\/09\/hamas.jpg","width":992,"height":495,"caption":"hamas"},{"@type":"BreadcrumbList","@id":"https:\/\/www.webdo.tn\/fr\/actualite\/international\/relocalisation-du-hamas-la-tunisie-citee-par-i24news-dans-des-pourparlers-us-israel\/383494\/#breadcrumb","itemListElement":[{"@type":"ListItem","position":1,"name":"Accueil","item":"https:\/\/www.webdo.tn\/fr\/"},{"@type":"ListItem","position":2,"name":"Relocalisation du Hamas : la Tunisie cit\u00e9e par i24NEWS dans des pourparlers US-Isra\u00ebl"}]},{"@type":"WebSite","@id":"https:\/\/www.webdo.tn\/fr\/#website","url":"https:\/\/www.webdo.tn\/fr\/","name":"webdo","description":"Tunisie - News en Tunisie et \u00e0 l&#039;international sur Webdo.tn","publisher":{"@id":"https:\/\/www.webdo.tn\/fr\/#organization"},"potentialAction":[{"@type":"SearchAction","target":{"@type":"EntryPoint","urlTemplate":"https:\/\/www.webdo.tn\/fr\/?s={search_term_string}"},"query-input":{"@type":"PropertyValueSpecification","valueRequired":true,"valueName":"search_term_string"}}],"inLanguage":"fr-FR"},{"@type":"Organization","@id":"https:\/\/www.webdo.tn\/fr\/#organization","name":"Webdo","alternateName":"Webdo.tn","url":"https:\/\/www.webdo.tn\/fr\/","logo":{"@type":"ImageObject","inLanguage":"fr-FR","@id":"https:\/\/www.webdo.tn\/fr\/#\/schema\/logo\/image\/","url":"https:\/\/www.webdo.tn\/fr\/wp-content\/uploads\/2025\/06\/Webdo-Tunisie_168377.jpg","contentUrl":"https:\/\/www.webdo.tn\/fr\/wp-content\/uploads\/2025\/06\/Webdo-Tunisie_168377.jpg","width":301,"height":301,"caption":"Webdo"},"image":{"@id":"https:\/\/www.webdo.tn\/fr\/#\/schema\/logo\/image\/"},"sameAs":["https:\/\/www.facebook.com\/webdotn","https:\/\/x.com\/webdo_tn"],"description":"Webdo est un m\u00e9dia num\u00e9rique tunisien fond\u00e9 en 2010, sp\u00e9cialis\u00e9 dans l\u2019actualit\u00e9 nationale et internationale, l\u2019\u00e9conomie, la soci\u00e9t\u00e9 et les analyses politiques. Le site s\u2019adresse \u00e0 un large public francophone et couvre l\u2019information tunisienne en temps r\u00e9el.","email":"redac@webdo.tn","legalName":"YNJ SARL","foundingDate":"2010-09-06","numberOfEmployees":{"@type":"QuantitativeValue","minValue":"11","maxValue":"50"}},{"@type":"Person","@id":"https:\/\/www.webdo.tn\/fr\/#\/schema\/person\/5663044c25eb36d8f88ba5b653f12f8c","name":"Ramzi Haddad","image":{"@type":"ImageObject","inLanguage":"fr-FR","@id":"https:\/\/www.webdo.tn\/fr\/wp-content\/uploads\/2026\/04\/ramzi-haddad_avatar-96x96.jpg","url":"https:\/\/www.webdo.tn\/fr\/wp-content\/uploads\/2026\/04\/ramzi-haddad_avatar-96x96.jpg","contentUrl":"https:\/\/www.webdo.tn\/fr\/wp-content\/uploads\/2026\/04\/ramzi-haddad_avatar-96x96.jpg","caption":"Ramzi Haddad"},"description":"Signature \u00e9ditoriale de Walid Ben Youssef Ramzi Haddad est le pseudonyme \u00e9ditorial de Walid Ben Youssef, fondateur et g\u00e9rant de Webdo.tn. Cette signature est d\u00e9di\u00e9e \u00e0 la couverture de l'actualit\u00e9 nationale et internationale, ainsi qu'aux analyses des dynamiques num\u00e9riques. Ce profil b\u00e9n\u00e9ficie de l'expertise de Walid Ben Youssef, pionnier du web en Tunisie depuis 2000 et dipl\u00f4m\u00e9 en Math\u00e9matiques pures de l'Universit\u00e9 d'Oregon. \u00c0 travers cette signature, la r\u00e9daction de Webdo garantit une information structur\u00e9e et v\u00e9rifi\u00e9e, fid\u00e8le aux standards journalistiques du m\u00e9dia.","url":"https:\/\/www.webdo.tn\/fr\/actualite\/author\/ramzi-haddad\/"}]}},"_links":{"self":[{"href":"https:\/\/www.webdo.tn\/fr\/wp-json\/wp\/v2\/posts\/383494","targetHints":{"allow":["GET"]}}],"collection":[{"href":"https:\/\/www.webdo.tn\/fr\/wp-json\/wp\/v2\/posts"}],"about":[{"href":"https:\/\/www.webdo.tn\/fr\/wp-json\/wp\/v2\/types\/post"}],"author":[{"embeddable":true,"href":"https:\/\/www.webdo.tn\/fr\/wp-json\/wp\/v2\/users\/3203"}],"replies":[{"embeddable":true,"href":"https:\/\/www.webdo.tn\/fr\/wp-json\/wp\/v2\/comments?post=383494"}],"version-history":[{"count":0,"href":"https:\/\/www.webdo.tn\/fr\/wp-json\/wp\/v2\/posts\/383494\/revisions"}],"wp:featuredmedia":[{"embeddable":true,"href":"https:\/\/www.webdo.tn\/fr\/wp-json\/wp\/v2\/media\/383496"}],"wp:attachment":[{"href":"https:\/\/www.webdo.tn\/fr\/wp-json\/wp\/v2\/media?parent=383494"}],"wp:term":[{"taxonomy":"category","embeddable":true,"href":"https:\/\/www.webdo.tn\/fr\/wp-json\/wp\/v2\/categories?post=383494"},{"taxonomy":"post_tag","embeddable":true,"href":"https:\/\/www.webdo.tn\/fr\/wp-json\/wp\/v2\/tags?post=383494"}],"curies":[{"name":"wp","href":"https:\/\/api.w.org\/{rel}","templated":true}]}}