{"id":383471,"date":"2025-09-14T09:51:46","date_gmt":"2025-09-14T08:51:46","guid":{"rendered":"https:\/\/www.webdo.tn\/fr\/?p=383471"},"modified":"2025-09-15T10:07:49","modified_gmt":"2025-09-15T09:07:49","slug":"boubaker-bethabet-elu-batonnier-un-mandat-pour-la-liberte-et-lunite","status":"publish","type":"post","link":"https:\/\/www.webdo.tn\/fr\/actualite\/national\/boubaker-bethabet-elu-batonnier-un-mandat-pour-la-liberte-et-lunite\/383471\/","title":{"rendered":"Boubaker Bethabet : \u00e9lu B\u00e2tonnier, un mandat pour la libert\u00e9 et l&rsquo;unit\u00e9"},"content":{"rendered":"\n<p>L\u2019avocat <strong>Boubaker Bethabet<\/strong> a \u00e9t\u00e9 \u00e9lu samedi 13 septembre 2025 <strong>nouveau b\u00e2tonnier de l\u2019Ordre national des avocats tunisiens<\/strong>, succ\u00e9dant \u00e0 Hatem Mziou. Sa victoire d\u00e8s le premier tour, avec <strong>2193 voix<\/strong>, lui assure une majorit\u00e9 nette face \u00e0 ses huit concurrents, dont Mohamed Mahjoub Mahjoub (498 voix) et Mohamed Hedfi (422). Plus de <strong>quatre mille avocats<\/strong> ont particip\u00e9 au scrutin, illustrant l\u2019importance et l\u2019engagement de la profession dans ce processus \u00e9lectoral.<\/p>\n\n\n\n<p>D\u00e8s l\u2019annonce des r\u00e9sultats, les <strong>r\u00e9seaux sociaux ont largement relay\u00e9 la victoire<\/strong> : vid\u00e9os de l\u2019entr\u00e9e de Bethabet dans la salle, applaudissements et chants des avocats en soutien \u00e0 leurs confr\u00e8res incarc\u00e9r\u00e9s ont circul\u00e9. Ces images traduisent l\u2019<strong>intensit\u00e9 symbolique<\/strong> de ce moment et le r\u00f4le central de l\u2019Ordre dans la vie professionnelle et institutionnelle du pays.<\/p>\n\n\n\n<p>Dans son <strong>discours inaugural<\/strong>, Bethabet a mis l\u2019accent sur l\u2019unit\u00e9 de la profession et sur le r\u00f4le central de l\u2019Ordre dans la pr\u00e9servation de l\u2019\u00c9tat de droit. Il a soulign\u00e9 l\u2019importance de l\u2019ind\u00e9pendance de la magistrature et le respect des droits fondamentaux, tout en rappelant la n\u00e9cessit\u00e9 d\u2019un dialogue constructif entre les avocats et les institutions. Il a \u00e9galement indiqu\u00e9 qu\u2019il entendait concentrer son mandat sur la <strong>coh\u00e9sion de la profession, la repr\u00e9sentation des avocats et le renforcement des structures de l\u2019Ordre<\/strong>, tout en promouvant les bonnes pratiques dans l\u2019exercice du m\u00e9tier.<\/p>\n\n\n\n<p>Cette \u00e9lection marque un <strong>renouvellement \u00e0 la t\u00eate de la profession<\/strong> et pose les bases d\u2019un mandat tourn\u00e9 vers la consolidation des valeurs de la justice et le respect de l\u2019\u00c9tat de droit, dans un contexte o\u00f9 la Tunisie continue d\u2019affirmer l\u2019importance de ses institutions professionnelles et de ses corps ind\u00e9pendants.<\/p>\n\n\n\n<iframe src=\"https:\/\/www.facebook.com\/plugins\/video.php?height=476&#038;href=https%3A%2F%2Fwww.facebook.com%2Ftrifi.bassem%2Fvideos%2F1094206759553245%2F&#038;show_text=false&#038;width=267&#038;t=0\" width=\"267\" height=\"476\" style=\"border:none;overflow:hidden\" scrolling=\"no\" frameborder=\"0\" allowfullscreen=\"true\" allow=\"autoplay; clipboard-write; encrypted-media; picture-in-picture; web-share\" allowFullScreen=\"true\"><\/iframe>\n","protected":false},"excerpt":{"rendered":"<p>L\u2019avocat Boubaker Bethabet a \u00e9t\u00e9 \u00e9lu samedi 13 septembre 2025 nouveau b\u00e2tonnier de l\u2019Ordre national des avocats tunisiens, succ\u00e9dant \u00e0 Hatem Mziou. Sa victoire d\u00e8s le premier tour, avec 2193 voix, lui assure une majorit\u00e9 nette face \u00e0 ses huit concurrents, dont Mohamed Mahjoub Mahjoub (498 voix) et Mohamed Hedfi (422). Plus de quatre mille [&hellip;]<\/p>\n","protected":false},"author":4779,"featured_media":383473,"comment_status":"closed","ping_status":"closed","sticky":false,"template":"","format":"standard","meta":{"footnotes":""},"categories":[44],"tags":[3042,12502,12854,2608],"class_list":["post-383471","post","type-post","status-publish","format-standard","has-post-thumbnail","hentry","category-national","tag-avocat","tag-batonnier-2","tag-boubaker-bethabet","tag-tunisie"],"yoast_head":"<!-- This site is optimized with the Yoast SEO Premium plugin v27.5 (Yoast SEO v27.5) - https:\/\/yoast.com\/product\/yoast-seo-premium-wordpress\/ -->\n<title>Boubaker Bethabet : \u00e9lu B\u00e2tonnier, un mandat pour la libert\u00e9 et l&#039;unit\u00e9 - webdo<\/title>\n<meta name=\"description\" content=\"L\u2019\u00e9lection de Boubaker Bethabet comme b\u00e2tonnier souligne son engagement pour la libert\u00e9 et l&#039;unit\u00e9 dans le corps des avocats tunisiens.\" \/>\n<link rel=\"canonical\" href=\"https:\/\/www.webdo.tn\/fr\/actualite\/national\/boubaker-bethabet-elu-batonnier-un-mandat-pour-la-liberte-et-lunite\/383471\/\" \/>\n<meta property=\"og:locale\" content=\"fr_FR\" \/>\n<meta property=\"og:type\" content=\"article\" \/>\n<meta property=\"og:title\" content=\"Boubaker Bethabet : \u00e9lu B\u00e2tonnier, un mandat pour la libert\u00e9 et l&#039;unit\u00e9\" \/>\n<meta property=\"og:description\" content=\"L\u2019\u00e9lection de Boubaker Bethabet comme b\u00e2tonnier souligne son engagement pour la libert\u00e9 et l&#039;unit\u00e9 dans le corps des avocats tunisiens.\" \/>\n<meta property=\"og:url\" content=\"https:\/\/www.webdo.tn\/fr\/actualite\/national\/boubaker-bethabet-elu-batonnier-un-mandat-pour-la-liberte-et-lunite\/383471\/\" \/>\n<meta property=\"og:site_name\" content=\"webdo\" \/>\n<meta property=\"article:publisher\" content=\"https:\/\/www.facebook.com\/webdotn\" \/>\n<meta property=\"article:published_time\" content=\"2025-09-14T08:51:46+00:00\" \/>\n<meta property=\"article:modified_time\" content=\"2025-09-15T09:07:49+00:00\" \/>\n<meta property=\"og:image\" content=\"https:\/\/www.webdo.tn\/fr\/wp-content\/uploads\/2025\/09\/Boubaker-Bethabet.jpg\" \/>\n\t<meta property=\"og:image:width\" content=\"1200\" \/>\n\t<meta property=\"og:image:height\" content=\"599\" \/>\n\t<meta property=\"og:image:type\" content=\"image\/jpeg\" \/>\n<meta name=\"author\" content=\"Firas Ben Abdeltif\" \/>\n<meta name=\"twitter:card\" content=\"summary_large_image\" \/>\n<meta name=\"twitter:creator\" content=\"@webdo_tn\" \/>\n<meta name=\"twitter:site\" content=\"@webdo_tn\" \/>\n<meta name=\"twitter:label1\" content=\"\u00c9crit par\" \/>\n\t<meta name=\"twitter:data1\" content=\"Firas Ben Abdeltif\" \/>\n\t<meta name=\"twitter:label2\" content=\"Dur\u00e9e de lecture estim\u00e9e\" \/>\n\t<meta name=\"twitter:data2\" content=\"2 minutes\" \/>\n<script type=\"application\/ld+json\" class=\"yoast-schema-graph\">{\"@context\":\"https:\\\/\\\/schema.org\",\"@graph\":[{\"@type\":\"NewsArticle\",\"@id\":\"https:\\\/\\\/www.webdo.tn\\\/fr\\\/actualite\\\/national\\\/boubaker-bethabet-elu-batonnier-un-mandat-pour-la-liberte-et-lunite\\\/383471\\\/#article\",\"isPartOf\":{\"@id\":\"https:\\\/\\\/www.webdo.tn\\\/fr\\\/actualite\\\/national\\\/boubaker-bethabet-elu-batonnier-un-mandat-pour-la-liberte-et-lunite\\\/383471\\\/\"},\"author\":{\"name\":\"Firas Ben Abdeltif\",\"@id\":\"https:\\\/\\\/www.webdo.tn\\\/fr\\\/#\\\/schema\\\/person\\\/19664196c9bfdcda126f3c27709f7d11\"},\"headline\":\"Boubaker Bethabet : \u00e9lu B\u00e2tonnier, un mandat pour la libert\u00e9 et l&rsquo;unit\u00e9\",\"datePublished\":\"2025-09-14T08:51:46+00:00\",\"dateModified\":\"2025-09-15T09:07:49+00:00\",\"mainEntityOfPage\":{\"@id\":\"https:\\\/\\\/www.webdo.tn\\\/fr\\\/actualite\\\/national\\\/boubaker-bethabet-elu-batonnier-un-mandat-pour-la-liberte-et-lunite\\\/383471\\\/\"},\"wordCount\":316,\"publisher\":{\"@id\":\"https:\\\/\\\/www.webdo.tn\\\/fr\\\/#organization\"},\"image\":{\"@id\":\"https:\\\/\\\/www.webdo.tn\\\/fr\\\/actualite\\\/national\\\/boubaker-bethabet-elu-batonnier-un-mandat-pour-la-liberte-et-lunite\\\/383471\\\/#primaryimage\"},\"thumbnailUrl\":\"https:\\\/\\\/www.webdo.tn\\\/fr\\\/wp-content\\\/uploads\\\/2025\\\/09\\\/Boubaker-Bethabet.jpg\",\"keywords\":[\"avocat\",\"b\u00e2tonnier\",\"Boubaker Bethabet\",\"Tunisie\"],\"articleSection\":[\"National\"],\"inLanguage\":\"fr-FR\"},{\"@type\":\"WebPage\",\"@id\":\"https:\\\/\\\/www.webdo.tn\\\/fr\\\/actualite\\\/national\\\/boubaker-bethabet-elu-batonnier-un-mandat-pour-la-liberte-et-lunite\\\/383471\\\/\",\"url\":\"https:\\\/\\\/www.webdo.tn\\\/fr\\\/actualite\\\/national\\\/boubaker-bethabet-elu-batonnier-un-mandat-pour-la-liberte-et-lunite\\\/383471\\\/\",\"name\":\"Boubaker Bethabet : \u00e9lu B\u00e2tonnier, un mandat pour la libert\u00e9 et l'unit\u00e9 - webdo\",\"isPartOf\":{\"@id\":\"https:\\\/\\\/www.webdo.tn\\\/fr\\\/#website\"},\"primaryImageOfPage\":{\"@id\":\"https:\\\/\\\/www.webdo.tn\\\/fr\\\/actualite\\\/national\\\/boubaker-bethabet-elu-batonnier-un-mandat-pour-la-liberte-et-lunite\\\/383471\\\/#primaryimage\"},\"image\":{\"@id\":\"https:\\\/\\\/www.webdo.tn\\\/fr\\\/actualite\\\/national\\\/boubaker-bethabet-elu-batonnier-un-mandat-pour-la-liberte-et-lunite\\\/383471\\\/#primaryimage\"},\"thumbnailUrl\":\"https:\\\/\\\/www.webdo.tn\\\/fr\\\/wp-content\\\/uploads\\\/2025\\\/09\\\/Boubaker-Bethabet.jpg\",\"datePublished\":\"2025-09-14T08:51:46+00:00\",\"dateModified\":\"2025-09-15T09:07:49+00:00\",\"description\":\"L\u2019\u00e9lection de Boubaker Bethabet comme b\u00e2tonnier souligne son engagement pour la libert\u00e9 et l'unit\u00e9 dans le corps des avocats tunisiens.\",\"breadcrumb\":{\"@id\":\"https:\\\/\\\/www.webdo.tn\\\/fr\\\/actualite\\\/national\\\/boubaker-bethabet-elu-batonnier-un-mandat-pour-la-liberte-et-lunite\\\/383471\\\/#breadcrumb\"},\"inLanguage\":\"fr-FR\",\"potentialAction\":[{\"@type\":\"ReadAction\",\"target\":[\"https:\\\/\\\/www.webdo.tn\\\/fr\\\/actualite\\\/national\\\/boubaker-bethabet-elu-batonnier-un-mandat-pour-la-liberte-et-lunite\\\/383471\\\/\"]}]},{\"@type\":\"ImageObject\",\"inLanguage\":\"fr-FR\",\"@id\":\"https:\\\/\\\/www.webdo.tn\\\/fr\\\/actualite\\\/national\\\/boubaker-bethabet-elu-batonnier-un-mandat-pour-la-liberte-et-lunite\\\/383471\\\/#primaryimage\",\"url\":\"https:\\\/\\\/www.webdo.tn\\\/fr\\\/wp-content\\\/uploads\\\/2025\\\/09\\\/Boubaker-Bethabet.jpg\",\"contentUrl\":\"https:\\\/\\\/www.webdo.tn\\\/fr\\\/wp-content\\\/uploads\\\/2025\\\/09\\\/Boubaker-Bethabet.jpg\",\"width\":1200,\"height\":599,\"caption\":\"Boubaker Bethabet\"},{\"@type\":\"BreadcrumbList\",\"@id\":\"https:\\\/\\\/www.webdo.tn\\\/fr\\\/actualite\\\/national\\\/boubaker-bethabet-elu-batonnier-un-mandat-pour-la-liberte-et-lunite\\\/383471\\\/#breadcrumb\",\"itemListElement\":[{\"@type\":\"ListItem\",\"position\":1,\"name\":\"Accueil\",\"item\":\"https:\\\/\\\/www.webdo.tn\\\/fr\\\/\"},{\"@type\":\"ListItem\",\"position\":2,\"name\":\"Boubaker Bethabet : \u00e9lu B\u00e2tonnier, un mandat pour la libert\u00e9 et l&rsquo;unit\u00e9\"}]},{\"@type\":\"WebSite\",\"@id\":\"https:\\\/\\\/www.webdo.tn\\\/fr\\\/#website\",\"url\":\"https:\\\/\\\/www.webdo.tn\\\/fr\\\/\",\"name\":\"webdo\",\"description\":\"Tunisie - News en Tunisie et \u00e0 l&#039;international sur Webdo.tn\",\"publisher\":{\"@id\":\"https:\\\/\\\/www.webdo.tn\\\/fr\\\/#organization\"},\"potentialAction\":[{\"@type\":\"SearchAction\",\"target\":{\"@type\":\"EntryPoint\",\"urlTemplate\":\"https:\\\/\\\/www.webdo.tn\\\/fr\\\/?s={search_term_string}\"},\"query-input\":{\"@type\":\"PropertyValueSpecification\",\"valueRequired\":true,\"valueName\":\"search_term_string\"}}],\"inLanguage\":\"fr-FR\"},{\"@type\":\"Organization\",\"@id\":\"https:\\\/\\\/www.webdo.tn\\\/fr\\\/#organization\",\"name\":\"Webdo\",\"alternateName\":\"Webdo.tn\",\"url\":\"https:\\\/\\\/www.webdo.tn\\\/fr\\\/\",\"logo\":{\"@type\":\"ImageObject\",\"inLanguage\":\"fr-FR\",\"@id\":\"https:\\\/\\\/www.webdo.tn\\\/fr\\\/#\\\/schema\\\/logo\\\/image\\\/\",\"url\":\"https:\\\/\\\/www.webdo.tn\\\/fr\\\/wp-content\\\/uploads\\\/2025\\\/06\\\/Webdo-Tunisie_168377.jpg\",\"contentUrl\":\"https:\\\/\\\/www.webdo.tn\\\/fr\\\/wp-content\\\/uploads\\\/2025\\\/06\\\/Webdo-Tunisie_168377.jpg\",\"width\":301,\"height\":301,\"caption\":\"Webdo\"},\"image\":{\"@id\":\"https:\\\/\\\/www.webdo.tn\\\/fr\\\/#\\\/schema\\\/logo\\\/image\\\/\"},\"sameAs\":[\"https:\\\/\\\/www.facebook.com\\\/webdotn\",\"https:\\\/\\\/x.com\\\/webdo_tn\"],\"description\":\"Webdo est un m\u00e9dia num\u00e9rique tunisien fond\u00e9 en 2010, sp\u00e9cialis\u00e9 dans l\u2019actualit\u00e9 nationale et internationale, l\u2019\u00e9conomie, la soci\u00e9t\u00e9 et les analyses politiques. Le site s\u2019adresse \u00e0 un large public francophone et couvre l\u2019information tunisienne en temps r\u00e9el.\",\"email\":\"redac@webdo.tn\",\"legalName\":\"YNJ SARL\",\"foundingDate\":\"2010-09-06\",\"numberOfEmployees\":{\"@type\":\"QuantitativeValue\",\"minValue\":\"11\",\"maxValue\":\"50\"}},{\"@type\":\"Person\",\"@id\":\"https:\\\/\\\/www.webdo.tn\\\/fr\\\/#\\\/schema\\\/person\\\/19664196c9bfdcda126f3c27709f7d11\",\"name\":\"Firas Ben Abdeltif\",\"image\":{\"@type\":\"ImageObject\",\"inLanguage\":\"fr-FR\",\"@id\":\"https:\\\/\\\/secure.gravatar.com\\\/avatar\\\/161a347d40df098a084778c52ed133dbd85f14df003867067c5948081241ec55?s=96&d=mm&r=g\",\"url\":\"https:\\\/\\\/secure.gravatar.com\\\/avatar\\\/161a347d40df098a084778c52ed133dbd85f14df003867067c5948081241ec55?s=96&d=mm&r=g\",\"contentUrl\":\"https:\\\/\\\/secure.gravatar.com\\\/avatar\\\/161a347d40df098a084778c52ed133dbd85f14df003867067c5948081241ec55?s=96&d=mm&r=g\",\"caption\":\"Firas Ben Abdeltif\"},\"url\":\"https:\\\/\\\/www.webdo.tn\\\/fr\\\/actualite\\\/author\\\/firas-ben-abdeltif\\\/\"}]}<\/script>\n<!-- \/ Yoast SEO Premium plugin. -->","yoast_head_json":{"title":"Boubaker Bethabet : \u00e9lu B\u00e2tonnier, un mandat pour la libert\u00e9 et l'unit\u00e9 - webdo","description":"L\u2019\u00e9lection de Boubaker Bethabet comme b\u00e2tonnier souligne son engagement pour la libert\u00e9 et l'unit\u00e9 dans le corps des avocats tunisiens.","canonical":"https:\/\/www.webdo.tn\/fr\/actualite\/national\/boubaker-bethabet-elu-batonnier-un-mandat-pour-la-liberte-et-lunite\/383471\/","og_locale":"fr_FR","og_type":"article","og_title":"Boubaker Bethabet : \u00e9lu B\u00e2tonnier, un mandat pour la libert\u00e9 et l'unit\u00e9","og_description":"L\u2019\u00e9lection de Boubaker Bethabet comme b\u00e2tonnier souligne son engagement pour la libert\u00e9 et l'unit\u00e9 dans le corps des avocats tunisiens.","og_url":"https:\/\/www.webdo.tn\/fr\/actualite\/national\/boubaker-bethabet-elu-batonnier-un-mandat-pour-la-liberte-et-lunite\/383471\/","og_site_name":"webdo","article_publisher":"https:\/\/www.facebook.com\/webdotn","article_published_time":"2025-09-14T08:51:46+00:00","article_modified_time":"2025-09-15T09:07:49+00:00","og_image":[{"width":1200,"height":599,"url":"https:\/\/www.webdo.tn\/fr\/wp-content\/uploads\/2025\/09\/Boubaker-Bethabet.jpg","type":"image\/jpeg"}],"author":"Firas Ben Abdeltif","twitter_card":"summary_large_image","twitter_creator":"@webdo_tn","twitter_site":"@webdo_tn","twitter_misc":{"\u00c9crit par":"Firas Ben Abdeltif","Dur\u00e9e de lecture estim\u00e9e":"2 minutes"},"schema":{"@context":"https:\/\/schema.org","@graph":[{"@type":"NewsArticle","@id":"https:\/\/www.webdo.tn\/fr\/actualite\/national\/boubaker-bethabet-elu-batonnier-un-mandat-pour-la-liberte-et-lunite\/383471\/#article","isPartOf":{"@id":"https:\/\/www.webdo.tn\/fr\/actualite\/national\/boubaker-bethabet-elu-batonnier-un-mandat-pour-la-liberte-et-lunite\/383471\/"},"author":{"name":"Firas Ben Abdeltif","@id":"https:\/\/www.webdo.tn\/fr\/#\/schema\/person\/19664196c9bfdcda126f3c27709f7d11"},"headline":"Boubaker Bethabet : \u00e9lu B\u00e2tonnier, un mandat pour la libert\u00e9 et l&rsquo;unit\u00e9","datePublished":"2025-09-14T08:51:46+00:00","dateModified":"2025-09-15T09:07:49+00:00","mainEntityOfPage":{"@id":"https:\/\/www.webdo.tn\/fr\/actualite\/national\/boubaker-bethabet-elu-batonnier-un-mandat-pour-la-liberte-et-lunite\/383471\/"},"wordCount":316,"publisher":{"@id":"https:\/\/www.webdo.tn\/fr\/#organization"},"image":{"@id":"https:\/\/www.webdo.tn\/fr\/actualite\/national\/boubaker-bethabet-elu-batonnier-un-mandat-pour-la-liberte-et-lunite\/383471\/#primaryimage"},"thumbnailUrl":"https:\/\/www.webdo.tn\/fr\/wp-content\/uploads\/2025\/09\/Boubaker-Bethabet.jpg","keywords":["avocat","b\u00e2tonnier","Boubaker Bethabet","Tunisie"],"articleSection":["National"],"inLanguage":"fr-FR"},{"@type":"WebPage","@id":"https:\/\/www.webdo.tn\/fr\/actualite\/national\/boubaker-bethabet-elu-batonnier-un-mandat-pour-la-liberte-et-lunite\/383471\/","url":"https:\/\/www.webdo.tn\/fr\/actualite\/national\/boubaker-bethabet-elu-batonnier-un-mandat-pour-la-liberte-et-lunite\/383471\/","name":"Boubaker Bethabet : \u00e9lu B\u00e2tonnier, un mandat pour la libert\u00e9 et l'unit\u00e9 - webdo","isPartOf":{"@id":"https:\/\/www.webdo.tn\/fr\/#website"},"primaryImageOfPage":{"@id":"https:\/\/www.webdo.tn\/fr\/actualite\/national\/boubaker-bethabet-elu-batonnier-un-mandat-pour-la-liberte-et-lunite\/383471\/#primaryimage"},"image":{"@id":"https:\/\/www.webdo.tn\/fr\/actualite\/national\/boubaker-bethabet-elu-batonnier-un-mandat-pour-la-liberte-et-lunite\/383471\/#primaryimage"},"thumbnailUrl":"https:\/\/www.webdo.tn\/fr\/wp-content\/uploads\/2025\/09\/Boubaker-Bethabet.jpg","datePublished":"2025-09-14T08:51:46+00:00","dateModified":"2025-09-15T09:07:49+00:00","description":"L\u2019\u00e9lection de Boubaker Bethabet comme b\u00e2tonnier souligne son engagement pour la libert\u00e9 et l'unit\u00e9 dans le corps des avocats tunisiens.","breadcrumb":{"@id":"https:\/\/www.webdo.tn\/fr\/actualite\/national\/boubaker-bethabet-elu-batonnier-un-mandat-pour-la-liberte-et-lunite\/383471\/#breadcrumb"},"inLanguage":"fr-FR","potentialAction":[{"@type":"ReadAction","target":["https:\/\/www.webdo.tn\/fr\/actualite\/national\/boubaker-bethabet-elu-batonnier-un-mandat-pour-la-liberte-et-lunite\/383471\/"]}]},{"@type":"ImageObject","inLanguage":"fr-FR","@id":"https:\/\/www.webdo.tn\/fr\/actualite\/national\/boubaker-bethabet-elu-batonnier-un-mandat-pour-la-liberte-et-lunite\/383471\/#primaryimage","url":"https:\/\/www.webdo.tn\/fr\/wp-content\/uploads\/2025\/09\/Boubaker-Bethabet.jpg","contentUrl":"https:\/\/www.webdo.tn\/fr\/wp-content\/uploads\/2025\/09\/Boubaker-Bethabet.jpg","width":1200,"height":599,"caption":"Boubaker Bethabet"},{"@type":"BreadcrumbList","@id":"https:\/\/www.webdo.tn\/fr\/actualite\/national\/boubaker-bethabet-elu-batonnier-un-mandat-pour-la-liberte-et-lunite\/383471\/#breadcrumb","itemListElement":[{"@type":"ListItem","position":1,"name":"Accueil","item":"https:\/\/www.webdo.tn\/fr\/"},{"@type":"ListItem","position":2,"name":"Boubaker Bethabet : \u00e9lu B\u00e2tonnier, un mandat pour la libert\u00e9 et l&rsquo;unit\u00e9"}]},{"@type":"WebSite","@id":"https:\/\/www.webdo.tn\/fr\/#website","url":"https:\/\/www.webdo.tn\/fr\/","name":"webdo","description":"Tunisie - News en Tunisie et \u00e0 l&#039;international sur Webdo.tn","publisher":{"@id":"https:\/\/www.webdo.tn\/fr\/#organization"},"potentialAction":[{"@type":"SearchAction","target":{"@type":"EntryPoint","urlTemplate":"https:\/\/www.webdo.tn\/fr\/?s={search_term_string}"},"query-input":{"@type":"PropertyValueSpecification","valueRequired":true,"valueName":"search_term_string"}}],"inLanguage":"fr-FR"},{"@type":"Organization","@id":"https:\/\/www.webdo.tn\/fr\/#organization","name":"Webdo","alternateName":"Webdo.tn","url":"https:\/\/www.webdo.tn\/fr\/","logo":{"@type":"ImageObject","inLanguage":"fr-FR","@id":"https:\/\/www.webdo.tn\/fr\/#\/schema\/logo\/image\/","url":"https:\/\/www.webdo.tn\/fr\/wp-content\/uploads\/2025\/06\/Webdo-Tunisie_168377.jpg","contentUrl":"https:\/\/www.webdo.tn\/fr\/wp-content\/uploads\/2025\/06\/Webdo-Tunisie_168377.jpg","width":301,"height":301,"caption":"Webdo"},"image":{"@id":"https:\/\/www.webdo.tn\/fr\/#\/schema\/logo\/image\/"},"sameAs":["https:\/\/www.facebook.com\/webdotn","https:\/\/x.com\/webdo_tn"],"description":"Webdo est un m\u00e9dia num\u00e9rique tunisien fond\u00e9 en 2010, sp\u00e9cialis\u00e9 dans l\u2019actualit\u00e9 nationale et internationale, l\u2019\u00e9conomie, la soci\u00e9t\u00e9 et les analyses politiques. Le site s\u2019adresse \u00e0 un large public francophone et couvre l\u2019information tunisienne en temps r\u00e9el.","email":"redac@webdo.tn","legalName":"YNJ SARL","foundingDate":"2010-09-06","numberOfEmployees":{"@type":"QuantitativeValue","minValue":"11","maxValue":"50"}},{"@type":"Person","@id":"https:\/\/www.webdo.tn\/fr\/#\/schema\/person\/19664196c9bfdcda126f3c27709f7d11","name":"Firas Ben Abdeltif","image":{"@type":"ImageObject","inLanguage":"fr-FR","@id":"https:\/\/secure.gravatar.com\/avatar\/161a347d40df098a084778c52ed133dbd85f14df003867067c5948081241ec55?s=96&d=mm&r=g","url":"https:\/\/secure.gravatar.com\/avatar\/161a347d40df098a084778c52ed133dbd85f14df003867067c5948081241ec55?s=96&d=mm&r=g","contentUrl":"https:\/\/secure.gravatar.com\/avatar\/161a347d40df098a084778c52ed133dbd85f14df003867067c5948081241ec55?s=96&d=mm&r=g","caption":"Firas Ben Abdeltif"},"url":"https:\/\/www.webdo.tn\/fr\/actualite\/author\/firas-ben-abdeltif\/"}]}},"_links":{"self":[{"href":"https:\/\/www.webdo.tn\/fr\/wp-json\/wp\/v2\/posts\/383471","targetHints":{"allow":["GET"]}}],"collection":[{"href":"https:\/\/www.webdo.tn\/fr\/wp-json\/wp\/v2\/posts"}],"about":[{"href":"https:\/\/www.webdo.tn\/fr\/wp-json\/wp\/v2\/types\/post"}],"author":[{"embeddable":true,"href":"https:\/\/www.webdo.tn\/fr\/wp-json\/wp\/v2\/users\/4779"}],"replies":[{"embeddable":true,"href":"https:\/\/www.webdo.tn\/fr\/wp-json\/wp\/v2\/comments?post=383471"}],"version-history":[{"count":0,"href":"https:\/\/www.webdo.tn\/fr\/wp-json\/wp\/v2\/posts\/383471\/revisions"}],"wp:featuredmedia":[{"embeddable":true,"href":"https:\/\/www.webdo.tn\/fr\/wp-json\/wp\/v2\/media\/383473"}],"wp:attachment":[{"href":"https:\/\/www.webdo.tn\/fr\/wp-json\/wp\/v2\/media?parent=383471"}],"wp:term":[{"taxonomy":"category","embeddable":true,"href":"https:\/\/www.webdo.tn\/fr\/wp-json\/wp\/v2\/categories?post=383471"},{"taxonomy":"post_tag","embeddable":true,"href":"https:\/\/www.webdo.tn\/fr\/wp-json\/wp\/v2\/tags?post=383471"}],"curies":[{"name":"wp","href":"https:\/\/api.w.org\/{rel}","templated":true}]}}