{"id":383453,"date":"2025-09-13T11:35:55","date_gmt":"2025-09-13T10:35:55","guid":{"rendered":"https:\/\/www.webdo.tn\/fr\/?p=383453"},"modified":"2025-09-15T08:31:09","modified_gmt":"2025-09-15T07:31:09","slug":"edito-flottille-soumoud-entre-solidarite-et-defi-geopolitique","status":"publish","type":"post","link":"https:\/\/www.webdo.tn\/fr\/actualite\/edito\/edito-flottille-soumoud-entre-solidarite-et-defi-geopolitique\/383453\/","title":{"rendered":"\u00c9dito : Flottille Soumoud, entre solidarit\u00e9 et d\u00e9fi g\u00e9opolitique"},"content":{"rendered":"\n<p>La Flottille Soumoud n\u2019est pas seulement une op\u00e9ration maritime. C\u2019est un symbole de solidarit\u00e9 r\u00e9gionale et internationale, un acte de d\u00e9fi face au blocus qui prive la bande de Gaza d\u2019aide humanitaire vitale.<\/p>\n\n\n\n<p>Depuis Barcelone jusqu\u2019aux ports tunisiens, des militants venus de plus de 44 pays convergent vers ce convoi, portant avec eux l\u2019espoir d\u2019un peuple opprim\u00e9 et le message d\u2019une mobilisation citoyenne qui refuse de rester silencieuse.<\/p>\n\n\n\n<p>Pourtant, derri\u00e8re la ferveur populaire, se dessinent les complexit\u00e9s d\u2019un monde en crise. Retards, conditions m\u00e9t\u00e9orologiques, v\u00e9rifications techniques et incidents \u2013 dont des attaques au drone contre deux navires \u2013 rappellent la fragilit\u00e9 d\u2019initiatives civiles dans des zones de conflit. La Tunisie, en facilitant la pr\u00e9paration logistique tout en restant prudente sur le plan diplomatique, incarne la tension entre engagement humanitaire et contraintes g\u00e9opolitiques.<\/p>\n\n\n\n<p>Mais la Flottille Soumoud transcende les obstacles. Elle illustre le pouvoir de la mobilisation citoyenne et le r\u00f4le croissant de la diplomatie civile. Chaque bateau, chaque don, chaque participant devient un maillon dans la cha\u00eene de solidarit\u00e9 internationale, envoyant un message clair aux gouvernements et aux instances internationales : lorsque la politique \u00e9choue \u00e0 prot\u00e9ger les civils, la soci\u00e9t\u00e9 civile prend le relais.<\/p>\n\n\n\n<p>Au final, la mission de la Flottille Soumoud n\u2019est pas seulement de briser un blocus maritime, elle est une d\u00e9monstration de courage, de dignit\u00e9 et d\u2019humanit\u00e9. Et dans ce contexte, la Tunisie, en se positionnant comme plateforme r\u00e9gionale de solidarit\u00e9, joue un r\u00f4le qui d\u00e9passe largement le simple cadre de ses ports : elle fait r\u00e9sonner un appel universel \u00e0 la justice et \u00e0 la protection des droits humains.<\/p>\n\n\n\n<p><\/p>\n\n\n\n<p><strong>Lire aussi :<\/strong><\/p>\n\n\n\n<ul class=\"wp-block-list\">\n<li><a href=\"https:\/\/www.webdo.tn\/fr\/actualite\/national\/flottille-soumoud-dix-navires-accostent-a-bizerte-pour-briser-le-blocus-de-gaza\/383328\/\">Sidi Bou Sa\u00efd : La Flottille Soumoud d\u00e9termin\u00e9e \u00e0 briser le blocus de Gaza<\/a><\/li>\n\n\n\n<li><a href=\"https:\/\/www.webdo.tn\/fr\/actualite\/national\/flottille-pour-gaza-tunis-confirme-un-acte-premedite-contre-les-navires\/383257\/\">Flottille pour Gaza : Tunis confirme un \u00ab acte pr\u00e9m\u00e9dit\u00e9 \u00bb contre les navires<\/a><\/li>\n\n\n\n<li><a href=\"https:\/\/www.webdo.tn\/fr\/actualite\/national\/flottille-apres-family-hier-aujourdhui-alma\/383185\/\">Flottille : apr\u00e8s \u00ab Family \u00bb hier\u2026 aujourd\u2019hui \u00ab Alma \u00bb<\/a><\/li>\n<\/ul>\n","protected":false},"excerpt":{"rendered":"<p>La Flottille Soumoud n\u2019est pas seulement une op\u00e9ration maritime. C\u2019est un symbole de solidarit\u00e9 r\u00e9gionale et internationale, un acte de d\u00e9fi face au blocus qui prive la bande de Gaza d\u2019aide humanitaire vitale. Depuis Barcelone jusqu\u2019aux ports tunisiens, des militants venus de plus de 44 pays convergent vers ce convoi, portant avec eux l\u2019espoir d\u2019un [&hellip;]<\/p>\n","protected":false},"author":3189,"featured_media":383454,"comment_status":"closed","ping_status":"closed","sticky":false,"template":"","format":"standard","meta":{"footnotes":""},"categories":[2589,2598],"tags":[12378,2689,12515,11913,2608],"class_list":["post-383453","post","type-post","status-publish","format-standard","has-post-thumbnail","hentry","category-edito","category-international","tag-flottille","tag-gaza","tag-global-sumud-flotilla","tag-soumoud","tag-tunisie"],"yoast_head":"<!-- This site is optimized with the Yoast SEO Premium plugin v27.5 (Yoast SEO v27.5) - https:\/\/yoast.com\/product\/yoast-seo-premium-wordpress\/ -->\n<title>\u00c9dito : Flottille Soumoud face aux d\u00e9fis humanitaires - webdo<\/title>\n<meta name=\"description\" content=\"L&#039;\u00c9dito : Flottille Soumoud explore la solidarit\u00e9 r\u00e9gionale et les d\u00e9fis g\u00e9opolitiques de l&#039;aide humanitaire.\" \/>\n<link rel=\"canonical\" href=\"https:\/\/www.webdo.tn\/fr\/actualite\/edito\/edito-flottille-soumoud-entre-solidarite-et-defi-geopolitique\/383453\/\" \/>\n<meta property=\"og:locale\" content=\"fr_FR\" \/>\n<meta property=\"og:type\" content=\"article\" \/>\n<meta property=\"og:title\" content=\"\u00c9dito : Flottille Soumoud, entre solidarit\u00e9 et d\u00e9fi g\u00e9opolitique\" \/>\n<meta property=\"og:description\" content=\"L&#039;\u00c9dito : Flottille Soumoud explore la solidarit\u00e9 r\u00e9gionale et les d\u00e9fis g\u00e9opolitiques de l&#039;aide humanitaire.\" \/>\n<meta property=\"og:url\" content=\"https:\/\/www.webdo.tn\/fr\/actualite\/edito\/edito-flottille-soumoud-entre-solidarite-et-defi-geopolitique\/383453\/\" \/>\n<meta property=\"og:site_name\" content=\"webdo\" \/>\n<meta property=\"article:publisher\" content=\"https:\/\/www.facebook.com\/webdotn\" \/>\n<meta property=\"article:author\" content=\"https:\/\/www.facebook.com\/youssef.rc.92\" \/>\n<meta property=\"article:published_time\" content=\"2025-09-13T10:35:55+00:00\" \/>\n<meta property=\"article:modified_time\" content=\"2025-09-15T07:31:09+00:00\" \/>\n<meta property=\"og:image\" content=\"https:\/\/www.webdo.tn\/fr\/wp-content\/uploads\/2025\/09\/global-sumud-flotilla.gif\" \/>\n\t<meta property=\"og:image:width\" content=\"800\" \/>\n\t<meta property=\"og:image:height\" content=\"401\" \/>\n\t<meta property=\"og:image:type\" content=\"image\/gif\" \/>\n<meta name=\"author\" content=\"Maher Chaabane\" \/>\n<meta name=\"twitter:card\" content=\"summary_large_image\" \/>\n<meta name=\"twitter:creator\" content=\"@webdo_tn\" \/>\n<meta name=\"twitter:site\" content=\"@webdo_tn\" \/>\n<meta name=\"twitter:label1\" content=\"\u00c9crit par\" \/>\n\t<meta name=\"twitter:data1\" content=\"Maher Chaabane\" \/>\n\t<meta name=\"twitter:label2\" content=\"Dur\u00e9e de lecture estim\u00e9e\" \/>\n\t<meta name=\"twitter:data2\" content=\"2 minutes\" \/>\n<script type=\"application\/ld+json\" class=\"yoast-schema-graph\">{\"@context\":\"https:\\\/\\\/schema.org\",\"@graph\":[{\"@type\":\"NewsArticle\",\"@id\":\"https:\\\/\\\/www.webdo.tn\\\/fr\\\/actualite\\\/edito\\\/edito-flottille-soumoud-entre-solidarite-et-defi-geopolitique\\\/383453\\\/#article\",\"isPartOf\":{\"@id\":\"https:\\\/\\\/www.webdo.tn\\\/fr\\\/actualite\\\/edito\\\/edito-flottille-soumoud-entre-solidarite-et-defi-geopolitique\\\/383453\\\/\"},\"author\":{\"name\":\"Maher Chaabane\",\"@id\":\"https:\\\/\\\/www.webdo.tn\\\/fr\\\/#\\\/schema\\\/person\\\/57c261717927697fcf719ab1058a8003\"},\"headline\":\"\u00c9dito : Flottille Soumoud, entre solidarit\u00e9 et d\u00e9fi g\u00e9opolitique\",\"datePublished\":\"2025-09-13T10:35:55+00:00\",\"dateModified\":\"2025-09-15T07:31:09+00:00\",\"mainEntityOfPage\":{\"@id\":\"https:\\\/\\\/www.webdo.tn\\\/fr\\\/actualite\\\/edito\\\/edito-flottille-soumoud-entre-solidarite-et-defi-geopolitique\\\/383453\\\/\"},\"wordCount\":334,\"publisher\":{\"@id\":\"https:\\\/\\\/www.webdo.tn\\\/fr\\\/#organization\"},\"image\":{\"@id\":\"https:\\\/\\\/www.webdo.tn\\\/fr\\\/actualite\\\/edito\\\/edito-flottille-soumoud-entre-solidarite-et-defi-geopolitique\\\/383453\\\/#primaryimage\"},\"thumbnailUrl\":\"https:\\\/\\\/www.webdo.tn\\\/fr\\\/wp-content\\\/uploads\\\/2025\\\/09\\\/global-sumud-flotilla.gif\",\"keywords\":[\"Flottille\",\"Gaza\",\"Global Sumud Flotilla\",\"soumoud\",\"Tunisie\"],\"articleSection\":[\"Edito\",\"International\"],\"inLanguage\":\"fr-FR\"},{\"@type\":\"WebPage\",\"@id\":\"https:\\\/\\\/www.webdo.tn\\\/fr\\\/actualite\\\/edito\\\/edito-flottille-soumoud-entre-solidarite-et-defi-geopolitique\\\/383453\\\/\",\"url\":\"https:\\\/\\\/www.webdo.tn\\\/fr\\\/actualite\\\/edito\\\/edito-flottille-soumoud-entre-solidarite-et-defi-geopolitique\\\/383453\\\/\",\"name\":\"\u00c9dito : Flottille Soumoud face aux d\u00e9fis humanitaires - webdo\",\"isPartOf\":{\"@id\":\"https:\\\/\\\/www.webdo.tn\\\/fr\\\/#website\"},\"primaryImageOfPage\":{\"@id\":\"https:\\\/\\\/www.webdo.tn\\\/fr\\\/actualite\\\/edito\\\/edito-flottille-soumoud-entre-solidarite-et-defi-geopolitique\\\/383453\\\/#primaryimage\"},\"image\":{\"@id\":\"https:\\\/\\\/www.webdo.tn\\\/fr\\\/actualite\\\/edito\\\/edito-flottille-soumoud-entre-solidarite-et-defi-geopolitique\\\/383453\\\/#primaryimage\"},\"thumbnailUrl\":\"https:\\\/\\\/www.webdo.tn\\\/fr\\\/wp-content\\\/uploads\\\/2025\\\/09\\\/global-sumud-flotilla.gif\",\"datePublished\":\"2025-09-13T10:35:55+00:00\",\"dateModified\":\"2025-09-15T07:31:09+00:00\",\"description\":\"L'\u00c9dito : Flottille Soumoud explore la solidarit\u00e9 r\u00e9gionale et les d\u00e9fis g\u00e9opolitiques de l'aide humanitaire.\",\"breadcrumb\":{\"@id\":\"https:\\\/\\\/www.webdo.tn\\\/fr\\\/actualite\\\/edito\\\/edito-flottille-soumoud-entre-solidarite-et-defi-geopolitique\\\/383453\\\/#breadcrumb\"},\"inLanguage\":\"fr-FR\",\"potentialAction\":[{\"@type\":\"ReadAction\",\"target\":[\"https:\\\/\\\/www.webdo.tn\\\/fr\\\/actualite\\\/edito\\\/edito-flottille-soumoud-entre-solidarite-et-defi-geopolitique\\\/383453\\\/\"]}]},{\"@type\":\"ImageObject\",\"inLanguage\":\"fr-FR\",\"@id\":\"https:\\\/\\\/www.webdo.tn\\\/fr\\\/actualite\\\/edito\\\/edito-flottille-soumoud-entre-solidarite-et-defi-geopolitique\\\/383453\\\/#primaryimage\",\"url\":\"https:\\\/\\\/www.webdo.tn\\\/fr\\\/wp-content\\\/uploads\\\/2025\\\/09\\\/global-sumud-flotilla.gif\",\"contentUrl\":\"https:\\\/\\\/www.webdo.tn\\\/fr\\\/wp-content\\\/uploads\\\/2025\\\/09\\\/global-sumud-flotilla.gif\",\"width\":800,\"height\":401,\"caption\":\"\u00c9dito : Flottille Soumoud, entre solidarit\u00e9 et d\u00e9fi g\u00e9opolitique\"},{\"@type\":\"BreadcrumbList\",\"@id\":\"https:\\\/\\\/www.webdo.tn\\\/fr\\\/actualite\\\/edito\\\/edito-flottille-soumoud-entre-solidarite-et-defi-geopolitique\\\/383453\\\/#breadcrumb\",\"itemListElement\":[{\"@type\":\"ListItem\",\"position\":1,\"name\":\"Accueil\",\"item\":\"https:\\\/\\\/www.webdo.tn\\\/fr\\\/\"},{\"@type\":\"ListItem\",\"position\":2,\"name\":\"\u00c9dito : Flottille Soumoud, entre solidarit\u00e9 et d\u00e9fi g\u00e9opolitique\"}]},{\"@type\":\"WebSite\",\"@id\":\"https:\\\/\\\/www.webdo.tn\\\/fr\\\/#website\",\"url\":\"https:\\\/\\\/www.webdo.tn\\\/fr\\\/\",\"name\":\"webdo\",\"description\":\"Tunisie - News en Tunisie et \u00e0 l&#039;international sur Webdo.tn\",\"publisher\":{\"@id\":\"https:\\\/\\\/www.webdo.tn\\\/fr\\\/#organization\"},\"potentialAction\":[{\"@type\":\"SearchAction\",\"target\":{\"@type\":\"EntryPoint\",\"urlTemplate\":\"https:\\\/\\\/www.webdo.tn\\\/fr\\\/?s={search_term_string}\"},\"query-input\":{\"@type\":\"PropertyValueSpecification\",\"valueRequired\":true,\"valueName\":\"search_term_string\"}}],\"inLanguage\":\"fr-FR\"},{\"@type\":\"Organization\",\"@id\":\"https:\\\/\\\/www.webdo.tn\\\/fr\\\/#organization\",\"name\":\"Webdo\",\"alternateName\":\"Webdo.tn\",\"url\":\"https:\\\/\\\/www.webdo.tn\\\/fr\\\/\",\"logo\":{\"@type\":\"ImageObject\",\"inLanguage\":\"fr-FR\",\"@id\":\"https:\\\/\\\/www.webdo.tn\\\/fr\\\/#\\\/schema\\\/logo\\\/image\\\/\",\"url\":\"https:\\\/\\\/www.webdo.tn\\\/fr\\\/wp-content\\\/uploads\\\/2025\\\/06\\\/Webdo-Tunisie_168377.jpg\",\"contentUrl\":\"https:\\\/\\\/www.webdo.tn\\\/fr\\\/wp-content\\\/uploads\\\/2025\\\/06\\\/Webdo-Tunisie_168377.jpg\",\"width\":301,\"height\":301,\"caption\":\"Webdo\"},\"image\":{\"@id\":\"https:\\\/\\\/www.webdo.tn\\\/fr\\\/#\\\/schema\\\/logo\\\/image\\\/\"},\"sameAs\":[\"https:\\\/\\\/www.facebook.com\\\/webdotn\",\"https:\\\/\\\/x.com\\\/webdo_tn\"],\"description\":\"Webdo est un m\u00e9dia num\u00e9rique tunisien fond\u00e9 en 2010, sp\u00e9cialis\u00e9 dans l\u2019actualit\u00e9 nationale et internationale, l\u2019\u00e9conomie, la soci\u00e9t\u00e9 et les analyses politiques. Le site s\u2019adresse \u00e0 un large public francophone et couvre l\u2019information tunisienne en temps r\u00e9el.\",\"email\":\"redac@webdo.tn\",\"legalName\":\"YNJ SARL\",\"foundingDate\":\"2010-09-06\",\"numberOfEmployees\":{\"@type\":\"QuantitativeValue\",\"minValue\":\"11\",\"maxValue\":\"50\"}},{\"@type\":\"Person\",\"@id\":\"https:\\\/\\\/www.webdo.tn\\\/fr\\\/#\\\/schema\\\/person\\\/57c261717927697fcf719ab1058a8003\",\"name\":\"Maher Chaabane\",\"image\":{\"@type\":\"ImageObject\",\"inLanguage\":\"fr-FR\",\"@id\":\"https:\\\/\\\/www.webdo.tn\\\/fr\\\/wp-content\\\/uploads\\\/2026\\\/04\\\/maher-chaabane_avatar_2-96x96.jpg\",\"url\":\"https:\\\/\\\/www.webdo.tn\\\/fr\\\/wp-content\\\/uploads\\\/2026\\\/04\\\/maher-chaabane_avatar_2-96x96.jpg\",\"contentUrl\":\"https:\\\/\\\/www.webdo.tn\\\/fr\\\/wp-content\\\/uploads\\\/2026\\\/04\\\/maher-chaabane_avatar_2-96x96.jpg\",\"caption\":\"Maher Chaabane\"},\"description\":\"Maher Chaabane est journaliste et r\u00e9dacteur en chef de Webdo.tn depuis 2012. Il d\u00e9bute sa carri\u00e8re au sein du groupe Tunis Hebdo en 2000, o\u00f9 il couvre pendant plusieurs ann\u00e9es l\u2019actualit\u00e9 sportive et internationale, avant d\u2019occuper les fonctions de r\u00e9dacteur en chef adjoint. Fort de plus de deux d\u00e9cennies d\u2019exp\u00e9rience dans le journalisme, il supervise aujourd\u2019hui la production \u00e9ditoriale de Webdo et contribue activement \u00e0 la ligne du m\u00e9dia, en particulier sur les sujets d\u2019actualit\u00e9 nationale et internationale. https:\\\/\\\/www.facebook.com\\\/youssef.rc.92\",\"sameAs\":[\"https:\\\/\\\/www.facebook.com\\\/youssef.rc.92\"],\"knowsAbout\":[\"journalisme\",\"actualit\u00e9 internationale\",\"sport\",\"r\u00e9daction\",\"m\u00e9dias\",\"information\"],\"knowsLanguage\":[\"Fran\u00e7ais\",\"Arabe\"],\"jobTitle\":\"R\u00e9dacteur en chef\",\"worksFor\":\"Webdo.tn\",\"url\":\"https:\\\/\\\/www.webdo.tn\\\/fr\\\/actualite\\\/author\\\/maher-chaabane\\\/\"}]}<\/script>\n<!-- \/ Yoast SEO Premium plugin. -->","yoast_head_json":{"title":"\u00c9dito : Flottille Soumoud face aux d\u00e9fis humanitaires - webdo","description":"L'\u00c9dito : Flottille Soumoud explore la solidarit\u00e9 r\u00e9gionale et les d\u00e9fis g\u00e9opolitiques de l'aide humanitaire.","canonical":"https:\/\/www.webdo.tn\/fr\/actualite\/edito\/edito-flottille-soumoud-entre-solidarite-et-defi-geopolitique\/383453\/","og_locale":"fr_FR","og_type":"article","og_title":"\u00c9dito : Flottille Soumoud, entre solidarit\u00e9 et d\u00e9fi g\u00e9opolitique","og_description":"L'\u00c9dito : Flottille Soumoud explore la solidarit\u00e9 r\u00e9gionale et les d\u00e9fis g\u00e9opolitiques de l'aide humanitaire.","og_url":"https:\/\/www.webdo.tn\/fr\/actualite\/edito\/edito-flottille-soumoud-entre-solidarite-et-defi-geopolitique\/383453\/","og_site_name":"webdo","article_publisher":"https:\/\/www.facebook.com\/webdotn","article_author":"https:\/\/www.facebook.com\/youssef.rc.92","article_published_time":"2025-09-13T10:35:55+00:00","article_modified_time":"2025-09-15T07:31:09+00:00","og_image":[{"width":800,"height":401,"url":"https:\/\/www.webdo.tn\/fr\/wp-content\/uploads\/2025\/09\/global-sumud-flotilla.gif","type":"image\/gif"}],"author":"Maher Chaabane","twitter_card":"summary_large_image","twitter_creator":"@webdo_tn","twitter_site":"@webdo_tn","twitter_misc":{"\u00c9crit par":"Maher Chaabane","Dur\u00e9e de lecture estim\u00e9e":"2 minutes"},"schema":{"@context":"https:\/\/schema.org","@graph":[{"@type":"NewsArticle","@id":"https:\/\/www.webdo.tn\/fr\/actualite\/edito\/edito-flottille-soumoud-entre-solidarite-et-defi-geopolitique\/383453\/#article","isPartOf":{"@id":"https:\/\/www.webdo.tn\/fr\/actualite\/edito\/edito-flottille-soumoud-entre-solidarite-et-defi-geopolitique\/383453\/"},"author":{"name":"Maher Chaabane","@id":"https:\/\/www.webdo.tn\/fr\/#\/schema\/person\/57c261717927697fcf719ab1058a8003"},"headline":"\u00c9dito : Flottille Soumoud, entre solidarit\u00e9 et d\u00e9fi g\u00e9opolitique","datePublished":"2025-09-13T10:35:55+00:00","dateModified":"2025-09-15T07:31:09+00:00","mainEntityOfPage":{"@id":"https:\/\/www.webdo.tn\/fr\/actualite\/edito\/edito-flottille-soumoud-entre-solidarite-et-defi-geopolitique\/383453\/"},"wordCount":334,"publisher":{"@id":"https:\/\/www.webdo.tn\/fr\/#organization"},"image":{"@id":"https:\/\/www.webdo.tn\/fr\/actualite\/edito\/edito-flottille-soumoud-entre-solidarite-et-defi-geopolitique\/383453\/#primaryimage"},"thumbnailUrl":"https:\/\/www.webdo.tn\/fr\/wp-content\/uploads\/2025\/09\/global-sumud-flotilla.gif","keywords":["Flottille","Gaza","Global Sumud Flotilla","soumoud","Tunisie"],"articleSection":["Edito","International"],"inLanguage":"fr-FR"},{"@type":"WebPage","@id":"https:\/\/www.webdo.tn\/fr\/actualite\/edito\/edito-flottille-soumoud-entre-solidarite-et-defi-geopolitique\/383453\/","url":"https:\/\/www.webdo.tn\/fr\/actualite\/edito\/edito-flottille-soumoud-entre-solidarite-et-defi-geopolitique\/383453\/","name":"\u00c9dito : Flottille Soumoud face aux d\u00e9fis humanitaires - webdo","isPartOf":{"@id":"https:\/\/www.webdo.tn\/fr\/#website"},"primaryImageOfPage":{"@id":"https:\/\/www.webdo.tn\/fr\/actualite\/edito\/edito-flottille-soumoud-entre-solidarite-et-defi-geopolitique\/383453\/#primaryimage"},"image":{"@id":"https:\/\/www.webdo.tn\/fr\/actualite\/edito\/edito-flottille-soumoud-entre-solidarite-et-defi-geopolitique\/383453\/#primaryimage"},"thumbnailUrl":"https:\/\/www.webdo.tn\/fr\/wp-content\/uploads\/2025\/09\/global-sumud-flotilla.gif","datePublished":"2025-09-13T10:35:55+00:00","dateModified":"2025-09-15T07:31:09+00:00","description":"L'\u00c9dito : Flottille Soumoud explore la solidarit\u00e9 r\u00e9gionale et les d\u00e9fis g\u00e9opolitiques de l'aide humanitaire.","breadcrumb":{"@id":"https:\/\/www.webdo.tn\/fr\/actualite\/edito\/edito-flottille-soumoud-entre-solidarite-et-defi-geopolitique\/383453\/#breadcrumb"},"inLanguage":"fr-FR","potentialAction":[{"@type":"ReadAction","target":["https:\/\/www.webdo.tn\/fr\/actualite\/edito\/edito-flottille-soumoud-entre-solidarite-et-defi-geopolitique\/383453\/"]}]},{"@type":"ImageObject","inLanguage":"fr-FR","@id":"https:\/\/www.webdo.tn\/fr\/actualite\/edito\/edito-flottille-soumoud-entre-solidarite-et-defi-geopolitique\/383453\/#primaryimage","url":"https:\/\/www.webdo.tn\/fr\/wp-content\/uploads\/2025\/09\/global-sumud-flotilla.gif","contentUrl":"https:\/\/www.webdo.tn\/fr\/wp-content\/uploads\/2025\/09\/global-sumud-flotilla.gif","width":800,"height":401,"caption":"\u00c9dito : Flottille Soumoud, entre solidarit\u00e9 et d\u00e9fi g\u00e9opolitique"},{"@type":"BreadcrumbList","@id":"https:\/\/www.webdo.tn\/fr\/actualite\/edito\/edito-flottille-soumoud-entre-solidarite-et-defi-geopolitique\/383453\/#breadcrumb","itemListElement":[{"@type":"ListItem","position":1,"name":"Accueil","item":"https:\/\/www.webdo.tn\/fr\/"},{"@type":"ListItem","position":2,"name":"\u00c9dito : Flottille Soumoud, entre solidarit\u00e9 et d\u00e9fi g\u00e9opolitique"}]},{"@type":"WebSite","@id":"https:\/\/www.webdo.tn\/fr\/#website","url":"https:\/\/www.webdo.tn\/fr\/","name":"webdo","description":"Tunisie - News en Tunisie et \u00e0 l&#039;international sur Webdo.tn","publisher":{"@id":"https:\/\/www.webdo.tn\/fr\/#organization"},"potentialAction":[{"@type":"SearchAction","target":{"@type":"EntryPoint","urlTemplate":"https:\/\/www.webdo.tn\/fr\/?s={search_term_string}"},"query-input":{"@type":"PropertyValueSpecification","valueRequired":true,"valueName":"search_term_string"}}],"inLanguage":"fr-FR"},{"@type":"Organization","@id":"https:\/\/www.webdo.tn\/fr\/#organization","name":"Webdo","alternateName":"Webdo.tn","url":"https:\/\/www.webdo.tn\/fr\/","logo":{"@type":"ImageObject","inLanguage":"fr-FR","@id":"https:\/\/www.webdo.tn\/fr\/#\/schema\/logo\/image\/","url":"https:\/\/www.webdo.tn\/fr\/wp-content\/uploads\/2025\/06\/Webdo-Tunisie_168377.jpg","contentUrl":"https:\/\/www.webdo.tn\/fr\/wp-content\/uploads\/2025\/06\/Webdo-Tunisie_168377.jpg","width":301,"height":301,"caption":"Webdo"},"image":{"@id":"https:\/\/www.webdo.tn\/fr\/#\/schema\/logo\/image\/"},"sameAs":["https:\/\/www.facebook.com\/webdotn","https:\/\/x.com\/webdo_tn"],"description":"Webdo est un m\u00e9dia num\u00e9rique tunisien fond\u00e9 en 2010, sp\u00e9cialis\u00e9 dans l\u2019actualit\u00e9 nationale et internationale, l\u2019\u00e9conomie, la soci\u00e9t\u00e9 et les analyses politiques. Le site s\u2019adresse \u00e0 un large public francophone et couvre l\u2019information tunisienne en temps r\u00e9el.","email":"redac@webdo.tn","legalName":"YNJ SARL","foundingDate":"2010-09-06","numberOfEmployees":{"@type":"QuantitativeValue","minValue":"11","maxValue":"50"}},{"@type":"Person","@id":"https:\/\/www.webdo.tn\/fr\/#\/schema\/person\/57c261717927697fcf719ab1058a8003","name":"Maher Chaabane","image":{"@type":"ImageObject","inLanguage":"fr-FR","@id":"https:\/\/www.webdo.tn\/fr\/wp-content\/uploads\/2026\/04\/maher-chaabane_avatar_2-96x96.jpg","url":"https:\/\/www.webdo.tn\/fr\/wp-content\/uploads\/2026\/04\/maher-chaabane_avatar_2-96x96.jpg","contentUrl":"https:\/\/www.webdo.tn\/fr\/wp-content\/uploads\/2026\/04\/maher-chaabane_avatar_2-96x96.jpg","caption":"Maher Chaabane"},"description":"Maher Chaabane est journaliste et r\u00e9dacteur en chef de Webdo.tn depuis 2012. Il d\u00e9bute sa carri\u00e8re au sein du groupe Tunis Hebdo en 2000, o\u00f9 il couvre pendant plusieurs ann\u00e9es l\u2019actualit\u00e9 sportive et internationale, avant d\u2019occuper les fonctions de r\u00e9dacteur en chef adjoint. Fort de plus de deux d\u00e9cennies d\u2019exp\u00e9rience dans le journalisme, il supervise aujourd\u2019hui la production \u00e9ditoriale de Webdo et contribue activement \u00e0 la ligne du m\u00e9dia, en particulier sur les sujets d\u2019actualit\u00e9 nationale et internationale. https:\/\/www.facebook.com\/youssef.rc.92","sameAs":["https:\/\/www.facebook.com\/youssef.rc.92"],"knowsAbout":["journalisme","actualit\u00e9 internationale","sport","r\u00e9daction","m\u00e9dias","information"],"knowsLanguage":["Fran\u00e7ais","Arabe"],"jobTitle":"R\u00e9dacteur en chef","worksFor":"Webdo.tn","url":"https:\/\/www.webdo.tn\/fr\/actualite\/author\/maher-chaabane\/"}]}},"_links":{"self":[{"href":"https:\/\/www.webdo.tn\/fr\/wp-json\/wp\/v2\/posts\/383453","targetHints":{"allow":["GET"]}}],"collection":[{"href":"https:\/\/www.webdo.tn\/fr\/wp-json\/wp\/v2\/posts"}],"about":[{"href":"https:\/\/www.webdo.tn\/fr\/wp-json\/wp\/v2\/types\/post"}],"author":[{"embeddable":true,"href":"https:\/\/www.webdo.tn\/fr\/wp-json\/wp\/v2\/users\/3189"}],"replies":[{"embeddable":true,"href":"https:\/\/www.webdo.tn\/fr\/wp-json\/wp\/v2\/comments?post=383453"}],"version-history":[{"count":0,"href":"https:\/\/www.webdo.tn\/fr\/wp-json\/wp\/v2\/posts\/383453\/revisions"}],"wp:featuredmedia":[{"embeddable":true,"href":"https:\/\/www.webdo.tn\/fr\/wp-json\/wp\/v2\/media\/383454"}],"wp:attachment":[{"href":"https:\/\/www.webdo.tn\/fr\/wp-json\/wp\/v2\/media?parent=383453"}],"wp:term":[{"taxonomy":"category","embeddable":true,"href":"https:\/\/www.webdo.tn\/fr\/wp-json\/wp\/v2\/categories?post=383453"},{"taxonomy":"post_tag","embeddable":true,"href":"https:\/\/www.webdo.tn\/fr\/wp-json\/wp\/v2\/tags?post=383453"}],"curies":[{"name":"wp","href":"https:\/\/api.w.org\/{rel}","templated":true}]}}