{"id":383405,"date":"2025-09-12T19:10:16","date_gmt":"2025-09-12T18:10:16","guid":{"rendered":"https:\/\/www.webdo.tn\/fr\/?p=383405"},"modified":"2025-09-13T10:22:57","modified_gmt":"2025-09-13T09:22:57","slug":"palestine-solution-a-deux-etats-lonu-adopte-une-declaration-la-tunisie-absente-du-vote","status":"publish","type":"post","link":"https:\/\/www.webdo.tn\/fr\/actualite\/international\/palestine-solution-a-deux-etats-lonu-adopte-une-declaration-la-tunisie-absente-du-vote\/383405\/","title":{"rendered":"Palestine &#8211; Solution \u00e0 deux \u00c9tats : L\u2019ONU adopte une d\u00e9claration, la Tunisie absente du vote"},"content":{"rendered":"\n<p>L\u2019Assembl\u00e9e g\u00e9n\u00e9rale des Nations unies a adopt\u00e9, le 12 septembre 2025, une d\u00e9claration historique r\u00e9affirmant son engagement en faveur de la solution \u00e0 deux \u00c9tats pour r\u00e9soudre le conflit isra\u00e9lo-palestinien. Ce texte, issu d\u2019une conf\u00e9rence internationale organis\u00e9e en juillet dernier sous l\u2019\u00e9gide de la France et de l\u2019Arabie saoudite, appelle \u00e0 mettre en place un calendrier pr\u00e9cis et des mesures irr\u00e9versibles menant \u00e0 la cr\u00e9ation d\u2019un \u00c9tat palestinien aux c\u00f4t\u00e9s d\u2019Isra\u00ebl.<\/p>\n\n\n\n<p>La d\u00e9claration a \u00e9t\u00e9 approuv\u00e9e par <strong>142 \u00c9tats membres<\/strong>, tandis que <strong>10 ont vot\u00e9 contre<\/strong> et <strong>12 se sont abstenus<\/strong>, la Tunisie n&rsquo;a pas particip\u00e9 au vote. La Tunisie a toujours r\u00e9affirm\u00e9 son attachement au droit du peuple palestinien \u00e0 l\u2019autod\u00e9termination et \u00e0 l\u2019\u00e9tablissement d\u2019un \u00c9tat ind\u00e9pendant sur les fronti\u00e8res de 1967, avec al Qods-Est pour capitale et ne reconnait pas l&rsquo;entit\u00e9 sioniste. <\/p>\n\n\n\n<p>Ce large soutien illustre l\u2019isolement croissant d\u2019Isra\u00ebl sur la sc\u00e8ne internationale \u00e0 propos de la question palestinienne. Les \u00c9tats-Unis et Isra\u00ebl ont rejet\u00e9 cette initiative, qualifi\u00e9e par leurs repr\u00e9sentants de \u00ab d\u00e9marche unilat\u00e9rale \u00bb susceptible de nuire aux n\u00e9gociations de paix directes. <\/p>\n\n\n\n<h3 class=\"wp-block-heading\" id=\"h-une-resolution-symbolique-mais-non-contraignante\">Une r\u00e9solution symbolique mais non contraignante<\/h3>\n\n\n\n<p>Bien que cette d\u00e9claration ne soit <strong>pas juridiquement contraignante<\/strong>, elle marque une <strong>pression diplomatique renouvel\u00e9e<\/strong> notamment sur Israel pour reprendre les n\u00e9gociations et freiner les actions qui compromettent la perspective d\u2019un r\u00e8glement durable, notamment la poursuite de la colonisation isra\u00e9lienne en Cisjordanie occup\u00e9e.<\/p>\n","protected":false},"excerpt":{"rendered":"<p>L\u2019Assembl\u00e9e g\u00e9n\u00e9rale des Nations unies a adopt\u00e9, le 12 septembre 2025, une d\u00e9claration historique r\u00e9affirmant son engagement en faveur de la solution \u00e0 deux \u00c9tats pour r\u00e9soudre le conflit isra\u00e9lo-palestinien. Ce texte, issu d\u2019une conf\u00e9rence internationale organis\u00e9e en juillet dernier sous l\u2019\u00e9gide de la France et de l\u2019Arabie saoudite, appelle \u00e0 mettre en place un [&hellip;]<\/p>\n","protected":false},"author":3184,"featured_media":383409,"comment_status":"closed","ping_status":"closed","sticky":false,"template":"","format":"standard","meta":{"footnotes":""},"categories":[2598],"tags":[3296,12852],"class_list":["post-383405","post","type-post","status-publish","format-standard","has-post-thumbnail","hentry","category-international","tag-onu","tag-solutuon"],"yoast_head":"<!-- This site is optimized with the Yoast SEO Premium plugin v27.5 (Yoast SEO v27.5) - https:\/\/yoast.com\/product\/yoast-seo-premium-wordpress\/ -->\n<title>Palestine - Solution \u00e0 deux \u00c9tats : L\u2019ONU adopte une d\u00e9claration, la Tunisie absente du vote - webdo<\/title>\n<meta name=\"description\" content=\"D\u00e9couvrez la d\u00e9claration historique de l&#039;ONU sur la solution \u00e0 deux \u00c9tats pour le conflit isra\u00e9lo-palestinien.\" \/>\n<link rel=\"canonical\" href=\"https:\/\/www.webdo.tn\/fr\/actualite\/international\/palestine-solution-a-deux-etats-lonu-adopte-une-declaration-la-tunisie-absente-du-vote\/383405\/\" \/>\n<meta property=\"og:locale\" content=\"fr_FR\" \/>\n<meta property=\"og:type\" content=\"article\" \/>\n<meta property=\"og:title\" content=\"Palestine - Solution \u00e0 deux \u00c9tats : L\u2019ONU adopte une d\u00e9claration, la Tunisie absente du vote\" \/>\n<meta property=\"og:description\" content=\"D\u00e9couvrez la d\u00e9claration historique de l&#039;ONU sur la solution \u00e0 deux \u00c9tats pour le conflit isra\u00e9lo-palestinien.\" \/>\n<meta property=\"og:url\" content=\"https:\/\/www.webdo.tn\/fr\/actualite\/international\/palestine-solution-a-deux-etats-lonu-adopte-une-declaration-la-tunisie-absente-du-vote\/383405\/\" \/>\n<meta property=\"og:site_name\" content=\"webdo\" \/>\n<meta property=\"article:publisher\" content=\"https:\/\/www.facebook.com\/webdotn\" \/>\n<meta property=\"article:published_time\" content=\"2025-09-12T18:10:16+00:00\" \/>\n<meta property=\"article:modified_time\" content=\"2025-09-13T09:22:57+00:00\" \/>\n<meta property=\"og:image\" content=\"https:\/\/www.webdo.tn\/fr\/wp-content\/uploads\/2025\/09\/vote-UN.jpg\" \/>\n\t<meta property=\"og:image:width\" content=\"664\" \/>\n\t<meta property=\"og:image:height\" content=\"387\" \/>\n\t<meta property=\"og:image:type\" content=\"image\/jpeg\" \/>\n<meta name=\"author\" content=\"Wided Belhaj\" \/>\n<meta name=\"twitter:card\" content=\"summary_large_image\" \/>\n<meta name=\"twitter:creator\" content=\"@webdo_tn\" \/>\n<meta name=\"twitter:site\" content=\"@webdo_tn\" \/>\n<meta name=\"twitter:label1\" content=\"\u00c9crit par\" \/>\n\t<meta name=\"twitter:data1\" content=\"Wided Belhaj\" \/>\n\t<meta name=\"twitter:label2\" content=\"Dur\u00e9e de lecture estim\u00e9e\" \/>\n\t<meta name=\"twitter:data2\" content=\"2 minutes\" \/>\n<script type=\"application\/ld+json\" class=\"yoast-schema-graph\">{\"@context\":\"https:\\\/\\\/schema.org\",\"@graph\":[{\"@type\":\"NewsArticle\",\"@id\":\"https:\\\/\\\/www.webdo.tn\\\/fr\\\/actualite\\\/international\\\/palestine-solution-a-deux-etats-lonu-adopte-une-declaration-la-tunisie-absente-du-vote\\\/383405\\\/#article\",\"isPartOf\":{\"@id\":\"https:\\\/\\\/www.webdo.tn\\\/fr\\\/actualite\\\/international\\\/palestine-solution-a-deux-etats-lonu-adopte-une-declaration-la-tunisie-absente-du-vote\\\/383405\\\/\"},\"author\":{\"name\":\"Wided Belhaj\",\"@id\":\"https:\\\/\\\/www.webdo.tn\\\/fr\\\/#\\\/schema\\\/person\\\/b9ecde7a5574cb4fcf4b496ea5fadb15\"},\"headline\":\"Palestine &#8211; Solution \u00e0 deux \u00c9tats : L\u2019ONU adopte une d\u00e9claration, la Tunisie absente du vote\",\"datePublished\":\"2025-09-12T18:10:16+00:00\",\"dateModified\":\"2025-09-13T09:22:57+00:00\",\"mainEntityOfPage\":{\"@id\":\"https:\\\/\\\/www.webdo.tn\\\/fr\\\/actualite\\\/international\\\/palestine-solution-a-deux-etats-lonu-adopte-une-declaration-la-tunisie-absente-du-vote\\\/383405\\\/\"},\"wordCount\":277,\"publisher\":{\"@id\":\"https:\\\/\\\/www.webdo.tn\\\/fr\\\/#organization\"},\"image\":{\"@id\":\"https:\\\/\\\/www.webdo.tn\\\/fr\\\/actualite\\\/international\\\/palestine-solution-a-deux-etats-lonu-adopte-une-declaration-la-tunisie-absente-du-vote\\\/383405\\\/#primaryimage\"},\"thumbnailUrl\":\"https:\\\/\\\/www.webdo.tn\\\/fr\\\/wp-content\\\/uploads\\\/2025\\\/09\\\/vote-UN.jpg\",\"keywords\":[\"ONU\",\"Solutuon\"],\"articleSection\":[\"International\"],\"inLanguage\":\"fr-FR\"},{\"@type\":\"WebPage\",\"@id\":\"https:\\\/\\\/www.webdo.tn\\\/fr\\\/actualite\\\/international\\\/palestine-solution-a-deux-etats-lonu-adopte-une-declaration-la-tunisie-absente-du-vote\\\/383405\\\/\",\"url\":\"https:\\\/\\\/www.webdo.tn\\\/fr\\\/actualite\\\/international\\\/palestine-solution-a-deux-etats-lonu-adopte-une-declaration-la-tunisie-absente-du-vote\\\/383405\\\/\",\"name\":\"Palestine - Solution \u00e0 deux \u00c9tats : L\u2019ONU adopte une d\u00e9claration, la Tunisie absente du vote - webdo\",\"isPartOf\":{\"@id\":\"https:\\\/\\\/www.webdo.tn\\\/fr\\\/#website\"},\"primaryImageOfPage\":{\"@id\":\"https:\\\/\\\/www.webdo.tn\\\/fr\\\/actualite\\\/international\\\/palestine-solution-a-deux-etats-lonu-adopte-une-declaration-la-tunisie-absente-du-vote\\\/383405\\\/#primaryimage\"},\"image\":{\"@id\":\"https:\\\/\\\/www.webdo.tn\\\/fr\\\/actualite\\\/international\\\/palestine-solution-a-deux-etats-lonu-adopte-une-declaration-la-tunisie-absente-du-vote\\\/383405\\\/#primaryimage\"},\"thumbnailUrl\":\"https:\\\/\\\/www.webdo.tn\\\/fr\\\/wp-content\\\/uploads\\\/2025\\\/09\\\/vote-UN.jpg\",\"datePublished\":\"2025-09-12T18:10:16+00:00\",\"dateModified\":\"2025-09-13T09:22:57+00:00\",\"description\":\"D\u00e9couvrez la d\u00e9claration historique de l'ONU sur la solution \u00e0 deux \u00c9tats pour le conflit isra\u00e9lo-palestinien.\",\"breadcrumb\":{\"@id\":\"https:\\\/\\\/www.webdo.tn\\\/fr\\\/actualite\\\/international\\\/palestine-solution-a-deux-etats-lonu-adopte-une-declaration-la-tunisie-absente-du-vote\\\/383405\\\/#breadcrumb\"},\"inLanguage\":\"fr-FR\",\"potentialAction\":[{\"@type\":\"ReadAction\",\"target\":[\"https:\\\/\\\/www.webdo.tn\\\/fr\\\/actualite\\\/international\\\/palestine-solution-a-deux-etats-lonu-adopte-une-declaration-la-tunisie-absente-du-vote\\\/383405\\\/\"]}]},{\"@type\":\"ImageObject\",\"inLanguage\":\"fr-FR\",\"@id\":\"https:\\\/\\\/www.webdo.tn\\\/fr\\\/actualite\\\/international\\\/palestine-solution-a-deux-etats-lonu-adopte-une-declaration-la-tunisie-absente-du-vote\\\/383405\\\/#primaryimage\",\"url\":\"https:\\\/\\\/www.webdo.tn\\\/fr\\\/wp-content\\\/uploads\\\/2025\\\/09\\\/vote-UN.jpg\",\"contentUrl\":\"https:\\\/\\\/www.webdo.tn\\\/fr\\\/wp-content\\\/uploads\\\/2025\\\/09\\\/vote-UN.jpg\",\"width\":664,\"height\":387},{\"@type\":\"BreadcrumbList\",\"@id\":\"https:\\\/\\\/www.webdo.tn\\\/fr\\\/actualite\\\/international\\\/palestine-solution-a-deux-etats-lonu-adopte-une-declaration-la-tunisie-absente-du-vote\\\/383405\\\/#breadcrumb\",\"itemListElement\":[{\"@type\":\"ListItem\",\"position\":1,\"name\":\"Accueil\",\"item\":\"https:\\\/\\\/www.webdo.tn\\\/fr\\\/\"},{\"@type\":\"ListItem\",\"position\":2,\"name\":\"Palestine &#8211; Solution \u00e0 deux \u00c9tats : L\u2019ONU adopte une d\u00e9claration, la Tunisie absente du vote\"}]},{\"@type\":\"WebSite\",\"@id\":\"https:\\\/\\\/www.webdo.tn\\\/fr\\\/#website\",\"url\":\"https:\\\/\\\/www.webdo.tn\\\/fr\\\/\",\"name\":\"webdo\",\"description\":\"Tunisie - News en Tunisie et \u00e0 l&#039;international sur Webdo.tn\",\"publisher\":{\"@id\":\"https:\\\/\\\/www.webdo.tn\\\/fr\\\/#organization\"},\"potentialAction\":[{\"@type\":\"SearchAction\",\"target\":{\"@type\":\"EntryPoint\",\"urlTemplate\":\"https:\\\/\\\/www.webdo.tn\\\/fr\\\/?s={search_term_string}\"},\"query-input\":{\"@type\":\"PropertyValueSpecification\",\"valueRequired\":true,\"valueName\":\"search_term_string\"}}],\"inLanguage\":\"fr-FR\"},{\"@type\":\"Organization\",\"@id\":\"https:\\\/\\\/www.webdo.tn\\\/fr\\\/#organization\",\"name\":\"Webdo\",\"alternateName\":\"Webdo.tn\",\"url\":\"https:\\\/\\\/www.webdo.tn\\\/fr\\\/\",\"logo\":{\"@type\":\"ImageObject\",\"inLanguage\":\"fr-FR\",\"@id\":\"https:\\\/\\\/www.webdo.tn\\\/fr\\\/#\\\/schema\\\/logo\\\/image\\\/\",\"url\":\"https:\\\/\\\/www.webdo.tn\\\/fr\\\/wp-content\\\/uploads\\\/2025\\\/06\\\/Webdo-Tunisie_168377.jpg\",\"contentUrl\":\"https:\\\/\\\/www.webdo.tn\\\/fr\\\/wp-content\\\/uploads\\\/2025\\\/06\\\/Webdo-Tunisie_168377.jpg\",\"width\":301,\"height\":301,\"caption\":\"Webdo\"},\"image\":{\"@id\":\"https:\\\/\\\/www.webdo.tn\\\/fr\\\/#\\\/schema\\\/logo\\\/image\\\/\"},\"sameAs\":[\"https:\\\/\\\/www.facebook.com\\\/webdotn\",\"https:\\\/\\\/x.com\\\/webdo_tn\"],\"description\":\"Webdo est un m\u00e9dia num\u00e9rique tunisien fond\u00e9 en 2010, sp\u00e9cialis\u00e9 dans l\u2019actualit\u00e9 nationale et internationale, l\u2019\u00e9conomie, la soci\u00e9t\u00e9 et les analyses politiques. Le site s\u2019adresse \u00e0 un large public francophone et couvre l\u2019information tunisienne en temps r\u00e9el.\",\"email\":\"redac@webdo.tn\",\"legalName\":\"YNJ SARL\",\"foundingDate\":\"2010-09-06\",\"numberOfEmployees\":{\"@type\":\"QuantitativeValue\",\"minValue\":\"11\",\"maxValue\":\"50\"}},{\"@type\":\"Person\",\"@id\":\"https:\\\/\\\/www.webdo.tn\\\/fr\\\/#\\\/schema\\\/person\\\/b9ecde7a5574cb4fcf4b496ea5fadb15\",\"name\":\"Wided Belhaj\",\"image\":{\"@type\":\"ImageObject\",\"inLanguage\":\"fr-FR\",\"@id\":\"https:\\\/\\\/www.webdo.tn\\\/fr\\\/wp-content\\\/uploads\\\/2026\\\/04\\\/wided-belhaj_avatar-96x96.jpg\",\"url\":\"https:\\\/\\\/www.webdo.tn\\\/fr\\\/wp-content\\\/uploads\\\/2026\\\/04\\\/wided-belhaj_avatar-96x96.jpg\",\"contentUrl\":\"https:\\\/\\\/www.webdo.tn\\\/fr\\\/wp-content\\\/uploads\\\/2026\\\/04\\\/wided-belhaj_avatar-96x96.jpg\",\"caption\":\"Wided Belhaj\"},\"description\":\"Wided Belhaj est le pseudonyme \u00e9ditorial utilis\u00e9 par Khalil Jelassi, journaliste, ma\u00eetre-assistant \u00e0 l\u2019Institut de presse et des sciences de l\u2019information (IPSI) et chercheur en sciences de l\u2019information et de la communication. Cette signature est d\u00e9di\u00e9e \u00e0 l\u2019analyse des m\u00e9dias, des pratiques journalistiques et des mutations de l\u2019information \u00e0 l\u2019\u00e8re digitale. \u00c0 travers ses contributions, Wided Belhaj propose une lecture analytique de l\u2019actualit\u00e9, en croisant regard critique et expertise acad\u00e9mique.\",\"knowsAbout\":[\"m\u00e9dias\",\"journalisme\",\"communication\",\"information\",\"transformation num\u00e9rique\",\"analyse des m\u00e9dias\"],\"knowsLanguage\":[\"Fran\u00e7ais\",\"Arabe\"],\"jobTitle\":\"Webdo.tn\",\"worksFor\":\"Journaliste \u2013 Analyse des m\u00e9dias\",\"url\":\"https:\\\/\\\/www.webdo.tn\\\/fr\\\/actualite\\\/author\\\/wided-belhaj\\\/\"}]}<\/script>\n<!-- \/ Yoast SEO Premium plugin. -->","yoast_head_json":{"title":"Palestine - Solution \u00e0 deux \u00c9tats : L\u2019ONU adopte une d\u00e9claration, la Tunisie absente du vote - webdo","description":"D\u00e9couvrez la d\u00e9claration historique de l'ONU sur la solution \u00e0 deux \u00c9tats pour le conflit isra\u00e9lo-palestinien.","canonical":"https:\/\/www.webdo.tn\/fr\/actualite\/international\/palestine-solution-a-deux-etats-lonu-adopte-une-declaration-la-tunisie-absente-du-vote\/383405\/","og_locale":"fr_FR","og_type":"article","og_title":"Palestine - Solution \u00e0 deux \u00c9tats : L\u2019ONU adopte une d\u00e9claration, la Tunisie absente du vote","og_description":"D\u00e9couvrez la d\u00e9claration historique de l'ONU sur la solution \u00e0 deux \u00c9tats pour le conflit isra\u00e9lo-palestinien.","og_url":"https:\/\/www.webdo.tn\/fr\/actualite\/international\/palestine-solution-a-deux-etats-lonu-adopte-une-declaration-la-tunisie-absente-du-vote\/383405\/","og_site_name":"webdo","article_publisher":"https:\/\/www.facebook.com\/webdotn","article_published_time":"2025-09-12T18:10:16+00:00","article_modified_time":"2025-09-13T09:22:57+00:00","og_image":[{"width":664,"height":387,"url":"https:\/\/www.webdo.tn\/fr\/wp-content\/uploads\/2025\/09\/vote-UN.jpg","type":"image\/jpeg"}],"author":"Wided Belhaj","twitter_card":"summary_large_image","twitter_creator":"@webdo_tn","twitter_site":"@webdo_tn","twitter_misc":{"\u00c9crit par":"Wided Belhaj","Dur\u00e9e de lecture estim\u00e9e":"2 minutes"},"schema":{"@context":"https:\/\/schema.org","@graph":[{"@type":"NewsArticle","@id":"https:\/\/www.webdo.tn\/fr\/actualite\/international\/palestine-solution-a-deux-etats-lonu-adopte-une-declaration-la-tunisie-absente-du-vote\/383405\/#article","isPartOf":{"@id":"https:\/\/www.webdo.tn\/fr\/actualite\/international\/palestine-solution-a-deux-etats-lonu-adopte-une-declaration-la-tunisie-absente-du-vote\/383405\/"},"author":{"name":"Wided Belhaj","@id":"https:\/\/www.webdo.tn\/fr\/#\/schema\/person\/b9ecde7a5574cb4fcf4b496ea5fadb15"},"headline":"Palestine &#8211; Solution \u00e0 deux \u00c9tats : L\u2019ONU adopte une d\u00e9claration, la Tunisie absente du vote","datePublished":"2025-09-12T18:10:16+00:00","dateModified":"2025-09-13T09:22:57+00:00","mainEntityOfPage":{"@id":"https:\/\/www.webdo.tn\/fr\/actualite\/international\/palestine-solution-a-deux-etats-lonu-adopte-une-declaration-la-tunisie-absente-du-vote\/383405\/"},"wordCount":277,"publisher":{"@id":"https:\/\/www.webdo.tn\/fr\/#organization"},"image":{"@id":"https:\/\/www.webdo.tn\/fr\/actualite\/international\/palestine-solution-a-deux-etats-lonu-adopte-une-declaration-la-tunisie-absente-du-vote\/383405\/#primaryimage"},"thumbnailUrl":"https:\/\/www.webdo.tn\/fr\/wp-content\/uploads\/2025\/09\/vote-UN.jpg","keywords":["ONU","Solutuon"],"articleSection":["International"],"inLanguage":"fr-FR"},{"@type":"WebPage","@id":"https:\/\/www.webdo.tn\/fr\/actualite\/international\/palestine-solution-a-deux-etats-lonu-adopte-une-declaration-la-tunisie-absente-du-vote\/383405\/","url":"https:\/\/www.webdo.tn\/fr\/actualite\/international\/palestine-solution-a-deux-etats-lonu-adopte-une-declaration-la-tunisie-absente-du-vote\/383405\/","name":"Palestine - Solution \u00e0 deux \u00c9tats : L\u2019ONU adopte une d\u00e9claration, la Tunisie absente du vote - webdo","isPartOf":{"@id":"https:\/\/www.webdo.tn\/fr\/#website"},"primaryImageOfPage":{"@id":"https:\/\/www.webdo.tn\/fr\/actualite\/international\/palestine-solution-a-deux-etats-lonu-adopte-une-declaration-la-tunisie-absente-du-vote\/383405\/#primaryimage"},"image":{"@id":"https:\/\/www.webdo.tn\/fr\/actualite\/international\/palestine-solution-a-deux-etats-lonu-adopte-une-declaration-la-tunisie-absente-du-vote\/383405\/#primaryimage"},"thumbnailUrl":"https:\/\/www.webdo.tn\/fr\/wp-content\/uploads\/2025\/09\/vote-UN.jpg","datePublished":"2025-09-12T18:10:16+00:00","dateModified":"2025-09-13T09:22:57+00:00","description":"D\u00e9couvrez la d\u00e9claration historique de l'ONU sur la solution \u00e0 deux \u00c9tats pour le conflit isra\u00e9lo-palestinien.","breadcrumb":{"@id":"https:\/\/www.webdo.tn\/fr\/actualite\/international\/palestine-solution-a-deux-etats-lonu-adopte-une-declaration-la-tunisie-absente-du-vote\/383405\/#breadcrumb"},"inLanguage":"fr-FR","potentialAction":[{"@type":"ReadAction","target":["https:\/\/www.webdo.tn\/fr\/actualite\/international\/palestine-solution-a-deux-etats-lonu-adopte-une-declaration-la-tunisie-absente-du-vote\/383405\/"]}]},{"@type":"ImageObject","inLanguage":"fr-FR","@id":"https:\/\/www.webdo.tn\/fr\/actualite\/international\/palestine-solution-a-deux-etats-lonu-adopte-une-declaration-la-tunisie-absente-du-vote\/383405\/#primaryimage","url":"https:\/\/www.webdo.tn\/fr\/wp-content\/uploads\/2025\/09\/vote-UN.jpg","contentUrl":"https:\/\/www.webdo.tn\/fr\/wp-content\/uploads\/2025\/09\/vote-UN.jpg","width":664,"height":387},{"@type":"BreadcrumbList","@id":"https:\/\/www.webdo.tn\/fr\/actualite\/international\/palestine-solution-a-deux-etats-lonu-adopte-une-declaration-la-tunisie-absente-du-vote\/383405\/#breadcrumb","itemListElement":[{"@type":"ListItem","position":1,"name":"Accueil","item":"https:\/\/www.webdo.tn\/fr\/"},{"@type":"ListItem","position":2,"name":"Palestine &#8211; Solution \u00e0 deux \u00c9tats : L\u2019ONU adopte une d\u00e9claration, la Tunisie absente du vote"}]},{"@type":"WebSite","@id":"https:\/\/www.webdo.tn\/fr\/#website","url":"https:\/\/www.webdo.tn\/fr\/","name":"webdo","description":"Tunisie - News en Tunisie et \u00e0 l&#039;international sur Webdo.tn","publisher":{"@id":"https:\/\/www.webdo.tn\/fr\/#organization"},"potentialAction":[{"@type":"SearchAction","target":{"@type":"EntryPoint","urlTemplate":"https:\/\/www.webdo.tn\/fr\/?s={search_term_string}"},"query-input":{"@type":"PropertyValueSpecification","valueRequired":true,"valueName":"search_term_string"}}],"inLanguage":"fr-FR"},{"@type":"Organization","@id":"https:\/\/www.webdo.tn\/fr\/#organization","name":"Webdo","alternateName":"Webdo.tn","url":"https:\/\/www.webdo.tn\/fr\/","logo":{"@type":"ImageObject","inLanguage":"fr-FR","@id":"https:\/\/www.webdo.tn\/fr\/#\/schema\/logo\/image\/","url":"https:\/\/www.webdo.tn\/fr\/wp-content\/uploads\/2025\/06\/Webdo-Tunisie_168377.jpg","contentUrl":"https:\/\/www.webdo.tn\/fr\/wp-content\/uploads\/2025\/06\/Webdo-Tunisie_168377.jpg","width":301,"height":301,"caption":"Webdo"},"image":{"@id":"https:\/\/www.webdo.tn\/fr\/#\/schema\/logo\/image\/"},"sameAs":["https:\/\/www.facebook.com\/webdotn","https:\/\/x.com\/webdo_tn"],"description":"Webdo est un m\u00e9dia num\u00e9rique tunisien fond\u00e9 en 2010, sp\u00e9cialis\u00e9 dans l\u2019actualit\u00e9 nationale et internationale, l\u2019\u00e9conomie, la soci\u00e9t\u00e9 et les analyses politiques. Le site s\u2019adresse \u00e0 un large public francophone et couvre l\u2019information tunisienne en temps r\u00e9el.","email":"redac@webdo.tn","legalName":"YNJ SARL","foundingDate":"2010-09-06","numberOfEmployees":{"@type":"QuantitativeValue","minValue":"11","maxValue":"50"}},{"@type":"Person","@id":"https:\/\/www.webdo.tn\/fr\/#\/schema\/person\/b9ecde7a5574cb4fcf4b496ea5fadb15","name":"Wided Belhaj","image":{"@type":"ImageObject","inLanguage":"fr-FR","@id":"https:\/\/www.webdo.tn\/fr\/wp-content\/uploads\/2026\/04\/wided-belhaj_avatar-96x96.jpg","url":"https:\/\/www.webdo.tn\/fr\/wp-content\/uploads\/2026\/04\/wided-belhaj_avatar-96x96.jpg","contentUrl":"https:\/\/www.webdo.tn\/fr\/wp-content\/uploads\/2026\/04\/wided-belhaj_avatar-96x96.jpg","caption":"Wided Belhaj"},"description":"Wided Belhaj est le pseudonyme \u00e9ditorial utilis\u00e9 par Khalil Jelassi, journaliste, ma\u00eetre-assistant \u00e0 l\u2019Institut de presse et des sciences de l\u2019information (IPSI) et chercheur en sciences de l\u2019information et de la communication. Cette signature est d\u00e9di\u00e9e \u00e0 l\u2019analyse des m\u00e9dias, des pratiques journalistiques et des mutations de l\u2019information \u00e0 l\u2019\u00e8re digitale. \u00c0 travers ses contributions, Wided Belhaj propose une lecture analytique de l\u2019actualit\u00e9, en croisant regard critique et expertise acad\u00e9mique.","knowsAbout":["m\u00e9dias","journalisme","communication","information","transformation num\u00e9rique","analyse des m\u00e9dias"],"knowsLanguage":["Fran\u00e7ais","Arabe"],"jobTitle":"Webdo.tn","worksFor":"Journaliste \u2013 Analyse des m\u00e9dias","url":"https:\/\/www.webdo.tn\/fr\/actualite\/author\/wided-belhaj\/"}]}},"_links":{"self":[{"href":"https:\/\/www.webdo.tn\/fr\/wp-json\/wp\/v2\/posts\/383405","targetHints":{"allow":["GET"]}}],"collection":[{"href":"https:\/\/www.webdo.tn\/fr\/wp-json\/wp\/v2\/posts"}],"about":[{"href":"https:\/\/www.webdo.tn\/fr\/wp-json\/wp\/v2\/types\/post"}],"author":[{"embeddable":true,"href":"https:\/\/www.webdo.tn\/fr\/wp-json\/wp\/v2\/users\/3184"}],"replies":[{"embeddable":true,"href":"https:\/\/www.webdo.tn\/fr\/wp-json\/wp\/v2\/comments?post=383405"}],"version-history":[{"count":0,"href":"https:\/\/www.webdo.tn\/fr\/wp-json\/wp\/v2\/posts\/383405\/revisions"}],"wp:featuredmedia":[{"embeddable":true,"href":"https:\/\/www.webdo.tn\/fr\/wp-json\/wp\/v2\/media\/383409"}],"wp:attachment":[{"href":"https:\/\/www.webdo.tn\/fr\/wp-json\/wp\/v2\/media?parent=383405"}],"wp:term":[{"taxonomy":"category","embeddable":true,"href":"https:\/\/www.webdo.tn\/fr\/wp-json\/wp\/v2\/categories?post=383405"},{"taxonomy":"post_tag","embeddable":true,"href":"https:\/\/www.webdo.tn\/fr\/wp-json\/wp\/v2\/tags?post=383405"}],"curies":[{"name":"wp","href":"https:\/\/api.w.org\/{rel}","templated":true}]}}