{"id":383387,"date":"2025-09-12T15:25:49","date_gmt":"2025-09-12T14:25:49","guid":{"rendered":"https:\/\/www.webdo.tn\/fr\/?p=383387"},"modified":"2025-09-12T15:25:50","modified_gmt":"2025-09-12T14:25:50","slug":"sidi-bou-said-un-jeune-place-en-garde-a-vue-pour-avoir-brandi-une-arme-factice-contre-la-police","status":"publish","type":"post","link":"https:\/\/www.webdo.tn\/fr\/actualite\/divers\/sidi-bou-said-un-jeune-place-en-garde-a-vue-pour-avoir-brandi-une-arme-factice-contre-la-police\/383387\/","title":{"rendered":"Sidi Bou Sa\u00efd : Un jeune plac\u00e9 en garde \u00e0 vue pour avoir brandi une arme factice contre la police"},"content":{"rendered":"\n<p>Un jeune homme a \u00e9t\u00e9 arr\u00eat\u00e9 \u00e0 Tunis apr\u00e8s avoir \u00e9t\u00e9 film\u00e9 brandissant une arme factice contre une patrouille s\u00e9curitaire lors du passage de la flottille Soumoud \u00e0 Sidi Bou Sa\u00efd. Le minist\u00e8re public a ordonn\u00e9 son placement en garde \u00e0 vue en attendant sa comparution devant la justice.<\/p>\n\n\n\n<p>Une vid\u00e9o diffus\u00e9e sur les r\u00e9seaux sociaux montre le suspect, le visage cagoul\u00e9, sortant du toit ouvrant d\u2019un 4&#215;4 et pointant une arme factice vers un v\u00e9hicule de police. D\u2019autres enregistrements r\u00e9v\u00e8lent le m\u00eame individu bousculant un agent de s\u00e9curit\u00e9 sur place. L\u2019incident s\u2019est produit en marge de l\u2019accueil de la flottille Soumoud dans la banlieue nord de Tunis.<\/p>\n\n\n\n<p>Le minist\u00e8re public pr\u00e8s le Tribunal de premi\u00e8re instance de Tunis a imm\u00e9diatement ordonn\u00e9 le placement en garde \u00e0 vue du jeune homme. Il sera poursuivi pour ses actes et traduit devant la justice dans les prochains jours.<\/p>\n\n\n\n<p>La flottille Soumoud, arriv\u00e9e r\u00e9cemment au port de plaisance de Bizerte puis accueillie \u00e0 Sidi Bou Sa\u00efd, a suscit\u00e9 une forte pr\u00e9sence s\u00e9curitaire et attir\u00e9 de nombreux citoyens. C\u2019est dans ce cadre que l\u2019incident s\u2019est produit, alors que les forces de l\u2019ordre assuraient le contr\u00f4le de la circulation et la s\u00e9curit\u00e9 des lieux.<\/p>\n\n\n\n<p><\/p>\n","protected":false},"excerpt":{"rendered":"<p>Un jeune homme a \u00e9t\u00e9 arr\u00eat\u00e9 \u00e0 Tunis apr\u00e8s avoir \u00e9t\u00e9 film\u00e9 brandissant une arme factice contre une patrouille s\u00e9curitaire lors du passage de la flottille Soumoud \u00e0 Sidi Bou Sa\u00efd. Le minist\u00e8re public a ordonn\u00e9 son placement en garde \u00e0 vue en attendant sa comparution devant la justice. Une vid\u00e9o diffus\u00e9e sur les r\u00e9seaux [&hellip;]<\/p>\n","protected":false},"author":3191,"featured_media":383388,"comment_status":"closed","ping_status":"closed","sticky":false,"template":"","format":"standard","meta":{"footnotes":""},"categories":[2839],"tags":[12851,3045,4832,11913,2640,2608],"class_list":["post-383387","post","type-post","status-publish","format-standard","has-post-thumbnail","hentry","category-divers","tag-arme-factice","tag-garde-a-vue","tag-sidi-bou-said","tag-soumoud","tag-tunis","tag-tunisie"],"yoast_head":"<!-- This site is optimized with the Yoast SEO Premium plugin v27.5 (Yoast SEO v27.5) - https:\/\/yoast.com\/product\/yoast-seo-premium-wordpress\/ -->\n<title>Sidi Bou Sa\u00efd : Un jeune plac\u00e9 en garde \u00e0 vue apr\u00e8s une menace - webdo<\/title>\n<meta name=\"description\" content=\"Un jeune homme de Sidi Bou Sa\u00efd en garde \u00e0 vue pour avoir brandi une arme factice contre une patrouille de police.\" \/>\n<link rel=\"canonical\" href=\"https:\/\/www.webdo.tn\/fr\/actualite\/divers\/sidi-bou-said-un-jeune-place-en-garde-a-vue-pour-avoir-brandi-une-arme-factice-contre-la-police\/383387\/\" \/>\n<meta property=\"og:locale\" content=\"fr_FR\" \/>\n<meta property=\"og:type\" content=\"article\" \/>\n<meta property=\"og:title\" content=\"Sidi Bou Sa\u00efd : Un jeune plac\u00e9 en garde \u00e0 vue pour avoir brandi une arme factice contre la police\" \/>\n<meta property=\"og:description\" content=\"Un jeune homme de Sidi Bou Sa\u00efd en garde \u00e0 vue pour avoir brandi une arme factice contre une patrouille de police.\" \/>\n<meta property=\"og:url\" content=\"https:\/\/www.webdo.tn\/fr\/actualite\/divers\/sidi-bou-said-un-jeune-place-en-garde-a-vue-pour-avoir-brandi-une-arme-factice-contre-la-police\/383387\/\" \/>\n<meta property=\"og:site_name\" content=\"webdo\" \/>\n<meta property=\"article:publisher\" content=\"https:\/\/www.facebook.com\/webdotn\" \/>\n<meta property=\"article:published_time\" content=\"2025-09-12T14:25:49+00:00\" \/>\n<meta property=\"article:modified_time\" content=\"2025-09-12T14:25:50+00:00\" \/>\n<meta property=\"og:image\" content=\"https:\/\/www.webdo.tn\/fr\/wp-content\/uploads\/2025\/09\/garde-a-vue.jpg\" \/>\n\t<meta property=\"og:image:width\" content=\"800\" \/>\n\t<meta property=\"og:image:height\" content=\"450\" \/>\n\t<meta property=\"og:image:type\" content=\"image\/jpeg\" \/>\n<meta name=\"author\" content=\"Mohamed Hedi Touati\" \/>\n<meta name=\"twitter:card\" content=\"summary_large_image\" \/>\n<meta name=\"twitter:creator\" content=\"@webdo_tn\" \/>\n<meta name=\"twitter:site\" content=\"@webdo_tn\" \/>\n<meta name=\"twitter:label1\" content=\"\u00c9crit par\" \/>\n\t<meta name=\"twitter:data1\" content=\"Mohamed Hedi Touati\" \/>\n\t<meta name=\"twitter:label2\" content=\"Dur\u00e9e de lecture estim\u00e9e\" \/>\n\t<meta name=\"twitter:data2\" content=\"2 minutes\" \/>\n<script type=\"application\/ld+json\" class=\"yoast-schema-graph\">{\"@context\":\"https:\\\/\\\/schema.org\",\"@graph\":[{\"@type\":\"NewsArticle\",\"@id\":\"https:\\\/\\\/www.webdo.tn\\\/fr\\\/actualite\\\/divers\\\/sidi-bou-said-un-jeune-place-en-garde-a-vue-pour-avoir-brandi-une-arme-factice-contre-la-police\\\/383387\\\/#article\",\"isPartOf\":{\"@id\":\"https:\\\/\\\/www.webdo.tn\\\/fr\\\/actualite\\\/divers\\\/sidi-bou-said-un-jeune-place-en-garde-a-vue-pour-avoir-brandi-une-arme-factice-contre-la-police\\\/383387\\\/\"},\"author\":{\"name\":\"Mohamed Hedi Touati\",\"@id\":\"https:\\\/\\\/www.webdo.tn\\\/fr\\\/#\\\/schema\\\/person\\\/c652cd8fc2b1b44412b5ffb48c5a911d\"},\"headline\":\"Sidi Bou Sa\u00efd : Un jeune plac\u00e9 en garde \u00e0 vue pour avoir brandi une arme factice contre la police\",\"datePublished\":\"2025-09-12T14:25:49+00:00\",\"dateModified\":\"2025-09-12T14:25:50+00:00\",\"mainEntityOfPage\":{\"@id\":\"https:\\\/\\\/www.webdo.tn\\\/fr\\\/actualite\\\/divers\\\/sidi-bou-said-un-jeune-place-en-garde-a-vue-pour-avoir-brandi-une-arme-factice-contre-la-police\\\/383387\\\/\"},\"wordCount\":246,\"publisher\":{\"@id\":\"https:\\\/\\\/www.webdo.tn\\\/fr\\\/#organization\"},\"image\":{\"@id\":\"https:\\\/\\\/www.webdo.tn\\\/fr\\\/actualite\\\/divers\\\/sidi-bou-said-un-jeune-place-en-garde-a-vue-pour-avoir-brandi-une-arme-factice-contre-la-police\\\/383387\\\/#primaryimage\"},\"thumbnailUrl\":\"https:\\\/\\\/www.webdo.tn\\\/fr\\\/wp-content\\\/uploads\\\/2025\\\/09\\\/garde-a-vue.jpg\",\"keywords\":[\"arme factice\",\"garde \u00e0 vue\",\"sidi bou said\",\"soumoud\",\"Tunis\",\"Tunisie\"],\"articleSection\":[\"Divers\"],\"inLanguage\":\"fr-FR\"},{\"@type\":\"WebPage\",\"@id\":\"https:\\\/\\\/www.webdo.tn\\\/fr\\\/actualite\\\/divers\\\/sidi-bou-said-un-jeune-place-en-garde-a-vue-pour-avoir-brandi-une-arme-factice-contre-la-police\\\/383387\\\/\",\"url\":\"https:\\\/\\\/www.webdo.tn\\\/fr\\\/actualite\\\/divers\\\/sidi-bou-said-un-jeune-place-en-garde-a-vue-pour-avoir-brandi-une-arme-factice-contre-la-police\\\/383387\\\/\",\"name\":\"Sidi Bou Sa\u00efd : Un jeune plac\u00e9 en garde \u00e0 vue apr\u00e8s une menace - webdo\",\"isPartOf\":{\"@id\":\"https:\\\/\\\/www.webdo.tn\\\/fr\\\/#website\"},\"primaryImageOfPage\":{\"@id\":\"https:\\\/\\\/www.webdo.tn\\\/fr\\\/actualite\\\/divers\\\/sidi-bou-said-un-jeune-place-en-garde-a-vue-pour-avoir-brandi-une-arme-factice-contre-la-police\\\/383387\\\/#primaryimage\"},\"image\":{\"@id\":\"https:\\\/\\\/www.webdo.tn\\\/fr\\\/actualite\\\/divers\\\/sidi-bou-said-un-jeune-place-en-garde-a-vue-pour-avoir-brandi-une-arme-factice-contre-la-police\\\/383387\\\/#primaryimage\"},\"thumbnailUrl\":\"https:\\\/\\\/www.webdo.tn\\\/fr\\\/wp-content\\\/uploads\\\/2025\\\/09\\\/garde-a-vue.jpg\",\"datePublished\":\"2025-09-12T14:25:49+00:00\",\"dateModified\":\"2025-09-12T14:25:50+00:00\",\"description\":\"Un jeune homme de Sidi Bou Sa\u00efd en garde \u00e0 vue pour avoir brandi une arme factice contre une patrouille de police.\",\"breadcrumb\":{\"@id\":\"https:\\\/\\\/www.webdo.tn\\\/fr\\\/actualite\\\/divers\\\/sidi-bou-said-un-jeune-place-en-garde-a-vue-pour-avoir-brandi-une-arme-factice-contre-la-police\\\/383387\\\/#breadcrumb\"},\"inLanguage\":\"fr-FR\",\"potentialAction\":[{\"@type\":\"ReadAction\",\"target\":[\"https:\\\/\\\/www.webdo.tn\\\/fr\\\/actualite\\\/divers\\\/sidi-bou-said-un-jeune-place-en-garde-a-vue-pour-avoir-brandi-une-arme-factice-contre-la-police\\\/383387\\\/\"]}]},{\"@type\":\"ImageObject\",\"inLanguage\":\"fr-FR\",\"@id\":\"https:\\\/\\\/www.webdo.tn\\\/fr\\\/actualite\\\/divers\\\/sidi-bou-said-un-jeune-place-en-garde-a-vue-pour-avoir-brandi-une-arme-factice-contre-la-police\\\/383387\\\/#primaryimage\",\"url\":\"https:\\\/\\\/www.webdo.tn\\\/fr\\\/wp-content\\\/uploads\\\/2025\\\/09\\\/garde-a-vue.jpg\",\"contentUrl\":\"https:\\\/\\\/www.webdo.tn\\\/fr\\\/wp-content\\\/uploads\\\/2025\\\/09\\\/garde-a-vue.jpg\",\"width\":800,\"height\":450,\"caption\":\"Sidi Bou Sa\u00efd : Un jeune plac\u00e9 en garde \u00e0 vue pour avoir brandi une arme factice contre la police\"},{\"@type\":\"BreadcrumbList\",\"@id\":\"https:\\\/\\\/www.webdo.tn\\\/fr\\\/actualite\\\/divers\\\/sidi-bou-said-un-jeune-place-en-garde-a-vue-pour-avoir-brandi-une-arme-factice-contre-la-police\\\/383387\\\/#breadcrumb\",\"itemListElement\":[{\"@type\":\"ListItem\",\"position\":1,\"name\":\"Accueil\",\"item\":\"https:\\\/\\\/www.webdo.tn\\\/fr\\\/\"},{\"@type\":\"ListItem\",\"position\":2,\"name\":\"Sidi Bou Sa\u00efd : Un jeune plac\u00e9 en garde \u00e0 vue pour avoir brandi une arme factice contre la police\"}]},{\"@type\":\"WebSite\",\"@id\":\"https:\\\/\\\/www.webdo.tn\\\/fr\\\/#website\",\"url\":\"https:\\\/\\\/www.webdo.tn\\\/fr\\\/\",\"name\":\"webdo\",\"description\":\"Tunisie - News en Tunisie et \u00e0 l&#039;international sur Webdo.tn\",\"publisher\":{\"@id\":\"https:\\\/\\\/www.webdo.tn\\\/fr\\\/#organization\"},\"potentialAction\":[{\"@type\":\"SearchAction\",\"target\":{\"@type\":\"EntryPoint\",\"urlTemplate\":\"https:\\\/\\\/www.webdo.tn\\\/fr\\\/?s={search_term_string}\"},\"query-input\":{\"@type\":\"PropertyValueSpecification\",\"valueRequired\":true,\"valueName\":\"search_term_string\"}}],\"inLanguage\":\"fr-FR\"},{\"@type\":\"Organization\",\"@id\":\"https:\\\/\\\/www.webdo.tn\\\/fr\\\/#organization\",\"name\":\"Webdo\",\"alternateName\":\"Webdo.tn\",\"url\":\"https:\\\/\\\/www.webdo.tn\\\/fr\\\/\",\"logo\":{\"@type\":\"ImageObject\",\"inLanguage\":\"fr-FR\",\"@id\":\"https:\\\/\\\/www.webdo.tn\\\/fr\\\/#\\\/schema\\\/logo\\\/image\\\/\",\"url\":\"https:\\\/\\\/www.webdo.tn\\\/fr\\\/wp-content\\\/uploads\\\/2025\\\/06\\\/Webdo-Tunisie_168377.jpg\",\"contentUrl\":\"https:\\\/\\\/www.webdo.tn\\\/fr\\\/wp-content\\\/uploads\\\/2025\\\/06\\\/Webdo-Tunisie_168377.jpg\",\"width\":301,\"height\":301,\"caption\":\"Webdo\"},\"image\":{\"@id\":\"https:\\\/\\\/www.webdo.tn\\\/fr\\\/#\\\/schema\\\/logo\\\/image\\\/\"},\"sameAs\":[\"https:\\\/\\\/www.facebook.com\\\/webdotn\",\"https:\\\/\\\/x.com\\\/webdo_tn\"],\"description\":\"Webdo est un m\u00e9dia num\u00e9rique tunisien fond\u00e9 en 2010, sp\u00e9cialis\u00e9 dans l\u2019actualit\u00e9 nationale et internationale, l\u2019\u00e9conomie, la soci\u00e9t\u00e9 et les analyses politiques. Le site s\u2019adresse \u00e0 un large public francophone et couvre l\u2019information tunisienne en temps r\u00e9el.\",\"email\":\"redac@webdo.tn\",\"legalName\":\"YNJ SARL\",\"foundingDate\":\"2010-09-06\",\"numberOfEmployees\":{\"@type\":\"QuantitativeValue\",\"minValue\":\"11\",\"maxValue\":\"50\"}},{\"@type\":\"Person\",\"@id\":\"https:\\\/\\\/www.webdo.tn\\\/fr\\\/#\\\/schema\\\/person\\\/c652cd8fc2b1b44412b5ffb48c5a911d\",\"name\":\"Mohamed Hedi Touati\",\"image\":{\"@type\":\"ImageObject\",\"inLanguage\":\"fr-FR\",\"@id\":\"https:\\\/\\\/secure.gravatar.com\\\/avatar\\\/9cfd402c745b7a685f13eed0ea6e59d2144a3c2fc50a3db6fd5ed451f6cddf1a?s=96&d=mm&r=g\",\"url\":\"https:\\\/\\\/secure.gravatar.com\\\/avatar\\\/9cfd402c745b7a685f13eed0ea6e59d2144a3c2fc50a3db6fd5ed451f6cddf1a?s=96&d=mm&r=g\",\"contentUrl\":\"https:\\\/\\\/secure.gravatar.com\\\/avatar\\\/9cfd402c745b7a685f13eed0ea6e59d2144a3c2fc50a3db6fd5ed451f6cddf1a?s=96&d=mm&r=g\",\"caption\":\"Mohamed Hedi Touati\"},\"url\":\"https:\\\/\\\/www.webdo.tn\\\/fr\\\/actualite\\\/author\\\/mohamed-hedi-touati\\\/\"}]}<\/script>\n<!-- \/ Yoast SEO Premium plugin. -->","yoast_head_json":{"title":"Sidi Bou Sa\u00efd : Un jeune plac\u00e9 en garde \u00e0 vue apr\u00e8s une menace - webdo","description":"Un jeune homme de Sidi Bou Sa\u00efd en garde \u00e0 vue pour avoir brandi une arme factice contre une patrouille de police.","canonical":"https:\/\/www.webdo.tn\/fr\/actualite\/divers\/sidi-bou-said-un-jeune-place-en-garde-a-vue-pour-avoir-brandi-une-arme-factice-contre-la-police\/383387\/","og_locale":"fr_FR","og_type":"article","og_title":"Sidi Bou Sa\u00efd : Un jeune plac\u00e9 en garde \u00e0 vue pour avoir brandi une arme factice contre la police","og_description":"Un jeune homme de Sidi Bou Sa\u00efd en garde \u00e0 vue pour avoir brandi une arme factice contre une patrouille de police.","og_url":"https:\/\/www.webdo.tn\/fr\/actualite\/divers\/sidi-bou-said-un-jeune-place-en-garde-a-vue-pour-avoir-brandi-une-arme-factice-contre-la-police\/383387\/","og_site_name":"webdo","article_publisher":"https:\/\/www.facebook.com\/webdotn","article_published_time":"2025-09-12T14:25:49+00:00","article_modified_time":"2025-09-12T14:25:50+00:00","og_image":[{"width":800,"height":450,"url":"https:\/\/www.webdo.tn\/fr\/wp-content\/uploads\/2025\/09\/garde-a-vue.jpg","type":"image\/jpeg"}],"author":"Mohamed Hedi Touati","twitter_card":"summary_large_image","twitter_creator":"@webdo_tn","twitter_site":"@webdo_tn","twitter_misc":{"\u00c9crit par":"Mohamed Hedi Touati","Dur\u00e9e de lecture estim\u00e9e":"2 minutes"},"schema":{"@context":"https:\/\/schema.org","@graph":[{"@type":"NewsArticle","@id":"https:\/\/www.webdo.tn\/fr\/actualite\/divers\/sidi-bou-said-un-jeune-place-en-garde-a-vue-pour-avoir-brandi-une-arme-factice-contre-la-police\/383387\/#article","isPartOf":{"@id":"https:\/\/www.webdo.tn\/fr\/actualite\/divers\/sidi-bou-said-un-jeune-place-en-garde-a-vue-pour-avoir-brandi-une-arme-factice-contre-la-police\/383387\/"},"author":{"name":"Mohamed Hedi Touati","@id":"https:\/\/www.webdo.tn\/fr\/#\/schema\/person\/c652cd8fc2b1b44412b5ffb48c5a911d"},"headline":"Sidi Bou Sa\u00efd : Un jeune plac\u00e9 en garde \u00e0 vue pour avoir brandi une arme factice contre la police","datePublished":"2025-09-12T14:25:49+00:00","dateModified":"2025-09-12T14:25:50+00:00","mainEntityOfPage":{"@id":"https:\/\/www.webdo.tn\/fr\/actualite\/divers\/sidi-bou-said-un-jeune-place-en-garde-a-vue-pour-avoir-brandi-une-arme-factice-contre-la-police\/383387\/"},"wordCount":246,"publisher":{"@id":"https:\/\/www.webdo.tn\/fr\/#organization"},"image":{"@id":"https:\/\/www.webdo.tn\/fr\/actualite\/divers\/sidi-bou-said-un-jeune-place-en-garde-a-vue-pour-avoir-brandi-une-arme-factice-contre-la-police\/383387\/#primaryimage"},"thumbnailUrl":"https:\/\/www.webdo.tn\/fr\/wp-content\/uploads\/2025\/09\/garde-a-vue.jpg","keywords":["arme factice","garde \u00e0 vue","sidi bou said","soumoud","Tunis","Tunisie"],"articleSection":["Divers"],"inLanguage":"fr-FR"},{"@type":"WebPage","@id":"https:\/\/www.webdo.tn\/fr\/actualite\/divers\/sidi-bou-said-un-jeune-place-en-garde-a-vue-pour-avoir-brandi-une-arme-factice-contre-la-police\/383387\/","url":"https:\/\/www.webdo.tn\/fr\/actualite\/divers\/sidi-bou-said-un-jeune-place-en-garde-a-vue-pour-avoir-brandi-une-arme-factice-contre-la-police\/383387\/","name":"Sidi Bou Sa\u00efd : Un jeune plac\u00e9 en garde \u00e0 vue apr\u00e8s une menace - webdo","isPartOf":{"@id":"https:\/\/www.webdo.tn\/fr\/#website"},"primaryImageOfPage":{"@id":"https:\/\/www.webdo.tn\/fr\/actualite\/divers\/sidi-bou-said-un-jeune-place-en-garde-a-vue-pour-avoir-brandi-une-arme-factice-contre-la-police\/383387\/#primaryimage"},"image":{"@id":"https:\/\/www.webdo.tn\/fr\/actualite\/divers\/sidi-bou-said-un-jeune-place-en-garde-a-vue-pour-avoir-brandi-une-arme-factice-contre-la-police\/383387\/#primaryimage"},"thumbnailUrl":"https:\/\/www.webdo.tn\/fr\/wp-content\/uploads\/2025\/09\/garde-a-vue.jpg","datePublished":"2025-09-12T14:25:49+00:00","dateModified":"2025-09-12T14:25:50+00:00","description":"Un jeune homme de Sidi Bou Sa\u00efd en garde \u00e0 vue pour avoir brandi une arme factice contre une patrouille de police.","breadcrumb":{"@id":"https:\/\/www.webdo.tn\/fr\/actualite\/divers\/sidi-bou-said-un-jeune-place-en-garde-a-vue-pour-avoir-brandi-une-arme-factice-contre-la-police\/383387\/#breadcrumb"},"inLanguage":"fr-FR","potentialAction":[{"@type":"ReadAction","target":["https:\/\/www.webdo.tn\/fr\/actualite\/divers\/sidi-bou-said-un-jeune-place-en-garde-a-vue-pour-avoir-brandi-une-arme-factice-contre-la-police\/383387\/"]}]},{"@type":"ImageObject","inLanguage":"fr-FR","@id":"https:\/\/www.webdo.tn\/fr\/actualite\/divers\/sidi-bou-said-un-jeune-place-en-garde-a-vue-pour-avoir-brandi-une-arme-factice-contre-la-police\/383387\/#primaryimage","url":"https:\/\/www.webdo.tn\/fr\/wp-content\/uploads\/2025\/09\/garde-a-vue.jpg","contentUrl":"https:\/\/www.webdo.tn\/fr\/wp-content\/uploads\/2025\/09\/garde-a-vue.jpg","width":800,"height":450,"caption":"Sidi Bou Sa\u00efd : Un jeune plac\u00e9 en garde \u00e0 vue pour avoir brandi une arme factice contre la police"},{"@type":"BreadcrumbList","@id":"https:\/\/www.webdo.tn\/fr\/actualite\/divers\/sidi-bou-said-un-jeune-place-en-garde-a-vue-pour-avoir-brandi-une-arme-factice-contre-la-police\/383387\/#breadcrumb","itemListElement":[{"@type":"ListItem","position":1,"name":"Accueil","item":"https:\/\/www.webdo.tn\/fr\/"},{"@type":"ListItem","position":2,"name":"Sidi Bou Sa\u00efd : Un jeune plac\u00e9 en garde \u00e0 vue pour avoir brandi une arme factice contre la police"}]},{"@type":"WebSite","@id":"https:\/\/www.webdo.tn\/fr\/#website","url":"https:\/\/www.webdo.tn\/fr\/","name":"webdo","description":"Tunisie - News en Tunisie et \u00e0 l&#039;international sur Webdo.tn","publisher":{"@id":"https:\/\/www.webdo.tn\/fr\/#organization"},"potentialAction":[{"@type":"SearchAction","target":{"@type":"EntryPoint","urlTemplate":"https:\/\/www.webdo.tn\/fr\/?s={search_term_string}"},"query-input":{"@type":"PropertyValueSpecification","valueRequired":true,"valueName":"search_term_string"}}],"inLanguage":"fr-FR"},{"@type":"Organization","@id":"https:\/\/www.webdo.tn\/fr\/#organization","name":"Webdo","alternateName":"Webdo.tn","url":"https:\/\/www.webdo.tn\/fr\/","logo":{"@type":"ImageObject","inLanguage":"fr-FR","@id":"https:\/\/www.webdo.tn\/fr\/#\/schema\/logo\/image\/","url":"https:\/\/www.webdo.tn\/fr\/wp-content\/uploads\/2025\/06\/Webdo-Tunisie_168377.jpg","contentUrl":"https:\/\/www.webdo.tn\/fr\/wp-content\/uploads\/2025\/06\/Webdo-Tunisie_168377.jpg","width":301,"height":301,"caption":"Webdo"},"image":{"@id":"https:\/\/www.webdo.tn\/fr\/#\/schema\/logo\/image\/"},"sameAs":["https:\/\/www.facebook.com\/webdotn","https:\/\/x.com\/webdo_tn"],"description":"Webdo est un m\u00e9dia num\u00e9rique tunisien fond\u00e9 en 2010, sp\u00e9cialis\u00e9 dans l\u2019actualit\u00e9 nationale et internationale, l\u2019\u00e9conomie, la soci\u00e9t\u00e9 et les analyses politiques. Le site s\u2019adresse \u00e0 un large public francophone et couvre l\u2019information tunisienne en temps r\u00e9el.","email":"redac@webdo.tn","legalName":"YNJ SARL","foundingDate":"2010-09-06","numberOfEmployees":{"@type":"QuantitativeValue","minValue":"11","maxValue":"50"}},{"@type":"Person","@id":"https:\/\/www.webdo.tn\/fr\/#\/schema\/person\/c652cd8fc2b1b44412b5ffb48c5a911d","name":"Mohamed Hedi Touati","image":{"@type":"ImageObject","inLanguage":"fr-FR","@id":"https:\/\/secure.gravatar.com\/avatar\/9cfd402c745b7a685f13eed0ea6e59d2144a3c2fc50a3db6fd5ed451f6cddf1a?s=96&d=mm&r=g","url":"https:\/\/secure.gravatar.com\/avatar\/9cfd402c745b7a685f13eed0ea6e59d2144a3c2fc50a3db6fd5ed451f6cddf1a?s=96&d=mm&r=g","contentUrl":"https:\/\/secure.gravatar.com\/avatar\/9cfd402c745b7a685f13eed0ea6e59d2144a3c2fc50a3db6fd5ed451f6cddf1a?s=96&d=mm&r=g","caption":"Mohamed Hedi Touati"},"url":"https:\/\/www.webdo.tn\/fr\/actualite\/author\/mohamed-hedi-touati\/"}]}},"_links":{"self":[{"href":"https:\/\/www.webdo.tn\/fr\/wp-json\/wp\/v2\/posts\/383387","targetHints":{"allow":["GET"]}}],"collection":[{"href":"https:\/\/www.webdo.tn\/fr\/wp-json\/wp\/v2\/posts"}],"about":[{"href":"https:\/\/www.webdo.tn\/fr\/wp-json\/wp\/v2\/types\/post"}],"author":[{"embeddable":true,"href":"https:\/\/www.webdo.tn\/fr\/wp-json\/wp\/v2\/users\/3191"}],"replies":[{"embeddable":true,"href":"https:\/\/www.webdo.tn\/fr\/wp-json\/wp\/v2\/comments?post=383387"}],"version-history":[{"count":0,"href":"https:\/\/www.webdo.tn\/fr\/wp-json\/wp\/v2\/posts\/383387\/revisions"}],"wp:featuredmedia":[{"embeddable":true,"href":"https:\/\/www.webdo.tn\/fr\/wp-json\/wp\/v2\/media\/383388"}],"wp:attachment":[{"href":"https:\/\/www.webdo.tn\/fr\/wp-json\/wp\/v2\/media?parent=383387"}],"wp:term":[{"taxonomy":"category","embeddable":true,"href":"https:\/\/www.webdo.tn\/fr\/wp-json\/wp\/v2\/categories?post=383387"},{"taxonomy":"post_tag","embeddable":true,"href":"https:\/\/www.webdo.tn\/fr\/wp-json\/wp\/v2\/tags?post=383387"}],"curies":[{"name":"wp","href":"https:\/\/api.w.org\/{rel}","templated":true}]}}