{"id":383373,"date":"2025-09-12T13:09:58","date_gmt":"2025-09-12T12:09:58","guid":{"rendered":"https:\/\/www.webdo.tn\/fr\/?p=383373"},"modified":"2025-09-13T09:33:10","modified_gmt":"2025-09-13T08:33:10","slug":"lancien-diplomate-abdallah-laabidi-la-flottille-soumoud-releve-du-folklore","status":"publish","type":"post","link":"https:\/\/www.webdo.tn\/fr\/actualite\/national\/lancien-diplomate-abdallah-laabidi-la-flottille-soumoud-releve-du-folklore\/383373\/","title":{"rendered":"L&rsquo;ancien diplomate Abdallah Laabidi : \u00ab\u00a0La flottille \u00ab\u00a0Soumoud\u00a0\u00bb rel\u00e8ve du folklore\u00a0\u00bb"},"content":{"rendered":"\n<p><strong>L\u2019ancien diplomate Abdallah Laabidi a livr\u00e9, vendredi 12 septembre 2025, son analyse sur la flottille Soumoud et les r\u00e9actions suscit\u00e9es par son arriv\u00e9e en Tunisie.<\/strong><\/p>\n\n\n\n<p><a href=\"https:\/\/www.facebook.com\/watch\/live\/?ref=watch_permalink&amp;v=1118001067094154\">Invit\u00e9 sur les ondes de Jawhara fm<\/a>, il a estim\u00e9 que cette initiative avait sans aucun doute irrit\u00e9 Isra\u00ebl et ses alli\u00e9s. Mais selon lui, au-del\u00e0 de l\u2019effet m\u00e9diatique, ses r\u00e9percussions risquent d\u2019avoir des cons\u00e9quences politiques tangibles.<\/p>\n\n\n\n<blockquote class=\"wp-block-quote is-layout-flow wp-block-quote-is-layout-flow\">\n<blockquote class=\"wp-block-quote is-layout-flow wp-block-quote-is-layout-flow\">\n<p>\u00ab Il suffit de voir la cadence des visites officielles en Tunisie : en l\u2019espace de 48 heures, nous avons accueilli deux d\u00e9l\u00e9gations repr\u00e9sentant des camps totalement oppos\u00e9s dans leurs alliances et leurs int\u00e9r\u00eats \u00bb, a-t-il soulign\u00e9.<\/p>\n<\/blockquote>\n<\/blockquote>\n\n\n\n<h2 class=\"wp-block-heading\" id=\"h-l-occident-le-moyen-orient-et-la-question-des-institutions\">L\u2019Occident, le Moyen-Orient et la question des institutions<\/h2>\n\n\n\n<p>Poursuivant son intervention, Laabidi a mis en avant une diff\u00e9rence fondamentale entre les pays occidentaux et ceux du Moyen-Orient : la solidit\u00e9 institutionnelle. Il a affirm\u00e9 que les \u00c9tats-Unis ne s\u2019int\u00e9ressent au Moyen-Orient qu\u2019en raison de ses ressources, ajoutant que la dur\u00e9e de vie des \u00ab mini-\u00c9tats \u00bb cr\u00e9\u00e9s dans la r\u00e9gion correspond, selon lui, \u00e0 celle de leurs richesses naturelles. Il a rappel\u00e9 que l\u2019ancien pr\u00e9sident am\u00e9ricain Donald Trump avait m\u00eame sugg\u00e9r\u00e9 un partage des revenus du p\u00e8lerinage.<\/p>\n\n\n\n<h2 class=\"wp-block-heading\" id=\"h-des-manifestations-percues-comme-symboliques\">Des manifestations per\u00e7ues comme symboliques<\/h2>\n\n\n\n<p>L\u2019ex-diplomate a \u00e9galement compar\u00e9 certaines luttes actuelles \u00e0 des actes symboliques sans impact durable. \u00ab La Pologne qu\u2019ils d\u00e9fendent aujourd\u2019hui a disparu de l\u2019histoire pendant soixante ans \u00bb, a-t-il rappel\u00e9, avant de qualifier les manifestations, les protestations et la flottille Soumoud de simples d\u00e9monstrations \u00ab folkloriques \u00bb, offrant un exutoire provisoire aux populations opprim\u00e9es.<\/p>\n\n\n\n<h2 class=\"wp-block-heading\" id=\"h-un-appel-a-un-veritable-changement\">Un appel \u00e0 un v\u00e9ritable changement<\/h2>\n\n\n\n<p>En conclusion, Abdallah Laabidi a affirm\u00e9 qu\u2019au lieu de se contenter de ce qu\u2019il appelle des actions folkloriques, les peuples arabes gagneraient davantage \u00e0 \u0153uvrer pour transformer leurs r\u00e9gimes politiques.<\/p>\n\n\n\n<p><\/p>\n\n\n\n<p><strong>Lire aussi :<\/strong><\/p>\n\n\n\n<ul class=\"wp-block-list\">\n<li><a href=\"https:\/\/www.webdo.tn\/fr\/actualite\/national\/sidi-bou-said-la-flottille-soumoud-determinee-a-briser-le-blocus-de-gaza\/383233\/\">Sidi Bou Sa\u00efd : La Flottille Soumoud d\u00e9termin\u00e9e \u00e0 briser le blocus de Gaza<\/a><\/li>\n\n\n\n<li><a href=\"https:\/\/www.webdo.tn\/fr\/actualite\/national\/tunisie-iran-cooperation-bilaterale-et-soutien-a-la-palestine-au-centre-des-discussions\/383291\/\">Tunisie \u2013 Iran\u00a0: Coop\u00e9ration bilat\u00e9rale et soutien \u00e0 la Palestine au centre des discussions<\/a><\/li>\n\n\n\n<li><a href=\"https:\/\/www.webdo.tn\/fr\/actualite\/national\/visite-du-chef-de-la-diplomatie-saoudienne-kais-saied-denonce-un-nouveau-sykes-picot\/383163\/\">Visite du chef de la diplomatie saoudienne : Ka\u00efs Sa\u00efed d\u00e9nonce un \u00ab nouveau Sykes-Picot \u00bb<\/a><\/li>\n<\/ul>\n","protected":false},"excerpt":{"rendered":"<p>L\u2019ancien diplomate Abdallah Laabidi a livr\u00e9, vendredi 12 septembre 2025, son analyse sur la flottille Soumoud et les r\u00e9actions suscit\u00e9es par son arriv\u00e9e en Tunisie. Invit\u00e9 sur les ondes de Jawhara fm, il a estim\u00e9 que cette initiative avait sans aucun doute irrit\u00e9 Isra\u00ebl et ses alli\u00e9s. Mais selon lui, au-del\u00e0 de l\u2019effet m\u00e9diatique, ses [&hellip;]<\/p>\n","protected":false},"author":3191,"featured_media":383374,"comment_status":"closed","ping_status":"closed","sticky":false,"template":"","format":"standard","meta":{"footnotes":""},"categories":[44],"tags":[12378,2689,12515,11913,2608],"class_list":["post-383373","post","type-post","status-publish","format-standard","has-post-thumbnail","hentry","category-national","tag-flottille","tag-gaza","tag-global-sumud-flotilla","tag-soumoud","tag-tunisie"],"yoast_head":"<!-- This site is optimized with the Yoast SEO Premium plugin v27.5 (Yoast SEO v27.5) - https:\/\/yoast.com\/product\/yoast-seo-premium-wordpress\/ -->\n<title>L&#039;ancien diplomate Abdallah Laabidi : Cons\u00e9quences du Soumoud - webdo<\/title>\n<meta name=\"description\" content=\"Analyse passionnante d&#039;Abdallah Laabidi sur la flottille Soumoud : un \u00e9v\u00e9nement qui pourrait remodeler la dynamique politique en Tunisie.\" \/>\n<link rel=\"canonical\" href=\"https:\/\/www.webdo.tn\/fr\/actualite\/national\/lancien-diplomate-abdallah-laabidi-la-flottille-soumoud-releve-du-folklore\/383373\/\" \/>\n<meta property=\"og:locale\" content=\"fr_FR\" \/>\n<meta property=\"og:type\" content=\"article\" \/>\n<meta property=\"og:title\" content=\"L&#039;ancien diplomate Abdallah Laabidi : &quot;La flottille &quot;Soumoud&quot; rel\u00e8ve du folklore&quot;\" \/>\n<meta property=\"og:description\" content=\"Analyse passionnante d&#039;Abdallah Laabidi sur la flottille Soumoud : un \u00e9v\u00e9nement qui pourrait remodeler la dynamique politique en Tunisie.\" \/>\n<meta property=\"og:url\" content=\"https:\/\/www.webdo.tn\/fr\/actualite\/national\/lancien-diplomate-abdallah-laabidi-la-flottille-soumoud-releve-du-folklore\/383373\/\" \/>\n<meta property=\"og:site_name\" content=\"webdo\" \/>\n<meta property=\"article:publisher\" content=\"https:\/\/www.facebook.com\/webdotn\" \/>\n<meta property=\"article:published_time\" content=\"2025-09-12T12:09:58+00:00\" \/>\n<meta property=\"article:modified_time\" content=\"2025-09-13T08:33:10+00:00\" \/>\n<meta property=\"og:image\" content=\"https:\/\/www.webdo.tn\/fr\/wp-content\/uploads\/2025\/09\/abdallah-laabidi.jpg\" \/>\n\t<meta property=\"og:image:width\" content=\"800\" \/>\n\t<meta property=\"og:image:height\" content=\"399\" \/>\n\t<meta property=\"og:image:type\" content=\"image\/jpeg\" \/>\n<meta name=\"author\" content=\"Mohamed Hedi Touati\" \/>\n<meta name=\"twitter:card\" content=\"summary_large_image\" \/>\n<meta name=\"twitter:creator\" content=\"@webdo_tn\" \/>\n<meta name=\"twitter:site\" content=\"@webdo_tn\" \/>\n<meta name=\"twitter:label1\" content=\"\u00c9crit par\" \/>\n\t<meta name=\"twitter:data1\" content=\"Mohamed Hedi Touati\" \/>\n\t<meta name=\"twitter:label2\" content=\"Dur\u00e9e de lecture estim\u00e9e\" \/>\n\t<meta name=\"twitter:data2\" content=\"2 minutes\" \/>\n<script type=\"application\/ld+json\" class=\"yoast-schema-graph\">{\"@context\":\"https:\\\/\\\/schema.org\",\"@graph\":[{\"@type\":\"NewsArticle\",\"@id\":\"https:\\\/\\\/www.webdo.tn\\\/fr\\\/actualite\\\/national\\\/lancien-diplomate-abdallah-laabidi-la-flottille-soumoud-releve-du-folklore\\\/383373\\\/#article\",\"isPartOf\":{\"@id\":\"https:\\\/\\\/www.webdo.tn\\\/fr\\\/actualite\\\/national\\\/lancien-diplomate-abdallah-laabidi-la-flottille-soumoud-releve-du-folklore\\\/383373\\\/\"},\"author\":{\"name\":\"Mohamed Hedi Touati\",\"@id\":\"https:\\\/\\\/www.webdo.tn\\\/fr\\\/#\\\/schema\\\/person\\\/c652cd8fc2b1b44412b5ffb48c5a911d\"},\"headline\":\"L&rsquo;ancien diplomate Abdallah Laabidi : \u00ab\u00a0La flottille \u00ab\u00a0Soumoud\u00a0\u00bb rel\u00e8ve du folklore\u00a0\u00bb\",\"datePublished\":\"2025-09-12T12:09:58+00:00\",\"dateModified\":\"2025-09-13T08:33:10+00:00\",\"mainEntityOfPage\":{\"@id\":\"https:\\\/\\\/www.webdo.tn\\\/fr\\\/actualite\\\/national\\\/lancien-diplomate-abdallah-laabidi-la-flottille-soumoud-releve-du-folklore\\\/383373\\\/\"},\"wordCount\":368,\"publisher\":{\"@id\":\"https:\\\/\\\/www.webdo.tn\\\/fr\\\/#organization\"},\"image\":{\"@id\":\"https:\\\/\\\/www.webdo.tn\\\/fr\\\/actualite\\\/national\\\/lancien-diplomate-abdallah-laabidi-la-flottille-soumoud-releve-du-folklore\\\/383373\\\/#primaryimage\"},\"thumbnailUrl\":\"https:\\\/\\\/www.webdo.tn\\\/fr\\\/wp-content\\\/uploads\\\/2025\\\/09\\\/abdallah-laabidi.jpg\",\"keywords\":[\"Flottille\",\"Gaza\",\"Global Sumud Flotilla\",\"soumoud\",\"Tunisie\"],\"articleSection\":[\"National\"],\"inLanguage\":\"fr-FR\"},{\"@type\":\"WebPage\",\"@id\":\"https:\\\/\\\/www.webdo.tn\\\/fr\\\/actualite\\\/national\\\/lancien-diplomate-abdallah-laabidi-la-flottille-soumoud-releve-du-folklore\\\/383373\\\/\",\"url\":\"https:\\\/\\\/www.webdo.tn\\\/fr\\\/actualite\\\/national\\\/lancien-diplomate-abdallah-laabidi-la-flottille-soumoud-releve-du-folklore\\\/383373\\\/\",\"name\":\"L'ancien diplomate Abdallah Laabidi : Cons\u00e9quences du Soumoud - webdo\",\"isPartOf\":{\"@id\":\"https:\\\/\\\/www.webdo.tn\\\/fr\\\/#website\"},\"primaryImageOfPage\":{\"@id\":\"https:\\\/\\\/www.webdo.tn\\\/fr\\\/actualite\\\/national\\\/lancien-diplomate-abdallah-laabidi-la-flottille-soumoud-releve-du-folklore\\\/383373\\\/#primaryimage\"},\"image\":{\"@id\":\"https:\\\/\\\/www.webdo.tn\\\/fr\\\/actualite\\\/national\\\/lancien-diplomate-abdallah-laabidi-la-flottille-soumoud-releve-du-folklore\\\/383373\\\/#primaryimage\"},\"thumbnailUrl\":\"https:\\\/\\\/www.webdo.tn\\\/fr\\\/wp-content\\\/uploads\\\/2025\\\/09\\\/abdallah-laabidi.jpg\",\"datePublished\":\"2025-09-12T12:09:58+00:00\",\"dateModified\":\"2025-09-13T08:33:10+00:00\",\"description\":\"Analyse passionnante d'Abdallah Laabidi sur la flottille Soumoud : un \u00e9v\u00e9nement qui pourrait remodeler la dynamique politique en Tunisie.\",\"breadcrumb\":{\"@id\":\"https:\\\/\\\/www.webdo.tn\\\/fr\\\/actualite\\\/national\\\/lancien-diplomate-abdallah-laabidi-la-flottille-soumoud-releve-du-folklore\\\/383373\\\/#breadcrumb\"},\"inLanguage\":\"fr-FR\",\"potentialAction\":[{\"@type\":\"ReadAction\",\"target\":[\"https:\\\/\\\/www.webdo.tn\\\/fr\\\/actualite\\\/national\\\/lancien-diplomate-abdallah-laabidi-la-flottille-soumoud-releve-du-folklore\\\/383373\\\/\"]}]},{\"@type\":\"ImageObject\",\"inLanguage\":\"fr-FR\",\"@id\":\"https:\\\/\\\/www.webdo.tn\\\/fr\\\/actualite\\\/national\\\/lancien-diplomate-abdallah-laabidi-la-flottille-soumoud-releve-du-folklore\\\/383373\\\/#primaryimage\",\"url\":\"https:\\\/\\\/www.webdo.tn\\\/fr\\\/wp-content\\\/uploads\\\/2025\\\/09\\\/abdallah-laabidi.jpg\",\"contentUrl\":\"https:\\\/\\\/www.webdo.tn\\\/fr\\\/wp-content\\\/uploads\\\/2025\\\/09\\\/abdallah-laabidi.jpg\",\"width\":800,\"height\":399,\"caption\":\"L'ancien diplomate Abdallah Laabidi : \\\"La flottille \\\"Soumoud\\\" rel\u00e8ve du folklore\\\"\"},{\"@type\":\"BreadcrumbList\",\"@id\":\"https:\\\/\\\/www.webdo.tn\\\/fr\\\/actualite\\\/national\\\/lancien-diplomate-abdallah-laabidi-la-flottille-soumoud-releve-du-folklore\\\/383373\\\/#breadcrumb\",\"itemListElement\":[{\"@type\":\"ListItem\",\"position\":1,\"name\":\"Accueil\",\"item\":\"https:\\\/\\\/www.webdo.tn\\\/fr\\\/\"},{\"@type\":\"ListItem\",\"position\":2,\"name\":\"L&rsquo;ancien diplomate Abdallah Laabidi : \u00ab\u00a0La flottille \u00ab\u00a0Soumoud\u00a0\u00bb rel\u00e8ve du folklore\u00a0\u00bb\"}]},{\"@type\":\"WebSite\",\"@id\":\"https:\\\/\\\/www.webdo.tn\\\/fr\\\/#website\",\"url\":\"https:\\\/\\\/www.webdo.tn\\\/fr\\\/\",\"name\":\"webdo\",\"description\":\"Tunisie - News en Tunisie et \u00e0 l&#039;international sur Webdo.tn\",\"publisher\":{\"@id\":\"https:\\\/\\\/www.webdo.tn\\\/fr\\\/#organization\"},\"potentialAction\":[{\"@type\":\"SearchAction\",\"target\":{\"@type\":\"EntryPoint\",\"urlTemplate\":\"https:\\\/\\\/www.webdo.tn\\\/fr\\\/?s={search_term_string}\"},\"query-input\":{\"@type\":\"PropertyValueSpecification\",\"valueRequired\":true,\"valueName\":\"search_term_string\"}}],\"inLanguage\":\"fr-FR\"},{\"@type\":\"Organization\",\"@id\":\"https:\\\/\\\/www.webdo.tn\\\/fr\\\/#organization\",\"name\":\"Webdo\",\"alternateName\":\"Webdo.tn\",\"url\":\"https:\\\/\\\/www.webdo.tn\\\/fr\\\/\",\"logo\":{\"@type\":\"ImageObject\",\"inLanguage\":\"fr-FR\",\"@id\":\"https:\\\/\\\/www.webdo.tn\\\/fr\\\/#\\\/schema\\\/logo\\\/image\\\/\",\"url\":\"https:\\\/\\\/www.webdo.tn\\\/fr\\\/wp-content\\\/uploads\\\/2025\\\/06\\\/Webdo-Tunisie_168377.jpg\",\"contentUrl\":\"https:\\\/\\\/www.webdo.tn\\\/fr\\\/wp-content\\\/uploads\\\/2025\\\/06\\\/Webdo-Tunisie_168377.jpg\",\"width\":301,\"height\":301,\"caption\":\"Webdo\"},\"image\":{\"@id\":\"https:\\\/\\\/www.webdo.tn\\\/fr\\\/#\\\/schema\\\/logo\\\/image\\\/\"},\"sameAs\":[\"https:\\\/\\\/www.facebook.com\\\/webdotn\",\"https:\\\/\\\/x.com\\\/webdo_tn\"],\"description\":\"Webdo est un m\u00e9dia num\u00e9rique tunisien fond\u00e9 en 2010, sp\u00e9cialis\u00e9 dans l\u2019actualit\u00e9 nationale et internationale, l\u2019\u00e9conomie, la soci\u00e9t\u00e9 et les analyses politiques. Le site s\u2019adresse \u00e0 un large public francophone et couvre l\u2019information tunisienne en temps r\u00e9el.\",\"email\":\"redac@webdo.tn\",\"legalName\":\"YNJ SARL\",\"foundingDate\":\"2010-09-06\",\"numberOfEmployees\":{\"@type\":\"QuantitativeValue\",\"minValue\":\"11\",\"maxValue\":\"50\"}},{\"@type\":\"Person\",\"@id\":\"https:\\\/\\\/www.webdo.tn\\\/fr\\\/#\\\/schema\\\/person\\\/c652cd8fc2b1b44412b5ffb48c5a911d\",\"name\":\"Mohamed Hedi Touati\",\"image\":{\"@type\":\"ImageObject\",\"inLanguage\":\"fr-FR\",\"@id\":\"https:\\\/\\\/secure.gravatar.com\\\/avatar\\\/9cfd402c745b7a685f13eed0ea6e59d2144a3c2fc50a3db6fd5ed451f6cddf1a?s=96&d=mm&r=g\",\"url\":\"https:\\\/\\\/secure.gravatar.com\\\/avatar\\\/9cfd402c745b7a685f13eed0ea6e59d2144a3c2fc50a3db6fd5ed451f6cddf1a?s=96&d=mm&r=g\",\"contentUrl\":\"https:\\\/\\\/secure.gravatar.com\\\/avatar\\\/9cfd402c745b7a685f13eed0ea6e59d2144a3c2fc50a3db6fd5ed451f6cddf1a?s=96&d=mm&r=g\",\"caption\":\"Mohamed Hedi Touati\"},\"url\":\"https:\\\/\\\/www.webdo.tn\\\/fr\\\/actualite\\\/author\\\/mohamed-hedi-touati\\\/\"}]}<\/script>\n<!-- \/ Yoast SEO Premium plugin. -->","yoast_head_json":{"title":"L'ancien diplomate Abdallah Laabidi : Cons\u00e9quences du Soumoud - webdo","description":"Analyse passionnante d'Abdallah Laabidi sur la flottille Soumoud : un \u00e9v\u00e9nement qui pourrait remodeler la dynamique politique en Tunisie.","canonical":"https:\/\/www.webdo.tn\/fr\/actualite\/national\/lancien-diplomate-abdallah-laabidi-la-flottille-soumoud-releve-du-folklore\/383373\/","og_locale":"fr_FR","og_type":"article","og_title":"L'ancien diplomate Abdallah Laabidi : \"La flottille \"Soumoud\" rel\u00e8ve du folklore\"","og_description":"Analyse passionnante d'Abdallah Laabidi sur la flottille Soumoud : un \u00e9v\u00e9nement qui pourrait remodeler la dynamique politique en Tunisie.","og_url":"https:\/\/www.webdo.tn\/fr\/actualite\/national\/lancien-diplomate-abdallah-laabidi-la-flottille-soumoud-releve-du-folklore\/383373\/","og_site_name":"webdo","article_publisher":"https:\/\/www.facebook.com\/webdotn","article_published_time":"2025-09-12T12:09:58+00:00","article_modified_time":"2025-09-13T08:33:10+00:00","og_image":[{"width":800,"height":399,"url":"https:\/\/www.webdo.tn\/fr\/wp-content\/uploads\/2025\/09\/abdallah-laabidi.jpg","type":"image\/jpeg"}],"author":"Mohamed Hedi Touati","twitter_card":"summary_large_image","twitter_creator":"@webdo_tn","twitter_site":"@webdo_tn","twitter_misc":{"\u00c9crit par":"Mohamed Hedi Touati","Dur\u00e9e de lecture estim\u00e9e":"2 minutes"},"schema":{"@context":"https:\/\/schema.org","@graph":[{"@type":"NewsArticle","@id":"https:\/\/www.webdo.tn\/fr\/actualite\/national\/lancien-diplomate-abdallah-laabidi-la-flottille-soumoud-releve-du-folklore\/383373\/#article","isPartOf":{"@id":"https:\/\/www.webdo.tn\/fr\/actualite\/national\/lancien-diplomate-abdallah-laabidi-la-flottille-soumoud-releve-du-folklore\/383373\/"},"author":{"name":"Mohamed Hedi Touati","@id":"https:\/\/www.webdo.tn\/fr\/#\/schema\/person\/c652cd8fc2b1b44412b5ffb48c5a911d"},"headline":"L&rsquo;ancien diplomate Abdallah Laabidi : \u00ab\u00a0La flottille \u00ab\u00a0Soumoud\u00a0\u00bb rel\u00e8ve du folklore\u00a0\u00bb","datePublished":"2025-09-12T12:09:58+00:00","dateModified":"2025-09-13T08:33:10+00:00","mainEntityOfPage":{"@id":"https:\/\/www.webdo.tn\/fr\/actualite\/national\/lancien-diplomate-abdallah-laabidi-la-flottille-soumoud-releve-du-folklore\/383373\/"},"wordCount":368,"publisher":{"@id":"https:\/\/www.webdo.tn\/fr\/#organization"},"image":{"@id":"https:\/\/www.webdo.tn\/fr\/actualite\/national\/lancien-diplomate-abdallah-laabidi-la-flottille-soumoud-releve-du-folklore\/383373\/#primaryimage"},"thumbnailUrl":"https:\/\/www.webdo.tn\/fr\/wp-content\/uploads\/2025\/09\/abdallah-laabidi.jpg","keywords":["Flottille","Gaza","Global Sumud Flotilla","soumoud","Tunisie"],"articleSection":["National"],"inLanguage":"fr-FR"},{"@type":"WebPage","@id":"https:\/\/www.webdo.tn\/fr\/actualite\/national\/lancien-diplomate-abdallah-laabidi-la-flottille-soumoud-releve-du-folklore\/383373\/","url":"https:\/\/www.webdo.tn\/fr\/actualite\/national\/lancien-diplomate-abdallah-laabidi-la-flottille-soumoud-releve-du-folklore\/383373\/","name":"L'ancien diplomate Abdallah Laabidi : Cons\u00e9quences du Soumoud - webdo","isPartOf":{"@id":"https:\/\/www.webdo.tn\/fr\/#website"},"primaryImageOfPage":{"@id":"https:\/\/www.webdo.tn\/fr\/actualite\/national\/lancien-diplomate-abdallah-laabidi-la-flottille-soumoud-releve-du-folklore\/383373\/#primaryimage"},"image":{"@id":"https:\/\/www.webdo.tn\/fr\/actualite\/national\/lancien-diplomate-abdallah-laabidi-la-flottille-soumoud-releve-du-folklore\/383373\/#primaryimage"},"thumbnailUrl":"https:\/\/www.webdo.tn\/fr\/wp-content\/uploads\/2025\/09\/abdallah-laabidi.jpg","datePublished":"2025-09-12T12:09:58+00:00","dateModified":"2025-09-13T08:33:10+00:00","description":"Analyse passionnante d'Abdallah Laabidi sur la flottille Soumoud : un \u00e9v\u00e9nement qui pourrait remodeler la dynamique politique en Tunisie.","breadcrumb":{"@id":"https:\/\/www.webdo.tn\/fr\/actualite\/national\/lancien-diplomate-abdallah-laabidi-la-flottille-soumoud-releve-du-folklore\/383373\/#breadcrumb"},"inLanguage":"fr-FR","potentialAction":[{"@type":"ReadAction","target":["https:\/\/www.webdo.tn\/fr\/actualite\/national\/lancien-diplomate-abdallah-laabidi-la-flottille-soumoud-releve-du-folklore\/383373\/"]}]},{"@type":"ImageObject","inLanguage":"fr-FR","@id":"https:\/\/www.webdo.tn\/fr\/actualite\/national\/lancien-diplomate-abdallah-laabidi-la-flottille-soumoud-releve-du-folklore\/383373\/#primaryimage","url":"https:\/\/www.webdo.tn\/fr\/wp-content\/uploads\/2025\/09\/abdallah-laabidi.jpg","contentUrl":"https:\/\/www.webdo.tn\/fr\/wp-content\/uploads\/2025\/09\/abdallah-laabidi.jpg","width":800,"height":399,"caption":"L'ancien diplomate Abdallah Laabidi : \"La flottille \"Soumoud\" rel\u00e8ve du folklore\""},{"@type":"BreadcrumbList","@id":"https:\/\/www.webdo.tn\/fr\/actualite\/national\/lancien-diplomate-abdallah-laabidi-la-flottille-soumoud-releve-du-folklore\/383373\/#breadcrumb","itemListElement":[{"@type":"ListItem","position":1,"name":"Accueil","item":"https:\/\/www.webdo.tn\/fr\/"},{"@type":"ListItem","position":2,"name":"L&rsquo;ancien diplomate Abdallah Laabidi : \u00ab\u00a0La flottille \u00ab\u00a0Soumoud\u00a0\u00bb rel\u00e8ve du folklore\u00a0\u00bb"}]},{"@type":"WebSite","@id":"https:\/\/www.webdo.tn\/fr\/#website","url":"https:\/\/www.webdo.tn\/fr\/","name":"webdo","description":"Tunisie - News en Tunisie et \u00e0 l&#039;international sur Webdo.tn","publisher":{"@id":"https:\/\/www.webdo.tn\/fr\/#organization"},"potentialAction":[{"@type":"SearchAction","target":{"@type":"EntryPoint","urlTemplate":"https:\/\/www.webdo.tn\/fr\/?s={search_term_string}"},"query-input":{"@type":"PropertyValueSpecification","valueRequired":true,"valueName":"search_term_string"}}],"inLanguage":"fr-FR"},{"@type":"Organization","@id":"https:\/\/www.webdo.tn\/fr\/#organization","name":"Webdo","alternateName":"Webdo.tn","url":"https:\/\/www.webdo.tn\/fr\/","logo":{"@type":"ImageObject","inLanguage":"fr-FR","@id":"https:\/\/www.webdo.tn\/fr\/#\/schema\/logo\/image\/","url":"https:\/\/www.webdo.tn\/fr\/wp-content\/uploads\/2025\/06\/Webdo-Tunisie_168377.jpg","contentUrl":"https:\/\/www.webdo.tn\/fr\/wp-content\/uploads\/2025\/06\/Webdo-Tunisie_168377.jpg","width":301,"height":301,"caption":"Webdo"},"image":{"@id":"https:\/\/www.webdo.tn\/fr\/#\/schema\/logo\/image\/"},"sameAs":["https:\/\/www.facebook.com\/webdotn","https:\/\/x.com\/webdo_tn"],"description":"Webdo est un m\u00e9dia num\u00e9rique tunisien fond\u00e9 en 2010, sp\u00e9cialis\u00e9 dans l\u2019actualit\u00e9 nationale et internationale, l\u2019\u00e9conomie, la soci\u00e9t\u00e9 et les analyses politiques. Le site s\u2019adresse \u00e0 un large public francophone et couvre l\u2019information tunisienne en temps r\u00e9el.","email":"redac@webdo.tn","legalName":"YNJ SARL","foundingDate":"2010-09-06","numberOfEmployees":{"@type":"QuantitativeValue","minValue":"11","maxValue":"50"}},{"@type":"Person","@id":"https:\/\/www.webdo.tn\/fr\/#\/schema\/person\/c652cd8fc2b1b44412b5ffb48c5a911d","name":"Mohamed Hedi Touati","image":{"@type":"ImageObject","inLanguage":"fr-FR","@id":"https:\/\/secure.gravatar.com\/avatar\/9cfd402c745b7a685f13eed0ea6e59d2144a3c2fc50a3db6fd5ed451f6cddf1a?s=96&d=mm&r=g","url":"https:\/\/secure.gravatar.com\/avatar\/9cfd402c745b7a685f13eed0ea6e59d2144a3c2fc50a3db6fd5ed451f6cddf1a?s=96&d=mm&r=g","contentUrl":"https:\/\/secure.gravatar.com\/avatar\/9cfd402c745b7a685f13eed0ea6e59d2144a3c2fc50a3db6fd5ed451f6cddf1a?s=96&d=mm&r=g","caption":"Mohamed Hedi Touati"},"url":"https:\/\/www.webdo.tn\/fr\/actualite\/author\/mohamed-hedi-touati\/"}]}},"_links":{"self":[{"href":"https:\/\/www.webdo.tn\/fr\/wp-json\/wp\/v2\/posts\/383373","targetHints":{"allow":["GET"]}}],"collection":[{"href":"https:\/\/www.webdo.tn\/fr\/wp-json\/wp\/v2\/posts"}],"about":[{"href":"https:\/\/www.webdo.tn\/fr\/wp-json\/wp\/v2\/types\/post"}],"author":[{"embeddable":true,"href":"https:\/\/www.webdo.tn\/fr\/wp-json\/wp\/v2\/users\/3191"}],"replies":[{"embeddable":true,"href":"https:\/\/www.webdo.tn\/fr\/wp-json\/wp\/v2\/comments?post=383373"}],"version-history":[{"count":0,"href":"https:\/\/www.webdo.tn\/fr\/wp-json\/wp\/v2\/posts\/383373\/revisions"}],"wp:featuredmedia":[{"embeddable":true,"href":"https:\/\/www.webdo.tn\/fr\/wp-json\/wp\/v2\/media\/383374"}],"wp:attachment":[{"href":"https:\/\/www.webdo.tn\/fr\/wp-json\/wp\/v2\/media?parent=383373"}],"wp:term":[{"taxonomy":"category","embeddable":true,"href":"https:\/\/www.webdo.tn\/fr\/wp-json\/wp\/v2\/categories?post=383373"},{"taxonomy":"post_tag","embeddable":true,"href":"https:\/\/www.webdo.tn\/fr\/wp-json\/wp\/v2\/tags?post=383373"}],"curies":[{"name":"wp","href":"https:\/\/api.w.org\/{rel}","templated":true}]}}