{"id":383268,"date":"2025-09-11T07:22:45","date_gmt":"2025-09-11T06:22:45","guid":{"rendered":"https:\/\/www.webdo.tn\/fr\/?p=383268"},"modified":"2025-09-11T12:11:38","modified_gmt":"2025-09-11T11:11:38","slug":"assassinat-du-conservateur-charlie-kirk-lamerique-sous-le-choc","status":"publish","type":"post","link":"https:\/\/www.webdo.tn\/fr\/actualite\/international\/assassinat-du-conservateur-charlie-kirk-lamerique-sous-le-choc\/383268\/","title":{"rendered":"Assassinat du conservateur Charlie Kirk : L\u2019Am\u00e9rique sous le choc"},"content":{"rendered":"\n<p><\/p>\n\n\n\n<p>Charlie Kirk, figure majeure du mouvement conservateur am\u00e9ricain et cofondateur de l\u2019organisation \u00e9tudiante Turning Point USA, a \u00e9t\u00e9 assassin\u00e9 mercredi lors d\u2019un meeting organis\u00e9 sur le campus de l\u2019Universit\u00e9 de la Vall\u00e9e de l\u2019Utah (Utah Valley University), \u00e0 Orem.<\/p>\n\n\n\n<p>Le drame est survenu en plein air, devant plus de trois mille personnes. Alors qu\u2019il s\u2019adressait \u00e0 la foule dans le cadre de sa tourn\u00e9e baptis\u00e9e \u00ab American Comeback Tour \u00bb, une balle tir\u00e9e depuis un b\u00e2timent voisin l\u2019a atteint au cou. Rapidement transport\u00e9 \u00e0 l\u2019h\u00f4pital, il a succomb\u00e9 \u00e0 ses blessures peu apr\u00e8s son arriv\u00e9e.<\/p>\n\n\n\n<p>La nouvelle de sa mort a provoqu\u00e9 une onde de choc aux \u00c9tats-Unis. Le gouverneur de l\u2019Utah, Spencer Cox, a d\u00e9nonc\u00e9 un \u00ab assassinat politique \u00bb, tandis que le pr\u00e9sident Donald Trump a salu\u00e9 la m\u00e9moire d\u2019un \u00ab patriote et martyr \u00bb, ordonnant que les drapeaux soient mis en berne. De nombreux responsables politiques, toutes tendances confondues, ont condamn\u00e9 la mont\u00e9e de la violence politique et appel\u00e9 \u00e0 l\u2019unit\u00e9 nationale.<\/p>\n\n\n\n<p>Les circonstances exactes de l\u2019attaque restent floues. Un suspect a \u00e9t\u00e9 bri\u00e8vement interpell\u00e9 avant d\u2019\u00eatre rel\u00e2ch\u00e9, et l\u2019enqu\u00eate se poursuit pour identifier le ou les auteurs de ce meurtre. Cet \u00e9v\u00e9nement relance le d\u00e9bat sur la s\u00e9curit\u00e9 des meetings politiques, notamment sur les campus universitaires, o\u00f9 les dispositifs de protection sont jug\u00e9s insuffisants par plusieurs observateurs.<\/p>\n\n\n\n<p>L\u2019assassinat de Charlie Kirk, dans un climat politique d\u00e9j\u00e0 marqu\u00e9 par une forte polarisation, soul\u00e8ve de vives inqui\u00e9tudes sur l\u2019avenir du d\u00e9bat public aux \u00c9tats-Unis et sur la capacit\u00e9 du pays \u00e0 garantir la s\u00e9curit\u00e9 de celles et ceux qui prennent la parole sur la sc\u00e8ne politique.<\/p>\n","protected":false},"excerpt":{"rendered":"<p>Charlie Kirk, figure majeure du mouvement conservateur am\u00e9ricain et cofondateur de l\u2019organisation \u00e9tudiante Turning Point USA, a \u00e9t\u00e9 assassin\u00e9 mercredi lors d\u2019un meeting organis\u00e9 sur le campus de l\u2019Universit\u00e9 de la Vall\u00e9e de l\u2019Utah (Utah Valley University), \u00e0 Orem. Le drame est survenu en plein air, devant plus de trois mille personnes. Alors qu\u2019il s\u2019adressait [&hellip;]<\/p>\n","protected":false},"author":3184,"featured_media":383269,"comment_status":"closed","ping_status":"closed","sticky":false,"template":"","format":"standard","meta":{"footnotes":""},"categories":[2598],"tags":[3260,12835,3061],"class_list":["post-383268","post","type-post","status-publish","format-standard","has-post-thumbnail","hentry","category-international","tag-assassinat","tag-charlie-kirk","tag-usa"],"yoast_head":"<!-- This site is optimized with the Yoast SEO Premium plugin v27.5 (Yoast SEO v27.5) - https:\/\/yoast.com\/product\/yoast-seo-premium-wordpress\/ -->\n<title>Assassinat du conservateur Charlie Kirk : L\u2019Am\u00e9rique sous le choc - webdo<\/title>\n<meta name=\"description\" content=\"Charlie Kirk, cofondateur de Turning Point USA, a \u00e9t\u00e9 tragiquement tu\u00e9 lors d&#039;un meeting \u00e0 l&#039;Universit\u00e9 de la Vall\u00e9e de l&#039;Utah.\" \/>\n<link rel=\"canonical\" href=\"https:\/\/www.webdo.tn\/fr\/actualite\/international\/assassinat-du-conservateur-charlie-kirk-lamerique-sous-le-choc\/383268\/\" \/>\n<meta property=\"og:locale\" content=\"fr_FR\" \/>\n<meta property=\"og:type\" content=\"article\" \/>\n<meta property=\"og:title\" content=\"Assassinat du conservateur Charlie Kirk : L\u2019Am\u00e9rique sous le choc\" \/>\n<meta property=\"og:description\" content=\"Charlie Kirk, cofondateur de Turning Point USA, a \u00e9t\u00e9 tragiquement tu\u00e9 lors d&#039;un meeting \u00e0 l&#039;Universit\u00e9 de la Vall\u00e9e de l&#039;Utah.\" \/>\n<meta property=\"og:url\" content=\"https:\/\/www.webdo.tn\/fr\/actualite\/international\/assassinat-du-conservateur-charlie-kirk-lamerique-sous-le-choc\/383268\/\" \/>\n<meta property=\"og:site_name\" content=\"webdo\" \/>\n<meta property=\"article:publisher\" content=\"https:\/\/www.facebook.com\/webdotn\" \/>\n<meta property=\"article:published_time\" content=\"2025-09-11T06:22:45+00:00\" \/>\n<meta property=\"article:modified_time\" content=\"2025-09-11T11:11:38+00:00\" \/>\n<meta property=\"og:image\" content=\"https:\/\/www.webdo.tn\/fr\/wp-content\/uploads\/2025\/09\/MjAyNTA5YjJlZWRlZmNkZTIzZjc2MTMxZmQyMTg1NmFjODA5NDY.webp\" \/>\n\t<meta property=\"og:image:width\" content=\"1260\" \/>\n\t<meta property=\"og:image:height\" content=\"708\" \/>\n\t<meta property=\"og:image:type\" content=\"image\/webp\" \/>\n<meta name=\"author\" content=\"Wided Belhaj\" \/>\n<meta name=\"twitter:card\" content=\"summary_large_image\" \/>\n<meta name=\"twitter:creator\" content=\"@webdo_tn\" \/>\n<meta name=\"twitter:site\" content=\"@webdo_tn\" \/>\n<meta name=\"twitter:label1\" content=\"\u00c9crit par\" \/>\n\t<meta name=\"twitter:data1\" content=\"Wided Belhaj\" \/>\n\t<meta name=\"twitter:label2\" content=\"Dur\u00e9e de lecture estim\u00e9e\" \/>\n\t<meta name=\"twitter:data2\" content=\"2 minutes\" \/>\n<script type=\"application\/ld+json\" class=\"yoast-schema-graph\">{\"@context\":\"https:\\\/\\\/schema.org\",\"@graph\":[{\"@type\":\"NewsArticle\",\"@id\":\"https:\\\/\\\/www.webdo.tn\\\/fr\\\/actualite\\\/international\\\/assassinat-du-conservateur-charlie-kirk-lamerique-sous-le-choc\\\/383268\\\/#article\",\"isPartOf\":{\"@id\":\"https:\\\/\\\/www.webdo.tn\\\/fr\\\/actualite\\\/international\\\/assassinat-du-conservateur-charlie-kirk-lamerique-sous-le-choc\\\/383268\\\/\"},\"author\":{\"name\":\"Wided Belhaj\",\"@id\":\"https:\\\/\\\/www.webdo.tn\\\/fr\\\/#\\\/schema\\\/person\\\/b9ecde7a5574cb4fcf4b496ea5fadb15\"},\"headline\":\"Assassinat du conservateur Charlie Kirk : L\u2019Am\u00e9rique sous le choc\",\"datePublished\":\"2025-09-11T06:22:45+00:00\",\"dateModified\":\"2025-09-11T11:11:38+00:00\",\"mainEntityOfPage\":{\"@id\":\"https:\\\/\\\/www.webdo.tn\\\/fr\\\/actualite\\\/international\\\/assassinat-du-conservateur-charlie-kirk-lamerique-sous-le-choc\\\/383268\\\/\"},\"wordCount\":309,\"publisher\":{\"@id\":\"https:\\\/\\\/www.webdo.tn\\\/fr\\\/#organization\"},\"image\":{\"@id\":\"https:\\\/\\\/www.webdo.tn\\\/fr\\\/actualite\\\/international\\\/assassinat-du-conservateur-charlie-kirk-lamerique-sous-le-choc\\\/383268\\\/#primaryimage\"},\"thumbnailUrl\":\"https:\\\/\\\/www.webdo.tn\\\/fr\\\/wp-content\\\/uploads\\\/2025\\\/09\\\/MjAyNTA5YjJlZWRlZmNkZTIzZjc2MTMxZmQyMTg1NmFjODA5NDY.webp\",\"keywords\":[\"assassinat\",\"Charlie Kirk\",\"USA\"],\"articleSection\":[\"International\"],\"inLanguage\":\"fr-FR\"},{\"@type\":\"WebPage\",\"@id\":\"https:\\\/\\\/www.webdo.tn\\\/fr\\\/actualite\\\/international\\\/assassinat-du-conservateur-charlie-kirk-lamerique-sous-le-choc\\\/383268\\\/\",\"url\":\"https:\\\/\\\/www.webdo.tn\\\/fr\\\/actualite\\\/international\\\/assassinat-du-conservateur-charlie-kirk-lamerique-sous-le-choc\\\/383268\\\/\",\"name\":\"Assassinat du conservateur Charlie Kirk : L\u2019Am\u00e9rique sous le choc - webdo\",\"isPartOf\":{\"@id\":\"https:\\\/\\\/www.webdo.tn\\\/fr\\\/#website\"},\"primaryImageOfPage\":{\"@id\":\"https:\\\/\\\/www.webdo.tn\\\/fr\\\/actualite\\\/international\\\/assassinat-du-conservateur-charlie-kirk-lamerique-sous-le-choc\\\/383268\\\/#primaryimage\"},\"image\":{\"@id\":\"https:\\\/\\\/www.webdo.tn\\\/fr\\\/actualite\\\/international\\\/assassinat-du-conservateur-charlie-kirk-lamerique-sous-le-choc\\\/383268\\\/#primaryimage\"},\"thumbnailUrl\":\"https:\\\/\\\/www.webdo.tn\\\/fr\\\/wp-content\\\/uploads\\\/2025\\\/09\\\/MjAyNTA5YjJlZWRlZmNkZTIzZjc2MTMxZmQyMTg1NmFjODA5NDY.webp\",\"datePublished\":\"2025-09-11T06:22:45+00:00\",\"dateModified\":\"2025-09-11T11:11:38+00:00\",\"description\":\"Charlie Kirk, cofondateur de Turning Point USA, a \u00e9t\u00e9 tragiquement tu\u00e9 lors d'un meeting \u00e0 l'Universit\u00e9 de la Vall\u00e9e de l'Utah.\",\"breadcrumb\":{\"@id\":\"https:\\\/\\\/www.webdo.tn\\\/fr\\\/actualite\\\/international\\\/assassinat-du-conservateur-charlie-kirk-lamerique-sous-le-choc\\\/383268\\\/#breadcrumb\"},\"inLanguage\":\"fr-FR\",\"potentialAction\":[{\"@type\":\"ReadAction\",\"target\":[\"https:\\\/\\\/www.webdo.tn\\\/fr\\\/actualite\\\/international\\\/assassinat-du-conservateur-charlie-kirk-lamerique-sous-le-choc\\\/383268\\\/\"]}]},{\"@type\":\"ImageObject\",\"inLanguage\":\"fr-FR\",\"@id\":\"https:\\\/\\\/www.webdo.tn\\\/fr\\\/actualite\\\/international\\\/assassinat-du-conservateur-charlie-kirk-lamerique-sous-le-choc\\\/383268\\\/#primaryimage\",\"url\":\"https:\\\/\\\/www.webdo.tn\\\/fr\\\/wp-content\\\/uploads\\\/2025\\\/09\\\/MjAyNTA5YjJlZWRlZmNkZTIzZjc2MTMxZmQyMTg1NmFjODA5NDY.webp\",\"contentUrl\":\"https:\\\/\\\/www.webdo.tn\\\/fr\\\/wp-content\\\/uploads\\\/2025\\\/09\\\/MjAyNTA5YjJlZWRlZmNkZTIzZjc2MTMxZmQyMTg1NmFjODA5NDY.webp\",\"width\":1260,\"height\":708},{\"@type\":\"BreadcrumbList\",\"@id\":\"https:\\\/\\\/www.webdo.tn\\\/fr\\\/actualite\\\/international\\\/assassinat-du-conservateur-charlie-kirk-lamerique-sous-le-choc\\\/383268\\\/#breadcrumb\",\"itemListElement\":[{\"@type\":\"ListItem\",\"position\":1,\"name\":\"Accueil\",\"item\":\"https:\\\/\\\/www.webdo.tn\\\/fr\\\/\"},{\"@type\":\"ListItem\",\"position\":2,\"name\":\"Assassinat du conservateur Charlie Kirk : L\u2019Am\u00e9rique sous le choc\"}]},{\"@type\":\"WebSite\",\"@id\":\"https:\\\/\\\/www.webdo.tn\\\/fr\\\/#website\",\"url\":\"https:\\\/\\\/www.webdo.tn\\\/fr\\\/\",\"name\":\"webdo\",\"description\":\"Tunisie - News en Tunisie et \u00e0 l&#039;international sur Webdo.tn\",\"publisher\":{\"@id\":\"https:\\\/\\\/www.webdo.tn\\\/fr\\\/#organization\"},\"potentialAction\":[{\"@type\":\"SearchAction\",\"target\":{\"@type\":\"EntryPoint\",\"urlTemplate\":\"https:\\\/\\\/www.webdo.tn\\\/fr\\\/?s={search_term_string}\"},\"query-input\":{\"@type\":\"PropertyValueSpecification\",\"valueRequired\":true,\"valueName\":\"search_term_string\"}}],\"inLanguage\":\"fr-FR\"},{\"@type\":\"Organization\",\"@id\":\"https:\\\/\\\/www.webdo.tn\\\/fr\\\/#organization\",\"name\":\"Webdo\",\"alternateName\":\"Webdo.tn\",\"url\":\"https:\\\/\\\/www.webdo.tn\\\/fr\\\/\",\"logo\":{\"@type\":\"ImageObject\",\"inLanguage\":\"fr-FR\",\"@id\":\"https:\\\/\\\/www.webdo.tn\\\/fr\\\/#\\\/schema\\\/logo\\\/image\\\/\",\"url\":\"https:\\\/\\\/www.webdo.tn\\\/fr\\\/wp-content\\\/uploads\\\/2025\\\/06\\\/Webdo-Tunisie_168377.jpg\",\"contentUrl\":\"https:\\\/\\\/www.webdo.tn\\\/fr\\\/wp-content\\\/uploads\\\/2025\\\/06\\\/Webdo-Tunisie_168377.jpg\",\"width\":301,\"height\":301,\"caption\":\"Webdo\"},\"image\":{\"@id\":\"https:\\\/\\\/www.webdo.tn\\\/fr\\\/#\\\/schema\\\/logo\\\/image\\\/\"},\"sameAs\":[\"https:\\\/\\\/www.facebook.com\\\/webdotn\",\"https:\\\/\\\/x.com\\\/webdo_tn\"],\"description\":\"Webdo est un m\u00e9dia num\u00e9rique tunisien fond\u00e9 en 2010, sp\u00e9cialis\u00e9 dans l\u2019actualit\u00e9 nationale et internationale, l\u2019\u00e9conomie, la soci\u00e9t\u00e9 et les analyses politiques. Le site s\u2019adresse \u00e0 un large public francophone et couvre l\u2019information tunisienne en temps r\u00e9el.\",\"email\":\"redac@webdo.tn\",\"legalName\":\"YNJ SARL\",\"foundingDate\":\"2010-09-06\",\"numberOfEmployees\":{\"@type\":\"QuantitativeValue\",\"minValue\":\"11\",\"maxValue\":\"50\"}},{\"@type\":\"Person\",\"@id\":\"https:\\\/\\\/www.webdo.tn\\\/fr\\\/#\\\/schema\\\/person\\\/b9ecde7a5574cb4fcf4b496ea5fadb15\",\"name\":\"Wided Belhaj\",\"image\":{\"@type\":\"ImageObject\",\"inLanguage\":\"fr-FR\",\"@id\":\"https:\\\/\\\/www.webdo.tn\\\/fr\\\/wp-content\\\/uploads\\\/2026\\\/04\\\/wided-belhaj_avatar-96x96.jpg\",\"url\":\"https:\\\/\\\/www.webdo.tn\\\/fr\\\/wp-content\\\/uploads\\\/2026\\\/04\\\/wided-belhaj_avatar-96x96.jpg\",\"contentUrl\":\"https:\\\/\\\/www.webdo.tn\\\/fr\\\/wp-content\\\/uploads\\\/2026\\\/04\\\/wided-belhaj_avatar-96x96.jpg\",\"caption\":\"Wided Belhaj\"},\"description\":\"Wided Belhaj est le pseudonyme \u00e9ditorial utilis\u00e9 par Khalil Jelassi, journaliste, ma\u00eetre-assistant \u00e0 l\u2019Institut de presse et des sciences de l\u2019information (IPSI) et chercheur en sciences de l\u2019information et de la communication. Cette signature est d\u00e9di\u00e9e \u00e0 l\u2019analyse des m\u00e9dias, des pratiques journalistiques et des mutations de l\u2019information \u00e0 l\u2019\u00e8re digitale. \u00c0 travers ses contributions, Wided Belhaj propose une lecture analytique de l\u2019actualit\u00e9, en croisant regard critique et expertise acad\u00e9mique.\",\"knowsAbout\":[\"m\u00e9dias\",\"journalisme\",\"communication\",\"information\",\"transformation num\u00e9rique\",\"analyse des m\u00e9dias\"],\"knowsLanguage\":[\"Fran\u00e7ais\",\"Arabe\"],\"jobTitle\":\"Webdo.tn\",\"worksFor\":\"Journaliste \u2013 Analyse des m\u00e9dias\",\"url\":\"https:\\\/\\\/www.webdo.tn\\\/fr\\\/actualite\\\/author\\\/wided-belhaj\\\/\"}]}<\/script>\n<!-- \/ Yoast SEO Premium plugin. -->","yoast_head_json":{"title":"Assassinat du conservateur Charlie Kirk : L\u2019Am\u00e9rique sous le choc - webdo","description":"Charlie Kirk, cofondateur de Turning Point USA, a \u00e9t\u00e9 tragiquement tu\u00e9 lors d'un meeting \u00e0 l'Universit\u00e9 de la Vall\u00e9e de l'Utah.","canonical":"https:\/\/www.webdo.tn\/fr\/actualite\/international\/assassinat-du-conservateur-charlie-kirk-lamerique-sous-le-choc\/383268\/","og_locale":"fr_FR","og_type":"article","og_title":"Assassinat du conservateur Charlie Kirk : L\u2019Am\u00e9rique sous le choc","og_description":"Charlie Kirk, cofondateur de Turning Point USA, a \u00e9t\u00e9 tragiquement tu\u00e9 lors d'un meeting \u00e0 l'Universit\u00e9 de la Vall\u00e9e de l'Utah.","og_url":"https:\/\/www.webdo.tn\/fr\/actualite\/international\/assassinat-du-conservateur-charlie-kirk-lamerique-sous-le-choc\/383268\/","og_site_name":"webdo","article_publisher":"https:\/\/www.facebook.com\/webdotn","article_published_time":"2025-09-11T06:22:45+00:00","article_modified_time":"2025-09-11T11:11:38+00:00","og_image":[{"width":1260,"height":708,"url":"https:\/\/www.webdo.tn\/fr\/wp-content\/uploads\/2025\/09\/MjAyNTA5YjJlZWRlZmNkZTIzZjc2MTMxZmQyMTg1NmFjODA5NDY.webp","type":"image\/webp"}],"author":"Wided Belhaj","twitter_card":"summary_large_image","twitter_creator":"@webdo_tn","twitter_site":"@webdo_tn","twitter_misc":{"\u00c9crit par":"Wided Belhaj","Dur\u00e9e de lecture estim\u00e9e":"2 minutes"},"schema":{"@context":"https:\/\/schema.org","@graph":[{"@type":"NewsArticle","@id":"https:\/\/www.webdo.tn\/fr\/actualite\/international\/assassinat-du-conservateur-charlie-kirk-lamerique-sous-le-choc\/383268\/#article","isPartOf":{"@id":"https:\/\/www.webdo.tn\/fr\/actualite\/international\/assassinat-du-conservateur-charlie-kirk-lamerique-sous-le-choc\/383268\/"},"author":{"name":"Wided Belhaj","@id":"https:\/\/www.webdo.tn\/fr\/#\/schema\/person\/b9ecde7a5574cb4fcf4b496ea5fadb15"},"headline":"Assassinat du conservateur Charlie Kirk : L\u2019Am\u00e9rique sous le choc","datePublished":"2025-09-11T06:22:45+00:00","dateModified":"2025-09-11T11:11:38+00:00","mainEntityOfPage":{"@id":"https:\/\/www.webdo.tn\/fr\/actualite\/international\/assassinat-du-conservateur-charlie-kirk-lamerique-sous-le-choc\/383268\/"},"wordCount":309,"publisher":{"@id":"https:\/\/www.webdo.tn\/fr\/#organization"},"image":{"@id":"https:\/\/www.webdo.tn\/fr\/actualite\/international\/assassinat-du-conservateur-charlie-kirk-lamerique-sous-le-choc\/383268\/#primaryimage"},"thumbnailUrl":"https:\/\/www.webdo.tn\/fr\/wp-content\/uploads\/2025\/09\/MjAyNTA5YjJlZWRlZmNkZTIzZjc2MTMxZmQyMTg1NmFjODA5NDY.webp","keywords":["assassinat","Charlie Kirk","USA"],"articleSection":["International"],"inLanguage":"fr-FR"},{"@type":"WebPage","@id":"https:\/\/www.webdo.tn\/fr\/actualite\/international\/assassinat-du-conservateur-charlie-kirk-lamerique-sous-le-choc\/383268\/","url":"https:\/\/www.webdo.tn\/fr\/actualite\/international\/assassinat-du-conservateur-charlie-kirk-lamerique-sous-le-choc\/383268\/","name":"Assassinat du conservateur Charlie Kirk : L\u2019Am\u00e9rique sous le choc - webdo","isPartOf":{"@id":"https:\/\/www.webdo.tn\/fr\/#website"},"primaryImageOfPage":{"@id":"https:\/\/www.webdo.tn\/fr\/actualite\/international\/assassinat-du-conservateur-charlie-kirk-lamerique-sous-le-choc\/383268\/#primaryimage"},"image":{"@id":"https:\/\/www.webdo.tn\/fr\/actualite\/international\/assassinat-du-conservateur-charlie-kirk-lamerique-sous-le-choc\/383268\/#primaryimage"},"thumbnailUrl":"https:\/\/www.webdo.tn\/fr\/wp-content\/uploads\/2025\/09\/MjAyNTA5YjJlZWRlZmNkZTIzZjc2MTMxZmQyMTg1NmFjODA5NDY.webp","datePublished":"2025-09-11T06:22:45+00:00","dateModified":"2025-09-11T11:11:38+00:00","description":"Charlie Kirk, cofondateur de Turning Point USA, a \u00e9t\u00e9 tragiquement tu\u00e9 lors d'un meeting \u00e0 l'Universit\u00e9 de la Vall\u00e9e de l'Utah.","breadcrumb":{"@id":"https:\/\/www.webdo.tn\/fr\/actualite\/international\/assassinat-du-conservateur-charlie-kirk-lamerique-sous-le-choc\/383268\/#breadcrumb"},"inLanguage":"fr-FR","potentialAction":[{"@type":"ReadAction","target":["https:\/\/www.webdo.tn\/fr\/actualite\/international\/assassinat-du-conservateur-charlie-kirk-lamerique-sous-le-choc\/383268\/"]}]},{"@type":"ImageObject","inLanguage":"fr-FR","@id":"https:\/\/www.webdo.tn\/fr\/actualite\/international\/assassinat-du-conservateur-charlie-kirk-lamerique-sous-le-choc\/383268\/#primaryimage","url":"https:\/\/www.webdo.tn\/fr\/wp-content\/uploads\/2025\/09\/MjAyNTA5YjJlZWRlZmNkZTIzZjc2MTMxZmQyMTg1NmFjODA5NDY.webp","contentUrl":"https:\/\/www.webdo.tn\/fr\/wp-content\/uploads\/2025\/09\/MjAyNTA5YjJlZWRlZmNkZTIzZjc2MTMxZmQyMTg1NmFjODA5NDY.webp","width":1260,"height":708},{"@type":"BreadcrumbList","@id":"https:\/\/www.webdo.tn\/fr\/actualite\/international\/assassinat-du-conservateur-charlie-kirk-lamerique-sous-le-choc\/383268\/#breadcrumb","itemListElement":[{"@type":"ListItem","position":1,"name":"Accueil","item":"https:\/\/www.webdo.tn\/fr\/"},{"@type":"ListItem","position":2,"name":"Assassinat du conservateur Charlie Kirk : L\u2019Am\u00e9rique sous le choc"}]},{"@type":"WebSite","@id":"https:\/\/www.webdo.tn\/fr\/#website","url":"https:\/\/www.webdo.tn\/fr\/","name":"webdo","description":"Tunisie - News en Tunisie et \u00e0 l&#039;international sur Webdo.tn","publisher":{"@id":"https:\/\/www.webdo.tn\/fr\/#organization"},"potentialAction":[{"@type":"SearchAction","target":{"@type":"EntryPoint","urlTemplate":"https:\/\/www.webdo.tn\/fr\/?s={search_term_string}"},"query-input":{"@type":"PropertyValueSpecification","valueRequired":true,"valueName":"search_term_string"}}],"inLanguage":"fr-FR"},{"@type":"Organization","@id":"https:\/\/www.webdo.tn\/fr\/#organization","name":"Webdo","alternateName":"Webdo.tn","url":"https:\/\/www.webdo.tn\/fr\/","logo":{"@type":"ImageObject","inLanguage":"fr-FR","@id":"https:\/\/www.webdo.tn\/fr\/#\/schema\/logo\/image\/","url":"https:\/\/www.webdo.tn\/fr\/wp-content\/uploads\/2025\/06\/Webdo-Tunisie_168377.jpg","contentUrl":"https:\/\/www.webdo.tn\/fr\/wp-content\/uploads\/2025\/06\/Webdo-Tunisie_168377.jpg","width":301,"height":301,"caption":"Webdo"},"image":{"@id":"https:\/\/www.webdo.tn\/fr\/#\/schema\/logo\/image\/"},"sameAs":["https:\/\/www.facebook.com\/webdotn","https:\/\/x.com\/webdo_tn"],"description":"Webdo est un m\u00e9dia num\u00e9rique tunisien fond\u00e9 en 2010, sp\u00e9cialis\u00e9 dans l\u2019actualit\u00e9 nationale et internationale, l\u2019\u00e9conomie, la soci\u00e9t\u00e9 et les analyses politiques. Le site s\u2019adresse \u00e0 un large public francophone et couvre l\u2019information tunisienne en temps r\u00e9el.","email":"redac@webdo.tn","legalName":"YNJ SARL","foundingDate":"2010-09-06","numberOfEmployees":{"@type":"QuantitativeValue","minValue":"11","maxValue":"50"}},{"@type":"Person","@id":"https:\/\/www.webdo.tn\/fr\/#\/schema\/person\/b9ecde7a5574cb4fcf4b496ea5fadb15","name":"Wided Belhaj","image":{"@type":"ImageObject","inLanguage":"fr-FR","@id":"https:\/\/www.webdo.tn\/fr\/wp-content\/uploads\/2026\/04\/wided-belhaj_avatar-96x96.jpg","url":"https:\/\/www.webdo.tn\/fr\/wp-content\/uploads\/2026\/04\/wided-belhaj_avatar-96x96.jpg","contentUrl":"https:\/\/www.webdo.tn\/fr\/wp-content\/uploads\/2026\/04\/wided-belhaj_avatar-96x96.jpg","caption":"Wided Belhaj"},"description":"Wided Belhaj est le pseudonyme \u00e9ditorial utilis\u00e9 par Khalil Jelassi, journaliste, ma\u00eetre-assistant \u00e0 l\u2019Institut de presse et des sciences de l\u2019information (IPSI) et chercheur en sciences de l\u2019information et de la communication. Cette signature est d\u00e9di\u00e9e \u00e0 l\u2019analyse des m\u00e9dias, des pratiques journalistiques et des mutations de l\u2019information \u00e0 l\u2019\u00e8re digitale. \u00c0 travers ses contributions, Wided Belhaj propose une lecture analytique de l\u2019actualit\u00e9, en croisant regard critique et expertise acad\u00e9mique.","knowsAbout":["m\u00e9dias","journalisme","communication","information","transformation num\u00e9rique","analyse des m\u00e9dias"],"knowsLanguage":["Fran\u00e7ais","Arabe"],"jobTitle":"Webdo.tn","worksFor":"Journaliste \u2013 Analyse des m\u00e9dias","url":"https:\/\/www.webdo.tn\/fr\/actualite\/author\/wided-belhaj\/"}]}},"_links":{"self":[{"href":"https:\/\/www.webdo.tn\/fr\/wp-json\/wp\/v2\/posts\/383268","targetHints":{"allow":["GET"]}}],"collection":[{"href":"https:\/\/www.webdo.tn\/fr\/wp-json\/wp\/v2\/posts"}],"about":[{"href":"https:\/\/www.webdo.tn\/fr\/wp-json\/wp\/v2\/types\/post"}],"author":[{"embeddable":true,"href":"https:\/\/www.webdo.tn\/fr\/wp-json\/wp\/v2\/users\/3184"}],"replies":[{"embeddable":true,"href":"https:\/\/www.webdo.tn\/fr\/wp-json\/wp\/v2\/comments?post=383268"}],"version-history":[{"count":0,"href":"https:\/\/www.webdo.tn\/fr\/wp-json\/wp\/v2\/posts\/383268\/revisions"}],"wp:featuredmedia":[{"embeddable":true,"href":"https:\/\/www.webdo.tn\/fr\/wp-json\/wp\/v2\/media\/383269"}],"wp:attachment":[{"href":"https:\/\/www.webdo.tn\/fr\/wp-json\/wp\/v2\/media?parent=383268"}],"wp:term":[{"taxonomy":"category","embeddable":true,"href":"https:\/\/www.webdo.tn\/fr\/wp-json\/wp\/v2\/categories?post=383268"},{"taxonomy":"post_tag","embeddable":true,"href":"https:\/\/www.webdo.tn\/fr\/wp-json\/wp\/v2\/tags?post=383268"}],"curies":[{"name":"wp","href":"https:\/\/api.w.org\/{rel}","templated":true}]}}