{"id":383257,"date":"2025-09-10T20:48:18","date_gmt":"2025-09-10T19:48:18","guid":{"rendered":"https:\/\/www.webdo.tn\/fr\/?p=383257"},"modified":"2025-09-11T12:11:31","modified_gmt":"2025-09-11T11:11:31","slug":"flottille-pour-gaza-tunis-confirme-un-acte-premedite-contre-les-navires","status":"publish","type":"post","link":"https:\/\/www.webdo.tn\/fr\/actualite\/national\/flottille-pour-gaza-tunis-confirme-un-acte-premedite-contre-les-navires\/383257\/","title":{"rendered":"Flottille pour Gaza : Tunis confirme un \u00ab acte pr\u00e9m\u00e9dit\u00e9 \u00bb contre les navires"},"content":{"rendered":"\n<p>Le minist\u00e8re de l\u2019Int\u00e9rieur a affirm\u00e9, mercredi, que l\u2019attaque survenue la veille contre l\u2019un des navires de la Global Sumud Flotilla, amarr\u00e9 au port de Sidi Bou Sa\u00efd, constitue un \u00ab acte pr\u00e9m\u00e9dit\u00e9 \u00bb. Selon le communiqu\u00e9 officiel, les autorit\u00e9s tunisiennes m\u00e8nent toutes les enqu\u00eates n\u00e9cessaires pour identifier les responsables, qu\u2019il s\u2019agisse des planificateurs, des complices ou des ex\u00e9cutants, et rendre les conclusions publiques \u00ab en Tunisie comme dans le monde entier \u00bb.<\/p>\n\n\n\n<h2 class=\"wp-block-heading\" id=\"h-deux-navires-vises-en-48-heures\">Deux navires vis\u00e9s en 48 heures<\/h2>\n\n\n\n<p>Cet incident survient alors que deux bateaux de la flottille ont \u00e9t\u00e9 successivement pris pour cibles en l\u2019espace de 48 heures. Mardi soir, le navire <em>Alma<\/em>, stationn\u00e9 \u00e0 quai, a \u00e9t\u00e9 vis\u00e9 par un drone pr\u00e9sum\u00e9, selon les activistes. Aucun bless\u00e9 n\u2019a \u00e9t\u00e9 signal\u00e9 et l\u2019\u00e9quipage a confirm\u00e9 l\u2019absence de d\u00e9g\u00e2ts structurels majeurs. Francesca Albanese, rapporteure sp\u00e9ciale de l\u2019ONU pour les territoires palestiniens occup\u00e9s, a d\u00e9nonc\u00e9 \u00ab une deuxi\u00e8me attaque sur la flottille, encore dans les eaux tunisiennes \u00bb, \u00e9voquant le largage d\u2019un dispositif incendiaire par un drone sans lumi\u00e8re. L\u2019activiste tunisien Wael Naouar a, de son c\u00f4t\u00e9, estim\u00e9 que ces \u00e9v\u00e9nements \u00ab renforcent la mobilisation et la d\u00e9termination des \u00e9quipages \u00e0 poursuivre la route vers Gaza \u00bb.<\/p>\n\n\n\n<p>La veille, lundi 8 septembre, le plus grand b\u00e2timent de la flottille, le <em>Family<\/em>, avait d\u00e9j\u00e0 \u00e9t\u00e9 touch\u00e9 par un incendie \u00e0 l\u2019avant. Des t\u00e9moins affirment avoir vu un drone survoler le navire avant de larguer un engin incendiaire. Des vid\u00e9os de surveillance circulant sur les r\u00e9seaux sociaux semblent conforter cette version. Le minist\u00e8re de l\u2019Int\u00e9rieur avait toutefois \u00e9voqu\u00e9, dans un premier temps, la piste d\u2019un d\u00e9part de feu accidentel \u00ab probablement caus\u00e9 par une cigarette \u00bb, avant de qualifier officiellement l\u2019attaque de pr\u00e9m\u00e9dit\u00e9e dans son dernier communiqu\u00e9.<\/p>\n\n\n\n<h2 class=\"wp-block-heading\" id=\"h-determination-face-aux-pressions\">D\u00e9termination face aux pressions<\/h2>\n\n\n\n<p>Pour les organisateurs de la flottille, ces agressions r\u00e9p\u00e9t\u00e9es ne sauraient entraver la mission humanitaire de la Global Sumud Flotilla. Forte de vingt navires venus de 44 pays, cette initiative internationale vise \u00e0 briser le blocus impos\u00e9 \u00e0 Gaza et \u00e0 livrer une aide symbolique aux Palestiniens. Les activistes, comme l\u2019a rappel\u00e9 le Tunisien Wael Naouar, consid\u00e8rent que ces attaques ne font que renforcer leur d\u00e9termination \u00e0 atteindre Gaza, co\u00fbte que co\u00fbte.<\/p>\n\n\n\n<p><strong>Lire aussi: <\/strong><a href=\"https:\/\/www.webdo.tn\/fr\/actualite\/national\/flottille-apres-family-hier-aujourdhui-alma\/383185\/\">Flottille : apr\u00e8s \u00ab Family \u00bb hier\u2026 aujourd\u2019hui \u00ab Alma \u00bb<\/a><\/p>\n\n\n\n<iframe src=\"https:\/\/www.facebook.com\/plugins\/post.php?href=https%3A%2F%2Fwww.facebook.com%2Fministere.interieur.tunisie%2Fposts%2Fpfbid02CUibHEyB3BwW8iqjp9RZDCQWJaYdkX62iwXmWo3Xrb2ckbsHN2anY2YSGVDYsVmMl&#038;show_text=true&#038;width=500\" width=\"500\" height=\"550\" style=\"border:none;overflow:hidden\" scrolling=\"no\" frameborder=\"0\" allowfullscreen=\"true\" allow=\"autoplay; clipboard-write; encrypted-media; picture-in-picture; web-share\"><\/iframe>\n","protected":false},"excerpt":{"rendered":"<p>Le minist\u00e8re de l\u2019Int\u00e9rieur a affirm\u00e9, mercredi, que l\u2019attaque survenue la veille contre l\u2019un des navires de la Global Sumud Flotilla, amarr\u00e9 au port de Sidi Bou Sa\u00efd, constitue un \u00ab acte pr\u00e9m\u00e9dit\u00e9 \u00bb. Selon le communiqu\u00e9 officiel, les autorit\u00e9s tunisiennes m\u00e8nent toutes les enqu\u00eates n\u00e9cessaires pour identifier les responsables, qu\u2019il s\u2019agisse des planificateurs, des [&hellip;]<\/p>\n","protected":false},"author":4779,"featured_media":383187,"comment_status":"closed","ping_status":"closed","sticky":false,"template":"","format":"standard","meta":{"footnotes":""},"categories":[44],"tags":[12378,2689,4832],"class_list":["post-383257","post","type-post","status-publish","format-standard","has-post-thumbnail","hentry","category-national","tag-flottille","tag-gaza","tag-sidi-bou-said"],"yoast_head":"<!-- This site is optimized with the Yoast SEO Premium plugin v27.5 (Yoast SEO v27.5) - https:\/\/yoast.com\/product\/yoast-seo-premium-wordpress\/ -->\n<title>Flottille pour Gaza : Tunis confirme un \u00ab acte pr\u00e9m\u00e9dit\u00e9 \u00bb contre les navires - webdo<\/title>\n<meta name=\"description\" content=\"Tunisie confirme un acte pr\u00e9m\u00e9dit\u00e9 contre les navires de la Flottille pour Gaza. D\u00e9couverte des enqu\u00eates en cours.\" \/>\n<link rel=\"canonical\" href=\"https:\/\/www.webdo.tn\/fr\/actualite\/national\/flottille-pour-gaza-tunis-confirme-un-acte-premedite-contre-les-navires\/383257\/\" \/>\n<meta property=\"og:locale\" content=\"fr_FR\" \/>\n<meta property=\"og:type\" content=\"article\" \/>\n<meta property=\"og:title\" content=\"Flottille pour Gaza : Tunis confirme un \u00ab acte pr\u00e9m\u00e9dit\u00e9 \u00bb contre les navires\" \/>\n<meta property=\"og:description\" content=\"Tunisie confirme un acte pr\u00e9m\u00e9dit\u00e9 contre les navires de la Flottille pour Gaza. D\u00e9couverte des enqu\u00eates en cours.\" \/>\n<meta property=\"og:url\" content=\"https:\/\/www.webdo.tn\/fr\/actualite\/national\/flottille-pour-gaza-tunis-confirme-un-acte-premedite-contre-les-navires\/383257\/\" \/>\n<meta property=\"og:site_name\" content=\"webdo\" \/>\n<meta property=\"article:publisher\" content=\"https:\/\/www.facebook.com\/webdotn\" \/>\n<meta property=\"article:published_time\" content=\"2025-09-10T19:48:18+00:00\" \/>\n<meta property=\"article:modified_time\" content=\"2025-09-11T11:11:31+00:00\" \/>\n<meta property=\"og:image\" content=\"https:\/\/www.webdo.tn\/fr\/wp-content\/uploads\/2025\/09\/Attack-on-Alma.jpg\" \/>\n\t<meta property=\"og:image:width\" content=\"1332\" \/>\n\t<meta property=\"og:image:height\" content=\"762\" \/>\n\t<meta property=\"og:image:type\" content=\"image\/jpeg\" \/>\n<meta name=\"author\" content=\"Firas Ben Abdeltif\" \/>\n<meta name=\"twitter:card\" content=\"summary_large_image\" \/>\n<meta name=\"twitter:creator\" content=\"@webdo_tn\" \/>\n<meta name=\"twitter:site\" content=\"@webdo_tn\" \/>\n<meta name=\"twitter:label1\" content=\"\u00c9crit par\" \/>\n\t<meta name=\"twitter:data1\" content=\"Firas Ben Abdeltif\" \/>\n\t<meta name=\"twitter:label2\" content=\"Dur\u00e9e de lecture estim\u00e9e\" \/>\n\t<meta name=\"twitter:data2\" content=\"3 minutes\" \/>\n<script type=\"application\/ld+json\" class=\"yoast-schema-graph\">{\"@context\":\"https:\\\/\\\/schema.org\",\"@graph\":[{\"@type\":\"NewsArticle\",\"@id\":\"https:\\\/\\\/www.webdo.tn\\\/fr\\\/actualite\\\/national\\\/flottille-pour-gaza-tunis-confirme-un-acte-premedite-contre-les-navires\\\/383257\\\/#article\",\"isPartOf\":{\"@id\":\"https:\\\/\\\/www.webdo.tn\\\/fr\\\/actualite\\\/national\\\/flottille-pour-gaza-tunis-confirme-un-acte-premedite-contre-les-navires\\\/383257\\\/\"},\"author\":{\"name\":\"Firas Ben Abdeltif\",\"@id\":\"https:\\\/\\\/www.webdo.tn\\\/fr\\\/#\\\/schema\\\/person\\\/19664196c9bfdcda126f3c27709f7d11\"},\"headline\":\"Flottille pour Gaza : Tunis confirme un \u00ab acte pr\u00e9m\u00e9dit\u00e9 \u00bb contre les navires\",\"datePublished\":\"2025-09-10T19:48:18+00:00\",\"dateModified\":\"2025-09-11T11:11:31+00:00\",\"mainEntityOfPage\":{\"@id\":\"https:\\\/\\\/www.webdo.tn\\\/fr\\\/actualite\\\/national\\\/flottille-pour-gaza-tunis-confirme-un-acte-premedite-contre-les-navires\\\/383257\\\/\"},\"wordCount\":421,\"publisher\":{\"@id\":\"https:\\\/\\\/www.webdo.tn\\\/fr\\\/#organization\"},\"image\":{\"@id\":\"https:\\\/\\\/www.webdo.tn\\\/fr\\\/actualite\\\/national\\\/flottille-pour-gaza-tunis-confirme-un-acte-premedite-contre-les-navires\\\/383257\\\/#primaryimage\"},\"thumbnailUrl\":\"https:\\\/\\\/www.webdo.tn\\\/fr\\\/wp-content\\\/uploads\\\/2025\\\/09\\\/Attack-on-Alma-e1757947128596.jpg\",\"keywords\":[\"Flottille\",\"Gaza\",\"sidi bou said\"],\"articleSection\":[\"National\"],\"inLanguage\":\"fr-FR\"},{\"@type\":\"WebPage\",\"@id\":\"https:\\\/\\\/www.webdo.tn\\\/fr\\\/actualite\\\/national\\\/flottille-pour-gaza-tunis-confirme-un-acte-premedite-contre-les-navires\\\/383257\\\/\",\"url\":\"https:\\\/\\\/www.webdo.tn\\\/fr\\\/actualite\\\/national\\\/flottille-pour-gaza-tunis-confirme-un-acte-premedite-contre-les-navires\\\/383257\\\/\",\"name\":\"Flottille pour Gaza : Tunis confirme un \u00ab acte pr\u00e9m\u00e9dit\u00e9 \u00bb contre les navires - webdo\",\"isPartOf\":{\"@id\":\"https:\\\/\\\/www.webdo.tn\\\/fr\\\/#website\"},\"primaryImageOfPage\":{\"@id\":\"https:\\\/\\\/www.webdo.tn\\\/fr\\\/actualite\\\/national\\\/flottille-pour-gaza-tunis-confirme-un-acte-premedite-contre-les-navires\\\/383257\\\/#primaryimage\"},\"image\":{\"@id\":\"https:\\\/\\\/www.webdo.tn\\\/fr\\\/actualite\\\/national\\\/flottille-pour-gaza-tunis-confirme-un-acte-premedite-contre-les-navires\\\/383257\\\/#primaryimage\"},\"thumbnailUrl\":\"https:\\\/\\\/www.webdo.tn\\\/fr\\\/wp-content\\\/uploads\\\/2025\\\/09\\\/Attack-on-Alma-e1757947128596.jpg\",\"datePublished\":\"2025-09-10T19:48:18+00:00\",\"dateModified\":\"2025-09-11T11:11:31+00:00\",\"description\":\"Tunisie confirme un acte pr\u00e9m\u00e9dit\u00e9 contre les navires de la Flottille pour Gaza. D\u00e9couverte des enqu\u00eates en cours.\",\"breadcrumb\":{\"@id\":\"https:\\\/\\\/www.webdo.tn\\\/fr\\\/actualite\\\/national\\\/flottille-pour-gaza-tunis-confirme-un-acte-premedite-contre-les-navires\\\/383257\\\/#breadcrumb\"},\"inLanguage\":\"fr-FR\",\"potentialAction\":[{\"@type\":\"ReadAction\",\"target\":[\"https:\\\/\\\/www.webdo.tn\\\/fr\\\/actualite\\\/national\\\/flottille-pour-gaza-tunis-confirme-un-acte-premedite-contre-les-navires\\\/383257\\\/\"]}]},{\"@type\":\"ImageObject\",\"inLanguage\":\"fr-FR\",\"@id\":\"https:\\\/\\\/www.webdo.tn\\\/fr\\\/actualite\\\/national\\\/flottille-pour-gaza-tunis-confirme-un-acte-premedite-contre-les-navires\\\/383257\\\/#primaryimage\",\"url\":\"https:\\\/\\\/www.webdo.tn\\\/fr\\\/wp-content\\\/uploads\\\/2025\\\/09\\\/Attack-on-Alma-e1757947128596.jpg\",\"contentUrl\":\"https:\\\/\\\/www.webdo.tn\\\/fr\\\/wp-content\\\/uploads\\\/2025\\\/09\\\/Attack-on-Alma-e1757947128596.jpg\",\"width\":1200,\"height\":686,\"caption\":\"Navires cibl\u00e9s \u00e0 Sidi Bou Sa\u00efd\u00a0: Erdogan accuse explicitement Isra\u00ebl\"},{\"@type\":\"BreadcrumbList\",\"@id\":\"https:\\\/\\\/www.webdo.tn\\\/fr\\\/actualite\\\/national\\\/flottille-pour-gaza-tunis-confirme-un-acte-premedite-contre-les-navires\\\/383257\\\/#breadcrumb\",\"itemListElement\":[{\"@type\":\"ListItem\",\"position\":1,\"name\":\"Accueil\",\"item\":\"https:\\\/\\\/www.webdo.tn\\\/fr\\\/\"},{\"@type\":\"ListItem\",\"position\":2,\"name\":\"Flottille pour Gaza : Tunis confirme un \u00ab acte pr\u00e9m\u00e9dit\u00e9 \u00bb contre les navires\"}]},{\"@type\":\"WebSite\",\"@id\":\"https:\\\/\\\/www.webdo.tn\\\/fr\\\/#website\",\"url\":\"https:\\\/\\\/www.webdo.tn\\\/fr\\\/\",\"name\":\"webdo\",\"description\":\"Tunisie - News en Tunisie et \u00e0 l&#039;international sur Webdo.tn\",\"publisher\":{\"@id\":\"https:\\\/\\\/www.webdo.tn\\\/fr\\\/#organization\"},\"potentialAction\":[{\"@type\":\"SearchAction\",\"target\":{\"@type\":\"EntryPoint\",\"urlTemplate\":\"https:\\\/\\\/www.webdo.tn\\\/fr\\\/?s={search_term_string}\"},\"query-input\":{\"@type\":\"PropertyValueSpecification\",\"valueRequired\":true,\"valueName\":\"search_term_string\"}}],\"inLanguage\":\"fr-FR\"},{\"@type\":\"Organization\",\"@id\":\"https:\\\/\\\/www.webdo.tn\\\/fr\\\/#organization\",\"name\":\"Webdo\",\"alternateName\":\"Webdo.tn\",\"url\":\"https:\\\/\\\/www.webdo.tn\\\/fr\\\/\",\"logo\":{\"@type\":\"ImageObject\",\"inLanguage\":\"fr-FR\",\"@id\":\"https:\\\/\\\/www.webdo.tn\\\/fr\\\/#\\\/schema\\\/logo\\\/image\\\/\",\"url\":\"https:\\\/\\\/www.webdo.tn\\\/fr\\\/wp-content\\\/uploads\\\/2025\\\/06\\\/Webdo-Tunisie_168377.jpg\",\"contentUrl\":\"https:\\\/\\\/www.webdo.tn\\\/fr\\\/wp-content\\\/uploads\\\/2025\\\/06\\\/Webdo-Tunisie_168377.jpg\",\"width\":301,\"height\":301,\"caption\":\"Webdo\"},\"image\":{\"@id\":\"https:\\\/\\\/www.webdo.tn\\\/fr\\\/#\\\/schema\\\/logo\\\/image\\\/\"},\"sameAs\":[\"https:\\\/\\\/www.facebook.com\\\/webdotn\",\"https:\\\/\\\/x.com\\\/webdo_tn\"],\"description\":\"Webdo est un m\u00e9dia num\u00e9rique tunisien fond\u00e9 en 2010, sp\u00e9cialis\u00e9 dans l\u2019actualit\u00e9 nationale et internationale, l\u2019\u00e9conomie, la soci\u00e9t\u00e9 et les analyses politiques. Le site s\u2019adresse \u00e0 un large public francophone et couvre l\u2019information tunisienne en temps r\u00e9el.\",\"email\":\"redac@webdo.tn\",\"legalName\":\"YNJ SARL\",\"foundingDate\":\"2010-09-06\",\"numberOfEmployees\":{\"@type\":\"QuantitativeValue\",\"minValue\":\"11\",\"maxValue\":\"50\"}},{\"@type\":\"Person\",\"@id\":\"https:\\\/\\\/www.webdo.tn\\\/fr\\\/#\\\/schema\\\/person\\\/19664196c9bfdcda126f3c27709f7d11\",\"name\":\"Firas Ben Abdeltif\",\"image\":{\"@type\":\"ImageObject\",\"inLanguage\":\"fr-FR\",\"@id\":\"https:\\\/\\\/secure.gravatar.com\\\/avatar\\\/161a347d40df098a084778c52ed133dbd85f14df003867067c5948081241ec55?s=96&d=mm&r=g\",\"url\":\"https:\\\/\\\/secure.gravatar.com\\\/avatar\\\/161a347d40df098a084778c52ed133dbd85f14df003867067c5948081241ec55?s=96&d=mm&r=g\",\"contentUrl\":\"https:\\\/\\\/secure.gravatar.com\\\/avatar\\\/161a347d40df098a084778c52ed133dbd85f14df003867067c5948081241ec55?s=96&d=mm&r=g\",\"caption\":\"Firas Ben Abdeltif\"},\"url\":\"https:\\\/\\\/www.webdo.tn\\\/fr\\\/actualite\\\/author\\\/firas-ben-abdeltif\\\/\"}]}<\/script>\n<!-- \/ Yoast SEO Premium plugin. -->","yoast_head_json":{"title":"Flottille pour Gaza : Tunis confirme un \u00ab acte pr\u00e9m\u00e9dit\u00e9 \u00bb contre les navires - webdo","description":"Tunisie confirme un acte pr\u00e9m\u00e9dit\u00e9 contre les navires de la Flottille pour Gaza. D\u00e9couverte des enqu\u00eates en cours.","canonical":"https:\/\/www.webdo.tn\/fr\/actualite\/national\/flottille-pour-gaza-tunis-confirme-un-acte-premedite-contre-les-navires\/383257\/","og_locale":"fr_FR","og_type":"article","og_title":"Flottille pour Gaza : Tunis confirme un \u00ab acte pr\u00e9m\u00e9dit\u00e9 \u00bb contre les navires","og_description":"Tunisie confirme un acte pr\u00e9m\u00e9dit\u00e9 contre les navires de la Flottille pour Gaza. D\u00e9couverte des enqu\u00eates en cours.","og_url":"https:\/\/www.webdo.tn\/fr\/actualite\/national\/flottille-pour-gaza-tunis-confirme-un-acte-premedite-contre-les-navires\/383257\/","og_site_name":"webdo","article_publisher":"https:\/\/www.facebook.com\/webdotn","article_published_time":"2025-09-10T19:48:18+00:00","article_modified_time":"2025-09-11T11:11:31+00:00","og_image":[{"width":1332,"height":762,"url":"https:\/\/www.webdo.tn\/fr\/wp-content\/uploads\/2025\/09\/Attack-on-Alma.jpg","type":"image\/jpeg"}],"author":"Firas Ben Abdeltif","twitter_card":"summary_large_image","twitter_creator":"@webdo_tn","twitter_site":"@webdo_tn","twitter_misc":{"\u00c9crit par":"Firas Ben Abdeltif","Dur\u00e9e de lecture estim\u00e9e":"3 minutes"},"schema":{"@context":"https:\/\/schema.org","@graph":[{"@type":"NewsArticle","@id":"https:\/\/www.webdo.tn\/fr\/actualite\/national\/flottille-pour-gaza-tunis-confirme-un-acte-premedite-contre-les-navires\/383257\/#article","isPartOf":{"@id":"https:\/\/www.webdo.tn\/fr\/actualite\/national\/flottille-pour-gaza-tunis-confirme-un-acte-premedite-contre-les-navires\/383257\/"},"author":{"name":"Firas Ben Abdeltif","@id":"https:\/\/www.webdo.tn\/fr\/#\/schema\/person\/19664196c9bfdcda126f3c27709f7d11"},"headline":"Flottille pour Gaza : Tunis confirme un \u00ab acte pr\u00e9m\u00e9dit\u00e9 \u00bb contre les navires","datePublished":"2025-09-10T19:48:18+00:00","dateModified":"2025-09-11T11:11:31+00:00","mainEntityOfPage":{"@id":"https:\/\/www.webdo.tn\/fr\/actualite\/national\/flottille-pour-gaza-tunis-confirme-un-acte-premedite-contre-les-navires\/383257\/"},"wordCount":421,"publisher":{"@id":"https:\/\/www.webdo.tn\/fr\/#organization"},"image":{"@id":"https:\/\/www.webdo.tn\/fr\/actualite\/national\/flottille-pour-gaza-tunis-confirme-un-acte-premedite-contre-les-navires\/383257\/#primaryimage"},"thumbnailUrl":"https:\/\/www.webdo.tn\/fr\/wp-content\/uploads\/2025\/09\/Attack-on-Alma-e1757947128596.jpg","keywords":["Flottille","Gaza","sidi bou said"],"articleSection":["National"],"inLanguage":"fr-FR"},{"@type":"WebPage","@id":"https:\/\/www.webdo.tn\/fr\/actualite\/national\/flottille-pour-gaza-tunis-confirme-un-acte-premedite-contre-les-navires\/383257\/","url":"https:\/\/www.webdo.tn\/fr\/actualite\/national\/flottille-pour-gaza-tunis-confirme-un-acte-premedite-contre-les-navires\/383257\/","name":"Flottille pour Gaza : Tunis confirme un \u00ab acte pr\u00e9m\u00e9dit\u00e9 \u00bb contre les navires - webdo","isPartOf":{"@id":"https:\/\/www.webdo.tn\/fr\/#website"},"primaryImageOfPage":{"@id":"https:\/\/www.webdo.tn\/fr\/actualite\/national\/flottille-pour-gaza-tunis-confirme-un-acte-premedite-contre-les-navires\/383257\/#primaryimage"},"image":{"@id":"https:\/\/www.webdo.tn\/fr\/actualite\/national\/flottille-pour-gaza-tunis-confirme-un-acte-premedite-contre-les-navires\/383257\/#primaryimage"},"thumbnailUrl":"https:\/\/www.webdo.tn\/fr\/wp-content\/uploads\/2025\/09\/Attack-on-Alma-e1757947128596.jpg","datePublished":"2025-09-10T19:48:18+00:00","dateModified":"2025-09-11T11:11:31+00:00","description":"Tunisie confirme un acte pr\u00e9m\u00e9dit\u00e9 contre les navires de la Flottille pour Gaza. D\u00e9couverte des enqu\u00eates en cours.","breadcrumb":{"@id":"https:\/\/www.webdo.tn\/fr\/actualite\/national\/flottille-pour-gaza-tunis-confirme-un-acte-premedite-contre-les-navires\/383257\/#breadcrumb"},"inLanguage":"fr-FR","potentialAction":[{"@type":"ReadAction","target":["https:\/\/www.webdo.tn\/fr\/actualite\/national\/flottille-pour-gaza-tunis-confirme-un-acte-premedite-contre-les-navires\/383257\/"]}]},{"@type":"ImageObject","inLanguage":"fr-FR","@id":"https:\/\/www.webdo.tn\/fr\/actualite\/national\/flottille-pour-gaza-tunis-confirme-un-acte-premedite-contre-les-navires\/383257\/#primaryimage","url":"https:\/\/www.webdo.tn\/fr\/wp-content\/uploads\/2025\/09\/Attack-on-Alma-e1757947128596.jpg","contentUrl":"https:\/\/www.webdo.tn\/fr\/wp-content\/uploads\/2025\/09\/Attack-on-Alma-e1757947128596.jpg","width":1200,"height":686,"caption":"Navires cibl\u00e9s \u00e0 Sidi Bou Sa\u00efd\u00a0: Erdogan accuse explicitement Isra\u00ebl"},{"@type":"BreadcrumbList","@id":"https:\/\/www.webdo.tn\/fr\/actualite\/national\/flottille-pour-gaza-tunis-confirme-un-acte-premedite-contre-les-navires\/383257\/#breadcrumb","itemListElement":[{"@type":"ListItem","position":1,"name":"Accueil","item":"https:\/\/www.webdo.tn\/fr\/"},{"@type":"ListItem","position":2,"name":"Flottille pour Gaza : Tunis confirme un \u00ab acte pr\u00e9m\u00e9dit\u00e9 \u00bb contre les navires"}]},{"@type":"WebSite","@id":"https:\/\/www.webdo.tn\/fr\/#website","url":"https:\/\/www.webdo.tn\/fr\/","name":"webdo","description":"Tunisie - News en Tunisie et \u00e0 l&#039;international sur Webdo.tn","publisher":{"@id":"https:\/\/www.webdo.tn\/fr\/#organization"},"potentialAction":[{"@type":"SearchAction","target":{"@type":"EntryPoint","urlTemplate":"https:\/\/www.webdo.tn\/fr\/?s={search_term_string}"},"query-input":{"@type":"PropertyValueSpecification","valueRequired":true,"valueName":"search_term_string"}}],"inLanguage":"fr-FR"},{"@type":"Organization","@id":"https:\/\/www.webdo.tn\/fr\/#organization","name":"Webdo","alternateName":"Webdo.tn","url":"https:\/\/www.webdo.tn\/fr\/","logo":{"@type":"ImageObject","inLanguage":"fr-FR","@id":"https:\/\/www.webdo.tn\/fr\/#\/schema\/logo\/image\/","url":"https:\/\/www.webdo.tn\/fr\/wp-content\/uploads\/2025\/06\/Webdo-Tunisie_168377.jpg","contentUrl":"https:\/\/www.webdo.tn\/fr\/wp-content\/uploads\/2025\/06\/Webdo-Tunisie_168377.jpg","width":301,"height":301,"caption":"Webdo"},"image":{"@id":"https:\/\/www.webdo.tn\/fr\/#\/schema\/logo\/image\/"},"sameAs":["https:\/\/www.facebook.com\/webdotn","https:\/\/x.com\/webdo_tn"],"description":"Webdo est un m\u00e9dia num\u00e9rique tunisien fond\u00e9 en 2010, sp\u00e9cialis\u00e9 dans l\u2019actualit\u00e9 nationale et internationale, l\u2019\u00e9conomie, la soci\u00e9t\u00e9 et les analyses politiques. Le site s\u2019adresse \u00e0 un large public francophone et couvre l\u2019information tunisienne en temps r\u00e9el.","email":"redac@webdo.tn","legalName":"YNJ SARL","foundingDate":"2010-09-06","numberOfEmployees":{"@type":"QuantitativeValue","minValue":"11","maxValue":"50"}},{"@type":"Person","@id":"https:\/\/www.webdo.tn\/fr\/#\/schema\/person\/19664196c9bfdcda126f3c27709f7d11","name":"Firas Ben Abdeltif","image":{"@type":"ImageObject","inLanguage":"fr-FR","@id":"https:\/\/secure.gravatar.com\/avatar\/161a347d40df098a084778c52ed133dbd85f14df003867067c5948081241ec55?s=96&d=mm&r=g","url":"https:\/\/secure.gravatar.com\/avatar\/161a347d40df098a084778c52ed133dbd85f14df003867067c5948081241ec55?s=96&d=mm&r=g","contentUrl":"https:\/\/secure.gravatar.com\/avatar\/161a347d40df098a084778c52ed133dbd85f14df003867067c5948081241ec55?s=96&d=mm&r=g","caption":"Firas Ben Abdeltif"},"url":"https:\/\/www.webdo.tn\/fr\/actualite\/author\/firas-ben-abdeltif\/"}]}},"_links":{"self":[{"href":"https:\/\/www.webdo.tn\/fr\/wp-json\/wp\/v2\/posts\/383257","targetHints":{"allow":["GET"]}}],"collection":[{"href":"https:\/\/www.webdo.tn\/fr\/wp-json\/wp\/v2\/posts"}],"about":[{"href":"https:\/\/www.webdo.tn\/fr\/wp-json\/wp\/v2\/types\/post"}],"author":[{"embeddable":true,"href":"https:\/\/www.webdo.tn\/fr\/wp-json\/wp\/v2\/users\/4779"}],"replies":[{"embeddable":true,"href":"https:\/\/www.webdo.tn\/fr\/wp-json\/wp\/v2\/comments?post=383257"}],"version-history":[{"count":0,"href":"https:\/\/www.webdo.tn\/fr\/wp-json\/wp\/v2\/posts\/383257\/revisions"}],"wp:featuredmedia":[{"embeddable":true,"href":"https:\/\/www.webdo.tn\/fr\/wp-json\/wp\/v2\/media\/383187"}],"wp:attachment":[{"href":"https:\/\/www.webdo.tn\/fr\/wp-json\/wp\/v2\/media?parent=383257"}],"wp:term":[{"taxonomy":"category","embeddable":true,"href":"https:\/\/www.webdo.tn\/fr\/wp-json\/wp\/v2\/categories?post=383257"},{"taxonomy":"post_tag","embeddable":true,"href":"https:\/\/www.webdo.tn\/fr\/wp-json\/wp\/v2\/tags?post=383257"}],"curies":[{"name":"wp","href":"https:\/\/api.w.org\/{rel}","templated":true}]}}