{"id":383243,"date":"2025-09-10T19:08:32","date_gmt":"2025-09-10T18:08:32","guid":{"rendered":"https:\/\/www.webdo.tn\/fr\/?p=383243"},"modified":"2025-09-11T08:35:08","modified_gmt":"2025-09-11T07:35:08","slug":"tunisie-egypte-s-zaghfrani-rencontre-s-el-sissi-pour-renforcer-la-cooperation-bilaterale-et-regionale","status":"publish","type":"post","link":"https:\/\/www.webdo.tn\/fr\/actualite\/national\/tunisie-egypte-s-zaghfrani-rencontre-s-el-sissi-pour-renforcer-la-cooperation-bilaterale-et-regionale\/383243\/","title":{"rendered":"Tunisie-\u00c9gypte : S. Zaghfrani rencontre S. El-Sissi pour renforcer la coop\u00e9ration bilat\u00e9rale et r\u00e9gionale"},"content":{"rendered":"\n<p>La Premi\u00e8re ministre tunisienne, <strong>Sarra Zaghfrani<\/strong>, a \u00e9t\u00e9 re\u00e7ue mercredi au <strong>Palais d\u2019Al-Ittihadia<\/strong> au Caire par le pr\u00e9sident \u00e9gyptien <strong>Abdel Fattah El-Sissi<\/strong>, en pr\u00e9sence du Premier ministre \u00e9gyptien <strong>Mostafa Madbouli<\/strong> et de plusieurs membres des deux gouvernements.<\/p>\n\n\n\n<p>Lors de cette rencontre, les deux responsables ont <strong>confirm\u00e9 l\u2019importance de d\u00e9velopper les relations bilat\u00e9rales<\/strong>, tant sur le plan officiel que dans les relations entre les peuples, et ont soulign\u00e9 la n\u00e9cessit\u00e9 de <strong>consolider la coop\u00e9ration \u00e9conomique et commerciale<\/strong>, en particulier \u00e0 l\u2019occasion de la <strong>18\u1d49 session de la Commission mixte tuniso-\u00e9gyptienne<\/strong>, consid\u00e9r\u00e9e comme une plateforme strat\u00e9gique pour explorer de nouvelles opportunit\u00e9s d\u2019investissement et de projets conjoints.<\/p>\n\n\n\n<p>Ils ont \u00e9galement \u00e9chang\u00e9 leurs points de vue sur <strong>les enjeux r\u00e9gionaux et internationaux<\/strong>, insistant sur la coordination entre les deux pays pour <strong>faire face aux d\u00e9fis communs et contribuer \u00e0 la r\u00e9solution des crises r\u00e9gionales<\/strong>.<\/p>\n\n\n\n<p>Le dialogue a port\u00e9 sur le r\u00f4le du <strong>secteur priv\u00e9 dans le d\u00e9veloppement de projets communs en Afrique<\/strong>, renfor\u00e7ant ainsi le rayonnement tunisien et \u00e9gyptien dans leur environnement r\u00e9gional.<\/p>\n\n\n\n<p>Le pr\u00e9sident \u00e9gyptien a salu\u00e9 les efforts du pr\u00e9sident tunisien <strong>Ka\u00efs Sa\u00efed<\/strong> dans la conduite des r\u00e9formes et le d\u00e9veloppement \u00e9conomique, tandis que S. Zaghfrani lui a transmis les <strong>salutations et l\u2019invitation officielle du pr\u00e9sident tunisien<\/strong> \u00e0 effectuer une visite en Tunisie. \u00c0 son tour, S. El-Sissi a renouvel\u00e9 l\u2019invitation au pr\u00e9sident Sa\u00efed pour assister \u00e0 <strong>l\u2019inauguration du Grand Mus\u00e9e \u00c9gyptien<\/strong>, pr\u00e9vue en novembre 2025.<\/p>\n\n\n\n<p>Cette visite s\u2019inscrit dans le cadre d\u2019un <strong>renforcement strat\u00e9gique des liens tuniso-\u00e9gyptiens<\/strong>, marqu\u00e9s par une coop\u00e9ration \u00e9conomique, politique et culturelle continue, et par une volont\u00e9 commune de promouvoir l\u2019int\u00e9gration r\u00e9gionale et africaine.<\/p>\n","protected":false},"excerpt":{"rendered":"<p>La Premi\u00e8re ministre tunisienne, Sarra Zaghfrani, a \u00e9t\u00e9 re\u00e7ue mercredi au Palais d\u2019Al-Ittihadia au Caire par le pr\u00e9sident \u00e9gyptien Abdel Fattah El-Sissi, en pr\u00e9sence du Premier ministre \u00e9gyptien Mostafa Madbouli et de plusieurs membres des deux gouvernements. Lors de cette rencontre, les deux responsables ont confirm\u00e9 l\u2019importance de d\u00e9velopper les relations bilat\u00e9rales, tant sur le [&hellip;]<\/p>\n","protected":false},"author":4779,"featured_media":383245,"comment_status":"closed","ping_status":"closed","sticky":false,"template":"","format":"standard","meta":{"footnotes":""},"categories":[44],"tags":[3183,2608],"class_list":["post-383243","post","type-post","status-publish","format-standard","has-post-thumbnail","hentry","category-national","tag-egypte","tag-tunisie"],"yoast_head":"<!-- This site is optimized with the Yoast SEO Premium plugin v27.5 (Yoast SEO v27.5) - https:\/\/yoast.com\/product\/yoast-seo-premium-wordpress\/ -->\n<title>Tunisie-\u00c9gypte : S. Zaghfrani rencontre S. El-Sissi pour renforcer la coop\u00e9ration bilat\u00e9rale et r\u00e9gionale - webdo<\/title>\n<meta name=\"description\" content=\"La rencontre entre S. Zaghfrani et S. El-Sissi met en lumi\u00e8re les avantages de la coop\u00e9ration bilat\u00e9rale et r\u00e9gionale.\" \/>\n<link rel=\"canonical\" href=\"https:\/\/www.webdo.tn\/fr\/actualite\/national\/tunisie-egypte-s-zaghfrani-rencontre-s-el-sissi-pour-renforcer-la-cooperation-bilaterale-et-regionale\/383243\/\" \/>\n<meta property=\"og:locale\" content=\"fr_FR\" \/>\n<meta property=\"og:type\" content=\"article\" \/>\n<meta property=\"og:title\" content=\"Tunisie-\u00c9gypte : S. Zaghfrani rencontre S. El-Sissi pour renforcer la coop\u00e9ration bilat\u00e9rale et r\u00e9gionale\" \/>\n<meta property=\"og:description\" content=\"La rencontre entre S. Zaghfrani et S. El-Sissi met en lumi\u00e8re les avantages de la coop\u00e9ration bilat\u00e9rale et r\u00e9gionale.\" \/>\n<meta property=\"og:url\" content=\"https:\/\/www.webdo.tn\/fr\/actualite\/national\/tunisie-egypte-s-zaghfrani-rencontre-s-el-sissi-pour-renforcer-la-cooperation-bilaterale-et-regionale\/383243\/\" \/>\n<meta property=\"og:site_name\" content=\"webdo\" \/>\n<meta property=\"article:publisher\" content=\"https:\/\/www.facebook.com\/webdotn\" \/>\n<meta property=\"article:published_time\" content=\"2025-09-10T18:08:32+00:00\" \/>\n<meta property=\"article:modified_time\" content=\"2025-09-11T07:35:08+00:00\" \/>\n<meta property=\"og:image\" content=\"https:\/\/www.webdo.tn\/fr\/wp-content\/uploads\/2025\/09\/Zaghfrani-rencontre-Al-Sissi.jpg\" \/>\n\t<meta property=\"og:image:width\" content=\"1065\" \/>\n\t<meta property=\"og:image:height\" content=\"508\" \/>\n\t<meta property=\"og:image:type\" content=\"image\/jpeg\" \/>\n<meta name=\"author\" content=\"Firas Ben Abdeltif\" \/>\n<meta name=\"twitter:card\" content=\"summary_large_image\" \/>\n<meta name=\"twitter:creator\" content=\"@webdo_tn\" \/>\n<meta name=\"twitter:site\" content=\"@webdo_tn\" \/>\n<meta name=\"twitter:label1\" content=\"\u00c9crit par\" \/>\n\t<meta name=\"twitter:data1\" content=\"Firas Ben Abdeltif\" \/>\n\t<meta name=\"twitter:label2\" content=\"Dur\u00e9e de lecture estim\u00e9e\" \/>\n\t<meta name=\"twitter:data2\" content=\"2 minutes\" \/>\n<script type=\"application\/ld+json\" class=\"yoast-schema-graph\">{\"@context\":\"https:\\\/\\\/schema.org\",\"@graph\":[{\"@type\":\"NewsArticle\",\"@id\":\"https:\\\/\\\/www.webdo.tn\\\/fr\\\/actualite\\\/national\\\/tunisie-egypte-s-zaghfrani-rencontre-s-el-sissi-pour-renforcer-la-cooperation-bilaterale-et-regionale\\\/383243\\\/#article\",\"isPartOf\":{\"@id\":\"https:\\\/\\\/www.webdo.tn\\\/fr\\\/actualite\\\/national\\\/tunisie-egypte-s-zaghfrani-rencontre-s-el-sissi-pour-renforcer-la-cooperation-bilaterale-et-regionale\\\/383243\\\/\"},\"author\":{\"name\":\"Firas Ben Abdeltif\",\"@id\":\"https:\\\/\\\/www.webdo.tn\\\/fr\\\/#\\\/schema\\\/person\\\/19664196c9bfdcda126f3c27709f7d11\"},\"headline\":\"Tunisie-\u00c9gypte : S. Zaghfrani rencontre S. El-Sissi pour renforcer la coop\u00e9ration bilat\u00e9rale et r\u00e9gionale\",\"datePublished\":\"2025-09-10T18:08:32+00:00\",\"dateModified\":\"2025-09-11T07:35:08+00:00\",\"mainEntityOfPage\":{\"@id\":\"https:\\\/\\\/www.webdo.tn\\\/fr\\\/actualite\\\/national\\\/tunisie-egypte-s-zaghfrani-rencontre-s-el-sissi-pour-renforcer-la-cooperation-bilaterale-et-regionale\\\/383243\\\/\"},\"wordCount\":324,\"publisher\":{\"@id\":\"https:\\\/\\\/www.webdo.tn\\\/fr\\\/#organization\"},\"image\":{\"@id\":\"https:\\\/\\\/www.webdo.tn\\\/fr\\\/actualite\\\/national\\\/tunisie-egypte-s-zaghfrani-rencontre-s-el-sissi-pour-renforcer-la-cooperation-bilaterale-et-regionale\\\/383243\\\/#primaryimage\"},\"thumbnailUrl\":\"https:\\\/\\\/www.webdo.tn\\\/fr\\\/wp-content\\\/uploads\\\/2025\\\/09\\\/Zaghfrani-rencontre-Al-Sissi.jpg\",\"keywords\":[\"Egypte\",\"Tunisie\"],\"articleSection\":[\"National\"],\"inLanguage\":\"fr-FR\"},{\"@type\":\"WebPage\",\"@id\":\"https:\\\/\\\/www.webdo.tn\\\/fr\\\/actualite\\\/national\\\/tunisie-egypte-s-zaghfrani-rencontre-s-el-sissi-pour-renforcer-la-cooperation-bilaterale-et-regionale\\\/383243\\\/\",\"url\":\"https:\\\/\\\/www.webdo.tn\\\/fr\\\/actualite\\\/national\\\/tunisie-egypte-s-zaghfrani-rencontre-s-el-sissi-pour-renforcer-la-cooperation-bilaterale-et-regionale\\\/383243\\\/\",\"name\":\"Tunisie-\u00c9gypte : S. Zaghfrani rencontre S. El-Sissi pour renforcer la coop\u00e9ration bilat\u00e9rale et r\u00e9gionale - webdo\",\"isPartOf\":{\"@id\":\"https:\\\/\\\/www.webdo.tn\\\/fr\\\/#website\"},\"primaryImageOfPage\":{\"@id\":\"https:\\\/\\\/www.webdo.tn\\\/fr\\\/actualite\\\/national\\\/tunisie-egypte-s-zaghfrani-rencontre-s-el-sissi-pour-renforcer-la-cooperation-bilaterale-et-regionale\\\/383243\\\/#primaryimage\"},\"image\":{\"@id\":\"https:\\\/\\\/www.webdo.tn\\\/fr\\\/actualite\\\/national\\\/tunisie-egypte-s-zaghfrani-rencontre-s-el-sissi-pour-renforcer-la-cooperation-bilaterale-et-regionale\\\/383243\\\/#primaryimage\"},\"thumbnailUrl\":\"https:\\\/\\\/www.webdo.tn\\\/fr\\\/wp-content\\\/uploads\\\/2025\\\/09\\\/Zaghfrani-rencontre-Al-Sissi.jpg\",\"datePublished\":\"2025-09-10T18:08:32+00:00\",\"dateModified\":\"2025-09-11T07:35:08+00:00\",\"description\":\"La rencontre entre S. Zaghfrani et S. El-Sissi met en lumi\u00e8re les avantages de la coop\u00e9ration bilat\u00e9rale et r\u00e9gionale.\",\"breadcrumb\":{\"@id\":\"https:\\\/\\\/www.webdo.tn\\\/fr\\\/actualite\\\/national\\\/tunisie-egypte-s-zaghfrani-rencontre-s-el-sissi-pour-renforcer-la-cooperation-bilaterale-et-regionale\\\/383243\\\/#breadcrumb\"},\"inLanguage\":\"fr-FR\",\"potentialAction\":[{\"@type\":\"ReadAction\",\"target\":[\"https:\\\/\\\/www.webdo.tn\\\/fr\\\/actualite\\\/national\\\/tunisie-egypte-s-zaghfrani-rencontre-s-el-sissi-pour-renforcer-la-cooperation-bilaterale-et-regionale\\\/383243\\\/\"]}]},{\"@type\":\"ImageObject\",\"inLanguage\":\"fr-FR\",\"@id\":\"https:\\\/\\\/www.webdo.tn\\\/fr\\\/actualite\\\/national\\\/tunisie-egypte-s-zaghfrani-rencontre-s-el-sissi-pour-renforcer-la-cooperation-bilaterale-et-regionale\\\/383243\\\/#primaryimage\",\"url\":\"https:\\\/\\\/www.webdo.tn\\\/fr\\\/wp-content\\\/uploads\\\/2025\\\/09\\\/Zaghfrani-rencontre-Al-Sissi.jpg\",\"contentUrl\":\"https:\\\/\\\/www.webdo.tn\\\/fr\\\/wp-content\\\/uploads\\\/2025\\\/09\\\/Zaghfrani-rencontre-Al-Sissi.jpg\",\"width\":1065,\"height\":508,\"caption\":\"Zaghfrani rencontre Al Sissi\"},{\"@type\":\"BreadcrumbList\",\"@id\":\"https:\\\/\\\/www.webdo.tn\\\/fr\\\/actualite\\\/national\\\/tunisie-egypte-s-zaghfrani-rencontre-s-el-sissi-pour-renforcer-la-cooperation-bilaterale-et-regionale\\\/383243\\\/#breadcrumb\",\"itemListElement\":[{\"@type\":\"ListItem\",\"position\":1,\"name\":\"Accueil\",\"item\":\"https:\\\/\\\/www.webdo.tn\\\/fr\\\/\"},{\"@type\":\"ListItem\",\"position\":2,\"name\":\"Tunisie-\u00c9gypte : S. Zaghfrani rencontre S. El-Sissi pour renforcer la coop\u00e9ration bilat\u00e9rale et r\u00e9gionale\"}]},{\"@type\":\"WebSite\",\"@id\":\"https:\\\/\\\/www.webdo.tn\\\/fr\\\/#website\",\"url\":\"https:\\\/\\\/www.webdo.tn\\\/fr\\\/\",\"name\":\"webdo\",\"description\":\"Tunisie - News en Tunisie et \u00e0 l&#039;international sur Webdo.tn\",\"publisher\":{\"@id\":\"https:\\\/\\\/www.webdo.tn\\\/fr\\\/#organization\"},\"potentialAction\":[{\"@type\":\"SearchAction\",\"target\":{\"@type\":\"EntryPoint\",\"urlTemplate\":\"https:\\\/\\\/www.webdo.tn\\\/fr\\\/?s={search_term_string}\"},\"query-input\":{\"@type\":\"PropertyValueSpecification\",\"valueRequired\":true,\"valueName\":\"search_term_string\"}}],\"inLanguage\":\"fr-FR\"},{\"@type\":\"Organization\",\"@id\":\"https:\\\/\\\/www.webdo.tn\\\/fr\\\/#organization\",\"name\":\"Webdo\",\"alternateName\":\"Webdo.tn\",\"url\":\"https:\\\/\\\/www.webdo.tn\\\/fr\\\/\",\"logo\":{\"@type\":\"ImageObject\",\"inLanguage\":\"fr-FR\",\"@id\":\"https:\\\/\\\/www.webdo.tn\\\/fr\\\/#\\\/schema\\\/logo\\\/image\\\/\",\"url\":\"https:\\\/\\\/www.webdo.tn\\\/fr\\\/wp-content\\\/uploads\\\/2025\\\/06\\\/Webdo-Tunisie_168377.jpg\",\"contentUrl\":\"https:\\\/\\\/www.webdo.tn\\\/fr\\\/wp-content\\\/uploads\\\/2025\\\/06\\\/Webdo-Tunisie_168377.jpg\",\"width\":301,\"height\":301,\"caption\":\"Webdo\"},\"image\":{\"@id\":\"https:\\\/\\\/www.webdo.tn\\\/fr\\\/#\\\/schema\\\/logo\\\/image\\\/\"},\"sameAs\":[\"https:\\\/\\\/www.facebook.com\\\/webdotn\",\"https:\\\/\\\/x.com\\\/webdo_tn\"],\"description\":\"Webdo est un m\u00e9dia num\u00e9rique tunisien fond\u00e9 en 2010, sp\u00e9cialis\u00e9 dans l\u2019actualit\u00e9 nationale et internationale, l\u2019\u00e9conomie, la soci\u00e9t\u00e9 et les analyses politiques. Le site s\u2019adresse \u00e0 un large public francophone et couvre l\u2019information tunisienne en temps r\u00e9el.\",\"email\":\"redac@webdo.tn\",\"legalName\":\"YNJ SARL\",\"foundingDate\":\"2010-09-06\",\"numberOfEmployees\":{\"@type\":\"QuantitativeValue\",\"minValue\":\"11\",\"maxValue\":\"50\"}},{\"@type\":\"Person\",\"@id\":\"https:\\\/\\\/www.webdo.tn\\\/fr\\\/#\\\/schema\\\/person\\\/19664196c9bfdcda126f3c27709f7d11\",\"name\":\"Firas Ben Abdeltif\",\"image\":{\"@type\":\"ImageObject\",\"inLanguage\":\"fr-FR\",\"@id\":\"https:\\\/\\\/secure.gravatar.com\\\/avatar\\\/161a347d40df098a084778c52ed133dbd85f14df003867067c5948081241ec55?s=96&d=mm&r=g\",\"url\":\"https:\\\/\\\/secure.gravatar.com\\\/avatar\\\/161a347d40df098a084778c52ed133dbd85f14df003867067c5948081241ec55?s=96&d=mm&r=g\",\"contentUrl\":\"https:\\\/\\\/secure.gravatar.com\\\/avatar\\\/161a347d40df098a084778c52ed133dbd85f14df003867067c5948081241ec55?s=96&d=mm&r=g\",\"caption\":\"Firas Ben Abdeltif\"},\"url\":\"https:\\\/\\\/www.webdo.tn\\\/fr\\\/actualite\\\/author\\\/firas-ben-abdeltif\\\/\"}]}<\/script>\n<!-- \/ Yoast SEO Premium plugin. -->","yoast_head_json":{"title":"Tunisie-\u00c9gypte : S. Zaghfrani rencontre S. El-Sissi pour renforcer la coop\u00e9ration bilat\u00e9rale et r\u00e9gionale - webdo","description":"La rencontre entre S. Zaghfrani et S. El-Sissi met en lumi\u00e8re les avantages de la coop\u00e9ration bilat\u00e9rale et r\u00e9gionale.","canonical":"https:\/\/www.webdo.tn\/fr\/actualite\/national\/tunisie-egypte-s-zaghfrani-rencontre-s-el-sissi-pour-renforcer-la-cooperation-bilaterale-et-regionale\/383243\/","og_locale":"fr_FR","og_type":"article","og_title":"Tunisie-\u00c9gypte : S. Zaghfrani rencontre S. El-Sissi pour renforcer la coop\u00e9ration bilat\u00e9rale et r\u00e9gionale","og_description":"La rencontre entre S. Zaghfrani et S. El-Sissi met en lumi\u00e8re les avantages de la coop\u00e9ration bilat\u00e9rale et r\u00e9gionale.","og_url":"https:\/\/www.webdo.tn\/fr\/actualite\/national\/tunisie-egypte-s-zaghfrani-rencontre-s-el-sissi-pour-renforcer-la-cooperation-bilaterale-et-regionale\/383243\/","og_site_name":"webdo","article_publisher":"https:\/\/www.facebook.com\/webdotn","article_published_time":"2025-09-10T18:08:32+00:00","article_modified_time":"2025-09-11T07:35:08+00:00","og_image":[{"width":1065,"height":508,"url":"https:\/\/www.webdo.tn\/fr\/wp-content\/uploads\/2025\/09\/Zaghfrani-rencontre-Al-Sissi.jpg","type":"image\/jpeg"}],"author":"Firas Ben Abdeltif","twitter_card":"summary_large_image","twitter_creator":"@webdo_tn","twitter_site":"@webdo_tn","twitter_misc":{"\u00c9crit par":"Firas Ben Abdeltif","Dur\u00e9e de lecture estim\u00e9e":"2 minutes"},"schema":{"@context":"https:\/\/schema.org","@graph":[{"@type":"NewsArticle","@id":"https:\/\/www.webdo.tn\/fr\/actualite\/national\/tunisie-egypte-s-zaghfrani-rencontre-s-el-sissi-pour-renforcer-la-cooperation-bilaterale-et-regionale\/383243\/#article","isPartOf":{"@id":"https:\/\/www.webdo.tn\/fr\/actualite\/national\/tunisie-egypte-s-zaghfrani-rencontre-s-el-sissi-pour-renforcer-la-cooperation-bilaterale-et-regionale\/383243\/"},"author":{"name":"Firas Ben Abdeltif","@id":"https:\/\/www.webdo.tn\/fr\/#\/schema\/person\/19664196c9bfdcda126f3c27709f7d11"},"headline":"Tunisie-\u00c9gypte : S. Zaghfrani rencontre S. El-Sissi pour renforcer la coop\u00e9ration bilat\u00e9rale et r\u00e9gionale","datePublished":"2025-09-10T18:08:32+00:00","dateModified":"2025-09-11T07:35:08+00:00","mainEntityOfPage":{"@id":"https:\/\/www.webdo.tn\/fr\/actualite\/national\/tunisie-egypte-s-zaghfrani-rencontre-s-el-sissi-pour-renforcer-la-cooperation-bilaterale-et-regionale\/383243\/"},"wordCount":324,"publisher":{"@id":"https:\/\/www.webdo.tn\/fr\/#organization"},"image":{"@id":"https:\/\/www.webdo.tn\/fr\/actualite\/national\/tunisie-egypte-s-zaghfrani-rencontre-s-el-sissi-pour-renforcer-la-cooperation-bilaterale-et-regionale\/383243\/#primaryimage"},"thumbnailUrl":"https:\/\/www.webdo.tn\/fr\/wp-content\/uploads\/2025\/09\/Zaghfrani-rencontre-Al-Sissi.jpg","keywords":["Egypte","Tunisie"],"articleSection":["National"],"inLanguage":"fr-FR"},{"@type":"WebPage","@id":"https:\/\/www.webdo.tn\/fr\/actualite\/national\/tunisie-egypte-s-zaghfrani-rencontre-s-el-sissi-pour-renforcer-la-cooperation-bilaterale-et-regionale\/383243\/","url":"https:\/\/www.webdo.tn\/fr\/actualite\/national\/tunisie-egypte-s-zaghfrani-rencontre-s-el-sissi-pour-renforcer-la-cooperation-bilaterale-et-regionale\/383243\/","name":"Tunisie-\u00c9gypte : S. Zaghfrani rencontre S. El-Sissi pour renforcer la coop\u00e9ration bilat\u00e9rale et r\u00e9gionale - webdo","isPartOf":{"@id":"https:\/\/www.webdo.tn\/fr\/#website"},"primaryImageOfPage":{"@id":"https:\/\/www.webdo.tn\/fr\/actualite\/national\/tunisie-egypte-s-zaghfrani-rencontre-s-el-sissi-pour-renforcer-la-cooperation-bilaterale-et-regionale\/383243\/#primaryimage"},"image":{"@id":"https:\/\/www.webdo.tn\/fr\/actualite\/national\/tunisie-egypte-s-zaghfrani-rencontre-s-el-sissi-pour-renforcer-la-cooperation-bilaterale-et-regionale\/383243\/#primaryimage"},"thumbnailUrl":"https:\/\/www.webdo.tn\/fr\/wp-content\/uploads\/2025\/09\/Zaghfrani-rencontre-Al-Sissi.jpg","datePublished":"2025-09-10T18:08:32+00:00","dateModified":"2025-09-11T07:35:08+00:00","description":"La rencontre entre S. Zaghfrani et S. El-Sissi met en lumi\u00e8re les avantages de la coop\u00e9ration bilat\u00e9rale et r\u00e9gionale.","breadcrumb":{"@id":"https:\/\/www.webdo.tn\/fr\/actualite\/national\/tunisie-egypte-s-zaghfrani-rencontre-s-el-sissi-pour-renforcer-la-cooperation-bilaterale-et-regionale\/383243\/#breadcrumb"},"inLanguage":"fr-FR","potentialAction":[{"@type":"ReadAction","target":["https:\/\/www.webdo.tn\/fr\/actualite\/national\/tunisie-egypte-s-zaghfrani-rencontre-s-el-sissi-pour-renforcer-la-cooperation-bilaterale-et-regionale\/383243\/"]}]},{"@type":"ImageObject","inLanguage":"fr-FR","@id":"https:\/\/www.webdo.tn\/fr\/actualite\/national\/tunisie-egypte-s-zaghfrani-rencontre-s-el-sissi-pour-renforcer-la-cooperation-bilaterale-et-regionale\/383243\/#primaryimage","url":"https:\/\/www.webdo.tn\/fr\/wp-content\/uploads\/2025\/09\/Zaghfrani-rencontre-Al-Sissi.jpg","contentUrl":"https:\/\/www.webdo.tn\/fr\/wp-content\/uploads\/2025\/09\/Zaghfrani-rencontre-Al-Sissi.jpg","width":1065,"height":508,"caption":"Zaghfrani rencontre Al Sissi"},{"@type":"BreadcrumbList","@id":"https:\/\/www.webdo.tn\/fr\/actualite\/national\/tunisie-egypte-s-zaghfrani-rencontre-s-el-sissi-pour-renforcer-la-cooperation-bilaterale-et-regionale\/383243\/#breadcrumb","itemListElement":[{"@type":"ListItem","position":1,"name":"Accueil","item":"https:\/\/www.webdo.tn\/fr\/"},{"@type":"ListItem","position":2,"name":"Tunisie-\u00c9gypte : S. Zaghfrani rencontre S. El-Sissi pour renforcer la coop\u00e9ration bilat\u00e9rale et r\u00e9gionale"}]},{"@type":"WebSite","@id":"https:\/\/www.webdo.tn\/fr\/#website","url":"https:\/\/www.webdo.tn\/fr\/","name":"webdo","description":"Tunisie - News en Tunisie et \u00e0 l&#039;international sur Webdo.tn","publisher":{"@id":"https:\/\/www.webdo.tn\/fr\/#organization"},"potentialAction":[{"@type":"SearchAction","target":{"@type":"EntryPoint","urlTemplate":"https:\/\/www.webdo.tn\/fr\/?s={search_term_string}"},"query-input":{"@type":"PropertyValueSpecification","valueRequired":true,"valueName":"search_term_string"}}],"inLanguage":"fr-FR"},{"@type":"Organization","@id":"https:\/\/www.webdo.tn\/fr\/#organization","name":"Webdo","alternateName":"Webdo.tn","url":"https:\/\/www.webdo.tn\/fr\/","logo":{"@type":"ImageObject","inLanguage":"fr-FR","@id":"https:\/\/www.webdo.tn\/fr\/#\/schema\/logo\/image\/","url":"https:\/\/www.webdo.tn\/fr\/wp-content\/uploads\/2025\/06\/Webdo-Tunisie_168377.jpg","contentUrl":"https:\/\/www.webdo.tn\/fr\/wp-content\/uploads\/2025\/06\/Webdo-Tunisie_168377.jpg","width":301,"height":301,"caption":"Webdo"},"image":{"@id":"https:\/\/www.webdo.tn\/fr\/#\/schema\/logo\/image\/"},"sameAs":["https:\/\/www.facebook.com\/webdotn","https:\/\/x.com\/webdo_tn"],"description":"Webdo est un m\u00e9dia num\u00e9rique tunisien fond\u00e9 en 2010, sp\u00e9cialis\u00e9 dans l\u2019actualit\u00e9 nationale et internationale, l\u2019\u00e9conomie, la soci\u00e9t\u00e9 et les analyses politiques. Le site s\u2019adresse \u00e0 un large public francophone et couvre l\u2019information tunisienne en temps r\u00e9el.","email":"redac@webdo.tn","legalName":"YNJ SARL","foundingDate":"2010-09-06","numberOfEmployees":{"@type":"QuantitativeValue","minValue":"11","maxValue":"50"}},{"@type":"Person","@id":"https:\/\/www.webdo.tn\/fr\/#\/schema\/person\/19664196c9bfdcda126f3c27709f7d11","name":"Firas Ben Abdeltif","image":{"@type":"ImageObject","inLanguage":"fr-FR","@id":"https:\/\/secure.gravatar.com\/avatar\/161a347d40df098a084778c52ed133dbd85f14df003867067c5948081241ec55?s=96&d=mm&r=g","url":"https:\/\/secure.gravatar.com\/avatar\/161a347d40df098a084778c52ed133dbd85f14df003867067c5948081241ec55?s=96&d=mm&r=g","contentUrl":"https:\/\/secure.gravatar.com\/avatar\/161a347d40df098a084778c52ed133dbd85f14df003867067c5948081241ec55?s=96&d=mm&r=g","caption":"Firas Ben Abdeltif"},"url":"https:\/\/www.webdo.tn\/fr\/actualite\/author\/firas-ben-abdeltif\/"}]}},"_links":{"self":[{"href":"https:\/\/www.webdo.tn\/fr\/wp-json\/wp\/v2\/posts\/383243","targetHints":{"allow":["GET"]}}],"collection":[{"href":"https:\/\/www.webdo.tn\/fr\/wp-json\/wp\/v2\/posts"}],"about":[{"href":"https:\/\/www.webdo.tn\/fr\/wp-json\/wp\/v2\/types\/post"}],"author":[{"embeddable":true,"href":"https:\/\/www.webdo.tn\/fr\/wp-json\/wp\/v2\/users\/4779"}],"replies":[{"embeddable":true,"href":"https:\/\/www.webdo.tn\/fr\/wp-json\/wp\/v2\/comments?post=383243"}],"version-history":[{"count":0,"href":"https:\/\/www.webdo.tn\/fr\/wp-json\/wp\/v2\/posts\/383243\/revisions"}],"wp:featuredmedia":[{"embeddable":true,"href":"https:\/\/www.webdo.tn\/fr\/wp-json\/wp\/v2\/media\/383245"}],"wp:attachment":[{"href":"https:\/\/www.webdo.tn\/fr\/wp-json\/wp\/v2\/media?parent=383243"}],"wp:term":[{"taxonomy":"category","embeddable":true,"href":"https:\/\/www.webdo.tn\/fr\/wp-json\/wp\/v2\/categories?post=383243"},{"taxonomy":"post_tag","embeddable":true,"href":"https:\/\/www.webdo.tn\/fr\/wp-json\/wp\/v2\/tags?post=383243"}],"curies":[{"name":"wp","href":"https:\/\/api.w.org\/{rel}","templated":true}]}}