{"id":383233,"date":"2025-09-10T14:26:50","date_gmt":"2025-09-10T13:26:50","guid":{"rendered":"https:\/\/www.webdo.tn\/fr\/?p=383233"},"modified":"2025-09-11T08:34:24","modified_gmt":"2025-09-11T07:34:24","slug":"sidi-bou-said-la-flottille-soumoud-determinee-a-briser-le-blocus-de-gaza","status":"publish","type":"post","link":"https:\/\/www.webdo.tn\/fr\/actualite\/national\/sidi-bou-said-la-flottille-soumoud-determinee-a-briser-le-blocus-de-gaza\/383233\/","title":{"rendered":"Sidi Bou Sa\u00efd : La Flottille Soumoud d\u00e9termin\u00e9e \u00e0 briser le blocus de Gaza"},"content":{"rendered":"\n<p><strong>A quelques heures du d\u00e9part de la flottille de Sidi Bou Sa\u00efd vers Gaza, un membre de son comit\u00e9 organisateur, Nabil Chennoufi, assure que rien ne viendra entamer la d\u00e9termination des volontaires mobilis\u00e9s pour briser le blocus.<\/strong><\/p>\n\n\n\n<p>La Flottille Soumoud a confirm\u00e9 le lancement officiel de ses activit\u00e9s ce mercredi 10 septembre 2025 depuis la Tunisie. Invit\u00e9 ce mercredi \u00e0 Mosaique fm, Nabil Chennoufi, membre de l\u2019instance de pilotage de la flottille baptis\u00e9e \u00ab Soumoud \u00bb, a affirm\u00e9 que \u00ab les pr\u00e9paratifs se d\u00e9roulent dans une ambiance d\u2019enthousiasme \u00bb et que \u00ab les \u00e9v\u00e9nements r\u00e9cents n\u2019ont \u00e9branl\u00e9 ni la volont\u00e9 ni la d\u00e9termination des participants \u00e0 se rendre \u00e0 Gaza \u00bb.<\/p>\n\n\n\n<h3 class=\"wp-block-heading\" id=\"h-soutiens-et-enjeux\">Soutiens et enjeux<\/h3>\n\n\n\n<p>Selon lui, tous les volontaires sont \u00ab pleinement engag\u00e9s et psychologiquement pr\u00eats \u00bb \u00e0 entreprendre cette travers\u00e9e solidaire. Il a m\u00eame pr\u00e9cis\u00e9 que \u00ab des personnes figurent sur une liste d\u2019attente pour rejoindre l\u2019exp\u00e9dition \u00bb, insistant sur le fait qu\u2019\u00ab aucun participant n\u2019a exprim\u00e9 le souhait de se retirer par crainte de ce qui s\u2019est pass\u00e9 \u00bb.<\/p>\n\n\n\n<p>Chennoufi a rappel\u00e9 que la gravit\u00e9 de la situation v\u00e9cue par le peuple palestinien \u00ab appelle \u00e0 une mobilisation g\u00e9n\u00e9rale en faveur d\u2019une cause juste \u00bb. Il a \u00e9galement soulign\u00e9 que certains pays ont exprim\u00e9 leur soutien \u00e0 l\u2019initiative, citant l\u2019Italie qui s\u2019est engag\u00e9e \u00e0 prot\u00e9ger ses ressortissants prenant part au voyage.<\/p>\n\n\n\n<h3 class=\"wp-block-heading\" id=\"h-evenements-tragiques-recents-renforcant-la-determination\">\u00c9v\u00e9nements tragiques r\u00e9cents renfor\u00e7ant la d\u00e9termination<\/h3>\n\n\n\n<p>La flottille doit lever l\u2019ancre ce mercredi 10 septembre \u00e0 16h depuis le port de Sidi Bou Sa\u00efd, en direction de Gaza apr\u00e8s deux incidents marquants, qui ont eu lieu dans les eaux tunisiennes.<\/p>\n\n\n\n<p>Dans la nuit du mardi 9 septembre, le bateau Alma, amarr\u00e9 au port de Sidi Bou Sa\u00efd, a \u00e9t\u00e9 vis\u00e9 par un drone non identifi\u00e9. Selon des activistes de la Global Sumud Flotilla, un engin incendiaire aurait \u00e9t\u00e9 largu\u00e9 sur le pont du navire. Aucun bless\u00e9 n\u2019a \u00e9t\u00e9 signal\u00e9, et aucun d\u00e9g\u00e2t structurel majeur n\u2019a \u00e9t\u00e9 constat\u00e9.<\/p>\n\n\n\n<p>La veille, le lundi 8 septembre, le bateau Family, le plus imposant de la flottille, avait d\u00e9j\u00e0 subi un incendie \u00e0 sa proue. Des t\u00e9moins ont \u00e9voqu\u00e9 l\u2019intervention d\u2019un drone pr\u00e9c\u00e9dant l\u2019incident, tandis que le minist\u00e8re de l\u2019Int\u00e9rieur a attribu\u00e9 le d\u00e9but du feu \u00e0 un d\u00e9part accidentel, probablement caus\u00e9 par une cigarette.<\/p>\n\n\n\n<p>La rapporteure sp\u00e9ciale de l\u2019ONU pour les territoires palestiniens occup\u00e9s, Francesca Albanese, a d\u00e9nonc\u00e9 cette s\u00e9rie d\u2019attaques en mer comme \u00ab la deuxi\u00e8me attaque contre la flottille, encore dans les eaux tunisiennes, en deux jours \u00bb.<\/p>\n\n\n\n<p>L\u2019activiste tunisien Wael Naouar a affirm\u00e9 que ces attaques, loin de d\u00e9courager les \u00e9quipages, \u00ab renforcent la mobilisation et la d\u00e9termination des \u00e9quipages \u00e0 poursuivre la route vers Gaza \u00bb.<\/p>\n\n\n\n<p><\/p>\n\n\n\n<p><strong>Lire aussi :<\/strong><\/p>\n\n\n\n<ul class=\"wp-block-list\">\n<li><a href=\"https:\/\/www.webdo.tn\/fr\/actualite\/national\/flottille-apres-family-hier-aujourdhui-alma\/383185\/\">Flottille : apr\u00e8s \u00ab Family \u00bb hier\u2026 aujourd\u2019hui \u00ab Alma \u00bb<\/a><\/li>\n\n\n\n<li><a href=\"https:\/\/www.webdo.tn\/fr\/actualite\/national\/incendie-a-sidi-bou-said-les-autorites-menent-lenquete-le-depart-de-la-flottille-maintenu\/383127\/\">Incendie \u00e0 Sidi Bou Sa\u00efd : Les autorit\u00e9s m\u00e8nent l\u2019enqu\u00eate, le d\u00e9part de la flottille maintenu<\/a><\/li>\n\n\n\n<li><a href=\"https:\/\/www.webdo.tn\/fr\/actualite\/national\/tunisie-la-rapporteure-de-lonu-appelle-a-proteger-les-navires-de-la-flottille-de-la-resistance\/383122\/\">Tunisie : La rapporteure de l\u2019ONU appelle \u00e0 prot\u00e9ger les navires de la \u00ab\u202fFlottille de la R\u00e9sistance\u202f\u00bb<\/a><\/li>\n\n\n\n<li><a href=\"https:\/\/www.webdo.tn\/fr\/actualite\/national\/flottille-de-gaza-tunis-parle-daccident-les-videos-evoquent-une-attaque\/383098\/\">Flottille de Gaza : Tunis parle d\u2019accident, les vid\u00e9os \u00e9voquent une attaque !<\/a><\/li>\n\n\n\n<li><a href=\"https:\/\/www.webdo.tn\/fr\/actualite\/national\/sidi-bou-said-flottille-la-garde-nationale-dement-toute-attaque-au-drone\/383094\/\">Sidi Bou Sa\u00efd \u2013 Flottille : la Garde nationale d\u00e9ment toute attaque au drone<\/a><\/li>\n<\/ul>\n","protected":false},"excerpt":{"rendered":"<p>A quelques heures du d\u00e9part de la flottille de Sidi Bou Sa\u00efd vers Gaza, un membre de son comit\u00e9 organisateur, Nabil Chennoufi, assure que rien ne viendra entamer la d\u00e9termination des volontaires mobilis\u00e9s pour briser le blocus. La Flottille Soumoud a confirm\u00e9 le lancement officiel de ses activit\u00e9s ce mercredi 10 septembre 2025 depuis la [&hellip;]<\/p>\n","protected":false},"author":3191,"featured_media":383234,"comment_status":"closed","ping_status":"closed","sticky":false,"template":"","format":"standard","meta":{"footnotes":""},"categories":[2598,44],"tags":[7503,12378,2689,12515,2600,4832,11913,2608],"class_list":["post-383233","post","type-post","status-publish","format-standard","has-post-thumbnail","hentry","category-international","category-national","tag-drones","tag-flottille","tag-gaza","tag-global-sumud-flotilla","tag-guerre","tag-sidi-bou-said","tag-soumoud","tag-tunisie"],"yoast_head":"<!-- This site is optimized with the Yoast SEO Premium plugin v27.5 (Yoast SEO v27.5) - https:\/\/yoast.com\/product\/yoast-seo-premium-wordpress\/ -->\n<title>Sidi Bou Sa\u00efd : La Flottille Soumoud d\u00e9termin\u00e9e \u00e0 briser le blocus de Gaza - webdo<\/title>\n<meta name=\"description\" content=\"D\u00e9couvrez comment la Flottille Soumoud de Sidi Bou Sa\u00efd est d\u00e9termin\u00e9e \u00e0 briser le blocus de Gaza avec des volontaires engag\u00e9s.\" \/>\n<link rel=\"canonical\" href=\"https:\/\/www.webdo.tn\/fr\/actualite\/national\/sidi-bou-said-la-flottille-soumoud-determinee-a-briser-le-blocus-de-gaza\/383233\/\" \/>\n<meta property=\"og:locale\" content=\"fr_FR\" \/>\n<meta property=\"og:type\" content=\"article\" \/>\n<meta property=\"og:title\" content=\"Sidi Bou Sa\u00efd : La Flottille Soumoud d\u00e9termin\u00e9e \u00e0 briser le blocus de Gaza\" \/>\n<meta property=\"og:description\" content=\"D\u00e9couvrez comment la Flottille Soumoud de Sidi Bou Sa\u00efd est d\u00e9termin\u00e9e \u00e0 briser le blocus de Gaza avec des volontaires engag\u00e9s.\" \/>\n<meta property=\"og:url\" content=\"https:\/\/www.webdo.tn\/fr\/actualite\/national\/sidi-bou-said-la-flottille-soumoud-determinee-a-briser-le-blocus-de-gaza\/383233\/\" \/>\n<meta property=\"og:site_name\" content=\"webdo\" \/>\n<meta property=\"article:publisher\" content=\"https:\/\/www.facebook.com\/webdotn\" \/>\n<meta property=\"article:published_time\" content=\"2025-09-10T13:26:50+00:00\" \/>\n<meta property=\"article:modified_time\" content=\"2025-09-11T07:34:24+00:00\" \/>\n<meta property=\"og:image\" content=\"https:\/\/www.webdo.tn\/fr\/wp-content\/uploads\/2025\/09\/soumoud-international-compressed-e1757510726797.jpg\" \/>\n\t<meta property=\"og:image:width\" content=\"535\" \/>\n\t<meta property=\"og:image:height\" content=\"300\" \/>\n\t<meta property=\"og:image:type\" content=\"image\/jpeg\" \/>\n<meta name=\"author\" content=\"Mohamed Hedi Touati\" \/>\n<meta name=\"twitter:card\" content=\"summary_large_image\" \/>\n<meta name=\"twitter:creator\" content=\"@webdo_tn\" \/>\n<meta name=\"twitter:site\" content=\"@webdo_tn\" \/>\n<meta name=\"twitter:label1\" content=\"\u00c9crit par\" \/>\n\t<meta name=\"twitter:data1\" content=\"Mohamed Hedi Touati\" \/>\n\t<meta name=\"twitter:label2\" content=\"Dur\u00e9e de lecture estim\u00e9e\" \/>\n\t<meta name=\"twitter:data2\" content=\"3 minutes\" \/>\n<script type=\"application\/ld+json\" class=\"yoast-schema-graph\">{\"@context\":\"https:\\\/\\\/schema.org\",\"@graph\":[{\"@type\":\"NewsArticle\",\"@id\":\"https:\\\/\\\/www.webdo.tn\\\/fr\\\/actualite\\\/national\\\/sidi-bou-said-la-flottille-soumoud-determinee-a-briser-le-blocus-de-gaza\\\/383233\\\/#article\",\"isPartOf\":{\"@id\":\"https:\\\/\\\/www.webdo.tn\\\/fr\\\/actualite\\\/national\\\/sidi-bou-said-la-flottille-soumoud-determinee-a-briser-le-blocus-de-gaza\\\/383233\\\/\"},\"author\":{\"name\":\"Mohamed Hedi Touati\",\"@id\":\"https:\\\/\\\/www.webdo.tn\\\/fr\\\/#\\\/schema\\\/person\\\/c652cd8fc2b1b44412b5ffb48c5a911d\"},\"headline\":\"Sidi Bou Sa\u00efd : La Flottille Soumoud d\u00e9termin\u00e9e \u00e0 briser le blocus de Gaza\",\"datePublished\":\"2025-09-10T13:26:50+00:00\",\"dateModified\":\"2025-09-11T07:34:24+00:00\",\"mainEntityOfPage\":{\"@id\":\"https:\\\/\\\/www.webdo.tn\\\/fr\\\/actualite\\\/national\\\/sidi-bou-said-la-flottille-soumoud-determinee-a-briser-le-blocus-de-gaza\\\/383233\\\/\"},\"wordCount\":563,\"publisher\":{\"@id\":\"https:\\\/\\\/www.webdo.tn\\\/fr\\\/#organization\"},\"image\":{\"@id\":\"https:\\\/\\\/www.webdo.tn\\\/fr\\\/actualite\\\/national\\\/sidi-bou-said-la-flottille-soumoud-determinee-a-briser-le-blocus-de-gaza\\\/383233\\\/#primaryimage\"},\"thumbnailUrl\":\"https:\\\/\\\/www.webdo.tn\\\/fr\\\/wp-content\\\/uploads\\\/2025\\\/09\\\/soumoud-international-compressed-e1757510726797.jpg\",\"keywords\":[\"Drones\",\"Flottille\",\"Gaza\",\"Global Sumud Flotilla\",\"guerre\",\"sidi bou said\",\"soumoud\",\"Tunisie\"],\"articleSection\":[\"International\",\"National\"],\"inLanguage\":\"fr-FR\"},{\"@type\":\"WebPage\",\"@id\":\"https:\\\/\\\/www.webdo.tn\\\/fr\\\/actualite\\\/national\\\/sidi-bou-said-la-flottille-soumoud-determinee-a-briser-le-blocus-de-gaza\\\/383233\\\/\",\"url\":\"https:\\\/\\\/www.webdo.tn\\\/fr\\\/actualite\\\/national\\\/sidi-bou-said-la-flottille-soumoud-determinee-a-briser-le-blocus-de-gaza\\\/383233\\\/\",\"name\":\"Sidi Bou Sa\u00efd : La Flottille Soumoud d\u00e9termin\u00e9e \u00e0 briser le blocus de Gaza - webdo\",\"isPartOf\":{\"@id\":\"https:\\\/\\\/www.webdo.tn\\\/fr\\\/#website\"},\"primaryImageOfPage\":{\"@id\":\"https:\\\/\\\/www.webdo.tn\\\/fr\\\/actualite\\\/national\\\/sidi-bou-said-la-flottille-soumoud-determinee-a-briser-le-blocus-de-gaza\\\/383233\\\/#primaryimage\"},\"image\":{\"@id\":\"https:\\\/\\\/www.webdo.tn\\\/fr\\\/actualite\\\/national\\\/sidi-bou-said-la-flottille-soumoud-determinee-a-briser-le-blocus-de-gaza\\\/383233\\\/#primaryimage\"},\"thumbnailUrl\":\"https:\\\/\\\/www.webdo.tn\\\/fr\\\/wp-content\\\/uploads\\\/2025\\\/09\\\/soumoud-international-compressed-e1757510726797.jpg\",\"datePublished\":\"2025-09-10T13:26:50+00:00\",\"dateModified\":\"2025-09-11T07:34:24+00:00\",\"description\":\"D\u00e9couvrez comment la Flottille Soumoud de Sidi Bou Sa\u00efd est d\u00e9termin\u00e9e \u00e0 briser le blocus de Gaza avec des volontaires engag\u00e9s.\",\"breadcrumb\":{\"@id\":\"https:\\\/\\\/www.webdo.tn\\\/fr\\\/actualite\\\/national\\\/sidi-bou-said-la-flottille-soumoud-determinee-a-briser-le-blocus-de-gaza\\\/383233\\\/#breadcrumb\"},\"inLanguage\":\"fr-FR\",\"potentialAction\":[{\"@type\":\"ReadAction\",\"target\":[\"https:\\\/\\\/www.webdo.tn\\\/fr\\\/actualite\\\/national\\\/sidi-bou-said-la-flottille-soumoud-determinee-a-briser-le-blocus-de-gaza\\\/383233\\\/\"]}]},{\"@type\":\"ImageObject\",\"inLanguage\":\"fr-FR\",\"@id\":\"https:\\\/\\\/www.webdo.tn\\\/fr\\\/actualite\\\/national\\\/sidi-bou-said-la-flottille-soumoud-determinee-a-briser-le-blocus-de-gaza\\\/383233\\\/#primaryimage\",\"url\":\"https:\\\/\\\/www.webdo.tn\\\/fr\\\/wp-content\\\/uploads\\\/2025\\\/09\\\/soumoud-international-compressed-e1757510726797.jpg\",\"contentUrl\":\"https:\\\/\\\/www.webdo.tn\\\/fr\\\/wp-content\\\/uploads\\\/2025\\\/09\\\/soumoud-international-compressed-e1757510726797.jpg\",\"width\":535,\"height\":300,\"caption\":\"Sidi Bou Sa\u00efd : La Flottille Soumoud d\u00e9termin\u00e9e \u00e0 briser le blocus de Gaza\"},{\"@type\":\"BreadcrumbList\",\"@id\":\"https:\\\/\\\/www.webdo.tn\\\/fr\\\/actualite\\\/national\\\/sidi-bou-said-la-flottille-soumoud-determinee-a-briser-le-blocus-de-gaza\\\/383233\\\/#breadcrumb\",\"itemListElement\":[{\"@type\":\"ListItem\",\"position\":1,\"name\":\"Accueil\",\"item\":\"https:\\\/\\\/www.webdo.tn\\\/fr\\\/\"},{\"@type\":\"ListItem\",\"position\":2,\"name\":\"Sidi Bou Sa\u00efd : La Flottille Soumoud d\u00e9termin\u00e9e \u00e0 briser le blocus de Gaza\"}]},{\"@type\":\"WebSite\",\"@id\":\"https:\\\/\\\/www.webdo.tn\\\/fr\\\/#website\",\"url\":\"https:\\\/\\\/www.webdo.tn\\\/fr\\\/\",\"name\":\"webdo\",\"description\":\"Tunisie - News en Tunisie et \u00e0 l&#039;international sur Webdo.tn\",\"publisher\":{\"@id\":\"https:\\\/\\\/www.webdo.tn\\\/fr\\\/#organization\"},\"potentialAction\":[{\"@type\":\"SearchAction\",\"target\":{\"@type\":\"EntryPoint\",\"urlTemplate\":\"https:\\\/\\\/www.webdo.tn\\\/fr\\\/?s={search_term_string}\"},\"query-input\":{\"@type\":\"PropertyValueSpecification\",\"valueRequired\":true,\"valueName\":\"search_term_string\"}}],\"inLanguage\":\"fr-FR\"},{\"@type\":\"Organization\",\"@id\":\"https:\\\/\\\/www.webdo.tn\\\/fr\\\/#organization\",\"name\":\"Webdo\",\"alternateName\":\"Webdo.tn\",\"url\":\"https:\\\/\\\/www.webdo.tn\\\/fr\\\/\",\"logo\":{\"@type\":\"ImageObject\",\"inLanguage\":\"fr-FR\",\"@id\":\"https:\\\/\\\/www.webdo.tn\\\/fr\\\/#\\\/schema\\\/logo\\\/image\\\/\",\"url\":\"https:\\\/\\\/www.webdo.tn\\\/fr\\\/wp-content\\\/uploads\\\/2025\\\/06\\\/Webdo-Tunisie_168377.jpg\",\"contentUrl\":\"https:\\\/\\\/www.webdo.tn\\\/fr\\\/wp-content\\\/uploads\\\/2025\\\/06\\\/Webdo-Tunisie_168377.jpg\",\"width\":301,\"height\":301,\"caption\":\"Webdo\"},\"image\":{\"@id\":\"https:\\\/\\\/www.webdo.tn\\\/fr\\\/#\\\/schema\\\/logo\\\/image\\\/\"},\"sameAs\":[\"https:\\\/\\\/www.facebook.com\\\/webdotn\",\"https:\\\/\\\/x.com\\\/webdo_tn\"],\"description\":\"Webdo est un m\u00e9dia num\u00e9rique tunisien fond\u00e9 en 2010, sp\u00e9cialis\u00e9 dans l\u2019actualit\u00e9 nationale et internationale, l\u2019\u00e9conomie, la soci\u00e9t\u00e9 et les analyses politiques. Le site s\u2019adresse \u00e0 un large public francophone et couvre l\u2019information tunisienne en temps r\u00e9el.\",\"email\":\"redac@webdo.tn\",\"legalName\":\"YNJ SARL\",\"foundingDate\":\"2010-09-06\",\"numberOfEmployees\":{\"@type\":\"QuantitativeValue\",\"minValue\":\"11\",\"maxValue\":\"50\"}},{\"@type\":\"Person\",\"@id\":\"https:\\\/\\\/www.webdo.tn\\\/fr\\\/#\\\/schema\\\/person\\\/c652cd8fc2b1b44412b5ffb48c5a911d\",\"name\":\"Mohamed Hedi Touati\",\"image\":{\"@type\":\"ImageObject\",\"inLanguage\":\"fr-FR\",\"@id\":\"https:\\\/\\\/secure.gravatar.com\\\/avatar\\\/9cfd402c745b7a685f13eed0ea6e59d2144a3c2fc50a3db6fd5ed451f6cddf1a?s=96&d=mm&r=g\",\"url\":\"https:\\\/\\\/secure.gravatar.com\\\/avatar\\\/9cfd402c745b7a685f13eed0ea6e59d2144a3c2fc50a3db6fd5ed451f6cddf1a?s=96&d=mm&r=g\",\"contentUrl\":\"https:\\\/\\\/secure.gravatar.com\\\/avatar\\\/9cfd402c745b7a685f13eed0ea6e59d2144a3c2fc50a3db6fd5ed451f6cddf1a?s=96&d=mm&r=g\",\"caption\":\"Mohamed Hedi Touati\"},\"url\":\"https:\\\/\\\/www.webdo.tn\\\/fr\\\/actualite\\\/author\\\/mohamed-hedi-touati\\\/\"}]}<\/script>\n<!-- \/ Yoast SEO Premium plugin. -->","yoast_head_json":{"title":"Sidi Bou Sa\u00efd : La Flottille Soumoud d\u00e9termin\u00e9e \u00e0 briser le blocus de Gaza - webdo","description":"D\u00e9couvrez comment la Flottille Soumoud de Sidi Bou Sa\u00efd est d\u00e9termin\u00e9e \u00e0 briser le blocus de Gaza avec des volontaires engag\u00e9s.","canonical":"https:\/\/www.webdo.tn\/fr\/actualite\/national\/sidi-bou-said-la-flottille-soumoud-determinee-a-briser-le-blocus-de-gaza\/383233\/","og_locale":"fr_FR","og_type":"article","og_title":"Sidi Bou Sa\u00efd : La Flottille Soumoud d\u00e9termin\u00e9e \u00e0 briser le blocus de Gaza","og_description":"D\u00e9couvrez comment la Flottille Soumoud de Sidi Bou Sa\u00efd est d\u00e9termin\u00e9e \u00e0 briser le blocus de Gaza avec des volontaires engag\u00e9s.","og_url":"https:\/\/www.webdo.tn\/fr\/actualite\/national\/sidi-bou-said-la-flottille-soumoud-determinee-a-briser-le-blocus-de-gaza\/383233\/","og_site_name":"webdo","article_publisher":"https:\/\/www.facebook.com\/webdotn","article_published_time":"2025-09-10T13:26:50+00:00","article_modified_time":"2025-09-11T07:34:24+00:00","og_image":[{"width":535,"height":300,"url":"https:\/\/www.webdo.tn\/fr\/wp-content\/uploads\/2025\/09\/soumoud-international-compressed-e1757510726797.jpg","type":"image\/jpeg"}],"author":"Mohamed Hedi Touati","twitter_card":"summary_large_image","twitter_creator":"@webdo_tn","twitter_site":"@webdo_tn","twitter_misc":{"\u00c9crit par":"Mohamed Hedi Touati","Dur\u00e9e de lecture estim\u00e9e":"3 minutes"},"schema":{"@context":"https:\/\/schema.org","@graph":[{"@type":"NewsArticle","@id":"https:\/\/www.webdo.tn\/fr\/actualite\/national\/sidi-bou-said-la-flottille-soumoud-determinee-a-briser-le-blocus-de-gaza\/383233\/#article","isPartOf":{"@id":"https:\/\/www.webdo.tn\/fr\/actualite\/national\/sidi-bou-said-la-flottille-soumoud-determinee-a-briser-le-blocus-de-gaza\/383233\/"},"author":{"name":"Mohamed Hedi Touati","@id":"https:\/\/www.webdo.tn\/fr\/#\/schema\/person\/c652cd8fc2b1b44412b5ffb48c5a911d"},"headline":"Sidi Bou Sa\u00efd : La Flottille Soumoud d\u00e9termin\u00e9e \u00e0 briser le blocus de Gaza","datePublished":"2025-09-10T13:26:50+00:00","dateModified":"2025-09-11T07:34:24+00:00","mainEntityOfPage":{"@id":"https:\/\/www.webdo.tn\/fr\/actualite\/national\/sidi-bou-said-la-flottille-soumoud-determinee-a-briser-le-blocus-de-gaza\/383233\/"},"wordCount":563,"publisher":{"@id":"https:\/\/www.webdo.tn\/fr\/#organization"},"image":{"@id":"https:\/\/www.webdo.tn\/fr\/actualite\/national\/sidi-bou-said-la-flottille-soumoud-determinee-a-briser-le-blocus-de-gaza\/383233\/#primaryimage"},"thumbnailUrl":"https:\/\/www.webdo.tn\/fr\/wp-content\/uploads\/2025\/09\/soumoud-international-compressed-e1757510726797.jpg","keywords":["Drones","Flottille","Gaza","Global Sumud Flotilla","guerre","sidi bou said","soumoud","Tunisie"],"articleSection":["International","National"],"inLanguage":"fr-FR"},{"@type":"WebPage","@id":"https:\/\/www.webdo.tn\/fr\/actualite\/national\/sidi-bou-said-la-flottille-soumoud-determinee-a-briser-le-blocus-de-gaza\/383233\/","url":"https:\/\/www.webdo.tn\/fr\/actualite\/national\/sidi-bou-said-la-flottille-soumoud-determinee-a-briser-le-blocus-de-gaza\/383233\/","name":"Sidi Bou Sa\u00efd : La Flottille Soumoud d\u00e9termin\u00e9e \u00e0 briser le blocus de Gaza - webdo","isPartOf":{"@id":"https:\/\/www.webdo.tn\/fr\/#website"},"primaryImageOfPage":{"@id":"https:\/\/www.webdo.tn\/fr\/actualite\/national\/sidi-bou-said-la-flottille-soumoud-determinee-a-briser-le-blocus-de-gaza\/383233\/#primaryimage"},"image":{"@id":"https:\/\/www.webdo.tn\/fr\/actualite\/national\/sidi-bou-said-la-flottille-soumoud-determinee-a-briser-le-blocus-de-gaza\/383233\/#primaryimage"},"thumbnailUrl":"https:\/\/www.webdo.tn\/fr\/wp-content\/uploads\/2025\/09\/soumoud-international-compressed-e1757510726797.jpg","datePublished":"2025-09-10T13:26:50+00:00","dateModified":"2025-09-11T07:34:24+00:00","description":"D\u00e9couvrez comment la Flottille Soumoud de Sidi Bou Sa\u00efd est d\u00e9termin\u00e9e \u00e0 briser le blocus de Gaza avec des volontaires engag\u00e9s.","breadcrumb":{"@id":"https:\/\/www.webdo.tn\/fr\/actualite\/national\/sidi-bou-said-la-flottille-soumoud-determinee-a-briser-le-blocus-de-gaza\/383233\/#breadcrumb"},"inLanguage":"fr-FR","potentialAction":[{"@type":"ReadAction","target":["https:\/\/www.webdo.tn\/fr\/actualite\/national\/sidi-bou-said-la-flottille-soumoud-determinee-a-briser-le-blocus-de-gaza\/383233\/"]}]},{"@type":"ImageObject","inLanguage":"fr-FR","@id":"https:\/\/www.webdo.tn\/fr\/actualite\/national\/sidi-bou-said-la-flottille-soumoud-determinee-a-briser-le-blocus-de-gaza\/383233\/#primaryimage","url":"https:\/\/www.webdo.tn\/fr\/wp-content\/uploads\/2025\/09\/soumoud-international-compressed-e1757510726797.jpg","contentUrl":"https:\/\/www.webdo.tn\/fr\/wp-content\/uploads\/2025\/09\/soumoud-international-compressed-e1757510726797.jpg","width":535,"height":300,"caption":"Sidi Bou Sa\u00efd : La Flottille Soumoud d\u00e9termin\u00e9e \u00e0 briser le blocus de Gaza"},{"@type":"BreadcrumbList","@id":"https:\/\/www.webdo.tn\/fr\/actualite\/national\/sidi-bou-said-la-flottille-soumoud-determinee-a-briser-le-blocus-de-gaza\/383233\/#breadcrumb","itemListElement":[{"@type":"ListItem","position":1,"name":"Accueil","item":"https:\/\/www.webdo.tn\/fr\/"},{"@type":"ListItem","position":2,"name":"Sidi Bou Sa\u00efd : La Flottille Soumoud d\u00e9termin\u00e9e \u00e0 briser le blocus de Gaza"}]},{"@type":"WebSite","@id":"https:\/\/www.webdo.tn\/fr\/#website","url":"https:\/\/www.webdo.tn\/fr\/","name":"webdo","description":"Tunisie - News en Tunisie et \u00e0 l&#039;international sur Webdo.tn","publisher":{"@id":"https:\/\/www.webdo.tn\/fr\/#organization"},"potentialAction":[{"@type":"SearchAction","target":{"@type":"EntryPoint","urlTemplate":"https:\/\/www.webdo.tn\/fr\/?s={search_term_string}"},"query-input":{"@type":"PropertyValueSpecification","valueRequired":true,"valueName":"search_term_string"}}],"inLanguage":"fr-FR"},{"@type":"Organization","@id":"https:\/\/www.webdo.tn\/fr\/#organization","name":"Webdo","alternateName":"Webdo.tn","url":"https:\/\/www.webdo.tn\/fr\/","logo":{"@type":"ImageObject","inLanguage":"fr-FR","@id":"https:\/\/www.webdo.tn\/fr\/#\/schema\/logo\/image\/","url":"https:\/\/www.webdo.tn\/fr\/wp-content\/uploads\/2025\/06\/Webdo-Tunisie_168377.jpg","contentUrl":"https:\/\/www.webdo.tn\/fr\/wp-content\/uploads\/2025\/06\/Webdo-Tunisie_168377.jpg","width":301,"height":301,"caption":"Webdo"},"image":{"@id":"https:\/\/www.webdo.tn\/fr\/#\/schema\/logo\/image\/"},"sameAs":["https:\/\/www.facebook.com\/webdotn","https:\/\/x.com\/webdo_tn"],"description":"Webdo est un m\u00e9dia num\u00e9rique tunisien fond\u00e9 en 2010, sp\u00e9cialis\u00e9 dans l\u2019actualit\u00e9 nationale et internationale, l\u2019\u00e9conomie, la soci\u00e9t\u00e9 et les analyses politiques. Le site s\u2019adresse \u00e0 un large public francophone et couvre l\u2019information tunisienne en temps r\u00e9el.","email":"redac@webdo.tn","legalName":"YNJ SARL","foundingDate":"2010-09-06","numberOfEmployees":{"@type":"QuantitativeValue","minValue":"11","maxValue":"50"}},{"@type":"Person","@id":"https:\/\/www.webdo.tn\/fr\/#\/schema\/person\/c652cd8fc2b1b44412b5ffb48c5a911d","name":"Mohamed Hedi Touati","image":{"@type":"ImageObject","inLanguage":"fr-FR","@id":"https:\/\/secure.gravatar.com\/avatar\/9cfd402c745b7a685f13eed0ea6e59d2144a3c2fc50a3db6fd5ed451f6cddf1a?s=96&d=mm&r=g","url":"https:\/\/secure.gravatar.com\/avatar\/9cfd402c745b7a685f13eed0ea6e59d2144a3c2fc50a3db6fd5ed451f6cddf1a?s=96&d=mm&r=g","contentUrl":"https:\/\/secure.gravatar.com\/avatar\/9cfd402c745b7a685f13eed0ea6e59d2144a3c2fc50a3db6fd5ed451f6cddf1a?s=96&d=mm&r=g","caption":"Mohamed Hedi Touati"},"url":"https:\/\/www.webdo.tn\/fr\/actualite\/author\/mohamed-hedi-touati\/"}]}},"_links":{"self":[{"href":"https:\/\/www.webdo.tn\/fr\/wp-json\/wp\/v2\/posts\/383233","targetHints":{"allow":["GET"]}}],"collection":[{"href":"https:\/\/www.webdo.tn\/fr\/wp-json\/wp\/v2\/posts"}],"about":[{"href":"https:\/\/www.webdo.tn\/fr\/wp-json\/wp\/v2\/types\/post"}],"author":[{"embeddable":true,"href":"https:\/\/www.webdo.tn\/fr\/wp-json\/wp\/v2\/users\/3191"}],"replies":[{"embeddable":true,"href":"https:\/\/www.webdo.tn\/fr\/wp-json\/wp\/v2\/comments?post=383233"}],"version-history":[{"count":0,"href":"https:\/\/www.webdo.tn\/fr\/wp-json\/wp\/v2\/posts\/383233\/revisions"}],"wp:featuredmedia":[{"embeddable":true,"href":"https:\/\/www.webdo.tn\/fr\/wp-json\/wp\/v2\/media\/383234"}],"wp:attachment":[{"href":"https:\/\/www.webdo.tn\/fr\/wp-json\/wp\/v2\/media?parent=383233"}],"wp:term":[{"taxonomy":"category","embeddable":true,"href":"https:\/\/www.webdo.tn\/fr\/wp-json\/wp\/v2\/categories?post=383233"},{"taxonomy":"post_tag","embeddable":true,"href":"https:\/\/www.webdo.tn\/fr\/wp-json\/wp\/v2\/tags?post=383233"}],"curies":[{"name":"wp","href":"https:\/\/api.w.org\/{rel}","templated":true}]}}