{"id":383210,"date":"2025-09-10T10:32:25","date_gmt":"2025-09-10T09:32:25","guid":{"rendered":"https:\/\/www.webdo.tn\/fr\/?p=383210"},"modified":"2025-09-10T10:32:26","modified_gmt":"2025-09-10T09:32:26","slug":"la-goulette-la-kharja-de-sidi-cherif-aura-lieu-ce-mercredi-10-septembre","status":"publish","type":"post","link":"https:\/\/www.webdo.tn\/fr\/actualite\/culture\/la-goulette-la-kharja-de-sidi-cherif-aura-lieu-ce-mercredi-10-septembre\/383210\/","title":{"rendered":"La Goulette : La kharja de Sidi Ch\u00e9rif aura lieu ce mercredi 10 septembre"},"content":{"rendered":"\n<p>Sidi Ahmed Ch\u00e9rif est un saint personnage venu d&rsquo;Orient au seizi\u00e8me si\u00e8cle et enterr\u00e9 \u00e0 la Goulette dans un mausol\u00e9e qui se trouve \u00e0 l&rsquo;entr\u00e9e de la ville. Chaque ann\u00e9e, des c\u00e9l\u00e9brations sont accueillies par ce sanctuaire au d\u00e9but du mois de septembre.<\/p>\n\n\n\n<p>Cette ann\u00e9e, la traditionnelle ziara de Sidi Ch\u00e9rif aura lieu du 10 au 12 septembre au mausol\u00e9e goulettois. La tr\u00e8s attendue kharja des aissaouias d\u00e9butera les rituels aujourd&rsquo;hui, mercredi 10 septembre \u00e0 18h devant la municipalit\u00e9 de la Goulette.<\/p>\n\n\n\n<p>Selon la coutume, c\u2019est \u00e0 la Goulette, \u00e0 la zaouia de Sidi Ahmed Ch\u00e9rif, que s\u2019ach\u00e8ve le cycle des kharja (processions) de l\u2019\u00e9t\u00e9. Apr\u00e8s l\u2019Ariana, Tunis et Sidi Bou Said, c\u2019est au tour du mausol\u00e9e goulettois d\u2019organiser sa ziara (visite), la derni\u00e8re de l\u2019\u00e9t\u00e9.<\/p>\n\n\n\n<p>La kharja des aissaouias de la Marsa, une soir\u00e9e spirituelle de Jamaat Sidi Belhassen Chedli et la Tijania ( r\u00e9serv\u00e9e aux femmes ) sont les principaux \u00e9l\u00e9ments de cette c\u00e9l\u00e9bration annuelle. Ils se d\u00e9rouleront respectivement les 11 et 12 septembre.<\/p>\n\n\n\n<p><\/p>\n\n\n\n<p><strong>Lire aussi :<\/strong><\/p>\n\n\n\n<ul class=\"wp-block-list\">\n<li><a href=\"https:\/\/www.webdo.tn\/fr\/actualite\/national\/kharja-du-mouled-entre-sidi-mahrez-et-sidi-ben-arous\/382456\/\">Kharja du Mouled : Entre Sidi Mahrez et Sidi Ben Arous<\/a><\/li>\n\n\n\n<li><a href=\"https:\/\/www.webdo.tn\/fr\/actualite\/national\/rituels-la-derniere-kharja-de-lete-aura-lieu-le-10-septembre\/382012\/\">Rituels : La derni\u00e8re kharja de l\u2019\u00e9t\u00e9 aura lieu le 10 septembre<\/a><\/li>\n\n\n\n<li><a href=\"https:\/\/www.webdo.tn\/fr\/actualite\/culture\/traditions-populaires-la-kharja-de-sidi-bou-said-aura-lieu-dimanche-17-aout\/381553\/\">Traditions populaires : La Kharja de Sidi Bou Said aura lieu dimanche 17 ao\u00fbt<\/a><\/li>\n<\/ul>\n","protected":false},"excerpt":{"rendered":"<p>Sidi Ahmed Ch\u00e9rif est un saint personnage venu d&rsquo;Orient au seizi\u00e8me si\u00e8cle et enterr\u00e9 \u00e0 la Goulette dans un mausol\u00e9e qui se trouve \u00e0 l&rsquo;entr\u00e9e de la ville. Chaque ann\u00e9e, des c\u00e9l\u00e9brations sont accueillies par ce sanctuaire au d\u00e9but du mois de septembre. Cette ann\u00e9e, la traditionnelle ziara de Sidi Ch\u00e9rif aura lieu du 10 [&hellip;]<\/p>\n","protected":false},"author":3229,"featured_media":383211,"comment_status":"closed","ping_status":"closed","sticky":false,"template":"","format":"standard","meta":{"footnotes":""},"categories":[2594],"tags":[5832,3958,2608],"class_list":["post-383210","post","type-post","status-publish","format-standard","has-post-thumbnail","hentry","category-culture","tag-kharja","tag-la-goulette","tag-tunisie"],"yoast_head":"<!-- This site is optimized with the Yoast SEO Premium plugin v27.4 (Yoast SEO v27.5) - https:\/\/yoast.com\/product\/yoast-seo-premium-wordpress\/ -->\n<title>La Goulette : La kharja de Sidi Ch\u00e9rif aura lieu ce mercredi 10 septembre - webdo<\/title>\n<meta name=\"description\" content=\"D\u00e9couvrez la kharja de Sidi Ch\u00e9rif \u00e0 La Goulette, pr\u00e9vue ce mercredi 10 septembre, un moment de recueillement et de c\u00e9l\u00e9bration.\" \/>\n<link rel=\"canonical\" href=\"https:\/\/www.webdo.tn\/fr\/actualite\/culture\/la-goulette-la-kharja-de-sidi-cherif-aura-lieu-ce-mercredi-10-septembre\/383210\/\" \/>\n<meta property=\"og:locale\" content=\"fr_FR\" \/>\n<meta property=\"og:type\" content=\"article\" \/>\n<meta property=\"og:title\" content=\"La Goulette : La kharja de Sidi Ch\u00e9rif aura lieu ce mercredi 10 septembre\" \/>\n<meta property=\"og:description\" content=\"D\u00e9couvrez la kharja de Sidi Ch\u00e9rif \u00e0 La Goulette, pr\u00e9vue ce mercredi 10 septembre, un moment de recueillement et de c\u00e9l\u00e9bration.\" \/>\n<meta property=\"og:url\" content=\"https:\/\/www.webdo.tn\/fr\/actualite\/culture\/la-goulette-la-kharja-de-sidi-cherif-aura-lieu-ce-mercredi-10-septembre\/383210\/\" \/>\n<meta property=\"og:site_name\" content=\"webdo\" \/>\n<meta property=\"article:publisher\" content=\"https:\/\/www.facebook.com\/webdotn\" \/>\n<meta property=\"article:author\" content=\"https:\/\/www.facebook.com\/hatem.bourial.2025\" \/>\n<meta property=\"article:published_time\" content=\"2025-09-10T09:32:25+00:00\" \/>\n<meta property=\"article:modified_time\" content=\"2025-09-10T09:32:26+00:00\" \/>\n<meta property=\"og:image\" content=\"https:\/\/www.webdo.tn\/fr\/wp-content\/uploads\/2025\/09\/Sans-titre-e1757496697859.jpg\" \/>\n\t<meta property=\"og:image:width\" content=\"487\" \/>\n\t<meta property=\"og:image:height\" content=\"300\" \/>\n\t<meta property=\"og:image:type\" content=\"image\/jpeg\" \/>\n<meta name=\"author\" content=\"Hatem Bourial\" \/>\n<meta name=\"twitter:card\" content=\"summary_large_image\" \/>\n<meta name=\"twitter:creator\" content=\"@webdo_tn\" \/>\n<meta name=\"twitter:site\" content=\"@webdo_tn\" \/>\n<meta name=\"twitter:label1\" content=\"\u00c9crit par\" \/>\n\t<meta name=\"twitter:data1\" content=\"Hatem Bourial\" \/>\n\t<meta name=\"twitter:label2\" content=\"Dur\u00e9e de lecture estim\u00e9e\" \/>\n\t<meta name=\"twitter:data2\" content=\"2 minutes\" \/>\n<script type=\"application\/ld+json\" class=\"yoast-schema-graph\">{\"@context\":\"https:\\\/\\\/schema.org\",\"@graph\":[{\"@type\":\"NewsArticle\",\"@id\":\"https:\\\/\\\/www.webdo.tn\\\/fr\\\/actualite\\\/culture\\\/la-goulette-la-kharja-de-sidi-cherif-aura-lieu-ce-mercredi-10-septembre\\\/383210\\\/#article\",\"isPartOf\":{\"@id\":\"https:\\\/\\\/www.webdo.tn\\\/fr\\\/actualite\\\/culture\\\/la-goulette-la-kharja-de-sidi-cherif-aura-lieu-ce-mercredi-10-septembre\\\/383210\\\/\"},\"author\":{\"name\":\"Hatem Bourial\",\"@id\":\"https:\\\/\\\/www.webdo.tn\\\/fr\\\/#\\\/schema\\\/person\\\/6bc0beba2cd23aec27cb5df85ca2554f\"},\"headline\":\"La Goulette : La kharja de Sidi Ch\u00e9rif aura lieu ce mercredi 10 septembre\",\"datePublished\":\"2025-09-10T09:32:25+00:00\",\"dateModified\":\"2025-09-10T09:32:26+00:00\",\"mainEntityOfPage\":{\"@id\":\"https:\\\/\\\/www.webdo.tn\\\/fr\\\/actualite\\\/culture\\\/la-goulette-la-kharja-de-sidi-cherif-aura-lieu-ce-mercredi-10-septembre\\\/383210\\\/\"},\"wordCount\":240,\"publisher\":{\"@id\":\"https:\\\/\\\/www.webdo.tn\\\/fr\\\/#organization\"},\"image\":{\"@id\":\"https:\\\/\\\/www.webdo.tn\\\/fr\\\/actualite\\\/culture\\\/la-goulette-la-kharja-de-sidi-cherif-aura-lieu-ce-mercredi-10-septembre\\\/383210\\\/#primaryimage\"},\"thumbnailUrl\":\"https:\\\/\\\/www.webdo.tn\\\/fr\\\/wp-content\\\/uploads\\\/2025\\\/09\\\/Sans-titre-e1757496697859.jpg\",\"keywords\":[\"Kharja\",\"la goulette\",\"Tunisie\"],\"articleSection\":[\"Culture\"],\"inLanguage\":\"fr-FR\"},{\"@type\":\"WebPage\",\"@id\":\"https:\\\/\\\/www.webdo.tn\\\/fr\\\/actualite\\\/culture\\\/la-goulette-la-kharja-de-sidi-cherif-aura-lieu-ce-mercredi-10-septembre\\\/383210\\\/\",\"url\":\"https:\\\/\\\/www.webdo.tn\\\/fr\\\/actualite\\\/culture\\\/la-goulette-la-kharja-de-sidi-cherif-aura-lieu-ce-mercredi-10-septembre\\\/383210\\\/\",\"name\":\"La Goulette : La kharja de Sidi Ch\u00e9rif aura lieu ce mercredi 10 septembre - webdo\",\"isPartOf\":{\"@id\":\"https:\\\/\\\/www.webdo.tn\\\/fr\\\/#website\"},\"primaryImageOfPage\":{\"@id\":\"https:\\\/\\\/www.webdo.tn\\\/fr\\\/actualite\\\/culture\\\/la-goulette-la-kharja-de-sidi-cherif-aura-lieu-ce-mercredi-10-septembre\\\/383210\\\/#primaryimage\"},\"image\":{\"@id\":\"https:\\\/\\\/www.webdo.tn\\\/fr\\\/actualite\\\/culture\\\/la-goulette-la-kharja-de-sidi-cherif-aura-lieu-ce-mercredi-10-septembre\\\/383210\\\/#primaryimage\"},\"thumbnailUrl\":\"https:\\\/\\\/www.webdo.tn\\\/fr\\\/wp-content\\\/uploads\\\/2025\\\/09\\\/Sans-titre-e1757496697859.jpg\",\"datePublished\":\"2025-09-10T09:32:25+00:00\",\"dateModified\":\"2025-09-10T09:32:26+00:00\",\"description\":\"D\u00e9couvrez la kharja de Sidi Ch\u00e9rif \u00e0 La Goulette, pr\u00e9vue ce mercredi 10 septembre, un moment de recueillement et de c\u00e9l\u00e9bration.\",\"breadcrumb\":{\"@id\":\"https:\\\/\\\/www.webdo.tn\\\/fr\\\/actualite\\\/culture\\\/la-goulette-la-kharja-de-sidi-cherif-aura-lieu-ce-mercredi-10-septembre\\\/383210\\\/#breadcrumb\"},\"inLanguage\":\"fr-FR\",\"potentialAction\":[{\"@type\":\"ReadAction\",\"target\":[\"https:\\\/\\\/www.webdo.tn\\\/fr\\\/actualite\\\/culture\\\/la-goulette-la-kharja-de-sidi-cherif-aura-lieu-ce-mercredi-10-septembre\\\/383210\\\/\"]}]},{\"@type\":\"ImageObject\",\"inLanguage\":\"fr-FR\",\"@id\":\"https:\\\/\\\/www.webdo.tn\\\/fr\\\/actualite\\\/culture\\\/la-goulette-la-kharja-de-sidi-cherif-aura-lieu-ce-mercredi-10-septembre\\\/383210\\\/#primaryimage\",\"url\":\"https:\\\/\\\/www.webdo.tn\\\/fr\\\/wp-content\\\/uploads\\\/2025\\\/09\\\/Sans-titre-e1757496697859.jpg\",\"contentUrl\":\"https:\\\/\\\/www.webdo.tn\\\/fr\\\/wp-content\\\/uploads\\\/2025\\\/09\\\/Sans-titre-e1757496697859.jpg\",\"width\":487,\"height\":300,\"caption\":\"Photo : Issam Barhoumi\"},{\"@type\":\"BreadcrumbList\",\"@id\":\"https:\\\/\\\/www.webdo.tn\\\/fr\\\/actualite\\\/culture\\\/la-goulette-la-kharja-de-sidi-cherif-aura-lieu-ce-mercredi-10-septembre\\\/383210\\\/#breadcrumb\",\"itemListElement\":[{\"@type\":\"ListItem\",\"position\":1,\"name\":\"Accueil\",\"item\":\"https:\\\/\\\/www.webdo.tn\\\/fr\\\/\"},{\"@type\":\"ListItem\",\"position\":2,\"name\":\"La Goulette : La kharja de Sidi Ch\u00e9rif aura lieu ce mercredi 10 septembre\"}]},{\"@type\":\"WebSite\",\"@id\":\"https:\\\/\\\/www.webdo.tn\\\/fr\\\/#website\",\"url\":\"https:\\\/\\\/www.webdo.tn\\\/fr\\\/\",\"name\":\"webdo\",\"description\":\"Tunisie - News en Tunisie et \u00e0 l&#039;international sur Webdo.tn\",\"publisher\":{\"@id\":\"https:\\\/\\\/www.webdo.tn\\\/fr\\\/#organization\"},\"potentialAction\":[{\"@type\":\"SearchAction\",\"target\":{\"@type\":\"EntryPoint\",\"urlTemplate\":\"https:\\\/\\\/www.webdo.tn\\\/fr\\\/?s={search_term_string}\"},\"query-input\":{\"@type\":\"PropertyValueSpecification\",\"valueRequired\":true,\"valueName\":\"search_term_string\"}}],\"inLanguage\":\"fr-FR\"},{\"@type\":\"Organization\",\"@id\":\"https:\\\/\\\/www.webdo.tn\\\/fr\\\/#organization\",\"name\":\"Webdo\",\"alternateName\":\"Webdo.tn\",\"url\":\"https:\\\/\\\/www.webdo.tn\\\/fr\\\/\",\"logo\":{\"@type\":\"ImageObject\",\"inLanguage\":\"fr-FR\",\"@id\":\"https:\\\/\\\/www.webdo.tn\\\/fr\\\/#\\\/schema\\\/logo\\\/image\\\/\",\"url\":\"https:\\\/\\\/www.webdo.tn\\\/fr\\\/wp-content\\\/uploads\\\/2025\\\/06\\\/Webdo-Tunisie_168377.jpg\",\"contentUrl\":\"https:\\\/\\\/www.webdo.tn\\\/fr\\\/wp-content\\\/uploads\\\/2025\\\/06\\\/Webdo-Tunisie_168377.jpg\",\"width\":301,\"height\":301,\"caption\":\"Webdo\"},\"image\":{\"@id\":\"https:\\\/\\\/www.webdo.tn\\\/fr\\\/#\\\/schema\\\/logo\\\/image\\\/\"},\"sameAs\":[\"https:\\\/\\\/www.facebook.com\\\/webdotn\",\"https:\\\/\\\/x.com\\\/webdo_tn\"],\"description\":\"Webdo est un m\u00e9dia num\u00e9rique tunisien fond\u00e9 en 2010, sp\u00e9cialis\u00e9 dans l\u2019actualit\u00e9 nationale et internationale, l\u2019\u00e9conomie, la soci\u00e9t\u00e9 et les analyses politiques. Le site s\u2019adresse \u00e0 un large public francophone et couvre l\u2019information tunisienne en temps r\u00e9el.\",\"email\":\"redac@webdo.tn\",\"legalName\":\"YNJ SARL\",\"foundingDate\":\"2010-09-06\",\"numberOfEmployees\":{\"@type\":\"QuantitativeValue\",\"minValue\":\"11\",\"maxValue\":\"50\"}},{\"@type\":\"Person\",\"@id\":\"https:\\\/\\\/www.webdo.tn\\\/fr\\\/#\\\/schema\\\/person\\\/6bc0beba2cd23aec27cb5df85ca2554f\",\"name\":\"Hatem Bourial\",\"image\":{\"@type\":\"ImageObject\",\"inLanguage\":\"fr-FR\",\"@id\":\"https:\\\/\\\/www.webdo.tn\\\/fr\\\/wp-content\\\/uploads\\\/2026\\\/04\\\/hatem-bourial_avatar-96x96.jpg\",\"url\":\"https:\\\/\\\/www.webdo.tn\\\/fr\\\/wp-content\\\/uploads\\\/2026\\\/04\\\/hatem-bourial_avatar-96x96.jpg\",\"contentUrl\":\"https:\\\/\\\/www.webdo.tn\\\/fr\\\/wp-content\\\/uploads\\\/2026\\\/04\\\/hatem-bourial_avatar-96x96.jpg\",\"caption\":\"Hatem Bourial\"},\"description\":\"Hatem Bourial est journaliste, \u00e9crivain et chroniqueur tunisien. Actif depuis plusieurs d\u00e9cennies, il s\u2019est impos\u00e9 comme un observateur attentif de la soci\u00e9t\u00e9 tunisienne, m\u00ealant dans ses \u00e9crits m\u00e9moire, culture et analyse du quotidien. Auteur de nombreux ouvrages, il d\u00e9veloppe une \u0153uvre \u00e0 la crois\u00e9e du r\u00e9cit, de la po\u00e9sie et de l\u2019observation sociologique. Parall\u00e8lement \u00e0 ses contributions dans la presse, il intervient r\u00e9guli\u00e8rement \u00e0 la radio et dans des espaces culturels, o\u00f9 il explore les enjeux li\u00e9s au patrimoine, \u00e0 l\u2019identit\u00e9 et aux transformations du monde contemporain. \u00c0 travers ses chroniques, Hatem Bourial propose une lecture sensible et approfondie de l\u2019actualit\u00e9, nourrie par une exp\u00e9rience journalistique et litt\u00e9raire reconnue. \ud83d\udd17 Facebook : https:\\\/\\\/www.facebook.com\\\/hatem.bourial.2025\",\"sameAs\":[\"https:\\\/\\\/www.facebook.com\\\/hatem.bourial.2025\",\"https:\\\/\\\/fr.wikipedia.org\\\/wiki\\\/Fichier:Hatem_Bourial.jpg\"],\"knowsAbout\":[\"Culture & patrimoine tunisien\",\"Chronique soci\u00e9tale\",\"Litt\u00e9rature & m\u00e9moire\",\"Cin\u00e9ma & critique culturelle\",\"Identit\u00e9 & mutations sociales\"],\"knowsLanguage\":[\"Arabe\",\"Fran\u00e7ais\",\"Anglais\",\"Italien\",\"Polonais\"],\"jobTitle\":\"Journaliste, \u00e9crivain et chroniqueur culturel\",\"worksFor\":\"Webdo\",\"url\":\"https:\\\/\\\/www.webdo.tn\\\/fr\\\/actualite\\\/author\\\/hatem-bourial-2\\\/\"}]}<\/script>\n<!-- \/ Yoast SEO Premium plugin. -->","yoast_head_json":{"title":"La Goulette : La kharja de Sidi Ch\u00e9rif aura lieu ce mercredi 10 septembre - webdo","description":"D\u00e9couvrez la kharja de Sidi Ch\u00e9rif \u00e0 La Goulette, pr\u00e9vue ce mercredi 10 septembre, un moment de recueillement et de c\u00e9l\u00e9bration.","canonical":"https:\/\/www.webdo.tn\/fr\/actualite\/culture\/la-goulette-la-kharja-de-sidi-cherif-aura-lieu-ce-mercredi-10-septembre\/383210\/","og_locale":"fr_FR","og_type":"article","og_title":"La Goulette : La kharja de Sidi Ch\u00e9rif aura lieu ce mercredi 10 septembre","og_description":"D\u00e9couvrez la kharja de Sidi Ch\u00e9rif \u00e0 La Goulette, pr\u00e9vue ce mercredi 10 septembre, un moment de recueillement et de c\u00e9l\u00e9bration.","og_url":"https:\/\/www.webdo.tn\/fr\/actualite\/culture\/la-goulette-la-kharja-de-sidi-cherif-aura-lieu-ce-mercredi-10-septembre\/383210\/","og_site_name":"webdo","article_publisher":"https:\/\/www.facebook.com\/webdotn","article_author":"https:\/\/www.facebook.com\/hatem.bourial.2025","article_published_time":"2025-09-10T09:32:25+00:00","article_modified_time":"2025-09-10T09:32:26+00:00","og_image":[{"width":487,"height":300,"url":"https:\/\/www.webdo.tn\/fr\/wp-content\/uploads\/2025\/09\/Sans-titre-e1757496697859.jpg","type":"image\/jpeg"}],"author":"Hatem Bourial","twitter_card":"summary_large_image","twitter_creator":"@webdo_tn","twitter_site":"@webdo_tn","twitter_misc":{"\u00c9crit par":"Hatem Bourial","Dur\u00e9e de lecture estim\u00e9e":"2 minutes"},"schema":{"@context":"https:\/\/schema.org","@graph":[{"@type":"NewsArticle","@id":"https:\/\/www.webdo.tn\/fr\/actualite\/culture\/la-goulette-la-kharja-de-sidi-cherif-aura-lieu-ce-mercredi-10-septembre\/383210\/#article","isPartOf":{"@id":"https:\/\/www.webdo.tn\/fr\/actualite\/culture\/la-goulette-la-kharja-de-sidi-cherif-aura-lieu-ce-mercredi-10-septembre\/383210\/"},"author":{"name":"Hatem Bourial","@id":"https:\/\/www.webdo.tn\/fr\/#\/schema\/person\/6bc0beba2cd23aec27cb5df85ca2554f"},"headline":"La Goulette : La kharja de Sidi Ch\u00e9rif aura lieu ce mercredi 10 septembre","datePublished":"2025-09-10T09:32:25+00:00","dateModified":"2025-09-10T09:32:26+00:00","mainEntityOfPage":{"@id":"https:\/\/www.webdo.tn\/fr\/actualite\/culture\/la-goulette-la-kharja-de-sidi-cherif-aura-lieu-ce-mercredi-10-septembre\/383210\/"},"wordCount":240,"publisher":{"@id":"https:\/\/www.webdo.tn\/fr\/#organization"},"image":{"@id":"https:\/\/www.webdo.tn\/fr\/actualite\/culture\/la-goulette-la-kharja-de-sidi-cherif-aura-lieu-ce-mercredi-10-septembre\/383210\/#primaryimage"},"thumbnailUrl":"https:\/\/www.webdo.tn\/fr\/wp-content\/uploads\/2025\/09\/Sans-titre-e1757496697859.jpg","keywords":["Kharja","la goulette","Tunisie"],"articleSection":["Culture"],"inLanguage":"fr-FR"},{"@type":"WebPage","@id":"https:\/\/www.webdo.tn\/fr\/actualite\/culture\/la-goulette-la-kharja-de-sidi-cherif-aura-lieu-ce-mercredi-10-septembre\/383210\/","url":"https:\/\/www.webdo.tn\/fr\/actualite\/culture\/la-goulette-la-kharja-de-sidi-cherif-aura-lieu-ce-mercredi-10-septembre\/383210\/","name":"La Goulette : La kharja de Sidi Ch\u00e9rif aura lieu ce mercredi 10 septembre - webdo","isPartOf":{"@id":"https:\/\/www.webdo.tn\/fr\/#website"},"primaryImageOfPage":{"@id":"https:\/\/www.webdo.tn\/fr\/actualite\/culture\/la-goulette-la-kharja-de-sidi-cherif-aura-lieu-ce-mercredi-10-septembre\/383210\/#primaryimage"},"image":{"@id":"https:\/\/www.webdo.tn\/fr\/actualite\/culture\/la-goulette-la-kharja-de-sidi-cherif-aura-lieu-ce-mercredi-10-septembre\/383210\/#primaryimage"},"thumbnailUrl":"https:\/\/www.webdo.tn\/fr\/wp-content\/uploads\/2025\/09\/Sans-titre-e1757496697859.jpg","datePublished":"2025-09-10T09:32:25+00:00","dateModified":"2025-09-10T09:32:26+00:00","description":"D\u00e9couvrez la kharja de Sidi Ch\u00e9rif \u00e0 La Goulette, pr\u00e9vue ce mercredi 10 septembre, un moment de recueillement et de c\u00e9l\u00e9bration.","breadcrumb":{"@id":"https:\/\/www.webdo.tn\/fr\/actualite\/culture\/la-goulette-la-kharja-de-sidi-cherif-aura-lieu-ce-mercredi-10-septembre\/383210\/#breadcrumb"},"inLanguage":"fr-FR","potentialAction":[{"@type":"ReadAction","target":["https:\/\/www.webdo.tn\/fr\/actualite\/culture\/la-goulette-la-kharja-de-sidi-cherif-aura-lieu-ce-mercredi-10-septembre\/383210\/"]}]},{"@type":"ImageObject","inLanguage":"fr-FR","@id":"https:\/\/www.webdo.tn\/fr\/actualite\/culture\/la-goulette-la-kharja-de-sidi-cherif-aura-lieu-ce-mercredi-10-septembre\/383210\/#primaryimage","url":"https:\/\/www.webdo.tn\/fr\/wp-content\/uploads\/2025\/09\/Sans-titre-e1757496697859.jpg","contentUrl":"https:\/\/www.webdo.tn\/fr\/wp-content\/uploads\/2025\/09\/Sans-titre-e1757496697859.jpg","width":487,"height":300,"caption":"Photo : Issam Barhoumi"},{"@type":"BreadcrumbList","@id":"https:\/\/www.webdo.tn\/fr\/actualite\/culture\/la-goulette-la-kharja-de-sidi-cherif-aura-lieu-ce-mercredi-10-septembre\/383210\/#breadcrumb","itemListElement":[{"@type":"ListItem","position":1,"name":"Accueil","item":"https:\/\/www.webdo.tn\/fr\/"},{"@type":"ListItem","position":2,"name":"La Goulette : La kharja de Sidi Ch\u00e9rif aura lieu ce mercredi 10 septembre"}]},{"@type":"WebSite","@id":"https:\/\/www.webdo.tn\/fr\/#website","url":"https:\/\/www.webdo.tn\/fr\/","name":"webdo","description":"Tunisie - News en Tunisie et \u00e0 l&#039;international sur Webdo.tn","publisher":{"@id":"https:\/\/www.webdo.tn\/fr\/#organization"},"potentialAction":[{"@type":"SearchAction","target":{"@type":"EntryPoint","urlTemplate":"https:\/\/www.webdo.tn\/fr\/?s={search_term_string}"},"query-input":{"@type":"PropertyValueSpecification","valueRequired":true,"valueName":"search_term_string"}}],"inLanguage":"fr-FR"},{"@type":"Organization","@id":"https:\/\/www.webdo.tn\/fr\/#organization","name":"Webdo","alternateName":"Webdo.tn","url":"https:\/\/www.webdo.tn\/fr\/","logo":{"@type":"ImageObject","inLanguage":"fr-FR","@id":"https:\/\/www.webdo.tn\/fr\/#\/schema\/logo\/image\/","url":"https:\/\/www.webdo.tn\/fr\/wp-content\/uploads\/2025\/06\/Webdo-Tunisie_168377.jpg","contentUrl":"https:\/\/www.webdo.tn\/fr\/wp-content\/uploads\/2025\/06\/Webdo-Tunisie_168377.jpg","width":301,"height":301,"caption":"Webdo"},"image":{"@id":"https:\/\/www.webdo.tn\/fr\/#\/schema\/logo\/image\/"},"sameAs":["https:\/\/www.facebook.com\/webdotn","https:\/\/x.com\/webdo_tn"],"description":"Webdo est un m\u00e9dia num\u00e9rique tunisien fond\u00e9 en 2010, sp\u00e9cialis\u00e9 dans l\u2019actualit\u00e9 nationale et internationale, l\u2019\u00e9conomie, la soci\u00e9t\u00e9 et les analyses politiques. Le site s\u2019adresse \u00e0 un large public francophone et couvre l\u2019information tunisienne en temps r\u00e9el.","email":"redac@webdo.tn","legalName":"YNJ SARL","foundingDate":"2010-09-06","numberOfEmployees":{"@type":"QuantitativeValue","minValue":"11","maxValue":"50"}},{"@type":"Person","@id":"https:\/\/www.webdo.tn\/fr\/#\/schema\/person\/6bc0beba2cd23aec27cb5df85ca2554f","name":"Hatem Bourial","image":{"@type":"ImageObject","inLanguage":"fr-FR","@id":"https:\/\/www.webdo.tn\/fr\/wp-content\/uploads\/2026\/04\/hatem-bourial_avatar-96x96.jpg","url":"https:\/\/www.webdo.tn\/fr\/wp-content\/uploads\/2026\/04\/hatem-bourial_avatar-96x96.jpg","contentUrl":"https:\/\/www.webdo.tn\/fr\/wp-content\/uploads\/2026\/04\/hatem-bourial_avatar-96x96.jpg","caption":"Hatem Bourial"},"description":"Hatem Bourial est journaliste, \u00e9crivain et chroniqueur tunisien. Actif depuis plusieurs d\u00e9cennies, il s\u2019est impos\u00e9 comme un observateur attentif de la soci\u00e9t\u00e9 tunisienne, m\u00ealant dans ses \u00e9crits m\u00e9moire, culture et analyse du quotidien. Auteur de nombreux ouvrages, il d\u00e9veloppe une \u0153uvre \u00e0 la crois\u00e9e du r\u00e9cit, de la po\u00e9sie et de l\u2019observation sociologique. Parall\u00e8lement \u00e0 ses contributions dans la presse, il intervient r\u00e9guli\u00e8rement \u00e0 la radio et dans des espaces culturels, o\u00f9 il explore les enjeux li\u00e9s au patrimoine, \u00e0 l\u2019identit\u00e9 et aux transformations du monde contemporain. \u00c0 travers ses chroniques, Hatem Bourial propose une lecture sensible et approfondie de l\u2019actualit\u00e9, nourrie par une exp\u00e9rience journalistique et litt\u00e9raire reconnue. \ud83d\udd17 Facebook : https:\/\/www.facebook.com\/hatem.bourial.2025","sameAs":["https:\/\/www.facebook.com\/hatem.bourial.2025","https:\/\/fr.wikipedia.org\/wiki\/Fichier:Hatem_Bourial.jpg"],"knowsAbout":["Culture & patrimoine tunisien","Chronique soci\u00e9tale","Litt\u00e9rature & m\u00e9moire","Cin\u00e9ma & critique culturelle","Identit\u00e9 & mutations sociales"],"knowsLanguage":["Arabe","Fran\u00e7ais","Anglais","Italien","Polonais"],"jobTitle":"Journaliste, \u00e9crivain et chroniqueur culturel","worksFor":"Webdo","url":"https:\/\/www.webdo.tn\/fr\/actualite\/author\/hatem-bourial-2\/"}]}},"_links":{"self":[{"href":"https:\/\/www.webdo.tn\/fr\/wp-json\/wp\/v2\/posts\/383210","targetHints":{"allow":["GET"]}}],"collection":[{"href":"https:\/\/www.webdo.tn\/fr\/wp-json\/wp\/v2\/posts"}],"about":[{"href":"https:\/\/www.webdo.tn\/fr\/wp-json\/wp\/v2\/types\/post"}],"author":[{"embeddable":true,"href":"https:\/\/www.webdo.tn\/fr\/wp-json\/wp\/v2\/users\/3229"}],"replies":[{"embeddable":true,"href":"https:\/\/www.webdo.tn\/fr\/wp-json\/wp\/v2\/comments?post=383210"}],"version-history":[{"count":0,"href":"https:\/\/www.webdo.tn\/fr\/wp-json\/wp\/v2\/posts\/383210\/revisions"}],"wp:featuredmedia":[{"embeddable":true,"href":"https:\/\/www.webdo.tn\/fr\/wp-json\/wp\/v2\/media\/383211"}],"wp:attachment":[{"href":"https:\/\/www.webdo.tn\/fr\/wp-json\/wp\/v2\/media?parent=383210"}],"wp:term":[{"taxonomy":"category","embeddable":true,"href":"https:\/\/www.webdo.tn\/fr\/wp-json\/wp\/v2\/categories?post=383210"},{"taxonomy":"post_tag","embeddable":true,"href":"https:\/\/www.webdo.tn\/fr\/wp-json\/wp\/v2\/tags?post=383210"}],"curies":[{"name":"wp","href":"https:\/\/api.w.org\/{rel}","templated":true}]}}