{"id":383185,"date":"2025-09-10T05:59:20","date_gmt":"2025-09-10T04:59:20","guid":{"rendered":"https:\/\/www.webdo.tn\/fr\/?p=383185"},"modified":"2025-09-10T14:27:39","modified_gmt":"2025-09-10T13:27:39","slug":"flottille-apres-family-hier-aujourdhui-alma","status":"publish","type":"post","link":"https:\/\/www.webdo.tn\/fr\/actualite\/national\/flottille-apres-family-hier-aujourdhui-alma\/383185\/","title":{"rendered":"Flottille : apr\u00e8s \u00ab Family \u00bb hier\u2026 aujourd\u2019hui \u00ab Alma \u00bb"},"content":{"rendered":"\n<p>Deuxi\u00e8me bateau pour Gaza vis\u00e9 par un drone pr\u00e9sum\u00e9, selon les activistes.<\/p>\n\n\n\n<p>Un nouvel incident a \u00e9t\u00e9 signal\u00e9 mardi soir 9 septembre au port de <strong>Sidi Bou Sa\u00efd<\/strong>, impliquant le navire <strong>\u00ab Alma \u00bb<\/strong> de la <strong>Global Sumud Flotilla (GSF)<\/strong>, initiative internationale cherchant \u00e0 briser le blocus isra\u00e9lien de Gaza et \u00e0 acheminer une aide humanitaire symbolique.<\/p>\n\n\n\n<h2 class=\"wp-block-heading\" id=\"h-l-incident-de-l-alma\">L\u2019incident de l\u2019\u00ab Alma \u00bb<\/h2>\n\n\n\n<p>Dans un communiqu\u00e9 publi\u00e9 sur X (ex-Twitter), la GSF a affirm\u00e9 que le bateau <strong>\u00ab Alma \u00bb<\/strong>, amarr\u00e9 dans les eaux tunisiennes, avait \u00e9t\u00e9 vis\u00e9 par un <strong>drone non identifi\u00e9<\/strong> alors qu\u2019il \u00e9tait \u00e0 quai. Aucun bless\u00e9 n\u2019a \u00e9t\u00e9 rapport\u00e9 et l\u2019\u00e9quipage a confirm\u00e9 qu\u2019il n\u2019y avait pas eu de d\u00e9g\u00e2ts structurels majeurs.<\/p>\n\n\n\n<p>La rapporteure sp\u00e9ciale de l\u2019ONU pour les territoires palestiniens occup\u00e9s, <strong>Francesca Albanese<\/strong>, a d\u00e9nonc\u00e9 \u00ab une deuxi\u00e8me attaque sur la flottille, encore dans les eaux tunisiennes, en deux jours \u00bb, \u00e9voquant les t\u00e9moignages selon lesquels un drone sans lumi\u00e8re aurait l\u00e2ch\u00e9 un dispositif incendiaire sur le pont du navire.<\/p>\n\n\n\n<p>L\u2019activiste tunisien <strong>Wael Naouar<\/strong> a \u00e9galement confirm\u00e9 que, \u00ab apr\u00e8s le bateau <em>Family<\/em>, c\u2019est l\u2019<em>Alma<\/em> qui a \u00e9t\u00e9 attaqu\u00e9 \u00bb, tout en soulignant que \u00ab ces \u00e9v\u00e9nements renforcent la mobilisation et la d\u00e9termination des \u00e9quipages \u00e0 poursuivre la route vers Gaza \u00bb.<\/p>\n\n\n\n<iframe src=\"https:\/\/www.facebook.com\/plugins\/video.php?height=476&#038;href=https%3A%2F%2Fwww.facebook.com%2Fwael.naouar.2025%2Fvideos%2F808593034833566%2F&#038;show_text=false&#038;width=267&#038;t=0\" width=\"267\" height=\"476\" style=\"border:none;overflow:hidden\" scrolling=\"no\" frameborder=\"0\" allowfullscreen=\"true\" allow=\"autoplay; clipboard-write; encrypted-media; picture-in-picture; web-share\" allowFullScreen=\"true\"><\/iframe>\n\n\n\n<h2 class=\"wp-block-heading\" id=\"h-intervention-des-autorites-tunisiennes\">Intervention des autorit\u00e9s tunisiennes<\/h2>\n\n\n\n<p>Mardi soir, des unit\u00e9s de la <strong>Garde maritime<\/strong> se sont rendues sur place apr\u00e8s la mont\u00e9e de fum\u00e9e signal\u00e9e \u00e0 bord de l\u2019<strong>Alma<\/strong>. Les forces de s\u00e9curit\u00e9 ont imm\u00e9diatement proc\u00e9d\u00e9 aux constatations. Selon les premi\u00e8res observations, l\u2019incident n\u2019a pas provoqu\u00e9 de dommages importants, mais les conclusions d\u00e9finitives d\u00e9pendront des enqu\u00eates en cours.<\/p>\n\n\n\n<h2 class=\"wp-block-heading\" id=\"h-rappel-l-incendie-du-family\">Rappel : l\u2019incendie du \u00ab Family \u00bb<\/h2>\n\n\n\n<p>La veille, lundi 8 septembre, le navire <strong>\u00ab Family \u00bb<\/strong>, plus grand b\u00e2timent de la flottille, avait d\u00e9j\u00e0 \u00e9t\u00e9 touch\u00e9 par un incendie \u00e0 l\u2019avant. Des t\u00e9moins affirment qu\u2019un drone avait survol\u00e9 le bateau avant de larguer un engin incendiaire. Des images de vid\u00e9osurveillance montrant le moment de l\u2019impact ont circul\u00e9 massivement sur les r\u00e9seaux sociaux, alimentant la th\u00e8se d\u2019une attaque cibl\u00e9e.<\/p>\n\n\n\n<p>Cependant, le <strong>minist\u00e8re tunisien de l\u2019Int\u00e9rieur<\/strong> a d\u00e9menti ces affirmations mardi. Selon la version officielle, les flammes seraient dues \u00e0 \u00ab un d\u00e9part de feu accidentel, probablement caus\u00e9 par une cigarette \u00bb.<\/p>\n\n\n\n<h2 class=\"wp-block-heading\" id=\"h-une-flottille-internationale-mobilisee\">Une flottille internationale mobilis\u00e9e<\/h2>\n\n\n\n<p>La <strong>Global Sumud Flotilla<\/strong> est compos\u00e9e d\u2019une vingtaine de navires venus de <strong>44 pays<\/strong>. Elle a fait escale \u00e0 Sidi Bou Sa\u00efd le 7 septembre et pr\u00e9voit son d\u00e9part vers Gaza le <strong>10 septembre<\/strong>. Son objectif : <strong>d\u00e9noncer le blocus impos\u00e9 par Isra\u00ebl<\/strong> et livrer une aide humanitaire symbolique \u00e0 la population palestinienne.<\/p>\n\n\n\n<blockquote class=\"twitter-tweet\"><p lang=\"en\" dir=\"ltr\">BREAKING!!\u203c\ufe0f<br><br>Second attack on the Flotilla, still in Tunisian waters, in two days!<br><br>Video evidence suggests that a drone &#8211; with no light so it could not be seen &#8211; dropped a device \ud83d\udc47that set the deck of the Alma boat on fire.<br><br>Look by yourself and draw your conclusions <a href=\"https:\/\/t.co\/ZQylq6aLYD\">https:\/\/t.co\/ZQylq6aLYD<\/a> <a href=\"https:\/\/t.co\/bJ8QaSzTho\">pic.twitter.com\/bJ8QaSzTho<\/a><\/p>&mdash; Francesca Albanese, UN Special Rapporteur oPt (@FranceskAlbs) <a href=\"https:\/\/twitter.com\/FranceskAlbs\/status\/1965561437973348742?ref_src=twsrc%5Etfw\">September 9, 2025<\/a><\/blockquote> <script async src=\"https:\/\/platform.twitter.com\/widgets.js\" charset=\"utf-8\"><\/script>\n","protected":false},"excerpt":{"rendered":"<p>Deuxi\u00e8me bateau pour Gaza vis\u00e9 par un drone pr\u00e9sum\u00e9, selon les activistes. Un nouvel incident a \u00e9t\u00e9 signal\u00e9 mardi soir 9 septembre au port de Sidi Bou Sa\u00efd, impliquant le navire \u00ab Alma \u00bb de la Global Sumud Flotilla (GSF), initiative internationale cherchant \u00e0 briser le blocus isra\u00e9lien de Gaza et \u00e0 acheminer une aide [&hellip;]<\/p>\n","protected":false},"author":3203,"featured_media":383187,"comment_status":"closed","ping_status":"closed","sticky":false,"template":"","format":"standard","meta":{"footnotes":""},"categories":[44],"tags":[2689,12515,4832],"class_list":["post-383185","post","type-post","status-publish","format-standard","has-post-thumbnail","hentry","category-national","tag-gaza","tag-global-sumud-flotilla","tag-sidi-bou-said"],"yoast_head":"<!-- This site is optimized with the Yoast SEO Premium plugin v27.5 (Yoast SEO v27.5) - https:\/\/yoast.com\/product\/yoast-seo-premium-wordpress\/ -->\n<title>Flottille : apr\u00e8s \u00ab Family \u00bb hier\u2026 aujourd\u2019hui \u00ab Alma \u00bb - webdo<\/title>\n<meta name=\"description\" content=\"L&#039;initiative Global Sumud Flotilla fait face \u00e0 un incident avec le bateau \u00ab Alma \u00bb. Apprenez-en plus sur cet \u00e9v\u00e9nement inqui\u00e9tant.\" \/>\n<link rel=\"canonical\" href=\"https:\/\/www.webdo.tn\/fr\/actualite\/national\/flottille-apres-family-hier-aujourdhui-alma\/383185\/\" \/>\n<meta property=\"og:locale\" content=\"fr_FR\" \/>\n<meta property=\"og:type\" content=\"article\" \/>\n<meta property=\"og:title\" content=\"Flottille : apr\u00e8s \u00ab Family \u00bb hier\u2026 aujourd\u2019hui \u00ab Alma \u00bb\" \/>\n<meta property=\"og:description\" content=\"L&#039;initiative Global Sumud Flotilla fait face \u00e0 un incident avec le bateau \u00ab Alma \u00bb. Apprenez-en plus sur cet \u00e9v\u00e9nement inqui\u00e9tant.\" \/>\n<meta property=\"og:url\" content=\"https:\/\/www.webdo.tn\/fr\/actualite\/national\/flottille-apres-family-hier-aujourdhui-alma\/383185\/\" \/>\n<meta property=\"og:site_name\" content=\"webdo\" \/>\n<meta property=\"article:publisher\" content=\"https:\/\/www.facebook.com\/webdotn\" \/>\n<meta property=\"article:published_time\" content=\"2025-09-10T04:59:20+00:00\" \/>\n<meta property=\"article:modified_time\" content=\"2025-09-10T13:27:39+00:00\" \/>\n<meta property=\"og:image\" content=\"https:\/\/www.webdo.tn\/fr\/wp-content\/uploads\/2025\/09\/Attack-on-Alma.jpg\" \/>\n\t<meta property=\"og:image:width\" content=\"1332\" \/>\n\t<meta property=\"og:image:height\" content=\"762\" \/>\n\t<meta property=\"og:image:type\" content=\"image\/jpeg\" \/>\n<meta name=\"author\" content=\"Ramzi Haddad\" \/>\n<meta name=\"twitter:card\" content=\"summary_large_image\" \/>\n<meta name=\"twitter:creator\" content=\"@webdo_tn\" \/>\n<meta name=\"twitter:site\" content=\"@webdo_tn\" \/>\n<meta name=\"twitter:label1\" content=\"\u00c9crit par\" \/>\n\t<meta name=\"twitter:data1\" content=\"Ramzi Haddad\" \/>\n\t<meta name=\"twitter:label2\" content=\"Dur\u00e9e de lecture estim\u00e9e\" \/>\n\t<meta name=\"twitter:data2\" content=\"3 minutes\" \/>\n<script type=\"application\/ld+json\" class=\"yoast-schema-graph\">{\"@context\":\"https:\\\/\\\/schema.org\",\"@graph\":[{\"@type\":\"NewsArticle\",\"@id\":\"https:\\\/\\\/www.webdo.tn\\\/fr\\\/actualite\\\/national\\\/flottille-apres-family-hier-aujourdhui-alma\\\/383185\\\/#article\",\"isPartOf\":{\"@id\":\"https:\\\/\\\/www.webdo.tn\\\/fr\\\/actualite\\\/national\\\/flottille-apres-family-hier-aujourdhui-alma\\\/383185\\\/\"},\"author\":{\"name\":\"Ramzi Haddad\",\"@id\":\"https:\\\/\\\/www.webdo.tn\\\/fr\\\/#\\\/schema\\\/person\\\/5663044c25eb36d8f88ba5b653f12f8c\"},\"headline\":\"Flottille : apr\u00e8s \u00ab Family \u00bb hier\u2026 aujourd\u2019hui \u00ab Alma \u00bb\",\"datePublished\":\"2025-09-10T04:59:20+00:00\",\"dateModified\":\"2025-09-10T13:27:39+00:00\",\"mainEntityOfPage\":{\"@id\":\"https:\\\/\\\/www.webdo.tn\\\/fr\\\/actualite\\\/national\\\/flottille-apres-family-hier-aujourdhui-alma\\\/383185\\\/\"},\"wordCount\":531,\"publisher\":{\"@id\":\"https:\\\/\\\/www.webdo.tn\\\/fr\\\/#organization\"},\"image\":{\"@id\":\"https:\\\/\\\/www.webdo.tn\\\/fr\\\/actualite\\\/national\\\/flottille-apres-family-hier-aujourdhui-alma\\\/383185\\\/#primaryimage\"},\"thumbnailUrl\":\"https:\\\/\\\/www.webdo.tn\\\/fr\\\/wp-content\\\/uploads\\\/2025\\\/09\\\/Attack-on-Alma-e1757947128596.jpg\",\"keywords\":[\"Gaza\",\"Global Sumud Flotilla\",\"sidi bou said\"],\"articleSection\":[\"National\"],\"inLanguage\":\"fr-FR\"},{\"@type\":\"WebPage\",\"@id\":\"https:\\\/\\\/www.webdo.tn\\\/fr\\\/actualite\\\/national\\\/flottille-apres-family-hier-aujourdhui-alma\\\/383185\\\/\",\"url\":\"https:\\\/\\\/www.webdo.tn\\\/fr\\\/actualite\\\/national\\\/flottille-apres-family-hier-aujourdhui-alma\\\/383185\\\/\",\"name\":\"Flottille : apr\u00e8s \u00ab Family \u00bb hier\u2026 aujourd\u2019hui \u00ab Alma \u00bb - webdo\",\"isPartOf\":{\"@id\":\"https:\\\/\\\/www.webdo.tn\\\/fr\\\/#website\"},\"primaryImageOfPage\":{\"@id\":\"https:\\\/\\\/www.webdo.tn\\\/fr\\\/actualite\\\/national\\\/flottille-apres-family-hier-aujourdhui-alma\\\/383185\\\/#primaryimage\"},\"image\":{\"@id\":\"https:\\\/\\\/www.webdo.tn\\\/fr\\\/actualite\\\/national\\\/flottille-apres-family-hier-aujourdhui-alma\\\/383185\\\/#primaryimage\"},\"thumbnailUrl\":\"https:\\\/\\\/www.webdo.tn\\\/fr\\\/wp-content\\\/uploads\\\/2025\\\/09\\\/Attack-on-Alma-e1757947128596.jpg\",\"datePublished\":\"2025-09-10T04:59:20+00:00\",\"dateModified\":\"2025-09-10T13:27:39+00:00\",\"description\":\"L'initiative Global Sumud Flotilla fait face \u00e0 un incident avec le bateau \u00ab Alma \u00bb. Apprenez-en plus sur cet \u00e9v\u00e9nement inqui\u00e9tant.\",\"breadcrumb\":{\"@id\":\"https:\\\/\\\/www.webdo.tn\\\/fr\\\/actualite\\\/national\\\/flottille-apres-family-hier-aujourdhui-alma\\\/383185\\\/#breadcrumb\"},\"inLanguage\":\"fr-FR\",\"potentialAction\":[{\"@type\":\"ReadAction\",\"target\":[\"https:\\\/\\\/www.webdo.tn\\\/fr\\\/actualite\\\/national\\\/flottille-apres-family-hier-aujourdhui-alma\\\/383185\\\/\"]}]},{\"@type\":\"ImageObject\",\"inLanguage\":\"fr-FR\",\"@id\":\"https:\\\/\\\/www.webdo.tn\\\/fr\\\/actualite\\\/national\\\/flottille-apres-family-hier-aujourdhui-alma\\\/383185\\\/#primaryimage\",\"url\":\"https:\\\/\\\/www.webdo.tn\\\/fr\\\/wp-content\\\/uploads\\\/2025\\\/09\\\/Attack-on-Alma-e1757947128596.jpg\",\"contentUrl\":\"https:\\\/\\\/www.webdo.tn\\\/fr\\\/wp-content\\\/uploads\\\/2025\\\/09\\\/Attack-on-Alma-e1757947128596.jpg\",\"width\":1200,\"height\":686,\"caption\":\"Navires cibl\u00e9s \u00e0 Sidi Bou Sa\u00efd\u00a0: Erdogan accuse explicitement Isra\u00ebl\"},{\"@type\":\"BreadcrumbList\",\"@id\":\"https:\\\/\\\/www.webdo.tn\\\/fr\\\/actualite\\\/national\\\/flottille-apres-family-hier-aujourdhui-alma\\\/383185\\\/#breadcrumb\",\"itemListElement\":[{\"@type\":\"ListItem\",\"position\":1,\"name\":\"Accueil\",\"item\":\"https:\\\/\\\/www.webdo.tn\\\/fr\\\/\"},{\"@type\":\"ListItem\",\"position\":2,\"name\":\"Flottille : apr\u00e8s \u00ab Family \u00bb hier\u2026 aujourd\u2019hui \u00ab Alma \u00bb\"}]},{\"@type\":\"WebSite\",\"@id\":\"https:\\\/\\\/www.webdo.tn\\\/fr\\\/#website\",\"url\":\"https:\\\/\\\/www.webdo.tn\\\/fr\\\/\",\"name\":\"webdo\",\"description\":\"Tunisie - News en Tunisie et \u00e0 l&#039;international sur Webdo.tn\",\"publisher\":{\"@id\":\"https:\\\/\\\/www.webdo.tn\\\/fr\\\/#organization\"},\"potentialAction\":[{\"@type\":\"SearchAction\",\"target\":{\"@type\":\"EntryPoint\",\"urlTemplate\":\"https:\\\/\\\/www.webdo.tn\\\/fr\\\/?s={search_term_string}\"},\"query-input\":{\"@type\":\"PropertyValueSpecification\",\"valueRequired\":true,\"valueName\":\"search_term_string\"}}],\"inLanguage\":\"fr-FR\"},{\"@type\":\"Organization\",\"@id\":\"https:\\\/\\\/www.webdo.tn\\\/fr\\\/#organization\",\"name\":\"Webdo\",\"alternateName\":\"Webdo.tn\",\"url\":\"https:\\\/\\\/www.webdo.tn\\\/fr\\\/\",\"logo\":{\"@type\":\"ImageObject\",\"inLanguage\":\"fr-FR\",\"@id\":\"https:\\\/\\\/www.webdo.tn\\\/fr\\\/#\\\/schema\\\/logo\\\/image\\\/\",\"url\":\"https:\\\/\\\/www.webdo.tn\\\/fr\\\/wp-content\\\/uploads\\\/2025\\\/06\\\/Webdo-Tunisie_168377.jpg\",\"contentUrl\":\"https:\\\/\\\/www.webdo.tn\\\/fr\\\/wp-content\\\/uploads\\\/2025\\\/06\\\/Webdo-Tunisie_168377.jpg\",\"width\":301,\"height\":301,\"caption\":\"Webdo\"},\"image\":{\"@id\":\"https:\\\/\\\/www.webdo.tn\\\/fr\\\/#\\\/schema\\\/logo\\\/image\\\/\"},\"sameAs\":[\"https:\\\/\\\/www.facebook.com\\\/webdotn\",\"https:\\\/\\\/x.com\\\/webdo_tn\"],\"description\":\"Webdo est un m\u00e9dia num\u00e9rique tunisien fond\u00e9 en 2010, sp\u00e9cialis\u00e9 dans l\u2019actualit\u00e9 nationale et internationale, l\u2019\u00e9conomie, la soci\u00e9t\u00e9 et les analyses politiques. Le site s\u2019adresse \u00e0 un large public francophone et couvre l\u2019information tunisienne en temps r\u00e9el.\",\"email\":\"redac@webdo.tn\",\"legalName\":\"YNJ SARL\",\"foundingDate\":\"2010-09-06\",\"numberOfEmployees\":{\"@type\":\"QuantitativeValue\",\"minValue\":\"11\",\"maxValue\":\"50\"}},{\"@type\":\"Person\",\"@id\":\"https:\\\/\\\/www.webdo.tn\\\/fr\\\/#\\\/schema\\\/person\\\/5663044c25eb36d8f88ba5b653f12f8c\",\"name\":\"Ramzi Haddad\",\"image\":{\"@type\":\"ImageObject\",\"inLanguage\":\"fr-FR\",\"@id\":\"https:\\\/\\\/www.webdo.tn\\\/fr\\\/wp-content\\\/uploads\\\/2026\\\/04\\\/ramzi-haddad_avatar-96x96.jpg\",\"url\":\"https:\\\/\\\/www.webdo.tn\\\/fr\\\/wp-content\\\/uploads\\\/2026\\\/04\\\/ramzi-haddad_avatar-96x96.jpg\",\"contentUrl\":\"https:\\\/\\\/www.webdo.tn\\\/fr\\\/wp-content\\\/uploads\\\/2026\\\/04\\\/ramzi-haddad_avatar-96x96.jpg\",\"caption\":\"Ramzi Haddad\"},\"description\":\"Signature \u00e9ditoriale de Walid Ben Youssef Ramzi Haddad est le pseudonyme \u00e9ditorial de Walid Ben Youssef, fondateur et g\u00e9rant de Webdo.tn. Cette signature est d\u00e9di\u00e9e \u00e0 la couverture de l'actualit\u00e9 nationale et internationale, ainsi qu'aux analyses des dynamiques num\u00e9riques. Ce profil b\u00e9n\u00e9ficie de l'expertise de Walid Ben Youssef, pionnier du web en Tunisie depuis 2000 et dipl\u00f4m\u00e9 en Math\u00e9matiques pures de l'Universit\u00e9 d'Oregon. \u00c0 travers cette signature, la r\u00e9daction de Webdo garantit une information structur\u00e9e et v\u00e9rifi\u00e9e, fid\u00e8le aux standards journalistiques du m\u00e9dia.\",\"url\":\"https:\\\/\\\/www.webdo.tn\\\/fr\\\/actualite\\\/author\\\/ramzi-haddad\\\/\"}]}<\/script>\n<!-- \/ Yoast SEO Premium plugin. -->","yoast_head_json":{"title":"Flottille : apr\u00e8s \u00ab Family \u00bb hier\u2026 aujourd\u2019hui \u00ab Alma \u00bb - webdo","description":"L'initiative Global Sumud Flotilla fait face \u00e0 un incident avec le bateau \u00ab Alma \u00bb. Apprenez-en plus sur cet \u00e9v\u00e9nement inqui\u00e9tant.","canonical":"https:\/\/www.webdo.tn\/fr\/actualite\/national\/flottille-apres-family-hier-aujourdhui-alma\/383185\/","og_locale":"fr_FR","og_type":"article","og_title":"Flottille : apr\u00e8s \u00ab Family \u00bb hier\u2026 aujourd\u2019hui \u00ab Alma \u00bb","og_description":"L'initiative Global Sumud Flotilla fait face \u00e0 un incident avec le bateau \u00ab Alma \u00bb. Apprenez-en plus sur cet \u00e9v\u00e9nement inqui\u00e9tant.","og_url":"https:\/\/www.webdo.tn\/fr\/actualite\/national\/flottille-apres-family-hier-aujourdhui-alma\/383185\/","og_site_name":"webdo","article_publisher":"https:\/\/www.facebook.com\/webdotn","article_published_time":"2025-09-10T04:59:20+00:00","article_modified_time":"2025-09-10T13:27:39+00:00","og_image":[{"width":1332,"height":762,"url":"https:\/\/www.webdo.tn\/fr\/wp-content\/uploads\/2025\/09\/Attack-on-Alma.jpg","type":"image\/jpeg"}],"author":"Ramzi Haddad","twitter_card":"summary_large_image","twitter_creator":"@webdo_tn","twitter_site":"@webdo_tn","twitter_misc":{"\u00c9crit par":"Ramzi Haddad","Dur\u00e9e de lecture estim\u00e9e":"3 minutes"},"schema":{"@context":"https:\/\/schema.org","@graph":[{"@type":"NewsArticle","@id":"https:\/\/www.webdo.tn\/fr\/actualite\/national\/flottille-apres-family-hier-aujourdhui-alma\/383185\/#article","isPartOf":{"@id":"https:\/\/www.webdo.tn\/fr\/actualite\/national\/flottille-apres-family-hier-aujourdhui-alma\/383185\/"},"author":{"name":"Ramzi Haddad","@id":"https:\/\/www.webdo.tn\/fr\/#\/schema\/person\/5663044c25eb36d8f88ba5b653f12f8c"},"headline":"Flottille : apr\u00e8s \u00ab Family \u00bb hier\u2026 aujourd\u2019hui \u00ab Alma \u00bb","datePublished":"2025-09-10T04:59:20+00:00","dateModified":"2025-09-10T13:27:39+00:00","mainEntityOfPage":{"@id":"https:\/\/www.webdo.tn\/fr\/actualite\/national\/flottille-apres-family-hier-aujourdhui-alma\/383185\/"},"wordCount":531,"publisher":{"@id":"https:\/\/www.webdo.tn\/fr\/#organization"},"image":{"@id":"https:\/\/www.webdo.tn\/fr\/actualite\/national\/flottille-apres-family-hier-aujourdhui-alma\/383185\/#primaryimage"},"thumbnailUrl":"https:\/\/www.webdo.tn\/fr\/wp-content\/uploads\/2025\/09\/Attack-on-Alma-e1757947128596.jpg","keywords":["Gaza","Global Sumud Flotilla","sidi bou said"],"articleSection":["National"],"inLanguage":"fr-FR"},{"@type":"WebPage","@id":"https:\/\/www.webdo.tn\/fr\/actualite\/national\/flottille-apres-family-hier-aujourdhui-alma\/383185\/","url":"https:\/\/www.webdo.tn\/fr\/actualite\/national\/flottille-apres-family-hier-aujourdhui-alma\/383185\/","name":"Flottille : apr\u00e8s \u00ab Family \u00bb hier\u2026 aujourd\u2019hui \u00ab Alma \u00bb - webdo","isPartOf":{"@id":"https:\/\/www.webdo.tn\/fr\/#website"},"primaryImageOfPage":{"@id":"https:\/\/www.webdo.tn\/fr\/actualite\/national\/flottille-apres-family-hier-aujourdhui-alma\/383185\/#primaryimage"},"image":{"@id":"https:\/\/www.webdo.tn\/fr\/actualite\/national\/flottille-apres-family-hier-aujourdhui-alma\/383185\/#primaryimage"},"thumbnailUrl":"https:\/\/www.webdo.tn\/fr\/wp-content\/uploads\/2025\/09\/Attack-on-Alma-e1757947128596.jpg","datePublished":"2025-09-10T04:59:20+00:00","dateModified":"2025-09-10T13:27:39+00:00","description":"L'initiative Global Sumud Flotilla fait face \u00e0 un incident avec le bateau \u00ab Alma \u00bb. Apprenez-en plus sur cet \u00e9v\u00e9nement inqui\u00e9tant.","breadcrumb":{"@id":"https:\/\/www.webdo.tn\/fr\/actualite\/national\/flottille-apres-family-hier-aujourdhui-alma\/383185\/#breadcrumb"},"inLanguage":"fr-FR","potentialAction":[{"@type":"ReadAction","target":["https:\/\/www.webdo.tn\/fr\/actualite\/national\/flottille-apres-family-hier-aujourdhui-alma\/383185\/"]}]},{"@type":"ImageObject","inLanguage":"fr-FR","@id":"https:\/\/www.webdo.tn\/fr\/actualite\/national\/flottille-apres-family-hier-aujourdhui-alma\/383185\/#primaryimage","url":"https:\/\/www.webdo.tn\/fr\/wp-content\/uploads\/2025\/09\/Attack-on-Alma-e1757947128596.jpg","contentUrl":"https:\/\/www.webdo.tn\/fr\/wp-content\/uploads\/2025\/09\/Attack-on-Alma-e1757947128596.jpg","width":1200,"height":686,"caption":"Navires cibl\u00e9s \u00e0 Sidi Bou Sa\u00efd\u00a0: Erdogan accuse explicitement Isra\u00ebl"},{"@type":"BreadcrumbList","@id":"https:\/\/www.webdo.tn\/fr\/actualite\/national\/flottille-apres-family-hier-aujourdhui-alma\/383185\/#breadcrumb","itemListElement":[{"@type":"ListItem","position":1,"name":"Accueil","item":"https:\/\/www.webdo.tn\/fr\/"},{"@type":"ListItem","position":2,"name":"Flottille : apr\u00e8s \u00ab Family \u00bb hier\u2026 aujourd\u2019hui \u00ab Alma \u00bb"}]},{"@type":"WebSite","@id":"https:\/\/www.webdo.tn\/fr\/#website","url":"https:\/\/www.webdo.tn\/fr\/","name":"webdo","description":"Tunisie - News en Tunisie et \u00e0 l&#039;international sur Webdo.tn","publisher":{"@id":"https:\/\/www.webdo.tn\/fr\/#organization"},"potentialAction":[{"@type":"SearchAction","target":{"@type":"EntryPoint","urlTemplate":"https:\/\/www.webdo.tn\/fr\/?s={search_term_string}"},"query-input":{"@type":"PropertyValueSpecification","valueRequired":true,"valueName":"search_term_string"}}],"inLanguage":"fr-FR"},{"@type":"Organization","@id":"https:\/\/www.webdo.tn\/fr\/#organization","name":"Webdo","alternateName":"Webdo.tn","url":"https:\/\/www.webdo.tn\/fr\/","logo":{"@type":"ImageObject","inLanguage":"fr-FR","@id":"https:\/\/www.webdo.tn\/fr\/#\/schema\/logo\/image\/","url":"https:\/\/www.webdo.tn\/fr\/wp-content\/uploads\/2025\/06\/Webdo-Tunisie_168377.jpg","contentUrl":"https:\/\/www.webdo.tn\/fr\/wp-content\/uploads\/2025\/06\/Webdo-Tunisie_168377.jpg","width":301,"height":301,"caption":"Webdo"},"image":{"@id":"https:\/\/www.webdo.tn\/fr\/#\/schema\/logo\/image\/"},"sameAs":["https:\/\/www.facebook.com\/webdotn","https:\/\/x.com\/webdo_tn"],"description":"Webdo est un m\u00e9dia num\u00e9rique tunisien fond\u00e9 en 2010, sp\u00e9cialis\u00e9 dans l\u2019actualit\u00e9 nationale et internationale, l\u2019\u00e9conomie, la soci\u00e9t\u00e9 et les analyses politiques. Le site s\u2019adresse \u00e0 un large public francophone et couvre l\u2019information tunisienne en temps r\u00e9el.","email":"redac@webdo.tn","legalName":"YNJ SARL","foundingDate":"2010-09-06","numberOfEmployees":{"@type":"QuantitativeValue","minValue":"11","maxValue":"50"}},{"@type":"Person","@id":"https:\/\/www.webdo.tn\/fr\/#\/schema\/person\/5663044c25eb36d8f88ba5b653f12f8c","name":"Ramzi Haddad","image":{"@type":"ImageObject","inLanguage":"fr-FR","@id":"https:\/\/www.webdo.tn\/fr\/wp-content\/uploads\/2026\/04\/ramzi-haddad_avatar-96x96.jpg","url":"https:\/\/www.webdo.tn\/fr\/wp-content\/uploads\/2026\/04\/ramzi-haddad_avatar-96x96.jpg","contentUrl":"https:\/\/www.webdo.tn\/fr\/wp-content\/uploads\/2026\/04\/ramzi-haddad_avatar-96x96.jpg","caption":"Ramzi Haddad"},"description":"Signature \u00e9ditoriale de Walid Ben Youssef Ramzi Haddad est le pseudonyme \u00e9ditorial de Walid Ben Youssef, fondateur et g\u00e9rant de Webdo.tn. Cette signature est d\u00e9di\u00e9e \u00e0 la couverture de l'actualit\u00e9 nationale et internationale, ainsi qu'aux analyses des dynamiques num\u00e9riques. Ce profil b\u00e9n\u00e9ficie de l'expertise de Walid Ben Youssef, pionnier du web en Tunisie depuis 2000 et dipl\u00f4m\u00e9 en Math\u00e9matiques pures de l'Universit\u00e9 d'Oregon. \u00c0 travers cette signature, la r\u00e9daction de Webdo garantit une information structur\u00e9e et v\u00e9rifi\u00e9e, fid\u00e8le aux standards journalistiques du m\u00e9dia.","url":"https:\/\/www.webdo.tn\/fr\/actualite\/author\/ramzi-haddad\/"}]}},"_links":{"self":[{"href":"https:\/\/www.webdo.tn\/fr\/wp-json\/wp\/v2\/posts\/383185","targetHints":{"allow":["GET"]}}],"collection":[{"href":"https:\/\/www.webdo.tn\/fr\/wp-json\/wp\/v2\/posts"}],"about":[{"href":"https:\/\/www.webdo.tn\/fr\/wp-json\/wp\/v2\/types\/post"}],"author":[{"embeddable":true,"href":"https:\/\/www.webdo.tn\/fr\/wp-json\/wp\/v2\/users\/3203"}],"replies":[{"embeddable":true,"href":"https:\/\/www.webdo.tn\/fr\/wp-json\/wp\/v2\/comments?post=383185"}],"version-history":[{"count":0,"href":"https:\/\/www.webdo.tn\/fr\/wp-json\/wp\/v2\/posts\/383185\/revisions"}],"wp:featuredmedia":[{"embeddable":true,"href":"https:\/\/www.webdo.tn\/fr\/wp-json\/wp\/v2\/media\/383187"}],"wp:attachment":[{"href":"https:\/\/www.webdo.tn\/fr\/wp-json\/wp\/v2\/media?parent=383185"}],"wp:term":[{"taxonomy":"category","embeddable":true,"href":"https:\/\/www.webdo.tn\/fr\/wp-json\/wp\/v2\/categories?post=383185"},{"taxonomy":"post_tag","embeddable":true,"href":"https:\/\/www.webdo.tn\/fr\/wp-json\/wp\/v2\/tags?post=383185"}],"curies":[{"name":"wp","href":"https:\/\/api.w.org\/{rel}","templated":true}]}}