{"id":383176,"date":"2025-09-09T20:41:34","date_gmt":"2025-09-09T19:41:34","guid":{"rendered":"https:\/\/www.webdo.tn\/fr\/?p=383176"},"modified":"2025-09-09T20:43:30","modified_gmt":"2025-09-09T19:43:30","slug":"france-sebastien-lecornu-nomme-premier-ministre","status":"publish","type":"post","link":"https:\/\/www.webdo.tn\/fr\/actualite\/international\/france-sebastien-lecornu-nomme-premier-ministre\/383176\/","title":{"rendered":"France\u00a0: S\u00e9bastien Lecornu nomm\u00e9 Premier ministre"},"content":{"rendered":"\n<p><strong>Emmanuel Macron a d\u00e9sign\u00e9 mardi S\u00e9bastien Lecornu comme chef du gouvernement, en remplacement de Fran\u00e7ois Bayrou, d\u00e9missionnaire. La c\u00e9r\u00e9monie officielle de passation est fix\u00e9e \u00e0 mercredi midi. Le nouveau Premier ministre, ancien ministre des Arm\u00e9es, promet des discussions avant la composition du gouvernement.<\/strong><\/p>\n\n\n\n<p>Fran\u00e7ois Bayrou a remis mardi sa d\u00e9mission de Matignon, ouvrant la voie \u00e0 un changement de t\u00eate au gouvernement. Dans la foul\u00e9e, Emmanuel Macron a nomm\u00e9 S\u00e9bastien Lecornu, jusque-l\u00e0 ministre des Arm\u00e9es, au poste de Premier ministre.<\/p>\n\n\n\n<p>Dans un premier message public, Lecornu a exprim\u00e9 sa gratitude envers le chef de l\u2019\u00c9tat : \u00ab Je remercie le pr\u00e9sident de la R\u00e9publique pour sa confiance \u00bb. La passation de pouvoir est programm\u00e9e mercredi \u00e0 midi, \u00e0 Matignon.<\/p>\n\n\n\n<h3 class=\"wp-block-heading\" id=\"h-reactions\">R\u00e9actions<\/h3>\n\n\n\n<p>Du c\u00f4t\u00e9 de l\u2019opposition, les critiques n\u2019ont pas tard\u00e9. Le Parti socialiste a d\u00e9nonc\u00e9 un choix risqu\u00e9 : \u00ab Emmanuel Macron prend le risque de la col\u00e8re sociale \u00bb, estime le PS, qui redoute une ligne politique inchang\u00e9e malgr\u00e9 ce changement de Premier ministre. D\u2019autres formations politiques attendent de voir la composition du futur gouvernement pour se positionner.<\/p>\n\n\n\n<h3 class=\"wp-block-heading\" id=\"h-un-habitue-des-dossiers-de-defense\">Un habitu\u00e9 des dossiers de d\u00e9fense<\/h3>\n\n\n\n<p>Fran\u00e7ois Bayrou, nomm\u00e9 \u00e0 Matignon il y a seulement quelques mois, a d\u00e9missionn\u00e9 apr\u00e8s des tensions persistantes autour de la conduite de la politique sociale et budg\u00e9taire. Le pr\u00e9sident Macron, confront\u00e9 \u00e0 une impopularit\u00e9 grandissante et \u00e0 des mouvements sociaux, mise sur Lecornu, proche du pouvoir ex\u00e9cutif et habitu\u00e9 aux dossiers de d\u00e9fense, pour incarner une nouvelle phase du quinquennat.<\/p>\n\n\n\n<p><\/p>\n\n\n\n<p><strong>Lire aussi :<\/strong><\/p>\n\n\n\n<ul class=\"wp-block-list\">\n<li><a href=\"https:\/\/www.webdo.tn\/fr\/actualite\/international\/france-le-gouvernement-bayrou-renverse-par-un-vote-de-defiance-a-lassemblee\/383072\/\">France : Le gouvernement Bayrou renvers\u00e9 par un vote de d\u00e9fiance \u00e0 l\u2019Assembl\u00e9e<\/a><\/li>\n\n\n\n<li><a href=\"https:\/\/www.webdo.tn\/fr\/actualite\/international\/france-francois-bayrou-nomme-premier-ministre\/218324\/\">France : Fran\u00e7ois Bayrou nomm\u00e9 Premier ministre<\/a><\/li>\n<\/ul>\n","protected":false},"excerpt":{"rendered":"<p>Emmanuel Macron a d\u00e9sign\u00e9 mardi S\u00e9bastien Lecornu comme chef du gouvernement, en remplacement de Fran\u00e7ois Bayrou, d\u00e9missionnaire. La c\u00e9r\u00e9monie officielle de passation est fix\u00e9e \u00e0 mercredi midi. Le nouveau Premier ministre, ancien ministre des Arm\u00e9es, promet des discussions avant la composition du gouvernement. Fran\u00e7ois Bayrou a remis mardi sa d\u00e9mission de Matignon, ouvrant la voie [&hellip;]<\/p>\n","protected":false},"author":3191,"featured_media":383177,"comment_status":"closed","ping_status":"closed","sticky":false,"template":"","format":"standard","meta":{"footnotes":""},"categories":[2598],"tags":[5467,2998,5785,12823],"class_list":["post-383176","post","type-post","status-publish","format-standard","has-post-thumbnail","hentry","category-international","tag-emmanuel-macron","tag-france","tag-premier-ministre","tag-sebastien-lecornu"],"yoast_head":"<!-- This site is optimized with the Yoast SEO Premium plugin v27.4 (Yoast SEO v27.5) - https:\/\/yoast.com\/product\/yoast-seo-premium-wordpress\/ -->\n<title>France\u00a0: S\u00e9bastien Lecornu nomm\u00e9 Premier ministre - webdo<\/title>\n<meta name=\"description\" content=\"S\u00e9bastien Lecornu devient Premier ministre de la France. Lisez sur sa nomination par Emmanuel Macron et ses promesses pour le gouvernement.\" \/>\n<link rel=\"canonical\" href=\"https:\/\/www.webdo.tn\/fr\/actualite\/international\/france-sebastien-lecornu-nomme-premier-ministre\/383176\/\" \/>\n<meta property=\"og:locale\" content=\"fr_FR\" \/>\n<meta property=\"og:type\" content=\"article\" \/>\n<meta property=\"og:title\" content=\"France\u00a0: S\u00e9bastien Lecornu nomm\u00e9 Premier ministre\" \/>\n<meta property=\"og:description\" content=\"S\u00e9bastien Lecornu devient Premier ministre de la France. Lisez sur sa nomination par Emmanuel Macron et ses promesses pour le gouvernement.\" \/>\n<meta property=\"og:url\" content=\"https:\/\/www.webdo.tn\/fr\/actualite\/international\/france-sebastien-lecornu-nomme-premier-ministre\/383176\/\" \/>\n<meta property=\"og:site_name\" content=\"webdo\" \/>\n<meta property=\"article:publisher\" content=\"https:\/\/www.facebook.com\/webdotn\" \/>\n<meta property=\"article:published_time\" content=\"2025-09-09T19:41:34+00:00\" \/>\n<meta property=\"article:modified_time\" content=\"2025-09-09T19:43:30+00:00\" \/>\n<meta property=\"og:image\" content=\"https:\/\/www.webdo.tn\/fr\/wp-content\/uploads\/2025\/09\/m.-sebastien-lecornu-e1757446834697.jpg\" \/>\n\t<meta property=\"og:image:width\" content=\"533\" \/>\n\t<meta property=\"og:image:height\" content=\"300\" \/>\n\t<meta property=\"og:image:type\" content=\"image\/jpeg\" \/>\n<meta name=\"author\" content=\"Mohamed Hedi Touati\" \/>\n<meta name=\"twitter:card\" content=\"summary_large_image\" \/>\n<meta name=\"twitter:creator\" content=\"@webdo_tn\" \/>\n<meta name=\"twitter:site\" content=\"@webdo_tn\" \/>\n<meta name=\"twitter:label1\" content=\"\u00c9crit par\" \/>\n\t<meta name=\"twitter:data1\" content=\"Mohamed Hedi Touati\" \/>\n\t<meta name=\"twitter:label2\" content=\"Dur\u00e9e de lecture estim\u00e9e\" \/>\n\t<meta name=\"twitter:data2\" content=\"2 minutes\" \/>\n<script type=\"application\/ld+json\" class=\"yoast-schema-graph\">{\"@context\":\"https:\\\/\\\/schema.org\",\"@graph\":[{\"@type\":\"NewsArticle\",\"@id\":\"https:\\\/\\\/www.webdo.tn\\\/fr\\\/actualite\\\/international\\\/france-sebastien-lecornu-nomme-premier-ministre\\\/383176\\\/#article\",\"isPartOf\":{\"@id\":\"https:\\\/\\\/www.webdo.tn\\\/fr\\\/actualite\\\/international\\\/france-sebastien-lecornu-nomme-premier-ministre\\\/383176\\\/\"},\"author\":{\"name\":\"Mohamed Hedi Touati\",\"@id\":\"https:\\\/\\\/www.webdo.tn\\\/fr\\\/#\\\/schema\\\/person\\\/c652cd8fc2b1b44412b5ffb48c5a911d\"},\"headline\":\"France\u00a0: S\u00e9bastien Lecornu nomm\u00e9 Premier ministre\",\"datePublished\":\"2025-09-09T19:41:34+00:00\",\"dateModified\":\"2025-09-09T19:43:30+00:00\",\"mainEntityOfPage\":{\"@id\":\"https:\\\/\\\/www.webdo.tn\\\/fr\\\/actualite\\\/international\\\/france-sebastien-lecornu-nomme-premier-ministre\\\/383176\\\/\"},\"wordCount\":295,\"publisher\":{\"@id\":\"https:\\\/\\\/www.webdo.tn\\\/fr\\\/#organization\"},\"image\":{\"@id\":\"https:\\\/\\\/www.webdo.tn\\\/fr\\\/actualite\\\/international\\\/france-sebastien-lecornu-nomme-premier-ministre\\\/383176\\\/#primaryimage\"},\"thumbnailUrl\":\"https:\\\/\\\/www.webdo.tn\\\/fr\\\/wp-content\\\/uploads\\\/2025\\\/09\\\/m.-sebastien-lecornu-e1757446834697.jpg\",\"keywords\":[\"Emmanuel Macron\",\"france\",\"Premier ministre\",\"s\u00e9bastien lecornu\"],\"articleSection\":[\"International\"],\"inLanguage\":\"fr-FR\"},{\"@type\":\"WebPage\",\"@id\":\"https:\\\/\\\/www.webdo.tn\\\/fr\\\/actualite\\\/international\\\/france-sebastien-lecornu-nomme-premier-ministre\\\/383176\\\/\",\"url\":\"https:\\\/\\\/www.webdo.tn\\\/fr\\\/actualite\\\/international\\\/france-sebastien-lecornu-nomme-premier-ministre\\\/383176\\\/\",\"name\":\"France\u00a0: S\u00e9bastien Lecornu nomm\u00e9 Premier ministre - webdo\",\"isPartOf\":{\"@id\":\"https:\\\/\\\/www.webdo.tn\\\/fr\\\/#website\"},\"primaryImageOfPage\":{\"@id\":\"https:\\\/\\\/www.webdo.tn\\\/fr\\\/actualite\\\/international\\\/france-sebastien-lecornu-nomme-premier-ministre\\\/383176\\\/#primaryimage\"},\"image\":{\"@id\":\"https:\\\/\\\/www.webdo.tn\\\/fr\\\/actualite\\\/international\\\/france-sebastien-lecornu-nomme-premier-ministre\\\/383176\\\/#primaryimage\"},\"thumbnailUrl\":\"https:\\\/\\\/www.webdo.tn\\\/fr\\\/wp-content\\\/uploads\\\/2025\\\/09\\\/m.-sebastien-lecornu-e1757446834697.jpg\",\"datePublished\":\"2025-09-09T19:41:34+00:00\",\"dateModified\":\"2025-09-09T19:43:30+00:00\",\"description\":\"S\u00e9bastien Lecornu devient Premier ministre de la France. Lisez sur sa nomination par Emmanuel Macron et ses promesses pour le gouvernement.\",\"breadcrumb\":{\"@id\":\"https:\\\/\\\/www.webdo.tn\\\/fr\\\/actualite\\\/international\\\/france-sebastien-lecornu-nomme-premier-ministre\\\/383176\\\/#breadcrumb\"},\"inLanguage\":\"fr-FR\",\"potentialAction\":[{\"@type\":\"ReadAction\",\"target\":[\"https:\\\/\\\/www.webdo.tn\\\/fr\\\/actualite\\\/international\\\/france-sebastien-lecornu-nomme-premier-ministre\\\/383176\\\/\"]}]},{\"@type\":\"ImageObject\",\"inLanguage\":\"fr-FR\",\"@id\":\"https:\\\/\\\/www.webdo.tn\\\/fr\\\/actualite\\\/international\\\/france-sebastien-lecornu-nomme-premier-ministre\\\/383176\\\/#primaryimage\",\"url\":\"https:\\\/\\\/www.webdo.tn\\\/fr\\\/wp-content\\\/uploads\\\/2025\\\/09\\\/m.-sebastien-lecornu-e1757446834697.jpg\",\"contentUrl\":\"https:\\\/\\\/www.webdo.tn\\\/fr\\\/wp-content\\\/uploads\\\/2025\\\/09\\\/m.-sebastien-lecornu-e1757446834697.jpg\",\"width\":533,\"height\":300,\"caption\":\"France\u00a0: S\u00e9bastien Lecornu nomm\u00e9 Premier ministre\"},{\"@type\":\"BreadcrumbList\",\"@id\":\"https:\\\/\\\/www.webdo.tn\\\/fr\\\/actualite\\\/international\\\/france-sebastien-lecornu-nomme-premier-ministre\\\/383176\\\/#breadcrumb\",\"itemListElement\":[{\"@type\":\"ListItem\",\"position\":1,\"name\":\"Accueil\",\"item\":\"https:\\\/\\\/www.webdo.tn\\\/fr\\\/\"},{\"@type\":\"ListItem\",\"position\":2,\"name\":\"France\u00a0: S\u00e9bastien Lecornu nomm\u00e9 Premier ministre\"}]},{\"@type\":\"WebSite\",\"@id\":\"https:\\\/\\\/www.webdo.tn\\\/fr\\\/#website\",\"url\":\"https:\\\/\\\/www.webdo.tn\\\/fr\\\/\",\"name\":\"webdo\",\"description\":\"Tunisie - News en Tunisie et \u00e0 l&#039;international sur Webdo.tn\",\"publisher\":{\"@id\":\"https:\\\/\\\/www.webdo.tn\\\/fr\\\/#organization\"},\"potentialAction\":[{\"@type\":\"SearchAction\",\"target\":{\"@type\":\"EntryPoint\",\"urlTemplate\":\"https:\\\/\\\/www.webdo.tn\\\/fr\\\/?s={search_term_string}\"},\"query-input\":{\"@type\":\"PropertyValueSpecification\",\"valueRequired\":true,\"valueName\":\"search_term_string\"}}],\"inLanguage\":\"fr-FR\"},{\"@type\":\"Organization\",\"@id\":\"https:\\\/\\\/www.webdo.tn\\\/fr\\\/#organization\",\"name\":\"Webdo\",\"alternateName\":\"Webdo.tn\",\"url\":\"https:\\\/\\\/www.webdo.tn\\\/fr\\\/\",\"logo\":{\"@type\":\"ImageObject\",\"inLanguage\":\"fr-FR\",\"@id\":\"https:\\\/\\\/www.webdo.tn\\\/fr\\\/#\\\/schema\\\/logo\\\/image\\\/\",\"url\":\"https:\\\/\\\/www.webdo.tn\\\/fr\\\/wp-content\\\/uploads\\\/2025\\\/06\\\/Webdo-Tunisie_168377.jpg\",\"contentUrl\":\"https:\\\/\\\/www.webdo.tn\\\/fr\\\/wp-content\\\/uploads\\\/2025\\\/06\\\/Webdo-Tunisie_168377.jpg\",\"width\":301,\"height\":301,\"caption\":\"Webdo\"},\"image\":{\"@id\":\"https:\\\/\\\/www.webdo.tn\\\/fr\\\/#\\\/schema\\\/logo\\\/image\\\/\"},\"sameAs\":[\"https:\\\/\\\/www.facebook.com\\\/webdotn\",\"https:\\\/\\\/x.com\\\/webdo_tn\"],\"description\":\"Webdo est un m\u00e9dia num\u00e9rique tunisien fond\u00e9 en 2010, sp\u00e9cialis\u00e9 dans l\u2019actualit\u00e9 nationale et internationale, l\u2019\u00e9conomie, la soci\u00e9t\u00e9 et les analyses politiques. Le site s\u2019adresse \u00e0 un large public francophone et couvre l\u2019information tunisienne en temps r\u00e9el.\",\"email\":\"redac@webdo.tn\",\"legalName\":\"YNJ SARL\",\"foundingDate\":\"2010-09-06\",\"numberOfEmployees\":{\"@type\":\"QuantitativeValue\",\"minValue\":\"11\",\"maxValue\":\"50\"}},{\"@type\":\"Person\",\"@id\":\"https:\\\/\\\/www.webdo.tn\\\/fr\\\/#\\\/schema\\\/person\\\/c652cd8fc2b1b44412b5ffb48c5a911d\",\"name\":\"Mohamed Hedi Touati\",\"image\":{\"@type\":\"ImageObject\",\"inLanguage\":\"fr-FR\",\"@id\":\"https:\\\/\\\/secure.gravatar.com\\\/avatar\\\/9cfd402c745b7a685f13eed0ea6e59d2144a3c2fc50a3db6fd5ed451f6cddf1a?s=96&d=mm&r=g\",\"url\":\"https:\\\/\\\/secure.gravatar.com\\\/avatar\\\/9cfd402c745b7a685f13eed0ea6e59d2144a3c2fc50a3db6fd5ed451f6cddf1a?s=96&d=mm&r=g\",\"contentUrl\":\"https:\\\/\\\/secure.gravatar.com\\\/avatar\\\/9cfd402c745b7a685f13eed0ea6e59d2144a3c2fc50a3db6fd5ed451f6cddf1a?s=96&d=mm&r=g\",\"caption\":\"Mohamed Hedi Touati\"},\"url\":\"https:\\\/\\\/www.webdo.tn\\\/fr\\\/actualite\\\/author\\\/mohamed-hedi-touati\\\/\"}]}<\/script>\n<!-- \/ Yoast SEO Premium plugin. -->","yoast_head_json":{"title":"France\u00a0: S\u00e9bastien Lecornu nomm\u00e9 Premier ministre - webdo","description":"S\u00e9bastien Lecornu devient Premier ministre de la France. Lisez sur sa nomination par Emmanuel Macron et ses promesses pour le gouvernement.","canonical":"https:\/\/www.webdo.tn\/fr\/actualite\/international\/france-sebastien-lecornu-nomme-premier-ministre\/383176\/","og_locale":"fr_FR","og_type":"article","og_title":"France\u00a0: S\u00e9bastien Lecornu nomm\u00e9 Premier ministre","og_description":"S\u00e9bastien Lecornu devient Premier ministre de la France. Lisez sur sa nomination par Emmanuel Macron et ses promesses pour le gouvernement.","og_url":"https:\/\/www.webdo.tn\/fr\/actualite\/international\/france-sebastien-lecornu-nomme-premier-ministre\/383176\/","og_site_name":"webdo","article_publisher":"https:\/\/www.facebook.com\/webdotn","article_published_time":"2025-09-09T19:41:34+00:00","article_modified_time":"2025-09-09T19:43:30+00:00","og_image":[{"width":533,"height":300,"url":"https:\/\/www.webdo.tn\/fr\/wp-content\/uploads\/2025\/09\/m.-sebastien-lecornu-e1757446834697.jpg","type":"image\/jpeg"}],"author":"Mohamed Hedi Touati","twitter_card":"summary_large_image","twitter_creator":"@webdo_tn","twitter_site":"@webdo_tn","twitter_misc":{"\u00c9crit par":"Mohamed Hedi Touati","Dur\u00e9e de lecture estim\u00e9e":"2 minutes"},"schema":{"@context":"https:\/\/schema.org","@graph":[{"@type":"NewsArticle","@id":"https:\/\/www.webdo.tn\/fr\/actualite\/international\/france-sebastien-lecornu-nomme-premier-ministre\/383176\/#article","isPartOf":{"@id":"https:\/\/www.webdo.tn\/fr\/actualite\/international\/france-sebastien-lecornu-nomme-premier-ministre\/383176\/"},"author":{"name":"Mohamed Hedi Touati","@id":"https:\/\/www.webdo.tn\/fr\/#\/schema\/person\/c652cd8fc2b1b44412b5ffb48c5a911d"},"headline":"France\u00a0: S\u00e9bastien Lecornu nomm\u00e9 Premier ministre","datePublished":"2025-09-09T19:41:34+00:00","dateModified":"2025-09-09T19:43:30+00:00","mainEntityOfPage":{"@id":"https:\/\/www.webdo.tn\/fr\/actualite\/international\/france-sebastien-lecornu-nomme-premier-ministre\/383176\/"},"wordCount":295,"publisher":{"@id":"https:\/\/www.webdo.tn\/fr\/#organization"},"image":{"@id":"https:\/\/www.webdo.tn\/fr\/actualite\/international\/france-sebastien-lecornu-nomme-premier-ministre\/383176\/#primaryimage"},"thumbnailUrl":"https:\/\/www.webdo.tn\/fr\/wp-content\/uploads\/2025\/09\/m.-sebastien-lecornu-e1757446834697.jpg","keywords":["Emmanuel Macron","france","Premier ministre","s\u00e9bastien lecornu"],"articleSection":["International"],"inLanguage":"fr-FR"},{"@type":"WebPage","@id":"https:\/\/www.webdo.tn\/fr\/actualite\/international\/france-sebastien-lecornu-nomme-premier-ministre\/383176\/","url":"https:\/\/www.webdo.tn\/fr\/actualite\/international\/france-sebastien-lecornu-nomme-premier-ministre\/383176\/","name":"France\u00a0: S\u00e9bastien Lecornu nomm\u00e9 Premier ministre - webdo","isPartOf":{"@id":"https:\/\/www.webdo.tn\/fr\/#website"},"primaryImageOfPage":{"@id":"https:\/\/www.webdo.tn\/fr\/actualite\/international\/france-sebastien-lecornu-nomme-premier-ministre\/383176\/#primaryimage"},"image":{"@id":"https:\/\/www.webdo.tn\/fr\/actualite\/international\/france-sebastien-lecornu-nomme-premier-ministre\/383176\/#primaryimage"},"thumbnailUrl":"https:\/\/www.webdo.tn\/fr\/wp-content\/uploads\/2025\/09\/m.-sebastien-lecornu-e1757446834697.jpg","datePublished":"2025-09-09T19:41:34+00:00","dateModified":"2025-09-09T19:43:30+00:00","description":"S\u00e9bastien Lecornu devient Premier ministre de la France. Lisez sur sa nomination par Emmanuel Macron et ses promesses pour le gouvernement.","breadcrumb":{"@id":"https:\/\/www.webdo.tn\/fr\/actualite\/international\/france-sebastien-lecornu-nomme-premier-ministre\/383176\/#breadcrumb"},"inLanguage":"fr-FR","potentialAction":[{"@type":"ReadAction","target":["https:\/\/www.webdo.tn\/fr\/actualite\/international\/france-sebastien-lecornu-nomme-premier-ministre\/383176\/"]}]},{"@type":"ImageObject","inLanguage":"fr-FR","@id":"https:\/\/www.webdo.tn\/fr\/actualite\/international\/france-sebastien-lecornu-nomme-premier-ministre\/383176\/#primaryimage","url":"https:\/\/www.webdo.tn\/fr\/wp-content\/uploads\/2025\/09\/m.-sebastien-lecornu-e1757446834697.jpg","contentUrl":"https:\/\/www.webdo.tn\/fr\/wp-content\/uploads\/2025\/09\/m.-sebastien-lecornu-e1757446834697.jpg","width":533,"height":300,"caption":"France\u00a0: S\u00e9bastien Lecornu nomm\u00e9 Premier ministre"},{"@type":"BreadcrumbList","@id":"https:\/\/www.webdo.tn\/fr\/actualite\/international\/france-sebastien-lecornu-nomme-premier-ministre\/383176\/#breadcrumb","itemListElement":[{"@type":"ListItem","position":1,"name":"Accueil","item":"https:\/\/www.webdo.tn\/fr\/"},{"@type":"ListItem","position":2,"name":"France\u00a0: S\u00e9bastien Lecornu nomm\u00e9 Premier ministre"}]},{"@type":"WebSite","@id":"https:\/\/www.webdo.tn\/fr\/#website","url":"https:\/\/www.webdo.tn\/fr\/","name":"webdo","description":"Tunisie - News en Tunisie et \u00e0 l&#039;international sur Webdo.tn","publisher":{"@id":"https:\/\/www.webdo.tn\/fr\/#organization"},"potentialAction":[{"@type":"SearchAction","target":{"@type":"EntryPoint","urlTemplate":"https:\/\/www.webdo.tn\/fr\/?s={search_term_string}"},"query-input":{"@type":"PropertyValueSpecification","valueRequired":true,"valueName":"search_term_string"}}],"inLanguage":"fr-FR"},{"@type":"Organization","@id":"https:\/\/www.webdo.tn\/fr\/#organization","name":"Webdo","alternateName":"Webdo.tn","url":"https:\/\/www.webdo.tn\/fr\/","logo":{"@type":"ImageObject","inLanguage":"fr-FR","@id":"https:\/\/www.webdo.tn\/fr\/#\/schema\/logo\/image\/","url":"https:\/\/www.webdo.tn\/fr\/wp-content\/uploads\/2025\/06\/Webdo-Tunisie_168377.jpg","contentUrl":"https:\/\/www.webdo.tn\/fr\/wp-content\/uploads\/2025\/06\/Webdo-Tunisie_168377.jpg","width":301,"height":301,"caption":"Webdo"},"image":{"@id":"https:\/\/www.webdo.tn\/fr\/#\/schema\/logo\/image\/"},"sameAs":["https:\/\/www.facebook.com\/webdotn","https:\/\/x.com\/webdo_tn"],"description":"Webdo est un m\u00e9dia num\u00e9rique tunisien fond\u00e9 en 2010, sp\u00e9cialis\u00e9 dans l\u2019actualit\u00e9 nationale et internationale, l\u2019\u00e9conomie, la soci\u00e9t\u00e9 et les analyses politiques. Le site s\u2019adresse \u00e0 un large public francophone et couvre l\u2019information tunisienne en temps r\u00e9el.","email":"redac@webdo.tn","legalName":"YNJ SARL","foundingDate":"2010-09-06","numberOfEmployees":{"@type":"QuantitativeValue","minValue":"11","maxValue":"50"}},{"@type":"Person","@id":"https:\/\/www.webdo.tn\/fr\/#\/schema\/person\/c652cd8fc2b1b44412b5ffb48c5a911d","name":"Mohamed Hedi Touati","image":{"@type":"ImageObject","inLanguage":"fr-FR","@id":"https:\/\/secure.gravatar.com\/avatar\/9cfd402c745b7a685f13eed0ea6e59d2144a3c2fc50a3db6fd5ed451f6cddf1a?s=96&d=mm&r=g","url":"https:\/\/secure.gravatar.com\/avatar\/9cfd402c745b7a685f13eed0ea6e59d2144a3c2fc50a3db6fd5ed451f6cddf1a?s=96&d=mm&r=g","contentUrl":"https:\/\/secure.gravatar.com\/avatar\/9cfd402c745b7a685f13eed0ea6e59d2144a3c2fc50a3db6fd5ed451f6cddf1a?s=96&d=mm&r=g","caption":"Mohamed Hedi Touati"},"url":"https:\/\/www.webdo.tn\/fr\/actualite\/author\/mohamed-hedi-touati\/"}]}},"_links":{"self":[{"href":"https:\/\/www.webdo.tn\/fr\/wp-json\/wp\/v2\/posts\/383176","targetHints":{"allow":["GET"]}}],"collection":[{"href":"https:\/\/www.webdo.tn\/fr\/wp-json\/wp\/v2\/posts"}],"about":[{"href":"https:\/\/www.webdo.tn\/fr\/wp-json\/wp\/v2\/types\/post"}],"author":[{"embeddable":true,"href":"https:\/\/www.webdo.tn\/fr\/wp-json\/wp\/v2\/users\/3191"}],"replies":[{"embeddable":true,"href":"https:\/\/www.webdo.tn\/fr\/wp-json\/wp\/v2\/comments?post=383176"}],"version-history":[{"count":0,"href":"https:\/\/www.webdo.tn\/fr\/wp-json\/wp\/v2\/posts\/383176\/revisions"}],"wp:featuredmedia":[{"embeddable":true,"href":"https:\/\/www.webdo.tn\/fr\/wp-json\/wp\/v2\/media\/383177"}],"wp:attachment":[{"href":"https:\/\/www.webdo.tn\/fr\/wp-json\/wp\/v2\/media?parent=383176"}],"wp:term":[{"taxonomy":"category","embeddable":true,"href":"https:\/\/www.webdo.tn\/fr\/wp-json\/wp\/v2\/categories?post=383176"},{"taxonomy":"post_tag","embeddable":true,"href":"https:\/\/www.webdo.tn\/fr\/wp-json\/wp\/v2\/tags?post=383176"}],"curies":[{"name":"wp","href":"https:\/\/api.w.org\/{rel}","templated":true}]}}