{"id":383130,"date":"2025-09-09T18:24:47","date_gmt":"2025-09-09T17:24:47","guid":{"rendered":"https:\/\/www.webdo.tn\/fr\/?p=383130"},"modified":"2025-09-10T09:05:49","modified_gmt":"2025-09-10T08:05:49","slug":"boycott-contre-israel-des-multinationales-dans-la-tourmente-en-tunisie-et-au-moyen-orient","status":"publish","type":"post","link":"https:\/\/www.webdo.tn\/fr\/actualite\/national\/boycott-contre-israel-des-multinationales-dans-la-tourmente-en-tunisie-et-au-moyen-orient\/383130\/","title":{"rendered":"Boycott contre Isra\u00ebl : Des multinationales dans la tourmente en Tunisie et au Moyen-Orient"},"content":{"rendered":"\n<p><strong>Depuis octobre 2023, la guerre \u00e0 Gaza a d\u00e9clench\u00e9 une vague de boycott contre les multinationales accus\u00e9es de soutenir Isra\u00ebl. En Tunisie, comme dans tout le monde arabe, des marques comme KFC, Coca-Cola ou Carrefour subissent la pression des consommateurs.<\/strong><\/p>\n\n\n\n<h3 class=\"wp-block-heading\" id=\"h-chute-des-ventes-et-impact-direct-sur-les-geants-americains\"><strong>Chute des ventes et impact direct sur les g\u00e9ants am\u00e9ricains<\/strong><\/h3>\n\n\n\n<p>En 2024, Starbucks et McDonald\u2019s affichent des r\u00e9sultats trimestriels en baisse dans la r\u00e9gion. Les \u00e9tablissements restent ouverts, mais la fr\u00e9quentation chute. Les supermarch\u00e9s conservent les bouteilles de Coca-Cola en rayon, mais leurs ventes reculent par rapport \u00e0 l\u2019avant-guerre.<\/p>\n\n\n\n<p>Selon l\u2019agence Anadolu, les actions des multinationales cibl\u00e9es ont perdu <strong>10 \u00e0 15\u202f% entre fin 2023 et 2024<\/strong>, confirmant que le boycott n\u2019est pas un ph\u00e9nom\u00e8ne passager, mais une tendance durable.<\/p>\n\n\n\n<h3 class=\"wp-block-heading\" id=\"h-carrefour-vise-l-image-de-la-marque-en-danger\"><strong>Carrefour vis\u00e9 : l\u2019image de la marque en danger<\/strong><\/h3>\n\n\n\n<p>Le groupe Carrefour a \u00e9t\u00e9 au centre des critiques apr\u00e8s la diffusion d\u2019images montrant <strong>Electra Consumer Products<\/strong>, qui g\u00e8re ses franchises en Isra\u00ebl, approvisionnant l\u2019arm\u00e9e isra\u00e9lienne. Sur TikTok, le hashtag <strong>#boycottcarrefour<\/strong> d\u00e9passe les 2,3 millions de vues. Les vid\u00e9os d\u2019all\u00e9es d\u00e9sertes se multiplient. <a href=\"https:\/\/www.webdo.tn\/fr\/actualite\/national\/manifestation-a-linterieur-du-carrefour-la-marsa-heurts-et-boycott-annonce\/382501\/\">En <strong>Tunisie<\/strong>, un magasin \u00e0 La Marsa a m\u00eame \u00e9t\u00e9 le th\u00e9\u00e2tre d\u2019une manifestation appelant au boycott<\/a>.<\/p>\n\n\n\n<p>Coca-Cola, Starbucks, McDonald\u2019s, Burger King, KFC, Pizza Hut et Domino\u2019s sont vis\u00e9es. Sur TikTok et Instagram, des listes enti\u00e8res de marques \u00ab\u00a0complices\u00a0\u00bb circulent. Le mot-cl\u00e9 <strong>#boycottisrael<\/strong> cumule plus de <strong>4,8 millions de vues<\/strong>, montrant l\u2019ampleur mondiale du mouvement.<\/p>\n\n\n\n<p>En <strong>Tunisie<\/strong>, les restaurants KFC sont moins fr\u00e9quent\u00e9s, certains managers <strong>murmurent une possible vente<\/strong>. Les ventes de Coca-Cola ralentissent. Le boycott d\u00e9passe d\u00e9sormais l\u2019achat de produits pour inclure des manifestations dans les grandes surfaces.<\/p>\n\n\n\n<h3 class=\"wp-block-heading\" id=\"h-la-montee-en-puissance-des-ventes-en-ligne-en-tunisie-malgre-le-boycott\"><strong>La mont\u00e9e en puissance des ventes en ligne en Tunisie malgr\u00e9 le boycott<\/strong><\/h3>\n\n\n\n<p><strong>Fait surprenant en Tunisie <\/strong>: selon des experts, alors que les restaurants <strong>KFC<\/strong> sont d\u00e9sert\u00e9s, leur chiffre d\u2019affaires en ligne aurait \u00e9t\u00e9 <strong>multipli\u00e9 par huit<\/strong> entre 2023 et 2024.<\/p>\n\n\n\n<p>Ce ph\u00e9nom\u00e8ne illustre une tendance particuli\u00e8re : certains consommateurs fid\u00e8les \u00e0 la marque pr\u00e9f\u00e8rent <strong>commander \u00e0 distance<\/strong>, par \u00ab\u00a0honte\u00a0\u00bb de se rendre sur place. Cette strat\u00e9gie permet aux clients de continuer \u00e0 soutenir leurs marques pr\u00e9f\u00e9r\u00e9es tout en r\u00e9pondant aux appels au boycott.<\/p>\n\n\n\n<p>Les experts notent que ce comportement refl\u00e8te une nouvelle forme de consommation <strong>adaptative et symbolique<\/strong>, o\u00f9 l\u2019achat en ligne devient un moyen de contourner la pression sociale directe tout en conservant ses habitudes de consommation.<\/p>\n\n\n\n<h3 class=\"wp-block-heading\" id=\"h-une-arme-economique-et-politique-puissante\"><strong>Une arme \u00e9conomique et politique puissante<\/strong><\/h3>\n\n\n\n<p>Pour les experts, l\u2019efficacit\u00e9 du boycott r\u00e9side moins dans les actions ponctuelles que dans la constance des choix des consommateurs. La fid\u00e9lit\u00e9 au boycott <strong>affaiblit les strat\u00e9gies de croissance des entreprises<\/strong> et oblige les multinationales \u00e0 int\u00e9grer cette pression dans leurs rapports financiers.<\/p>\n\n\n\n<p>Dans le contexte actuel, le boycott est per\u00e7u comme <strong>une forme de r\u00e9sistance pacifique<\/strong>, mais extr\u00eamement influente. Il combine sanction \u00e9conomique et message politique fort adress\u00e9 aux gouvernements et investisseurs.<\/p>\n\n\n\n<p><strong>Lire aussi :<\/strong><\/p>\n\n\n\n<ul class=\"wp-block-list\">\n<li><a href=\"https:\/\/www.webdo.tn\/fr\/actualite\/national\/manifestation-a-linterieur-du-carrefour-la-marsa-heurts-et-boycott-annonce\/382501\/\">Manifestation \u00e0 l\u2019int\u00e9rieur du Carrefour La Marsa : heurts et boycott annonc\u00e9<\/a><\/li>\n\n\n\n<li><a href=\"https:\/\/www.webdo.tn\/fr\/actualite\/national\/tunisie-manifestation-contre-maersk-accuse-de-soutenir-israel\/217830\/\">Tunisie : Manifestation contre Maersk, accus\u00e9 de soutenir Isra\u00ebl<\/a><\/li>\n<\/ul>\n","protected":false},"excerpt":{"rendered":"<p>Depuis octobre 2023, la guerre \u00e0 Gaza a d\u00e9clench\u00e9 une vague de boycott contre les multinationales accus\u00e9es de soutenir Isra\u00ebl. En Tunisie, comme dans tout le monde arabe, des marques comme KFC, Coca-Cola ou Carrefour subissent la pression des consommateurs. Chute des ventes et impact direct sur les g\u00e9ants am\u00e9ricains En 2024, Starbucks et McDonald\u2019s [&hellip;]<\/p>\n","protected":false},"author":3191,"featured_media":383131,"comment_status":"closed","ping_status":"closed","sticky":false,"template":"","format":"standard","meta":{"footnotes":""},"categories":[2598,44],"tags":[3509,2689,2636,4212,8817,2608],"class_list":["post-383130","post","type-post","status-publish","format-standard","has-post-thumbnail","hentry","category-international","category-national","tag-boycott","tag-gaza","tag-israel","tag-marques","tag-multinationales","tag-tunisie"],"yoast_head":"<!-- This site is optimized with the Yoast SEO Premium plugin v27.5 (Yoast SEO v27.5) - https:\/\/yoast.com\/product\/yoast-seo-premium-wordpress\/ -->\n<title>Boycott contre Isra\u00ebl : Des multinationales dans la tourmente en Tunisie et au Moyen-Orient - webdo<\/title>\n<meta name=\"description\" content=\"Les multinationales en difficult\u00e9 : explorez le boycott contre Isra\u00ebl et ses effets sur le march\u00e9 en Tunisie et au Moyen-Orient.\" \/>\n<link rel=\"canonical\" href=\"https:\/\/www.webdo.tn\/fr\/actualite\/national\/boycott-contre-israel-des-multinationales-dans-la-tourmente-en-tunisie-et-au-moyen-orient\/383130\/\" \/>\n<meta property=\"og:locale\" content=\"fr_FR\" \/>\n<meta property=\"og:type\" content=\"article\" \/>\n<meta property=\"og:title\" content=\"Boycott contre Isra\u00ebl : Des multinationales dans la tourmente en Tunisie et au Moyen-Orient\" \/>\n<meta property=\"og:description\" content=\"Les multinationales en difficult\u00e9 : explorez le boycott contre Isra\u00ebl et ses effets sur le march\u00e9 en Tunisie et au Moyen-Orient.\" \/>\n<meta property=\"og:url\" content=\"https:\/\/www.webdo.tn\/fr\/actualite\/national\/boycott-contre-israel-des-multinationales-dans-la-tourmente-en-tunisie-et-au-moyen-orient\/383130\/\" \/>\n<meta property=\"og:site_name\" content=\"webdo\" \/>\n<meta property=\"article:publisher\" content=\"https:\/\/www.facebook.com\/webdotn\" \/>\n<meta property=\"article:published_time\" content=\"2025-09-09T17:24:47+00:00\" \/>\n<meta property=\"article:modified_time\" content=\"2025-09-10T08:05:49+00:00\" \/>\n<meta property=\"og:image\" content=\"https:\/\/www.webdo.tn\/fr\/wp-content\/uploads\/2025\/09\/kfcbanner-e1757416187173.jpg\" \/>\n\t<meta property=\"og:image:width\" content=\"510\" \/>\n\t<meta property=\"og:image:height\" content=\"300\" \/>\n\t<meta property=\"og:image:type\" content=\"image\/jpeg\" \/>\n<meta name=\"author\" content=\"Mohamed Hedi Touati\" \/>\n<meta name=\"twitter:card\" content=\"summary_large_image\" \/>\n<meta name=\"twitter:creator\" content=\"@webdo_tn\" \/>\n<meta name=\"twitter:site\" content=\"@webdo_tn\" \/>\n<meta name=\"twitter:label1\" content=\"\u00c9crit par\" \/>\n\t<meta name=\"twitter:data1\" content=\"Mohamed Hedi Touati\" \/>\n\t<meta name=\"twitter:label2\" content=\"Dur\u00e9e de lecture estim\u00e9e\" \/>\n\t<meta name=\"twitter:data2\" content=\"3 minutes\" \/>\n<script type=\"application\/ld+json\" class=\"yoast-schema-graph\">{\"@context\":\"https:\\\/\\\/schema.org\",\"@graph\":[{\"@type\":\"NewsArticle\",\"@id\":\"https:\\\/\\\/www.webdo.tn\\\/fr\\\/actualite\\\/national\\\/boycott-contre-israel-des-multinationales-dans-la-tourmente-en-tunisie-et-au-moyen-orient\\\/383130\\\/#article\",\"isPartOf\":{\"@id\":\"https:\\\/\\\/www.webdo.tn\\\/fr\\\/actualite\\\/national\\\/boycott-contre-israel-des-multinationales-dans-la-tourmente-en-tunisie-et-au-moyen-orient\\\/383130\\\/\"},\"author\":{\"name\":\"Mohamed Hedi Touati\",\"@id\":\"https:\\\/\\\/www.webdo.tn\\\/fr\\\/#\\\/schema\\\/person\\\/c652cd8fc2b1b44412b5ffb48c5a911d\"},\"headline\":\"Boycott contre Isra\u00ebl : Des multinationales dans la tourmente en Tunisie et au Moyen-Orient\",\"datePublished\":\"2025-09-09T17:24:47+00:00\",\"dateModified\":\"2025-09-10T08:05:49+00:00\",\"mainEntityOfPage\":{\"@id\":\"https:\\\/\\\/www.webdo.tn\\\/fr\\\/actualite\\\/national\\\/boycott-contre-israel-des-multinationales-dans-la-tourmente-en-tunisie-et-au-moyen-orient\\\/383130\\\/\"},\"wordCount\":543,\"publisher\":{\"@id\":\"https:\\\/\\\/www.webdo.tn\\\/fr\\\/#organization\"},\"image\":{\"@id\":\"https:\\\/\\\/www.webdo.tn\\\/fr\\\/actualite\\\/national\\\/boycott-contre-israel-des-multinationales-dans-la-tourmente-en-tunisie-et-au-moyen-orient\\\/383130\\\/#primaryimage\"},\"thumbnailUrl\":\"https:\\\/\\\/www.webdo.tn\\\/fr\\\/wp-content\\\/uploads\\\/2025\\\/09\\\/kfcbanner-e1757416187173.jpg\",\"keywords\":[\"Boycott\",\"Gaza\",\"isra\u00ebl\",\"marques\",\"multinationales\",\"Tunisie\"],\"articleSection\":[\"International\",\"National\"],\"inLanguage\":\"fr-FR\"},{\"@type\":\"WebPage\",\"@id\":\"https:\\\/\\\/www.webdo.tn\\\/fr\\\/actualite\\\/national\\\/boycott-contre-israel-des-multinationales-dans-la-tourmente-en-tunisie-et-au-moyen-orient\\\/383130\\\/\",\"url\":\"https:\\\/\\\/www.webdo.tn\\\/fr\\\/actualite\\\/national\\\/boycott-contre-israel-des-multinationales-dans-la-tourmente-en-tunisie-et-au-moyen-orient\\\/383130\\\/\",\"name\":\"Boycott contre Isra\u00ebl : Des multinationales dans la tourmente en Tunisie et au Moyen-Orient - webdo\",\"isPartOf\":{\"@id\":\"https:\\\/\\\/www.webdo.tn\\\/fr\\\/#website\"},\"primaryImageOfPage\":{\"@id\":\"https:\\\/\\\/www.webdo.tn\\\/fr\\\/actualite\\\/national\\\/boycott-contre-israel-des-multinationales-dans-la-tourmente-en-tunisie-et-au-moyen-orient\\\/383130\\\/#primaryimage\"},\"image\":{\"@id\":\"https:\\\/\\\/www.webdo.tn\\\/fr\\\/actualite\\\/national\\\/boycott-contre-israel-des-multinationales-dans-la-tourmente-en-tunisie-et-au-moyen-orient\\\/383130\\\/#primaryimage\"},\"thumbnailUrl\":\"https:\\\/\\\/www.webdo.tn\\\/fr\\\/wp-content\\\/uploads\\\/2025\\\/09\\\/kfcbanner-e1757416187173.jpg\",\"datePublished\":\"2025-09-09T17:24:47+00:00\",\"dateModified\":\"2025-09-10T08:05:49+00:00\",\"description\":\"Les multinationales en difficult\u00e9 : explorez le boycott contre Isra\u00ebl et ses effets sur le march\u00e9 en Tunisie et au Moyen-Orient.\",\"breadcrumb\":{\"@id\":\"https:\\\/\\\/www.webdo.tn\\\/fr\\\/actualite\\\/national\\\/boycott-contre-israel-des-multinationales-dans-la-tourmente-en-tunisie-et-au-moyen-orient\\\/383130\\\/#breadcrumb\"},\"inLanguage\":\"fr-FR\",\"potentialAction\":[{\"@type\":\"ReadAction\",\"target\":[\"https:\\\/\\\/www.webdo.tn\\\/fr\\\/actualite\\\/national\\\/boycott-contre-israel-des-multinationales-dans-la-tourmente-en-tunisie-et-au-moyen-orient\\\/383130\\\/\"]}]},{\"@type\":\"ImageObject\",\"inLanguage\":\"fr-FR\",\"@id\":\"https:\\\/\\\/www.webdo.tn\\\/fr\\\/actualite\\\/national\\\/boycott-contre-israel-des-multinationales-dans-la-tourmente-en-tunisie-et-au-moyen-orient\\\/383130\\\/#primaryimage\",\"url\":\"https:\\\/\\\/www.webdo.tn\\\/fr\\\/wp-content\\\/uploads\\\/2025\\\/09\\\/kfcbanner-e1757416187173.jpg\",\"contentUrl\":\"https:\\\/\\\/www.webdo.tn\\\/fr\\\/wp-content\\\/uploads\\\/2025\\\/09\\\/kfcbanner-e1757416187173.jpg\",\"width\":510,\"height\":300,\"caption\":\"Boycott contre Isra\u00ebl : Des multinationales dans la tourmente en Tunisie et au Moyen-Orient\"},{\"@type\":\"BreadcrumbList\",\"@id\":\"https:\\\/\\\/www.webdo.tn\\\/fr\\\/actualite\\\/national\\\/boycott-contre-israel-des-multinationales-dans-la-tourmente-en-tunisie-et-au-moyen-orient\\\/383130\\\/#breadcrumb\",\"itemListElement\":[{\"@type\":\"ListItem\",\"position\":1,\"name\":\"Accueil\",\"item\":\"https:\\\/\\\/www.webdo.tn\\\/fr\\\/\"},{\"@type\":\"ListItem\",\"position\":2,\"name\":\"Boycott contre Isra\u00ebl : Des multinationales dans la tourmente en Tunisie et au Moyen-Orient\"}]},{\"@type\":\"WebSite\",\"@id\":\"https:\\\/\\\/www.webdo.tn\\\/fr\\\/#website\",\"url\":\"https:\\\/\\\/www.webdo.tn\\\/fr\\\/\",\"name\":\"webdo\",\"description\":\"Tunisie - News en Tunisie et \u00e0 l&#039;international sur Webdo.tn\",\"publisher\":{\"@id\":\"https:\\\/\\\/www.webdo.tn\\\/fr\\\/#organization\"},\"potentialAction\":[{\"@type\":\"SearchAction\",\"target\":{\"@type\":\"EntryPoint\",\"urlTemplate\":\"https:\\\/\\\/www.webdo.tn\\\/fr\\\/?s={search_term_string}\"},\"query-input\":{\"@type\":\"PropertyValueSpecification\",\"valueRequired\":true,\"valueName\":\"search_term_string\"}}],\"inLanguage\":\"fr-FR\"},{\"@type\":\"Organization\",\"@id\":\"https:\\\/\\\/www.webdo.tn\\\/fr\\\/#organization\",\"name\":\"Webdo\",\"alternateName\":\"Webdo.tn\",\"url\":\"https:\\\/\\\/www.webdo.tn\\\/fr\\\/\",\"logo\":{\"@type\":\"ImageObject\",\"inLanguage\":\"fr-FR\",\"@id\":\"https:\\\/\\\/www.webdo.tn\\\/fr\\\/#\\\/schema\\\/logo\\\/image\\\/\",\"url\":\"https:\\\/\\\/www.webdo.tn\\\/fr\\\/wp-content\\\/uploads\\\/2025\\\/06\\\/Webdo-Tunisie_168377.jpg\",\"contentUrl\":\"https:\\\/\\\/www.webdo.tn\\\/fr\\\/wp-content\\\/uploads\\\/2025\\\/06\\\/Webdo-Tunisie_168377.jpg\",\"width\":301,\"height\":301,\"caption\":\"Webdo\"},\"image\":{\"@id\":\"https:\\\/\\\/www.webdo.tn\\\/fr\\\/#\\\/schema\\\/logo\\\/image\\\/\"},\"sameAs\":[\"https:\\\/\\\/www.facebook.com\\\/webdotn\",\"https:\\\/\\\/x.com\\\/webdo_tn\"],\"description\":\"Webdo est un m\u00e9dia num\u00e9rique tunisien fond\u00e9 en 2010, sp\u00e9cialis\u00e9 dans l\u2019actualit\u00e9 nationale et internationale, l\u2019\u00e9conomie, la soci\u00e9t\u00e9 et les analyses politiques. Le site s\u2019adresse \u00e0 un large public francophone et couvre l\u2019information tunisienne en temps r\u00e9el.\",\"email\":\"redac@webdo.tn\",\"legalName\":\"YNJ SARL\",\"foundingDate\":\"2010-09-06\",\"numberOfEmployees\":{\"@type\":\"QuantitativeValue\",\"minValue\":\"11\",\"maxValue\":\"50\"}},{\"@type\":\"Person\",\"@id\":\"https:\\\/\\\/www.webdo.tn\\\/fr\\\/#\\\/schema\\\/person\\\/c652cd8fc2b1b44412b5ffb48c5a911d\",\"name\":\"Mohamed Hedi Touati\",\"image\":{\"@type\":\"ImageObject\",\"inLanguage\":\"fr-FR\",\"@id\":\"https:\\\/\\\/secure.gravatar.com\\\/avatar\\\/9cfd402c745b7a685f13eed0ea6e59d2144a3c2fc50a3db6fd5ed451f6cddf1a?s=96&d=mm&r=g\",\"url\":\"https:\\\/\\\/secure.gravatar.com\\\/avatar\\\/9cfd402c745b7a685f13eed0ea6e59d2144a3c2fc50a3db6fd5ed451f6cddf1a?s=96&d=mm&r=g\",\"contentUrl\":\"https:\\\/\\\/secure.gravatar.com\\\/avatar\\\/9cfd402c745b7a685f13eed0ea6e59d2144a3c2fc50a3db6fd5ed451f6cddf1a?s=96&d=mm&r=g\",\"caption\":\"Mohamed Hedi Touati\"},\"url\":\"https:\\\/\\\/www.webdo.tn\\\/fr\\\/actualite\\\/author\\\/mohamed-hedi-touati\\\/\"}]}<\/script>\n<!-- \/ Yoast SEO Premium plugin. -->","yoast_head_json":{"title":"Boycott contre Isra\u00ebl : Des multinationales dans la tourmente en Tunisie et au Moyen-Orient - webdo","description":"Les multinationales en difficult\u00e9 : explorez le boycott contre Isra\u00ebl et ses effets sur le march\u00e9 en Tunisie et au Moyen-Orient.","canonical":"https:\/\/www.webdo.tn\/fr\/actualite\/national\/boycott-contre-israel-des-multinationales-dans-la-tourmente-en-tunisie-et-au-moyen-orient\/383130\/","og_locale":"fr_FR","og_type":"article","og_title":"Boycott contre Isra\u00ebl : Des multinationales dans la tourmente en Tunisie et au Moyen-Orient","og_description":"Les multinationales en difficult\u00e9 : explorez le boycott contre Isra\u00ebl et ses effets sur le march\u00e9 en Tunisie et au Moyen-Orient.","og_url":"https:\/\/www.webdo.tn\/fr\/actualite\/national\/boycott-contre-israel-des-multinationales-dans-la-tourmente-en-tunisie-et-au-moyen-orient\/383130\/","og_site_name":"webdo","article_publisher":"https:\/\/www.facebook.com\/webdotn","article_published_time":"2025-09-09T17:24:47+00:00","article_modified_time":"2025-09-10T08:05:49+00:00","og_image":[{"width":510,"height":300,"url":"https:\/\/www.webdo.tn\/fr\/wp-content\/uploads\/2025\/09\/kfcbanner-e1757416187173.jpg","type":"image\/jpeg"}],"author":"Mohamed Hedi Touati","twitter_card":"summary_large_image","twitter_creator":"@webdo_tn","twitter_site":"@webdo_tn","twitter_misc":{"\u00c9crit par":"Mohamed Hedi Touati","Dur\u00e9e de lecture estim\u00e9e":"3 minutes"},"schema":{"@context":"https:\/\/schema.org","@graph":[{"@type":"NewsArticle","@id":"https:\/\/www.webdo.tn\/fr\/actualite\/national\/boycott-contre-israel-des-multinationales-dans-la-tourmente-en-tunisie-et-au-moyen-orient\/383130\/#article","isPartOf":{"@id":"https:\/\/www.webdo.tn\/fr\/actualite\/national\/boycott-contre-israel-des-multinationales-dans-la-tourmente-en-tunisie-et-au-moyen-orient\/383130\/"},"author":{"name":"Mohamed Hedi Touati","@id":"https:\/\/www.webdo.tn\/fr\/#\/schema\/person\/c652cd8fc2b1b44412b5ffb48c5a911d"},"headline":"Boycott contre Isra\u00ebl : Des multinationales dans la tourmente en Tunisie et au Moyen-Orient","datePublished":"2025-09-09T17:24:47+00:00","dateModified":"2025-09-10T08:05:49+00:00","mainEntityOfPage":{"@id":"https:\/\/www.webdo.tn\/fr\/actualite\/national\/boycott-contre-israel-des-multinationales-dans-la-tourmente-en-tunisie-et-au-moyen-orient\/383130\/"},"wordCount":543,"publisher":{"@id":"https:\/\/www.webdo.tn\/fr\/#organization"},"image":{"@id":"https:\/\/www.webdo.tn\/fr\/actualite\/national\/boycott-contre-israel-des-multinationales-dans-la-tourmente-en-tunisie-et-au-moyen-orient\/383130\/#primaryimage"},"thumbnailUrl":"https:\/\/www.webdo.tn\/fr\/wp-content\/uploads\/2025\/09\/kfcbanner-e1757416187173.jpg","keywords":["Boycott","Gaza","isra\u00ebl","marques","multinationales","Tunisie"],"articleSection":["International","National"],"inLanguage":"fr-FR"},{"@type":"WebPage","@id":"https:\/\/www.webdo.tn\/fr\/actualite\/national\/boycott-contre-israel-des-multinationales-dans-la-tourmente-en-tunisie-et-au-moyen-orient\/383130\/","url":"https:\/\/www.webdo.tn\/fr\/actualite\/national\/boycott-contre-israel-des-multinationales-dans-la-tourmente-en-tunisie-et-au-moyen-orient\/383130\/","name":"Boycott contre Isra\u00ebl : Des multinationales dans la tourmente en Tunisie et au Moyen-Orient - webdo","isPartOf":{"@id":"https:\/\/www.webdo.tn\/fr\/#website"},"primaryImageOfPage":{"@id":"https:\/\/www.webdo.tn\/fr\/actualite\/national\/boycott-contre-israel-des-multinationales-dans-la-tourmente-en-tunisie-et-au-moyen-orient\/383130\/#primaryimage"},"image":{"@id":"https:\/\/www.webdo.tn\/fr\/actualite\/national\/boycott-contre-israel-des-multinationales-dans-la-tourmente-en-tunisie-et-au-moyen-orient\/383130\/#primaryimage"},"thumbnailUrl":"https:\/\/www.webdo.tn\/fr\/wp-content\/uploads\/2025\/09\/kfcbanner-e1757416187173.jpg","datePublished":"2025-09-09T17:24:47+00:00","dateModified":"2025-09-10T08:05:49+00:00","description":"Les multinationales en difficult\u00e9 : explorez le boycott contre Isra\u00ebl et ses effets sur le march\u00e9 en Tunisie et au Moyen-Orient.","breadcrumb":{"@id":"https:\/\/www.webdo.tn\/fr\/actualite\/national\/boycott-contre-israel-des-multinationales-dans-la-tourmente-en-tunisie-et-au-moyen-orient\/383130\/#breadcrumb"},"inLanguage":"fr-FR","potentialAction":[{"@type":"ReadAction","target":["https:\/\/www.webdo.tn\/fr\/actualite\/national\/boycott-contre-israel-des-multinationales-dans-la-tourmente-en-tunisie-et-au-moyen-orient\/383130\/"]}]},{"@type":"ImageObject","inLanguage":"fr-FR","@id":"https:\/\/www.webdo.tn\/fr\/actualite\/national\/boycott-contre-israel-des-multinationales-dans-la-tourmente-en-tunisie-et-au-moyen-orient\/383130\/#primaryimage","url":"https:\/\/www.webdo.tn\/fr\/wp-content\/uploads\/2025\/09\/kfcbanner-e1757416187173.jpg","contentUrl":"https:\/\/www.webdo.tn\/fr\/wp-content\/uploads\/2025\/09\/kfcbanner-e1757416187173.jpg","width":510,"height":300,"caption":"Boycott contre Isra\u00ebl : Des multinationales dans la tourmente en Tunisie et au Moyen-Orient"},{"@type":"BreadcrumbList","@id":"https:\/\/www.webdo.tn\/fr\/actualite\/national\/boycott-contre-israel-des-multinationales-dans-la-tourmente-en-tunisie-et-au-moyen-orient\/383130\/#breadcrumb","itemListElement":[{"@type":"ListItem","position":1,"name":"Accueil","item":"https:\/\/www.webdo.tn\/fr\/"},{"@type":"ListItem","position":2,"name":"Boycott contre Isra\u00ebl : Des multinationales dans la tourmente en Tunisie et au Moyen-Orient"}]},{"@type":"WebSite","@id":"https:\/\/www.webdo.tn\/fr\/#website","url":"https:\/\/www.webdo.tn\/fr\/","name":"webdo","description":"Tunisie - News en Tunisie et \u00e0 l&#039;international sur Webdo.tn","publisher":{"@id":"https:\/\/www.webdo.tn\/fr\/#organization"},"potentialAction":[{"@type":"SearchAction","target":{"@type":"EntryPoint","urlTemplate":"https:\/\/www.webdo.tn\/fr\/?s={search_term_string}"},"query-input":{"@type":"PropertyValueSpecification","valueRequired":true,"valueName":"search_term_string"}}],"inLanguage":"fr-FR"},{"@type":"Organization","@id":"https:\/\/www.webdo.tn\/fr\/#organization","name":"Webdo","alternateName":"Webdo.tn","url":"https:\/\/www.webdo.tn\/fr\/","logo":{"@type":"ImageObject","inLanguage":"fr-FR","@id":"https:\/\/www.webdo.tn\/fr\/#\/schema\/logo\/image\/","url":"https:\/\/www.webdo.tn\/fr\/wp-content\/uploads\/2025\/06\/Webdo-Tunisie_168377.jpg","contentUrl":"https:\/\/www.webdo.tn\/fr\/wp-content\/uploads\/2025\/06\/Webdo-Tunisie_168377.jpg","width":301,"height":301,"caption":"Webdo"},"image":{"@id":"https:\/\/www.webdo.tn\/fr\/#\/schema\/logo\/image\/"},"sameAs":["https:\/\/www.facebook.com\/webdotn","https:\/\/x.com\/webdo_tn"],"description":"Webdo est un m\u00e9dia num\u00e9rique tunisien fond\u00e9 en 2010, sp\u00e9cialis\u00e9 dans l\u2019actualit\u00e9 nationale et internationale, l\u2019\u00e9conomie, la soci\u00e9t\u00e9 et les analyses politiques. Le site s\u2019adresse \u00e0 un large public francophone et couvre l\u2019information tunisienne en temps r\u00e9el.","email":"redac@webdo.tn","legalName":"YNJ SARL","foundingDate":"2010-09-06","numberOfEmployees":{"@type":"QuantitativeValue","minValue":"11","maxValue":"50"}},{"@type":"Person","@id":"https:\/\/www.webdo.tn\/fr\/#\/schema\/person\/c652cd8fc2b1b44412b5ffb48c5a911d","name":"Mohamed Hedi Touati","image":{"@type":"ImageObject","inLanguage":"fr-FR","@id":"https:\/\/secure.gravatar.com\/avatar\/9cfd402c745b7a685f13eed0ea6e59d2144a3c2fc50a3db6fd5ed451f6cddf1a?s=96&d=mm&r=g","url":"https:\/\/secure.gravatar.com\/avatar\/9cfd402c745b7a685f13eed0ea6e59d2144a3c2fc50a3db6fd5ed451f6cddf1a?s=96&d=mm&r=g","contentUrl":"https:\/\/secure.gravatar.com\/avatar\/9cfd402c745b7a685f13eed0ea6e59d2144a3c2fc50a3db6fd5ed451f6cddf1a?s=96&d=mm&r=g","caption":"Mohamed Hedi Touati"},"url":"https:\/\/www.webdo.tn\/fr\/actualite\/author\/mohamed-hedi-touati\/"}]}},"_links":{"self":[{"href":"https:\/\/www.webdo.tn\/fr\/wp-json\/wp\/v2\/posts\/383130","targetHints":{"allow":["GET"]}}],"collection":[{"href":"https:\/\/www.webdo.tn\/fr\/wp-json\/wp\/v2\/posts"}],"about":[{"href":"https:\/\/www.webdo.tn\/fr\/wp-json\/wp\/v2\/types\/post"}],"author":[{"embeddable":true,"href":"https:\/\/www.webdo.tn\/fr\/wp-json\/wp\/v2\/users\/3191"}],"replies":[{"embeddable":true,"href":"https:\/\/www.webdo.tn\/fr\/wp-json\/wp\/v2\/comments?post=383130"}],"version-history":[{"count":0,"href":"https:\/\/www.webdo.tn\/fr\/wp-json\/wp\/v2\/posts\/383130\/revisions"}],"wp:featuredmedia":[{"embeddable":true,"href":"https:\/\/www.webdo.tn\/fr\/wp-json\/wp\/v2\/media\/383131"}],"wp:attachment":[{"href":"https:\/\/www.webdo.tn\/fr\/wp-json\/wp\/v2\/media?parent=383130"}],"wp:term":[{"taxonomy":"category","embeddable":true,"href":"https:\/\/www.webdo.tn\/fr\/wp-json\/wp\/v2\/categories?post=383130"},{"taxonomy":"post_tag","embeddable":true,"href":"https:\/\/www.webdo.tn\/fr\/wp-json\/wp\/v2\/tags?post=383130"}],"curies":[{"name":"wp","href":"https:\/\/api.w.org\/{rel}","templated":true}]}}