{"id":383127,"date":"2025-09-09T11:45:22","date_gmt":"2025-09-09T10:45:22","guid":{"rendered":"https:\/\/www.webdo.tn\/fr\/?p=383127"},"modified":"2025-09-09T21:00:56","modified_gmt":"2025-09-09T20:00:56","slug":"incendie-a-sidi-bou-said-les-autorites-menent-lenquete-le-depart-de-la-flottille-maintenu","status":"publish","type":"post","link":"https:\/\/www.webdo.tn\/fr\/actualite\/national\/incendie-a-sidi-bou-said-les-autorites-menent-lenquete-le-depart-de-la-flottille-maintenu\/383127\/","title":{"rendered":"Incendie \u00e0 Sidi Bou Sa\u00efd : Les autorit\u00e9s m\u00e8nent l\u2019enqu\u00eate, le d\u00e9part de la flottille maintenu"},"content":{"rendered":"\n<p><\/p>\n\n\n\n<p>Wael Nawar, membre de la Coordination pour la Palestine, a indiqu\u00e9 qu\u2019une unit\u00e9 de s\u00e9curit\u00e9 sp\u00e9cialis\u00e9e avait \u00e9t\u00e9 d\u00e9p\u00each\u00e9e pour enqu\u00eater sur l\u2019incident survenu la nuit derni\u00e8re.<\/p>\n\n\n\n<p>Dans une d\u00e9claration accord\u00e9e aujourd\u2019hui \u00e0 <strong>Jawhara FM<\/strong>, il a pr\u00e9cis\u00e9 que \u00ab les autorit\u00e9s ont pris l\u2019affaire tr\u00e8s au s\u00e9rieux, contrairement \u00e0 la pr\u00e9cipitation initiale. Elles ont collect\u00e9 toutes les informations fournies et l\u2019enqu\u00eate est d\u00e9sormais confi\u00e9e \u00e0 une unit\u00e9 sp\u00e9cialis\u00e9e. Il n\u2019est plus permis de divulguer des d\u00e9tails \u00e0 ce sujet, afin de respecter la confidentialit\u00e9 des investigations \u00bb.<\/p>\n\n\n\n<p>Malgr\u00e9 l\u2019incident survenu hier, Nawar a confirm\u00e9 que le d\u00e9part de la flottille de la R\u00e9sistance, pr\u00e9vu mercredi, ne sera pas report\u00e9 pour des raisons m\u00e9t\u00e9orologiques. Le d\u00e9part se fera depuis le port de <strong>Sidi Bou Sa\u00efd<\/strong> \u00e0 16 heures.<\/p>\n\n\n\n<p>Pour rappel, un incendie s\u2019est d\u00e9clar\u00e9 hier \u00e0 bord d\u2019un navire amarr\u00e9 dans le port. Le minist\u00e8re de l\u2019Int\u00e9rieur a d\u00e9menti tout ciblage par un drone.<\/p>\n\n\n\n<p>Selon le minist\u00e8re, les unit\u00e9s de s\u00e9curit\u00e9 sp\u00e9cialis\u00e9es ont constat\u00e9 les traces de l\u2019incendie sur certains gilets de sauvetage, rapidement ma\u00eetris\u00e9. Aucun dommage humain ni mat\u00e9riel n\u2019a \u00e9t\u00e9 enregistr\u00e9, hormis la destruction de quelques gilets.<\/p>\n\n\n\n<p><\/p>\n\n\n\n<p><strong>Lire aussi:&nbsp;<\/strong><a href=\"https:\/\/www.webdo.tn\/fr\/actualite\/national\/sidi-bou-said-un-drone-aurait-frappe-un-navire-de-la-flottille\/383084\/\">Sidi Bou Sa\u00efd : un drone aurait frapp\u00e9 un navire de la flottille<\/a><\/p>\n","protected":false},"excerpt":{"rendered":"<p>Wael Nawar, membre de la Coordination pour la Palestine, a indiqu\u00e9 qu\u2019une unit\u00e9 de s\u00e9curit\u00e9 sp\u00e9cialis\u00e9e avait \u00e9t\u00e9 d\u00e9p\u00each\u00e9e pour enqu\u00eater sur l\u2019incident survenu la nuit derni\u00e8re. Dans une d\u00e9claration accord\u00e9e aujourd\u2019hui \u00e0 Jawhara FM, il a pr\u00e9cis\u00e9 que \u00ab les autorit\u00e9s ont pris l\u2019affaire tr\u00e8s au s\u00e9rieux, contrairement \u00e0 la pr\u00e9cipitation initiale. Elles ont [&hellip;]<\/p>\n","protected":false},"author":3184,"featured_media":383128,"comment_status":"closed","ping_status":"closed","sticky":false,"template":"","format":"standard","meta":{"footnotes":""},"categories":[44],"tags":[],"class_list":["post-383127","post","type-post","status-publish","format-standard","has-post-thumbnail","hentry","category-national"],"yoast_head":"<!-- This site is optimized with the Yoast SEO Premium plugin v27.5 (Yoast SEO v27.5) - https:\/\/yoast.com\/product\/yoast-seo-premium-wordpress\/ -->\n<title>Incendie \u00e0 Sidi Bou Sa\u00efd : Les autorit\u00e9s m\u00e8nent l\u2019enqu\u00eate, le d\u00e9part de la flottille maintenu - webdo<\/title>\n<meta name=\"description\" content=\"D\u00e9couvrez les derni\u00e8res nouvelles sur la flottille de la R\u00e9sistance et son d\u00e9part pr\u00e9vu malgr\u00e9 l&#039;incident r\u00e9cent.\" \/>\n<link rel=\"canonical\" href=\"https:\/\/www.webdo.tn\/fr\/actualite\/national\/incendie-a-sidi-bou-said-les-autorites-menent-lenquete-le-depart-de-la-flottille-maintenu\/383127\/\" \/>\n<meta property=\"og:locale\" content=\"fr_FR\" \/>\n<meta property=\"og:type\" content=\"article\" \/>\n<meta property=\"og:title\" content=\"Incendie \u00e0 Sidi Bou Sa\u00efd : Les autorit\u00e9s m\u00e8nent l\u2019enqu\u00eate, le d\u00e9part de la flottille maintenu\" \/>\n<meta property=\"og:description\" content=\"D\u00e9couvrez les derni\u00e8res nouvelles sur la flottille de la R\u00e9sistance et son d\u00e9part pr\u00e9vu malgr\u00e9 l&#039;incident r\u00e9cent.\" \/>\n<meta property=\"og:url\" content=\"https:\/\/www.webdo.tn\/fr\/actualite\/national\/incendie-a-sidi-bou-said-les-autorites-menent-lenquete-le-depart-de-la-flottille-maintenu\/383127\/\" \/>\n<meta property=\"og:site_name\" content=\"webdo\" \/>\n<meta property=\"article:publisher\" content=\"https:\/\/www.facebook.com\/webdotn\" \/>\n<meta property=\"article:published_time\" content=\"2025-09-09T10:45:22+00:00\" \/>\n<meta property=\"article:modified_time\" content=\"2025-09-09T20:00:56+00:00\" \/>\n<meta property=\"og:image\" content=\"https:\/\/www.webdo.tn\/fr\/wp-content\/uploads\/2025\/09\/\u0648\u0627\u0626\u0644-\u0646\u0648\u0627\u0631-\u0641\u0631\u0642\u0629-\u0623\u0645\u0646\u064a\u0629-\u062e\u0627\u0635\u0629-\u0644\u0644\u062a\u062d\u0642\u064a\u0642-\u0641\u064a-\u0623\u062d\u062f\u0627\u062b-\u0627\u0644\u0628\u0627\u0631\u062d\u0629.-\u0648-\u0633\u0646\u064f\u0628\u062d\u0631-\u063a\u062f\u0627-\u0645\u0647\u0645\u0627-\u0643\u0627\u0646\u062a-\u0627\u0644\u0638\u0631\u0648\u0641.jpg\" \/>\n\t<meta property=\"og:image:width\" content=\"630\" \/>\n\t<meta property=\"og:image:height\" content=\"353\" \/>\n\t<meta property=\"og:image:type\" content=\"image\/jpeg\" \/>\n<meta name=\"author\" content=\"Wided Belhaj\" \/>\n<meta name=\"twitter:card\" content=\"summary_large_image\" \/>\n<meta name=\"twitter:creator\" content=\"@webdo_tn\" \/>\n<meta name=\"twitter:site\" content=\"@webdo_tn\" \/>\n<meta name=\"twitter:label1\" content=\"\u00c9crit par\" \/>\n\t<meta name=\"twitter:data1\" content=\"Wided Belhaj\" \/>\n\t<meta name=\"twitter:label2\" content=\"Dur\u00e9e de lecture estim\u00e9e\" \/>\n\t<meta name=\"twitter:data2\" content=\"2 minutes\" \/>\n<script type=\"application\/ld+json\" class=\"yoast-schema-graph\">{\"@context\":\"https:\\\/\\\/schema.org\",\"@graph\":[{\"@type\":\"NewsArticle\",\"@id\":\"https:\\\/\\\/www.webdo.tn\\\/fr\\\/actualite\\\/national\\\/incendie-a-sidi-bou-said-les-autorites-menent-lenquete-le-depart-de-la-flottille-maintenu\\\/383127\\\/#article\",\"isPartOf\":{\"@id\":\"https:\\\/\\\/www.webdo.tn\\\/fr\\\/actualite\\\/national\\\/incendie-a-sidi-bou-said-les-autorites-menent-lenquete-le-depart-de-la-flottille-maintenu\\\/383127\\\/\"},\"author\":{\"name\":\"Wided Belhaj\",\"@id\":\"https:\\\/\\\/www.webdo.tn\\\/fr\\\/#\\\/schema\\\/person\\\/b9ecde7a5574cb4fcf4b496ea5fadb15\"},\"headline\":\"Incendie \u00e0 Sidi Bou Sa\u00efd : Les autorit\u00e9s m\u00e8nent l\u2019enqu\u00eate, le d\u00e9part de la flottille maintenu\",\"datePublished\":\"2025-09-09T10:45:22+00:00\",\"dateModified\":\"2025-09-09T20:00:56+00:00\",\"mainEntityOfPage\":{\"@id\":\"https:\\\/\\\/www.webdo.tn\\\/fr\\\/actualite\\\/national\\\/incendie-a-sidi-bou-said-les-autorites-menent-lenquete-le-depart-de-la-flottille-maintenu\\\/383127\\\/\"},\"wordCount\":267,\"publisher\":{\"@id\":\"https:\\\/\\\/www.webdo.tn\\\/fr\\\/#organization\"},\"image\":{\"@id\":\"https:\\\/\\\/www.webdo.tn\\\/fr\\\/actualite\\\/national\\\/incendie-a-sidi-bou-said-les-autorites-menent-lenquete-le-depart-de-la-flottille-maintenu\\\/383127\\\/#primaryimage\"},\"thumbnailUrl\":\"https:\\\/\\\/www.webdo.tn\\\/fr\\\/wp-content\\\/uploads\\\/2025\\\/09\\\/\u0648\u0627\u0626\u0644-\u0646\u0648\u0627\u0631-\u0641\u0631\u0642\u0629-\u0623\u0645\u0646\u064a\u0629-\u062e\u0627\u0635\u0629-\u0644\u0644\u062a\u062d\u0642\u064a\u0642-\u0641\u064a-\u0623\u062d\u062f\u0627\u062b-\u0627\u0644\u0628\u0627\u0631\u062d\u0629.-\u0648-\u0633\u0646\u064f\u0628\u062d\u0631-\u063a\u062f\u0627-\u0645\u0647\u0645\u0627-\u0643\u0627\u0646\u062a-\u0627\u0644\u0638\u0631\u0648\u0641.jpg\",\"articleSection\":[\"National\"],\"inLanguage\":\"fr-FR\"},{\"@type\":\"WebPage\",\"@id\":\"https:\\\/\\\/www.webdo.tn\\\/fr\\\/actualite\\\/national\\\/incendie-a-sidi-bou-said-les-autorites-menent-lenquete-le-depart-de-la-flottille-maintenu\\\/383127\\\/\",\"url\":\"https:\\\/\\\/www.webdo.tn\\\/fr\\\/actualite\\\/national\\\/incendie-a-sidi-bou-said-les-autorites-menent-lenquete-le-depart-de-la-flottille-maintenu\\\/383127\\\/\",\"name\":\"Incendie \u00e0 Sidi Bou Sa\u00efd : Les autorit\u00e9s m\u00e8nent l\u2019enqu\u00eate, le d\u00e9part de la flottille maintenu - webdo\",\"isPartOf\":{\"@id\":\"https:\\\/\\\/www.webdo.tn\\\/fr\\\/#website\"},\"primaryImageOfPage\":{\"@id\":\"https:\\\/\\\/www.webdo.tn\\\/fr\\\/actualite\\\/national\\\/incendie-a-sidi-bou-said-les-autorites-menent-lenquete-le-depart-de-la-flottille-maintenu\\\/383127\\\/#primaryimage\"},\"image\":{\"@id\":\"https:\\\/\\\/www.webdo.tn\\\/fr\\\/actualite\\\/national\\\/incendie-a-sidi-bou-said-les-autorites-menent-lenquete-le-depart-de-la-flottille-maintenu\\\/383127\\\/#primaryimage\"},\"thumbnailUrl\":\"https:\\\/\\\/www.webdo.tn\\\/fr\\\/wp-content\\\/uploads\\\/2025\\\/09\\\/\u0648\u0627\u0626\u0644-\u0646\u0648\u0627\u0631-\u0641\u0631\u0642\u0629-\u0623\u0645\u0646\u064a\u0629-\u062e\u0627\u0635\u0629-\u0644\u0644\u062a\u062d\u0642\u064a\u0642-\u0641\u064a-\u0623\u062d\u062f\u0627\u062b-\u0627\u0644\u0628\u0627\u0631\u062d\u0629.-\u0648-\u0633\u0646\u064f\u0628\u062d\u0631-\u063a\u062f\u0627-\u0645\u0647\u0645\u0627-\u0643\u0627\u0646\u062a-\u0627\u0644\u0638\u0631\u0648\u0641.jpg\",\"datePublished\":\"2025-09-09T10:45:22+00:00\",\"dateModified\":\"2025-09-09T20:00:56+00:00\",\"description\":\"D\u00e9couvrez les derni\u00e8res nouvelles sur la flottille de la R\u00e9sistance et son d\u00e9part pr\u00e9vu malgr\u00e9 l'incident r\u00e9cent.\",\"breadcrumb\":{\"@id\":\"https:\\\/\\\/www.webdo.tn\\\/fr\\\/actualite\\\/national\\\/incendie-a-sidi-bou-said-les-autorites-menent-lenquete-le-depart-de-la-flottille-maintenu\\\/383127\\\/#breadcrumb\"},\"inLanguage\":\"fr-FR\",\"potentialAction\":[{\"@type\":\"ReadAction\",\"target\":[\"https:\\\/\\\/www.webdo.tn\\\/fr\\\/actualite\\\/national\\\/incendie-a-sidi-bou-said-les-autorites-menent-lenquete-le-depart-de-la-flottille-maintenu\\\/383127\\\/\"]}]},{\"@type\":\"ImageObject\",\"inLanguage\":\"fr-FR\",\"@id\":\"https:\\\/\\\/www.webdo.tn\\\/fr\\\/actualite\\\/national\\\/incendie-a-sidi-bou-said-les-autorites-menent-lenquete-le-depart-de-la-flottille-maintenu\\\/383127\\\/#primaryimage\",\"url\":\"https:\\\/\\\/www.webdo.tn\\\/fr\\\/wp-content\\\/uploads\\\/2025\\\/09\\\/\u0648\u0627\u0626\u0644-\u0646\u0648\u0627\u0631-\u0641\u0631\u0642\u0629-\u0623\u0645\u0646\u064a\u0629-\u062e\u0627\u0635\u0629-\u0644\u0644\u062a\u062d\u0642\u064a\u0642-\u0641\u064a-\u0623\u062d\u062f\u0627\u062b-\u0627\u0644\u0628\u0627\u0631\u062d\u0629.-\u0648-\u0633\u0646\u064f\u0628\u062d\u0631-\u063a\u062f\u0627-\u0645\u0647\u0645\u0627-\u0643\u0627\u0646\u062a-\u0627\u0644\u0638\u0631\u0648\u0641.jpg\",\"contentUrl\":\"https:\\\/\\\/www.webdo.tn\\\/fr\\\/wp-content\\\/uploads\\\/2025\\\/09\\\/\u0648\u0627\u0626\u0644-\u0646\u0648\u0627\u0631-\u0641\u0631\u0642\u0629-\u0623\u0645\u0646\u064a\u0629-\u062e\u0627\u0635\u0629-\u0644\u0644\u062a\u062d\u0642\u064a\u0642-\u0641\u064a-\u0623\u062d\u062f\u0627\u062b-\u0627\u0644\u0628\u0627\u0631\u062d\u0629.-\u0648-\u0633\u0646\u064f\u0628\u062d\u0631-\u063a\u062f\u0627-\u0645\u0647\u0645\u0627-\u0643\u0627\u0646\u062a-\u0627\u0644\u0638\u0631\u0648\u0641.jpg\",\"width\":630,\"height\":353},{\"@type\":\"BreadcrumbList\",\"@id\":\"https:\\\/\\\/www.webdo.tn\\\/fr\\\/actualite\\\/national\\\/incendie-a-sidi-bou-said-les-autorites-menent-lenquete-le-depart-de-la-flottille-maintenu\\\/383127\\\/#breadcrumb\",\"itemListElement\":[{\"@type\":\"ListItem\",\"position\":1,\"name\":\"Accueil\",\"item\":\"https:\\\/\\\/www.webdo.tn\\\/fr\\\/\"},{\"@type\":\"ListItem\",\"position\":2,\"name\":\"Incendie \u00e0 Sidi Bou Sa\u00efd : Les autorit\u00e9s m\u00e8nent l\u2019enqu\u00eate, le d\u00e9part de la flottille maintenu\"}]},{\"@type\":\"WebSite\",\"@id\":\"https:\\\/\\\/www.webdo.tn\\\/fr\\\/#website\",\"url\":\"https:\\\/\\\/www.webdo.tn\\\/fr\\\/\",\"name\":\"webdo\",\"description\":\"Tunisie - News en Tunisie et \u00e0 l&#039;international sur Webdo.tn\",\"publisher\":{\"@id\":\"https:\\\/\\\/www.webdo.tn\\\/fr\\\/#organization\"},\"potentialAction\":[{\"@type\":\"SearchAction\",\"target\":{\"@type\":\"EntryPoint\",\"urlTemplate\":\"https:\\\/\\\/www.webdo.tn\\\/fr\\\/?s={search_term_string}\"},\"query-input\":{\"@type\":\"PropertyValueSpecification\",\"valueRequired\":true,\"valueName\":\"search_term_string\"}}],\"inLanguage\":\"fr-FR\"},{\"@type\":\"Organization\",\"@id\":\"https:\\\/\\\/www.webdo.tn\\\/fr\\\/#organization\",\"name\":\"Webdo\",\"alternateName\":\"Webdo.tn\",\"url\":\"https:\\\/\\\/www.webdo.tn\\\/fr\\\/\",\"logo\":{\"@type\":\"ImageObject\",\"inLanguage\":\"fr-FR\",\"@id\":\"https:\\\/\\\/www.webdo.tn\\\/fr\\\/#\\\/schema\\\/logo\\\/image\\\/\",\"url\":\"https:\\\/\\\/www.webdo.tn\\\/fr\\\/wp-content\\\/uploads\\\/2025\\\/06\\\/Webdo-Tunisie_168377.jpg\",\"contentUrl\":\"https:\\\/\\\/www.webdo.tn\\\/fr\\\/wp-content\\\/uploads\\\/2025\\\/06\\\/Webdo-Tunisie_168377.jpg\",\"width\":301,\"height\":301,\"caption\":\"Webdo\"},\"image\":{\"@id\":\"https:\\\/\\\/www.webdo.tn\\\/fr\\\/#\\\/schema\\\/logo\\\/image\\\/\"},\"sameAs\":[\"https:\\\/\\\/www.facebook.com\\\/webdotn\",\"https:\\\/\\\/x.com\\\/webdo_tn\"],\"description\":\"Webdo est un m\u00e9dia num\u00e9rique tunisien fond\u00e9 en 2010, sp\u00e9cialis\u00e9 dans l\u2019actualit\u00e9 nationale et internationale, l\u2019\u00e9conomie, la soci\u00e9t\u00e9 et les analyses politiques. Le site s\u2019adresse \u00e0 un large public francophone et couvre l\u2019information tunisienne en temps r\u00e9el.\",\"email\":\"redac@webdo.tn\",\"legalName\":\"YNJ SARL\",\"foundingDate\":\"2010-09-06\",\"numberOfEmployees\":{\"@type\":\"QuantitativeValue\",\"minValue\":\"11\",\"maxValue\":\"50\"}},{\"@type\":\"Person\",\"@id\":\"https:\\\/\\\/www.webdo.tn\\\/fr\\\/#\\\/schema\\\/person\\\/b9ecde7a5574cb4fcf4b496ea5fadb15\",\"name\":\"Wided Belhaj\",\"image\":{\"@type\":\"ImageObject\",\"inLanguage\":\"fr-FR\",\"@id\":\"https:\\\/\\\/www.webdo.tn\\\/fr\\\/wp-content\\\/uploads\\\/2026\\\/04\\\/wided-belhaj_avatar-96x96.jpg\",\"url\":\"https:\\\/\\\/www.webdo.tn\\\/fr\\\/wp-content\\\/uploads\\\/2026\\\/04\\\/wided-belhaj_avatar-96x96.jpg\",\"contentUrl\":\"https:\\\/\\\/www.webdo.tn\\\/fr\\\/wp-content\\\/uploads\\\/2026\\\/04\\\/wided-belhaj_avatar-96x96.jpg\",\"caption\":\"Wided Belhaj\"},\"description\":\"Wided Belhaj est le pseudonyme \u00e9ditorial utilis\u00e9 par Khalil Jelassi, journaliste, ma\u00eetre-assistant \u00e0 l\u2019Institut de presse et des sciences de l\u2019information (IPSI) et chercheur en sciences de l\u2019information et de la communication. Cette signature est d\u00e9di\u00e9e \u00e0 l\u2019analyse des m\u00e9dias, des pratiques journalistiques et des mutations de l\u2019information \u00e0 l\u2019\u00e8re digitale. \u00c0 travers ses contributions, Wided Belhaj propose une lecture analytique de l\u2019actualit\u00e9, en croisant regard critique et expertise acad\u00e9mique.\",\"knowsAbout\":[\"m\u00e9dias\",\"journalisme\",\"communication\",\"information\",\"transformation num\u00e9rique\",\"analyse des m\u00e9dias\"],\"knowsLanguage\":[\"Fran\u00e7ais\",\"Arabe\"],\"jobTitle\":\"Webdo.tn\",\"worksFor\":\"Journaliste \u2013 Analyse des m\u00e9dias\",\"url\":\"https:\\\/\\\/www.webdo.tn\\\/fr\\\/actualite\\\/author\\\/wided-belhaj\\\/\"}]}<\/script>\n<!-- \/ Yoast SEO Premium plugin. -->","yoast_head_json":{"title":"Incendie \u00e0 Sidi Bou Sa\u00efd : Les autorit\u00e9s m\u00e8nent l\u2019enqu\u00eate, le d\u00e9part de la flottille maintenu - webdo","description":"D\u00e9couvrez les derni\u00e8res nouvelles sur la flottille de la R\u00e9sistance et son d\u00e9part pr\u00e9vu malgr\u00e9 l'incident r\u00e9cent.","canonical":"https:\/\/www.webdo.tn\/fr\/actualite\/national\/incendie-a-sidi-bou-said-les-autorites-menent-lenquete-le-depart-de-la-flottille-maintenu\/383127\/","og_locale":"fr_FR","og_type":"article","og_title":"Incendie \u00e0 Sidi Bou Sa\u00efd : Les autorit\u00e9s m\u00e8nent l\u2019enqu\u00eate, le d\u00e9part de la flottille maintenu","og_description":"D\u00e9couvrez les derni\u00e8res nouvelles sur la flottille de la R\u00e9sistance et son d\u00e9part pr\u00e9vu malgr\u00e9 l'incident r\u00e9cent.","og_url":"https:\/\/www.webdo.tn\/fr\/actualite\/national\/incendie-a-sidi-bou-said-les-autorites-menent-lenquete-le-depart-de-la-flottille-maintenu\/383127\/","og_site_name":"webdo","article_publisher":"https:\/\/www.facebook.com\/webdotn","article_published_time":"2025-09-09T10:45:22+00:00","article_modified_time":"2025-09-09T20:00:56+00:00","og_image":[{"width":630,"height":353,"url":"https:\/\/www.webdo.tn\/fr\/wp-content\/uploads\/2025\/09\/\u0648\u0627\u0626\u0644-\u0646\u0648\u0627\u0631-\u0641\u0631\u0642\u0629-\u0623\u0645\u0646\u064a\u0629-\u062e\u0627\u0635\u0629-\u0644\u0644\u062a\u062d\u0642\u064a\u0642-\u0641\u064a-\u0623\u062d\u062f\u0627\u062b-\u0627\u0644\u0628\u0627\u0631\u062d\u0629.-\u0648-\u0633\u0646\u064f\u0628\u062d\u0631-\u063a\u062f\u0627-\u0645\u0647\u0645\u0627-\u0643\u0627\u0646\u062a-\u0627\u0644\u0638\u0631\u0648\u0641.jpg","type":"image\/jpeg"}],"author":"Wided Belhaj","twitter_card":"summary_large_image","twitter_creator":"@webdo_tn","twitter_site":"@webdo_tn","twitter_misc":{"\u00c9crit par":"Wided Belhaj","Dur\u00e9e de lecture estim\u00e9e":"2 minutes"},"schema":{"@context":"https:\/\/schema.org","@graph":[{"@type":"NewsArticle","@id":"https:\/\/www.webdo.tn\/fr\/actualite\/national\/incendie-a-sidi-bou-said-les-autorites-menent-lenquete-le-depart-de-la-flottille-maintenu\/383127\/#article","isPartOf":{"@id":"https:\/\/www.webdo.tn\/fr\/actualite\/national\/incendie-a-sidi-bou-said-les-autorites-menent-lenquete-le-depart-de-la-flottille-maintenu\/383127\/"},"author":{"name":"Wided Belhaj","@id":"https:\/\/www.webdo.tn\/fr\/#\/schema\/person\/b9ecde7a5574cb4fcf4b496ea5fadb15"},"headline":"Incendie \u00e0 Sidi Bou Sa\u00efd : Les autorit\u00e9s m\u00e8nent l\u2019enqu\u00eate, le d\u00e9part de la flottille maintenu","datePublished":"2025-09-09T10:45:22+00:00","dateModified":"2025-09-09T20:00:56+00:00","mainEntityOfPage":{"@id":"https:\/\/www.webdo.tn\/fr\/actualite\/national\/incendie-a-sidi-bou-said-les-autorites-menent-lenquete-le-depart-de-la-flottille-maintenu\/383127\/"},"wordCount":267,"publisher":{"@id":"https:\/\/www.webdo.tn\/fr\/#organization"},"image":{"@id":"https:\/\/www.webdo.tn\/fr\/actualite\/national\/incendie-a-sidi-bou-said-les-autorites-menent-lenquete-le-depart-de-la-flottille-maintenu\/383127\/#primaryimage"},"thumbnailUrl":"https:\/\/www.webdo.tn\/fr\/wp-content\/uploads\/2025\/09\/\u0648\u0627\u0626\u0644-\u0646\u0648\u0627\u0631-\u0641\u0631\u0642\u0629-\u0623\u0645\u0646\u064a\u0629-\u062e\u0627\u0635\u0629-\u0644\u0644\u062a\u062d\u0642\u064a\u0642-\u0641\u064a-\u0623\u062d\u062f\u0627\u062b-\u0627\u0644\u0628\u0627\u0631\u062d\u0629.-\u0648-\u0633\u0646\u064f\u0628\u062d\u0631-\u063a\u062f\u0627-\u0645\u0647\u0645\u0627-\u0643\u0627\u0646\u062a-\u0627\u0644\u0638\u0631\u0648\u0641.jpg","articleSection":["National"],"inLanguage":"fr-FR"},{"@type":"WebPage","@id":"https:\/\/www.webdo.tn\/fr\/actualite\/national\/incendie-a-sidi-bou-said-les-autorites-menent-lenquete-le-depart-de-la-flottille-maintenu\/383127\/","url":"https:\/\/www.webdo.tn\/fr\/actualite\/national\/incendie-a-sidi-bou-said-les-autorites-menent-lenquete-le-depart-de-la-flottille-maintenu\/383127\/","name":"Incendie \u00e0 Sidi Bou Sa\u00efd : Les autorit\u00e9s m\u00e8nent l\u2019enqu\u00eate, le d\u00e9part de la flottille maintenu - webdo","isPartOf":{"@id":"https:\/\/www.webdo.tn\/fr\/#website"},"primaryImageOfPage":{"@id":"https:\/\/www.webdo.tn\/fr\/actualite\/national\/incendie-a-sidi-bou-said-les-autorites-menent-lenquete-le-depart-de-la-flottille-maintenu\/383127\/#primaryimage"},"image":{"@id":"https:\/\/www.webdo.tn\/fr\/actualite\/national\/incendie-a-sidi-bou-said-les-autorites-menent-lenquete-le-depart-de-la-flottille-maintenu\/383127\/#primaryimage"},"thumbnailUrl":"https:\/\/www.webdo.tn\/fr\/wp-content\/uploads\/2025\/09\/\u0648\u0627\u0626\u0644-\u0646\u0648\u0627\u0631-\u0641\u0631\u0642\u0629-\u0623\u0645\u0646\u064a\u0629-\u062e\u0627\u0635\u0629-\u0644\u0644\u062a\u062d\u0642\u064a\u0642-\u0641\u064a-\u0623\u062d\u062f\u0627\u062b-\u0627\u0644\u0628\u0627\u0631\u062d\u0629.-\u0648-\u0633\u0646\u064f\u0628\u062d\u0631-\u063a\u062f\u0627-\u0645\u0647\u0645\u0627-\u0643\u0627\u0646\u062a-\u0627\u0644\u0638\u0631\u0648\u0641.jpg","datePublished":"2025-09-09T10:45:22+00:00","dateModified":"2025-09-09T20:00:56+00:00","description":"D\u00e9couvrez les derni\u00e8res nouvelles sur la flottille de la R\u00e9sistance et son d\u00e9part pr\u00e9vu malgr\u00e9 l'incident r\u00e9cent.","breadcrumb":{"@id":"https:\/\/www.webdo.tn\/fr\/actualite\/national\/incendie-a-sidi-bou-said-les-autorites-menent-lenquete-le-depart-de-la-flottille-maintenu\/383127\/#breadcrumb"},"inLanguage":"fr-FR","potentialAction":[{"@type":"ReadAction","target":["https:\/\/www.webdo.tn\/fr\/actualite\/national\/incendie-a-sidi-bou-said-les-autorites-menent-lenquete-le-depart-de-la-flottille-maintenu\/383127\/"]}]},{"@type":"ImageObject","inLanguage":"fr-FR","@id":"https:\/\/www.webdo.tn\/fr\/actualite\/national\/incendie-a-sidi-bou-said-les-autorites-menent-lenquete-le-depart-de-la-flottille-maintenu\/383127\/#primaryimage","url":"https:\/\/www.webdo.tn\/fr\/wp-content\/uploads\/2025\/09\/\u0648\u0627\u0626\u0644-\u0646\u0648\u0627\u0631-\u0641\u0631\u0642\u0629-\u0623\u0645\u0646\u064a\u0629-\u062e\u0627\u0635\u0629-\u0644\u0644\u062a\u062d\u0642\u064a\u0642-\u0641\u064a-\u0623\u062d\u062f\u0627\u062b-\u0627\u0644\u0628\u0627\u0631\u062d\u0629.-\u0648-\u0633\u0646\u064f\u0628\u062d\u0631-\u063a\u062f\u0627-\u0645\u0647\u0645\u0627-\u0643\u0627\u0646\u062a-\u0627\u0644\u0638\u0631\u0648\u0641.jpg","contentUrl":"https:\/\/www.webdo.tn\/fr\/wp-content\/uploads\/2025\/09\/\u0648\u0627\u0626\u0644-\u0646\u0648\u0627\u0631-\u0641\u0631\u0642\u0629-\u0623\u0645\u0646\u064a\u0629-\u062e\u0627\u0635\u0629-\u0644\u0644\u062a\u062d\u0642\u064a\u0642-\u0641\u064a-\u0623\u062d\u062f\u0627\u062b-\u0627\u0644\u0628\u0627\u0631\u062d\u0629.-\u0648-\u0633\u0646\u064f\u0628\u062d\u0631-\u063a\u062f\u0627-\u0645\u0647\u0645\u0627-\u0643\u0627\u0646\u062a-\u0627\u0644\u0638\u0631\u0648\u0641.jpg","width":630,"height":353},{"@type":"BreadcrumbList","@id":"https:\/\/www.webdo.tn\/fr\/actualite\/national\/incendie-a-sidi-bou-said-les-autorites-menent-lenquete-le-depart-de-la-flottille-maintenu\/383127\/#breadcrumb","itemListElement":[{"@type":"ListItem","position":1,"name":"Accueil","item":"https:\/\/www.webdo.tn\/fr\/"},{"@type":"ListItem","position":2,"name":"Incendie \u00e0 Sidi Bou Sa\u00efd : Les autorit\u00e9s m\u00e8nent l\u2019enqu\u00eate, le d\u00e9part de la flottille maintenu"}]},{"@type":"WebSite","@id":"https:\/\/www.webdo.tn\/fr\/#website","url":"https:\/\/www.webdo.tn\/fr\/","name":"webdo","description":"Tunisie - News en Tunisie et \u00e0 l&#039;international sur Webdo.tn","publisher":{"@id":"https:\/\/www.webdo.tn\/fr\/#organization"},"potentialAction":[{"@type":"SearchAction","target":{"@type":"EntryPoint","urlTemplate":"https:\/\/www.webdo.tn\/fr\/?s={search_term_string}"},"query-input":{"@type":"PropertyValueSpecification","valueRequired":true,"valueName":"search_term_string"}}],"inLanguage":"fr-FR"},{"@type":"Organization","@id":"https:\/\/www.webdo.tn\/fr\/#organization","name":"Webdo","alternateName":"Webdo.tn","url":"https:\/\/www.webdo.tn\/fr\/","logo":{"@type":"ImageObject","inLanguage":"fr-FR","@id":"https:\/\/www.webdo.tn\/fr\/#\/schema\/logo\/image\/","url":"https:\/\/www.webdo.tn\/fr\/wp-content\/uploads\/2025\/06\/Webdo-Tunisie_168377.jpg","contentUrl":"https:\/\/www.webdo.tn\/fr\/wp-content\/uploads\/2025\/06\/Webdo-Tunisie_168377.jpg","width":301,"height":301,"caption":"Webdo"},"image":{"@id":"https:\/\/www.webdo.tn\/fr\/#\/schema\/logo\/image\/"},"sameAs":["https:\/\/www.facebook.com\/webdotn","https:\/\/x.com\/webdo_tn"],"description":"Webdo est un m\u00e9dia num\u00e9rique tunisien fond\u00e9 en 2010, sp\u00e9cialis\u00e9 dans l\u2019actualit\u00e9 nationale et internationale, l\u2019\u00e9conomie, la soci\u00e9t\u00e9 et les analyses politiques. Le site s\u2019adresse \u00e0 un large public francophone et couvre l\u2019information tunisienne en temps r\u00e9el.","email":"redac@webdo.tn","legalName":"YNJ SARL","foundingDate":"2010-09-06","numberOfEmployees":{"@type":"QuantitativeValue","minValue":"11","maxValue":"50"}},{"@type":"Person","@id":"https:\/\/www.webdo.tn\/fr\/#\/schema\/person\/b9ecde7a5574cb4fcf4b496ea5fadb15","name":"Wided Belhaj","image":{"@type":"ImageObject","inLanguage":"fr-FR","@id":"https:\/\/www.webdo.tn\/fr\/wp-content\/uploads\/2026\/04\/wided-belhaj_avatar-96x96.jpg","url":"https:\/\/www.webdo.tn\/fr\/wp-content\/uploads\/2026\/04\/wided-belhaj_avatar-96x96.jpg","contentUrl":"https:\/\/www.webdo.tn\/fr\/wp-content\/uploads\/2026\/04\/wided-belhaj_avatar-96x96.jpg","caption":"Wided Belhaj"},"description":"Wided Belhaj est le pseudonyme \u00e9ditorial utilis\u00e9 par Khalil Jelassi, journaliste, ma\u00eetre-assistant \u00e0 l\u2019Institut de presse et des sciences de l\u2019information (IPSI) et chercheur en sciences de l\u2019information et de la communication. Cette signature est d\u00e9di\u00e9e \u00e0 l\u2019analyse des m\u00e9dias, des pratiques journalistiques et des mutations de l\u2019information \u00e0 l\u2019\u00e8re digitale. \u00c0 travers ses contributions, Wided Belhaj propose une lecture analytique de l\u2019actualit\u00e9, en croisant regard critique et expertise acad\u00e9mique.","knowsAbout":["m\u00e9dias","journalisme","communication","information","transformation num\u00e9rique","analyse des m\u00e9dias"],"knowsLanguage":["Fran\u00e7ais","Arabe"],"jobTitle":"Webdo.tn","worksFor":"Journaliste \u2013 Analyse des m\u00e9dias","url":"https:\/\/www.webdo.tn\/fr\/actualite\/author\/wided-belhaj\/"}]}},"_links":{"self":[{"href":"https:\/\/www.webdo.tn\/fr\/wp-json\/wp\/v2\/posts\/383127","targetHints":{"allow":["GET"]}}],"collection":[{"href":"https:\/\/www.webdo.tn\/fr\/wp-json\/wp\/v2\/posts"}],"about":[{"href":"https:\/\/www.webdo.tn\/fr\/wp-json\/wp\/v2\/types\/post"}],"author":[{"embeddable":true,"href":"https:\/\/www.webdo.tn\/fr\/wp-json\/wp\/v2\/users\/3184"}],"replies":[{"embeddable":true,"href":"https:\/\/www.webdo.tn\/fr\/wp-json\/wp\/v2\/comments?post=383127"}],"version-history":[{"count":0,"href":"https:\/\/www.webdo.tn\/fr\/wp-json\/wp\/v2\/posts\/383127\/revisions"}],"wp:featuredmedia":[{"embeddable":true,"href":"https:\/\/www.webdo.tn\/fr\/wp-json\/wp\/v2\/media\/383128"}],"wp:attachment":[{"href":"https:\/\/www.webdo.tn\/fr\/wp-json\/wp\/v2\/media?parent=383127"}],"wp:term":[{"taxonomy":"category","embeddable":true,"href":"https:\/\/www.webdo.tn\/fr\/wp-json\/wp\/v2\/categories?post=383127"},{"taxonomy":"post_tag","embeddable":true,"href":"https:\/\/www.webdo.tn\/fr\/wp-json\/wp\/v2\/tags?post=383127"}],"curies":[{"name":"wp","href":"https:\/\/api.w.org\/{rel}","templated":true}]}}