{"id":383122,"date":"2025-09-09T10:45:02","date_gmt":"2025-09-09T09:45:02","guid":{"rendered":"https:\/\/www.webdo.tn\/fr\/?p=383122"},"modified":"2025-09-09T19:16:03","modified_gmt":"2025-09-09T18:16:03","slug":"tunisie-la-rapporteure-de-lonu-appelle-a-proteger-les-navires-de-la-flottille-de-la-resistance","status":"publish","type":"post","link":"https:\/\/www.webdo.tn\/fr\/actualite\/national\/tunisie-la-rapporteure-de-lonu-appelle-a-proteger-les-navires-de-la-flottille-de-la-resistance\/383122\/","title":{"rendered":"Tunisie : La rapporteure de l\u2019ONU appelle \u00e0 prot\u00e9ger les navires de la \u00ab\u202fFlottille de la R\u00e9sistance\u202f\u00bb"},"content":{"rendered":"\n<p><\/p>\n\n\n\n<p>La rapporteure sp\u00e9ciale des Nations unies pour les droits de l\u2019homme en Palestine, Francesca Albanese, a appel\u00e9 mardi 9 septembre \u00e0 fournir une \u00ab\u202fprotection urgente\u202f\u00bb aux navires restants de la Flottille de la R\u00e9sistance mondial.<\/p>\n\n\n\n<p>Dans un message publi\u00e9 sur la plateforme X, Albanese a affirm\u00e9 que le navire principal du flottille avait \u00e9t\u00e9 vis\u00e9 par un drone alors qu\u2019il \u00e9tait amarr\u00e9 au port de Sidi Bou Sa\u00efd, en Tunisie. Elle a insist\u00e9 sur la n\u00e9cessit\u00e9 d\u2019assurer une protection imm\u00e9diate \u00e0 deux autres navires en route vers la Tunisie pour rejoindre le flottille.<\/p>\n\n\n\n<p>Selon les militants du flottille, le navire espagnol <em>Family<\/em> aurait \u00e9galement \u00e9t\u00e9 la cible d\u2019un drone, une information d\u00e9mentie par le minist\u00e8re de l\u2019Int\u00e9rieur et la Garde nationale tunisienne.<\/p>\n\n\n\n<p>Rappelons que le minist\u00e8re de l\u2019Int\u00e9rieur a d\u00e9menti ce mardi 9 septembre toute attaque par drone visant un bateau de la flottille internationale pour Gaza, amarr\u00e9 au port de Sidi Bou Sa\u00efd. Selon la version officielle, les flammes qui ont endommag\u00e9 le navire seraient dues \u00e0 \u00ab un d\u00e9part de feu accidentel, probablement caus\u00e9 par une cigarette \u00bb.<\/p>\n\n\n\n<p><strong>Lire aussi:\u00a0<\/strong><a href=\"https:\/\/www.webdo.tn\/fr\/actualite\/national\/sidi-bou-said-un-drone-aurait-frappe-un-navire-de-la-flottille\/383084\/\">Sidi Bou Sa\u00efd : un drone aurait frapp\u00e9 un navire de la flottille<\/a><\/p>\n","protected":false},"excerpt":{"rendered":"<p>La rapporteure sp\u00e9ciale des Nations unies pour les droits de l\u2019homme en Palestine, Francesca Albanese, a appel\u00e9 mardi 9 septembre \u00e0 fournir une \u00ab\u202fprotection urgente\u202f\u00bb aux navires restants de la Flottille de la R\u00e9sistance mondial. Dans un message publi\u00e9 sur la plateforme X, Albanese a affirm\u00e9 que le navire principal du flottille avait \u00e9t\u00e9 vis\u00e9 [&hellip;]<\/p>\n","protected":false},"author":3184,"featured_media":383124,"comment_status":"closed","ping_status":"closed","sticky":false,"template":"","format":"standard","meta":{"footnotes":""},"categories":[44],"tags":[12378,2689,2608],"class_list":["post-383122","post","type-post","status-publish","format-standard","has-post-thumbnail","hentry","category-national","tag-flottille","tag-gaza","tag-tunisie"],"yoast_head":"<!-- This site is optimized with the Yoast SEO Premium plugin v27.5 (Yoast SEO v27.5) - https:\/\/yoast.com\/product\/yoast-seo-premium-wordpress\/ -->\n<title>Tunisie : La rapporteure de l\u2019ONU appelle \u00e0 prot\u00e9ger les navires de la \u00ab\u202fFlottille de la R\u00e9sistance\u202f\u00bb - webdo<\/title>\n<meta name=\"description\" content=\"Francesca Albanese appelle \u00e0 une protection urgente pour les navires du Flottille de la R\u00e9sistance mondial en danger.\" \/>\n<link rel=\"canonical\" href=\"https:\/\/www.webdo.tn\/fr\/actualite\/national\/tunisie-la-rapporteure-de-lonu-appelle-a-proteger-les-navires-de-la-flottille-de-la-resistance\/383122\/\" \/>\n<meta property=\"og:locale\" content=\"fr_FR\" \/>\n<meta property=\"og:type\" content=\"article\" \/>\n<meta property=\"og:title\" content=\"Tunisie : La rapporteure de l\u2019ONU appelle \u00e0 prot\u00e9ger les navires de la \u00ab\u202fFlottille de la R\u00e9sistance\u202f\u00bb\" \/>\n<meta property=\"og:description\" content=\"Francesca Albanese appelle \u00e0 une protection urgente pour les navires du Flottille de la R\u00e9sistance mondial en danger.\" \/>\n<meta property=\"og:url\" content=\"https:\/\/www.webdo.tn\/fr\/actualite\/national\/tunisie-la-rapporteure-de-lonu-appelle-a-proteger-les-navires-de-la-flottille-de-la-resistance\/383122\/\" \/>\n<meta property=\"og:site_name\" content=\"webdo\" \/>\n<meta property=\"article:publisher\" content=\"https:\/\/www.facebook.com\/webdotn\" \/>\n<meta property=\"article:published_time\" content=\"2025-09-09T09:45:02+00:00\" \/>\n<meta property=\"article:modified_time\" content=\"2025-09-09T18:16:03+00:00\" \/>\n<meta property=\"og:image\" content=\"https:\/\/www.webdo.tn\/fr\/wp-content\/uploads\/2025\/09\/545322712_10233040009515936_6645494096780974688_n.jpg\" \/>\n\t<meta property=\"og:image:width\" content=\"2043\" \/>\n\t<meta property=\"og:image:height\" content=\"1362\" \/>\n\t<meta property=\"og:image:type\" content=\"image\/jpeg\" \/>\n<meta name=\"author\" content=\"Wided Belhaj\" \/>\n<meta name=\"twitter:card\" content=\"summary_large_image\" \/>\n<meta name=\"twitter:creator\" content=\"@webdo_tn\" \/>\n<meta name=\"twitter:site\" content=\"@webdo_tn\" \/>\n<meta name=\"twitter:label1\" content=\"\u00c9crit par\" \/>\n\t<meta name=\"twitter:data1\" content=\"Wided Belhaj\" \/>\n\t<meta name=\"twitter:label2\" content=\"Dur\u00e9e de lecture estim\u00e9e\" \/>\n\t<meta name=\"twitter:data2\" content=\"2 minutes\" \/>\n<script type=\"application\/ld+json\" class=\"yoast-schema-graph\">{\"@context\":\"https:\\\/\\\/schema.org\",\"@graph\":[{\"@type\":\"NewsArticle\",\"@id\":\"https:\\\/\\\/www.webdo.tn\\\/fr\\\/actualite\\\/national\\\/tunisie-la-rapporteure-de-lonu-appelle-a-proteger-les-navires-de-la-flottille-de-la-resistance\\\/383122\\\/#article\",\"isPartOf\":{\"@id\":\"https:\\\/\\\/www.webdo.tn\\\/fr\\\/actualite\\\/national\\\/tunisie-la-rapporteure-de-lonu-appelle-a-proteger-les-navires-de-la-flottille-de-la-resistance\\\/383122\\\/\"},\"author\":{\"name\":\"Wided Belhaj\",\"@id\":\"https:\\\/\\\/www.webdo.tn\\\/fr\\\/#\\\/schema\\\/person\\\/b9ecde7a5574cb4fcf4b496ea5fadb15\"},\"headline\":\"Tunisie : La rapporteure de l\u2019ONU appelle \u00e0 prot\u00e9ger les navires de la \u00ab\u202fFlottille de la R\u00e9sistance\u202f\u00bb\",\"datePublished\":\"2025-09-09T09:45:02+00:00\",\"dateModified\":\"2025-09-09T18:16:03+00:00\",\"mainEntityOfPage\":{\"@id\":\"https:\\\/\\\/www.webdo.tn\\\/fr\\\/actualite\\\/national\\\/tunisie-la-rapporteure-de-lonu-appelle-a-proteger-les-navires-de-la-flottille-de-la-resistance\\\/383122\\\/\"},\"wordCount\":225,\"publisher\":{\"@id\":\"https:\\\/\\\/www.webdo.tn\\\/fr\\\/#organization\"},\"image\":{\"@id\":\"https:\\\/\\\/www.webdo.tn\\\/fr\\\/actualite\\\/national\\\/tunisie-la-rapporteure-de-lonu-appelle-a-proteger-les-navires-de-la-flottille-de-la-resistance\\\/383122\\\/#primaryimage\"},\"thumbnailUrl\":\"https:\\\/\\\/www.webdo.tn\\\/fr\\\/wp-content\\\/uploads\\\/2025\\\/09\\\/545322712_10233040009515936_6645494096780974688_n.jpg\",\"keywords\":[\"Flottille\",\"Gaza\",\"Tunisie\"],\"articleSection\":[\"National\"],\"inLanguage\":\"fr-FR\"},{\"@type\":\"WebPage\",\"@id\":\"https:\\\/\\\/www.webdo.tn\\\/fr\\\/actualite\\\/national\\\/tunisie-la-rapporteure-de-lonu-appelle-a-proteger-les-navires-de-la-flottille-de-la-resistance\\\/383122\\\/\",\"url\":\"https:\\\/\\\/www.webdo.tn\\\/fr\\\/actualite\\\/national\\\/tunisie-la-rapporteure-de-lonu-appelle-a-proteger-les-navires-de-la-flottille-de-la-resistance\\\/383122\\\/\",\"name\":\"Tunisie : La rapporteure de l\u2019ONU appelle \u00e0 prot\u00e9ger les navires de la \u00ab\u202fFlottille de la R\u00e9sistance\u202f\u00bb - webdo\",\"isPartOf\":{\"@id\":\"https:\\\/\\\/www.webdo.tn\\\/fr\\\/#website\"},\"primaryImageOfPage\":{\"@id\":\"https:\\\/\\\/www.webdo.tn\\\/fr\\\/actualite\\\/national\\\/tunisie-la-rapporteure-de-lonu-appelle-a-proteger-les-navires-de-la-flottille-de-la-resistance\\\/383122\\\/#primaryimage\"},\"image\":{\"@id\":\"https:\\\/\\\/www.webdo.tn\\\/fr\\\/actualite\\\/national\\\/tunisie-la-rapporteure-de-lonu-appelle-a-proteger-les-navires-de-la-flottille-de-la-resistance\\\/383122\\\/#primaryimage\"},\"thumbnailUrl\":\"https:\\\/\\\/www.webdo.tn\\\/fr\\\/wp-content\\\/uploads\\\/2025\\\/09\\\/545322712_10233040009515936_6645494096780974688_n.jpg\",\"datePublished\":\"2025-09-09T09:45:02+00:00\",\"dateModified\":\"2025-09-09T18:16:03+00:00\",\"description\":\"Francesca Albanese appelle \u00e0 une protection urgente pour les navires du Flottille de la R\u00e9sistance mondial en danger.\",\"breadcrumb\":{\"@id\":\"https:\\\/\\\/www.webdo.tn\\\/fr\\\/actualite\\\/national\\\/tunisie-la-rapporteure-de-lonu-appelle-a-proteger-les-navires-de-la-flottille-de-la-resistance\\\/383122\\\/#breadcrumb\"},\"inLanguage\":\"fr-FR\",\"potentialAction\":[{\"@type\":\"ReadAction\",\"target\":[\"https:\\\/\\\/www.webdo.tn\\\/fr\\\/actualite\\\/national\\\/tunisie-la-rapporteure-de-lonu-appelle-a-proteger-les-navires-de-la-flottille-de-la-resistance\\\/383122\\\/\"]}]},{\"@type\":\"ImageObject\",\"inLanguage\":\"fr-FR\",\"@id\":\"https:\\\/\\\/www.webdo.tn\\\/fr\\\/actualite\\\/national\\\/tunisie-la-rapporteure-de-lonu-appelle-a-proteger-les-navires-de-la-flottille-de-la-resistance\\\/383122\\\/#primaryimage\",\"url\":\"https:\\\/\\\/www.webdo.tn\\\/fr\\\/wp-content\\\/uploads\\\/2025\\\/09\\\/545322712_10233040009515936_6645494096780974688_n.jpg\",\"contentUrl\":\"https:\\\/\\\/www.webdo.tn\\\/fr\\\/wp-content\\\/uploads\\\/2025\\\/09\\\/545322712_10233040009515936_6645494096780974688_n.jpg\",\"width\":2043,\"height\":1362},{\"@type\":\"BreadcrumbList\",\"@id\":\"https:\\\/\\\/www.webdo.tn\\\/fr\\\/actualite\\\/national\\\/tunisie-la-rapporteure-de-lonu-appelle-a-proteger-les-navires-de-la-flottille-de-la-resistance\\\/383122\\\/#breadcrumb\",\"itemListElement\":[{\"@type\":\"ListItem\",\"position\":1,\"name\":\"Accueil\",\"item\":\"https:\\\/\\\/www.webdo.tn\\\/fr\\\/\"},{\"@type\":\"ListItem\",\"position\":2,\"name\":\"Tunisie : La rapporteure de l\u2019ONU appelle \u00e0 prot\u00e9ger les navires de la \u00ab\u202fFlottille de la R\u00e9sistance\u202f\u00bb\"}]},{\"@type\":\"WebSite\",\"@id\":\"https:\\\/\\\/www.webdo.tn\\\/fr\\\/#website\",\"url\":\"https:\\\/\\\/www.webdo.tn\\\/fr\\\/\",\"name\":\"webdo\",\"description\":\"Tunisie - News en Tunisie et \u00e0 l&#039;international sur Webdo.tn\",\"publisher\":{\"@id\":\"https:\\\/\\\/www.webdo.tn\\\/fr\\\/#organization\"},\"potentialAction\":[{\"@type\":\"SearchAction\",\"target\":{\"@type\":\"EntryPoint\",\"urlTemplate\":\"https:\\\/\\\/www.webdo.tn\\\/fr\\\/?s={search_term_string}\"},\"query-input\":{\"@type\":\"PropertyValueSpecification\",\"valueRequired\":true,\"valueName\":\"search_term_string\"}}],\"inLanguage\":\"fr-FR\"},{\"@type\":\"Organization\",\"@id\":\"https:\\\/\\\/www.webdo.tn\\\/fr\\\/#organization\",\"name\":\"Webdo\",\"alternateName\":\"Webdo.tn\",\"url\":\"https:\\\/\\\/www.webdo.tn\\\/fr\\\/\",\"logo\":{\"@type\":\"ImageObject\",\"inLanguage\":\"fr-FR\",\"@id\":\"https:\\\/\\\/www.webdo.tn\\\/fr\\\/#\\\/schema\\\/logo\\\/image\\\/\",\"url\":\"https:\\\/\\\/www.webdo.tn\\\/fr\\\/wp-content\\\/uploads\\\/2025\\\/06\\\/Webdo-Tunisie_168377.jpg\",\"contentUrl\":\"https:\\\/\\\/www.webdo.tn\\\/fr\\\/wp-content\\\/uploads\\\/2025\\\/06\\\/Webdo-Tunisie_168377.jpg\",\"width\":301,\"height\":301,\"caption\":\"Webdo\"},\"image\":{\"@id\":\"https:\\\/\\\/www.webdo.tn\\\/fr\\\/#\\\/schema\\\/logo\\\/image\\\/\"},\"sameAs\":[\"https:\\\/\\\/www.facebook.com\\\/webdotn\",\"https:\\\/\\\/x.com\\\/webdo_tn\"],\"description\":\"Webdo est un m\u00e9dia num\u00e9rique tunisien fond\u00e9 en 2010, sp\u00e9cialis\u00e9 dans l\u2019actualit\u00e9 nationale et internationale, l\u2019\u00e9conomie, la soci\u00e9t\u00e9 et les analyses politiques. Le site s\u2019adresse \u00e0 un large public francophone et couvre l\u2019information tunisienne en temps r\u00e9el.\",\"email\":\"redac@webdo.tn\",\"legalName\":\"YNJ SARL\",\"foundingDate\":\"2010-09-06\",\"numberOfEmployees\":{\"@type\":\"QuantitativeValue\",\"minValue\":\"11\",\"maxValue\":\"50\"}},{\"@type\":\"Person\",\"@id\":\"https:\\\/\\\/www.webdo.tn\\\/fr\\\/#\\\/schema\\\/person\\\/b9ecde7a5574cb4fcf4b496ea5fadb15\",\"name\":\"Wided Belhaj\",\"image\":{\"@type\":\"ImageObject\",\"inLanguage\":\"fr-FR\",\"@id\":\"https:\\\/\\\/www.webdo.tn\\\/fr\\\/wp-content\\\/uploads\\\/2026\\\/04\\\/wided-belhaj_avatar-96x96.jpg\",\"url\":\"https:\\\/\\\/www.webdo.tn\\\/fr\\\/wp-content\\\/uploads\\\/2026\\\/04\\\/wided-belhaj_avatar-96x96.jpg\",\"contentUrl\":\"https:\\\/\\\/www.webdo.tn\\\/fr\\\/wp-content\\\/uploads\\\/2026\\\/04\\\/wided-belhaj_avatar-96x96.jpg\",\"caption\":\"Wided Belhaj\"},\"description\":\"Wided Belhaj est le pseudonyme \u00e9ditorial utilis\u00e9 par Khalil Jelassi, journaliste, ma\u00eetre-assistant \u00e0 l\u2019Institut de presse et des sciences de l\u2019information (IPSI) et chercheur en sciences de l\u2019information et de la communication. Cette signature est d\u00e9di\u00e9e \u00e0 l\u2019analyse des m\u00e9dias, des pratiques journalistiques et des mutations de l\u2019information \u00e0 l\u2019\u00e8re digitale. \u00c0 travers ses contributions, Wided Belhaj propose une lecture analytique de l\u2019actualit\u00e9, en croisant regard critique et expertise acad\u00e9mique.\",\"knowsAbout\":[\"m\u00e9dias\",\"journalisme\",\"communication\",\"information\",\"transformation num\u00e9rique\",\"analyse des m\u00e9dias\"],\"knowsLanguage\":[\"Fran\u00e7ais\",\"Arabe\"],\"jobTitle\":\"Webdo.tn\",\"worksFor\":\"Journaliste \u2013 Analyse des m\u00e9dias\",\"url\":\"https:\\\/\\\/www.webdo.tn\\\/fr\\\/actualite\\\/author\\\/wided-belhaj\\\/\"}]}<\/script>\n<!-- \/ Yoast SEO Premium plugin. -->","yoast_head_json":{"title":"Tunisie : La rapporteure de l\u2019ONU appelle \u00e0 prot\u00e9ger les navires de la \u00ab\u202fFlottille de la R\u00e9sistance\u202f\u00bb - webdo","description":"Francesca Albanese appelle \u00e0 une protection urgente pour les navires du Flottille de la R\u00e9sistance mondial en danger.","canonical":"https:\/\/www.webdo.tn\/fr\/actualite\/national\/tunisie-la-rapporteure-de-lonu-appelle-a-proteger-les-navires-de-la-flottille-de-la-resistance\/383122\/","og_locale":"fr_FR","og_type":"article","og_title":"Tunisie : La rapporteure de l\u2019ONU appelle \u00e0 prot\u00e9ger les navires de la \u00ab\u202fFlottille de la R\u00e9sistance\u202f\u00bb","og_description":"Francesca Albanese appelle \u00e0 une protection urgente pour les navires du Flottille de la R\u00e9sistance mondial en danger.","og_url":"https:\/\/www.webdo.tn\/fr\/actualite\/national\/tunisie-la-rapporteure-de-lonu-appelle-a-proteger-les-navires-de-la-flottille-de-la-resistance\/383122\/","og_site_name":"webdo","article_publisher":"https:\/\/www.facebook.com\/webdotn","article_published_time":"2025-09-09T09:45:02+00:00","article_modified_time":"2025-09-09T18:16:03+00:00","og_image":[{"width":2043,"height":1362,"url":"https:\/\/www.webdo.tn\/fr\/wp-content\/uploads\/2025\/09\/545322712_10233040009515936_6645494096780974688_n.jpg","type":"image\/jpeg"}],"author":"Wided Belhaj","twitter_card":"summary_large_image","twitter_creator":"@webdo_tn","twitter_site":"@webdo_tn","twitter_misc":{"\u00c9crit par":"Wided Belhaj","Dur\u00e9e de lecture estim\u00e9e":"2 minutes"},"schema":{"@context":"https:\/\/schema.org","@graph":[{"@type":"NewsArticle","@id":"https:\/\/www.webdo.tn\/fr\/actualite\/national\/tunisie-la-rapporteure-de-lonu-appelle-a-proteger-les-navires-de-la-flottille-de-la-resistance\/383122\/#article","isPartOf":{"@id":"https:\/\/www.webdo.tn\/fr\/actualite\/national\/tunisie-la-rapporteure-de-lonu-appelle-a-proteger-les-navires-de-la-flottille-de-la-resistance\/383122\/"},"author":{"name":"Wided Belhaj","@id":"https:\/\/www.webdo.tn\/fr\/#\/schema\/person\/b9ecde7a5574cb4fcf4b496ea5fadb15"},"headline":"Tunisie : La rapporteure de l\u2019ONU appelle \u00e0 prot\u00e9ger les navires de la \u00ab\u202fFlottille de la R\u00e9sistance\u202f\u00bb","datePublished":"2025-09-09T09:45:02+00:00","dateModified":"2025-09-09T18:16:03+00:00","mainEntityOfPage":{"@id":"https:\/\/www.webdo.tn\/fr\/actualite\/national\/tunisie-la-rapporteure-de-lonu-appelle-a-proteger-les-navires-de-la-flottille-de-la-resistance\/383122\/"},"wordCount":225,"publisher":{"@id":"https:\/\/www.webdo.tn\/fr\/#organization"},"image":{"@id":"https:\/\/www.webdo.tn\/fr\/actualite\/national\/tunisie-la-rapporteure-de-lonu-appelle-a-proteger-les-navires-de-la-flottille-de-la-resistance\/383122\/#primaryimage"},"thumbnailUrl":"https:\/\/www.webdo.tn\/fr\/wp-content\/uploads\/2025\/09\/545322712_10233040009515936_6645494096780974688_n.jpg","keywords":["Flottille","Gaza","Tunisie"],"articleSection":["National"],"inLanguage":"fr-FR"},{"@type":"WebPage","@id":"https:\/\/www.webdo.tn\/fr\/actualite\/national\/tunisie-la-rapporteure-de-lonu-appelle-a-proteger-les-navires-de-la-flottille-de-la-resistance\/383122\/","url":"https:\/\/www.webdo.tn\/fr\/actualite\/national\/tunisie-la-rapporteure-de-lonu-appelle-a-proteger-les-navires-de-la-flottille-de-la-resistance\/383122\/","name":"Tunisie : La rapporteure de l\u2019ONU appelle \u00e0 prot\u00e9ger les navires de la \u00ab\u202fFlottille de la R\u00e9sistance\u202f\u00bb - webdo","isPartOf":{"@id":"https:\/\/www.webdo.tn\/fr\/#website"},"primaryImageOfPage":{"@id":"https:\/\/www.webdo.tn\/fr\/actualite\/national\/tunisie-la-rapporteure-de-lonu-appelle-a-proteger-les-navires-de-la-flottille-de-la-resistance\/383122\/#primaryimage"},"image":{"@id":"https:\/\/www.webdo.tn\/fr\/actualite\/national\/tunisie-la-rapporteure-de-lonu-appelle-a-proteger-les-navires-de-la-flottille-de-la-resistance\/383122\/#primaryimage"},"thumbnailUrl":"https:\/\/www.webdo.tn\/fr\/wp-content\/uploads\/2025\/09\/545322712_10233040009515936_6645494096780974688_n.jpg","datePublished":"2025-09-09T09:45:02+00:00","dateModified":"2025-09-09T18:16:03+00:00","description":"Francesca Albanese appelle \u00e0 une protection urgente pour les navires du Flottille de la R\u00e9sistance mondial en danger.","breadcrumb":{"@id":"https:\/\/www.webdo.tn\/fr\/actualite\/national\/tunisie-la-rapporteure-de-lonu-appelle-a-proteger-les-navires-de-la-flottille-de-la-resistance\/383122\/#breadcrumb"},"inLanguage":"fr-FR","potentialAction":[{"@type":"ReadAction","target":["https:\/\/www.webdo.tn\/fr\/actualite\/national\/tunisie-la-rapporteure-de-lonu-appelle-a-proteger-les-navires-de-la-flottille-de-la-resistance\/383122\/"]}]},{"@type":"ImageObject","inLanguage":"fr-FR","@id":"https:\/\/www.webdo.tn\/fr\/actualite\/national\/tunisie-la-rapporteure-de-lonu-appelle-a-proteger-les-navires-de-la-flottille-de-la-resistance\/383122\/#primaryimage","url":"https:\/\/www.webdo.tn\/fr\/wp-content\/uploads\/2025\/09\/545322712_10233040009515936_6645494096780974688_n.jpg","contentUrl":"https:\/\/www.webdo.tn\/fr\/wp-content\/uploads\/2025\/09\/545322712_10233040009515936_6645494096780974688_n.jpg","width":2043,"height":1362},{"@type":"BreadcrumbList","@id":"https:\/\/www.webdo.tn\/fr\/actualite\/national\/tunisie-la-rapporteure-de-lonu-appelle-a-proteger-les-navires-de-la-flottille-de-la-resistance\/383122\/#breadcrumb","itemListElement":[{"@type":"ListItem","position":1,"name":"Accueil","item":"https:\/\/www.webdo.tn\/fr\/"},{"@type":"ListItem","position":2,"name":"Tunisie : La rapporteure de l\u2019ONU appelle \u00e0 prot\u00e9ger les navires de la \u00ab\u202fFlottille de la R\u00e9sistance\u202f\u00bb"}]},{"@type":"WebSite","@id":"https:\/\/www.webdo.tn\/fr\/#website","url":"https:\/\/www.webdo.tn\/fr\/","name":"webdo","description":"Tunisie - News en Tunisie et \u00e0 l&#039;international sur Webdo.tn","publisher":{"@id":"https:\/\/www.webdo.tn\/fr\/#organization"},"potentialAction":[{"@type":"SearchAction","target":{"@type":"EntryPoint","urlTemplate":"https:\/\/www.webdo.tn\/fr\/?s={search_term_string}"},"query-input":{"@type":"PropertyValueSpecification","valueRequired":true,"valueName":"search_term_string"}}],"inLanguage":"fr-FR"},{"@type":"Organization","@id":"https:\/\/www.webdo.tn\/fr\/#organization","name":"Webdo","alternateName":"Webdo.tn","url":"https:\/\/www.webdo.tn\/fr\/","logo":{"@type":"ImageObject","inLanguage":"fr-FR","@id":"https:\/\/www.webdo.tn\/fr\/#\/schema\/logo\/image\/","url":"https:\/\/www.webdo.tn\/fr\/wp-content\/uploads\/2025\/06\/Webdo-Tunisie_168377.jpg","contentUrl":"https:\/\/www.webdo.tn\/fr\/wp-content\/uploads\/2025\/06\/Webdo-Tunisie_168377.jpg","width":301,"height":301,"caption":"Webdo"},"image":{"@id":"https:\/\/www.webdo.tn\/fr\/#\/schema\/logo\/image\/"},"sameAs":["https:\/\/www.facebook.com\/webdotn","https:\/\/x.com\/webdo_tn"],"description":"Webdo est un m\u00e9dia num\u00e9rique tunisien fond\u00e9 en 2010, sp\u00e9cialis\u00e9 dans l\u2019actualit\u00e9 nationale et internationale, l\u2019\u00e9conomie, la soci\u00e9t\u00e9 et les analyses politiques. Le site s\u2019adresse \u00e0 un large public francophone et couvre l\u2019information tunisienne en temps r\u00e9el.","email":"redac@webdo.tn","legalName":"YNJ SARL","foundingDate":"2010-09-06","numberOfEmployees":{"@type":"QuantitativeValue","minValue":"11","maxValue":"50"}},{"@type":"Person","@id":"https:\/\/www.webdo.tn\/fr\/#\/schema\/person\/b9ecde7a5574cb4fcf4b496ea5fadb15","name":"Wided Belhaj","image":{"@type":"ImageObject","inLanguage":"fr-FR","@id":"https:\/\/www.webdo.tn\/fr\/wp-content\/uploads\/2026\/04\/wided-belhaj_avatar-96x96.jpg","url":"https:\/\/www.webdo.tn\/fr\/wp-content\/uploads\/2026\/04\/wided-belhaj_avatar-96x96.jpg","contentUrl":"https:\/\/www.webdo.tn\/fr\/wp-content\/uploads\/2026\/04\/wided-belhaj_avatar-96x96.jpg","caption":"Wided Belhaj"},"description":"Wided Belhaj est le pseudonyme \u00e9ditorial utilis\u00e9 par Khalil Jelassi, journaliste, ma\u00eetre-assistant \u00e0 l\u2019Institut de presse et des sciences de l\u2019information (IPSI) et chercheur en sciences de l\u2019information et de la communication. Cette signature est d\u00e9di\u00e9e \u00e0 l\u2019analyse des m\u00e9dias, des pratiques journalistiques et des mutations de l\u2019information \u00e0 l\u2019\u00e8re digitale. \u00c0 travers ses contributions, Wided Belhaj propose une lecture analytique de l\u2019actualit\u00e9, en croisant regard critique et expertise acad\u00e9mique.","knowsAbout":["m\u00e9dias","journalisme","communication","information","transformation num\u00e9rique","analyse des m\u00e9dias"],"knowsLanguage":["Fran\u00e7ais","Arabe"],"jobTitle":"Webdo.tn","worksFor":"Journaliste \u2013 Analyse des m\u00e9dias","url":"https:\/\/www.webdo.tn\/fr\/actualite\/author\/wided-belhaj\/"}]}},"_links":{"self":[{"href":"https:\/\/www.webdo.tn\/fr\/wp-json\/wp\/v2\/posts\/383122","targetHints":{"allow":["GET"]}}],"collection":[{"href":"https:\/\/www.webdo.tn\/fr\/wp-json\/wp\/v2\/posts"}],"about":[{"href":"https:\/\/www.webdo.tn\/fr\/wp-json\/wp\/v2\/types\/post"}],"author":[{"embeddable":true,"href":"https:\/\/www.webdo.tn\/fr\/wp-json\/wp\/v2\/users\/3184"}],"replies":[{"embeddable":true,"href":"https:\/\/www.webdo.tn\/fr\/wp-json\/wp\/v2\/comments?post=383122"}],"version-history":[{"count":0,"href":"https:\/\/www.webdo.tn\/fr\/wp-json\/wp\/v2\/posts\/383122\/revisions"}],"wp:featuredmedia":[{"embeddable":true,"href":"https:\/\/www.webdo.tn\/fr\/wp-json\/wp\/v2\/media\/383124"}],"wp:attachment":[{"href":"https:\/\/www.webdo.tn\/fr\/wp-json\/wp\/v2\/media?parent=383122"}],"wp:term":[{"taxonomy":"category","embeddable":true,"href":"https:\/\/www.webdo.tn\/fr\/wp-json\/wp\/v2\/categories?post=383122"},{"taxonomy":"post_tag","embeddable":true,"href":"https:\/\/www.webdo.tn\/fr\/wp-json\/wp\/v2\/tags?post=383122"}],"curies":[{"name":"wp","href":"https:\/\/api.w.org\/{rel}","templated":true}]}}