{"id":383098,"date":"2025-09-09T07:41:00","date_gmt":"2025-09-09T06:41:00","guid":{"rendered":"https:\/\/www.webdo.tn\/fr\/?p=383098"},"modified":"2025-09-09T10:14:08","modified_gmt":"2025-09-09T09:14:08","slug":"flottille-de-gaza-tunis-parle-daccident-les-videos-evoquent-une-attaque","status":"publish","type":"post","link":"https:\/\/www.webdo.tn\/fr\/actualite\/national\/flottille-de-gaza-tunis-parle-daccident-les-videos-evoquent-une-attaque\/383098\/","title":{"rendered":"Flottille de Gaza : Tunis parle d\u2019accident, les vid\u00e9os \u00e9voquent une attaque !"},"content":{"rendered":"\n<p>Le minist\u00e8re de l\u2019Int\u00e9rieur a d\u00e9menti ce mardi 9 septembre toute attaque par drone visant un bateau de la flottille internationale pour Gaza, amarr\u00e9 au port de Sidi Bou Sa\u00efd. Selon la version officielle, les flammes qui ont endommag\u00e9 le navire seraient dues \u00e0 \u00ab un d\u00e9part de feu accidentel, probablement caus\u00e9 par une cigarette \u00bb.<\/p>\n\n\n\n<p>Le navire en question, battant pavillon portugais et baptis\u00e9 <em>Family Boat<\/em>, a<a href=\"https:\/\/www.webdo.tn\/fr\/actualite\/national\/sidi-bou-said-flottille-la-garde-nationale-dement-toute-attaque-au-drone\/383094\/\"> \u00e9t\u00e9 touch\u00e9 par un incendie dans la nuit de lundi \u00e0 mardi. <\/a>Aucun bless\u00e9 n\u2019a \u00e9t\u00e9 enregistr\u00e9 parmi les six membres d\u2019\u00e9quipage.<\/p>\n\n\n\n<p>Pourtant, en d\u00e9pit des explications officielles, des vid\u00e9os largement relay\u00e9es sur les r\u00e9seaux sociaux montrent un objet lumineux enflamm\u00e9 descendant du ciel avant d\u2019atteindre le bateau, alimentant les soup\u00e7ons d\u2019une attaque ext\u00e9rieure. Ces images, partag\u00e9es des milliers de fois, continuent de semer le doute et d\u2019alimenter les d\u00e9bats en ligne.<\/p>\n\n\n\n<p>La <em>Global Sumud Flotilla<\/em>, initiative internationale rassemblant des militants de 44 pays et visant \u00e0 briser symboliquement le blocus de Gaza, a rapidement d\u00e9nonc\u00e9 \u00ab une attaque cibl\u00e9e \u00bb. De son c\u00f4t\u00e9, Isra\u00ebl, soup\u00e7onn\u00e9 par certains militants d\u2019\u00eatre derri\u00e8re l\u2019incident, n\u2019a pas r\u00e9agi pour l\u2019instant.<\/p>\n\n\n\n<p>Sur le quai de Sidi Bou Sa\u00efd, des dizaines de militants et de sympathisants se sont rassembl\u00e9s en signe de solidarit\u00e9, brandissant des drapeaux palestiniens et appelant \u00e0 poursuivre la mission malgr\u00e9 l\u2019incident.<\/p>\n\n\n\n<p>Entre version officielle et t\u00e9moignages militants, l\u2019origine exacte du sinistre reste entour\u00e9e de zones d\u2019ombre.<\/p>\n\n\n\n<p><strong>Lire aussi:\u00a0<\/strong><a href=\"https:\/\/www.webdo.tn\/fr\/actualite\/national\/sidi-bou-said-un-drone-aurait-frappe-un-navire-de-la-flottille\/383084\/\">Sidi Bou Sa\u00efd : un drone aurait frapp\u00e9 un navire de la flottille<\/a><\/p>\n","protected":false},"excerpt":{"rendered":"<p>Le minist\u00e8re de l\u2019Int\u00e9rieur a d\u00e9menti ce mardi 9 septembre toute attaque par drone visant un bateau de la flottille internationale pour Gaza, amarr\u00e9 au port de Sidi Bou Sa\u00efd. Selon la version officielle, les flammes qui ont endommag\u00e9 le navire seraient dues \u00e0 \u00ab un d\u00e9part de feu accidentel, probablement caus\u00e9 par une cigarette [&hellip;]<\/p>\n","protected":false},"author":3184,"featured_media":383099,"comment_status":"closed","ping_status":"closed","sticky":false,"template":"","format":"standard","meta":{"footnotes":""},"categories":[44],"tags":[7501,3404,12378,2689,2608],"class_list":["post-383098","post","type-post","status-publish","format-standard","has-post-thumbnail","hentry","category-national","tag-drone","tag-feu","tag-flottille","tag-gaza","tag-tunisie"],"yoast_head":"<!-- This site is optimized with the Yoast SEO Premium plugin v27.5 (Yoast SEO v27.5) - https:\/\/yoast.com\/product\/yoast-seo-premium-wordpress\/ -->\n<title>Flottille de Gaza : Tunis parle d\u2019accident, les vid\u00e9os \u00e9voquent une attaque ! - webdo<\/title>\n<meta name=\"description\" content=\"Le minist\u00e8re de l\u2019Int\u00e9rieur d\u00e9ment l&#039;attaque par drone sur la flottille \u00e0 Gaza. D\u00e9couvrez les d\u00e9tails de l&#039;incident.\" \/>\n<link rel=\"canonical\" href=\"https:\/\/www.webdo.tn\/fr\/actualite\/national\/flottille-de-gaza-tunis-parle-daccident-les-videos-evoquent-une-attaque\/383098\/\" \/>\n<meta property=\"og:locale\" content=\"fr_FR\" \/>\n<meta property=\"og:type\" content=\"article\" \/>\n<meta property=\"og:title\" content=\"Flottille de Gaza : Tunis parle d\u2019accident, les vid\u00e9os \u00e9voquent une attaque !\" \/>\n<meta property=\"og:description\" content=\"Le minist\u00e8re de l\u2019Int\u00e9rieur d\u00e9ment l&#039;attaque par drone sur la flottille \u00e0 Gaza. D\u00e9couvrez les d\u00e9tails de l&#039;incident.\" \/>\n<meta property=\"og:url\" content=\"https:\/\/www.webdo.tn\/fr\/actualite\/national\/flottille-de-gaza-tunis-parle-daccident-les-videos-evoquent-une-attaque\/383098\/\" \/>\n<meta property=\"og:site_name\" content=\"webdo\" \/>\n<meta property=\"article:publisher\" content=\"https:\/\/www.facebook.com\/webdotn\" \/>\n<meta property=\"article:published_time\" content=\"2025-09-09T06:41:00+00:00\" \/>\n<meta property=\"article:modified_time\" content=\"2025-09-09T09:14:08+00:00\" \/>\n<meta property=\"og:image\" content=\"https:\/\/www.webdo.tn\/fr\/wp-content\/uploads\/2025\/09\/1757380002.png\" \/>\n\t<meta property=\"og:image:width\" content=\"800\" \/>\n\t<meta property=\"og:image:height\" content=\"450\" \/>\n\t<meta property=\"og:image:type\" content=\"image\/png\" \/>\n<meta name=\"author\" content=\"Wided Belhaj\" \/>\n<meta name=\"twitter:card\" content=\"summary_large_image\" \/>\n<meta name=\"twitter:creator\" content=\"@webdo_tn\" \/>\n<meta name=\"twitter:site\" content=\"@webdo_tn\" \/>\n<meta name=\"twitter:label1\" content=\"\u00c9crit par\" \/>\n\t<meta name=\"twitter:data1\" content=\"Wided Belhaj\" \/>\n\t<meta name=\"twitter:label2\" content=\"Dur\u00e9e de lecture estim\u00e9e\" \/>\n\t<meta name=\"twitter:data2\" content=\"2 minutes\" \/>\n<script type=\"application\/ld+json\" class=\"yoast-schema-graph\">{\"@context\":\"https:\\\/\\\/schema.org\",\"@graph\":[{\"@type\":\"NewsArticle\",\"@id\":\"https:\\\/\\\/www.webdo.tn\\\/fr\\\/actualite\\\/national\\\/flottille-de-gaza-tunis-parle-daccident-les-videos-evoquent-une-attaque\\\/383098\\\/#article\",\"isPartOf\":{\"@id\":\"https:\\\/\\\/www.webdo.tn\\\/fr\\\/actualite\\\/national\\\/flottille-de-gaza-tunis-parle-daccident-les-videos-evoquent-une-attaque\\\/383098\\\/\"},\"author\":{\"name\":\"Wided Belhaj\",\"@id\":\"https:\\\/\\\/www.webdo.tn\\\/fr\\\/#\\\/schema\\\/person\\\/b9ecde7a5574cb4fcf4b496ea5fadb15\"},\"headline\":\"Flottille de Gaza : Tunis parle d\u2019accident, les vid\u00e9os \u00e9voquent une attaque !\",\"datePublished\":\"2025-09-09T06:41:00+00:00\",\"dateModified\":\"2025-09-09T09:14:08+00:00\",\"mainEntityOfPage\":{\"@id\":\"https:\\\/\\\/www.webdo.tn\\\/fr\\\/actualite\\\/national\\\/flottille-de-gaza-tunis-parle-daccident-les-videos-evoquent-une-attaque\\\/383098\\\/\"},\"wordCount\":288,\"publisher\":{\"@id\":\"https:\\\/\\\/www.webdo.tn\\\/fr\\\/#organization\"},\"image\":{\"@id\":\"https:\\\/\\\/www.webdo.tn\\\/fr\\\/actualite\\\/national\\\/flottille-de-gaza-tunis-parle-daccident-les-videos-evoquent-une-attaque\\\/383098\\\/#primaryimage\"},\"thumbnailUrl\":\"https:\\\/\\\/www.webdo.tn\\\/fr\\\/wp-content\\\/uploads\\\/2025\\\/09\\\/1757380002.png\",\"keywords\":[\"Drone\",\"feu\",\"Flottille\",\"Gaza\",\"Tunisie\"],\"articleSection\":[\"National\"],\"inLanguage\":\"fr-FR\"},{\"@type\":\"WebPage\",\"@id\":\"https:\\\/\\\/www.webdo.tn\\\/fr\\\/actualite\\\/national\\\/flottille-de-gaza-tunis-parle-daccident-les-videos-evoquent-une-attaque\\\/383098\\\/\",\"url\":\"https:\\\/\\\/www.webdo.tn\\\/fr\\\/actualite\\\/national\\\/flottille-de-gaza-tunis-parle-daccident-les-videos-evoquent-une-attaque\\\/383098\\\/\",\"name\":\"Flottille de Gaza : Tunis parle d\u2019accident, les vid\u00e9os \u00e9voquent une attaque ! - webdo\",\"isPartOf\":{\"@id\":\"https:\\\/\\\/www.webdo.tn\\\/fr\\\/#website\"},\"primaryImageOfPage\":{\"@id\":\"https:\\\/\\\/www.webdo.tn\\\/fr\\\/actualite\\\/national\\\/flottille-de-gaza-tunis-parle-daccident-les-videos-evoquent-une-attaque\\\/383098\\\/#primaryimage\"},\"image\":{\"@id\":\"https:\\\/\\\/www.webdo.tn\\\/fr\\\/actualite\\\/national\\\/flottille-de-gaza-tunis-parle-daccident-les-videos-evoquent-une-attaque\\\/383098\\\/#primaryimage\"},\"thumbnailUrl\":\"https:\\\/\\\/www.webdo.tn\\\/fr\\\/wp-content\\\/uploads\\\/2025\\\/09\\\/1757380002.png\",\"datePublished\":\"2025-09-09T06:41:00+00:00\",\"dateModified\":\"2025-09-09T09:14:08+00:00\",\"description\":\"Le minist\u00e8re de l\u2019Int\u00e9rieur d\u00e9ment l'attaque par drone sur la flottille \u00e0 Gaza. D\u00e9couvrez les d\u00e9tails de l'incident.\",\"breadcrumb\":{\"@id\":\"https:\\\/\\\/www.webdo.tn\\\/fr\\\/actualite\\\/national\\\/flottille-de-gaza-tunis-parle-daccident-les-videos-evoquent-une-attaque\\\/383098\\\/#breadcrumb\"},\"inLanguage\":\"fr-FR\",\"potentialAction\":[{\"@type\":\"ReadAction\",\"target\":[\"https:\\\/\\\/www.webdo.tn\\\/fr\\\/actualite\\\/national\\\/flottille-de-gaza-tunis-parle-daccident-les-videos-evoquent-une-attaque\\\/383098\\\/\"]}]},{\"@type\":\"ImageObject\",\"inLanguage\":\"fr-FR\",\"@id\":\"https:\\\/\\\/www.webdo.tn\\\/fr\\\/actualite\\\/national\\\/flottille-de-gaza-tunis-parle-daccident-les-videos-evoquent-une-attaque\\\/383098\\\/#primaryimage\",\"url\":\"https:\\\/\\\/www.webdo.tn\\\/fr\\\/wp-content\\\/uploads\\\/2025\\\/09\\\/1757380002.png\",\"contentUrl\":\"https:\\\/\\\/www.webdo.tn\\\/fr\\\/wp-content\\\/uploads\\\/2025\\\/09\\\/1757380002.png\",\"width\":800,\"height\":450},{\"@type\":\"BreadcrumbList\",\"@id\":\"https:\\\/\\\/www.webdo.tn\\\/fr\\\/actualite\\\/national\\\/flottille-de-gaza-tunis-parle-daccident-les-videos-evoquent-une-attaque\\\/383098\\\/#breadcrumb\",\"itemListElement\":[{\"@type\":\"ListItem\",\"position\":1,\"name\":\"Accueil\",\"item\":\"https:\\\/\\\/www.webdo.tn\\\/fr\\\/\"},{\"@type\":\"ListItem\",\"position\":2,\"name\":\"Flottille de Gaza : Tunis parle d\u2019accident, les vid\u00e9os \u00e9voquent une attaque !\"}]},{\"@type\":\"WebSite\",\"@id\":\"https:\\\/\\\/www.webdo.tn\\\/fr\\\/#website\",\"url\":\"https:\\\/\\\/www.webdo.tn\\\/fr\\\/\",\"name\":\"webdo\",\"description\":\"Tunisie - News en Tunisie et \u00e0 l&#039;international sur Webdo.tn\",\"publisher\":{\"@id\":\"https:\\\/\\\/www.webdo.tn\\\/fr\\\/#organization\"},\"potentialAction\":[{\"@type\":\"SearchAction\",\"target\":{\"@type\":\"EntryPoint\",\"urlTemplate\":\"https:\\\/\\\/www.webdo.tn\\\/fr\\\/?s={search_term_string}\"},\"query-input\":{\"@type\":\"PropertyValueSpecification\",\"valueRequired\":true,\"valueName\":\"search_term_string\"}}],\"inLanguage\":\"fr-FR\"},{\"@type\":\"Organization\",\"@id\":\"https:\\\/\\\/www.webdo.tn\\\/fr\\\/#organization\",\"name\":\"Webdo\",\"alternateName\":\"Webdo.tn\",\"url\":\"https:\\\/\\\/www.webdo.tn\\\/fr\\\/\",\"logo\":{\"@type\":\"ImageObject\",\"inLanguage\":\"fr-FR\",\"@id\":\"https:\\\/\\\/www.webdo.tn\\\/fr\\\/#\\\/schema\\\/logo\\\/image\\\/\",\"url\":\"https:\\\/\\\/www.webdo.tn\\\/fr\\\/wp-content\\\/uploads\\\/2025\\\/06\\\/Webdo-Tunisie_168377.jpg\",\"contentUrl\":\"https:\\\/\\\/www.webdo.tn\\\/fr\\\/wp-content\\\/uploads\\\/2025\\\/06\\\/Webdo-Tunisie_168377.jpg\",\"width\":301,\"height\":301,\"caption\":\"Webdo\"},\"image\":{\"@id\":\"https:\\\/\\\/www.webdo.tn\\\/fr\\\/#\\\/schema\\\/logo\\\/image\\\/\"},\"sameAs\":[\"https:\\\/\\\/www.facebook.com\\\/webdotn\",\"https:\\\/\\\/x.com\\\/webdo_tn\"],\"description\":\"Webdo est un m\u00e9dia num\u00e9rique tunisien fond\u00e9 en 2010, sp\u00e9cialis\u00e9 dans l\u2019actualit\u00e9 nationale et internationale, l\u2019\u00e9conomie, la soci\u00e9t\u00e9 et les analyses politiques. Le site s\u2019adresse \u00e0 un large public francophone et couvre l\u2019information tunisienne en temps r\u00e9el.\",\"email\":\"redac@webdo.tn\",\"legalName\":\"YNJ SARL\",\"foundingDate\":\"2010-09-06\",\"numberOfEmployees\":{\"@type\":\"QuantitativeValue\",\"minValue\":\"11\",\"maxValue\":\"50\"}},{\"@type\":\"Person\",\"@id\":\"https:\\\/\\\/www.webdo.tn\\\/fr\\\/#\\\/schema\\\/person\\\/b9ecde7a5574cb4fcf4b496ea5fadb15\",\"name\":\"Wided Belhaj\",\"image\":{\"@type\":\"ImageObject\",\"inLanguage\":\"fr-FR\",\"@id\":\"https:\\\/\\\/www.webdo.tn\\\/fr\\\/wp-content\\\/uploads\\\/2026\\\/04\\\/wided-belhaj_avatar-96x96.jpg\",\"url\":\"https:\\\/\\\/www.webdo.tn\\\/fr\\\/wp-content\\\/uploads\\\/2026\\\/04\\\/wided-belhaj_avatar-96x96.jpg\",\"contentUrl\":\"https:\\\/\\\/www.webdo.tn\\\/fr\\\/wp-content\\\/uploads\\\/2026\\\/04\\\/wided-belhaj_avatar-96x96.jpg\",\"caption\":\"Wided Belhaj\"},\"description\":\"Wided Belhaj est le pseudonyme \u00e9ditorial utilis\u00e9 par Khalil Jelassi, journaliste, ma\u00eetre-assistant \u00e0 l\u2019Institut de presse et des sciences de l\u2019information (IPSI) et chercheur en sciences de l\u2019information et de la communication. Cette signature est d\u00e9di\u00e9e \u00e0 l\u2019analyse des m\u00e9dias, des pratiques journalistiques et des mutations de l\u2019information \u00e0 l\u2019\u00e8re digitale. \u00c0 travers ses contributions, Wided Belhaj propose une lecture analytique de l\u2019actualit\u00e9, en croisant regard critique et expertise acad\u00e9mique.\",\"knowsAbout\":[\"m\u00e9dias\",\"journalisme\",\"communication\",\"information\",\"transformation num\u00e9rique\",\"analyse des m\u00e9dias\"],\"knowsLanguage\":[\"Fran\u00e7ais\",\"Arabe\"],\"jobTitle\":\"Webdo.tn\",\"worksFor\":\"Journaliste \u2013 Analyse des m\u00e9dias\",\"url\":\"https:\\\/\\\/www.webdo.tn\\\/fr\\\/actualite\\\/author\\\/wided-belhaj\\\/\"}]}<\/script>\n<!-- \/ Yoast SEO Premium plugin. -->","yoast_head_json":{"title":"Flottille de Gaza : Tunis parle d\u2019accident, les vid\u00e9os \u00e9voquent une attaque ! - webdo","description":"Le minist\u00e8re de l\u2019Int\u00e9rieur d\u00e9ment l'attaque par drone sur la flottille \u00e0 Gaza. D\u00e9couvrez les d\u00e9tails de l'incident.","canonical":"https:\/\/www.webdo.tn\/fr\/actualite\/national\/flottille-de-gaza-tunis-parle-daccident-les-videos-evoquent-une-attaque\/383098\/","og_locale":"fr_FR","og_type":"article","og_title":"Flottille de Gaza : Tunis parle d\u2019accident, les vid\u00e9os \u00e9voquent une attaque !","og_description":"Le minist\u00e8re de l\u2019Int\u00e9rieur d\u00e9ment l'attaque par drone sur la flottille \u00e0 Gaza. D\u00e9couvrez les d\u00e9tails de l'incident.","og_url":"https:\/\/www.webdo.tn\/fr\/actualite\/national\/flottille-de-gaza-tunis-parle-daccident-les-videos-evoquent-une-attaque\/383098\/","og_site_name":"webdo","article_publisher":"https:\/\/www.facebook.com\/webdotn","article_published_time":"2025-09-09T06:41:00+00:00","article_modified_time":"2025-09-09T09:14:08+00:00","og_image":[{"width":800,"height":450,"url":"https:\/\/www.webdo.tn\/fr\/wp-content\/uploads\/2025\/09\/1757380002.png","type":"image\/png"}],"author":"Wided Belhaj","twitter_card":"summary_large_image","twitter_creator":"@webdo_tn","twitter_site":"@webdo_tn","twitter_misc":{"\u00c9crit par":"Wided Belhaj","Dur\u00e9e de lecture estim\u00e9e":"2 minutes"},"schema":{"@context":"https:\/\/schema.org","@graph":[{"@type":"NewsArticle","@id":"https:\/\/www.webdo.tn\/fr\/actualite\/national\/flottille-de-gaza-tunis-parle-daccident-les-videos-evoquent-une-attaque\/383098\/#article","isPartOf":{"@id":"https:\/\/www.webdo.tn\/fr\/actualite\/national\/flottille-de-gaza-tunis-parle-daccident-les-videos-evoquent-une-attaque\/383098\/"},"author":{"name":"Wided Belhaj","@id":"https:\/\/www.webdo.tn\/fr\/#\/schema\/person\/b9ecde7a5574cb4fcf4b496ea5fadb15"},"headline":"Flottille de Gaza : Tunis parle d\u2019accident, les vid\u00e9os \u00e9voquent une attaque !","datePublished":"2025-09-09T06:41:00+00:00","dateModified":"2025-09-09T09:14:08+00:00","mainEntityOfPage":{"@id":"https:\/\/www.webdo.tn\/fr\/actualite\/national\/flottille-de-gaza-tunis-parle-daccident-les-videos-evoquent-une-attaque\/383098\/"},"wordCount":288,"publisher":{"@id":"https:\/\/www.webdo.tn\/fr\/#organization"},"image":{"@id":"https:\/\/www.webdo.tn\/fr\/actualite\/national\/flottille-de-gaza-tunis-parle-daccident-les-videos-evoquent-une-attaque\/383098\/#primaryimage"},"thumbnailUrl":"https:\/\/www.webdo.tn\/fr\/wp-content\/uploads\/2025\/09\/1757380002.png","keywords":["Drone","feu","Flottille","Gaza","Tunisie"],"articleSection":["National"],"inLanguage":"fr-FR"},{"@type":"WebPage","@id":"https:\/\/www.webdo.tn\/fr\/actualite\/national\/flottille-de-gaza-tunis-parle-daccident-les-videos-evoquent-une-attaque\/383098\/","url":"https:\/\/www.webdo.tn\/fr\/actualite\/national\/flottille-de-gaza-tunis-parle-daccident-les-videos-evoquent-une-attaque\/383098\/","name":"Flottille de Gaza : Tunis parle d\u2019accident, les vid\u00e9os \u00e9voquent une attaque ! - webdo","isPartOf":{"@id":"https:\/\/www.webdo.tn\/fr\/#website"},"primaryImageOfPage":{"@id":"https:\/\/www.webdo.tn\/fr\/actualite\/national\/flottille-de-gaza-tunis-parle-daccident-les-videos-evoquent-une-attaque\/383098\/#primaryimage"},"image":{"@id":"https:\/\/www.webdo.tn\/fr\/actualite\/national\/flottille-de-gaza-tunis-parle-daccident-les-videos-evoquent-une-attaque\/383098\/#primaryimage"},"thumbnailUrl":"https:\/\/www.webdo.tn\/fr\/wp-content\/uploads\/2025\/09\/1757380002.png","datePublished":"2025-09-09T06:41:00+00:00","dateModified":"2025-09-09T09:14:08+00:00","description":"Le minist\u00e8re de l\u2019Int\u00e9rieur d\u00e9ment l'attaque par drone sur la flottille \u00e0 Gaza. D\u00e9couvrez les d\u00e9tails de l'incident.","breadcrumb":{"@id":"https:\/\/www.webdo.tn\/fr\/actualite\/national\/flottille-de-gaza-tunis-parle-daccident-les-videos-evoquent-une-attaque\/383098\/#breadcrumb"},"inLanguage":"fr-FR","potentialAction":[{"@type":"ReadAction","target":["https:\/\/www.webdo.tn\/fr\/actualite\/national\/flottille-de-gaza-tunis-parle-daccident-les-videos-evoquent-une-attaque\/383098\/"]}]},{"@type":"ImageObject","inLanguage":"fr-FR","@id":"https:\/\/www.webdo.tn\/fr\/actualite\/national\/flottille-de-gaza-tunis-parle-daccident-les-videos-evoquent-une-attaque\/383098\/#primaryimage","url":"https:\/\/www.webdo.tn\/fr\/wp-content\/uploads\/2025\/09\/1757380002.png","contentUrl":"https:\/\/www.webdo.tn\/fr\/wp-content\/uploads\/2025\/09\/1757380002.png","width":800,"height":450},{"@type":"BreadcrumbList","@id":"https:\/\/www.webdo.tn\/fr\/actualite\/national\/flottille-de-gaza-tunis-parle-daccident-les-videos-evoquent-une-attaque\/383098\/#breadcrumb","itemListElement":[{"@type":"ListItem","position":1,"name":"Accueil","item":"https:\/\/www.webdo.tn\/fr\/"},{"@type":"ListItem","position":2,"name":"Flottille de Gaza : Tunis parle d\u2019accident, les vid\u00e9os \u00e9voquent une attaque !"}]},{"@type":"WebSite","@id":"https:\/\/www.webdo.tn\/fr\/#website","url":"https:\/\/www.webdo.tn\/fr\/","name":"webdo","description":"Tunisie - News en Tunisie et \u00e0 l&#039;international sur Webdo.tn","publisher":{"@id":"https:\/\/www.webdo.tn\/fr\/#organization"},"potentialAction":[{"@type":"SearchAction","target":{"@type":"EntryPoint","urlTemplate":"https:\/\/www.webdo.tn\/fr\/?s={search_term_string}"},"query-input":{"@type":"PropertyValueSpecification","valueRequired":true,"valueName":"search_term_string"}}],"inLanguage":"fr-FR"},{"@type":"Organization","@id":"https:\/\/www.webdo.tn\/fr\/#organization","name":"Webdo","alternateName":"Webdo.tn","url":"https:\/\/www.webdo.tn\/fr\/","logo":{"@type":"ImageObject","inLanguage":"fr-FR","@id":"https:\/\/www.webdo.tn\/fr\/#\/schema\/logo\/image\/","url":"https:\/\/www.webdo.tn\/fr\/wp-content\/uploads\/2025\/06\/Webdo-Tunisie_168377.jpg","contentUrl":"https:\/\/www.webdo.tn\/fr\/wp-content\/uploads\/2025\/06\/Webdo-Tunisie_168377.jpg","width":301,"height":301,"caption":"Webdo"},"image":{"@id":"https:\/\/www.webdo.tn\/fr\/#\/schema\/logo\/image\/"},"sameAs":["https:\/\/www.facebook.com\/webdotn","https:\/\/x.com\/webdo_tn"],"description":"Webdo est un m\u00e9dia num\u00e9rique tunisien fond\u00e9 en 2010, sp\u00e9cialis\u00e9 dans l\u2019actualit\u00e9 nationale et internationale, l\u2019\u00e9conomie, la soci\u00e9t\u00e9 et les analyses politiques. Le site s\u2019adresse \u00e0 un large public francophone et couvre l\u2019information tunisienne en temps r\u00e9el.","email":"redac@webdo.tn","legalName":"YNJ SARL","foundingDate":"2010-09-06","numberOfEmployees":{"@type":"QuantitativeValue","minValue":"11","maxValue":"50"}},{"@type":"Person","@id":"https:\/\/www.webdo.tn\/fr\/#\/schema\/person\/b9ecde7a5574cb4fcf4b496ea5fadb15","name":"Wided Belhaj","image":{"@type":"ImageObject","inLanguage":"fr-FR","@id":"https:\/\/www.webdo.tn\/fr\/wp-content\/uploads\/2026\/04\/wided-belhaj_avatar-96x96.jpg","url":"https:\/\/www.webdo.tn\/fr\/wp-content\/uploads\/2026\/04\/wided-belhaj_avatar-96x96.jpg","contentUrl":"https:\/\/www.webdo.tn\/fr\/wp-content\/uploads\/2026\/04\/wided-belhaj_avatar-96x96.jpg","caption":"Wided Belhaj"},"description":"Wided Belhaj est le pseudonyme \u00e9ditorial utilis\u00e9 par Khalil Jelassi, journaliste, ma\u00eetre-assistant \u00e0 l\u2019Institut de presse et des sciences de l\u2019information (IPSI) et chercheur en sciences de l\u2019information et de la communication. Cette signature est d\u00e9di\u00e9e \u00e0 l\u2019analyse des m\u00e9dias, des pratiques journalistiques et des mutations de l\u2019information \u00e0 l\u2019\u00e8re digitale. \u00c0 travers ses contributions, Wided Belhaj propose une lecture analytique de l\u2019actualit\u00e9, en croisant regard critique et expertise acad\u00e9mique.","knowsAbout":["m\u00e9dias","journalisme","communication","information","transformation num\u00e9rique","analyse des m\u00e9dias"],"knowsLanguage":["Fran\u00e7ais","Arabe"],"jobTitle":"Webdo.tn","worksFor":"Journaliste \u2013 Analyse des m\u00e9dias","url":"https:\/\/www.webdo.tn\/fr\/actualite\/author\/wided-belhaj\/"}]}},"_links":{"self":[{"href":"https:\/\/www.webdo.tn\/fr\/wp-json\/wp\/v2\/posts\/383098","targetHints":{"allow":["GET"]}}],"collection":[{"href":"https:\/\/www.webdo.tn\/fr\/wp-json\/wp\/v2\/posts"}],"about":[{"href":"https:\/\/www.webdo.tn\/fr\/wp-json\/wp\/v2\/types\/post"}],"author":[{"embeddable":true,"href":"https:\/\/www.webdo.tn\/fr\/wp-json\/wp\/v2\/users\/3184"}],"replies":[{"embeddable":true,"href":"https:\/\/www.webdo.tn\/fr\/wp-json\/wp\/v2\/comments?post=383098"}],"version-history":[{"count":0,"href":"https:\/\/www.webdo.tn\/fr\/wp-json\/wp\/v2\/posts\/383098\/revisions"}],"wp:featuredmedia":[{"embeddable":true,"href":"https:\/\/www.webdo.tn\/fr\/wp-json\/wp\/v2\/media\/383099"}],"wp:attachment":[{"href":"https:\/\/www.webdo.tn\/fr\/wp-json\/wp\/v2\/media?parent=383098"}],"wp:term":[{"taxonomy":"category","embeddable":true,"href":"https:\/\/www.webdo.tn\/fr\/wp-json\/wp\/v2\/categories?post=383098"},{"taxonomy":"post_tag","embeddable":true,"href":"https:\/\/www.webdo.tn\/fr\/wp-json\/wp\/v2\/tags?post=383098"}],"curies":[{"name":"wp","href":"https:\/\/api.w.org\/{rel}","templated":true}]}}