{"id":383078,"date":"2025-09-08T19:43:17","date_gmt":"2025-09-08T18:43:17","guid":{"rendered":"https:\/\/www.webdo.tn\/fr\/?p=383078"},"modified":"2025-09-09T08:39:30","modified_gmt":"2025-09-09T07:39:30","slug":"tunisie-lautoroute-tunis-jelma-operationnelle-en-2027","status":"publish","type":"post","link":"https:\/\/www.webdo.tn\/fr\/actualite\/national\/tunisie-lautoroute-tunis-jelma-operationnelle-en-2027\/383078\/","title":{"rendered":"Tunisie : L&rsquo;autoroute Tunis\u2013Jelma op\u00e9rationnelle en 2027"},"content":{"rendered":"\n<p><em>Le ministre de l\u2019\u00c9quipement et de l\u2019Habitat, Salah Zouari, a confirm\u00e9 ce lundi 8 septembre 2025 que le projet de r\u00e9alisation de l\u2019autoroute Tunis \u2013 Jelma constitue l\u2019un des chantiers d\u2019infrastructure les plus importants du pays. Long de 185 kilom\u00e8tres, il repr\u00e9sente un investissement global estim\u00e9 \u00e0 1,7 milliard de dinars.<\/em><\/p>\n\n\n\n<p>En visite dans le gouvernorat de Kairouan, aux c\u00f4t\u00e9s du ministre des Domaines de l\u2019\u00c9tat, Zouari a pr\u00e9cis\u00e9 que l\u2019avancement des travaux atteint actuellement 30%. La tourn\u00e9e a concern\u00e9 notamment le tron\u00e7on d\u2019El Houareb, o\u00f9 plusieurs terrains relevant des Domaines de l\u2019\u00c9tat ont \u00e9t\u00e9 mis \u00e0 disposition des entreprises charg\u00e9es des travaux, afin d\u2019acc\u00e9l\u00e9rer le rythme et de respecter les d\u00e9lais fix\u00e9s.<\/p>\n\n\n\n<p>Le ministre a indiqu\u00e9 que la construction de l\u2019assise de l\u2019autoroute sera r\u00e9alis\u00e9e en 2026, repr\u00e9sentant \u00e0 elle seule pr\u00e8s de la moiti\u00e9 du co\u00fbt global du projet. Selon le calendrier pr\u00e9vu, les travaux devraient \u00eatre achev\u00e9s et la nouvelle autoroute mise en exploitation en 2027.<\/p>\n\n\n\n<h3 class=\"wp-block-heading\" id=\"h-rehabilitation-des-pistes-agricoles\">R\u00e9habilitation des pistes agricoles<\/h3>\n\n\n\n<p>En marge de cette visite, Zouari a \u00e9galement donn\u00e9 des instructions \u00e0 la direction r\u00e9gionale de l\u2019\u00c9quipement et de l\u2019Habitat de Kairouan afin de renforcer les interventions sur les pistes agricoles d\u00e9grad\u00e9es, en particulier celles menant aux \u00e9coles primaires dans les zones rurales. Ces travaux se feront en coordination avec les entreprises engag\u00e9es sur le chantier autoroutier, en r\u00e9ponse aux dol\u00e9ances des habitants.<\/p>\n","protected":false},"excerpt":{"rendered":"<p>Le ministre de l\u2019\u00c9quipement et de l\u2019Habitat, Salah Zouari, a confirm\u00e9 ce lundi 8 septembre 2025 que le projet de r\u00e9alisation de l\u2019autoroute Tunis \u2013 Jelma constitue l\u2019un des chantiers d\u2019infrastructure les plus importants du pays. Long de 185 kilom\u00e8tres, il repr\u00e9sente un investissement global estim\u00e9 \u00e0 1,7 milliard de dinars. En visite dans le [&hellip;]<\/p>\n","protected":false},"author":3184,"featured_media":383079,"comment_status":"closed","ping_status":"closed","sticky":false,"template":"","format":"standard","meta":{"footnotes":""},"categories":[44],"tags":[4163,4437,2608],"class_list":["post-383078","post","type-post","status-publish","format-standard","has-post-thumbnail","hentry","category-national","tag-autoroute","tag-jelma","tag-tunisie"],"yoast_head":"<!-- This site is optimized with the Yoast SEO Premium plugin v27.5 (Yoast SEO v27.5) - https:\/\/yoast.com\/product\/yoast-seo-premium-wordpress\/ -->\n<title>Tunisie : L&#039;autoroute Tunis\u2013Jelma op\u00e9rationnelle en 2027 - webdo<\/title>\n<meta name=\"description\" content=\"D\u00e9couvrez le projet de l&#039;Autoroute Tunis - Jelma : un investissement de 1,7 milliard de dinars sur 185 kilom\u00e8tres.\" \/>\n<link rel=\"canonical\" href=\"https:\/\/www.webdo.tn\/fr\/actualite\/national\/tunisie-lautoroute-tunis-jelma-operationnelle-en-2027\/383078\/\" \/>\n<meta property=\"og:locale\" content=\"fr_FR\" \/>\n<meta property=\"og:type\" content=\"article\" \/>\n<meta property=\"og:title\" content=\"Tunisie : L&#039;autoroute Tunis\u2013Jelma op\u00e9rationnelle en 2027\" \/>\n<meta property=\"og:description\" content=\"D\u00e9couvrez le projet de l&#039;Autoroute Tunis - Jelma : un investissement de 1,7 milliard de dinars sur 185 kilom\u00e8tres.\" \/>\n<meta property=\"og:url\" content=\"https:\/\/www.webdo.tn\/fr\/actualite\/national\/tunisie-lautoroute-tunis-jelma-operationnelle-en-2027\/383078\/\" \/>\n<meta property=\"og:site_name\" content=\"webdo\" \/>\n<meta property=\"article:publisher\" content=\"https:\/\/www.facebook.com\/webdotn\" \/>\n<meta property=\"article:published_time\" content=\"2025-09-08T18:43:17+00:00\" \/>\n<meta property=\"article:modified_time\" content=\"2025-09-09T07:39:30+00:00\" \/>\n<meta property=\"og:image\" content=\"https:\/\/www.webdo.tn\/fr\/wp-content\/uploads\/2025\/09\/515438203_1208130201340879_648081560949227190_n.jpg\" \/>\n\t<meta property=\"og:image:width\" content=\"1280\" \/>\n\t<meta property=\"og:image:height\" content=\"853\" \/>\n\t<meta property=\"og:image:type\" content=\"image\/jpeg\" \/>\n<meta name=\"author\" content=\"Wided Belhaj\" \/>\n<meta name=\"twitter:card\" content=\"summary_large_image\" \/>\n<meta name=\"twitter:creator\" content=\"@webdo_tn\" \/>\n<meta name=\"twitter:site\" content=\"@webdo_tn\" \/>\n<meta name=\"twitter:label1\" content=\"\u00c9crit par\" \/>\n\t<meta name=\"twitter:data1\" content=\"Wided Belhaj\" \/>\n\t<meta name=\"twitter:label2\" content=\"Dur\u00e9e de lecture estim\u00e9e\" \/>\n\t<meta name=\"twitter:data2\" content=\"2 minutes\" \/>\n<script type=\"application\/ld+json\" class=\"yoast-schema-graph\">{\"@context\":\"https:\\\/\\\/schema.org\",\"@graph\":[{\"@type\":\"NewsArticle\",\"@id\":\"https:\\\/\\\/www.webdo.tn\\\/fr\\\/actualite\\\/national\\\/tunisie-lautoroute-tunis-jelma-operationnelle-en-2027\\\/383078\\\/#article\",\"isPartOf\":{\"@id\":\"https:\\\/\\\/www.webdo.tn\\\/fr\\\/actualite\\\/national\\\/tunisie-lautoroute-tunis-jelma-operationnelle-en-2027\\\/383078\\\/\"},\"author\":{\"name\":\"Wided Belhaj\",\"@id\":\"https:\\\/\\\/www.webdo.tn\\\/fr\\\/#\\\/schema\\\/person\\\/b9ecde7a5574cb4fcf4b496ea5fadb15\"},\"headline\":\"Tunisie : L&rsquo;autoroute Tunis\u2013Jelma op\u00e9rationnelle en 2027\",\"datePublished\":\"2025-09-08T18:43:17+00:00\",\"dateModified\":\"2025-09-09T07:39:30+00:00\",\"mainEntityOfPage\":{\"@id\":\"https:\\\/\\\/www.webdo.tn\\\/fr\\\/actualite\\\/national\\\/tunisie-lautoroute-tunis-jelma-operationnelle-en-2027\\\/383078\\\/\"},\"wordCount\":263,\"publisher\":{\"@id\":\"https:\\\/\\\/www.webdo.tn\\\/fr\\\/#organization\"},\"image\":{\"@id\":\"https:\\\/\\\/www.webdo.tn\\\/fr\\\/actualite\\\/national\\\/tunisie-lautoroute-tunis-jelma-operationnelle-en-2027\\\/383078\\\/#primaryimage\"},\"thumbnailUrl\":\"https:\\\/\\\/www.webdo.tn\\\/fr\\\/wp-content\\\/uploads\\\/2025\\\/09\\\/515438203_1208130201340879_648081560949227190_n.jpg\",\"keywords\":[\"Autoroute\",\"jelma\",\"Tunisie\"],\"articleSection\":[\"National\"],\"inLanguage\":\"fr-FR\"},{\"@type\":\"WebPage\",\"@id\":\"https:\\\/\\\/www.webdo.tn\\\/fr\\\/actualite\\\/national\\\/tunisie-lautoroute-tunis-jelma-operationnelle-en-2027\\\/383078\\\/\",\"url\":\"https:\\\/\\\/www.webdo.tn\\\/fr\\\/actualite\\\/national\\\/tunisie-lautoroute-tunis-jelma-operationnelle-en-2027\\\/383078\\\/\",\"name\":\"Tunisie : L'autoroute Tunis\u2013Jelma op\u00e9rationnelle en 2027 - webdo\",\"isPartOf\":{\"@id\":\"https:\\\/\\\/www.webdo.tn\\\/fr\\\/#website\"},\"primaryImageOfPage\":{\"@id\":\"https:\\\/\\\/www.webdo.tn\\\/fr\\\/actualite\\\/national\\\/tunisie-lautoroute-tunis-jelma-operationnelle-en-2027\\\/383078\\\/#primaryimage\"},\"image\":{\"@id\":\"https:\\\/\\\/www.webdo.tn\\\/fr\\\/actualite\\\/national\\\/tunisie-lautoroute-tunis-jelma-operationnelle-en-2027\\\/383078\\\/#primaryimage\"},\"thumbnailUrl\":\"https:\\\/\\\/www.webdo.tn\\\/fr\\\/wp-content\\\/uploads\\\/2025\\\/09\\\/515438203_1208130201340879_648081560949227190_n.jpg\",\"datePublished\":\"2025-09-08T18:43:17+00:00\",\"dateModified\":\"2025-09-09T07:39:30+00:00\",\"description\":\"D\u00e9couvrez le projet de l'Autoroute Tunis - Jelma : un investissement de 1,7 milliard de dinars sur 185 kilom\u00e8tres.\",\"breadcrumb\":{\"@id\":\"https:\\\/\\\/www.webdo.tn\\\/fr\\\/actualite\\\/national\\\/tunisie-lautoroute-tunis-jelma-operationnelle-en-2027\\\/383078\\\/#breadcrumb\"},\"inLanguage\":\"fr-FR\",\"potentialAction\":[{\"@type\":\"ReadAction\",\"target\":[\"https:\\\/\\\/www.webdo.tn\\\/fr\\\/actualite\\\/national\\\/tunisie-lautoroute-tunis-jelma-operationnelle-en-2027\\\/383078\\\/\"]}]},{\"@type\":\"ImageObject\",\"inLanguage\":\"fr-FR\",\"@id\":\"https:\\\/\\\/www.webdo.tn\\\/fr\\\/actualite\\\/national\\\/tunisie-lautoroute-tunis-jelma-operationnelle-en-2027\\\/383078\\\/#primaryimage\",\"url\":\"https:\\\/\\\/www.webdo.tn\\\/fr\\\/wp-content\\\/uploads\\\/2025\\\/09\\\/515438203_1208130201340879_648081560949227190_n.jpg\",\"contentUrl\":\"https:\\\/\\\/www.webdo.tn\\\/fr\\\/wp-content\\\/uploads\\\/2025\\\/09\\\/515438203_1208130201340879_648081560949227190_n.jpg\",\"width\":1280,\"height\":853},{\"@type\":\"BreadcrumbList\",\"@id\":\"https:\\\/\\\/www.webdo.tn\\\/fr\\\/actualite\\\/national\\\/tunisie-lautoroute-tunis-jelma-operationnelle-en-2027\\\/383078\\\/#breadcrumb\",\"itemListElement\":[{\"@type\":\"ListItem\",\"position\":1,\"name\":\"Accueil\",\"item\":\"https:\\\/\\\/www.webdo.tn\\\/fr\\\/\"},{\"@type\":\"ListItem\",\"position\":2,\"name\":\"Tunisie : L&rsquo;autoroute Tunis\u2013Jelma op\u00e9rationnelle en 2027\"}]},{\"@type\":\"WebSite\",\"@id\":\"https:\\\/\\\/www.webdo.tn\\\/fr\\\/#website\",\"url\":\"https:\\\/\\\/www.webdo.tn\\\/fr\\\/\",\"name\":\"webdo\",\"description\":\"Tunisie - News en Tunisie et \u00e0 l&#039;international sur Webdo.tn\",\"publisher\":{\"@id\":\"https:\\\/\\\/www.webdo.tn\\\/fr\\\/#organization\"},\"potentialAction\":[{\"@type\":\"SearchAction\",\"target\":{\"@type\":\"EntryPoint\",\"urlTemplate\":\"https:\\\/\\\/www.webdo.tn\\\/fr\\\/?s={search_term_string}\"},\"query-input\":{\"@type\":\"PropertyValueSpecification\",\"valueRequired\":true,\"valueName\":\"search_term_string\"}}],\"inLanguage\":\"fr-FR\"},{\"@type\":\"Organization\",\"@id\":\"https:\\\/\\\/www.webdo.tn\\\/fr\\\/#organization\",\"name\":\"Webdo\",\"alternateName\":\"Webdo.tn\",\"url\":\"https:\\\/\\\/www.webdo.tn\\\/fr\\\/\",\"logo\":{\"@type\":\"ImageObject\",\"inLanguage\":\"fr-FR\",\"@id\":\"https:\\\/\\\/www.webdo.tn\\\/fr\\\/#\\\/schema\\\/logo\\\/image\\\/\",\"url\":\"https:\\\/\\\/www.webdo.tn\\\/fr\\\/wp-content\\\/uploads\\\/2025\\\/06\\\/Webdo-Tunisie_168377.jpg\",\"contentUrl\":\"https:\\\/\\\/www.webdo.tn\\\/fr\\\/wp-content\\\/uploads\\\/2025\\\/06\\\/Webdo-Tunisie_168377.jpg\",\"width\":301,\"height\":301,\"caption\":\"Webdo\"},\"image\":{\"@id\":\"https:\\\/\\\/www.webdo.tn\\\/fr\\\/#\\\/schema\\\/logo\\\/image\\\/\"},\"sameAs\":[\"https:\\\/\\\/www.facebook.com\\\/webdotn\",\"https:\\\/\\\/x.com\\\/webdo_tn\"],\"description\":\"Webdo est un m\u00e9dia num\u00e9rique tunisien fond\u00e9 en 2010, sp\u00e9cialis\u00e9 dans l\u2019actualit\u00e9 nationale et internationale, l\u2019\u00e9conomie, la soci\u00e9t\u00e9 et les analyses politiques. Le site s\u2019adresse \u00e0 un large public francophone et couvre l\u2019information tunisienne en temps r\u00e9el.\",\"email\":\"redac@webdo.tn\",\"legalName\":\"YNJ SARL\",\"foundingDate\":\"2010-09-06\",\"numberOfEmployees\":{\"@type\":\"QuantitativeValue\",\"minValue\":\"11\",\"maxValue\":\"50\"}},{\"@type\":\"Person\",\"@id\":\"https:\\\/\\\/www.webdo.tn\\\/fr\\\/#\\\/schema\\\/person\\\/b9ecde7a5574cb4fcf4b496ea5fadb15\",\"name\":\"Wided Belhaj\",\"image\":{\"@type\":\"ImageObject\",\"inLanguage\":\"fr-FR\",\"@id\":\"https:\\\/\\\/www.webdo.tn\\\/fr\\\/wp-content\\\/uploads\\\/2026\\\/04\\\/wided-belhaj_avatar-96x96.jpg\",\"url\":\"https:\\\/\\\/www.webdo.tn\\\/fr\\\/wp-content\\\/uploads\\\/2026\\\/04\\\/wided-belhaj_avatar-96x96.jpg\",\"contentUrl\":\"https:\\\/\\\/www.webdo.tn\\\/fr\\\/wp-content\\\/uploads\\\/2026\\\/04\\\/wided-belhaj_avatar-96x96.jpg\",\"caption\":\"Wided Belhaj\"},\"description\":\"Wided Belhaj est le pseudonyme \u00e9ditorial utilis\u00e9 par Khalil Jelassi, journaliste, ma\u00eetre-assistant \u00e0 l\u2019Institut de presse et des sciences de l\u2019information (IPSI) et chercheur en sciences de l\u2019information et de la communication. Cette signature est d\u00e9di\u00e9e \u00e0 l\u2019analyse des m\u00e9dias, des pratiques journalistiques et des mutations de l\u2019information \u00e0 l\u2019\u00e8re digitale. \u00c0 travers ses contributions, Wided Belhaj propose une lecture analytique de l\u2019actualit\u00e9, en croisant regard critique et expertise acad\u00e9mique.\",\"knowsAbout\":[\"m\u00e9dias\",\"journalisme\",\"communication\",\"information\",\"transformation num\u00e9rique\",\"analyse des m\u00e9dias\"],\"knowsLanguage\":[\"Fran\u00e7ais\",\"Arabe\"],\"jobTitle\":\"Webdo.tn\",\"worksFor\":\"Journaliste \u2013 Analyse des m\u00e9dias\",\"url\":\"https:\\\/\\\/www.webdo.tn\\\/fr\\\/actualite\\\/author\\\/wided-belhaj\\\/\"}]}<\/script>\n<!-- \/ Yoast SEO Premium plugin. -->","yoast_head_json":{"title":"Tunisie : L'autoroute Tunis\u2013Jelma op\u00e9rationnelle en 2027 - webdo","description":"D\u00e9couvrez le projet de l'Autoroute Tunis - Jelma : un investissement de 1,7 milliard de dinars sur 185 kilom\u00e8tres.","canonical":"https:\/\/www.webdo.tn\/fr\/actualite\/national\/tunisie-lautoroute-tunis-jelma-operationnelle-en-2027\/383078\/","og_locale":"fr_FR","og_type":"article","og_title":"Tunisie : L'autoroute Tunis\u2013Jelma op\u00e9rationnelle en 2027","og_description":"D\u00e9couvrez le projet de l'Autoroute Tunis - Jelma : un investissement de 1,7 milliard de dinars sur 185 kilom\u00e8tres.","og_url":"https:\/\/www.webdo.tn\/fr\/actualite\/national\/tunisie-lautoroute-tunis-jelma-operationnelle-en-2027\/383078\/","og_site_name":"webdo","article_publisher":"https:\/\/www.facebook.com\/webdotn","article_published_time":"2025-09-08T18:43:17+00:00","article_modified_time":"2025-09-09T07:39:30+00:00","og_image":[{"width":1280,"height":853,"url":"https:\/\/www.webdo.tn\/fr\/wp-content\/uploads\/2025\/09\/515438203_1208130201340879_648081560949227190_n.jpg","type":"image\/jpeg"}],"author":"Wided Belhaj","twitter_card":"summary_large_image","twitter_creator":"@webdo_tn","twitter_site":"@webdo_tn","twitter_misc":{"\u00c9crit par":"Wided Belhaj","Dur\u00e9e de lecture estim\u00e9e":"2 minutes"},"schema":{"@context":"https:\/\/schema.org","@graph":[{"@type":"NewsArticle","@id":"https:\/\/www.webdo.tn\/fr\/actualite\/national\/tunisie-lautoroute-tunis-jelma-operationnelle-en-2027\/383078\/#article","isPartOf":{"@id":"https:\/\/www.webdo.tn\/fr\/actualite\/national\/tunisie-lautoroute-tunis-jelma-operationnelle-en-2027\/383078\/"},"author":{"name":"Wided Belhaj","@id":"https:\/\/www.webdo.tn\/fr\/#\/schema\/person\/b9ecde7a5574cb4fcf4b496ea5fadb15"},"headline":"Tunisie : L&rsquo;autoroute Tunis\u2013Jelma op\u00e9rationnelle en 2027","datePublished":"2025-09-08T18:43:17+00:00","dateModified":"2025-09-09T07:39:30+00:00","mainEntityOfPage":{"@id":"https:\/\/www.webdo.tn\/fr\/actualite\/national\/tunisie-lautoroute-tunis-jelma-operationnelle-en-2027\/383078\/"},"wordCount":263,"publisher":{"@id":"https:\/\/www.webdo.tn\/fr\/#organization"},"image":{"@id":"https:\/\/www.webdo.tn\/fr\/actualite\/national\/tunisie-lautoroute-tunis-jelma-operationnelle-en-2027\/383078\/#primaryimage"},"thumbnailUrl":"https:\/\/www.webdo.tn\/fr\/wp-content\/uploads\/2025\/09\/515438203_1208130201340879_648081560949227190_n.jpg","keywords":["Autoroute","jelma","Tunisie"],"articleSection":["National"],"inLanguage":"fr-FR"},{"@type":"WebPage","@id":"https:\/\/www.webdo.tn\/fr\/actualite\/national\/tunisie-lautoroute-tunis-jelma-operationnelle-en-2027\/383078\/","url":"https:\/\/www.webdo.tn\/fr\/actualite\/national\/tunisie-lautoroute-tunis-jelma-operationnelle-en-2027\/383078\/","name":"Tunisie : L'autoroute Tunis\u2013Jelma op\u00e9rationnelle en 2027 - webdo","isPartOf":{"@id":"https:\/\/www.webdo.tn\/fr\/#website"},"primaryImageOfPage":{"@id":"https:\/\/www.webdo.tn\/fr\/actualite\/national\/tunisie-lautoroute-tunis-jelma-operationnelle-en-2027\/383078\/#primaryimage"},"image":{"@id":"https:\/\/www.webdo.tn\/fr\/actualite\/national\/tunisie-lautoroute-tunis-jelma-operationnelle-en-2027\/383078\/#primaryimage"},"thumbnailUrl":"https:\/\/www.webdo.tn\/fr\/wp-content\/uploads\/2025\/09\/515438203_1208130201340879_648081560949227190_n.jpg","datePublished":"2025-09-08T18:43:17+00:00","dateModified":"2025-09-09T07:39:30+00:00","description":"D\u00e9couvrez le projet de l'Autoroute Tunis - Jelma : un investissement de 1,7 milliard de dinars sur 185 kilom\u00e8tres.","breadcrumb":{"@id":"https:\/\/www.webdo.tn\/fr\/actualite\/national\/tunisie-lautoroute-tunis-jelma-operationnelle-en-2027\/383078\/#breadcrumb"},"inLanguage":"fr-FR","potentialAction":[{"@type":"ReadAction","target":["https:\/\/www.webdo.tn\/fr\/actualite\/national\/tunisie-lautoroute-tunis-jelma-operationnelle-en-2027\/383078\/"]}]},{"@type":"ImageObject","inLanguage":"fr-FR","@id":"https:\/\/www.webdo.tn\/fr\/actualite\/national\/tunisie-lautoroute-tunis-jelma-operationnelle-en-2027\/383078\/#primaryimage","url":"https:\/\/www.webdo.tn\/fr\/wp-content\/uploads\/2025\/09\/515438203_1208130201340879_648081560949227190_n.jpg","contentUrl":"https:\/\/www.webdo.tn\/fr\/wp-content\/uploads\/2025\/09\/515438203_1208130201340879_648081560949227190_n.jpg","width":1280,"height":853},{"@type":"BreadcrumbList","@id":"https:\/\/www.webdo.tn\/fr\/actualite\/national\/tunisie-lautoroute-tunis-jelma-operationnelle-en-2027\/383078\/#breadcrumb","itemListElement":[{"@type":"ListItem","position":1,"name":"Accueil","item":"https:\/\/www.webdo.tn\/fr\/"},{"@type":"ListItem","position":2,"name":"Tunisie : L&rsquo;autoroute Tunis\u2013Jelma op\u00e9rationnelle en 2027"}]},{"@type":"WebSite","@id":"https:\/\/www.webdo.tn\/fr\/#website","url":"https:\/\/www.webdo.tn\/fr\/","name":"webdo","description":"Tunisie - News en Tunisie et \u00e0 l&#039;international sur Webdo.tn","publisher":{"@id":"https:\/\/www.webdo.tn\/fr\/#organization"},"potentialAction":[{"@type":"SearchAction","target":{"@type":"EntryPoint","urlTemplate":"https:\/\/www.webdo.tn\/fr\/?s={search_term_string}"},"query-input":{"@type":"PropertyValueSpecification","valueRequired":true,"valueName":"search_term_string"}}],"inLanguage":"fr-FR"},{"@type":"Organization","@id":"https:\/\/www.webdo.tn\/fr\/#organization","name":"Webdo","alternateName":"Webdo.tn","url":"https:\/\/www.webdo.tn\/fr\/","logo":{"@type":"ImageObject","inLanguage":"fr-FR","@id":"https:\/\/www.webdo.tn\/fr\/#\/schema\/logo\/image\/","url":"https:\/\/www.webdo.tn\/fr\/wp-content\/uploads\/2025\/06\/Webdo-Tunisie_168377.jpg","contentUrl":"https:\/\/www.webdo.tn\/fr\/wp-content\/uploads\/2025\/06\/Webdo-Tunisie_168377.jpg","width":301,"height":301,"caption":"Webdo"},"image":{"@id":"https:\/\/www.webdo.tn\/fr\/#\/schema\/logo\/image\/"},"sameAs":["https:\/\/www.facebook.com\/webdotn","https:\/\/x.com\/webdo_tn"],"description":"Webdo est un m\u00e9dia num\u00e9rique tunisien fond\u00e9 en 2010, sp\u00e9cialis\u00e9 dans l\u2019actualit\u00e9 nationale et internationale, l\u2019\u00e9conomie, la soci\u00e9t\u00e9 et les analyses politiques. Le site s\u2019adresse \u00e0 un large public francophone et couvre l\u2019information tunisienne en temps r\u00e9el.","email":"redac@webdo.tn","legalName":"YNJ SARL","foundingDate":"2010-09-06","numberOfEmployees":{"@type":"QuantitativeValue","minValue":"11","maxValue":"50"}},{"@type":"Person","@id":"https:\/\/www.webdo.tn\/fr\/#\/schema\/person\/b9ecde7a5574cb4fcf4b496ea5fadb15","name":"Wided Belhaj","image":{"@type":"ImageObject","inLanguage":"fr-FR","@id":"https:\/\/www.webdo.tn\/fr\/wp-content\/uploads\/2026\/04\/wided-belhaj_avatar-96x96.jpg","url":"https:\/\/www.webdo.tn\/fr\/wp-content\/uploads\/2026\/04\/wided-belhaj_avatar-96x96.jpg","contentUrl":"https:\/\/www.webdo.tn\/fr\/wp-content\/uploads\/2026\/04\/wided-belhaj_avatar-96x96.jpg","caption":"Wided Belhaj"},"description":"Wided Belhaj est le pseudonyme \u00e9ditorial utilis\u00e9 par Khalil Jelassi, journaliste, ma\u00eetre-assistant \u00e0 l\u2019Institut de presse et des sciences de l\u2019information (IPSI) et chercheur en sciences de l\u2019information et de la communication. Cette signature est d\u00e9di\u00e9e \u00e0 l\u2019analyse des m\u00e9dias, des pratiques journalistiques et des mutations de l\u2019information \u00e0 l\u2019\u00e8re digitale. \u00c0 travers ses contributions, Wided Belhaj propose une lecture analytique de l\u2019actualit\u00e9, en croisant regard critique et expertise acad\u00e9mique.","knowsAbout":["m\u00e9dias","journalisme","communication","information","transformation num\u00e9rique","analyse des m\u00e9dias"],"knowsLanguage":["Fran\u00e7ais","Arabe"],"jobTitle":"Webdo.tn","worksFor":"Journaliste \u2013 Analyse des m\u00e9dias","url":"https:\/\/www.webdo.tn\/fr\/actualite\/author\/wided-belhaj\/"}]}},"_links":{"self":[{"href":"https:\/\/www.webdo.tn\/fr\/wp-json\/wp\/v2\/posts\/383078","targetHints":{"allow":["GET"]}}],"collection":[{"href":"https:\/\/www.webdo.tn\/fr\/wp-json\/wp\/v2\/posts"}],"about":[{"href":"https:\/\/www.webdo.tn\/fr\/wp-json\/wp\/v2\/types\/post"}],"author":[{"embeddable":true,"href":"https:\/\/www.webdo.tn\/fr\/wp-json\/wp\/v2\/users\/3184"}],"replies":[{"embeddable":true,"href":"https:\/\/www.webdo.tn\/fr\/wp-json\/wp\/v2\/comments?post=383078"}],"version-history":[{"count":0,"href":"https:\/\/www.webdo.tn\/fr\/wp-json\/wp\/v2\/posts\/383078\/revisions"}],"wp:featuredmedia":[{"embeddable":true,"href":"https:\/\/www.webdo.tn\/fr\/wp-json\/wp\/v2\/media\/383079"}],"wp:attachment":[{"href":"https:\/\/www.webdo.tn\/fr\/wp-json\/wp\/v2\/media?parent=383078"}],"wp:term":[{"taxonomy":"category","embeddable":true,"href":"https:\/\/www.webdo.tn\/fr\/wp-json\/wp\/v2\/categories?post=383078"},{"taxonomy":"post_tag","embeddable":true,"href":"https:\/\/www.webdo.tn\/fr\/wp-json\/wp\/v2\/tags?post=383078"}],"curies":[{"name":"wp","href":"https:\/\/api.w.org\/{rel}","templated":true}]}}