{"id":383075,"date":"2025-09-08T18:43:57","date_gmt":"2025-09-08T17:43:57","guid":{"rendered":"https:\/\/www.webdo.tn\/fr\/?p=383075"},"modified":"2025-09-09T08:39:36","modified_gmt":"2025-09-09T07:39:36","slug":"le-conseil-des-regions-et-des-districts-denonce-le-projet-de-loi-americain-visant-la-tunisie","status":"publish","type":"post","link":"https:\/\/www.webdo.tn\/fr\/actualite\/national\/le-conseil-des-regions-et-des-districts-denonce-le-projet-de-loi-americain-visant-la-tunisie\/383075\/","title":{"rendered":"Le Conseil des r\u00e9gions et des districts d\u00e9nonce le projet de loi am\u00e9ricain visant la Tunisie"},"content":{"rendered":"\n<p><\/p>\n\n\n\n<p>Le <strong>Conseil national des r\u00e9gions et des districts<\/strong> a r\u00e9agi avec fermet\u00e9, lundi 8 septembre 2025, aux informations relay\u00e9es sur l\u2019examen par le Congr\u00e8s am\u00e9ricain d\u2019un projet de loi proposant d\u2019imposer des sanctions \u00e0 la Tunisie pour ce qui a \u00e9t\u00e9 pr\u00e9sent\u00e9 comme un \u00ab recul d\u00e9mocratique \u00bb.<\/p>\n\n\n\n<p>Dans un communiqu\u00e9 officiel, l\u2019institution a d\u00e9nonc\u00e9 une initiative port\u00e9e par deux \u00e9lus am\u00e9ricains \u2014 l\u2019un r\u00e9publicain et l\u2019autre d\u00e9mocrate \u2014 connus, selon le texte, pour leur \u00ab all\u00e9geance aux lobbys sionistes \u00bb. Le Conseil estime que cette d\u00e9marche illustre une volont\u00e9 persistante de certaines sph\u00e8res d\u2019influence \u00e0 Washington \u00ab d\u2019imposer des politiques de domination aux peuples \u00bb, tout en fermant les yeux sur des violations commises \u00ab au nom des droits humains et de la d\u00e9mocratie \u00bb.<\/p>\n\n\n\n<p>Le communiqu\u00e9 \u00e9tablit \u00e9galement un lien entre cette offensive politique et la campagne men\u00e9e \u00e0 l\u2019\u00e9chelle internationale contre la Tunisie, dans laquelle interviendraient, selon le Conseil, des \u00ab parties internes \u00bb qui auraient perdu leurs privil\u00e8ges apr\u00e8s les changements enclench\u00e9s par le 25 juillet 2021.<\/p>\n\n\n\n<p>R\u00e9affirmant que \u00ab la souverainet\u00e9, l\u2019ind\u00e9pendance de d\u00e9cision et la dignit\u00e9 du peuple tunisien sont des constantes intangibles \u00bb, le Conseil rappelle que les choix politiques engag\u00e9s par le pr\u00e9sident de la R\u00e9publique, Ka\u00efs Sa\u00efed, traduisent \u00ab l\u2019expression sinc\u00e8re de la volont\u00e9 populaire de s\u2019\u00e9manciper de toute tutelle \u00e9trang\u00e8re \u00bb.<\/p>\n\n\n\n<p>Le texte souligne par ailleurs que la Tunisie reste attach\u00e9e au principe de non-ing\u00e9rence dans les affaires des autres \u00c9tats et entend d\u00e9velopper des partenariats diversifi\u00e9s, sur la base du respect mutuel et de l\u2019int\u00e9r\u00eat partag\u00e9, \u00e0 l\u2019exception du \u00ab l\u2019occupation sioniste \u00bb, qualifi\u00e9e de \u00ab menace pour l\u2019humanit\u00e9 \u00bb.<\/p>\n\n\n\n<p>Enfin, le Conseil appelle les Tunisiens \u00e0 \u00ab resserrer les rangs \u00bb et \u00e0 faire preuve de vigilance face \u00e0 ce qu\u2019il consid\u00e8re comme une attaque directe contre la souverainet\u00e9 nationale. Il conclut en saluant la capacit\u00e9 du peuple \u00e0 \u00ab se dresser une nouvelle fois en rempart de la libert\u00e9 et de la dignit\u00e9 nationale \u00bb.<\/p>\n\n\n\n<p><\/p>\n\n\n\n<p><strong>Lire aussi :<\/strong><a href=\"https:\/\/www.webdo.tn\/fr\/actualite\/national\/tout-savoir-sur-le-projet-sur-la-democratie-tunisienne-au-congres-americain\/382819\/\">\u00a0Tout savoir sur le projet sur la d\u00e9mocratie tunisienne au Congr\u00e8s am\u00e9ricain<\/a><\/p>\n","protected":false},"excerpt":{"rendered":"<p>Le Conseil national des r\u00e9gions et des districts a r\u00e9agi avec fermet\u00e9, lundi 8 septembre 2025, aux informations relay\u00e9es sur l\u2019examen par le Congr\u00e8s am\u00e9ricain d\u2019un projet de loi proposant d\u2019imposer des sanctions \u00e0 la Tunisie pour ce qui a \u00e9t\u00e9 pr\u00e9sent\u00e9 comme un \u00ab recul d\u00e9mocratique \u00bb. Dans un communiqu\u00e9 officiel, l\u2019institution a d\u00e9nonc\u00e9 [&hellip;]<\/p>\n","protected":false},"author":3184,"featured_media":383076,"comment_status":"closed","ping_status":"closed","sticky":false,"template":"","format":"standard","meta":{"footnotes":""},"categories":[44],"tags":[6554,3406,2608,3061],"class_list":["post-383075","post","type-post","status-publish","format-standard","has-post-thumbnail","hentry","category-national","tag-congres","tag-projet","tag-tunisie","tag-usa"],"yoast_head":"<!-- This site is optimized with the Yoast SEO Premium plugin v27.5 (Yoast SEO v27.5) - https:\/\/yoast.com\/product\/yoast-seo-premium-wordpress\/ -->\n<title>Le Conseil des r\u00e9gions et des districts d\u00e9nonce le projet de loi am\u00e9ricain visant la Tunisie - webdo<\/title>\n<meta name=\"description\" content=\"Le Conseil des r\u00e9gions et des districts condamne les sanctions contre la Tunisie pour un pr\u00e9tendu recul d\u00e9mocratique.\" \/>\n<link rel=\"canonical\" href=\"https:\/\/www.webdo.tn\/fr\/actualite\/national\/le-conseil-des-regions-et-des-districts-denonce-le-projet-de-loi-americain-visant-la-tunisie\/383075\/\" \/>\n<meta property=\"og:locale\" content=\"fr_FR\" \/>\n<meta property=\"og:type\" content=\"article\" \/>\n<meta property=\"og:title\" content=\"Le Conseil des r\u00e9gions et des districts d\u00e9nonce le projet de loi am\u00e9ricain visant la Tunisie\" \/>\n<meta property=\"og:description\" content=\"Le Conseil des r\u00e9gions et des districts condamne les sanctions contre la Tunisie pour un pr\u00e9tendu recul d\u00e9mocratique.\" \/>\n<meta property=\"og:url\" content=\"https:\/\/www.webdo.tn\/fr\/actualite\/national\/le-conseil-des-regions-et-des-districts-denonce-le-projet-de-loi-americain-visant-la-tunisie\/383075\/\" \/>\n<meta property=\"og:site_name\" content=\"webdo\" \/>\n<meta property=\"article:publisher\" content=\"https:\/\/www.facebook.com\/webdotn\" \/>\n<meta property=\"article:published_time\" content=\"2025-09-08T17:43:57+00:00\" \/>\n<meta property=\"article:modified_time\" content=\"2025-09-09T07:39:36+00:00\" \/>\n<meta property=\"og:image\" content=\"https:\/\/www.webdo.tn\/fr\/wp-content\/uploads\/2025\/09\/545201312_122198471282289106_3538617789538037227_n.jpg\" \/>\n\t<meta property=\"og:image:width\" content=\"1600\" \/>\n\t<meta property=\"og:image:height\" content=\"1066\" \/>\n\t<meta property=\"og:image:type\" content=\"image\/jpeg\" \/>\n<meta name=\"author\" content=\"Wided Belhaj\" \/>\n<meta name=\"twitter:card\" content=\"summary_large_image\" \/>\n<meta name=\"twitter:creator\" content=\"@webdo_tn\" \/>\n<meta name=\"twitter:site\" content=\"@webdo_tn\" \/>\n<meta name=\"twitter:label1\" content=\"\u00c9crit par\" \/>\n\t<meta name=\"twitter:data1\" content=\"Wided Belhaj\" \/>\n\t<meta name=\"twitter:label2\" content=\"Dur\u00e9e de lecture estim\u00e9e\" \/>\n\t<meta name=\"twitter:data2\" content=\"2 minutes\" \/>\n<script type=\"application\/ld+json\" class=\"yoast-schema-graph\">{\"@context\":\"https:\\\/\\\/schema.org\",\"@graph\":[{\"@type\":\"NewsArticle\",\"@id\":\"https:\\\/\\\/www.webdo.tn\\\/fr\\\/actualite\\\/national\\\/le-conseil-des-regions-et-des-districts-denonce-le-projet-de-loi-americain-visant-la-tunisie\\\/383075\\\/#article\",\"isPartOf\":{\"@id\":\"https:\\\/\\\/www.webdo.tn\\\/fr\\\/actualite\\\/national\\\/le-conseil-des-regions-et-des-districts-denonce-le-projet-de-loi-americain-visant-la-tunisie\\\/383075\\\/\"},\"author\":{\"name\":\"Wided Belhaj\",\"@id\":\"https:\\\/\\\/www.webdo.tn\\\/fr\\\/#\\\/schema\\\/person\\\/b9ecde7a5574cb4fcf4b496ea5fadb15\"},\"headline\":\"Le Conseil des r\u00e9gions et des districts d\u00e9nonce le projet de loi am\u00e9ricain visant la Tunisie\",\"datePublished\":\"2025-09-08T17:43:57+00:00\",\"dateModified\":\"2025-09-09T07:39:36+00:00\",\"mainEntityOfPage\":{\"@id\":\"https:\\\/\\\/www.webdo.tn\\\/fr\\\/actualite\\\/national\\\/le-conseil-des-regions-et-des-districts-denonce-le-projet-de-loi-americain-visant-la-tunisie\\\/383075\\\/\"},\"wordCount\":383,\"publisher\":{\"@id\":\"https:\\\/\\\/www.webdo.tn\\\/fr\\\/#organization\"},\"image\":{\"@id\":\"https:\\\/\\\/www.webdo.tn\\\/fr\\\/actualite\\\/national\\\/le-conseil-des-regions-et-des-districts-denonce-le-projet-de-loi-americain-visant-la-tunisie\\\/383075\\\/#primaryimage\"},\"thumbnailUrl\":\"https:\\\/\\\/www.webdo.tn\\\/fr\\\/wp-content\\\/uploads\\\/2025\\\/09\\\/545201312_122198471282289106_3538617789538037227_n.jpg\",\"keywords\":[\"Congr\u00e8s\",\"projet\",\"Tunisie\",\"USA\"],\"articleSection\":[\"National\"],\"inLanguage\":\"fr-FR\"},{\"@type\":\"WebPage\",\"@id\":\"https:\\\/\\\/www.webdo.tn\\\/fr\\\/actualite\\\/national\\\/le-conseil-des-regions-et-des-districts-denonce-le-projet-de-loi-americain-visant-la-tunisie\\\/383075\\\/\",\"url\":\"https:\\\/\\\/www.webdo.tn\\\/fr\\\/actualite\\\/national\\\/le-conseil-des-regions-et-des-districts-denonce-le-projet-de-loi-americain-visant-la-tunisie\\\/383075\\\/\",\"name\":\"Le Conseil des r\u00e9gions et des districts d\u00e9nonce le projet de loi am\u00e9ricain visant la Tunisie - webdo\",\"isPartOf\":{\"@id\":\"https:\\\/\\\/www.webdo.tn\\\/fr\\\/#website\"},\"primaryImageOfPage\":{\"@id\":\"https:\\\/\\\/www.webdo.tn\\\/fr\\\/actualite\\\/national\\\/le-conseil-des-regions-et-des-districts-denonce-le-projet-de-loi-americain-visant-la-tunisie\\\/383075\\\/#primaryimage\"},\"image\":{\"@id\":\"https:\\\/\\\/www.webdo.tn\\\/fr\\\/actualite\\\/national\\\/le-conseil-des-regions-et-des-districts-denonce-le-projet-de-loi-americain-visant-la-tunisie\\\/383075\\\/#primaryimage\"},\"thumbnailUrl\":\"https:\\\/\\\/www.webdo.tn\\\/fr\\\/wp-content\\\/uploads\\\/2025\\\/09\\\/545201312_122198471282289106_3538617789538037227_n.jpg\",\"datePublished\":\"2025-09-08T17:43:57+00:00\",\"dateModified\":\"2025-09-09T07:39:36+00:00\",\"description\":\"Le Conseil des r\u00e9gions et des districts condamne les sanctions contre la Tunisie pour un pr\u00e9tendu recul d\u00e9mocratique.\",\"breadcrumb\":{\"@id\":\"https:\\\/\\\/www.webdo.tn\\\/fr\\\/actualite\\\/national\\\/le-conseil-des-regions-et-des-districts-denonce-le-projet-de-loi-americain-visant-la-tunisie\\\/383075\\\/#breadcrumb\"},\"inLanguage\":\"fr-FR\",\"potentialAction\":[{\"@type\":\"ReadAction\",\"target\":[\"https:\\\/\\\/www.webdo.tn\\\/fr\\\/actualite\\\/national\\\/le-conseil-des-regions-et-des-districts-denonce-le-projet-de-loi-americain-visant-la-tunisie\\\/383075\\\/\"]}]},{\"@type\":\"ImageObject\",\"inLanguage\":\"fr-FR\",\"@id\":\"https:\\\/\\\/www.webdo.tn\\\/fr\\\/actualite\\\/national\\\/le-conseil-des-regions-et-des-districts-denonce-le-projet-de-loi-americain-visant-la-tunisie\\\/383075\\\/#primaryimage\",\"url\":\"https:\\\/\\\/www.webdo.tn\\\/fr\\\/wp-content\\\/uploads\\\/2025\\\/09\\\/545201312_122198471282289106_3538617789538037227_n.jpg\",\"contentUrl\":\"https:\\\/\\\/www.webdo.tn\\\/fr\\\/wp-content\\\/uploads\\\/2025\\\/09\\\/545201312_122198471282289106_3538617789538037227_n.jpg\",\"width\":1600,\"height\":1066},{\"@type\":\"BreadcrumbList\",\"@id\":\"https:\\\/\\\/www.webdo.tn\\\/fr\\\/actualite\\\/national\\\/le-conseil-des-regions-et-des-districts-denonce-le-projet-de-loi-americain-visant-la-tunisie\\\/383075\\\/#breadcrumb\",\"itemListElement\":[{\"@type\":\"ListItem\",\"position\":1,\"name\":\"Accueil\",\"item\":\"https:\\\/\\\/www.webdo.tn\\\/fr\\\/\"},{\"@type\":\"ListItem\",\"position\":2,\"name\":\"Le Conseil des r\u00e9gions et des districts d\u00e9nonce le projet de loi am\u00e9ricain visant la Tunisie\"}]},{\"@type\":\"WebSite\",\"@id\":\"https:\\\/\\\/www.webdo.tn\\\/fr\\\/#website\",\"url\":\"https:\\\/\\\/www.webdo.tn\\\/fr\\\/\",\"name\":\"webdo\",\"description\":\"Tunisie - News en Tunisie et \u00e0 l&#039;international sur Webdo.tn\",\"publisher\":{\"@id\":\"https:\\\/\\\/www.webdo.tn\\\/fr\\\/#organization\"},\"potentialAction\":[{\"@type\":\"SearchAction\",\"target\":{\"@type\":\"EntryPoint\",\"urlTemplate\":\"https:\\\/\\\/www.webdo.tn\\\/fr\\\/?s={search_term_string}\"},\"query-input\":{\"@type\":\"PropertyValueSpecification\",\"valueRequired\":true,\"valueName\":\"search_term_string\"}}],\"inLanguage\":\"fr-FR\"},{\"@type\":\"Organization\",\"@id\":\"https:\\\/\\\/www.webdo.tn\\\/fr\\\/#organization\",\"name\":\"Webdo\",\"alternateName\":\"Webdo.tn\",\"url\":\"https:\\\/\\\/www.webdo.tn\\\/fr\\\/\",\"logo\":{\"@type\":\"ImageObject\",\"inLanguage\":\"fr-FR\",\"@id\":\"https:\\\/\\\/www.webdo.tn\\\/fr\\\/#\\\/schema\\\/logo\\\/image\\\/\",\"url\":\"https:\\\/\\\/www.webdo.tn\\\/fr\\\/wp-content\\\/uploads\\\/2025\\\/06\\\/Webdo-Tunisie_168377.jpg\",\"contentUrl\":\"https:\\\/\\\/www.webdo.tn\\\/fr\\\/wp-content\\\/uploads\\\/2025\\\/06\\\/Webdo-Tunisie_168377.jpg\",\"width\":301,\"height\":301,\"caption\":\"Webdo\"},\"image\":{\"@id\":\"https:\\\/\\\/www.webdo.tn\\\/fr\\\/#\\\/schema\\\/logo\\\/image\\\/\"},\"sameAs\":[\"https:\\\/\\\/www.facebook.com\\\/webdotn\",\"https:\\\/\\\/x.com\\\/webdo_tn\"],\"description\":\"Webdo est un m\u00e9dia num\u00e9rique tunisien fond\u00e9 en 2010, sp\u00e9cialis\u00e9 dans l\u2019actualit\u00e9 nationale et internationale, l\u2019\u00e9conomie, la soci\u00e9t\u00e9 et les analyses politiques. Le site s\u2019adresse \u00e0 un large public francophone et couvre l\u2019information tunisienne en temps r\u00e9el.\",\"email\":\"redac@webdo.tn\",\"legalName\":\"YNJ SARL\",\"foundingDate\":\"2010-09-06\",\"numberOfEmployees\":{\"@type\":\"QuantitativeValue\",\"minValue\":\"11\",\"maxValue\":\"50\"}},{\"@type\":\"Person\",\"@id\":\"https:\\\/\\\/www.webdo.tn\\\/fr\\\/#\\\/schema\\\/person\\\/b9ecde7a5574cb4fcf4b496ea5fadb15\",\"name\":\"Wided Belhaj\",\"image\":{\"@type\":\"ImageObject\",\"inLanguage\":\"fr-FR\",\"@id\":\"https:\\\/\\\/www.webdo.tn\\\/fr\\\/wp-content\\\/uploads\\\/2026\\\/04\\\/wided-belhaj_avatar-96x96.jpg\",\"url\":\"https:\\\/\\\/www.webdo.tn\\\/fr\\\/wp-content\\\/uploads\\\/2026\\\/04\\\/wided-belhaj_avatar-96x96.jpg\",\"contentUrl\":\"https:\\\/\\\/www.webdo.tn\\\/fr\\\/wp-content\\\/uploads\\\/2026\\\/04\\\/wided-belhaj_avatar-96x96.jpg\",\"caption\":\"Wided Belhaj\"},\"description\":\"Wided Belhaj est le pseudonyme \u00e9ditorial utilis\u00e9 par Khalil Jelassi, journaliste, ma\u00eetre-assistant \u00e0 l\u2019Institut de presse et des sciences de l\u2019information (IPSI) et chercheur en sciences de l\u2019information et de la communication. Cette signature est d\u00e9di\u00e9e \u00e0 l\u2019analyse des m\u00e9dias, des pratiques journalistiques et des mutations de l\u2019information \u00e0 l\u2019\u00e8re digitale. \u00c0 travers ses contributions, Wided Belhaj propose une lecture analytique de l\u2019actualit\u00e9, en croisant regard critique et expertise acad\u00e9mique.\",\"knowsAbout\":[\"m\u00e9dias\",\"journalisme\",\"communication\",\"information\",\"transformation num\u00e9rique\",\"analyse des m\u00e9dias\"],\"knowsLanguage\":[\"Fran\u00e7ais\",\"Arabe\"],\"jobTitle\":\"Webdo.tn\",\"worksFor\":\"Journaliste \u2013 Analyse des m\u00e9dias\",\"url\":\"https:\\\/\\\/www.webdo.tn\\\/fr\\\/actualite\\\/author\\\/wided-belhaj\\\/\"}]}<\/script>\n<!-- \/ Yoast SEO Premium plugin. -->","yoast_head_json":{"title":"Le Conseil des r\u00e9gions et des districts d\u00e9nonce le projet de loi am\u00e9ricain visant la Tunisie - webdo","description":"Le Conseil des r\u00e9gions et des districts condamne les sanctions contre la Tunisie pour un pr\u00e9tendu recul d\u00e9mocratique.","canonical":"https:\/\/www.webdo.tn\/fr\/actualite\/national\/le-conseil-des-regions-et-des-districts-denonce-le-projet-de-loi-americain-visant-la-tunisie\/383075\/","og_locale":"fr_FR","og_type":"article","og_title":"Le Conseil des r\u00e9gions et des districts d\u00e9nonce le projet de loi am\u00e9ricain visant la Tunisie","og_description":"Le Conseil des r\u00e9gions et des districts condamne les sanctions contre la Tunisie pour un pr\u00e9tendu recul d\u00e9mocratique.","og_url":"https:\/\/www.webdo.tn\/fr\/actualite\/national\/le-conseil-des-regions-et-des-districts-denonce-le-projet-de-loi-americain-visant-la-tunisie\/383075\/","og_site_name":"webdo","article_publisher":"https:\/\/www.facebook.com\/webdotn","article_published_time":"2025-09-08T17:43:57+00:00","article_modified_time":"2025-09-09T07:39:36+00:00","og_image":[{"width":1600,"height":1066,"url":"https:\/\/www.webdo.tn\/fr\/wp-content\/uploads\/2025\/09\/545201312_122198471282289106_3538617789538037227_n.jpg","type":"image\/jpeg"}],"author":"Wided Belhaj","twitter_card":"summary_large_image","twitter_creator":"@webdo_tn","twitter_site":"@webdo_tn","twitter_misc":{"\u00c9crit par":"Wided Belhaj","Dur\u00e9e de lecture estim\u00e9e":"2 minutes"},"schema":{"@context":"https:\/\/schema.org","@graph":[{"@type":"NewsArticle","@id":"https:\/\/www.webdo.tn\/fr\/actualite\/national\/le-conseil-des-regions-et-des-districts-denonce-le-projet-de-loi-americain-visant-la-tunisie\/383075\/#article","isPartOf":{"@id":"https:\/\/www.webdo.tn\/fr\/actualite\/national\/le-conseil-des-regions-et-des-districts-denonce-le-projet-de-loi-americain-visant-la-tunisie\/383075\/"},"author":{"name":"Wided Belhaj","@id":"https:\/\/www.webdo.tn\/fr\/#\/schema\/person\/b9ecde7a5574cb4fcf4b496ea5fadb15"},"headline":"Le Conseil des r\u00e9gions et des districts d\u00e9nonce le projet de loi am\u00e9ricain visant la Tunisie","datePublished":"2025-09-08T17:43:57+00:00","dateModified":"2025-09-09T07:39:36+00:00","mainEntityOfPage":{"@id":"https:\/\/www.webdo.tn\/fr\/actualite\/national\/le-conseil-des-regions-et-des-districts-denonce-le-projet-de-loi-americain-visant-la-tunisie\/383075\/"},"wordCount":383,"publisher":{"@id":"https:\/\/www.webdo.tn\/fr\/#organization"},"image":{"@id":"https:\/\/www.webdo.tn\/fr\/actualite\/national\/le-conseil-des-regions-et-des-districts-denonce-le-projet-de-loi-americain-visant-la-tunisie\/383075\/#primaryimage"},"thumbnailUrl":"https:\/\/www.webdo.tn\/fr\/wp-content\/uploads\/2025\/09\/545201312_122198471282289106_3538617789538037227_n.jpg","keywords":["Congr\u00e8s","projet","Tunisie","USA"],"articleSection":["National"],"inLanguage":"fr-FR"},{"@type":"WebPage","@id":"https:\/\/www.webdo.tn\/fr\/actualite\/national\/le-conseil-des-regions-et-des-districts-denonce-le-projet-de-loi-americain-visant-la-tunisie\/383075\/","url":"https:\/\/www.webdo.tn\/fr\/actualite\/national\/le-conseil-des-regions-et-des-districts-denonce-le-projet-de-loi-americain-visant-la-tunisie\/383075\/","name":"Le Conseil des r\u00e9gions et des districts d\u00e9nonce le projet de loi am\u00e9ricain visant la Tunisie - webdo","isPartOf":{"@id":"https:\/\/www.webdo.tn\/fr\/#website"},"primaryImageOfPage":{"@id":"https:\/\/www.webdo.tn\/fr\/actualite\/national\/le-conseil-des-regions-et-des-districts-denonce-le-projet-de-loi-americain-visant-la-tunisie\/383075\/#primaryimage"},"image":{"@id":"https:\/\/www.webdo.tn\/fr\/actualite\/national\/le-conseil-des-regions-et-des-districts-denonce-le-projet-de-loi-americain-visant-la-tunisie\/383075\/#primaryimage"},"thumbnailUrl":"https:\/\/www.webdo.tn\/fr\/wp-content\/uploads\/2025\/09\/545201312_122198471282289106_3538617789538037227_n.jpg","datePublished":"2025-09-08T17:43:57+00:00","dateModified":"2025-09-09T07:39:36+00:00","description":"Le Conseil des r\u00e9gions et des districts condamne les sanctions contre la Tunisie pour un pr\u00e9tendu recul d\u00e9mocratique.","breadcrumb":{"@id":"https:\/\/www.webdo.tn\/fr\/actualite\/national\/le-conseil-des-regions-et-des-districts-denonce-le-projet-de-loi-americain-visant-la-tunisie\/383075\/#breadcrumb"},"inLanguage":"fr-FR","potentialAction":[{"@type":"ReadAction","target":["https:\/\/www.webdo.tn\/fr\/actualite\/national\/le-conseil-des-regions-et-des-districts-denonce-le-projet-de-loi-americain-visant-la-tunisie\/383075\/"]}]},{"@type":"ImageObject","inLanguage":"fr-FR","@id":"https:\/\/www.webdo.tn\/fr\/actualite\/national\/le-conseil-des-regions-et-des-districts-denonce-le-projet-de-loi-americain-visant-la-tunisie\/383075\/#primaryimage","url":"https:\/\/www.webdo.tn\/fr\/wp-content\/uploads\/2025\/09\/545201312_122198471282289106_3538617789538037227_n.jpg","contentUrl":"https:\/\/www.webdo.tn\/fr\/wp-content\/uploads\/2025\/09\/545201312_122198471282289106_3538617789538037227_n.jpg","width":1600,"height":1066},{"@type":"BreadcrumbList","@id":"https:\/\/www.webdo.tn\/fr\/actualite\/national\/le-conseil-des-regions-et-des-districts-denonce-le-projet-de-loi-americain-visant-la-tunisie\/383075\/#breadcrumb","itemListElement":[{"@type":"ListItem","position":1,"name":"Accueil","item":"https:\/\/www.webdo.tn\/fr\/"},{"@type":"ListItem","position":2,"name":"Le Conseil des r\u00e9gions et des districts d\u00e9nonce le projet de loi am\u00e9ricain visant la Tunisie"}]},{"@type":"WebSite","@id":"https:\/\/www.webdo.tn\/fr\/#website","url":"https:\/\/www.webdo.tn\/fr\/","name":"webdo","description":"Tunisie - News en Tunisie et \u00e0 l&#039;international sur Webdo.tn","publisher":{"@id":"https:\/\/www.webdo.tn\/fr\/#organization"},"potentialAction":[{"@type":"SearchAction","target":{"@type":"EntryPoint","urlTemplate":"https:\/\/www.webdo.tn\/fr\/?s={search_term_string}"},"query-input":{"@type":"PropertyValueSpecification","valueRequired":true,"valueName":"search_term_string"}}],"inLanguage":"fr-FR"},{"@type":"Organization","@id":"https:\/\/www.webdo.tn\/fr\/#organization","name":"Webdo","alternateName":"Webdo.tn","url":"https:\/\/www.webdo.tn\/fr\/","logo":{"@type":"ImageObject","inLanguage":"fr-FR","@id":"https:\/\/www.webdo.tn\/fr\/#\/schema\/logo\/image\/","url":"https:\/\/www.webdo.tn\/fr\/wp-content\/uploads\/2025\/06\/Webdo-Tunisie_168377.jpg","contentUrl":"https:\/\/www.webdo.tn\/fr\/wp-content\/uploads\/2025\/06\/Webdo-Tunisie_168377.jpg","width":301,"height":301,"caption":"Webdo"},"image":{"@id":"https:\/\/www.webdo.tn\/fr\/#\/schema\/logo\/image\/"},"sameAs":["https:\/\/www.facebook.com\/webdotn","https:\/\/x.com\/webdo_tn"],"description":"Webdo est un m\u00e9dia num\u00e9rique tunisien fond\u00e9 en 2010, sp\u00e9cialis\u00e9 dans l\u2019actualit\u00e9 nationale et internationale, l\u2019\u00e9conomie, la soci\u00e9t\u00e9 et les analyses politiques. Le site s\u2019adresse \u00e0 un large public francophone et couvre l\u2019information tunisienne en temps r\u00e9el.","email":"redac@webdo.tn","legalName":"YNJ SARL","foundingDate":"2010-09-06","numberOfEmployees":{"@type":"QuantitativeValue","minValue":"11","maxValue":"50"}},{"@type":"Person","@id":"https:\/\/www.webdo.tn\/fr\/#\/schema\/person\/b9ecde7a5574cb4fcf4b496ea5fadb15","name":"Wided Belhaj","image":{"@type":"ImageObject","inLanguage":"fr-FR","@id":"https:\/\/www.webdo.tn\/fr\/wp-content\/uploads\/2026\/04\/wided-belhaj_avatar-96x96.jpg","url":"https:\/\/www.webdo.tn\/fr\/wp-content\/uploads\/2026\/04\/wided-belhaj_avatar-96x96.jpg","contentUrl":"https:\/\/www.webdo.tn\/fr\/wp-content\/uploads\/2026\/04\/wided-belhaj_avatar-96x96.jpg","caption":"Wided Belhaj"},"description":"Wided Belhaj est le pseudonyme \u00e9ditorial utilis\u00e9 par Khalil Jelassi, journaliste, ma\u00eetre-assistant \u00e0 l\u2019Institut de presse et des sciences de l\u2019information (IPSI) et chercheur en sciences de l\u2019information et de la communication. Cette signature est d\u00e9di\u00e9e \u00e0 l\u2019analyse des m\u00e9dias, des pratiques journalistiques et des mutations de l\u2019information \u00e0 l\u2019\u00e8re digitale. \u00c0 travers ses contributions, Wided Belhaj propose une lecture analytique de l\u2019actualit\u00e9, en croisant regard critique et expertise acad\u00e9mique.","knowsAbout":["m\u00e9dias","journalisme","communication","information","transformation num\u00e9rique","analyse des m\u00e9dias"],"knowsLanguage":["Fran\u00e7ais","Arabe"],"jobTitle":"Webdo.tn","worksFor":"Journaliste \u2013 Analyse des m\u00e9dias","url":"https:\/\/www.webdo.tn\/fr\/actualite\/author\/wided-belhaj\/"}]}},"_links":{"self":[{"href":"https:\/\/www.webdo.tn\/fr\/wp-json\/wp\/v2\/posts\/383075","targetHints":{"allow":["GET"]}}],"collection":[{"href":"https:\/\/www.webdo.tn\/fr\/wp-json\/wp\/v2\/posts"}],"about":[{"href":"https:\/\/www.webdo.tn\/fr\/wp-json\/wp\/v2\/types\/post"}],"author":[{"embeddable":true,"href":"https:\/\/www.webdo.tn\/fr\/wp-json\/wp\/v2\/users\/3184"}],"replies":[{"embeddable":true,"href":"https:\/\/www.webdo.tn\/fr\/wp-json\/wp\/v2\/comments?post=383075"}],"version-history":[{"count":0,"href":"https:\/\/www.webdo.tn\/fr\/wp-json\/wp\/v2\/posts\/383075\/revisions"}],"wp:featuredmedia":[{"embeddable":true,"href":"https:\/\/www.webdo.tn\/fr\/wp-json\/wp\/v2\/media\/383076"}],"wp:attachment":[{"href":"https:\/\/www.webdo.tn\/fr\/wp-json\/wp\/v2\/media?parent=383075"}],"wp:term":[{"taxonomy":"category","embeddable":true,"href":"https:\/\/www.webdo.tn\/fr\/wp-json\/wp\/v2\/categories?post=383075"},{"taxonomy":"post_tag","embeddable":true,"href":"https:\/\/www.webdo.tn\/fr\/wp-json\/wp\/v2\/tags?post=383075"}],"curies":[{"name":"wp","href":"https:\/\/api.w.org\/{rel}","templated":true}]}}