{"id":383037,"date":"2025-09-08T11:52:08","date_gmt":"2025-09-08T10:52:08","guid":{"rendered":"https:\/\/www.webdo.tn\/fr\/?p=383037"},"modified":"2025-09-08T11:56:32","modified_gmt":"2025-09-08T10:56:32","slug":"mondial-2026-composition-probable-de-la-tunisie-face-a-la-guinee-equatoriale","status":"publish","type":"post","link":"https:\/\/www.webdo.tn\/fr\/actualite\/sport\/mondial-2026-composition-probable-de-la-tunisie-face-a-la-guinee-equatoriale\/383037\/","title":{"rendered":"Mondial 2026 : Composition probable de la Tunisie face \u00e0 la Guin\u00e9e \u00e9quatoriale"},"content":{"rendered":"\n<p><strong>La s\u00e9lection tunisienne affronte ce lundi 8 septembre \u00e0 14h00 la Guin\u00e9e \u00e9quatoriale au Nouveau Stade de Malabo, pour le compte de la 8\u1d49 journ\u00e9e des \u00e9liminatoires du groupe H. Les Aigles de Carthage visent une victoire qui scellerait officiellement leur qualification pour la Coupe du Monde 2026.<\/strong><\/p>\n\n\n\n<p>Selon les derni\u00e8res indications, Sami Trabelsi devrait aligner le onze suivant :<\/p>\n\n\n\n<ul class=\"wp-block-list\">\n<li>Gardien : Aymen Dahmene<\/li>\n\n\n\n<li>D\u00e9fense : Yan Valery, Montassar Talbi, Dylan Bronn, Mortadha Ben Ouannes<\/li>\n\n\n\n<li>Milieu : Ferjani Sassi, A\u00efssa La\u00efdouni, Hannibal Mejbri<\/li>\n\n\n\n<li>Attaque : Elias Achouri, Elias Saad, Hazem Mastouri<\/li>\n<\/ul>\n\n\n\n<p>La Tunisie domine son groupe avec 19 points, invaincue en sept rencontres et sans encaisser le moindre but. Une victoire \u00e0 Malabo permettrait d\u2019assurer sa pr\u00e9sence au Mondial 2026.<\/p>\n\n\n\n<p>En face, la Guin\u00e9e \u00e9quatoriale (10 points) joue l\u2019une de ses derni\u00e8res cartes pour rester dans la course. Le match sera dirig\u00e9 par l\u2019arbitre mauricien Patrice Milazare.<\/p>\n\n\n\n<p><\/p>\n\n\n\n<p><strong>Lire aussi :<\/strong><\/p>\n\n\n\n<ul class=\"wp-block-list\">\n<li><a href=\"https:\/\/www.webdo.tn\/fr\/actualite\/sport\/mondial-2026-sur-quelles-chaines-suivre-guinee-equatoriale-tunisie-ce-lundi\/383011\/\">Mondial 2026\u00a0: Sur quelles cha\u00eenes suivre Guin\u00e9e \u00e9quatoriale \u2013 Tunisie ce lundi<\/a><\/li>\n\n\n\n<li><a href=\"https:\/\/www.webdo.tn\/fr\/actualite\/sport\/mondial-2026-guinee-equatoriale-tunisie-le-match-qui-peut-sceller-la-qualification\/383002\/\">Mondial 2026 : Guin\u00e9e \u00e9quatoriale \u2013 Tunisie, le match qui peut sceller la qualification<\/a><\/li>\n\n\n\n<li><a href=\"https:\/\/www.webdo.tn\/fr\/actualite\/sport\/edito-mondial-2026-les-aigles-de-carthage-plus-proches-que-jamais-de-lamerique\/382829\/\">Mondial 2026 : Les Aigles de Carthage, plus proches que jamais de l\u2019Am\u00e9rique<\/a><\/li>\n<\/ul>\n","protected":false},"excerpt":{"rendered":"<p>La s\u00e9lection tunisienne affronte ce lundi 8 septembre \u00e0 14h00 la Guin\u00e9e \u00e9quatoriale au Nouveau Stade de Malabo, pour le compte de la 8\u1d49 journ\u00e9e des \u00e9liminatoires du groupe H. Les Aigles de Carthage visent une victoire qui scellerait officiellement leur qualification pour la Coupe du Monde 2026. Selon les derni\u00e8res indications, Sami Trabelsi devrait [&hellip;]<\/p>\n","protected":false},"author":3191,"featured_media":383038,"comment_status":"closed","ping_status":"closed","sticky":false,"template":"","format":"standard","meta":{"footnotes":""},"categories":[2593],"tags":[5244,2624,8296,6354,2608],"class_list":["post-383037","post","type-post","status-publish","format-standard","has-post-thumbnail","hentry","category-sport","tag-composition","tag-coupe-du-monde-2026","tag-guinee-equatoriale","tag-mondial-2026","tag-tunisie"],"yoast_head":"<!-- This site is optimized with the Yoast SEO Premium plugin v27.5 (Yoast SEO v27.5) - https:\/\/yoast.com\/product\/yoast-seo-premium-wordpress\/ -->\n<title>Mondial 2026 : Composition probable de la Tunisie face \u00e0 la Guin\u00e9e \u00e9quatoriale - webdo<\/title>\n<meta name=\"description\" content=\"La Tunisie vise la qualification pour le Mondial 2026. D\u00e9couvrez la composition probable de l&#039;\u00e9quipe pour affronter la Guin\u00e9e \u00e9quatoriale.\" \/>\n<link rel=\"canonical\" href=\"https:\/\/www.webdo.tn\/fr\/actualite\/sport\/mondial-2026-composition-probable-de-la-tunisie-face-a-la-guinee-equatoriale\/383037\/\" \/>\n<meta property=\"og:locale\" content=\"fr_FR\" \/>\n<meta property=\"og:type\" content=\"article\" \/>\n<meta property=\"og:title\" content=\"Mondial 2026 : Composition probable de la Tunisie face \u00e0 la Guin\u00e9e \u00e9quatoriale\" \/>\n<meta property=\"og:description\" content=\"La Tunisie vise la qualification pour le Mondial 2026. D\u00e9couvrez la composition probable de l&#039;\u00e9quipe pour affronter la Guin\u00e9e \u00e9quatoriale.\" \/>\n<meta property=\"og:url\" content=\"https:\/\/www.webdo.tn\/fr\/actualite\/sport\/mondial-2026-composition-probable-de-la-tunisie-face-a-la-guinee-equatoriale\/383037\/\" \/>\n<meta property=\"og:site_name\" content=\"webdo\" \/>\n<meta property=\"article:publisher\" content=\"https:\/\/www.facebook.com\/webdotn\" \/>\n<meta property=\"article:published_time\" content=\"2025-09-08T10:52:08+00:00\" \/>\n<meta property=\"article:modified_time\" content=\"2025-09-08T10:56:32+00:00\" \/>\n<meta property=\"og:image\" content=\"https:\/\/www.webdo.tn\/fr\/wp-content\/uploads\/2025\/09\/502930980_122132752394793506_8725761299242494588_n.jpg\" \/>\n\t<meta property=\"og:image:width\" content=\"1139\" \/>\n\t<meta property=\"og:image:height\" content=\"679\" \/>\n\t<meta property=\"og:image:type\" content=\"image\/jpeg\" \/>\n<meta name=\"author\" content=\"Mohamed Hedi Touati\" \/>\n<meta name=\"twitter:card\" content=\"summary_large_image\" \/>\n<meta name=\"twitter:creator\" content=\"@webdo_tn\" \/>\n<meta name=\"twitter:site\" content=\"@webdo_tn\" \/>\n<meta name=\"twitter:label1\" content=\"\u00c9crit par\" \/>\n\t<meta name=\"twitter:data1\" content=\"Mohamed Hedi Touati\" \/>\n\t<meta name=\"twitter:label2\" content=\"Dur\u00e9e de lecture estim\u00e9e\" \/>\n\t<meta name=\"twitter:data2\" content=\"2 minutes\" \/>\n<script type=\"application\/ld+json\" class=\"yoast-schema-graph\">{\"@context\":\"https:\\\/\\\/schema.org\",\"@graph\":[{\"@type\":\"NewsArticle\",\"@id\":\"https:\\\/\\\/www.webdo.tn\\\/fr\\\/actualite\\\/sport\\\/mondial-2026-composition-probable-de-la-tunisie-face-a-la-guinee-equatoriale\\\/383037\\\/#article\",\"isPartOf\":{\"@id\":\"https:\\\/\\\/www.webdo.tn\\\/fr\\\/actualite\\\/sport\\\/mondial-2026-composition-probable-de-la-tunisie-face-a-la-guinee-equatoriale\\\/383037\\\/\"},\"author\":{\"name\":\"Mohamed Hedi Touati\",\"@id\":\"https:\\\/\\\/www.webdo.tn\\\/fr\\\/#\\\/schema\\\/person\\\/c652cd8fc2b1b44412b5ffb48c5a911d\"},\"headline\":\"Mondial 2026 : Composition probable de la Tunisie face \u00e0 la Guin\u00e9e \u00e9quatoriale\",\"datePublished\":\"2025-09-08T10:52:08+00:00\",\"dateModified\":\"2025-09-08T10:56:32+00:00\",\"mainEntityOfPage\":{\"@id\":\"https:\\\/\\\/www.webdo.tn\\\/fr\\\/actualite\\\/sport\\\/mondial-2026-composition-probable-de-la-tunisie-face-a-la-guinee-equatoriale\\\/383037\\\/\"},\"wordCount\":197,\"publisher\":{\"@id\":\"https:\\\/\\\/www.webdo.tn\\\/fr\\\/#organization\"},\"image\":{\"@id\":\"https:\\\/\\\/www.webdo.tn\\\/fr\\\/actualite\\\/sport\\\/mondial-2026-composition-probable-de-la-tunisie-face-a-la-guinee-equatoriale\\\/383037\\\/#primaryimage\"},\"thumbnailUrl\":\"https:\\\/\\\/www.webdo.tn\\\/fr\\\/wp-content\\\/uploads\\\/2025\\\/09\\\/502930980_122132752394793506_8725761299242494588_n.jpg\",\"keywords\":[\"Composition\",\"coupe du monde 2026\",\"Guin\u00e9e Equatoriale\",\"Mondial 2026\",\"Tunisie\"],\"articleSection\":[\"Sport\"],\"inLanguage\":\"fr-FR\"},{\"@type\":\"WebPage\",\"@id\":\"https:\\\/\\\/www.webdo.tn\\\/fr\\\/actualite\\\/sport\\\/mondial-2026-composition-probable-de-la-tunisie-face-a-la-guinee-equatoriale\\\/383037\\\/\",\"url\":\"https:\\\/\\\/www.webdo.tn\\\/fr\\\/actualite\\\/sport\\\/mondial-2026-composition-probable-de-la-tunisie-face-a-la-guinee-equatoriale\\\/383037\\\/\",\"name\":\"Mondial 2026 : Composition probable de la Tunisie face \u00e0 la Guin\u00e9e \u00e9quatoriale - webdo\",\"isPartOf\":{\"@id\":\"https:\\\/\\\/www.webdo.tn\\\/fr\\\/#website\"},\"primaryImageOfPage\":{\"@id\":\"https:\\\/\\\/www.webdo.tn\\\/fr\\\/actualite\\\/sport\\\/mondial-2026-composition-probable-de-la-tunisie-face-a-la-guinee-equatoriale\\\/383037\\\/#primaryimage\"},\"image\":{\"@id\":\"https:\\\/\\\/www.webdo.tn\\\/fr\\\/actualite\\\/sport\\\/mondial-2026-composition-probable-de-la-tunisie-face-a-la-guinee-equatoriale\\\/383037\\\/#primaryimage\"},\"thumbnailUrl\":\"https:\\\/\\\/www.webdo.tn\\\/fr\\\/wp-content\\\/uploads\\\/2025\\\/09\\\/502930980_122132752394793506_8725761299242494588_n.jpg\",\"datePublished\":\"2025-09-08T10:52:08+00:00\",\"dateModified\":\"2025-09-08T10:56:32+00:00\",\"description\":\"La Tunisie vise la qualification pour le Mondial 2026. D\u00e9couvrez la composition probable de l'\u00e9quipe pour affronter la Guin\u00e9e \u00e9quatoriale.\",\"breadcrumb\":{\"@id\":\"https:\\\/\\\/www.webdo.tn\\\/fr\\\/actualite\\\/sport\\\/mondial-2026-composition-probable-de-la-tunisie-face-a-la-guinee-equatoriale\\\/383037\\\/#breadcrumb\"},\"inLanguage\":\"fr-FR\",\"potentialAction\":[{\"@type\":\"ReadAction\",\"target\":[\"https:\\\/\\\/www.webdo.tn\\\/fr\\\/actualite\\\/sport\\\/mondial-2026-composition-probable-de-la-tunisie-face-a-la-guinee-equatoriale\\\/383037\\\/\"]}]},{\"@type\":\"ImageObject\",\"inLanguage\":\"fr-FR\",\"@id\":\"https:\\\/\\\/www.webdo.tn\\\/fr\\\/actualite\\\/sport\\\/mondial-2026-composition-probable-de-la-tunisie-face-a-la-guinee-equatoriale\\\/383037\\\/#primaryimage\",\"url\":\"https:\\\/\\\/www.webdo.tn\\\/fr\\\/wp-content\\\/uploads\\\/2025\\\/09\\\/502930980_122132752394793506_8725761299242494588_n.jpg\",\"contentUrl\":\"https:\\\/\\\/www.webdo.tn\\\/fr\\\/wp-content\\\/uploads\\\/2025\\\/09\\\/502930980_122132752394793506_8725761299242494588_n.jpg\",\"width\":1139,\"height\":679,\"caption\":\"Mondial 2026 : Composition probable de la Tunisie face \u00e0 la Guin\u00e9e \u00e9quatoriale\"},{\"@type\":\"BreadcrumbList\",\"@id\":\"https:\\\/\\\/www.webdo.tn\\\/fr\\\/actualite\\\/sport\\\/mondial-2026-composition-probable-de-la-tunisie-face-a-la-guinee-equatoriale\\\/383037\\\/#breadcrumb\",\"itemListElement\":[{\"@type\":\"ListItem\",\"position\":1,\"name\":\"Accueil\",\"item\":\"https:\\\/\\\/www.webdo.tn\\\/fr\\\/\"},{\"@type\":\"ListItem\",\"position\":2,\"name\":\"Mondial 2026 : Composition probable de la Tunisie face \u00e0 la Guin\u00e9e \u00e9quatoriale\"}]},{\"@type\":\"WebSite\",\"@id\":\"https:\\\/\\\/www.webdo.tn\\\/fr\\\/#website\",\"url\":\"https:\\\/\\\/www.webdo.tn\\\/fr\\\/\",\"name\":\"webdo\",\"description\":\"Tunisie - News en Tunisie et \u00e0 l&#039;international sur Webdo.tn\",\"publisher\":{\"@id\":\"https:\\\/\\\/www.webdo.tn\\\/fr\\\/#organization\"},\"potentialAction\":[{\"@type\":\"SearchAction\",\"target\":{\"@type\":\"EntryPoint\",\"urlTemplate\":\"https:\\\/\\\/www.webdo.tn\\\/fr\\\/?s={search_term_string}\"},\"query-input\":{\"@type\":\"PropertyValueSpecification\",\"valueRequired\":true,\"valueName\":\"search_term_string\"}}],\"inLanguage\":\"fr-FR\"},{\"@type\":\"Organization\",\"@id\":\"https:\\\/\\\/www.webdo.tn\\\/fr\\\/#organization\",\"name\":\"Webdo\",\"alternateName\":\"Webdo.tn\",\"url\":\"https:\\\/\\\/www.webdo.tn\\\/fr\\\/\",\"logo\":{\"@type\":\"ImageObject\",\"inLanguage\":\"fr-FR\",\"@id\":\"https:\\\/\\\/www.webdo.tn\\\/fr\\\/#\\\/schema\\\/logo\\\/image\\\/\",\"url\":\"https:\\\/\\\/www.webdo.tn\\\/fr\\\/wp-content\\\/uploads\\\/2025\\\/06\\\/Webdo-Tunisie_168377.jpg\",\"contentUrl\":\"https:\\\/\\\/www.webdo.tn\\\/fr\\\/wp-content\\\/uploads\\\/2025\\\/06\\\/Webdo-Tunisie_168377.jpg\",\"width\":301,\"height\":301,\"caption\":\"Webdo\"},\"image\":{\"@id\":\"https:\\\/\\\/www.webdo.tn\\\/fr\\\/#\\\/schema\\\/logo\\\/image\\\/\"},\"sameAs\":[\"https:\\\/\\\/www.facebook.com\\\/webdotn\",\"https:\\\/\\\/x.com\\\/webdo_tn\"],\"description\":\"Webdo est un m\u00e9dia num\u00e9rique tunisien fond\u00e9 en 2010, sp\u00e9cialis\u00e9 dans l\u2019actualit\u00e9 nationale et internationale, l\u2019\u00e9conomie, la soci\u00e9t\u00e9 et les analyses politiques. Le site s\u2019adresse \u00e0 un large public francophone et couvre l\u2019information tunisienne en temps r\u00e9el.\",\"email\":\"redac@webdo.tn\",\"legalName\":\"YNJ SARL\",\"foundingDate\":\"2010-09-06\",\"numberOfEmployees\":{\"@type\":\"QuantitativeValue\",\"minValue\":\"11\",\"maxValue\":\"50\"}},{\"@type\":\"Person\",\"@id\":\"https:\\\/\\\/www.webdo.tn\\\/fr\\\/#\\\/schema\\\/person\\\/c652cd8fc2b1b44412b5ffb48c5a911d\",\"name\":\"Mohamed Hedi Touati\",\"image\":{\"@type\":\"ImageObject\",\"inLanguage\":\"fr-FR\",\"@id\":\"https:\\\/\\\/secure.gravatar.com\\\/avatar\\\/9cfd402c745b7a685f13eed0ea6e59d2144a3c2fc50a3db6fd5ed451f6cddf1a?s=96&d=mm&r=g\",\"url\":\"https:\\\/\\\/secure.gravatar.com\\\/avatar\\\/9cfd402c745b7a685f13eed0ea6e59d2144a3c2fc50a3db6fd5ed451f6cddf1a?s=96&d=mm&r=g\",\"contentUrl\":\"https:\\\/\\\/secure.gravatar.com\\\/avatar\\\/9cfd402c745b7a685f13eed0ea6e59d2144a3c2fc50a3db6fd5ed451f6cddf1a?s=96&d=mm&r=g\",\"caption\":\"Mohamed Hedi Touati\"},\"url\":\"https:\\\/\\\/www.webdo.tn\\\/fr\\\/actualite\\\/author\\\/mohamed-hedi-touati\\\/\"}]}<\/script>\n<!-- \/ Yoast SEO Premium plugin. -->","yoast_head_json":{"title":"Mondial 2026 : Composition probable de la Tunisie face \u00e0 la Guin\u00e9e \u00e9quatoriale - webdo","description":"La Tunisie vise la qualification pour le Mondial 2026. D\u00e9couvrez la composition probable de l'\u00e9quipe pour affronter la Guin\u00e9e \u00e9quatoriale.","canonical":"https:\/\/www.webdo.tn\/fr\/actualite\/sport\/mondial-2026-composition-probable-de-la-tunisie-face-a-la-guinee-equatoriale\/383037\/","og_locale":"fr_FR","og_type":"article","og_title":"Mondial 2026 : Composition probable de la Tunisie face \u00e0 la Guin\u00e9e \u00e9quatoriale","og_description":"La Tunisie vise la qualification pour le Mondial 2026. D\u00e9couvrez la composition probable de l'\u00e9quipe pour affronter la Guin\u00e9e \u00e9quatoriale.","og_url":"https:\/\/www.webdo.tn\/fr\/actualite\/sport\/mondial-2026-composition-probable-de-la-tunisie-face-a-la-guinee-equatoriale\/383037\/","og_site_name":"webdo","article_publisher":"https:\/\/www.facebook.com\/webdotn","article_published_time":"2025-09-08T10:52:08+00:00","article_modified_time":"2025-09-08T10:56:32+00:00","og_image":[{"width":1139,"height":679,"url":"https:\/\/www.webdo.tn\/fr\/wp-content\/uploads\/2025\/09\/502930980_122132752394793506_8725761299242494588_n.jpg","type":"image\/jpeg"}],"author":"Mohamed Hedi Touati","twitter_card":"summary_large_image","twitter_creator":"@webdo_tn","twitter_site":"@webdo_tn","twitter_misc":{"\u00c9crit par":"Mohamed Hedi Touati","Dur\u00e9e de lecture estim\u00e9e":"2 minutes"},"schema":{"@context":"https:\/\/schema.org","@graph":[{"@type":"NewsArticle","@id":"https:\/\/www.webdo.tn\/fr\/actualite\/sport\/mondial-2026-composition-probable-de-la-tunisie-face-a-la-guinee-equatoriale\/383037\/#article","isPartOf":{"@id":"https:\/\/www.webdo.tn\/fr\/actualite\/sport\/mondial-2026-composition-probable-de-la-tunisie-face-a-la-guinee-equatoriale\/383037\/"},"author":{"name":"Mohamed Hedi Touati","@id":"https:\/\/www.webdo.tn\/fr\/#\/schema\/person\/c652cd8fc2b1b44412b5ffb48c5a911d"},"headline":"Mondial 2026 : Composition probable de la Tunisie face \u00e0 la Guin\u00e9e \u00e9quatoriale","datePublished":"2025-09-08T10:52:08+00:00","dateModified":"2025-09-08T10:56:32+00:00","mainEntityOfPage":{"@id":"https:\/\/www.webdo.tn\/fr\/actualite\/sport\/mondial-2026-composition-probable-de-la-tunisie-face-a-la-guinee-equatoriale\/383037\/"},"wordCount":197,"publisher":{"@id":"https:\/\/www.webdo.tn\/fr\/#organization"},"image":{"@id":"https:\/\/www.webdo.tn\/fr\/actualite\/sport\/mondial-2026-composition-probable-de-la-tunisie-face-a-la-guinee-equatoriale\/383037\/#primaryimage"},"thumbnailUrl":"https:\/\/www.webdo.tn\/fr\/wp-content\/uploads\/2025\/09\/502930980_122132752394793506_8725761299242494588_n.jpg","keywords":["Composition","coupe du monde 2026","Guin\u00e9e Equatoriale","Mondial 2026","Tunisie"],"articleSection":["Sport"],"inLanguage":"fr-FR"},{"@type":"WebPage","@id":"https:\/\/www.webdo.tn\/fr\/actualite\/sport\/mondial-2026-composition-probable-de-la-tunisie-face-a-la-guinee-equatoriale\/383037\/","url":"https:\/\/www.webdo.tn\/fr\/actualite\/sport\/mondial-2026-composition-probable-de-la-tunisie-face-a-la-guinee-equatoriale\/383037\/","name":"Mondial 2026 : Composition probable de la Tunisie face \u00e0 la Guin\u00e9e \u00e9quatoriale - webdo","isPartOf":{"@id":"https:\/\/www.webdo.tn\/fr\/#website"},"primaryImageOfPage":{"@id":"https:\/\/www.webdo.tn\/fr\/actualite\/sport\/mondial-2026-composition-probable-de-la-tunisie-face-a-la-guinee-equatoriale\/383037\/#primaryimage"},"image":{"@id":"https:\/\/www.webdo.tn\/fr\/actualite\/sport\/mondial-2026-composition-probable-de-la-tunisie-face-a-la-guinee-equatoriale\/383037\/#primaryimage"},"thumbnailUrl":"https:\/\/www.webdo.tn\/fr\/wp-content\/uploads\/2025\/09\/502930980_122132752394793506_8725761299242494588_n.jpg","datePublished":"2025-09-08T10:52:08+00:00","dateModified":"2025-09-08T10:56:32+00:00","description":"La Tunisie vise la qualification pour le Mondial 2026. D\u00e9couvrez la composition probable de l'\u00e9quipe pour affronter la Guin\u00e9e \u00e9quatoriale.","breadcrumb":{"@id":"https:\/\/www.webdo.tn\/fr\/actualite\/sport\/mondial-2026-composition-probable-de-la-tunisie-face-a-la-guinee-equatoriale\/383037\/#breadcrumb"},"inLanguage":"fr-FR","potentialAction":[{"@type":"ReadAction","target":["https:\/\/www.webdo.tn\/fr\/actualite\/sport\/mondial-2026-composition-probable-de-la-tunisie-face-a-la-guinee-equatoriale\/383037\/"]}]},{"@type":"ImageObject","inLanguage":"fr-FR","@id":"https:\/\/www.webdo.tn\/fr\/actualite\/sport\/mondial-2026-composition-probable-de-la-tunisie-face-a-la-guinee-equatoriale\/383037\/#primaryimage","url":"https:\/\/www.webdo.tn\/fr\/wp-content\/uploads\/2025\/09\/502930980_122132752394793506_8725761299242494588_n.jpg","contentUrl":"https:\/\/www.webdo.tn\/fr\/wp-content\/uploads\/2025\/09\/502930980_122132752394793506_8725761299242494588_n.jpg","width":1139,"height":679,"caption":"Mondial 2026 : Composition probable de la Tunisie face \u00e0 la Guin\u00e9e \u00e9quatoriale"},{"@type":"BreadcrumbList","@id":"https:\/\/www.webdo.tn\/fr\/actualite\/sport\/mondial-2026-composition-probable-de-la-tunisie-face-a-la-guinee-equatoriale\/383037\/#breadcrumb","itemListElement":[{"@type":"ListItem","position":1,"name":"Accueil","item":"https:\/\/www.webdo.tn\/fr\/"},{"@type":"ListItem","position":2,"name":"Mondial 2026 : Composition probable de la Tunisie face \u00e0 la Guin\u00e9e \u00e9quatoriale"}]},{"@type":"WebSite","@id":"https:\/\/www.webdo.tn\/fr\/#website","url":"https:\/\/www.webdo.tn\/fr\/","name":"webdo","description":"Tunisie - News en Tunisie et \u00e0 l&#039;international sur Webdo.tn","publisher":{"@id":"https:\/\/www.webdo.tn\/fr\/#organization"},"potentialAction":[{"@type":"SearchAction","target":{"@type":"EntryPoint","urlTemplate":"https:\/\/www.webdo.tn\/fr\/?s={search_term_string}"},"query-input":{"@type":"PropertyValueSpecification","valueRequired":true,"valueName":"search_term_string"}}],"inLanguage":"fr-FR"},{"@type":"Organization","@id":"https:\/\/www.webdo.tn\/fr\/#organization","name":"Webdo","alternateName":"Webdo.tn","url":"https:\/\/www.webdo.tn\/fr\/","logo":{"@type":"ImageObject","inLanguage":"fr-FR","@id":"https:\/\/www.webdo.tn\/fr\/#\/schema\/logo\/image\/","url":"https:\/\/www.webdo.tn\/fr\/wp-content\/uploads\/2025\/06\/Webdo-Tunisie_168377.jpg","contentUrl":"https:\/\/www.webdo.tn\/fr\/wp-content\/uploads\/2025\/06\/Webdo-Tunisie_168377.jpg","width":301,"height":301,"caption":"Webdo"},"image":{"@id":"https:\/\/www.webdo.tn\/fr\/#\/schema\/logo\/image\/"},"sameAs":["https:\/\/www.facebook.com\/webdotn","https:\/\/x.com\/webdo_tn"],"description":"Webdo est un m\u00e9dia num\u00e9rique tunisien fond\u00e9 en 2010, sp\u00e9cialis\u00e9 dans l\u2019actualit\u00e9 nationale et internationale, l\u2019\u00e9conomie, la soci\u00e9t\u00e9 et les analyses politiques. Le site s\u2019adresse \u00e0 un large public francophone et couvre l\u2019information tunisienne en temps r\u00e9el.","email":"redac@webdo.tn","legalName":"YNJ SARL","foundingDate":"2010-09-06","numberOfEmployees":{"@type":"QuantitativeValue","minValue":"11","maxValue":"50"}},{"@type":"Person","@id":"https:\/\/www.webdo.tn\/fr\/#\/schema\/person\/c652cd8fc2b1b44412b5ffb48c5a911d","name":"Mohamed Hedi Touati","image":{"@type":"ImageObject","inLanguage":"fr-FR","@id":"https:\/\/secure.gravatar.com\/avatar\/9cfd402c745b7a685f13eed0ea6e59d2144a3c2fc50a3db6fd5ed451f6cddf1a?s=96&d=mm&r=g","url":"https:\/\/secure.gravatar.com\/avatar\/9cfd402c745b7a685f13eed0ea6e59d2144a3c2fc50a3db6fd5ed451f6cddf1a?s=96&d=mm&r=g","contentUrl":"https:\/\/secure.gravatar.com\/avatar\/9cfd402c745b7a685f13eed0ea6e59d2144a3c2fc50a3db6fd5ed451f6cddf1a?s=96&d=mm&r=g","caption":"Mohamed Hedi Touati"},"url":"https:\/\/www.webdo.tn\/fr\/actualite\/author\/mohamed-hedi-touati\/"}]}},"_links":{"self":[{"href":"https:\/\/www.webdo.tn\/fr\/wp-json\/wp\/v2\/posts\/383037","targetHints":{"allow":["GET"]}}],"collection":[{"href":"https:\/\/www.webdo.tn\/fr\/wp-json\/wp\/v2\/posts"}],"about":[{"href":"https:\/\/www.webdo.tn\/fr\/wp-json\/wp\/v2\/types\/post"}],"author":[{"embeddable":true,"href":"https:\/\/www.webdo.tn\/fr\/wp-json\/wp\/v2\/users\/3191"}],"replies":[{"embeddable":true,"href":"https:\/\/www.webdo.tn\/fr\/wp-json\/wp\/v2\/comments?post=383037"}],"version-history":[{"count":0,"href":"https:\/\/www.webdo.tn\/fr\/wp-json\/wp\/v2\/posts\/383037\/revisions"}],"wp:featuredmedia":[{"embeddable":true,"href":"https:\/\/www.webdo.tn\/fr\/wp-json\/wp\/v2\/media\/383038"}],"wp:attachment":[{"href":"https:\/\/www.webdo.tn\/fr\/wp-json\/wp\/v2\/media?parent=383037"}],"wp:term":[{"taxonomy":"category","embeddable":true,"href":"https:\/\/www.webdo.tn\/fr\/wp-json\/wp\/v2\/categories?post=383037"},{"taxonomy":"post_tag","embeddable":true,"href":"https:\/\/www.webdo.tn\/fr\/wp-json\/wp\/v2\/tags?post=383037"}],"curies":[{"name":"wp","href":"https:\/\/api.w.org\/{rel}","templated":true}]}}