{"id":383019,"date":"2025-09-08T10:03:14","date_gmt":"2025-09-08T09:03:14","guid":{"rendered":"https:\/\/www.webdo.tn\/fr\/?p=383019"},"modified":"2025-09-08T14:52:08","modified_gmt":"2025-09-08T13:52:08","slug":"affaire-abdelkader-dhibi-lordre-des-avocats-saisit-la-justice-francaise","status":"publish","type":"post","link":"https:\/\/www.webdo.tn\/fr\/actualite\/national\/affaire-abdelkader-dhibi-lordre-des-avocats-saisit-la-justice-francaise\/383019\/","title":{"rendered":"Affaire Abdelkader Dhibi : L\u2019Ordre des avocats saisit la justice fran\u00e7aise"},"content":{"rendered":"\n<p>Le b\u00e2tonnier Hatem Meziou, a annonc\u00e9 ce lundi 8 septembre que <strong>l\u2019Ordre national des avocats<\/strong> a officiellement d\u00e9cid\u00e9, apr\u00e8s avoir re\u00e7u un mandat officiel de la famille du d\u00e9funt Abdelkader Dhibi, tu\u00e9 par balles par la police fran\u00e7aise \u00e0 Marseille, de <strong>saisir la justice et de suivre le d\u00e9roulement de l\u2019enqu\u00eate men\u00e9e par les autorit\u00e9s fran\u00e7aises<\/strong>.<\/p>\n\n\n\n<p>Invit\u00e9 de la Radio Jawhara FM, Meziou a pr\u00e9cis\u00e9 que <strong>des avocats tunisiens exer\u00e7ant en France<\/strong>, mandat\u00e9s par l\u2019Ordre national des avocats, se porteront volontaires pour <strong>faire toute la lumi\u00e8re sur les circonstances de cette affaire et d\u00e9fendre les droits des h\u00e9ritiers<\/strong>. Selon lui, cette d\u00e9marche rel\u00e8ve d\u2019<strong>un devoir national de la profession d\u2019avocat en Tunisie<\/strong>. <\/p>\n\n\n\n<p>Il a \u00e9galement d\u00e9nonc\u00e9 ce qu\u2019il a qualifi\u00e9 de <strong>\u201ccampagne de d\u00e9sinformation men\u00e9e par certains m\u00e9dias fran\u00e7ais\u201d<\/strong>, ajoutant que cette situation <strong>porte atteinte \u00e0 l\u2019image de la Tunisie et des Tunisiens<\/strong>.<\/p>\n\n\n\n<p>Concernant <a href=\"https:\/\/www.webdo.tn\/fr\/actualite\/national\/quatre-avocats-tunisiens-portent-plainte-apres-la-mort-dun-citoyen-a-marseille\/382832\/\">l\u2019initiative individuelle de l\u2019avocat Mounir Ben Salha<\/a>, qui s\u2019\u00e9tait rendu \u00e0 Marseille pour <strong>intenter une action judiciaire dans cette affaire<\/strong>, Meziou a indiqu\u00e9 qu\u2019il n\u2019en avait <strong>aucune connaissance pr\u00e9alable<\/strong>. Il a toutefois ajout\u00e9 que <strong>toute action judiciaire men\u00e9e par un avocat dans une cause juste est la bienvenue<\/strong>, \u00e0 condition <strong>de respecter la loi, l\u2019\u00e9thique de la profession et d\u2019obtenir un mandat officiel de la famille du d\u00e9funt<\/strong>, m\u00eame dans le cadre d\u2019une d\u00e9marche volontaire.<\/p>\n\n\n\n<p><\/p>\n\n\n\n<p><strong>Lire aussi : <\/strong><a href=\"https:\/\/www.webdo.tn\/fr\/actualite\/national\/des-medias-francais-se-dechainent-sur-la-tunisie-algerianisation-et-restrictions-de-visas\/382837\/\">Des m\u00e9dias fran\u00e7ais se d\u00e9cha\u00eenent sur la Tunisie : \u00ab\u202falg\u00e9rianisation\u202f\u00bb et restrictions de visas<\/a><br><\/p>\n","protected":false},"excerpt":{"rendered":"<p>Le b\u00e2tonnier Hatem Meziou, a annonc\u00e9 ce lundi 8 septembre que l\u2019Ordre national des avocats a officiellement d\u00e9cid\u00e9, apr\u00e8s avoir re\u00e7u un mandat officiel de la famille du d\u00e9funt Abdelkader Dhibi, tu\u00e9 par balles par la police fran\u00e7aise \u00e0 Marseille, de saisir la justice et de suivre le d\u00e9roulement de l\u2019enqu\u00eate men\u00e9e par les autorit\u00e9s [&hellip;]<\/p>\n","protected":false},"author":3184,"featured_media":368220,"comment_status":"closed","ping_status":"closed","sticky":false,"template":"","format":"standard","meta":{"footnotes":""},"categories":[44],"tags":[4962,3928,2608],"class_list":["post-383019","post","type-post","status-publish","format-standard","has-post-thumbnail","hentry","category-national","tag-avocats","tag-marseille","tag-tunisie"],"yoast_head":"<!-- This site is optimized with the Yoast SEO Premium plugin v27.4 (Yoast SEO v27.5) - https:\/\/yoast.com\/product\/yoast-seo-premium-wordpress\/ -->\n<title>Affaire Abdelkader Dhibi : L\u2019Ordre des avocats saisit la justice fran\u00e7aise - webdo<\/title>\n<meta name=\"description\" content=\"D\u00e9couvrez comment les avocats tunisiens s&#039;engagent \u00e0 d\u00e9fendre les droits des h\u00e9ritiers dans l&#039;affaire Abdelkader Dhibi.\" \/>\n<link rel=\"canonical\" href=\"https:\/\/www.webdo.tn\/fr\/actualite\/national\/affaire-abdelkader-dhibi-lordre-des-avocats-saisit-la-justice-francaise\/383019\/\" \/>\n<meta property=\"og:locale\" content=\"fr_FR\" \/>\n<meta property=\"og:type\" content=\"article\" \/>\n<meta property=\"og:title\" content=\"Affaire Abdelkader Dhibi : L\u2019Ordre des avocats saisit la justice fran\u00e7aise\" \/>\n<meta property=\"og:description\" content=\"D\u00e9couvrez comment les avocats tunisiens s&#039;engagent \u00e0 d\u00e9fendre les droits des h\u00e9ritiers dans l&#039;affaire Abdelkader Dhibi.\" \/>\n<meta property=\"og:url\" content=\"https:\/\/www.webdo.tn\/fr\/actualite\/national\/affaire-abdelkader-dhibi-lordre-des-avocats-saisit-la-justice-francaise\/383019\/\" \/>\n<meta property=\"og:site_name\" content=\"webdo\" \/>\n<meta property=\"article:publisher\" content=\"https:\/\/www.facebook.com\/webdotn\" \/>\n<meta property=\"article:published_time\" content=\"2025-09-08T09:03:14+00:00\" \/>\n<meta property=\"article:modified_time\" content=\"2025-09-08T13:52:08+00:00\" \/>\n<meta property=\"og:image\" content=\"https:\/\/www.webdo.tn\/fr\/wp-content\/uploads\/2025\/06\/avocat_137008.jpg\" \/>\n\t<meta property=\"og:image:width\" content=\"680\" \/>\n\t<meta property=\"og:image:height\" content=\"400\" \/>\n\t<meta property=\"og:image:type\" content=\"image\/jpeg\" \/>\n<meta name=\"author\" content=\"Wided Belhaj\" \/>\n<meta name=\"twitter:card\" content=\"summary_large_image\" \/>\n<meta name=\"twitter:creator\" content=\"@webdo_tn\" \/>\n<meta name=\"twitter:site\" content=\"@webdo_tn\" \/>\n<meta name=\"twitter:label1\" content=\"\u00c9crit par\" \/>\n\t<meta name=\"twitter:data1\" content=\"Wided Belhaj\" \/>\n\t<meta name=\"twitter:label2\" content=\"Dur\u00e9e de lecture estim\u00e9e\" \/>\n\t<meta name=\"twitter:data2\" content=\"2 minutes\" \/>\n<script type=\"application\/ld+json\" class=\"yoast-schema-graph\">{\"@context\":\"https:\\\/\\\/schema.org\",\"@graph\":[{\"@type\":\"NewsArticle\",\"@id\":\"https:\\\/\\\/www.webdo.tn\\\/fr\\\/actualite\\\/national\\\/affaire-abdelkader-dhibi-lordre-des-avocats-saisit-la-justice-francaise\\\/383019\\\/#article\",\"isPartOf\":{\"@id\":\"https:\\\/\\\/www.webdo.tn\\\/fr\\\/actualite\\\/national\\\/affaire-abdelkader-dhibi-lordre-des-avocats-saisit-la-justice-francaise\\\/383019\\\/\"},\"author\":{\"name\":\"Wided Belhaj\",\"@id\":\"https:\\\/\\\/www.webdo.tn\\\/fr\\\/#\\\/schema\\\/person\\\/b9ecde7a5574cb4fcf4b496ea5fadb15\"},\"headline\":\"Affaire Abdelkader Dhibi : L\u2019Ordre des avocats saisit la justice fran\u00e7aise\",\"datePublished\":\"2025-09-08T09:03:14+00:00\",\"dateModified\":\"2025-09-08T13:52:08+00:00\",\"mainEntityOfPage\":{\"@id\":\"https:\\\/\\\/www.webdo.tn\\\/fr\\\/actualite\\\/national\\\/affaire-abdelkader-dhibi-lordre-des-avocats-saisit-la-justice-francaise\\\/383019\\\/\"},\"wordCount\":290,\"publisher\":{\"@id\":\"https:\\\/\\\/www.webdo.tn\\\/fr\\\/#organization\"},\"image\":{\"@id\":\"https:\\\/\\\/www.webdo.tn\\\/fr\\\/actualite\\\/national\\\/affaire-abdelkader-dhibi-lordre-des-avocats-saisit-la-justice-francaise\\\/383019\\\/#primaryimage\"},\"thumbnailUrl\":\"https:\\\/\\\/www.webdo.tn\\\/fr\\\/wp-content\\\/uploads\\\/2025\\\/06\\\/avocat_137008.jpg\",\"keywords\":[\"avocats\",\"marseille\",\"Tunisie\"],\"articleSection\":[\"National\"],\"inLanguage\":\"fr-FR\"},{\"@type\":\"WebPage\",\"@id\":\"https:\\\/\\\/www.webdo.tn\\\/fr\\\/actualite\\\/national\\\/affaire-abdelkader-dhibi-lordre-des-avocats-saisit-la-justice-francaise\\\/383019\\\/\",\"url\":\"https:\\\/\\\/www.webdo.tn\\\/fr\\\/actualite\\\/national\\\/affaire-abdelkader-dhibi-lordre-des-avocats-saisit-la-justice-francaise\\\/383019\\\/\",\"name\":\"Affaire Abdelkader Dhibi : L\u2019Ordre des avocats saisit la justice fran\u00e7aise - webdo\",\"isPartOf\":{\"@id\":\"https:\\\/\\\/www.webdo.tn\\\/fr\\\/#website\"},\"primaryImageOfPage\":{\"@id\":\"https:\\\/\\\/www.webdo.tn\\\/fr\\\/actualite\\\/national\\\/affaire-abdelkader-dhibi-lordre-des-avocats-saisit-la-justice-francaise\\\/383019\\\/#primaryimage\"},\"image\":{\"@id\":\"https:\\\/\\\/www.webdo.tn\\\/fr\\\/actualite\\\/national\\\/affaire-abdelkader-dhibi-lordre-des-avocats-saisit-la-justice-francaise\\\/383019\\\/#primaryimage\"},\"thumbnailUrl\":\"https:\\\/\\\/www.webdo.tn\\\/fr\\\/wp-content\\\/uploads\\\/2025\\\/06\\\/avocat_137008.jpg\",\"datePublished\":\"2025-09-08T09:03:14+00:00\",\"dateModified\":\"2025-09-08T13:52:08+00:00\",\"description\":\"D\u00e9couvrez comment les avocats tunisiens s'engagent \u00e0 d\u00e9fendre les droits des h\u00e9ritiers dans l'affaire Abdelkader Dhibi.\",\"breadcrumb\":{\"@id\":\"https:\\\/\\\/www.webdo.tn\\\/fr\\\/actualite\\\/national\\\/affaire-abdelkader-dhibi-lordre-des-avocats-saisit-la-justice-francaise\\\/383019\\\/#breadcrumb\"},\"inLanguage\":\"fr-FR\",\"potentialAction\":[{\"@type\":\"ReadAction\",\"target\":[\"https:\\\/\\\/www.webdo.tn\\\/fr\\\/actualite\\\/national\\\/affaire-abdelkader-dhibi-lordre-des-avocats-saisit-la-justice-francaise\\\/383019\\\/\"]}]},{\"@type\":\"ImageObject\",\"inLanguage\":\"fr-FR\",\"@id\":\"https:\\\/\\\/www.webdo.tn\\\/fr\\\/actualite\\\/national\\\/affaire-abdelkader-dhibi-lordre-des-avocats-saisit-la-justice-francaise\\\/383019\\\/#primaryimage\",\"url\":\"https:\\\/\\\/www.webdo.tn\\\/fr\\\/wp-content\\\/uploads\\\/2025\\\/06\\\/avocat_137008.jpg\",\"contentUrl\":\"https:\\\/\\\/www.webdo.tn\\\/fr\\\/wp-content\\\/uploads\\\/2025\\\/06\\\/avocat_137008.jpg\",\"width\":680,\"height\":400,\"caption\":\"Ibrahim Bouderbala : \\\"La majorit\u00e9 des avocats souffre !\\\"\"},{\"@type\":\"BreadcrumbList\",\"@id\":\"https:\\\/\\\/www.webdo.tn\\\/fr\\\/actualite\\\/national\\\/affaire-abdelkader-dhibi-lordre-des-avocats-saisit-la-justice-francaise\\\/383019\\\/#breadcrumb\",\"itemListElement\":[{\"@type\":\"ListItem\",\"position\":1,\"name\":\"Accueil\",\"item\":\"https:\\\/\\\/www.webdo.tn\\\/fr\\\/\"},{\"@type\":\"ListItem\",\"position\":2,\"name\":\"Affaire Abdelkader Dhibi : L\u2019Ordre des avocats saisit la justice fran\u00e7aise\"}]},{\"@type\":\"WebSite\",\"@id\":\"https:\\\/\\\/www.webdo.tn\\\/fr\\\/#website\",\"url\":\"https:\\\/\\\/www.webdo.tn\\\/fr\\\/\",\"name\":\"webdo\",\"description\":\"Tunisie - News en Tunisie et \u00e0 l&#039;international sur Webdo.tn\",\"publisher\":{\"@id\":\"https:\\\/\\\/www.webdo.tn\\\/fr\\\/#organization\"},\"potentialAction\":[{\"@type\":\"SearchAction\",\"target\":{\"@type\":\"EntryPoint\",\"urlTemplate\":\"https:\\\/\\\/www.webdo.tn\\\/fr\\\/?s={search_term_string}\"},\"query-input\":{\"@type\":\"PropertyValueSpecification\",\"valueRequired\":true,\"valueName\":\"search_term_string\"}}],\"inLanguage\":\"fr-FR\"},{\"@type\":\"Organization\",\"@id\":\"https:\\\/\\\/www.webdo.tn\\\/fr\\\/#organization\",\"name\":\"Webdo\",\"alternateName\":\"Webdo.tn\",\"url\":\"https:\\\/\\\/www.webdo.tn\\\/fr\\\/\",\"logo\":{\"@type\":\"ImageObject\",\"inLanguage\":\"fr-FR\",\"@id\":\"https:\\\/\\\/www.webdo.tn\\\/fr\\\/#\\\/schema\\\/logo\\\/image\\\/\",\"url\":\"https:\\\/\\\/www.webdo.tn\\\/fr\\\/wp-content\\\/uploads\\\/2025\\\/06\\\/Webdo-Tunisie_168377.jpg\",\"contentUrl\":\"https:\\\/\\\/www.webdo.tn\\\/fr\\\/wp-content\\\/uploads\\\/2025\\\/06\\\/Webdo-Tunisie_168377.jpg\",\"width\":301,\"height\":301,\"caption\":\"Webdo\"},\"image\":{\"@id\":\"https:\\\/\\\/www.webdo.tn\\\/fr\\\/#\\\/schema\\\/logo\\\/image\\\/\"},\"sameAs\":[\"https:\\\/\\\/www.facebook.com\\\/webdotn\",\"https:\\\/\\\/x.com\\\/webdo_tn\"],\"description\":\"Webdo est un m\u00e9dia num\u00e9rique tunisien fond\u00e9 en 2010, sp\u00e9cialis\u00e9 dans l\u2019actualit\u00e9 nationale et internationale, l\u2019\u00e9conomie, la soci\u00e9t\u00e9 et les analyses politiques. Le site s\u2019adresse \u00e0 un large public francophone et couvre l\u2019information tunisienne en temps r\u00e9el.\",\"email\":\"redac@webdo.tn\",\"legalName\":\"YNJ SARL\",\"foundingDate\":\"2010-09-06\",\"numberOfEmployees\":{\"@type\":\"QuantitativeValue\",\"minValue\":\"11\",\"maxValue\":\"50\"}},{\"@type\":\"Person\",\"@id\":\"https:\\\/\\\/www.webdo.tn\\\/fr\\\/#\\\/schema\\\/person\\\/b9ecde7a5574cb4fcf4b496ea5fadb15\",\"name\":\"Wided Belhaj\",\"image\":{\"@type\":\"ImageObject\",\"inLanguage\":\"fr-FR\",\"@id\":\"https:\\\/\\\/www.webdo.tn\\\/fr\\\/wp-content\\\/uploads\\\/2026\\\/04\\\/wided-belhaj_avatar-96x96.jpg\",\"url\":\"https:\\\/\\\/www.webdo.tn\\\/fr\\\/wp-content\\\/uploads\\\/2026\\\/04\\\/wided-belhaj_avatar-96x96.jpg\",\"contentUrl\":\"https:\\\/\\\/www.webdo.tn\\\/fr\\\/wp-content\\\/uploads\\\/2026\\\/04\\\/wided-belhaj_avatar-96x96.jpg\",\"caption\":\"Wided Belhaj\"},\"description\":\"Wided Belhaj est le pseudonyme \u00e9ditorial utilis\u00e9 par Khalil Jelassi, journaliste, ma\u00eetre-assistant \u00e0 l\u2019Institut de presse et des sciences de l\u2019information (IPSI) et chercheur en sciences de l\u2019information et de la communication. Cette signature est d\u00e9di\u00e9e \u00e0 l\u2019analyse des m\u00e9dias, des pratiques journalistiques et des mutations de l\u2019information \u00e0 l\u2019\u00e8re digitale. \u00c0 travers ses contributions, Wided Belhaj propose une lecture analytique de l\u2019actualit\u00e9, en croisant regard critique et expertise acad\u00e9mique.\",\"knowsAbout\":[\"m\u00e9dias\",\"journalisme\",\"communication\",\"information\",\"transformation num\u00e9rique\",\"analyse des m\u00e9dias\"],\"knowsLanguage\":[\"Fran\u00e7ais\",\"Arabe\"],\"jobTitle\":\"Webdo.tn\",\"worksFor\":\"Journaliste \u2013 Analyse des m\u00e9dias\",\"url\":\"https:\\\/\\\/www.webdo.tn\\\/fr\\\/actualite\\\/author\\\/wided-belhaj\\\/\"}]}<\/script>\n<!-- \/ Yoast SEO Premium plugin. -->","yoast_head_json":{"title":"Affaire Abdelkader Dhibi : L\u2019Ordre des avocats saisit la justice fran\u00e7aise - webdo","description":"D\u00e9couvrez comment les avocats tunisiens s'engagent \u00e0 d\u00e9fendre les droits des h\u00e9ritiers dans l'affaire Abdelkader Dhibi.","canonical":"https:\/\/www.webdo.tn\/fr\/actualite\/national\/affaire-abdelkader-dhibi-lordre-des-avocats-saisit-la-justice-francaise\/383019\/","og_locale":"fr_FR","og_type":"article","og_title":"Affaire Abdelkader Dhibi : L\u2019Ordre des avocats saisit la justice fran\u00e7aise","og_description":"D\u00e9couvrez comment les avocats tunisiens s'engagent \u00e0 d\u00e9fendre les droits des h\u00e9ritiers dans l'affaire Abdelkader Dhibi.","og_url":"https:\/\/www.webdo.tn\/fr\/actualite\/national\/affaire-abdelkader-dhibi-lordre-des-avocats-saisit-la-justice-francaise\/383019\/","og_site_name":"webdo","article_publisher":"https:\/\/www.facebook.com\/webdotn","article_published_time":"2025-09-08T09:03:14+00:00","article_modified_time":"2025-09-08T13:52:08+00:00","og_image":[{"width":680,"height":400,"url":"https:\/\/www.webdo.tn\/fr\/wp-content\/uploads\/2025\/06\/avocat_137008.jpg","type":"image\/jpeg"}],"author":"Wided Belhaj","twitter_card":"summary_large_image","twitter_creator":"@webdo_tn","twitter_site":"@webdo_tn","twitter_misc":{"\u00c9crit par":"Wided Belhaj","Dur\u00e9e de lecture estim\u00e9e":"2 minutes"},"schema":{"@context":"https:\/\/schema.org","@graph":[{"@type":"NewsArticle","@id":"https:\/\/www.webdo.tn\/fr\/actualite\/national\/affaire-abdelkader-dhibi-lordre-des-avocats-saisit-la-justice-francaise\/383019\/#article","isPartOf":{"@id":"https:\/\/www.webdo.tn\/fr\/actualite\/national\/affaire-abdelkader-dhibi-lordre-des-avocats-saisit-la-justice-francaise\/383019\/"},"author":{"name":"Wided Belhaj","@id":"https:\/\/www.webdo.tn\/fr\/#\/schema\/person\/b9ecde7a5574cb4fcf4b496ea5fadb15"},"headline":"Affaire Abdelkader Dhibi : L\u2019Ordre des avocats saisit la justice fran\u00e7aise","datePublished":"2025-09-08T09:03:14+00:00","dateModified":"2025-09-08T13:52:08+00:00","mainEntityOfPage":{"@id":"https:\/\/www.webdo.tn\/fr\/actualite\/national\/affaire-abdelkader-dhibi-lordre-des-avocats-saisit-la-justice-francaise\/383019\/"},"wordCount":290,"publisher":{"@id":"https:\/\/www.webdo.tn\/fr\/#organization"},"image":{"@id":"https:\/\/www.webdo.tn\/fr\/actualite\/national\/affaire-abdelkader-dhibi-lordre-des-avocats-saisit-la-justice-francaise\/383019\/#primaryimage"},"thumbnailUrl":"https:\/\/www.webdo.tn\/fr\/wp-content\/uploads\/2025\/06\/avocat_137008.jpg","keywords":["avocats","marseille","Tunisie"],"articleSection":["National"],"inLanguage":"fr-FR"},{"@type":"WebPage","@id":"https:\/\/www.webdo.tn\/fr\/actualite\/national\/affaire-abdelkader-dhibi-lordre-des-avocats-saisit-la-justice-francaise\/383019\/","url":"https:\/\/www.webdo.tn\/fr\/actualite\/national\/affaire-abdelkader-dhibi-lordre-des-avocats-saisit-la-justice-francaise\/383019\/","name":"Affaire Abdelkader Dhibi : L\u2019Ordre des avocats saisit la justice fran\u00e7aise - webdo","isPartOf":{"@id":"https:\/\/www.webdo.tn\/fr\/#website"},"primaryImageOfPage":{"@id":"https:\/\/www.webdo.tn\/fr\/actualite\/national\/affaire-abdelkader-dhibi-lordre-des-avocats-saisit-la-justice-francaise\/383019\/#primaryimage"},"image":{"@id":"https:\/\/www.webdo.tn\/fr\/actualite\/national\/affaire-abdelkader-dhibi-lordre-des-avocats-saisit-la-justice-francaise\/383019\/#primaryimage"},"thumbnailUrl":"https:\/\/www.webdo.tn\/fr\/wp-content\/uploads\/2025\/06\/avocat_137008.jpg","datePublished":"2025-09-08T09:03:14+00:00","dateModified":"2025-09-08T13:52:08+00:00","description":"D\u00e9couvrez comment les avocats tunisiens s'engagent \u00e0 d\u00e9fendre les droits des h\u00e9ritiers dans l'affaire Abdelkader Dhibi.","breadcrumb":{"@id":"https:\/\/www.webdo.tn\/fr\/actualite\/national\/affaire-abdelkader-dhibi-lordre-des-avocats-saisit-la-justice-francaise\/383019\/#breadcrumb"},"inLanguage":"fr-FR","potentialAction":[{"@type":"ReadAction","target":["https:\/\/www.webdo.tn\/fr\/actualite\/national\/affaire-abdelkader-dhibi-lordre-des-avocats-saisit-la-justice-francaise\/383019\/"]}]},{"@type":"ImageObject","inLanguage":"fr-FR","@id":"https:\/\/www.webdo.tn\/fr\/actualite\/national\/affaire-abdelkader-dhibi-lordre-des-avocats-saisit-la-justice-francaise\/383019\/#primaryimage","url":"https:\/\/www.webdo.tn\/fr\/wp-content\/uploads\/2025\/06\/avocat_137008.jpg","contentUrl":"https:\/\/www.webdo.tn\/fr\/wp-content\/uploads\/2025\/06\/avocat_137008.jpg","width":680,"height":400,"caption":"Ibrahim Bouderbala : \"La majorit\u00e9 des avocats souffre !\""},{"@type":"BreadcrumbList","@id":"https:\/\/www.webdo.tn\/fr\/actualite\/national\/affaire-abdelkader-dhibi-lordre-des-avocats-saisit-la-justice-francaise\/383019\/#breadcrumb","itemListElement":[{"@type":"ListItem","position":1,"name":"Accueil","item":"https:\/\/www.webdo.tn\/fr\/"},{"@type":"ListItem","position":2,"name":"Affaire Abdelkader Dhibi : L\u2019Ordre des avocats saisit la justice fran\u00e7aise"}]},{"@type":"WebSite","@id":"https:\/\/www.webdo.tn\/fr\/#website","url":"https:\/\/www.webdo.tn\/fr\/","name":"webdo","description":"Tunisie - News en Tunisie et \u00e0 l&#039;international sur Webdo.tn","publisher":{"@id":"https:\/\/www.webdo.tn\/fr\/#organization"},"potentialAction":[{"@type":"SearchAction","target":{"@type":"EntryPoint","urlTemplate":"https:\/\/www.webdo.tn\/fr\/?s={search_term_string}"},"query-input":{"@type":"PropertyValueSpecification","valueRequired":true,"valueName":"search_term_string"}}],"inLanguage":"fr-FR"},{"@type":"Organization","@id":"https:\/\/www.webdo.tn\/fr\/#organization","name":"Webdo","alternateName":"Webdo.tn","url":"https:\/\/www.webdo.tn\/fr\/","logo":{"@type":"ImageObject","inLanguage":"fr-FR","@id":"https:\/\/www.webdo.tn\/fr\/#\/schema\/logo\/image\/","url":"https:\/\/www.webdo.tn\/fr\/wp-content\/uploads\/2025\/06\/Webdo-Tunisie_168377.jpg","contentUrl":"https:\/\/www.webdo.tn\/fr\/wp-content\/uploads\/2025\/06\/Webdo-Tunisie_168377.jpg","width":301,"height":301,"caption":"Webdo"},"image":{"@id":"https:\/\/www.webdo.tn\/fr\/#\/schema\/logo\/image\/"},"sameAs":["https:\/\/www.facebook.com\/webdotn","https:\/\/x.com\/webdo_tn"],"description":"Webdo est un m\u00e9dia num\u00e9rique tunisien fond\u00e9 en 2010, sp\u00e9cialis\u00e9 dans l\u2019actualit\u00e9 nationale et internationale, l\u2019\u00e9conomie, la soci\u00e9t\u00e9 et les analyses politiques. Le site s\u2019adresse \u00e0 un large public francophone et couvre l\u2019information tunisienne en temps r\u00e9el.","email":"redac@webdo.tn","legalName":"YNJ SARL","foundingDate":"2010-09-06","numberOfEmployees":{"@type":"QuantitativeValue","minValue":"11","maxValue":"50"}},{"@type":"Person","@id":"https:\/\/www.webdo.tn\/fr\/#\/schema\/person\/b9ecde7a5574cb4fcf4b496ea5fadb15","name":"Wided Belhaj","image":{"@type":"ImageObject","inLanguage":"fr-FR","@id":"https:\/\/www.webdo.tn\/fr\/wp-content\/uploads\/2026\/04\/wided-belhaj_avatar-96x96.jpg","url":"https:\/\/www.webdo.tn\/fr\/wp-content\/uploads\/2026\/04\/wided-belhaj_avatar-96x96.jpg","contentUrl":"https:\/\/www.webdo.tn\/fr\/wp-content\/uploads\/2026\/04\/wided-belhaj_avatar-96x96.jpg","caption":"Wided Belhaj"},"description":"Wided Belhaj est le pseudonyme \u00e9ditorial utilis\u00e9 par Khalil Jelassi, journaliste, ma\u00eetre-assistant \u00e0 l\u2019Institut de presse et des sciences de l\u2019information (IPSI) et chercheur en sciences de l\u2019information et de la communication. Cette signature est d\u00e9di\u00e9e \u00e0 l\u2019analyse des m\u00e9dias, des pratiques journalistiques et des mutations de l\u2019information \u00e0 l\u2019\u00e8re digitale. \u00c0 travers ses contributions, Wided Belhaj propose une lecture analytique de l\u2019actualit\u00e9, en croisant regard critique et expertise acad\u00e9mique.","knowsAbout":["m\u00e9dias","journalisme","communication","information","transformation num\u00e9rique","analyse des m\u00e9dias"],"knowsLanguage":["Fran\u00e7ais","Arabe"],"jobTitle":"Webdo.tn","worksFor":"Journaliste \u2013 Analyse des m\u00e9dias","url":"https:\/\/www.webdo.tn\/fr\/actualite\/author\/wided-belhaj\/"}]}},"_links":{"self":[{"href":"https:\/\/www.webdo.tn\/fr\/wp-json\/wp\/v2\/posts\/383019","targetHints":{"allow":["GET"]}}],"collection":[{"href":"https:\/\/www.webdo.tn\/fr\/wp-json\/wp\/v2\/posts"}],"about":[{"href":"https:\/\/www.webdo.tn\/fr\/wp-json\/wp\/v2\/types\/post"}],"author":[{"embeddable":true,"href":"https:\/\/www.webdo.tn\/fr\/wp-json\/wp\/v2\/users\/3184"}],"replies":[{"embeddable":true,"href":"https:\/\/www.webdo.tn\/fr\/wp-json\/wp\/v2\/comments?post=383019"}],"version-history":[{"count":0,"href":"https:\/\/www.webdo.tn\/fr\/wp-json\/wp\/v2\/posts\/383019\/revisions"}],"wp:featuredmedia":[{"embeddable":true,"href":"https:\/\/www.webdo.tn\/fr\/wp-json\/wp\/v2\/media\/368220"}],"wp:attachment":[{"href":"https:\/\/www.webdo.tn\/fr\/wp-json\/wp\/v2\/media?parent=383019"}],"wp:term":[{"taxonomy":"category","embeddable":true,"href":"https:\/\/www.webdo.tn\/fr\/wp-json\/wp\/v2\/categories?post=383019"},{"taxonomy":"post_tag","embeddable":true,"href":"https:\/\/www.webdo.tn\/fr\/wp-json\/wp\/v2\/tags?post=383019"}],"curies":[{"name":"wp","href":"https:\/\/api.w.org\/{rel}","templated":true}]}}