{"id":382988,"date":"2025-09-08T07:39:58","date_gmt":"2025-09-08T06:39:58","guid":{"rendered":"https:\/\/www.webdo.tn\/fr\/?p=382988"},"modified":"2025-09-09T08:37:38","modified_gmt":"2025-09-09T07:37:38","slug":"edito-partis-politiques-tunisiens-fantomes-en-vacances-prolongees","status":"publish","type":"post","link":"https:\/\/www.webdo.tn\/fr\/actualite\/edito\/edito-partis-politiques-tunisiens-fantomes-en-vacances-prolongees\/382988\/","title":{"rendered":"Edito : Partis politiques tunisiens&#8230;  fant\u00f4mes en vacances prolong\u00e9es !"},"content":{"rendered":"\n<p><em>Il fut un temps, pas si lointain, o\u00f9 la Tunisie vibrait au rythme des sigles, des congr\u00e8s et des programmes. Apr\u00e8s la r\u00e9volution de 2011, le pays avait assist\u00e9 \u00e0 une <strong>explosion de l\u2019activit\u00e9 partisane<\/strong>, comme une revanche sur des d\u00e9cennies de monopole politique. Les partis fleurissaient par dizaines, parfois par centaines, traduisant un besoin urgent d\u2019expression, de repr\u00e9sentation et de recomposition du champ politique.<\/em><\/p>\n\n\n\n<p>Mais, pr\u00e8s de quinze ans plus tard, le paysage est m\u00e9connaissable. <strong>Les \u00e9v\u00e9nements du 25 juillet 2021<\/strong> ont agi comme un s\u00e9isme. Depuis, les partis semblent frapp\u00e9s de mutisme, incapables de dig\u00e9rer le changement de r\u00e9gime politique, t\u00e9tanis\u00e9s face \u00e0 une nouvelle donne qui ne leur laisse que peu de marges de man\u0153uvre. Le vide qu\u2019ils laissent est flagrant : plus de mobilisation de terrain, plus de relais aupr\u00e8s des citoyens, plus de d\u00e9bat national structur\u00e9.<\/p>\n\n\n\n<p>Cette quasi-absence n\u2019est pas seulement conjoncturelle. Elle r\u00e9v\u00e8le, en profondeur, une <strong>faiblesse constitutive<\/strong>. Beaucoup de ces formations n\u2019ont jamais \u00e9t\u00e9 de v\u00e9ritables partis au sens plein du terme : dot\u00e9s d\u2019une organisation p\u00e9renne, d\u2019une vie interne structur\u00e9e, d\u2019une vision programmatique claire. Trop souvent, elles se sont r\u00e9duites \u00e0 l\u2019ombre d\u2019un chef, \u00e0 une coalition de personnalit\u00e9s, \u00e0 un appareil sans base ni continuit\u00e9.<\/p>\n\n\n\n<p>Aujourd\u2019hui, ce d\u00e9ficit se paie cash. Au lieu de s\u2019imposer comme contre-pouvoirs ou force de proposition, les partis ont sombr\u00e9 dans l\u2019invisibilit\u00e9. Leur incapacit\u00e9 \u00e0 s\u2019adapter \u00e0 la nouvelle r\u00e9alit\u00e9 politique t\u00e9moigne d\u2019une crise de maturit\u00e9. <\/p>\n\n\n\n<p>La disparition quasi compl\u00e8te des partis du paysage national pose une question lourde : <strong>quelle place reste-t-il pour la m\u00e9diation politique en Tunisie ?<\/strong> Sans partis solides, enracin\u00e9s et capables d\u2019incarner la diversit\u00e9 de la soci\u00e9t\u00e9, le risque est grand de voir la vie publique r\u00e9duite \u00e0 une relation directe, verticale, entre l\u2019\u00c9tat et l\u2019individu, sans espace de d\u00e9bat, de compromis ni de r\u00e9gulation collective.<\/p>\n\n\n\n<p>L\u2019histoire retiendra que la r\u00e9volution avait ouvert une br\u00e8che, mais que les partis n\u2019ont pas su l\u2019\u00e9largir. Leurs silences actuels sont autant de preuves de leur fragilit\u00e9.<\/p>\n","protected":false},"excerpt":{"rendered":"<p>Il fut un temps, pas si lointain, o\u00f9 la Tunisie vibrait au rythme des sigles, des congr\u00e8s et des programmes. Apr\u00e8s la r\u00e9volution de 2011, le pays avait assist\u00e9 \u00e0 une explosion de l\u2019activit\u00e9 partisane, comme une revanche sur des d\u00e9cennies de monopole politique. Les partis fleurissaient par dizaines, parfois par centaines, traduisant un besoin [&hellip;]<\/p>\n","protected":false},"author":3204,"featured_media":382989,"comment_status":"closed","ping_status":"closed","sticky":false,"template":"","format":"standard","meta":{"footnotes":""},"categories":[2589,44],"tags":[6080,3221,2608],"class_list":["post-382988","post","type-post","status-publish","format-standard","has-post-thumbnail","hentry","category-edito","category-national","tag-25-juillet","tag-partis-politiques","tag-tunisie"],"yoast_head":"<!-- This site is optimized with the Yoast SEO Premium plugin v27.4 (Yoast SEO v27.5) - https:\/\/yoast.com\/product\/yoast-seo-premium-wordpress\/ -->\n<title>Edito : Partis politiques tunisiens... fant\u00f4mes en vacances prolong\u00e9es ! - webdo<\/title>\n<meta name=\"description\" content=\"D\u00e9couvrez l&#039;\u00e9volution des partis politiques en Tunisie depuis la r\u00e9volution de 2011 et leur impact sur la sc\u00e8ne politique actuelle.\" \/>\n<link rel=\"canonical\" href=\"https:\/\/www.webdo.tn\/fr\/actualite\/national\/edito-partis-politiques-tunisiens-fantomes-en-vacances-prolongees\/382988\/\" \/>\n<meta property=\"og:locale\" content=\"fr_FR\" \/>\n<meta property=\"og:type\" content=\"article\" \/>\n<meta property=\"og:title\" content=\"Edito : Partis politiques tunisiens... fant\u00f4mes en vacances prolong\u00e9es !\" \/>\n<meta property=\"og:description\" content=\"D\u00e9couvrez l&#039;\u00e9volution des partis politiques en Tunisie depuis la r\u00e9volution de 2011 et leur impact sur la sc\u00e8ne politique actuelle.\" \/>\n<meta property=\"og:url\" content=\"https:\/\/www.webdo.tn\/fr\/actualite\/national\/edito-partis-politiques-tunisiens-fantomes-en-vacances-prolongees\/382988\/\" \/>\n<meta property=\"og:site_name\" content=\"webdo\" \/>\n<meta property=\"article:publisher\" content=\"https:\/\/www.facebook.com\/webdotn\" \/>\n<meta property=\"article:author\" content=\"https:\/\/www.facebook.com\/khalil.jelassi.7\" \/>\n<meta property=\"article:published_time\" content=\"2025-09-08T06:39:58+00:00\" \/>\n<meta property=\"article:modified_time\" content=\"2025-09-09T07:37:38+00:00\" \/>\n<meta property=\"og:image\" content=\"https:\/\/www.webdo.tn\/fr\/wp-content\/uploads\/2025\/09\/allo.webp\" \/>\n\t<meta property=\"og:image:width\" content=\"1242\" \/>\n\t<meta property=\"og:image:height\" content=\"832\" \/>\n\t<meta property=\"og:image:type\" content=\"image\/webp\" \/>\n<meta name=\"author\" content=\"Khalil JELASSI\" \/>\n<meta name=\"twitter:card\" content=\"summary_large_image\" \/>\n<meta name=\"twitter:creator\" content=\"@webdo_tn\" \/>\n<meta name=\"twitter:site\" content=\"@webdo_tn\" \/>\n<meta name=\"twitter:label1\" content=\"\u00c9crit par\" \/>\n\t<meta name=\"twitter:data1\" content=\"Khalil JELASSI\" \/>\n\t<meta name=\"twitter:label2\" content=\"Dur\u00e9e de lecture estim\u00e9e\" \/>\n\t<meta name=\"twitter:data2\" content=\"2 minutes\" \/>\n<script type=\"application\/ld+json\" class=\"yoast-schema-graph\">{\"@context\":\"https:\\\/\\\/schema.org\",\"@graph\":[{\"@type\":\"NewsArticle\",\"@id\":\"https:\\\/\\\/www.webdo.tn\\\/fr\\\/actualite\\\/national\\\/edito-partis-politiques-tunisiens-fantomes-en-vacances-prolongees\\\/382988\\\/#article\",\"isPartOf\":{\"@id\":\"https:\\\/\\\/www.webdo.tn\\\/fr\\\/actualite\\\/national\\\/edito-partis-politiques-tunisiens-fantomes-en-vacances-prolongees\\\/382988\\\/\"},\"author\":{\"name\":\"Khalil JELASSI\",\"@id\":\"https:\\\/\\\/www.webdo.tn\\\/fr\\\/#\\\/schema\\\/person\\\/5fb2f8f3d4ef4fd1d129927fd4b020ff\"},\"headline\":\"Edito : Partis politiques tunisiens&#8230; fant\u00f4mes en vacances prolong\u00e9es !\",\"datePublished\":\"2025-09-08T06:39:58+00:00\",\"dateModified\":\"2025-09-09T07:37:38+00:00\",\"mainEntityOfPage\":{\"@id\":\"https:\\\/\\\/www.webdo.tn\\\/fr\\\/actualite\\\/national\\\/edito-partis-politiques-tunisiens-fantomes-en-vacances-prolongees\\\/382988\\\/\"},\"wordCount\":385,\"publisher\":{\"@id\":\"https:\\\/\\\/www.webdo.tn\\\/fr\\\/#organization\"},\"image\":{\"@id\":\"https:\\\/\\\/www.webdo.tn\\\/fr\\\/actualite\\\/national\\\/edito-partis-politiques-tunisiens-fantomes-en-vacances-prolongees\\\/382988\\\/#primaryimage\"},\"thumbnailUrl\":\"https:\\\/\\\/www.webdo.tn\\\/fr\\\/wp-content\\\/uploads\\\/2025\\\/09\\\/allo.webp\",\"keywords\":[\"25 juillet\",\"partis politiques\",\"Tunisie\"],\"articleSection\":[\"Edito\",\"National\"],\"inLanguage\":\"fr-FR\"},{\"@type\":\"WebPage\",\"@id\":\"https:\\\/\\\/www.webdo.tn\\\/fr\\\/actualite\\\/national\\\/edito-partis-politiques-tunisiens-fantomes-en-vacances-prolongees\\\/382988\\\/\",\"url\":\"https:\\\/\\\/www.webdo.tn\\\/fr\\\/actualite\\\/national\\\/edito-partis-politiques-tunisiens-fantomes-en-vacances-prolongees\\\/382988\\\/\",\"name\":\"Edito : Partis politiques tunisiens... fant\u00f4mes en vacances prolong\u00e9es ! - webdo\",\"isPartOf\":{\"@id\":\"https:\\\/\\\/www.webdo.tn\\\/fr\\\/#website\"},\"primaryImageOfPage\":{\"@id\":\"https:\\\/\\\/www.webdo.tn\\\/fr\\\/actualite\\\/national\\\/edito-partis-politiques-tunisiens-fantomes-en-vacances-prolongees\\\/382988\\\/#primaryimage\"},\"image\":{\"@id\":\"https:\\\/\\\/www.webdo.tn\\\/fr\\\/actualite\\\/national\\\/edito-partis-politiques-tunisiens-fantomes-en-vacances-prolongees\\\/382988\\\/#primaryimage\"},\"thumbnailUrl\":\"https:\\\/\\\/www.webdo.tn\\\/fr\\\/wp-content\\\/uploads\\\/2025\\\/09\\\/allo.webp\",\"datePublished\":\"2025-09-08T06:39:58+00:00\",\"dateModified\":\"2025-09-09T07:37:38+00:00\",\"description\":\"D\u00e9couvrez l'\u00e9volution des partis politiques en Tunisie depuis la r\u00e9volution de 2011 et leur impact sur la sc\u00e8ne politique actuelle.\",\"breadcrumb\":{\"@id\":\"https:\\\/\\\/www.webdo.tn\\\/fr\\\/actualite\\\/national\\\/edito-partis-politiques-tunisiens-fantomes-en-vacances-prolongees\\\/382988\\\/#breadcrumb\"},\"inLanguage\":\"fr-FR\",\"potentialAction\":[{\"@type\":\"ReadAction\",\"target\":[\"https:\\\/\\\/www.webdo.tn\\\/fr\\\/actualite\\\/national\\\/edito-partis-politiques-tunisiens-fantomes-en-vacances-prolongees\\\/382988\\\/\"]}]},{\"@type\":\"ImageObject\",\"inLanguage\":\"fr-FR\",\"@id\":\"https:\\\/\\\/www.webdo.tn\\\/fr\\\/actualite\\\/national\\\/edito-partis-politiques-tunisiens-fantomes-en-vacances-prolongees\\\/382988\\\/#primaryimage\",\"url\":\"https:\\\/\\\/www.webdo.tn\\\/fr\\\/wp-content\\\/uploads\\\/2025\\\/09\\\/allo.webp\",\"contentUrl\":\"https:\\\/\\\/www.webdo.tn\\\/fr\\\/wp-content\\\/uploads\\\/2025\\\/09\\\/allo.webp\",\"width\":1242,\"height\":832},{\"@type\":\"BreadcrumbList\",\"@id\":\"https:\\\/\\\/www.webdo.tn\\\/fr\\\/actualite\\\/national\\\/edito-partis-politiques-tunisiens-fantomes-en-vacances-prolongees\\\/382988\\\/#breadcrumb\",\"itemListElement\":[{\"@type\":\"ListItem\",\"position\":1,\"name\":\"Accueil\",\"item\":\"https:\\\/\\\/www.webdo.tn\\\/fr\\\/\"},{\"@type\":\"ListItem\",\"position\":2,\"name\":\"Edito : Partis politiques tunisiens&#8230; fant\u00f4mes en vacances prolong\u00e9es !\"}]},{\"@type\":\"WebSite\",\"@id\":\"https:\\\/\\\/www.webdo.tn\\\/fr\\\/#website\",\"url\":\"https:\\\/\\\/www.webdo.tn\\\/fr\\\/\",\"name\":\"webdo\",\"description\":\"Tunisie - News en Tunisie et \u00e0 l&#039;international sur Webdo.tn\",\"publisher\":{\"@id\":\"https:\\\/\\\/www.webdo.tn\\\/fr\\\/#organization\"},\"potentialAction\":[{\"@type\":\"SearchAction\",\"target\":{\"@type\":\"EntryPoint\",\"urlTemplate\":\"https:\\\/\\\/www.webdo.tn\\\/fr\\\/?s={search_term_string}\"},\"query-input\":{\"@type\":\"PropertyValueSpecification\",\"valueRequired\":true,\"valueName\":\"search_term_string\"}}],\"inLanguage\":\"fr-FR\"},{\"@type\":\"Organization\",\"@id\":\"https:\\\/\\\/www.webdo.tn\\\/fr\\\/#organization\",\"name\":\"Webdo\",\"alternateName\":\"Webdo.tn\",\"url\":\"https:\\\/\\\/www.webdo.tn\\\/fr\\\/\",\"logo\":{\"@type\":\"ImageObject\",\"inLanguage\":\"fr-FR\",\"@id\":\"https:\\\/\\\/www.webdo.tn\\\/fr\\\/#\\\/schema\\\/logo\\\/image\\\/\",\"url\":\"https:\\\/\\\/www.webdo.tn\\\/fr\\\/wp-content\\\/uploads\\\/2025\\\/06\\\/Webdo-Tunisie_168377.jpg\",\"contentUrl\":\"https:\\\/\\\/www.webdo.tn\\\/fr\\\/wp-content\\\/uploads\\\/2025\\\/06\\\/Webdo-Tunisie_168377.jpg\",\"width\":301,\"height\":301,\"caption\":\"Webdo\"},\"image\":{\"@id\":\"https:\\\/\\\/www.webdo.tn\\\/fr\\\/#\\\/schema\\\/logo\\\/image\\\/\"},\"sameAs\":[\"https:\\\/\\\/www.facebook.com\\\/webdotn\",\"https:\\\/\\\/x.com\\\/webdo_tn\"],\"description\":\"Webdo est un m\u00e9dia num\u00e9rique tunisien fond\u00e9 en 2010, sp\u00e9cialis\u00e9 dans l\u2019actualit\u00e9 nationale et internationale, l\u2019\u00e9conomie, la soci\u00e9t\u00e9 et les analyses politiques. Le site s\u2019adresse \u00e0 un large public francophone et couvre l\u2019information tunisienne en temps r\u00e9el.\",\"email\":\"redac@webdo.tn\",\"legalName\":\"YNJ SARL\",\"foundingDate\":\"2010-09-06\",\"numberOfEmployees\":{\"@type\":\"QuantitativeValue\",\"minValue\":\"11\",\"maxValue\":\"50\"}},{\"@type\":\"Person\",\"@id\":\"https:\\\/\\\/www.webdo.tn\\\/fr\\\/#\\\/schema\\\/person\\\/5fb2f8f3d4ef4fd1d129927fd4b020ff\",\"name\":\"Khalil JELASSI\",\"image\":{\"@type\":\"ImageObject\",\"inLanguage\":\"fr-FR\",\"@id\":\"https:\\\/\\\/www.webdo.tn\\\/fr\\\/wp-content\\\/uploads\\\/2026\\\/04\\\/khalil-jelassi_avatar-96x96.jpg\",\"url\":\"https:\\\/\\\/www.webdo.tn\\\/fr\\\/wp-content\\\/uploads\\\/2026\\\/04\\\/khalil-jelassi_avatar-96x96.jpg\",\"contentUrl\":\"https:\\\/\\\/www.webdo.tn\\\/fr\\\/wp-content\\\/uploads\\\/2026\\\/04\\\/khalil-jelassi_avatar-96x96.jpg\",\"caption\":\"Khalil JELASSI\"},\"description\":\"Khalil Jelassi est journaliste, ma\u00eetre-assistant \u00e0 l\u2019Institut de presse et des sciences de l\u2019information (IPSI) et chercheur en sciences de l\u2019information et de la communication. Sp\u00e9cialiste des m\u00e9dias, des pratiques journalistiques et des mutations de l\u2019information, il s\u2019int\u00e9resse particuli\u00e8rement aux transformations du paysage m\u00e9diatique, aux enjeux num\u00e9riques et aux dynamiques de production de l\u2019information. \u00c0 travers ses contributions, il propose une lecture analytique de l\u2019actualit\u00e9, en croisant approche acad\u00e9mique et exp\u00e9rience journalistique. \ud83d\udd17 Facebook : https:\\\/\\\/www.facebook.com\\\/khalil.jelassi.7\",\"sameAs\":[\"https:\\\/\\\/www.facebook.com\\\/khalil.jelassi.7\"],\"knowsAbout\":[\"journalisme\",\"m\u00e9dias\",\"communication\",\"sciences de l'information\",\"transformation num\u00e9rique\",\"analyse des m\u00e9dias\"],\"knowsLanguage\":[\"Fran\u00e7ais\",\"Arabe\",\"Anglais\"],\"jobTitle\":\"Ma\u00eetre-assistant et journaliste\",\"worksFor\":\"IPSI \u2013 Institut de presse et des sciences de l'information\",\"url\":\"https:\\\/\\\/www.webdo.tn\\\/fr\\\/actualite\\\/author\\\/khalil-jelassi\\\/\"}]}<\/script>\n<!-- \/ Yoast SEO Premium plugin. -->","yoast_head_json":{"title":"Edito : Partis politiques tunisiens... fant\u00f4mes en vacances prolong\u00e9es ! - webdo","description":"D\u00e9couvrez l'\u00e9volution des partis politiques en Tunisie depuis la r\u00e9volution de 2011 et leur impact sur la sc\u00e8ne politique actuelle.","canonical":"https:\/\/www.webdo.tn\/fr\/actualite\/national\/edito-partis-politiques-tunisiens-fantomes-en-vacances-prolongees\/382988\/","og_locale":"fr_FR","og_type":"article","og_title":"Edito : Partis politiques tunisiens... fant\u00f4mes en vacances prolong\u00e9es !","og_description":"D\u00e9couvrez l'\u00e9volution des partis politiques en Tunisie depuis la r\u00e9volution de 2011 et leur impact sur la sc\u00e8ne politique actuelle.","og_url":"https:\/\/www.webdo.tn\/fr\/actualite\/national\/edito-partis-politiques-tunisiens-fantomes-en-vacances-prolongees\/382988\/","og_site_name":"webdo","article_publisher":"https:\/\/www.facebook.com\/webdotn","article_author":"https:\/\/www.facebook.com\/khalil.jelassi.7","article_published_time":"2025-09-08T06:39:58+00:00","article_modified_time":"2025-09-09T07:37:38+00:00","og_image":[{"width":1242,"height":832,"url":"https:\/\/www.webdo.tn\/fr\/wp-content\/uploads\/2025\/09\/allo.webp","type":"image\/webp"}],"author":"Khalil JELASSI","twitter_card":"summary_large_image","twitter_creator":"@webdo_tn","twitter_site":"@webdo_tn","twitter_misc":{"\u00c9crit par":"Khalil JELASSI","Dur\u00e9e de lecture estim\u00e9e":"2 minutes"},"schema":{"@context":"https:\/\/schema.org","@graph":[{"@type":"NewsArticle","@id":"https:\/\/www.webdo.tn\/fr\/actualite\/national\/edito-partis-politiques-tunisiens-fantomes-en-vacances-prolongees\/382988\/#article","isPartOf":{"@id":"https:\/\/www.webdo.tn\/fr\/actualite\/national\/edito-partis-politiques-tunisiens-fantomes-en-vacances-prolongees\/382988\/"},"author":{"name":"Khalil JELASSI","@id":"https:\/\/www.webdo.tn\/fr\/#\/schema\/person\/5fb2f8f3d4ef4fd1d129927fd4b020ff"},"headline":"Edito : Partis politiques tunisiens&#8230; fant\u00f4mes en vacances prolong\u00e9es !","datePublished":"2025-09-08T06:39:58+00:00","dateModified":"2025-09-09T07:37:38+00:00","mainEntityOfPage":{"@id":"https:\/\/www.webdo.tn\/fr\/actualite\/national\/edito-partis-politiques-tunisiens-fantomes-en-vacances-prolongees\/382988\/"},"wordCount":385,"publisher":{"@id":"https:\/\/www.webdo.tn\/fr\/#organization"},"image":{"@id":"https:\/\/www.webdo.tn\/fr\/actualite\/national\/edito-partis-politiques-tunisiens-fantomes-en-vacances-prolongees\/382988\/#primaryimage"},"thumbnailUrl":"https:\/\/www.webdo.tn\/fr\/wp-content\/uploads\/2025\/09\/allo.webp","keywords":["25 juillet","partis politiques","Tunisie"],"articleSection":["Edito","National"],"inLanguage":"fr-FR"},{"@type":"WebPage","@id":"https:\/\/www.webdo.tn\/fr\/actualite\/national\/edito-partis-politiques-tunisiens-fantomes-en-vacances-prolongees\/382988\/","url":"https:\/\/www.webdo.tn\/fr\/actualite\/national\/edito-partis-politiques-tunisiens-fantomes-en-vacances-prolongees\/382988\/","name":"Edito : Partis politiques tunisiens... fant\u00f4mes en vacances prolong\u00e9es ! - webdo","isPartOf":{"@id":"https:\/\/www.webdo.tn\/fr\/#website"},"primaryImageOfPage":{"@id":"https:\/\/www.webdo.tn\/fr\/actualite\/national\/edito-partis-politiques-tunisiens-fantomes-en-vacances-prolongees\/382988\/#primaryimage"},"image":{"@id":"https:\/\/www.webdo.tn\/fr\/actualite\/national\/edito-partis-politiques-tunisiens-fantomes-en-vacances-prolongees\/382988\/#primaryimage"},"thumbnailUrl":"https:\/\/www.webdo.tn\/fr\/wp-content\/uploads\/2025\/09\/allo.webp","datePublished":"2025-09-08T06:39:58+00:00","dateModified":"2025-09-09T07:37:38+00:00","description":"D\u00e9couvrez l'\u00e9volution des partis politiques en Tunisie depuis la r\u00e9volution de 2011 et leur impact sur la sc\u00e8ne politique actuelle.","breadcrumb":{"@id":"https:\/\/www.webdo.tn\/fr\/actualite\/national\/edito-partis-politiques-tunisiens-fantomes-en-vacances-prolongees\/382988\/#breadcrumb"},"inLanguage":"fr-FR","potentialAction":[{"@type":"ReadAction","target":["https:\/\/www.webdo.tn\/fr\/actualite\/national\/edito-partis-politiques-tunisiens-fantomes-en-vacances-prolongees\/382988\/"]}]},{"@type":"ImageObject","inLanguage":"fr-FR","@id":"https:\/\/www.webdo.tn\/fr\/actualite\/national\/edito-partis-politiques-tunisiens-fantomes-en-vacances-prolongees\/382988\/#primaryimage","url":"https:\/\/www.webdo.tn\/fr\/wp-content\/uploads\/2025\/09\/allo.webp","contentUrl":"https:\/\/www.webdo.tn\/fr\/wp-content\/uploads\/2025\/09\/allo.webp","width":1242,"height":832},{"@type":"BreadcrumbList","@id":"https:\/\/www.webdo.tn\/fr\/actualite\/national\/edito-partis-politiques-tunisiens-fantomes-en-vacances-prolongees\/382988\/#breadcrumb","itemListElement":[{"@type":"ListItem","position":1,"name":"Accueil","item":"https:\/\/www.webdo.tn\/fr\/"},{"@type":"ListItem","position":2,"name":"Edito : Partis politiques tunisiens&#8230; fant\u00f4mes en vacances prolong\u00e9es !"}]},{"@type":"WebSite","@id":"https:\/\/www.webdo.tn\/fr\/#website","url":"https:\/\/www.webdo.tn\/fr\/","name":"webdo","description":"Tunisie - News en Tunisie et \u00e0 l&#039;international sur Webdo.tn","publisher":{"@id":"https:\/\/www.webdo.tn\/fr\/#organization"},"potentialAction":[{"@type":"SearchAction","target":{"@type":"EntryPoint","urlTemplate":"https:\/\/www.webdo.tn\/fr\/?s={search_term_string}"},"query-input":{"@type":"PropertyValueSpecification","valueRequired":true,"valueName":"search_term_string"}}],"inLanguage":"fr-FR"},{"@type":"Organization","@id":"https:\/\/www.webdo.tn\/fr\/#organization","name":"Webdo","alternateName":"Webdo.tn","url":"https:\/\/www.webdo.tn\/fr\/","logo":{"@type":"ImageObject","inLanguage":"fr-FR","@id":"https:\/\/www.webdo.tn\/fr\/#\/schema\/logo\/image\/","url":"https:\/\/www.webdo.tn\/fr\/wp-content\/uploads\/2025\/06\/Webdo-Tunisie_168377.jpg","contentUrl":"https:\/\/www.webdo.tn\/fr\/wp-content\/uploads\/2025\/06\/Webdo-Tunisie_168377.jpg","width":301,"height":301,"caption":"Webdo"},"image":{"@id":"https:\/\/www.webdo.tn\/fr\/#\/schema\/logo\/image\/"},"sameAs":["https:\/\/www.facebook.com\/webdotn","https:\/\/x.com\/webdo_tn"],"description":"Webdo est un m\u00e9dia num\u00e9rique tunisien fond\u00e9 en 2010, sp\u00e9cialis\u00e9 dans l\u2019actualit\u00e9 nationale et internationale, l\u2019\u00e9conomie, la soci\u00e9t\u00e9 et les analyses politiques. Le site s\u2019adresse \u00e0 un large public francophone et couvre l\u2019information tunisienne en temps r\u00e9el.","email":"redac@webdo.tn","legalName":"YNJ SARL","foundingDate":"2010-09-06","numberOfEmployees":{"@type":"QuantitativeValue","minValue":"11","maxValue":"50"}},{"@type":"Person","@id":"https:\/\/www.webdo.tn\/fr\/#\/schema\/person\/5fb2f8f3d4ef4fd1d129927fd4b020ff","name":"Khalil JELASSI","image":{"@type":"ImageObject","inLanguage":"fr-FR","@id":"https:\/\/www.webdo.tn\/fr\/wp-content\/uploads\/2026\/04\/khalil-jelassi_avatar-96x96.jpg","url":"https:\/\/www.webdo.tn\/fr\/wp-content\/uploads\/2026\/04\/khalil-jelassi_avatar-96x96.jpg","contentUrl":"https:\/\/www.webdo.tn\/fr\/wp-content\/uploads\/2026\/04\/khalil-jelassi_avatar-96x96.jpg","caption":"Khalil JELASSI"},"description":"Khalil Jelassi est journaliste, ma\u00eetre-assistant \u00e0 l\u2019Institut de presse et des sciences de l\u2019information (IPSI) et chercheur en sciences de l\u2019information et de la communication. Sp\u00e9cialiste des m\u00e9dias, des pratiques journalistiques et des mutations de l\u2019information, il s\u2019int\u00e9resse particuli\u00e8rement aux transformations du paysage m\u00e9diatique, aux enjeux num\u00e9riques et aux dynamiques de production de l\u2019information. \u00c0 travers ses contributions, il propose une lecture analytique de l\u2019actualit\u00e9, en croisant approche acad\u00e9mique et exp\u00e9rience journalistique. \ud83d\udd17 Facebook : https:\/\/www.facebook.com\/khalil.jelassi.7","sameAs":["https:\/\/www.facebook.com\/khalil.jelassi.7"],"knowsAbout":["journalisme","m\u00e9dias","communication","sciences de l'information","transformation num\u00e9rique","analyse des m\u00e9dias"],"knowsLanguage":["Fran\u00e7ais","Arabe","Anglais"],"jobTitle":"Ma\u00eetre-assistant et journaliste","worksFor":"IPSI \u2013 Institut de presse et des sciences de l'information","url":"https:\/\/www.webdo.tn\/fr\/actualite\/author\/khalil-jelassi\/"}]}},"_links":{"self":[{"href":"https:\/\/www.webdo.tn\/fr\/wp-json\/wp\/v2\/posts\/382988","targetHints":{"allow":["GET"]}}],"collection":[{"href":"https:\/\/www.webdo.tn\/fr\/wp-json\/wp\/v2\/posts"}],"about":[{"href":"https:\/\/www.webdo.tn\/fr\/wp-json\/wp\/v2\/types\/post"}],"author":[{"embeddable":true,"href":"https:\/\/www.webdo.tn\/fr\/wp-json\/wp\/v2\/users\/3204"}],"replies":[{"embeddable":true,"href":"https:\/\/www.webdo.tn\/fr\/wp-json\/wp\/v2\/comments?post=382988"}],"version-history":[{"count":0,"href":"https:\/\/www.webdo.tn\/fr\/wp-json\/wp\/v2\/posts\/382988\/revisions"}],"wp:featuredmedia":[{"embeddable":true,"href":"https:\/\/www.webdo.tn\/fr\/wp-json\/wp\/v2\/media\/382989"}],"wp:attachment":[{"href":"https:\/\/www.webdo.tn\/fr\/wp-json\/wp\/v2\/media?parent=382988"}],"wp:term":[{"taxonomy":"category","embeddable":true,"href":"https:\/\/www.webdo.tn\/fr\/wp-json\/wp\/v2\/categories?post=382988"},{"taxonomy":"post_tag","embeddable":true,"href":"https:\/\/www.webdo.tn\/fr\/wp-json\/wp\/v2\/tags?post=382988"}],"curies":[{"name":"wp","href":"https:\/\/api.w.org\/{rel}","templated":true}]}}