{"id":382976,"date":"2025-09-07T20:00:38","date_gmt":"2025-09-07T19:00:38","guid":{"rendered":"https:\/\/www.webdo.tn\/fr\/?p=382976"},"modified":"2025-09-07T20:00:48","modified_gmt":"2025-09-07T19:00:48","slug":"el-gouna-2025-cinq-films-egyptiens-selectionnes","status":"publish","type":"post","link":"https:\/\/www.webdo.tn\/fr\/actualite\/culture\/el-gouna-2025-cinq-films-egyptiens-selectionnes\/382976\/","title":{"rendered":"El Gouna 2025 &#8211; Cinq films \u00e9gyptiens s\u00e9lectionn\u00e9s"},"content":{"rendered":"\n<p>Depuis sa cr\u00e9ation, le Festival de cin\u00e9ma d\u2019El Gouna (GFF) s\u2019est impos\u00e9 comme l\u2019un des rendez-vous majeurs pour le cin\u00e9ma arabe. \u00c0 la fois vitrine internationale et espace de travail, il offre aux cin\u00e9astes la possibilit\u00e9 de pr\u00e9senter leurs films mais aussi de d\u00e9velopper leurs projets gr\u00e2ce \u00e0 CineGouna, sa plateforme d\u00e9di\u00e9e. Pour cette 8\u1d49 \u00e9dition, <a href=\"https:\/\/www.webdo.tn\/fr\/actualite\/culture\/le-festival-du-film-d-el-gouna-annonce-les-dates-de-sa-8eme-edition\/219229\/\">qui se tiendra du 16 au 24 octobre 2025<\/a>, le festival a d\u00e9voil\u00e9 une s\u00e9lection \u00e9gyptienne vari\u00e9e qui refl\u00e8te plusieurs tendances : l\u2019\u00e9mergence de jeunes auteurs qui signent leurs premiers longs-m\u00e9trages, le retour de r\u00e9alisateurs d\u00e9j\u00e0 remarqu\u00e9s sur la sc\u00e8ne internationale, et la volont\u00e9 de maintenir un \u00e9quilibre entre fiction et documentaire.<\/p>\n\n\n\n<p><strong>Mohamed Siam et le passage \u00e0 la fiction<\/strong><\/p>\n\n\n\n<p>Parmi les films en comp\u00e9tition, <em>My Father\u2019s Scent<\/em> marque un tournant dans la carri\u00e8re de Mohamed Siam. Le cin\u00e9aste s\u2019est fait conna\u00eetre par ses documentaires&nbsp;: <em>Whose Country?<\/em>, s\u00e9lectionn\u00e9 \u00e0 l\u2019IDFA, et <em>Amal<\/em>, pr\u00e9sent\u00e9 \u00e0 Locarno et prim\u00e9 \u00e0 Thessalonique et aux Journ\u00e9es Cin\u00e9matographiques de Carthage. Dans ses \u0153uvres pr\u00e9c\u00e9dentes, il explorait souvent la jeunesse, la famille ou les rapports de pouvoir \u00e0 travers des r\u00e9cits ancr\u00e9s dans la soci\u00e9t\u00e9 \u00e9gyptienne contemporaine. Avec <em>My Father\u2019s Scent<\/em>, il passe pour la premi\u00e8re fois \u00e0 la fiction, tout en restant fid\u00e8le \u00e0 ses th\u00e9matiques : le film met en sc\u00e8ne une relation p\u00e8re-fils travers\u00e9e par des rancunes accumul\u00e9es et une nuit de r\u00e9v\u00e9lations.<\/p>\n\n\n\n<p>Le choix de Kamel El Basha, Lion d\u2019or de Venise en 2017 pour <em><a href=\"https:\/\/www.webdo.tn\/fr\/actualite\/culture\/festival-film-del-gouna-linsulte\/199681\/\">The Insult de Ziad Doueiri<\/a><\/em>, et d\u2019Ahmed Malek, jeune acteur \u00e9gyptien dont la carri\u00e8re prend une dimension internationale (<em><a href=\"https:\/\/www.webdo.tn\/fr\/actualite\/culture\/festival-international-film-caire-clash-reconciliation\/199642\/\">Clash de Mohamed Diab<\/a><\/em>, <em>The Furnace<\/em> de Roderick MacKay), inscrit le film dans une volont\u00e9 de croiser plusieurs g\u00e9n\u00e9rations d\u2019interpr\u00e8tes. Le projet avait \u00e9t\u00e9 rep\u00e9r\u00e9 d\u00e8s 2021 par CineGouna, qui lui avait accord\u00e9 un soutien au d\u00e9veloppement. Sa s\u00e9lection \u00e0 El Gouna boucle ainsi un parcours entam\u00e9 il y a quatre ans dans le cadre professionnel du festival.<\/p>\n\n\n\n<p><strong>Mohamed Rashad et une premi\u00e8re fiction attendue<\/strong><\/p>\n\n\n\n<p>Avec <em>The Settlement<\/em>, Mohamed Rashad signe son premier long-m\u00e9trage de fiction, apr\u00e8s s\u2019\u00eatre illustr\u00e9 dans le documentaire. Son film <em>Little Eagles<\/em> (2016) avait \u00e9t\u00e9 remarqu\u00e9 pour son approche politique et intime \u00e0 la fois, en retra\u00e7ant l\u2019histoire d\u2019un militantisme g\u00e9n\u00e9rationnel. <em>The Settlement<\/em> s\u2019inspire cette fois d\u2019un fait divers : la mort d\u2019un ouvrier sur un chantier, que ses enfants refusent de consid\u00e9rer comme un accident. Le r\u00e9cit, men\u00e9 comme un thriller, confronte les protagonistes \u00e0 une v\u00e9rit\u00e9 difficile \u00e0 \u00e9tablir.<\/p>\n\n\n\n<p>Soutenu en 2024 par CineGouna, le projet a rapidement trouv\u00e9 des partenaires en France, en Allemagne, au Qatar et en Arabie saoudite. Le film a eu sa premi\u00e8re mondiale \u00e0 Berlin, dans la section Perspectives, avant d\u2019arriver \u00e0 El Gouna. Pour Mohamed Rashad, il s\u2019agit d\u2019un moment important : pr\u00e9senter son premier film de fiction dans un grand festival europ\u00e9en, puis le montrer en \u00c9gypte dans un cadre r\u00e9gional qui valorise aussi la production locale.<\/p>\n\n\n\n<p><strong>Yomna Khattab et l\u2019autobiographie film\u00e9e<\/strong><\/p>\n\n\n\n<p>Dans la comp\u00e9tition documentaire, <em>50 Meters<\/em> de Yomna Khattab poursuit une d\u00e9marche profond\u00e9ment personnelle. La r\u00e9alisatrice filme sa relation avec son p\u00e8re et la distance affective qui les s\u00e9pare. Le titre renvoie \u00e0 cette proximit\u00e9 g\u00e9ographique \u2013 \u00e0 peine quelques dizaines de m\u00e8tres \u2013 qui ne suffit pas \u00e0 combler un \u00e9loignement int\u00e9rieur. Loin d\u2019un r\u00e9cit spectaculaire, le film se construit comme une tentative de rapprochement par l\u2019image.<\/p>\n\n\n\n<p>Pr\u00e9sent\u00e9 en premi\u00e8re mondiale au CPH:DOX, dans la section NEXT:WAVE, <em>50 Meters<\/em> s\u2019inscrit dans une tendance du documentaire contemporain o\u00f9 la cam\u00e9ra devient un outil d\u2019introspection et de r\u00e9paration familiale. Le projet avait \u00e9t\u00e9 soutenu par CineGouna d\u00e8s 2021, ce qui t\u00e9moigne de l\u2019int\u00e9r\u00eat pr\u00e9coce du festival pour ce type de d\u00e9marches intimistes, \u00e0 contre-courant d\u2019un cin\u00e9ma plus frontal.<\/p>\n\n\n\n<p><strong>Namir Abdel Messeeh : retour apr\u00e8s <em>La Vierge, les Coptes et moi<\/em><\/strong><\/p>\n\n\n\n<p>Le deuxi\u00e8me documentaire en comp\u00e9tition, <em><a href=\"https:\/\/www.webdo.tn\/fr\/actualite\/culture\/cannes-2025-la-vie-apres-siham-l-intime-en-heritage\/222188\/\">Life After Siham, est sign\u00e9 par Namir Abdel Messeeh<\/a><\/em>. Cin\u00e9aste franco-\u00e9gyptien, il avait \u00e9t\u00e9 r\u00e9v\u00e9l\u00e9 par <em>La Vierge, les Coptes et moi<\/em>, pr\u00e9sent\u00e9 \u00e0 Cannes \u00e0 l\u2019ACID et r\u00e9compens\u00e9 au Festival de Carthage en 2011. Ce film explorait d\u00e9j\u00e0 la m\u00e9moire familiale et religieuse, avec une mise en sc\u00e8ne \u00e0 la fois s\u00e9rieuse et ludique.<\/p>\n\n\n\n<p>Avec <em>Life After Siham<\/em>, il revient \u00e0 un sujet plus intime : la mort de sa m\u00e8re et les difficult\u00e9s cr\u00e9atives qui en d\u00e9coulent. Le film, coproduit avec la France et soutenu par CineGouna en 2024, a \u00e9t\u00e9 montr\u00e9 cette ann\u00e9e \u00e0 Cannes dans la section ACID. En retra\u00e7ant son histoire familiale \u00e0 travers la cam\u00e9ra, Abdel Messeeh poursuit un travail singulier sur le rapport entre m\u00e9moire personnelle et r\u00e9cit collectif.<\/p>\n\n\n\n<p><strong>Hors comp\u00e9tition : un premier film f\u00e9minin<\/strong><\/p>\n\n\n\n<p>Hors comp\u00e9tition, El Gouna accueillera la premi\u00e8re mondiale de <em>Love Imagined<\/em> de Sarah Rozik. La r\u00e9alisatrice y entrecroise les parcours d\u2019une \u00e9tudiante, d\u2019une femme en rupture sentimentale et d\u2019un professeur confront\u00e9 au deuil. Le film s\u2019int\u00e9resse \u00e0 la mani\u00e8re dont l\u2019amour et la perte fa\u00e7onnent des existences ordinaires.<\/p>\n\n\n\n<p><strong>Le r\u00f4le du CineGouna<\/strong><\/p>\n\n\n\n<p>Un \u00e9l\u00e9ment commun relie quatre des films s\u00e9lectionn\u00e9s en comp\u00e9tition : ils ont tous b\u00e9n\u00e9fici\u00e9 du soutien de CineGouna, qu\u2019il s\u2019agisse de l\u2019aide au d\u00e9veloppement ou \u00e0 la postproduction. Depuis son lancement, cette plateforme est devenue un instrument cl\u00e9 pour accompagner les cin\u00e9astes arabes et \u00e9gyptiens, leur permettant de trouver des financements internationaux et de structurer leurs projets.<\/p>\n\n\n\n<p>Le fait que <em>My Father\u2019s Scent<\/em>, <em>The Settlement<\/em>, <em>50 Meters<\/em> et <em>Life After Siham<\/em> soient aujourd\u2019hui termin\u00e9s et circulent dans les festivals atteste de l\u2019efficacit\u00e9 de ce dispositif. Cela montre aussi la capacit\u00e9 du GFF \u00e0 se positionner non seulement comme un festival de diffusion mais aussi comme un acteur du d\u00e9veloppement du cin\u00e9ma r\u00e9gional.<\/p>\n\n\n\n<p>\u00c0 ce sujet, Marianne Khoury, directrice artistique du festival, a d\u00e9clar\u00e9 :<br><em>\u00ab Nous sommes incroyablement fiers d\u2019annoncer que quatre films de notre s\u00e9lection, <\/em>50 Meters, Life After Siham, My Father\u2019s Scent <em>et <\/em>The Settlement<em>, sont tous des alumni de notre plateforme phare CineGouna Funding !<\/em><strong> \u00bb<\/strong><\/p>\n\n\n\n<p><strong>Un cadre pour le cin\u00e9ma \u00e9gyptien contemporain<\/strong><\/p>\n\n\n\n<p>La programmation 2025 confirme une orientation : valoriser un cin\u00e9ma \u00e9gyptien multiple, qui ne se limite pas aux genres populaires dominants mais explore aussi la m\u00e9moire, la famille, la justice et les sentiments \u00e0 travers des formes plus personnelles. On y trouve des cin\u00e9astes confirm\u00e9s, comme Siam ou Abdel Messeeh, des auteurs en transition, comme Rashad, et de nouvelles voix comme Rozik.<\/p>\n\n\n\n<p>\u00c0 propos de cette s\u00e9lection, Andrew Mohsen, responsable de la programmation du GFF, a pr\u00e9cis\u00e9 : <em>\u00ab La s\u00e9lection de cette ann\u00e9e est un t\u00e9moignage puissant de la cr\u00e9ativit\u00e9 vibrante et des voix diverses qui \u00e9mergent d\u2019\u00c9gypte. Nous sommes particuli\u00e8rement heureux d\u2019accueillir une premi\u00e8re mondiale <\/em>(Love Imagined),<em> aux c\u00f4t\u00e9s de films r\u00e9alis\u00e9s tant par des cin\u00e9astes \u00e9tablis que par de nouveaux auteurs qui se font d\u00e9j\u00e0 remarquer sur la sc\u00e8ne internationale. C\u2019est un honneur de c\u00e9l\u00e9brer leur capacit\u00e9 \u00e0 capter l\u2019essence de l\u2019exp\u00e9rience humaine. Avec le film d\u2019ouverture de Sarah Gohar, <\/em>Happy Birthday<em>, nous sommes ravis de mettre en valeur la vitalit\u00e9 et la diversit\u00e9 du cin\u00e9ma \u00e9gyptien contemporain. \u00bb<\/em><\/p>\n\n\n\n<p>Pour El Gouna, qui accueillera en ouverture <em>Happy Birthday<\/em> de Sarah Gohar, cette 8\u1d49 \u00e9dition est une mani\u00e8re d\u2019affirmer son r\u00f4le central dans la circulation du cin\u00e9ma arabe. Le festival se veut un carrefour entre productions locales et r\u00e9seaux internationaux, entre premiers films et \u0153uvres plus exp\u00e9riment\u00e9es.<\/p>\n","protected":false},"excerpt":{"rendered":"<p>Depuis sa cr\u00e9ation, le Festival de cin\u00e9ma d\u2019El Gouna (GFF) s\u2019est impos\u00e9 comme l\u2019un des rendez-vous majeurs pour le cin\u00e9ma arabe. \u00c0 la fois vitrine internationale et espace de travail, il offre aux cin\u00e9astes la possibilit\u00e9 de pr\u00e9senter leurs films mais aussi de d\u00e9velopper leurs projets gr\u00e2ce \u00e0 CineGouna, sa plateforme d\u00e9di\u00e9e. Pour cette 8\u1d49 [&hellip;]<\/p>\n","protected":false},"author":3164,"featured_media":382978,"comment_status":"closed","ping_status":"closed","sticky":false,"template":"","format":"standard","meta":{"footnotes":""},"categories":[2594],"tags":[2626,3256,6648,12358,12796],"class_list":["post-382976","post","type-post","status-publish","format-standard","has-post-thumbnail","hentry","category-culture","tag-cinema","tag-cinema-egyptien","tag-el-gouna","tag-el-gouna-2025","tag-le-festival-du-film-del-gouna"],"yoast_head":"<!-- This site is optimized with the Yoast SEO Premium plugin v27.5 (Yoast SEO v27.5) - https:\/\/yoast.com\/product\/yoast-seo-premium-wordpress\/ -->\n<title>El Gouna 2025 - Cinq films \u00e9gyptiens s\u00e9lectionn\u00e9s - webdo<\/title>\n<meta name=\"description\" content=\"El Gouna 2025 pr\u00e9sente cinq films \u00e9gyptiens, entre premi\u00e8res mondiales, documentaires et fictions, soutenus par CineGouna et des auteurs \u00e9tablis\" \/>\n<link rel=\"canonical\" href=\"https:\/\/www.webdo.tn\/fr\/actualite\/culture\/el-gouna-2025-cinq-films-egyptiens-selectionnes\/382976\/\" \/>\n<meta property=\"og:locale\" content=\"fr_FR\" \/>\n<meta property=\"og:type\" content=\"article\" \/>\n<meta property=\"og:title\" content=\"El Gouna 2025 - Cinq films \u00e9gyptiens s\u00e9lectionn\u00e9s\" \/>\n<meta property=\"og:description\" content=\"El Gouna 2025 pr\u00e9sente cinq films \u00e9gyptiens, entre premi\u00e8res mondiales, documentaires et fictions, soutenus par CineGouna et des auteurs \u00e9tablis\" \/>\n<meta property=\"og:url\" content=\"https:\/\/www.webdo.tn\/fr\/actualite\/culture\/el-gouna-2025-cinq-films-egyptiens-selectionnes\/382976\/\" \/>\n<meta property=\"og:site_name\" content=\"webdo\" \/>\n<meta property=\"article:publisher\" content=\"https:\/\/www.facebook.com\/webdotn\" \/>\n<meta property=\"article:author\" content=\"https:\/\/www.facebook.com\/massir.destiniii\/\" \/>\n<meta property=\"article:published_time\" content=\"2025-09-07T19:00:38+00:00\" \/>\n<meta property=\"article:modified_time\" content=\"2025-09-07T19:00:48+00:00\" \/>\n<meta property=\"og:image\" content=\"https:\/\/www.webdo.tn\/fr\/wp-content\/uploads\/2025\/09\/El-Gouna-2025-films-egyptiens-e1757271599186.jpeg\" \/>\n\t<meta property=\"og:image:width\" content=\"1433\" \/>\n\t<meta property=\"og:image:height\" content=\"665\" \/>\n\t<meta property=\"og:image:type\" content=\"image\/jpeg\" \/>\n<meta name=\"author\" content=\"Ne\u00efla DRISS\" \/>\n<meta name=\"twitter:card\" content=\"summary_large_image\" \/>\n<meta name=\"twitter:creator\" content=\"@https:\/\/x.com\/MassirDestin\" \/>\n<meta name=\"twitter:site\" content=\"@webdo_tn\" \/>\n<meta name=\"twitter:label1\" content=\"\u00c9crit par\" \/>\n\t<meta name=\"twitter:data1\" content=\"Ne\u00efla DRISS\" \/>\n\t<meta name=\"twitter:label2\" content=\"Dur\u00e9e de lecture estim\u00e9e\" \/>\n\t<meta name=\"twitter:data2\" content=\"7 minutes\" \/>\n<script type=\"application\/ld+json\" class=\"yoast-schema-graph\">{\"@context\":\"https:\\\/\\\/schema.org\",\"@graph\":[{\"@type\":\"NewsArticle\",\"@id\":\"https:\\\/\\\/www.webdo.tn\\\/fr\\\/actualite\\\/culture\\\/el-gouna-2025-cinq-films-egyptiens-selectionnes\\\/382976\\\/#article\",\"isPartOf\":{\"@id\":\"https:\\\/\\\/www.webdo.tn\\\/fr\\\/actualite\\\/culture\\\/el-gouna-2025-cinq-films-egyptiens-selectionnes\\\/382976\\\/\"},\"author\":{\"name\":\"Ne\u00efla DRISS\",\"@id\":\"https:\\\/\\\/www.webdo.tn\\\/fr\\\/#\\\/schema\\\/person\\\/60d5ba619ed3f58783b0dc82b7dada80\"},\"headline\":\"El Gouna 2025 &#8211; Cinq films \u00e9gyptiens s\u00e9lectionn\u00e9s\",\"datePublished\":\"2025-09-07T19:00:38+00:00\",\"dateModified\":\"2025-09-07T19:00:48+00:00\",\"mainEntityOfPage\":{\"@id\":\"https:\\\/\\\/www.webdo.tn\\\/fr\\\/actualite\\\/culture\\\/el-gouna-2025-cinq-films-egyptiens-selectionnes\\\/382976\\\/\"},\"wordCount\":1348,\"publisher\":{\"@id\":\"https:\\\/\\\/www.webdo.tn\\\/fr\\\/#organization\"},\"image\":{\"@id\":\"https:\\\/\\\/www.webdo.tn\\\/fr\\\/actualite\\\/culture\\\/el-gouna-2025-cinq-films-egyptiens-selectionnes\\\/382976\\\/#primaryimage\"},\"thumbnailUrl\":\"https:\\\/\\\/www.webdo.tn\\\/fr\\\/wp-content\\\/uploads\\\/2025\\\/09\\\/El-Gouna-2025-films-egyptiens-e1757271599186.jpeg\",\"keywords\":[\"Cin\u00e9ma\",\"Cin\u00e9ma \u00e9gyptien\",\"El Gouna\",\"El Gouna 2025\",\"Le festival du film d'El Gouna\"],\"articleSection\":[\"Culture\"],\"inLanguage\":\"fr-FR\"},{\"@type\":\"WebPage\",\"@id\":\"https:\\\/\\\/www.webdo.tn\\\/fr\\\/actualite\\\/culture\\\/el-gouna-2025-cinq-films-egyptiens-selectionnes\\\/382976\\\/\",\"url\":\"https:\\\/\\\/www.webdo.tn\\\/fr\\\/actualite\\\/culture\\\/el-gouna-2025-cinq-films-egyptiens-selectionnes\\\/382976\\\/\",\"name\":\"El Gouna 2025 - Cinq films \u00e9gyptiens s\u00e9lectionn\u00e9s - webdo\",\"isPartOf\":{\"@id\":\"https:\\\/\\\/www.webdo.tn\\\/fr\\\/#website\"},\"primaryImageOfPage\":{\"@id\":\"https:\\\/\\\/www.webdo.tn\\\/fr\\\/actualite\\\/culture\\\/el-gouna-2025-cinq-films-egyptiens-selectionnes\\\/382976\\\/#primaryimage\"},\"image\":{\"@id\":\"https:\\\/\\\/www.webdo.tn\\\/fr\\\/actualite\\\/culture\\\/el-gouna-2025-cinq-films-egyptiens-selectionnes\\\/382976\\\/#primaryimage\"},\"thumbnailUrl\":\"https:\\\/\\\/www.webdo.tn\\\/fr\\\/wp-content\\\/uploads\\\/2025\\\/09\\\/El-Gouna-2025-films-egyptiens-e1757271599186.jpeg\",\"datePublished\":\"2025-09-07T19:00:38+00:00\",\"dateModified\":\"2025-09-07T19:00:48+00:00\",\"description\":\"El Gouna 2025 pr\u00e9sente cinq films \u00e9gyptiens, entre premi\u00e8res mondiales, documentaires et fictions, soutenus par CineGouna et des auteurs \u00e9tablis\",\"breadcrumb\":{\"@id\":\"https:\\\/\\\/www.webdo.tn\\\/fr\\\/actualite\\\/culture\\\/el-gouna-2025-cinq-films-egyptiens-selectionnes\\\/382976\\\/#breadcrumb\"},\"inLanguage\":\"fr-FR\",\"potentialAction\":[{\"@type\":\"ReadAction\",\"target\":[\"https:\\\/\\\/www.webdo.tn\\\/fr\\\/actualite\\\/culture\\\/el-gouna-2025-cinq-films-egyptiens-selectionnes\\\/382976\\\/\"]}]},{\"@type\":\"ImageObject\",\"inLanguage\":\"fr-FR\",\"@id\":\"https:\\\/\\\/www.webdo.tn\\\/fr\\\/actualite\\\/culture\\\/el-gouna-2025-cinq-films-egyptiens-selectionnes\\\/382976\\\/#primaryimage\",\"url\":\"https:\\\/\\\/www.webdo.tn\\\/fr\\\/wp-content\\\/uploads\\\/2025\\\/09\\\/El-Gouna-2025-films-egyptiens-e1757271599186.jpeg\",\"contentUrl\":\"https:\\\/\\\/www.webdo.tn\\\/fr\\\/wp-content\\\/uploads\\\/2025\\\/09\\\/El-Gouna-2025-films-egyptiens-e1757271599186.jpeg\",\"width\":1433,\"height\":665,\"caption\":\"El Gouna 2025 Films \u00e9gyptiens\"},{\"@type\":\"BreadcrumbList\",\"@id\":\"https:\\\/\\\/www.webdo.tn\\\/fr\\\/actualite\\\/culture\\\/el-gouna-2025-cinq-films-egyptiens-selectionnes\\\/382976\\\/#breadcrumb\",\"itemListElement\":[{\"@type\":\"ListItem\",\"position\":1,\"name\":\"Accueil\",\"item\":\"https:\\\/\\\/www.webdo.tn\\\/fr\\\/\"},{\"@type\":\"ListItem\",\"position\":2,\"name\":\"El Gouna 2025 &#8211; Cinq films \u00e9gyptiens s\u00e9lectionn\u00e9s\"}]},{\"@type\":\"WebSite\",\"@id\":\"https:\\\/\\\/www.webdo.tn\\\/fr\\\/#website\",\"url\":\"https:\\\/\\\/www.webdo.tn\\\/fr\\\/\",\"name\":\"webdo\",\"description\":\"Tunisie - News en Tunisie et \u00e0 l&#039;international sur Webdo.tn\",\"publisher\":{\"@id\":\"https:\\\/\\\/www.webdo.tn\\\/fr\\\/#organization\"},\"potentialAction\":[{\"@type\":\"SearchAction\",\"target\":{\"@type\":\"EntryPoint\",\"urlTemplate\":\"https:\\\/\\\/www.webdo.tn\\\/fr\\\/?s={search_term_string}\"},\"query-input\":{\"@type\":\"PropertyValueSpecification\",\"valueRequired\":true,\"valueName\":\"search_term_string\"}}],\"inLanguage\":\"fr-FR\"},{\"@type\":\"Organization\",\"@id\":\"https:\\\/\\\/www.webdo.tn\\\/fr\\\/#organization\",\"name\":\"Webdo\",\"alternateName\":\"Webdo.tn\",\"url\":\"https:\\\/\\\/www.webdo.tn\\\/fr\\\/\",\"logo\":{\"@type\":\"ImageObject\",\"inLanguage\":\"fr-FR\",\"@id\":\"https:\\\/\\\/www.webdo.tn\\\/fr\\\/#\\\/schema\\\/logo\\\/image\\\/\",\"url\":\"https:\\\/\\\/www.webdo.tn\\\/fr\\\/wp-content\\\/uploads\\\/2025\\\/06\\\/Webdo-Tunisie_168377.jpg\",\"contentUrl\":\"https:\\\/\\\/www.webdo.tn\\\/fr\\\/wp-content\\\/uploads\\\/2025\\\/06\\\/Webdo-Tunisie_168377.jpg\",\"width\":301,\"height\":301,\"caption\":\"Webdo\"},\"image\":{\"@id\":\"https:\\\/\\\/www.webdo.tn\\\/fr\\\/#\\\/schema\\\/logo\\\/image\\\/\"},\"sameAs\":[\"https:\\\/\\\/www.facebook.com\\\/webdotn\",\"https:\\\/\\\/x.com\\\/webdo_tn\"],\"description\":\"Webdo est un m\u00e9dia num\u00e9rique tunisien fond\u00e9 en 2010, sp\u00e9cialis\u00e9 dans l\u2019actualit\u00e9 nationale et internationale, l\u2019\u00e9conomie, la soci\u00e9t\u00e9 et les analyses politiques. Le site s\u2019adresse \u00e0 un large public francophone et couvre l\u2019information tunisienne en temps r\u00e9el.\",\"email\":\"redac@webdo.tn\",\"legalName\":\"YNJ SARL\",\"foundingDate\":\"2010-09-06\",\"numberOfEmployees\":{\"@type\":\"QuantitativeValue\",\"minValue\":\"11\",\"maxValue\":\"50\"}},{\"@type\":\"Person\",\"@id\":\"https:\\\/\\\/www.webdo.tn\\\/fr\\\/#\\\/schema\\\/person\\\/60d5ba619ed3f58783b0dc82b7dada80\",\"name\":\"Ne\u00efla DRISS\",\"image\":{\"@type\":\"ImageObject\",\"inLanguage\":\"fr-FR\",\"@id\":\"https:\\\/\\\/www.webdo.tn\\\/fr\\\/wp-content\\\/uploads\\\/2026\\\/04\\\/neila-driss_avatar-96x96.jpg\",\"url\":\"https:\\\/\\\/www.webdo.tn\\\/fr\\\/wp-content\\\/uploads\\\/2026\\\/04\\\/neila-driss_avatar-96x96.jpg\",\"contentUrl\":\"https:\\\/\\\/www.webdo.tn\\\/fr\\\/wp-content\\\/uploads\\\/2026\\\/04\\\/neila-driss_avatar-96x96.jpg\",\"caption\":\"Ne\u00efla DRISS\"},\"description\":\"Ne\u00efla Driss est juriste, journaliste culturelle et critique de cin\u00e9ma tunisienne. Titulaire d\u2019un DEA en droit priv\u00e9 de l\u2019Universit\u00e9 Paris II et d\u2019un DESS de l\u2019IHEC Carthage, elle d\u00e9bute sa carri\u00e8re comme juriste sp\u00e9cialis\u00e9e en gestion de patrimoine immobilier. Elle s\u2019oriente ensuite vers l\u2019\u00e9criture en ligne, o\u00f9 elle se distingue d\u00e8s 2006 aux Tunisia Blog Awards, avant de se consacrer au journalisme culturel, avec une sp\u00e9cialisation dans la critique cin\u00e9matographique. Elle couvre r\u00e9guli\u00e8rement les grands festivals internationaux, notamment le Festival de Cannes, les Journ\u00e9es Cin\u00e9matographiques de Carthage et le Festival du film du Caire. Membre de l\u2019ATPCC et de la FIPRESCI, elle participe \u00e0 des jurys et initiatives internationales de critique. Depuis 2024, elle est \u00e9lectrice internationale aux Golden Globes. Facebook : https:\\\/\\\/www.facebook.com\\\/massir.destiniii\\\/ X : https:\\\/\\\/x.com\\\/MassirDestin\",\"sameAs\":[\"https:\\\/\\\/www.facebook.com\\\/massir.destiniii\\\/\",\"https:\\\/\\\/www.instagram.com\\\/neila.driss\\\/?hl=fr\",\"https:\\\/\\\/www.linkedin.com\\\/in\\\/neila-driss-22606a80\\\/\",\"https:\\\/\\\/x.com\\\/https:\\\/\\\/x.com\\\/MassirDestin\"],\"knowsAbout\":[\"Cin\u00e9ma international\",\"critique cin\u00e9matographique\",\"festivals de cin\u00e9ma\",\"journalisme culturel\"],\"knowsLanguage\":[\"Fran\u00e7ais\",\"Arabe\",\"Anglais\"],\"jobTitle\":\"Journaliste culturelle et critique de cin\u00e9ma\",\"worksFor\":\"Webdo\",\"url\":\"https:\\\/\\\/www.webdo.tn\\\/fr\\\/actualite\\\/author\\\/neila-driss\\\/\"}]}<\/script>\n<!-- \/ Yoast SEO Premium plugin. -->","yoast_head_json":{"title":"El Gouna 2025 - Cinq films \u00e9gyptiens s\u00e9lectionn\u00e9s - webdo","description":"El Gouna 2025 pr\u00e9sente cinq films \u00e9gyptiens, entre premi\u00e8res mondiales, documentaires et fictions, soutenus par CineGouna et des auteurs \u00e9tablis","canonical":"https:\/\/www.webdo.tn\/fr\/actualite\/culture\/el-gouna-2025-cinq-films-egyptiens-selectionnes\/382976\/","og_locale":"fr_FR","og_type":"article","og_title":"El Gouna 2025 - Cinq films \u00e9gyptiens s\u00e9lectionn\u00e9s","og_description":"El Gouna 2025 pr\u00e9sente cinq films \u00e9gyptiens, entre premi\u00e8res mondiales, documentaires et fictions, soutenus par CineGouna et des auteurs \u00e9tablis","og_url":"https:\/\/www.webdo.tn\/fr\/actualite\/culture\/el-gouna-2025-cinq-films-egyptiens-selectionnes\/382976\/","og_site_name":"webdo","article_publisher":"https:\/\/www.facebook.com\/webdotn","article_author":"https:\/\/www.facebook.com\/massir.destiniii\/","article_published_time":"2025-09-07T19:00:38+00:00","article_modified_time":"2025-09-07T19:00:48+00:00","og_image":[{"width":1433,"height":665,"url":"https:\/\/www.webdo.tn\/fr\/wp-content\/uploads\/2025\/09\/El-Gouna-2025-films-egyptiens-e1757271599186.jpeg","type":"image\/jpeg"}],"author":"Ne\u00efla DRISS","twitter_card":"summary_large_image","twitter_creator":"@https:\/\/x.com\/MassirDestin","twitter_site":"@webdo_tn","twitter_misc":{"\u00c9crit par":"Ne\u00efla DRISS","Dur\u00e9e de lecture estim\u00e9e":"7 minutes"},"schema":{"@context":"https:\/\/schema.org","@graph":[{"@type":"NewsArticle","@id":"https:\/\/www.webdo.tn\/fr\/actualite\/culture\/el-gouna-2025-cinq-films-egyptiens-selectionnes\/382976\/#article","isPartOf":{"@id":"https:\/\/www.webdo.tn\/fr\/actualite\/culture\/el-gouna-2025-cinq-films-egyptiens-selectionnes\/382976\/"},"author":{"name":"Ne\u00efla DRISS","@id":"https:\/\/www.webdo.tn\/fr\/#\/schema\/person\/60d5ba619ed3f58783b0dc82b7dada80"},"headline":"El Gouna 2025 &#8211; Cinq films \u00e9gyptiens s\u00e9lectionn\u00e9s","datePublished":"2025-09-07T19:00:38+00:00","dateModified":"2025-09-07T19:00:48+00:00","mainEntityOfPage":{"@id":"https:\/\/www.webdo.tn\/fr\/actualite\/culture\/el-gouna-2025-cinq-films-egyptiens-selectionnes\/382976\/"},"wordCount":1348,"publisher":{"@id":"https:\/\/www.webdo.tn\/fr\/#organization"},"image":{"@id":"https:\/\/www.webdo.tn\/fr\/actualite\/culture\/el-gouna-2025-cinq-films-egyptiens-selectionnes\/382976\/#primaryimage"},"thumbnailUrl":"https:\/\/www.webdo.tn\/fr\/wp-content\/uploads\/2025\/09\/El-Gouna-2025-films-egyptiens-e1757271599186.jpeg","keywords":["Cin\u00e9ma","Cin\u00e9ma \u00e9gyptien","El Gouna","El Gouna 2025","Le festival du film d'El Gouna"],"articleSection":["Culture"],"inLanguage":"fr-FR"},{"@type":"WebPage","@id":"https:\/\/www.webdo.tn\/fr\/actualite\/culture\/el-gouna-2025-cinq-films-egyptiens-selectionnes\/382976\/","url":"https:\/\/www.webdo.tn\/fr\/actualite\/culture\/el-gouna-2025-cinq-films-egyptiens-selectionnes\/382976\/","name":"El Gouna 2025 - Cinq films \u00e9gyptiens s\u00e9lectionn\u00e9s - webdo","isPartOf":{"@id":"https:\/\/www.webdo.tn\/fr\/#website"},"primaryImageOfPage":{"@id":"https:\/\/www.webdo.tn\/fr\/actualite\/culture\/el-gouna-2025-cinq-films-egyptiens-selectionnes\/382976\/#primaryimage"},"image":{"@id":"https:\/\/www.webdo.tn\/fr\/actualite\/culture\/el-gouna-2025-cinq-films-egyptiens-selectionnes\/382976\/#primaryimage"},"thumbnailUrl":"https:\/\/www.webdo.tn\/fr\/wp-content\/uploads\/2025\/09\/El-Gouna-2025-films-egyptiens-e1757271599186.jpeg","datePublished":"2025-09-07T19:00:38+00:00","dateModified":"2025-09-07T19:00:48+00:00","description":"El Gouna 2025 pr\u00e9sente cinq films \u00e9gyptiens, entre premi\u00e8res mondiales, documentaires et fictions, soutenus par CineGouna et des auteurs \u00e9tablis","breadcrumb":{"@id":"https:\/\/www.webdo.tn\/fr\/actualite\/culture\/el-gouna-2025-cinq-films-egyptiens-selectionnes\/382976\/#breadcrumb"},"inLanguage":"fr-FR","potentialAction":[{"@type":"ReadAction","target":["https:\/\/www.webdo.tn\/fr\/actualite\/culture\/el-gouna-2025-cinq-films-egyptiens-selectionnes\/382976\/"]}]},{"@type":"ImageObject","inLanguage":"fr-FR","@id":"https:\/\/www.webdo.tn\/fr\/actualite\/culture\/el-gouna-2025-cinq-films-egyptiens-selectionnes\/382976\/#primaryimage","url":"https:\/\/www.webdo.tn\/fr\/wp-content\/uploads\/2025\/09\/El-Gouna-2025-films-egyptiens-e1757271599186.jpeg","contentUrl":"https:\/\/www.webdo.tn\/fr\/wp-content\/uploads\/2025\/09\/El-Gouna-2025-films-egyptiens-e1757271599186.jpeg","width":1433,"height":665,"caption":"El Gouna 2025 Films \u00e9gyptiens"},{"@type":"BreadcrumbList","@id":"https:\/\/www.webdo.tn\/fr\/actualite\/culture\/el-gouna-2025-cinq-films-egyptiens-selectionnes\/382976\/#breadcrumb","itemListElement":[{"@type":"ListItem","position":1,"name":"Accueil","item":"https:\/\/www.webdo.tn\/fr\/"},{"@type":"ListItem","position":2,"name":"El Gouna 2025 &#8211; Cinq films \u00e9gyptiens s\u00e9lectionn\u00e9s"}]},{"@type":"WebSite","@id":"https:\/\/www.webdo.tn\/fr\/#website","url":"https:\/\/www.webdo.tn\/fr\/","name":"webdo","description":"Tunisie - News en Tunisie et \u00e0 l&#039;international sur Webdo.tn","publisher":{"@id":"https:\/\/www.webdo.tn\/fr\/#organization"},"potentialAction":[{"@type":"SearchAction","target":{"@type":"EntryPoint","urlTemplate":"https:\/\/www.webdo.tn\/fr\/?s={search_term_string}"},"query-input":{"@type":"PropertyValueSpecification","valueRequired":true,"valueName":"search_term_string"}}],"inLanguage":"fr-FR"},{"@type":"Organization","@id":"https:\/\/www.webdo.tn\/fr\/#organization","name":"Webdo","alternateName":"Webdo.tn","url":"https:\/\/www.webdo.tn\/fr\/","logo":{"@type":"ImageObject","inLanguage":"fr-FR","@id":"https:\/\/www.webdo.tn\/fr\/#\/schema\/logo\/image\/","url":"https:\/\/www.webdo.tn\/fr\/wp-content\/uploads\/2025\/06\/Webdo-Tunisie_168377.jpg","contentUrl":"https:\/\/www.webdo.tn\/fr\/wp-content\/uploads\/2025\/06\/Webdo-Tunisie_168377.jpg","width":301,"height":301,"caption":"Webdo"},"image":{"@id":"https:\/\/www.webdo.tn\/fr\/#\/schema\/logo\/image\/"},"sameAs":["https:\/\/www.facebook.com\/webdotn","https:\/\/x.com\/webdo_tn"],"description":"Webdo est un m\u00e9dia num\u00e9rique tunisien fond\u00e9 en 2010, sp\u00e9cialis\u00e9 dans l\u2019actualit\u00e9 nationale et internationale, l\u2019\u00e9conomie, la soci\u00e9t\u00e9 et les analyses politiques. Le site s\u2019adresse \u00e0 un large public francophone et couvre l\u2019information tunisienne en temps r\u00e9el.","email":"redac@webdo.tn","legalName":"YNJ SARL","foundingDate":"2010-09-06","numberOfEmployees":{"@type":"QuantitativeValue","minValue":"11","maxValue":"50"}},{"@type":"Person","@id":"https:\/\/www.webdo.tn\/fr\/#\/schema\/person\/60d5ba619ed3f58783b0dc82b7dada80","name":"Ne\u00efla DRISS","image":{"@type":"ImageObject","inLanguage":"fr-FR","@id":"https:\/\/www.webdo.tn\/fr\/wp-content\/uploads\/2026\/04\/neila-driss_avatar-96x96.jpg","url":"https:\/\/www.webdo.tn\/fr\/wp-content\/uploads\/2026\/04\/neila-driss_avatar-96x96.jpg","contentUrl":"https:\/\/www.webdo.tn\/fr\/wp-content\/uploads\/2026\/04\/neila-driss_avatar-96x96.jpg","caption":"Ne\u00efla DRISS"},"description":"Ne\u00efla Driss est juriste, journaliste culturelle et critique de cin\u00e9ma tunisienne. Titulaire d\u2019un DEA en droit priv\u00e9 de l\u2019Universit\u00e9 Paris II et d\u2019un DESS de l\u2019IHEC Carthage, elle d\u00e9bute sa carri\u00e8re comme juriste sp\u00e9cialis\u00e9e en gestion de patrimoine immobilier. Elle s\u2019oriente ensuite vers l\u2019\u00e9criture en ligne, o\u00f9 elle se distingue d\u00e8s 2006 aux Tunisia Blog Awards, avant de se consacrer au journalisme culturel, avec une sp\u00e9cialisation dans la critique cin\u00e9matographique. Elle couvre r\u00e9guli\u00e8rement les grands festivals internationaux, notamment le Festival de Cannes, les Journ\u00e9es Cin\u00e9matographiques de Carthage et le Festival du film du Caire. Membre de l\u2019ATPCC et de la FIPRESCI, elle participe \u00e0 des jurys et initiatives internationales de critique. Depuis 2024, elle est \u00e9lectrice internationale aux Golden Globes. Facebook : https:\/\/www.facebook.com\/massir.destiniii\/ X : https:\/\/x.com\/MassirDestin","sameAs":["https:\/\/www.facebook.com\/massir.destiniii\/","https:\/\/www.instagram.com\/neila.driss\/?hl=fr","https:\/\/www.linkedin.com\/in\/neila-driss-22606a80\/","https:\/\/x.com\/https:\/\/x.com\/MassirDestin"],"knowsAbout":["Cin\u00e9ma international","critique cin\u00e9matographique","festivals de cin\u00e9ma","journalisme culturel"],"knowsLanguage":["Fran\u00e7ais","Arabe","Anglais"],"jobTitle":"Journaliste culturelle et critique de cin\u00e9ma","worksFor":"Webdo","url":"https:\/\/www.webdo.tn\/fr\/actualite\/author\/neila-driss\/"}]}},"_links":{"self":[{"href":"https:\/\/www.webdo.tn\/fr\/wp-json\/wp\/v2\/posts\/382976","targetHints":{"allow":["GET"]}}],"collection":[{"href":"https:\/\/www.webdo.tn\/fr\/wp-json\/wp\/v2\/posts"}],"about":[{"href":"https:\/\/www.webdo.tn\/fr\/wp-json\/wp\/v2\/types\/post"}],"author":[{"embeddable":true,"href":"https:\/\/www.webdo.tn\/fr\/wp-json\/wp\/v2\/users\/3164"}],"replies":[{"embeddable":true,"href":"https:\/\/www.webdo.tn\/fr\/wp-json\/wp\/v2\/comments?post=382976"}],"version-history":[{"count":0,"href":"https:\/\/www.webdo.tn\/fr\/wp-json\/wp\/v2\/posts\/382976\/revisions"}],"wp:featuredmedia":[{"embeddable":true,"href":"https:\/\/www.webdo.tn\/fr\/wp-json\/wp\/v2\/media\/382978"}],"wp:attachment":[{"href":"https:\/\/www.webdo.tn\/fr\/wp-json\/wp\/v2\/media?parent=382976"}],"wp:term":[{"taxonomy":"category","embeddable":true,"href":"https:\/\/www.webdo.tn\/fr\/wp-json\/wp\/v2\/categories?post=382976"},{"taxonomy":"post_tag","embeddable":true,"href":"https:\/\/www.webdo.tn\/fr\/wp-json\/wp\/v2\/tags?post=382976"}],"curies":[{"name":"wp","href":"https:\/\/api.w.org\/{rel}","templated":true}]}}