{"id":382973,"date":"2025-09-07T15:11:25","date_gmt":"2025-09-07T14:11:25","guid":{"rendered":"https:\/\/www.webdo.tn\/fr\/?p=382973"},"modified":"2025-09-07T15:11:26","modified_gmt":"2025-09-07T14:11:26","slug":"microsoft-alerte-sur-une-coupure-de-cables-sous-marins-dans-la-mer-rouge","status":"publish","type":"post","link":"https:\/\/www.webdo.tn\/fr\/actualite\/international\/microsoft-alerte-sur-une-coupure-de-cables-sous-marins-dans-la-mer-rouge\/382973\/","title":{"rendered":"Microsoft alerte sur une coupure de c\u00e2bles sous-marins dans la mer Rouge"},"content":{"rendered":"\n<p><\/p>\n\n\n\n<p><strong>Microsoft a lanc\u00e9 une alerte, samedi 6 septembre 2025, apr\u00e8s la d\u00e9tection de coupures affectant plusieurs c\u00e2bles sous-marins de t\u00e9l\u00e9communication dans la mer Rouge. L\u2019incident a provoqu\u00e9 des perturbations sur son service cloud Azure et mis en lumi\u00e8re la fragilit\u00e9 de l\u2019Internet mondial.<\/strong><\/p>\n\n\n\n<p>Selon les informations publi\u00e9es sur la page officielle de suivi de Microsoft Azure, les coupures ont \u00e9t\u00e9 signal\u00e9es d\u00e8s 05h45 UTC et concernaient notamment deux c\u00e2bles strat\u00e9giques : <strong>SMW4 (South East Asia\u2013Middle East\u2013Western Europe 4)<\/strong> et <strong>IMEWE (India\u2013Middle East\u2013Western Europe)<\/strong>, au large de Jeddah, en Arabie saoudite.<\/p>\n\n\n\n<p>L\u2019entreprise am\u00e9ricaine a indiqu\u00e9 que ses utilisateurs ont constat\u00e9 une <strong>augmentation de la latence et un ralentissement des performances<\/strong>, en particulier sur les connexions entre l\u2019Asie et l\u2019Europe. Certains rapports \u00e9voquent que jusqu\u2019\u00e0 <strong>17 % du trafic Internet mondial<\/strong> a \u00e9t\u00e9 impact\u00e9 par ces perturbations.<\/p>\n\n\n\n<p>Pour limiter les cons\u00e9quences, les ing\u00e9nieurs de Microsoft ont proc\u00e9d\u00e9 \u00e0 une <strong>redirection du trafic via des routes alternatives<\/strong>, permettant d\u2019assurer la continuit\u00e9 des services. Le 7 septembre, la firme a confirm\u00e9 que <strong>ses services \u00e9taient de nouveau pleinement op\u00e9rationnels<\/strong>, tout en maintenant une surveillance renforc\u00e9e et des optimisations de routage.<\/p>\n\n\n\n<h3 class=\"wp-block-heading\" id=\"h-origine-de-la-panne-et-enjeux-de-securite\">Origine de la panne et enjeux de s\u00e9curit\u00e9<\/h3>\n\n\n\n<p>Les causes exactes des coupures n\u2019ont pas encore \u00e9t\u00e9 \u00e9tablies. Si de tels incidents surviennent souvent \u00e0 la suite de d\u00e9g\u00e2ts accidentels (ancres de navires, filets de p\u00eache), le contexte g\u00e9opolitique tendu dans la r\u00e9gion fait craindre \u00e9galement la piste d\u2019<strong>actes d\u00e9lib\u00e9r\u00e9s<\/strong>.<\/p>\n\n\n\n<p>Cet \u00e9pisode rappelle que <strong>99 % du trafic Internet mondial d\u00e9pend des c\u00e2bles sous-marins<\/strong>, une infrastructure \u00e0 la fois essentielle et vuln\u00e9rable. Plusieurs incidents similaires avaient d\u00e9j\u00e0 affect\u00e9 la zone de la mer Rouge en 2024 et d\u00e9but 2025, perturbant de grands syst\u00e8mes de t\u00e9l\u00e9communications.<\/p>\n\n\n\n<p>L\u2019affaire relance le d\u00e9bat sur la <strong>s\u00e9curisation des c\u00e2bles sous-marins<\/strong>, qui repr\u00e9sentent l\u2019\u00e9pine dorsale de l\u2019\u00e9conomie num\u00e9rique mondiale. En juillet dernier, des \u00e9lus am\u00e9ricains avaient d\u00e9j\u00e0 interpell\u00e9 les g\u00e9ants du num\u00e9rique, dont Microsoft, sur la n\u00e9cessit\u00e9 de renforcer la protection de ces infrastructures face aux risques li\u00e9s aux tensions internationales.<\/p>\n","protected":false},"excerpt":{"rendered":"<p>Microsoft a lanc\u00e9 une alerte, samedi 6 septembre 2025, apr\u00e8s la d\u00e9tection de coupures affectant plusieurs c\u00e2bles sous-marins de t\u00e9l\u00e9communication dans la mer Rouge. L\u2019incident a provoqu\u00e9 des perturbations sur son service cloud Azure et mis en lumi\u00e8re la fragilit\u00e9 de l\u2019Internet mondial. Selon les informations publi\u00e9es sur la page officielle de suivi de Microsoft [&hellip;]<\/p>\n","protected":false},"author":3184,"featured_media":382974,"comment_status":"closed","ping_status":"closed","sticky":false,"template":"","format":"standard","meta":{"footnotes":""},"categories":[2598],"tags":[8431,6389,9578],"class_list":["post-382973","post","type-post","status-publish","format-standard","has-post-thumbnail","hentry","category-international","tag-cable","tag-internet","tag-sous-marin"],"yoast_head":"<!-- This site is optimized with the Yoast SEO Premium plugin v27.5 (Yoast SEO v27.5) - https:\/\/yoast.com\/product\/yoast-seo-premium-wordpress\/ -->\n<title>Microsoft alerte sur une coupure de c\u00e2bles sous-marins dans la mer Rouge - webdo<\/title>\n<meta name=\"description\" content=\"D\u00e9couvrez les enjeux des c\u00e2bles sous-marins suite aux coupures d\u00e9tect\u00e9es par Microsoft dans la mer Rouge.\" \/>\n<link rel=\"canonical\" href=\"https:\/\/www.webdo.tn\/fr\/actualite\/international\/microsoft-alerte-sur-une-coupure-de-cables-sous-marins-dans-la-mer-rouge\/382973\/\" \/>\n<meta property=\"og:locale\" content=\"fr_FR\" \/>\n<meta property=\"og:type\" content=\"article\" \/>\n<meta property=\"og:title\" content=\"Microsoft alerte sur une coupure de c\u00e2bles sous-marins dans la mer Rouge\" \/>\n<meta property=\"og:description\" content=\"D\u00e9couvrez les enjeux des c\u00e2bles sous-marins suite aux coupures d\u00e9tect\u00e9es par Microsoft dans la mer Rouge.\" \/>\n<meta property=\"og:url\" content=\"https:\/\/www.webdo.tn\/fr\/actualite\/international\/microsoft-alerte-sur-une-coupure-de-cables-sous-marins-dans-la-mer-rouge\/382973\/\" \/>\n<meta property=\"og:site_name\" content=\"webdo\" \/>\n<meta property=\"article:publisher\" content=\"https:\/\/www.facebook.com\/webdotn\" \/>\n<meta property=\"article:published_time\" content=\"2025-09-07T14:11:25+00:00\" \/>\n<meta property=\"article:modified_time\" content=\"2025-09-07T14:11:26+00:00\" \/>\n<meta property=\"og:image\" content=\"https:\/\/www.webdo.tn\/fr\/wp-content\/uploads\/2025\/09\/102517-anh-1.jpg\" \/>\n\t<meta property=\"og:image:width\" content=\"600\" \/>\n\t<meta property=\"og:image:height\" content=\"338\" \/>\n\t<meta property=\"og:image:type\" content=\"image\/jpeg\" \/>\n<meta name=\"author\" content=\"Wided Belhaj\" \/>\n<meta name=\"twitter:card\" content=\"summary_large_image\" \/>\n<meta name=\"twitter:creator\" content=\"@webdo_tn\" \/>\n<meta name=\"twitter:site\" content=\"@webdo_tn\" \/>\n<meta name=\"twitter:label1\" content=\"\u00c9crit par\" \/>\n\t<meta name=\"twitter:data1\" content=\"Wided Belhaj\" \/>\n\t<meta name=\"twitter:label2\" content=\"Dur\u00e9e de lecture estim\u00e9e\" \/>\n\t<meta name=\"twitter:data2\" content=\"2 minutes\" \/>\n<script type=\"application\/ld+json\" class=\"yoast-schema-graph\">{\"@context\":\"https:\\\/\\\/schema.org\",\"@graph\":[{\"@type\":\"NewsArticle\",\"@id\":\"https:\\\/\\\/www.webdo.tn\\\/fr\\\/actualite\\\/international\\\/microsoft-alerte-sur-une-coupure-de-cables-sous-marins-dans-la-mer-rouge\\\/382973\\\/#article\",\"isPartOf\":{\"@id\":\"https:\\\/\\\/www.webdo.tn\\\/fr\\\/actualite\\\/international\\\/microsoft-alerte-sur-une-coupure-de-cables-sous-marins-dans-la-mer-rouge\\\/382973\\\/\"},\"author\":{\"name\":\"Wided Belhaj\",\"@id\":\"https:\\\/\\\/www.webdo.tn\\\/fr\\\/#\\\/schema\\\/person\\\/b9ecde7a5574cb4fcf4b496ea5fadb15\"},\"headline\":\"Microsoft alerte sur une coupure de c\u00e2bles sous-marins dans la mer Rouge\",\"datePublished\":\"2025-09-07T14:11:25+00:00\",\"dateModified\":\"2025-09-07T14:11:26+00:00\",\"mainEntityOfPage\":{\"@id\":\"https:\\\/\\\/www.webdo.tn\\\/fr\\\/actualite\\\/international\\\/microsoft-alerte-sur-une-coupure-de-cables-sous-marins-dans-la-mer-rouge\\\/382973\\\/\"},\"wordCount\":390,\"publisher\":{\"@id\":\"https:\\\/\\\/www.webdo.tn\\\/fr\\\/#organization\"},\"image\":{\"@id\":\"https:\\\/\\\/www.webdo.tn\\\/fr\\\/actualite\\\/international\\\/microsoft-alerte-sur-une-coupure-de-cables-sous-marins-dans-la-mer-rouge\\\/382973\\\/#primaryimage\"},\"thumbnailUrl\":\"https:\\\/\\\/www.webdo.tn\\\/fr\\\/wp-content\\\/uploads\\\/2025\\\/09\\\/102517-anh-1.jpg\",\"keywords\":[\"Cable\",\"Internet\",\"Sous-marin\"],\"articleSection\":[\"International\"],\"inLanguage\":\"fr-FR\"},{\"@type\":\"WebPage\",\"@id\":\"https:\\\/\\\/www.webdo.tn\\\/fr\\\/actualite\\\/international\\\/microsoft-alerte-sur-une-coupure-de-cables-sous-marins-dans-la-mer-rouge\\\/382973\\\/\",\"url\":\"https:\\\/\\\/www.webdo.tn\\\/fr\\\/actualite\\\/international\\\/microsoft-alerte-sur-une-coupure-de-cables-sous-marins-dans-la-mer-rouge\\\/382973\\\/\",\"name\":\"Microsoft alerte sur une coupure de c\u00e2bles sous-marins dans la mer Rouge - webdo\",\"isPartOf\":{\"@id\":\"https:\\\/\\\/www.webdo.tn\\\/fr\\\/#website\"},\"primaryImageOfPage\":{\"@id\":\"https:\\\/\\\/www.webdo.tn\\\/fr\\\/actualite\\\/international\\\/microsoft-alerte-sur-une-coupure-de-cables-sous-marins-dans-la-mer-rouge\\\/382973\\\/#primaryimage\"},\"image\":{\"@id\":\"https:\\\/\\\/www.webdo.tn\\\/fr\\\/actualite\\\/international\\\/microsoft-alerte-sur-une-coupure-de-cables-sous-marins-dans-la-mer-rouge\\\/382973\\\/#primaryimage\"},\"thumbnailUrl\":\"https:\\\/\\\/www.webdo.tn\\\/fr\\\/wp-content\\\/uploads\\\/2025\\\/09\\\/102517-anh-1.jpg\",\"datePublished\":\"2025-09-07T14:11:25+00:00\",\"dateModified\":\"2025-09-07T14:11:26+00:00\",\"description\":\"D\u00e9couvrez les enjeux des c\u00e2bles sous-marins suite aux coupures d\u00e9tect\u00e9es par Microsoft dans la mer Rouge.\",\"breadcrumb\":{\"@id\":\"https:\\\/\\\/www.webdo.tn\\\/fr\\\/actualite\\\/international\\\/microsoft-alerte-sur-une-coupure-de-cables-sous-marins-dans-la-mer-rouge\\\/382973\\\/#breadcrumb\"},\"inLanguage\":\"fr-FR\",\"potentialAction\":[{\"@type\":\"ReadAction\",\"target\":[\"https:\\\/\\\/www.webdo.tn\\\/fr\\\/actualite\\\/international\\\/microsoft-alerte-sur-une-coupure-de-cables-sous-marins-dans-la-mer-rouge\\\/382973\\\/\"]}]},{\"@type\":\"ImageObject\",\"inLanguage\":\"fr-FR\",\"@id\":\"https:\\\/\\\/www.webdo.tn\\\/fr\\\/actualite\\\/international\\\/microsoft-alerte-sur-une-coupure-de-cables-sous-marins-dans-la-mer-rouge\\\/382973\\\/#primaryimage\",\"url\":\"https:\\\/\\\/www.webdo.tn\\\/fr\\\/wp-content\\\/uploads\\\/2025\\\/09\\\/102517-anh-1.jpg\",\"contentUrl\":\"https:\\\/\\\/www.webdo.tn\\\/fr\\\/wp-content\\\/uploads\\\/2025\\\/09\\\/102517-anh-1.jpg\",\"width\":600,\"height\":338},{\"@type\":\"BreadcrumbList\",\"@id\":\"https:\\\/\\\/www.webdo.tn\\\/fr\\\/actualite\\\/international\\\/microsoft-alerte-sur-une-coupure-de-cables-sous-marins-dans-la-mer-rouge\\\/382973\\\/#breadcrumb\",\"itemListElement\":[{\"@type\":\"ListItem\",\"position\":1,\"name\":\"Accueil\",\"item\":\"https:\\\/\\\/www.webdo.tn\\\/fr\\\/\"},{\"@type\":\"ListItem\",\"position\":2,\"name\":\"Microsoft alerte sur une coupure de c\u00e2bles sous-marins dans la mer Rouge\"}]},{\"@type\":\"WebSite\",\"@id\":\"https:\\\/\\\/www.webdo.tn\\\/fr\\\/#website\",\"url\":\"https:\\\/\\\/www.webdo.tn\\\/fr\\\/\",\"name\":\"webdo\",\"description\":\"Tunisie - News en Tunisie et \u00e0 l&#039;international sur Webdo.tn\",\"publisher\":{\"@id\":\"https:\\\/\\\/www.webdo.tn\\\/fr\\\/#organization\"},\"potentialAction\":[{\"@type\":\"SearchAction\",\"target\":{\"@type\":\"EntryPoint\",\"urlTemplate\":\"https:\\\/\\\/www.webdo.tn\\\/fr\\\/?s={search_term_string}\"},\"query-input\":{\"@type\":\"PropertyValueSpecification\",\"valueRequired\":true,\"valueName\":\"search_term_string\"}}],\"inLanguage\":\"fr-FR\"},{\"@type\":\"Organization\",\"@id\":\"https:\\\/\\\/www.webdo.tn\\\/fr\\\/#organization\",\"name\":\"Webdo\",\"alternateName\":\"Webdo.tn\",\"url\":\"https:\\\/\\\/www.webdo.tn\\\/fr\\\/\",\"logo\":{\"@type\":\"ImageObject\",\"inLanguage\":\"fr-FR\",\"@id\":\"https:\\\/\\\/www.webdo.tn\\\/fr\\\/#\\\/schema\\\/logo\\\/image\\\/\",\"url\":\"https:\\\/\\\/www.webdo.tn\\\/fr\\\/wp-content\\\/uploads\\\/2025\\\/06\\\/Webdo-Tunisie_168377.jpg\",\"contentUrl\":\"https:\\\/\\\/www.webdo.tn\\\/fr\\\/wp-content\\\/uploads\\\/2025\\\/06\\\/Webdo-Tunisie_168377.jpg\",\"width\":301,\"height\":301,\"caption\":\"Webdo\"},\"image\":{\"@id\":\"https:\\\/\\\/www.webdo.tn\\\/fr\\\/#\\\/schema\\\/logo\\\/image\\\/\"},\"sameAs\":[\"https:\\\/\\\/www.facebook.com\\\/webdotn\",\"https:\\\/\\\/x.com\\\/webdo_tn\"],\"description\":\"Webdo est un m\u00e9dia num\u00e9rique tunisien fond\u00e9 en 2010, sp\u00e9cialis\u00e9 dans l\u2019actualit\u00e9 nationale et internationale, l\u2019\u00e9conomie, la soci\u00e9t\u00e9 et les analyses politiques. Le site s\u2019adresse \u00e0 un large public francophone et couvre l\u2019information tunisienne en temps r\u00e9el.\",\"email\":\"redac@webdo.tn\",\"legalName\":\"YNJ SARL\",\"foundingDate\":\"2010-09-06\",\"numberOfEmployees\":{\"@type\":\"QuantitativeValue\",\"minValue\":\"11\",\"maxValue\":\"50\"}},{\"@type\":\"Person\",\"@id\":\"https:\\\/\\\/www.webdo.tn\\\/fr\\\/#\\\/schema\\\/person\\\/b9ecde7a5574cb4fcf4b496ea5fadb15\",\"name\":\"Wided Belhaj\",\"image\":{\"@type\":\"ImageObject\",\"inLanguage\":\"fr-FR\",\"@id\":\"https:\\\/\\\/www.webdo.tn\\\/fr\\\/wp-content\\\/uploads\\\/2026\\\/04\\\/wided-belhaj_avatar-96x96.jpg\",\"url\":\"https:\\\/\\\/www.webdo.tn\\\/fr\\\/wp-content\\\/uploads\\\/2026\\\/04\\\/wided-belhaj_avatar-96x96.jpg\",\"contentUrl\":\"https:\\\/\\\/www.webdo.tn\\\/fr\\\/wp-content\\\/uploads\\\/2026\\\/04\\\/wided-belhaj_avatar-96x96.jpg\",\"caption\":\"Wided Belhaj\"},\"description\":\"Wided Belhaj est le pseudonyme \u00e9ditorial utilis\u00e9 par Khalil Jelassi, journaliste, ma\u00eetre-assistant \u00e0 l\u2019Institut de presse et des sciences de l\u2019information (IPSI) et chercheur en sciences de l\u2019information et de la communication. Cette signature est d\u00e9di\u00e9e \u00e0 l\u2019analyse des m\u00e9dias, des pratiques journalistiques et des mutations de l\u2019information \u00e0 l\u2019\u00e8re digitale. \u00c0 travers ses contributions, Wided Belhaj propose une lecture analytique de l\u2019actualit\u00e9, en croisant regard critique et expertise acad\u00e9mique.\",\"knowsAbout\":[\"m\u00e9dias\",\"journalisme\",\"communication\",\"information\",\"transformation num\u00e9rique\",\"analyse des m\u00e9dias\"],\"knowsLanguage\":[\"Fran\u00e7ais\",\"Arabe\"],\"jobTitle\":\"Webdo.tn\",\"worksFor\":\"Journaliste \u2013 Analyse des m\u00e9dias\",\"url\":\"https:\\\/\\\/www.webdo.tn\\\/fr\\\/actualite\\\/author\\\/wided-belhaj\\\/\"}]}<\/script>\n<!-- \/ Yoast SEO Premium plugin. -->","yoast_head_json":{"title":"Microsoft alerte sur une coupure de c\u00e2bles sous-marins dans la mer Rouge - webdo","description":"D\u00e9couvrez les enjeux des c\u00e2bles sous-marins suite aux coupures d\u00e9tect\u00e9es par Microsoft dans la mer Rouge.","canonical":"https:\/\/www.webdo.tn\/fr\/actualite\/international\/microsoft-alerte-sur-une-coupure-de-cables-sous-marins-dans-la-mer-rouge\/382973\/","og_locale":"fr_FR","og_type":"article","og_title":"Microsoft alerte sur une coupure de c\u00e2bles sous-marins dans la mer Rouge","og_description":"D\u00e9couvrez les enjeux des c\u00e2bles sous-marins suite aux coupures d\u00e9tect\u00e9es par Microsoft dans la mer Rouge.","og_url":"https:\/\/www.webdo.tn\/fr\/actualite\/international\/microsoft-alerte-sur-une-coupure-de-cables-sous-marins-dans-la-mer-rouge\/382973\/","og_site_name":"webdo","article_publisher":"https:\/\/www.facebook.com\/webdotn","article_published_time":"2025-09-07T14:11:25+00:00","article_modified_time":"2025-09-07T14:11:26+00:00","og_image":[{"width":600,"height":338,"url":"https:\/\/www.webdo.tn\/fr\/wp-content\/uploads\/2025\/09\/102517-anh-1.jpg","type":"image\/jpeg"}],"author":"Wided Belhaj","twitter_card":"summary_large_image","twitter_creator":"@webdo_tn","twitter_site":"@webdo_tn","twitter_misc":{"\u00c9crit par":"Wided Belhaj","Dur\u00e9e de lecture estim\u00e9e":"2 minutes"},"schema":{"@context":"https:\/\/schema.org","@graph":[{"@type":"NewsArticle","@id":"https:\/\/www.webdo.tn\/fr\/actualite\/international\/microsoft-alerte-sur-une-coupure-de-cables-sous-marins-dans-la-mer-rouge\/382973\/#article","isPartOf":{"@id":"https:\/\/www.webdo.tn\/fr\/actualite\/international\/microsoft-alerte-sur-une-coupure-de-cables-sous-marins-dans-la-mer-rouge\/382973\/"},"author":{"name":"Wided Belhaj","@id":"https:\/\/www.webdo.tn\/fr\/#\/schema\/person\/b9ecde7a5574cb4fcf4b496ea5fadb15"},"headline":"Microsoft alerte sur une coupure de c\u00e2bles sous-marins dans la mer Rouge","datePublished":"2025-09-07T14:11:25+00:00","dateModified":"2025-09-07T14:11:26+00:00","mainEntityOfPage":{"@id":"https:\/\/www.webdo.tn\/fr\/actualite\/international\/microsoft-alerte-sur-une-coupure-de-cables-sous-marins-dans-la-mer-rouge\/382973\/"},"wordCount":390,"publisher":{"@id":"https:\/\/www.webdo.tn\/fr\/#organization"},"image":{"@id":"https:\/\/www.webdo.tn\/fr\/actualite\/international\/microsoft-alerte-sur-une-coupure-de-cables-sous-marins-dans-la-mer-rouge\/382973\/#primaryimage"},"thumbnailUrl":"https:\/\/www.webdo.tn\/fr\/wp-content\/uploads\/2025\/09\/102517-anh-1.jpg","keywords":["Cable","Internet","Sous-marin"],"articleSection":["International"],"inLanguage":"fr-FR"},{"@type":"WebPage","@id":"https:\/\/www.webdo.tn\/fr\/actualite\/international\/microsoft-alerte-sur-une-coupure-de-cables-sous-marins-dans-la-mer-rouge\/382973\/","url":"https:\/\/www.webdo.tn\/fr\/actualite\/international\/microsoft-alerte-sur-une-coupure-de-cables-sous-marins-dans-la-mer-rouge\/382973\/","name":"Microsoft alerte sur une coupure de c\u00e2bles sous-marins dans la mer Rouge - webdo","isPartOf":{"@id":"https:\/\/www.webdo.tn\/fr\/#website"},"primaryImageOfPage":{"@id":"https:\/\/www.webdo.tn\/fr\/actualite\/international\/microsoft-alerte-sur-une-coupure-de-cables-sous-marins-dans-la-mer-rouge\/382973\/#primaryimage"},"image":{"@id":"https:\/\/www.webdo.tn\/fr\/actualite\/international\/microsoft-alerte-sur-une-coupure-de-cables-sous-marins-dans-la-mer-rouge\/382973\/#primaryimage"},"thumbnailUrl":"https:\/\/www.webdo.tn\/fr\/wp-content\/uploads\/2025\/09\/102517-anh-1.jpg","datePublished":"2025-09-07T14:11:25+00:00","dateModified":"2025-09-07T14:11:26+00:00","description":"D\u00e9couvrez les enjeux des c\u00e2bles sous-marins suite aux coupures d\u00e9tect\u00e9es par Microsoft dans la mer Rouge.","breadcrumb":{"@id":"https:\/\/www.webdo.tn\/fr\/actualite\/international\/microsoft-alerte-sur-une-coupure-de-cables-sous-marins-dans-la-mer-rouge\/382973\/#breadcrumb"},"inLanguage":"fr-FR","potentialAction":[{"@type":"ReadAction","target":["https:\/\/www.webdo.tn\/fr\/actualite\/international\/microsoft-alerte-sur-une-coupure-de-cables-sous-marins-dans-la-mer-rouge\/382973\/"]}]},{"@type":"ImageObject","inLanguage":"fr-FR","@id":"https:\/\/www.webdo.tn\/fr\/actualite\/international\/microsoft-alerte-sur-une-coupure-de-cables-sous-marins-dans-la-mer-rouge\/382973\/#primaryimage","url":"https:\/\/www.webdo.tn\/fr\/wp-content\/uploads\/2025\/09\/102517-anh-1.jpg","contentUrl":"https:\/\/www.webdo.tn\/fr\/wp-content\/uploads\/2025\/09\/102517-anh-1.jpg","width":600,"height":338},{"@type":"BreadcrumbList","@id":"https:\/\/www.webdo.tn\/fr\/actualite\/international\/microsoft-alerte-sur-une-coupure-de-cables-sous-marins-dans-la-mer-rouge\/382973\/#breadcrumb","itemListElement":[{"@type":"ListItem","position":1,"name":"Accueil","item":"https:\/\/www.webdo.tn\/fr\/"},{"@type":"ListItem","position":2,"name":"Microsoft alerte sur une coupure de c\u00e2bles sous-marins dans la mer Rouge"}]},{"@type":"WebSite","@id":"https:\/\/www.webdo.tn\/fr\/#website","url":"https:\/\/www.webdo.tn\/fr\/","name":"webdo","description":"Tunisie - News en Tunisie et \u00e0 l&#039;international sur Webdo.tn","publisher":{"@id":"https:\/\/www.webdo.tn\/fr\/#organization"},"potentialAction":[{"@type":"SearchAction","target":{"@type":"EntryPoint","urlTemplate":"https:\/\/www.webdo.tn\/fr\/?s={search_term_string}"},"query-input":{"@type":"PropertyValueSpecification","valueRequired":true,"valueName":"search_term_string"}}],"inLanguage":"fr-FR"},{"@type":"Organization","@id":"https:\/\/www.webdo.tn\/fr\/#organization","name":"Webdo","alternateName":"Webdo.tn","url":"https:\/\/www.webdo.tn\/fr\/","logo":{"@type":"ImageObject","inLanguage":"fr-FR","@id":"https:\/\/www.webdo.tn\/fr\/#\/schema\/logo\/image\/","url":"https:\/\/www.webdo.tn\/fr\/wp-content\/uploads\/2025\/06\/Webdo-Tunisie_168377.jpg","contentUrl":"https:\/\/www.webdo.tn\/fr\/wp-content\/uploads\/2025\/06\/Webdo-Tunisie_168377.jpg","width":301,"height":301,"caption":"Webdo"},"image":{"@id":"https:\/\/www.webdo.tn\/fr\/#\/schema\/logo\/image\/"},"sameAs":["https:\/\/www.facebook.com\/webdotn","https:\/\/x.com\/webdo_tn"],"description":"Webdo est un m\u00e9dia num\u00e9rique tunisien fond\u00e9 en 2010, sp\u00e9cialis\u00e9 dans l\u2019actualit\u00e9 nationale et internationale, l\u2019\u00e9conomie, la soci\u00e9t\u00e9 et les analyses politiques. Le site s\u2019adresse \u00e0 un large public francophone et couvre l\u2019information tunisienne en temps r\u00e9el.","email":"redac@webdo.tn","legalName":"YNJ SARL","foundingDate":"2010-09-06","numberOfEmployees":{"@type":"QuantitativeValue","minValue":"11","maxValue":"50"}},{"@type":"Person","@id":"https:\/\/www.webdo.tn\/fr\/#\/schema\/person\/b9ecde7a5574cb4fcf4b496ea5fadb15","name":"Wided Belhaj","image":{"@type":"ImageObject","inLanguage":"fr-FR","@id":"https:\/\/www.webdo.tn\/fr\/wp-content\/uploads\/2026\/04\/wided-belhaj_avatar-96x96.jpg","url":"https:\/\/www.webdo.tn\/fr\/wp-content\/uploads\/2026\/04\/wided-belhaj_avatar-96x96.jpg","contentUrl":"https:\/\/www.webdo.tn\/fr\/wp-content\/uploads\/2026\/04\/wided-belhaj_avatar-96x96.jpg","caption":"Wided Belhaj"},"description":"Wided Belhaj est le pseudonyme \u00e9ditorial utilis\u00e9 par Khalil Jelassi, journaliste, ma\u00eetre-assistant \u00e0 l\u2019Institut de presse et des sciences de l\u2019information (IPSI) et chercheur en sciences de l\u2019information et de la communication. Cette signature est d\u00e9di\u00e9e \u00e0 l\u2019analyse des m\u00e9dias, des pratiques journalistiques et des mutations de l\u2019information \u00e0 l\u2019\u00e8re digitale. \u00c0 travers ses contributions, Wided Belhaj propose une lecture analytique de l\u2019actualit\u00e9, en croisant regard critique et expertise acad\u00e9mique.","knowsAbout":["m\u00e9dias","journalisme","communication","information","transformation num\u00e9rique","analyse des m\u00e9dias"],"knowsLanguage":["Fran\u00e7ais","Arabe"],"jobTitle":"Webdo.tn","worksFor":"Journaliste \u2013 Analyse des m\u00e9dias","url":"https:\/\/www.webdo.tn\/fr\/actualite\/author\/wided-belhaj\/"}]}},"_links":{"self":[{"href":"https:\/\/www.webdo.tn\/fr\/wp-json\/wp\/v2\/posts\/382973","targetHints":{"allow":["GET"]}}],"collection":[{"href":"https:\/\/www.webdo.tn\/fr\/wp-json\/wp\/v2\/posts"}],"about":[{"href":"https:\/\/www.webdo.tn\/fr\/wp-json\/wp\/v2\/types\/post"}],"author":[{"embeddable":true,"href":"https:\/\/www.webdo.tn\/fr\/wp-json\/wp\/v2\/users\/3184"}],"replies":[{"embeddable":true,"href":"https:\/\/www.webdo.tn\/fr\/wp-json\/wp\/v2\/comments?post=382973"}],"version-history":[{"count":0,"href":"https:\/\/www.webdo.tn\/fr\/wp-json\/wp\/v2\/posts\/382973\/revisions"}],"wp:featuredmedia":[{"embeddable":true,"href":"https:\/\/www.webdo.tn\/fr\/wp-json\/wp\/v2\/media\/382974"}],"wp:attachment":[{"href":"https:\/\/www.webdo.tn\/fr\/wp-json\/wp\/v2\/media?parent=382973"}],"wp:term":[{"taxonomy":"category","embeddable":true,"href":"https:\/\/www.webdo.tn\/fr\/wp-json\/wp\/v2\/categories?post=382973"},{"taxonomy":"post_tag","embeddable":true,"href":"https:\/\/www.webdo.tn\/fr\/wp-json\/wp\/v2\/tags?post=382973"}],"curies":[{"name":"wp","href":"https:\/\/api.w.org\/{rel}","templated":true}]}}