{"id":382968,"date":"2025-09-07T10:45:21","date_gmt":"2025-09-07T09:45:21","guid":{"rendered":"https:\/\/www.webdo.tn\/fr\/?p=382968"},"modified":"2025-09-08T08:41:58","modified_gmt":"2025-09-08T07:41:58","slug":"tunisie-cameras-et-reconnaissance-faciale-pour-securiser-la-medina-de-sousse","status":"publish","type":"post","link":"https:\/\/www.webdo.tn\/fr\/actualite\/regions\/tunisie-cameras-et-reconnaissance-faciale-pour-securiser-la-medina-de-sousse\/382968\/","title":{"rendered":"Tunisie : Cam\u00e9ras et reconnaissance faciale pour s\u00e9curiser la m\u00e9dina de Sousse"},"content":{"rendered":"\n<p><\/p>\n\n\n\n<p><strong>\u00c0 partir du lundi 8 septembre 2025, la municipalit\u00e9 de Sousse franchira une nouvelle \u00e9tape dans la s\u00e9curisation de sa m\u00e9dina.<\/strong> Selon le secr\u00e9taire g\u00e9n\u00e9ral de la municipalit\u00e9, Mourad Ben Salem, un syst\u00e8me de cam\u00e9ras de surveillance sera install\u00e9 au niveau de <em>Bab Jebli<\/em> ainsi que dans le p\u00e9rim\u00e8tre nord du <em>Ribat de Sousse<\/em>. Ces dispositifs seront directement reli\u00e9s \u00e0 la salle des op\u00e9rations de la police municipale. <\/p>\n\n\n\n<p>Au total, quatre cam\u00e9ras seront d\u00e9ploy\u00e9es dans ces zones strat\u00e9giques. Mourad Ben Salem a pr\u00e9cis\u00e9 qu\u2019elles disposent de fonctionnalit\u00e9s avanc\u00e9es, notamment la <strong>reconnaissance faciale<\/strong>, le suivi des flux de pi\u00e9tons et de v\u00e9hicules, ainsi que la collecte de statistiques en temps r\u00e9el sur les mouvements dans ces espaces.<\/p>\n\n\n\n<p>L\u2019installation de ce syst\u00e8me vise avant tout \u00e0 <strong>prot\u00e9ger l\u2019activit\u00e9 touristique et les visiteurs de la m\u00e9dina<\/strong>, c\u0153ur battant du patrimoine historique de Sousse. Le <em>Ribat<\/em> et les souks voisins attirent chaque ann\u00e9e des milliers de touristes tunisiens et \u00e9trangers. La municipalit\u00e9 esp\u00e8re ainsi dissuader les actes de d\u00e9linquance, fluidifier la circulation et mieux g\u00e9rer les flux dans cette zone particuli\u00e8rement fr\u00e9quent\u00e9e.<\/p>\n\n\n\n<h2 class=\"wp-block-heading\" id=\"h-la-medina-de-sousse-un-joyau-a-preserver\">La m\u00e9dina de Sousse, un joyau \u00e0 pr\u00e9server<\/h2>\n\n\n\n<p>Inscrite au <strong>patrimoine mondial de l\u2019UNESCO<\/strong>, la m\u00e9dina de Sousse est l\u2019un des sites les plus visit\u00e9s de Tunisie. Son attractivit\u00e9 constitue un moteur \u00e9conomique essentiel pour la r\u00e9gion. C\u2019est pourquoi les autorit\u00e9s locales insistent sur la n\u00e9cessit\u00e9 d\u2019adapter la s\u00e9curit\u00e9 aux standards internationaux, notamment \u00e0 travers des technologies de surveillance modernes.<\/p>\n\n\n\n<p><\/p>\n\n\n\n<p><strong>Lire aussi :<\/strong> <a href=\"https:\/\/www.webdo.tn\/fr\/actualite\/national\/tunisie-plus-de-radars-et-de-cameras-sur-nos-routes\/213222\/\">Tunisie : Plus de radars et de cam\u00e9ras sur nos routes<\/a><br><\/p>\n","protected":false},"excerpt":{"rendered":"<p>\u00c0 partir du lundi 8 septembre 2025, la municipalit\u00e9 de Sousse franchira une nouvelle \u00e9tape dans la s\u00e9curisation de sa m\u00e9dina. Selon le secr\u00e9taire g\u00e9n\u00e9ral de la municipalit\u00e9, Mourad Ben Salem, un syst\u00e8me de cam\u00e9ras de surveillance sera install\u00e9 au niveau de Bab Jebli ainsi que dans le p\u00e9rim\u00e8tre nord du Ribat de Sousse. Ces [&hellip;]<\/p>\n","protected":false},"author":3184,"featured_media":325446,"comment_status":"closed","ping_status":"closed","sticky":false,"template":"","format":"standard","meta":{"footnotes":""},"categories":[2595],"tags":[12003,2699,12795,2608],"class_list":["post-382968","post","type-post","status-publish","format-standard","has-post-thumbnail","hentry","category-regions","tag-camera","tag-sousse","tag-surveillance","tag-tunisie"],"yoast_head":"<!-- This site is optimized with the Yoast SEO Premium plugin v27.5 (Yoast SEO v27.5) - https:\/\/yoast.com\/product\/yoast-seo-premium-wordpress\/ -->\n<title>Tunisie : Cam\u00e9ras et reconnaissance faciale pour s\u00e9curiser la m\u00e9dina de Sousse - webdo<\/title>\n<meta name=\"description\" content=\"D\u00e8s le 8 septembre 2025, Sousse met en place un syst\u00e8me de s\u00e9curit\u00e9 am\u00e9lior\u00e9 dans sa m\u00e9dina avec quatre cam\u00e9ras de surveillance.\" \/>\n<link rel=\"canonical\" href=\"https:\/\/www.webdo.tn\/fr\/actualite\/regions\/tunisie-cameras-et-reconnaissance-faciale-pour-securiser-la-medina-de-sousse\/382968\/\" \/>\n<meta property=\"og:locale\" content=\"fr_FR\" \/>\n<meta property=\"og:type\" content=\"article\" \/>\n<meta property=\"og:title\" content=\"Tunisie : Cam\u00e9ras et reconnaissance faciale pour s\u00e9curiser la m\u00e9dina de Sousse\" \/>\n<meta property=\"og:description\" content=\"D\u00e8s le 8 septembre 2025, Sousse met en place un syst\u00e8me de s\u00e9curit\u00e9 am\u00e9lior\u00e9 dans sa m\u00e9dina avec quatre cam\u00e9ras de surveillance.\" \/>\n<meta property=\"og:url\" content=\"https:\/\/www.webdo.tn\/fr\/actualite\/regions\/tunisie-cameras-et-reconnaissance-faciale-pour-securiser-la-medina-de-sousse\/382968\/\" \/>\n<meta property=\"og:site_name\" content=\"webdo\" \/>\n<meta property=\"article:publisher\" content=\"https:\/\/www.facebook.com\/webdotn\" \/>\n<meta property=\"article:published_time\" content=\"2025-09-07T09:45:21+00:00\" \/>\n<meta property=\"article:modified_time\" content=\"2025-09-08T07:41:58+00:00\" \/>\n<meta property=\"og:image\" content=\"https:\/\/www.webdo.tn\/fr\/wp-content\/uploads\/2017\/06\/cameras-1024x832-1.jpg\" \/>\n\t<meta property=\"og:image:width\" content=\"1024\" \/>\n\t<meta property=\"og:image:height\" content=\"832\" \/>\n\t<meta property=\"og:image:type\" content=\"image\/jpeg\" \/>\n<meta name=\"author\" content=\"Wided Belhaj\" \/>\n<meta name=\"twitter:card\" content=\"summary_large_image\" \/>\n<meta name=\"twitter:creator\" content=\"@webdo_tn\" \/>\n<meta name=\"twitter:site\" content=\"@webdo_tn\" \/>\n<meta name=\"twitter:label1\" content=\"\u00c9crit par\" \/>\n\t<meta name=\"twitter:data1\" content=\"Wided Belhaj\" \/>\n\t<meta name=\"twitter:label2\" content=\"Dur\u00e9e de lecture estim\u00e9e\" \/>\n\t<meta name=\"twitter:data2\" content=\"2 minutes\" \/>\n<script type=\"application\/ld+json\" class=\"yoast-schema-graph\">{\"@context\":\"https:\\\/\\\/schema.org\",\"@graph\":[{\"@type\":\"NewsArticle\",\"@id\":\"https:\\\/\\\/www.webdo.tn\\\/fr\\\/actualite\\\/regions\\\/tunisie-cameras-et-reconnaissance-faciale-pour-securiser-la-medina-de-sousse\\\/382968\\\/#article\",\"isPartOf\":{\"@id\":\"https:\\\/\\\/www.webdo.tn\\\/fr\\\/actualite\\\/regions\\\/tunisie-cameras-et-reconnaissance-faciale-pour-securiser-la-medina-de-sousse\\\/382968\\\/\"},\"author\":{\"name\":\"Wided Belhaj\",\"@id\":\"https:\\\/\\\/www.webdo.tn\\\/fr\\\/#\\\/schema\\\/person\\\/b9ecde7a5574cb4fcf4b496ea5fadb15\"},\"headline\":\"Tunisie : Cam\u00e9ras et reconnaissance faciale pour s\u00e9curiser la m\u00e9dina de Sousse\",\"datePublished\":\"2025-09-07T09:45:21+00:00\",\"dateModified\":\"2025-09-08T07:41:58+00:00\",\"mainEntityOfPage\":{\"@id\":\"https:\\\/\\\/www.webdo.tn\\\/fr\\\/actualite\\\/regions\\\/tunisie-cameras-et-reconnaissance-faciale-pour-securiser-la-medina-de-sousse\\\/382968\\\/\"},\"wordCount\":305,\"publisher\":{\"@id\":\"https:\\\/\\\/www.webdo.tn\\\/fr\\\/#organization\"},\"image\":{\"@id\":\"https:\\\/\\\/www.webdo.tn\\\/fr\\\/actualite\\\/regions\\\/tunisie-cameras-et-reconnaissance-faciale-pour-securiser-la-medina-de-sousse\\\/382968\\\/#primaryimage\"},\"thumbnailUrl\":\"https:\\\/\\\/www.webdo.tn\\\/fr\\\/wp-content\\\/uploads\\\/2017\\\/06\\\/cameras-1024x832-1.jpg\",\"keywords\":[\"cam\u00e9ra\",\"Sousse\",\"Surveillance\",\"Tunisie\"],\"articleSection\":[\"regions\"],\"inLanguage\":\"fr-FR\"},{\"@type\":\"WebPage\",\"@id\":\"https:\\\/\\\/www.webdo.tn\\\/fr\\\/actualite\\\/regions\\\/tunisie-cameras-et-reconnaissance-faciale-pour-securiser-la-medina-de-sousse\\\/382968\\\/\",\"url\":\"https:\\\/\\\/www.webdo.tn\\\/fr\\\/actualite\\\/regions\\\/tunisie-cameras-et-reconnaissance-faciale-pour-securiser-la-medina-de-sousse\\\/382968\\\/\",\"name\":\"Tunisie : Cam\u00e9ras et reconnaissance faciale pour s\u00e9curiser la m\u00e9dina de Sousse - webdo\",\"isPartOf\":{\"@id\":\"https:\\\/\\\/www.webdo.tn\\\/fr\\\/#website\"},\"primaryImageOfPage\":{\"@id\":\"https:\\\/\\\/www.webdo.tn\\\/fr\\\/actualite\\\/regions\\\/tunisie-cameras-et-reconnaissance-faciale-pour-securiser-la-medina-de-sousse\\\/382968\\\/#primaryimage\"},\"image\":{\"@id\":\"https:\\\/\\\/www.webdo.tn\\\/fr\\\/actualite\\\/regions\\\/tunisie-cameras-et-reconnaissance-faciale-pour-securiser-la-medina-de-sousse\\\/382968\\\/#primaryimage\"},\"thumbnailUrl\":\"https:\\\/\\\/www.webdo.tn\\\/fr\\\/wp-content\\\/uploads\\\/2017\\\/06\\\/cameras-1024x832-1.jpg\",\"datePublished\":\"2025-09-07T09:45:21+00:00\",\"dateModified\":\"2025-09-08T07:41:58+00:00\",\"description\":\"D\u00e8s le 8 septembre 2025, Sousse met en place un syst\u00e8me de s\u00e9curit\u00e9 am\u00e9lior\u00e9 dans sa m\u00e9dina avec quatre cam\u00e9ras de surveillance.\",\"breadcrumb\":{\"@id\":\"https:\\\/\\\/www.webdo.tn\\\/fr\\\/actualite\\\/regions\\\/tunisie-cameras-et-reconnaissance-faciale-pour-securiser-la-medina-de-sousse\\\/382968\\\/#breadcrumb\"},\"inLanguage\":\"fr-FR\",\"potentialAction\":[{\"@type\":\"ReadAction\",\"target\":[\"https:\\\/\\\/www.webdo.tn\\\/fr\\\/actualite\\\/regions\\\/tunisie-cameras-et-reconnaissance-faciale-pour-securiser-la-medina-de-sousse\\\/382968\\\/\"]}]},{\"@type\":\"ImageObject\",\"inLanguage\":\"fr-FR\",\"@id\":\"https:\\\/\\\/www.webdo.tn\\\/fr\\\/actualite\\\/regions\\\/tunisie-cameras-et-reconnaissance-faciale-pour-securiser-la-medina-de-sousse\\\/382968\\\/#primaryimage\",\"url\":\"https:\\\/\\\/www.webdo.tn\\\/fr\\\/wp-content\\\/uploads\\\/2017\\\/06\\\/cameras-1024x832-1.jpg\",\"contentUrl\":\"https:\\\/\\\/www.webdo.tn\\\/fr\\\/wp-content\\\/uploads\\\/2017\\\/06\\\/cameras-1024x832-1.jpg\",\"width\":1024,\"height\":832,\"caption\":\"Les cam\u00e9ras de surveillance dans les lieux publics bient\u00f4t install\u00e9es\"},{\"@type\":\"BreadcrumbList\",\"@id\":\"https:\\\/\\\/www.webdo.tn\\\/fr\\\/actualite\\\/regions\\\/tunisie-cameras-et-reconnaissance-faciale-pour-securiser-la-medina-de-sousse\\\/382968\\\/#breadcrumb\",\"itemListElement\":[{\"@type\":\"ListItem\",\"position\":1,\"name\":\"Accueil\",\"item\":\"https:\\\/\\\/www.webdo.tn\\\/fr\\\/\"},{\"@type\":\"ListItem\",\"position\":2,\"name\":\"Tunisie : Cam\u00e9ras et reconnaissance faciale pour s\u00e9curiser la m\u00e9dina de Sousse\"}]},{\"@type\":\"WebSite\",\"@id\":\"https:\\\/\\\/www.webdo.tn\\\/fr\\\/#website\",\"url\":\"https:\\\/\\\/www.webdo.tn\\\/fr\\\/\",\"name\":\"webdo\",\"description\":\"Tunisie - News en Tunisie et \u00e0 l&#039;international sur Webdo.tn\",\"publisher\":{\"@id\":\"https:\\\/\\\/www.webdo.tn\\\/fr\\\/#organization\"},\"potentialAction\":[{\"@type\":\"SearchAction\",\"target\":{\"@type\":\"EntryPoint\",\"urlTemplate\":\"https:\\\/\\\/www.webdo.tn\\\/fr\\\/?s={search_term_string}\"},\"query-input\":{\"@type\":\"PropertyValueSpecification\",\"valueRequired\":true,\"valueName\":\"search_term_string\"}}],\"inLanguage\":\"fr-FR\"},{\"@type\":\"Organization\",\"@id\":\"https:\\\/\\\/www.webdo.tn\\\/fr\\\/#organization\",\"name\":\"Webdo\",\"alternateName\":\"Webdo.tn\",\"url\":\"https:\\\/\\\/www.webdo.tn\\\/fr\\\/\",\"logo\":{\"@type\":\"ImageObject\",\"inLanguage\":\"fr-FR\",\"@id\":\"https:\\\/\\\/www.webdo.tn\\\/fr\\\/#\\\/schema\\\/logo\\\/image\\\/\",\"url\":\"https:\\\/\\\/www.webdo.tn\\\/fr\\\/wp-content\\\/uploads\\\/2025\\\/06\\\/Webdo-Tunisie_168377.jpg\",\"contentUrl\":\"https:\\\/\\\/www.webdo.tn\\\/fr\\\/wp-content\\\/uploads\\\/2025\\\/06\\\/Webdo-Tunisie_168377.jpg\",\"width\":301,\"height\":301,\"caption\":\"Webdo\"},\"image\":{\"@id\":\"https:\\\/\\\/www.webdo.tn\\\/fr\\\/#\\\/schema\\\/logo\\\/image\\\/\"},\"sameAs\":[\"https:\\\/\\\/www.facebook.com\\\/webdotn\",\"https:\\\/\\\/x.com\\\/webdo_tn\"],\"description\":\"Webdo est un m\u00e9dia num\u00e9rique tunisien fond\u00e9 en 2010, sp\u00e9cialis\u00e9 dans l\u2019actualit\u00e9 nationale et internationale, l\u2019\u00e9conomie, la soci\u00e9t\u00e9 et les analyses politiques. Le site s\u2019adresse \u00e0 un large public francophone et couvre l\u2019information tunisienne en temps r\u00e9el.\",\"email\":\"redac@webdo.tn\",\"legalName\":\"YNJ SARL\",\"foundingDate\":\"2010-09-06\",\"numberOfEmployees\":{\"@type\":\"QuantitativeValue\",\"minValue\":\"11\",\"maxValue\":\"50\"}},{\"@type\":\"Person\",\"@id\":\"https:\\\/\\\/www.webdo.tn\\\/fr\\\/#\\\/schema\\\/person\\\/b9ecde7a5574cb4fcf4b496ea5fadb15\",\"name\":\"Wided Belhaj\",\"image\":{\"@type\":\"ImageObject\",\"inLanguage\":\"fr-FR\",\"@id\":\"https:\\\/\\\/www.webdo.tn\\\/fr\\\/wp-content\\\/uploads\\\/2026\\\/04\\\/wided-belhaj_avatar-96x96.jpg\",\"url\":\"https:\\\/\\\/www.webdo.tn\\\/fr\\\/wp-content\\\/uploads\\\/2026\\\/04\\\/wided-belhaj_avatar-96x96.jpg\",\"contentUrl\":\"https:\\\/\\\/www.webdo.tn\\\/fr\\\/wp-content\\\/uploads\\\/2026\\\/04\\\/wided-belhaj_avatar-96x96.jpg\",\"caption\":\"Wided Belhaj\"},\"description\":\"Wided Belhaj est le pseudonyme \u00e9ditorial utilis\u00e9 par Khalil Jelassi, journaliste, ma\u00eetre-assistant \u00e0 l\u2019Institut de presse et des sciences de l\u2019information (IPSI) et chercheur en sciences de l\u2019information et de la communication. Cette signature est d\u00e9di\u00e9e \u00e0 l\u2019analyse des m\u00e9dias, des pratiques journalistiques et des mutations de l\u2019information \u00e0 l\u2019\u00e8re digitale. \u00c0 travers ses contributions, Wided Belhaj propose une lecture analytique de l\u2019actualit\u00e9, en croisant regard critique et expertise acad\u00e9mique.\",\"knowsAbout\":[\"m\u00e9dias\",\"journalisme\",\"communication\",\"information\",\"transformation num\u00e9rique\",\"analyse des m\u00e9dias\"],\"knowsLanguage\":[\"Fran\u00e7ais\",\"Arabe\"],\"jobTitle\":\"Webdo.tn\",\"worksFor\":\"Journaliste \u2013 Analyse des m\u00e9dias\",\"url\":\"https:\\\/\\\/www.webdo.tn\\\/fr\\\/actualite\\\/author\\\/wided-belhaj\\\/\"}]}<\/script>\n<!-- \/ Yoast SEO Premium plugin. -->","yoast_head_json":{"title":"Tunisie : Cam\u00e9ras et reconnaissance faciale pour s\u00e9curiser la m\u00e9dina de Sousse - webdo","description":"D\u00e8s le 8 septembre 2025, Sousse met en place un syst\u00e8me de s\u00e9curit\u00e9 am\u00e9lior\u00e9 dans sa m\u00e9dina avec quatre cam\u00e9ras de surveillance.","canonical":"https:\/\/www.webdo.tn\/fr\/actualite\/regions\/tunisie-cameras-et-reconnaissance-faciale-pour-securiser-la-medina-de-sousse\/382968\/","og_locale":"fr_FR","og_type":"article","og_title":"Tunisie : Cam\u00e9ras et reconnaissance faciale pour s\u00e9curiser la m\u00e9dina de Sousse","og_description":"D\u00e8s le 8 septembre 2025, Sousse met en place un syst\u00e8me de s\u00e9curit\u00e9 am\u00e9lior\u00e9 dans sa m\u00e9dina avec quatre cam\u00e9ras de surveillance.","og_url":"https:\/\/www.webdo.tn\/fr\/actualite\/regions\/tunisie-cameras-et-reconnaissance-faciale-pour-securiser-la-medina-de-sousse\/382968\/","og_site_name":"webdo","article_publisher":"https:\/\/www.facebook.com\/webdotn","article_published_time":"2025-09-07T09:45:21+00:00","article_modified_time":"2025-09-08T07:41:58+00:00","og_image":[{"width":1024,"height":832,"url":"https:\/\/www.webdo.tn\/fr\/wp-content\/uploads\/2017\/06\/cameras-1024x832-1.jpg","type":"image\/jpeg"}],"author":"Wided Belhaj","twitter_card":"summary_large_image","twitter_creator":"@webdo_tn","twitter_site":"@webdo_tn","twitter_misc":{"\u00c9crit par":"Wided Belhaj","Dur\u00e9e de lecture estim\u00e9e":"2 minutes"},"schema":{"@context":"https:\/\/schema.org","@graph":[{"@type":"NewsArticle","@id":"https:\/\/www.webdo.tn\/fr\/actualite\/regions\/tunisie-cameras-et-reconnaissance-faciale-pour-securiser-la-medina-de-sousse\/382968\/#article","isPartOf":{"@id":"https:\/\/www.webdo.tn\/fr\/actualite\/regions\/tunisie-cameras-et-reconnaissance-faciale-pour-securiser-la-medina-de-sousse\/382968\/"},"author":{"name":"Wided Belhaj","@id":"https:\/\/www.webdo.tn\/fr\/#\/schema\/person\/b9ecde7a5574cb4fcf4b496ea5fadb15"},"headline":"Tunisie : Cam\u00e9ras et reconnaissance faciale pour s\u00e9curiser la m\u00e9dina de Sousse","datePublished":"2025-09-07T09:45:21+00:00","dateModified":"2025-09-08T07:41:58+00:00","mainEntityOfPage":{"@id":"https:\/\/www.webdo.tn\/fr\/actualite\/regions\/tunisie-cameras-et-reconnaissance-faciale-pour-securiser-la-medina-de-sousse\/382968\/"},"wordCount":305,"publisher":{"@id":"https:\/\/www.webdo.tn\/fr\/#organization"},"image":{"@id":"https:\/\/www.webdo.tn\/fr\/actualite\/regions\/tunisie-cameras-et-reconnaissance-faciale-pour-securiser-la-medina-de-sousse\/382968\/#primaryimage"},"thumbnailUrl":"https:\/\/www.webdo.tn\/fr\/wp-content\/uploads\/2017\/06\/cameras-1024x832-1.jpg","keywords":["cam\u00e9ra","Sousse","Surveillance","Tunisie"],"articleSection":["regions"],"inLanguage":"fr-FR"},{"@type":"WebPage","@id":"https:\/\/www.webdo.tn\/fr\/actualite\/regions\/tunisie-cameras-et-reconnaissance-faciale-pour-securiser-la-medina-de-sousse\/382968\/","url":"https:\/\/www.webdo.tn\/fr\/actualite\/regions\/tunisie-cameras-et-reconnaissance-faciale-pour-securiser-la-medina-de-sousse\/382968\/","name":"Tunisie : Cam\u00e9ras et reconnaissance faciale pour s\u00e9curiser la m\u00e9dina de Sousse - webdo","isPartOf":{"@id":"https:\/\/www.webdo.tn\/fr\/#website"},"primaryImageOfPage":{"@id":"https:\/\/www.webdo.tn\/fr\/actualite\/regions\/tunisie-cameras-et-reconnaissance-faciale-pour-securiser-la-medina-de-sousse\/382968\/#primaryimage"},"image":{"@id":"https:\/\/www.webdo.tn\/fr\/actualite\/regions\/tunisie-cameras-et-reconnaissance-faciale-pour-securiser-la-medina-de-sousse\/382968\/#primaryimage"},"thumbnailUrl":"https:\/\/www.webdo.tn\/fr\/wp-content\/uploads\/2017\/06\/cameras-1024x832-1.jpg","datePublished":"2025-09-07T09:45:21+00:00","dateModified":"2025-09-08T07:41:58+00:00","description":"D\u00e8s le 8 septembre 2025, Sousse met en place un syst\u00e8me de s\u00e9curit\u00e9 am\u00e9lior\u00e9 dans sa m\u00e9dina avec quatre cam\u00e9ras de surveillance.","breadcrumb":{"@id":"https:\/\/www.webdo.tn\/fr\/actualite\/regions\/tunisie-cameras-et-reconnaissance-faciale-pour-securiser-la-medina-de-sousse\/382968\/#breadcrumb"},"inLanguage":"fr-FR","potentialAction":[{"@type":"ReadAction","target":["https:\/\/www.webdo.tn\/fr\/actualite\/regions\/tunisie-cameras-et-reconnaissance-faciale-pour-securiser-la-medina-de-sousse\/382968\/"]}]},{"@type":"ImageObject","inLanguage":"fr-FR","@id":"https:\/\/www.webdo.tn\/fr\/actualite\/regions\/tunisie-cameras-et-reconnaissance-faciale-pour-securiser-la-medina-de-sousse\/382968\/#primaryimage","url":"https:\/\/www.webdo.tn\/fr\/wp-content\/uploads\/2017\/06\/cameras-1024x832-1.jpg","contentUrl":"https:\/\/www.webdo.tn\/fr\/wp-content\/uploads\/2017\/06\/cameras-1024x832-1.jpg","width":1024,"height":832,"caption":"Les cam\u00e9ras de surveillance dans les lieux publics bient\u00f4t install\u00e9es"},{"@type":"BreadcrumbList","@id":"https:\/\/www.webdo.tn\/fr\/actualite\/regions\/tunisie-cameras-et-reconnaissance-faciale-pour-securiser-la-medina-de-sousse\/382968\/#breadcrumb","itemListElement":[{"@type":"ListItem","position":1,"name":"Accueil","item":"https:\/\/www.webdo.tn\/fr\/"},{"@type":"ListItem","position":2,"name":"Tunisie : Cam\u00e9ras et reconnaissance faciale pour s\u00e9curiser la m\u00e9dina de Sousse"}]},{"@type":"WebSite","@id":"https:\/\/www.webdo.tn\/fr\/#website","url":"https:\/\/www.webdo.tn\/fr\/","name":"webdo","description":"Tunisie - News en Tunisie et \u00e0 l&#039;international sur Webdo.tn","publisher":{"@id":"https:\/\/www.webdo.tn\/fr\/#organization"},"potentialAction":[{"@type":"SearchAction","target":{"@type":"EntryPoint","urlTemplate":"https:\/\/www.webdo.tn\/fr\/?s={search_term_string}"},"query-input":{"@type":"PropertyValueSpecification","valueRequired":true,"valueName":"search_term_string"}}],"inLanguage":"fr-FR"},{"@type":"Organization","@id":"https:\/\/www.webdo.tn\/fr\/#organization","name":"Webdo","alternateName":"Webdo.tn","url":"https:\/\/www.webdo.tn\/fr\/","logo":{"@type":"ImageObject","inLanguage":"fr-FR","@id":"https:\/\/www.webdo.tn\/fr\/#\/schema\/logo\/image\/","url":"https:\/\/www.webdo.tn\/fr\/wp-content\/uploads\/2025\/06\/Webdo-Tunisie_168377.jpg","contentUrl":"https:\/\/www.webdo.tn\/fr\/wp-content\/uploads\/2025\/06\/Webdo-Tunisie_168377.jpg","width":301,"height":301,"caption":"Webdo"},"image":{"@id":"https:\/\/www.webdo.tn\/fr\/#\/schema\/logo\/image\/"},"sameAs":["https:\/\/www.facebook.com\/webdotn","https:\/\/x.com\/webdo_tn"],"description":"Webdo est un m\u00e9dia num\u00e9rique tunisien fond\u00e9 en 2010, sp\u00e9cialis\u00e9 dans l\u2019actualit\u00e9 nationale et internationale, l\u2019\u00e9conomie, la soci\u00e9t\u00e9 et les analyses politiques. Le site s\u2019adresse \u00e0 un large public francophone et couvre l\u2019information tunisienne en temps r\u00e9el.","email":"redac@webdo.tn","legalName":"YNJ SARL","foundingDate":"2010-09-06","numberOfEmployees":{"@type":"QuantitativeValue","minValue":"11","maxValue":"50"}},{"@type":"Person","@id":"https:\/\/www.webdo.tn\/fr\/#\/schema\/person\/b9ecde7a5574cb4fcf4b496ea5fadb15","name":"Wided Belhaj","image":{"@type":"ImageObject","inLanguage":"fr-FR","@id":"https:\/\/www.webdo.tn\/fr\/wp-content\/uploads\/2026\/04\/wided-belhaj_avatar-96x96.jpg","url":"https:\/\/www.webdo.tn\/fr\/wp-content\/uploads\/2026\/04\/wided-belhaj_avatar-96x96.jpg","contentUrl":"https:\/\/www.webdo.tn\/fr\/wp-content\/uploads\/2026\/04\/wided-belhaj_avatar-96x96.jpg","caption":"Wided Belhaj"},"description":"Wided Belhaj est le pseudonyme \u00e9ditorial utilis\u00e9 par Khalil Jelassi, journaliste, ma\u00eetre-assistant \u00e0 l\u2019Institut de presse et des sciences de l\u2019information (IPSI) et chercheur en sciences de l\u2019information et de la communication. Cette signature est d\u00e9di\u00e9e \u00e0 l\u2019analyse des m\u00e9dias, des pratiques journalistiques et des mutations de l\u2019information \u00e0 l\u2019\u00e8re digitale. \u00c0 travers ses contributions, Wided Belhaj propose une lecture analytique de l\u2019actualit\u00e9, en croisant regard critique et expertise acad\u00e9mique.","knowsAbout":["m\u00e9dias","journalisme","communication","information","transformation num\u00e9rique","analyse des m\u00e9dias"],"knowsLanguage":["Fran\u00e7ais","Arabe"],"jobTitle":"Webdo.tn","worksFor":"Journaliste \u2013 Analyse des m\u00e9dias","url":"https:\/\/www.webdo.tn\/fr\/actualite\/author\/wided-belhaj\/"}]}},"_links":{"self":[{"href":"https:\/\/www.webdo.tn\/fr\/wp-json\/wp\/v2\/posts\/382968","targetHints":{"allow":["GET"]}}],"collection":[{"href":"https:\/\/www.webdo.tn\/fr\/wp-json\/wp\/v2\/posts"}],"about":[{"href":"https:\/\/www.webdo.tn\/fr\/wp-json\/wp\/v2\/types\/post"}],"author":[{"embeddable":true,"href":"https:\/\/www.webdo.tn\/fr\/wp-json\/wp\/v2\/users\/3184"}],"replies":[{"embeddable":true,"href":"https:\/\/www.webdo.tn\/fr\/wp-json\/wp\/v2\/comments?post=382968"}],"version-history":[{"count":0,"href":"https:\/\/www.webdo.tn\/fr\/wp-json\/wp\/v2\/posts\/382968\/revisions"}],"wp:featuredmedia":[{"embeddable":true,"href":"https:\/\/www.webdo.tn\/fr\/wp-json\/wp\/v2\/media\/325446"}],"wp:attachment":[{"href":"https:\/\/www.webdo.tn\/fr\/wp-json\/wp\/v2\/media?parent=382968"}],"wp:term":[{"taxonomy":"category","embeddable":true,"href":"https:\/\/www.webdo.tn\/fr\/wp-json\/wp\/v2\/categories?post=382968"},{"taxonomy":"post_tag","embeddable":true,"href":"https:\/\/www.webdo.tn\/fr\/wp-json\/wp\/v2\/tags?post=382968"}],"curies":[{"name":"wp","href":"https:\/\/api.w.org\/{rel}","templated":true}]}}