{"id":382917,"date":"2025-09-06T09:19:41","date_gmt":"2025-09-06T08:19:41","guid":{"rendered":"https:\/\/www.webdo.tn\/fr\/?p=382917"},"modified":"2025-09-08T08:20:15","modified_gmt":"2025-09-08T07:20:15","slug":"violence-dans-les-stades-en-tunisie-retraits-de-points-a-letude-pour-sanctionner-les-clubs","status":"publish","type":"post","link":"https:\/\/www.webdo.tn\/fr\/actualite\/sport\/violence-dans-les-stades-en-tunisie-retraits-de-points-a-letude-pour-sanctionner-les-clubs\/382917\/","title":{"rendered":"Violence dans les stades en Tunisie : Retraits de points \u00e0 l\u2019\u00e9tude pour sanctionner les clubs"},"content":{"rendered":"\n<p><strong>Le minist\u00e8re de la Jeunesse et des Sports a annonc\u00e9, vendredi, <a href=\"https:\/\/www.facebook.com\/ministere.dejeunesse.dessport\/posts\/pfbid02Jf2tDYn29DkcjDYyfTU5N1Sc1NPPGCXBsv2oAZEcc333rzp1MpurvC2fJeRDVuqml\">une s\u00e9rie de mesures fermes pour lutter contre la violence dans les stades<\/a>. Parmi elles figure la r\u00e9vision du code disciplinaire, qui pourrait d\u00e9sormais sanctionner les clubs par des retraits de points.<\/strong><\/p>\n\n\n\n<p>Lors d\u2019une r\u00e9union pr\u00e9sid\u00e9e par le ministre de la Jeunesse et des Sports, Sadok Mourali, au si\u00e8ge du minist\u00e8re de l\u2019Int\u00e9rieur, la commission mixte a valid\u00e9 le principe de la r\u00e9vision du code disciplinaire. Ce texte sera soumis \u00e0 la prochaine r\u00e9union du bureau f\u00e9d\u00e9ral.<\/p>\n\n\n\n<h3 class=\"wp-block-heading\" id=\"h-un-code-disciplinaire-plus-severe\">Un code disciplinaire plus s\u00e9v\u00e8re<\/h3>\n\n\n\n<p>L\u2019objectif affich\u00e9 est de durcir les sanctions \u00e0 l\u2019encontre des clubs en cas d\u2019incidents violents, avec la possibilit\u00e9 d\u2019aller jusqu\u2019\u00e0 des retraits de points au classement.<\/p>\n\n\n\n<p>La r\u00e9union a \u00e9galement d\u00e9cid\u00e9 la cr\u00e9ation d\u2019une cellule de coordination op\u00e9rationnelle regroupant l\u2019arbitre, le commissaire du match, le coordinateur g\u00e9n\u00e9ral et un responsable de la s\u00e9curit\u00e9. Cette \u00e9quipe sera charg\u00e9e de superviser chaque rencontre sur les plans sportif, s\u00e9curitaire et logistique, et de prendre toutes les mesures n\u00e9cessaires pour en assurer le bon d\u00e9roulement.<\/p>\n\n\n\n<p>Le minist\u00e8re a annonc\u00e9 la soumission du statut des coordinateurs g\u00e9n\u00e9raux aux minist\u00e8res concern\u00e9s pour validation. Par ailleurs, un appel solennel a \u00e9t\u00e9 lanc\u00e9 aux pr\u00e9sidents de clubs et aux m\u00e9dias pour \u00e9viter les d\u00e9clarations incendiaires et tout discours susceptible d\u2019attiser les tensions autour des matchs.<\/p>\n\n\n\n<h3 class=\"wp-block-heading\" id=\"h-une-demarche-elargie-aux-autres-disciplines\">Une d\u00e9marche \u00e9largie aux autres disciplines<\/h3>\n\n\n\n<p>Sadok Mourali a insist\u00e9 sur la n\u00e9cessit\u00e9 de sanctionner fermement toute personne impliqu\u00e9e dans des actes de violence, rappelant que ce ph\u00e9nom\u00e8ne menace la s\u00e9curit\u00e9 des citoyens et des biens publics.<\/p>\n\n\n\n<p>Le ministre a \u00e9galement indiqu\u00e9 que des r\u00e9unions similaires seront organis\u00e9es avec les f\u00e9d\u00e9rations tunisiennes de handball et de basket-ball, afin d\u2019\u00e9tendre ces mesures aux salles sportives.<\/p>\n\n\n\n<p>Cette r\u00e9union s\u2019est tenue en pr\u00e9sence de hauts responsables du minist\u00e8re de l\u2019Int\u00e9rieur, des cadres du minist\u00e8re des Sports, ainsi que des repr\u00e9sentants de la F\u00e9d\u00e9ration tunisienne de football, de la Ligue nationale de football professionnel et de la Direction nationale de l\u2019arbitrage.<\/p>\n\n\n\n<p><\/p>\n\n\n\n<p><strong>Lire aussi : <\/strong><\/p>\n\n\n\n<ul class=\"wp-block-list\">\n<li><a href=\"https:\/\/www.webdo.tn\/fr\/actualite\/sport\/stade-de-rades-l-homme-a-la-tronconneuse-arrete\/205314\/\">Stade de Rad\u00e8s : L\u2019homme \u00e0 la tron\u00e7onneuse arr\u00eat\u00e9 !<\/a><\/li>\n\n\n\n<li><a href=\"https:\/\/www.webdo.tn\/fr\/actualite\/sport\/violence-dans-les-stades-les-stadiers-debarquent\/208555\/\">Violence dans les stades : Les stadiers d\u00e9barquent !<\/a><\/li>\n\n\n\n<li><a href=\"https:\/\/www.webdo.tn\/fr\/actualite\/sport\/violence-dans-les-stades-les-nouvelles-mesures-du-ministere-de-linterieur\/175567\/\">Violence dans les stades : Les nouvelles mesures du minist\u00e8re de l\u2019Int\u00e9rieur<\/a><\/li>\n\n\n\n<li><a href=\"https:\/\/www.webdo.tn\/fr\/actualite\/sport\/violences-stades-projet-de-loi-alourdir-sanctions\/176337\/\">Violences dans les stades : Un projet de loi pour alourdir les sanctions<\/a><\/li>\n<\/ul>\n","protected":false},"excerpt":{"rendered":"<p>Le minist\u00e8re de la Jeunesse et des Sports a annonc\u00e9, vendredi, une s\u00e9rie de mesures fermes pour lutter contre la violence dans les stades. Parmi elles figure la r\u00e9vision du code disciplinaire, qui pourrait d\u00e9sormais sanctionner les clubs par des retraits de points. Lors d\u2019une r\u00e9union pr\u00e9sid\u00e9e par le ministre de la Jeunesse et des [&hellip;]<\/p>\n","protected":false},"author":3191,"featured_media":301778,"comment_status":"closed","ping_status":"closed","sticky":false,"template":"","format":"standard","meta":{"footnotes":""},"categories":[2593],"tags":[2622,12788,12787,2608,2827],"class_list":["post-382917","post","type-post","status-publish","format-standard","has-post-thumbnail","hentry","category-sport","tag-football","tag-retrait-de-points","tag-stades","tag-tunisie","tag-violence"],"yoast_head":"<!-- This site is optimized with the Yoast SEO Premium plugin v27.4 (Yoast SEO v27.5) - https:\/\/yoast.com\/product\/yoast-seo-premium-wordpress\/ -->\n<title>Violence dans les stades en Tunisie : Retraits de points \u00e0 l\u2019\u00e9tude pour sanctionner les clubs - webdo<\/title>\n<meta name=\"description\" content=\"Le minist\u00e8re de la Jeunesse et des Sports envisage des retraits de points pour sanctionner les clubs responsables de violence dans les stades.\" \/>\n<link rel=\"canonical\" href=\"https:\/\/www.webdo.tn\/fr\/actualite\/sport\/violence-dans-les-stades-en-tunisie-retraits-de-points-a-letude-pour-sanctionner-les-clubs\/382917\/\" \/>\n<meta property=\"og:locale\" content=\"fr_FR\" \/>\n<meta property=\"og:type\" content=\"article\" \/>\n<meta property=\"og:title\" content=\"Violence dans les stades en Tunisie : Retraits de points \u00e0 l\u2019\u00e9tude pour sanctionner les clubs\" \/>\n<meta property=\"og:description\" content=\"Le minist\u00e8re de la Jeunesse et des Sports envisage des retraits de points pour sanctionner les clubs responsables de violence dans les stades.\" \/>\n<meta property=\"og:url\" content=\"https:\/\/www.webdo.tn\/fr\/actualite\/sport\/violence-dans-les-stades-en-tunisie-retraits-de-points-a-letude-pour-sanctionner-les-clubs\/382917\/\" \/>\n<meta property=\"og:site_name\" content=\"webdo\" \/>\n<meta property=\"article:publisher\" content=\"https:\/\/www.facebook.com\/webdotn\" \/>\n<meta property=\"article:published_time\" content=\"2025-09-06T08:19:41+00:00\" \/>\n<meta property=\"article:modified_time\" content=\"2025-09-08T07:20:15+00:00\" \/>\n<meta property=\"og:image\" content=\"https:\/\/www.webdo.tn\/fr\/wp-content\/uploads\/2017\/11\/stade-olympique-de-Rades-casse-1-e1757146557395.jpg\" \/>\n\t<meta property=\"og:image:width\" content=\"512\" \/>\n\t<meta property=\"og:image:height\" content=\"300\" \/>\n\t<meta property=\"og:image:type\" content=\"image\/jpeg\" \/>\n<meta name=\"author\" content=\"Mohamed Hedi Touati\" \/>\n<meta name=\"twitter:card\" content=\"summary_large_image\" \/>\n<meta name=\"twitter:creator\" content=\"@webdo_tn\" \/>\n<meta name=\"twitter:site\" content=\"@webdo_tn\" \/>\n<meta name=\"twitter:label1\" content=\"\u00c9crit par\" \/>\n\t<meta name=\"twitter:data1\" content=\"Mohamed Hedi Touati\" \/>\n\t<meta name=\"twitter:label2\" content=\"Dur\u00e9e de lecture estim\u00e9e\" \/>\n\t<meta name=\"twitter:data2\" content=\"3 minutes\" \/>\n<script type=\"application\/ld+json\" class=\"yoast-schema-graph\">{\"@context\":\"https:\\\/\\\/schema.org\",\"@graph\":[{\"@type\":\"NewsArticle\",\"@id\":\"https:\\\/\\\/www.webdo.tn\\\/fr\\\/actualite\\\/sport\\\/violence-dans-les-stades-en-tunisie-retraits-de-points-a-letude-pour-sanctionner-les-clubs\\\/382917\\\/#article\",\"isPartOf\":{\"@id\":\"https:\\\/\\\/www.webdo.tn\\\/fr\\\/actualite\\\/sport\\\/violence-dans-les-stades-en-tunisie-retraits-de-points-a-letude-pour-sanctionner-les-clubs\\\/382917\\\/\"},\"author\":{\"name\":\"Mohamed Hedi Touati\",\"@id\":\"https:\\\/\\\/www.webdo.tn\\\/fr\\\/#\\\/schema\\\/person\\\/c652cd8fc2b1b44412b5ffb48c5a911d\"},\"headline\":\"Violence dans les stades en Tunisie : Retraits de points \u00e0 l\u2019\u00e9tude pour sanctionner les clubs\",\"datePublished\":\"2025-09-06T08:19:41+00:00\",\"dateModified\":\"2025-09-08T07:20:15+00:00\",\"mainEntityOfPage\":{\"@id\":\"https:\\\/\\\/www.webdo.tn\\\/fr\\\/actualite\\\/sport\\\/violence-dans-les-stades-en-tunisie-retraits-de-points-a-letude-pour-sanctionner-les-clubs\\\/382917\\\/\"},\"wordCount\":453,\"publisher\":{\"@id\":\"https:\\\/\\\/www.webdo.tn\\\/fr\\\/#organization\"},\"image\":{\"@id\":\"https:\\\/\\\/www.webdo.tn\\\/fr\\\/actualite\\\/sport\\\/violence-dans-les-stades-en-tunisie-retraits-de-points-a-letude-pour-sanctionner-les-clubs\\\/382917\\\/#primaryimage\"},\"thumbnailUrl\":\"https:\\\/\\\/www.webdo.tn\\\/fr\\\/wp-content\\\/uploads\\\/2017\\\/11\\\/stade-olympique-de-Rades-casse-1-e1757146557395.jpg\",\"keywords\":[\"football\",\"retrait de points\",\"stades\",\"Tunisie\",\"violence\"],\"articleSection\":[\"Sport\"],\"inLanguage\":\"fr-FR\"},{\"@type\":\"WebPage\",\"@id\":\"https:\\\/\\\/www.webdo.tn\\\/fr\\\/actualite\\\/sport\\\/violence-dans-les-stades-en-tunisie-retraits-de-points-a-letude-pour-sanctionner-les-clubs\\\/382917\\\/\",\"url\":\"https:\\\/\\\/www.webdo.tn\\\/fr\\\/actualite\\\/sport\\\/violence-dans-les-stades-en-tunisie-retraits-de-points-a-letude-pour-sanctionner-les-clubs\\\/382917\\\/\",\"name\":\"Violence dans les stades en Tunisie : Retraits de points \u00e0 l\u2019\u00e9tude pour sanctionner les clubs - webdo\",\"isPartOf\":{\"@id\":\"https:\\\/\\\/www.webdo.tn\\\/fr\\\/#website\"},\"primaryImageOfPage\":{\"@id\":\"https:\\\/\\\/www.webdo.tn\\\/fr\\\/actualite\\\/sport\\\/violence-dans-les-stades-en-tunisie-retraits-de-points-a-letude-pour-sanctionner-les-clubs\\\/382917\\\/#primaryimage\"},\"image\":{\"@id\":\"https:\\\/\\\/www.webdo.tn\\\/fr\\\/actualite\\\/sport\\\/violence-dans-les-stades-en-tunisie-retraits-de-points-a-letude-pour-sanctionner-les-clubs\\\/382917\\\/#primaryimage\"},\"thumbnailUrl\":\"https:\\\/\\\/www.webdo.tn\\\/fr\\\/wp-content\\\/uploads\\\/2017\\\/11\\\/stade-olympique-de-Rades-casse-1-e1757146557395.jpg\",\"datePublished\":\"2025-09-06T08:19:41+00:00\",\"dateModified\":\"2025-09-08T07:20:15+00:00\",\"description\":\"Le minist\u00e8re de la Jeunesse et des Sports envisage des retraits de points pour sanctionner les clubs responsables de violence dans les stades.\",\"breadcrumb\":{\"@id\":\"https:\\\/\\\/www.webdo.tn\\\/fr\\\/actualite\\\/sport\\\/violence-dans-les-stades-en-tunisie-retraits-de-points-a-letude-pour-sanctionner-les-clubs\\\/382917\\\/#breadcrumb\"},\"inLanguage\":\"fr-FR\",\"potentialAction\":[{\"@type\":\"ReadAction\",\"target\":[\"https:\\\/\\\/www.webdo.tn\\\/fr\\\/actualite\\\/sport\\\/violence-dans-les-stades-en-tunisie-retraits-de-points-a-letude-pour-sanctionner-les-clubs\\\/382917\\\/\"]}]},{\"@type\":\"ImageObject\",\"inLanguage\":\"fr-FR\",\"@id\":\"https:\\\/\\\/www.webdo.tn\\\/fr\\\/actualite\\\/sport\\\/violence-dans-les-stades-en-tunisie-retraits-de-points-a-letude-pour-sanctionner-les-clubs\\\/382917\\\/#primaryimage\",\"url\":\"https:\\\/\\\/www.webdo.tn\\\/fr\\\/wp-content\\\/uploads\\\/2017\\\/11\\\/stade-olympique-de-Rades-casse-1-e1757146557395.jpg\",\"contentUrl\":\"https:\\\/\\\/www.webdo.tn\\\/fr\\\/wp-content\\\/uploads\\\/2017\\\/11\\\/stade-olympique-de-Rades-casse-1-e1757146557395.jpg\",\"width\":512,\"height\":300,\"caption\":\"Violence dans les stades en Tunisie : Retraits de points \u00e0 l\u2019\u00e9tude pour sanctionner les clubs\"},{\"@type\":\"BreadcrumbList\",\"@id\":\"https:\\\/\\\/www.webdo.tn\\\/fr\\\/actualite\\\/sport\\\/violence-dans-les-stades-en-tunisie-retraits-de-points-a-letude-pour-sanctionner-les-clubs\\\/382917\\\/#breadcrumb\",\"itemListElement\":[{\"@type\":\"ListItem\",\"position\":1,\"name\":\"Accueil\",\"item\":\"https:\\\/\\\/www.webdo.tn\\\/fr\\\/\"},{\"@type\":\"ListItem\",\"position\":2,\"name\":\"Violence dans les stades en Tunisie : Retraits de points \u00e0 l\u2019\u00e9tude pour sanctionner les clubs\"}]},{\"@type\":\"WebSite\",\"@id\":\"https:\\\/\\\/www.webdo.tn\\\/fr\\\/#website\",\"url\":\"https:\\\/\\\/www.webdo.tn\\\/fr\\\/\",\"name\":\"webdo\",\"description\":\"Tunisie - News en Tunisie et \u00e0 l&#039;international sur Webdo.tn\",\"publisher\":{\"@id\":\"https:\\\/\\\/www.webdo.tn\\\/fr\\\/#organization\"},\"potentialAction\":[{\"@type\":\"SearchAction\",\"target\":{\"@type\":\"EntryPoint\",\"urlTemplate\":\"https:\\\/\\\/www.webdo.tn\\\/fr\\\/?s={search_term_string}\"},\"query-input\":{\"@type\":\"PropertyValueSpecification\",\"valueRequired\":true,\"valueName\":\"search_term_string\"}}],\"inLanguage\":\"fr-FR\"},{\"@type\":\"Organization\",\"@id\":\"https:\\\/\\\/www.webdo.tn\\\/fr\\\/#organization\",\"name\":\"Webdo\",\"alternateName\":\"Webdo.tn\",\"url\":\"https:\\\/\\\/www.webdo.tn\\\/fr\\\/\",\"logo\":{\"@type\":\"ImageObject\",\"inLanguage\":\"fr-FR\",\"@id\":\"https:\\\/\\\/www.webdo.tn\\\/fr\\\/#\\\/schema\\\/logo\\\/image\\\/\",\"url\":\"https:\\\/\\\/www.webdo.tn\\\/fr\\\/wp-content\\\/uploads\\\/2025\\\/06\\\/Webdo-Tunisie_168377.jpg\",\"contentUrl\":\"https:\\\/\\\/www.webdo.tn\\\/fr\\\/wp-content\\\/uploads\\\/2025\\\/06\\\/Webdo-Tunisie_168377.jpg\",\"width\":301,\"height\":301,\"caption\":\"Webdo\"},\"image\":{\"@id\":\"https:\\\/\\\/www.webdo.tn\\\/fr\\\/#\\\/schema\\\/logo\\\/image\\\/\"},\"sameAs\":[\"https:\\\/\\\/www.facebook.com\\\/webdotn\",\"https:\\\/\\\/x.com\\\/webdo_tn\"],\"description\":\"Webdo est un m\u00e9dia num\u00e9rique tunisien fond\u00e9 en 2010, sp\u00e9cialis\u00e9 dans l\u2019actualit\u00e9 nationale et internationale, l\u2019\u00e9conomie, la soci\u00e9t\u00e9 et les analyses politiques. Le site s\u2019adresse \u00e0 un large public francophone et couvre l\u2019information tunisienne en temps r\u00e9el.\",\"email\":\"redac@webdo.tn\",\"legalName\":\"YNJ SARL\",\"foundingDate\":\"2010-09-06\",\"numberOfEmployees\":{\"@type\":\"QuantitativeValue\",\"minValue\":\"11\",\"maxValue\":\"50\"}},{\"@type\":\"Person\",\"@id\":\"https:\\\/\\\/www.webdo.tn\\\/fr\\\/#\\\/schema\\\/person\\\/c652cd8fc2b1b44412b5ffb48c5a911d\",\"name\":\"Mohamed Hedi Touati\",\"image\":{\"@type\":\"ImageObject\",\"inLanguage\":\"fr-FR\",\"@id\":\"https:\\\/\\\/secure.gravatar.com\\\/avatar\\\/9cfd402c745b7a685f13eed0ea6e59d2144a3c2fc50a3db6fd5ed451f6cddf1a?s=96&d=mm&r=g\",\"url\":\"https:\\\/\\\/secure.gravatar.com\\\/avatar\\\/9cfd402c745b7a685f13eed0ea6e59d2144a3c2fc50a3db6fd5ed451f6cddf1a?s=96&d=mm&r=g\",\"contentUrl\":\"https:\\\/\\\/secure.gravatar.com\\\/avatar\\\/9cfd402c745b7a685f13eed0ea6e59d2144a3c2fc50a3db6fd5ed451f6cddf1a?s=96&d=mm&r=g\",\"caption\":\"Mohamed Hedi Touati\"},\"url\":\"https:\\\/\\\/www.webdo.tn\\\/fr\\\/actualite\\\/author\\\/mohamed-hedi-touati\\\/\"}]}<\/script>\n<!-- \/ Yoast SEO Premium plugin. -->","yoast_head_json":{"title":"Violence dans les stades en Tunisie : Retraits de points \u00e0 l\u2019\u00e9tude pour sanctionner les clubs - webdo","description":"Le minist\u00e8re de la Jeunesse et des Sports envisage des retraits de points pour sanctionner les clubs responsables de violence dans les stades.","canonical":"https:\/\/www.webdo.tn\/fr\/actualite\/sport\/violence-dans-les-stades-en-tunisie-retraits-de-points-a-letude-pour-sanctionner-les-clubs\/382917\/","og_locale":"fr_FR","og_type":"article","og_title":"Violence dans les stades en Tunisie : Retraits de points \u00e0 l\u2019\u00e9tude pour sanctionner les clubs","og_description":"Le minist\u00e8re de la Jeunesse et des Sports envisage des retraits de points pour sanctionner les clubs responsables de violence dans les stades.","og_url":"https:\/\/www.webdo.tn\/fr\/actualite\/sport\/violence-dans-les-stades-en-tunisie-retraits-de-points-a-letude-pour-sanctionner-les-clubs\/382917\/","og_site_name":"webdo","article_publisher":"https:\/\/www.facebook.com\/webdotn","article_published_time":"2025-09-06T08:19:41+00:00","article_modified_time":"2025-09-08T07:20:15+00:00","og_image":[{"width":512,"height":300,"url":"https:\/\/www.webdo.tn\/fr\/wp-content\/uploads\/2017\/11\/stade-olympique-de-Rades-casse-1-e1757146557395.jpg","type":"image\/jpeg"}],"author":"Mohamed Hedi Touati","twitter_card":"summary_large_image","twitter_creator":"@webdo_tn","twitter_site":"@webdo_tn","twitter_misc":{"\u00c9crit par":"Mohamed Hedi Touati","Dur\u00e9e de lecture estim\u00e9e":"3 minutes"},"schema":{"@context":"https:\/\/schema.org","@graph":[{"@type":"NewsArticle","@id":"https:\/\/www.webdo.tn\/fr\/actualite\/sport\/violence-dans-les-stades-en-tunisie-retraits-de-points-a-letude-pour-sanctionner-les-clubs\/382917\/#article","isPartOf":{"@id":"https:\/\/www.webdo.tn\/fr\/actualite\/sport\/violence-dans-les-stades-en-tunisie-retraits-de-points-a-letude-pour-sanctionner-les-clubs\/382917\/"},"author":{"name":"Mohamed Hedi Touati","@id":"https:\/\/www.webdo.tn\/fr\/#\/schema\/person\/c652cd8fc2b1b44412b5ffb48c5a911d"},"headline":"Violence dans les stades en Tunisie : Retraits de points \u00e0 l\u2019\u00e9tude pour sanctionner les clubs","datePublished":"2025-09-06T08:19:41+00:00","dateModified":"2025-09-08T07:20:15+00:00","mainEntityOfPage":{"@id":"https:\/\/www.webdo.tn\/fr\/actualite\/sport\/violence-dans-les-stades-en-tunisie-retraits-de-points-a-letude-pour-sanctionner-les-clubs\/382917\/"},"wordCount":453,"publisher":{"@id":"https:\/\/www.webdo.tn\/fr\/#organization"},"image":{"@id":"https:\/\/www.webdo.tn\/fr\/actualite\/sport\/violence-dans-les-stades-en-tunisie-retraits-de-points-a-letude-pour-sanctionner-les-clubs\/382917\/#primaryimage"},"thumbnailUrl":"https:\/\/www.webdo.tn\/fr\/wp-content\/uploads\/2017\/11\/stade-olympique-de-Rades-casse-1-e1757146557395.jpg","keywords":["football","retrait de points","stades","Tunisie","violence"],"articleSection":["Sport"],"inLanguage":"fr-FR"},{"@type":"WebPage","@id":"https:\/\/www.webdo.tn\/fr\/actualite\/sport\/violence-dans-les-stades-en-tunisie-retraits-de-points-a-letude-pour-sanctionner-les-clubs\/382917\/","url":"https:\/\/www.webdo.tn\/fr\/actualite\/sport\/violence-dans-les-stades-en-tunisie-retraits-de-points-a-letude-pour-sanctionner-les-clubs\/382917\/","name":"Violence dans les stades en Tunisie : Retraits de points \u00e0 l\u2019\u00e9tude pour sanctionner les clubs - webdo","isPartOf":{"@id":"https:\/\/www.webdo.tn\/fr\/#website"},"primaryImageOfPage":{"@id":"https:\/\/www.webdo.tn\/fr\/actualite\/sport\/violence-dans-les-stades-en-tunisie-retraits-de-points-a-letude-pour-sanctionner-les-clubs\/382917\/#primaryimage"},"image":{"@id":"https:\/\/www.webdo.tn\/fr\/actualite\/sport\/violence-dans-les-stades-en-tunisie-retraits-de-points-a-letude-pour-sanctionner-les-clubs\/382917\/#primaryimage"},"thumbnailUrl":"https:\/\/www.webdo.tn\/fr\/wp-content\/uploads\/2017\/11\/stade-olympique-de-Rades-casse-1-e1757146557395.jpg","datePublished":"2025-09-06T08:19:41+00:00","dateModified":"2025-09-08T07:20:15+00:00","description":"Le minist\u00e8re de la Jeunesse et des Sports envisage des retraits de points pour sanctionner les clubs responsables de violence dans les stades.","breadcrumb":{"@id":"https:\/\/www.webdo.tn\/fr\/actualite\/sport\/violence-dans-les-stades-en-tunisie-retraits-de-points-a-letude-pour-sanctionner-les-clubs\/382917\/#breadcrumb"},"inLanguage":"fr-FR","potentialAction":[{"@type":"ReadAction","target":["https:\/\/www.webdo.tn\/fr\/actualite\/sport\/violence-dans-les-stades-en-tunisie-retraits-de-points-a-letude-pour-sanctionner-les-clubs\/382917\/"]}]},{"@type":"ImageObject","inLanguage":"fr-FR","@id":"https:\/\/www.webdo.tn\/fr\/actualite\/sport\/violence-dans-les-stades-en-tunisie-retraits-de-points-a-letude-pour-sanctionner-les-clubs\/382917\/#primaryimage","url":"https:\/\/www.webdo.tn\/fr\/wp-content\/uploads\/2017\/11\/stade-olympique-de-Rades-casse-1-e1757146557395.jpg","contentUrl":"https:\/\/www.webdo.tn\/fr\/wp-content\/uploads\/2017\/11\/stade-olympique-de-Rades-casse-1-e1757146557395.jpg","width":512,"height":300,"caption":"Violence dans les stades en Tunisie : Retraits de points \u00e0 l\u2019\u00e9tude pour sanctionner les clubs"},{"@type":"BreadcrumbList","@id":"https:\/\/www.webdo.tn\/fr\/actualite\/sport\/violence-dans-les-stades-en-tunisie-retraits-de-points-a-letude-pour-sanctionner-les-clubs\/382917\/#breadcrumb","itemListElement":[{"@type":"ListItem","position":1,"name":"Accueil","item":"https:\/\/www.webdo.tn\/fr\/"},{"@type":"ListItem","position":2,"name":"Violence dans les stades en Tunisie : Retraits de points \u00e0 l\u2019\u00e9tude pour sanctionner les clubs"}]},{"@type":"WebSite","@id":"https:\/\/www.webdo.tn\/fr\/#website","url":"https:\/\/www.webdo.tn\/fr\/","name":"webdo","description":"Tunisie - News en Tunisie et \u00e0 l&#039;international sur Webdo.tn","publisher":{"@id":"https:\/\/www.webdo.tn\/fr\/#organization"},"potentialAction":[{"@type":"SearchAction","target":{"@type":"EntryPoint","urlTemplate":"https:\/\/www.webdo.tn\/fr\/?s={search_term_string}"},"query-input":{"@type":"PropertyValueSpecification","valueRequired":true,"valueName":"search_term_string"}}],"inLanguage":"fr-FR"},{"@type":"Organization","@id":"https:\/\/www.webdo.tn\/fr\/#organization","name":"Webdo","alternateName":"Webdo.tn","url":"https:\/\/www.webdo.tn\/fr\/","logo":{"@type":"ImageObject","inLanguage":"fr-FR","@id":"https:\/\/www.webdo.tn\/fr\/#\/schema\/logo\/image\/","url":"https:\/\/www.webdo.tn\/fr\/wp-content\/uploads\/2025\/06\/Webdo-Tunisie_168377.jpg","contentUrl":"https:\/\/www.webdo.tn\/fr\/wp-content\/uploads\/2025\/06\/Webdo-Tunisie_168377.jpg","width":301,"height":301,"caption":"Webdo"},"image":{"@id":"https:\/\/www.webdo.tn\/fr\/#\/schema\/logo\/image\/"},"sameAs":["https:\/\/www.facebook.com\/webdotn","https:\/\/x.com\/webdo_tn"],"description":"Webdo est un m\u00e9dia num\u00e9rique tunisien fond\u00e9 en 2010, sp\u00e9cialis\u00e9 dans l\u2019actualit\u00e9 nationale et internationale, l\u2019\u00e9conomie, la soci\u00e9t\u00e9 et les analyses politiques. Le site s\u2019adresse \u00e0 un large public francophone et couvre l\u2019information tunisienne en temps r\u00e9el.","email":"redac@webdo.tn","legalName":"YNJ SARL","foundingDate":"2010-09-06","numberOfEmployees":{"@type":"QuantitativeValue","minValue":"11","maxValue":"50"}},{"@type":"Person","@id":"https:\/\/www.webdo.tn\/fr\/#\/schema\/person\/c652cd8fc2b1b44412b5ffb48c5a911d","name":"Mohamed Hedi Touati","image":{"@type":"ImageObject","inLanguage":"fr-FR","@id":"https:\/\/secure.gravatar.com\/avatar\/9cfd402c745b7a685f13eed0ea6e59d2144a3c2fc50a3db6fd5ed451f6cddf1a?s=96&d=mm&r=g","url":"https:\/\/secure.gravatar.com\/avatar\/9cfd402c745b7a685f13eed0ea6e59d2144a3c2fc50a3db6fd5ed451f6cddf1a?s=96&d=mm&r=g","contentUrl":"https:\/\/secure.gravatar.com\/avatar\/9cfd402c745b7a685f13eed0ea6e59d2144a3c2fc50a3db6fd5ed451f6cddf1a?s=96&d=mm&r=g","caption":"Mohamed Hedi Touati"},"url":"https:\/\/www.webdo.tn\/fr\/actualite\/author\/mohamed-hedi-touati\/"}]}},"_links":{"self":[{"href":"https:\/\/www.webdo.tn\/fr\/wp-json\/wp\/v2\/posts\/382917","targetHints":{"allow":["GET"]}}],"collection":[{"href":"https:\/\/www.webdo.tn\/fr\/wp-json\/wp\/v2\/posts"}],"about":[{"href":"https:\/\/www.webdo.tn\/fr\/wp-json\/wp\/v2\/types\/post"}],"author":[{"embeddable":true,"href":"https:\/\/www.webdo.tn\/fr\/wp-json\/wp\/v2\/users\/3191"}],"replies":[{"embeddable":true,"href":"https:\/\/www.webdo.tn\/fr\/wp-json\/wp\/v2\/comments?post=382917"}],"version-history":[{"count":0,"href":"https:\/\/www.webdo.tn\/fr\/wp-json\/wp\/v2\/posts\/382917\/revisions"}],"wp:featuredmedia":[{"embeddable":true,"href":"https:\/\/www.webdo.tn\/fr\/wp-json\/wp\/v2\/media\/301778"}],"wp:attachment":[{"href":"https:\/\/www.webdo.tn\/fr\/wp-json\/wp\/v2\/media?parent=382917"}],"wp:term":[{"taxonomy":"category","embeddable":true,"href":"https:\/\/www.webdo.tn\/fr\/wp-json\/wp\/v2\/categories?post=382917"},{"taxonomy":"post_tag","embeddable":true,"href":"https:\/\/www.webdo.tn\/fr\/wp-json\/wp\/v2\/tags?post=382917"}],"curies":[{"name":"wp","href":"https:\/\/api.w.org\/{rel}","templated":true}]}}