{"id":382873,"date":"2025-09-05T14:13:21","date_gmt":"2025-09-05T13:13:21","guid":{"rendered":"https:\/\/www.webdo.tn\/fr\/?p=382873"},"modified":"2025-09-05T14:13:29","modified_gmt":"2025-09-05T13:13:29","slug":"la-palestine-choisit-le-film-palestine-36-pour-les-oscars-2026","status":"publish","type":"post","link":"https:\/\/www.webdo.tn\/fr\/actualite\/culture\/la-palestine-choisit-le-film-palestine-36-pour-les-oscars-2026\/382873\/","title":{"rendered":"La Palestine choisit le film \u00ab\u00a0PALESTINE 36\u00a0\u00bb pour les Oscars 2026"},"content":{"rendered":"\n<p>Le minist\u00e8re palestinien de la Culture a choisi <em>Palestine<\/em><em> 36<\/em>, le nouveau film de la r\u00e9alisatrice Annemarie Jacir, pour repr\u00e9senter le pays dans la cat\u00e9gorie du Meilleur film international \u00e0 la 98\u1d49 c\u00e9r\u00e9monie des Academy Awards. Le film, qui sera d\u00e9voil\u00e9 en avant-premi\u00e8re mondiale le 5 septembre 2025 lors de la 50\u1d49 \u00e9dition du Festival international de Toronto, s\u2019impose d\u00e9j\u00e0 comme un projet majeur, tant par son sujet historique que par son impressionnante distribution.<\/p>\n\n\n\n<p>Avec <em>Palestine<\/em><em> 36<\/em>, Annemarie Jacir plonge dans une p\u00e9riode charni\u00e8re de l\u2019histoire palestinienne, celle de 1936, sous mandat britannique. Le r\u00e9cit suit Yusuf, un jeune homme tiraill\u00e9 entre son village natal et l\u2019\u00e9nergie bouillonnante de J\u00e9rusalem. Alors que la r\u00e9volte contre l\u2019occupant britannique s\u2019amplifie et que l\u2019arriv\u00e9e massive de r\u00e9fugi\u00e9s juifs fuyant l\u2019Europe fasciste bouleverse les \u00e9quilibres, le destin collectif se resserre autour d\u2019un point de rupture in\u00e9vitable. Le film explore ce moment o\u00f9 les aspirations palestiniennes \u00e0 l\u2019ind\u00e9pendance et les calculs de l\u2019Empire britannique s\u2019entrechoquent, dessinant les pr\u00e9mices d\u2019un conflit aux r\u00e9percussions mondiales.<\/p>\n\n\n\n<p>Pour donner vie \u00e0 cette fresque historique, Annemarie Jacir s\u2019est entour\u00e9e d\u2019un casting d\u2019exception, r\u00e9unissant des figures incontournables du cin\u00e9ma palestinien et international. On retrouve notamment Hiam Abbass, Kamel El Basha, Saleh Bakri, Yasmine Al-Massri, mais aussi des stars britanniques telles que Jeremy Irons, Liam Cunningham et Robert Aramayo. La rel\u00e8ve est \u00e9galement repr\u00e9sent\u00e9e par Yafa Bakri et Karim Daoud Anaya. \u00c0 leurs c\u00f4t\u00e9s, le film compte la participation du Syrien Jalal Altawil et de l\u2019acteur britannique Billy Howle.<\/p>\n\n\n\n<p>Mais l\u2019un des noms qui attire particuli\u00e8rement l\u2019attention est celui du Tunisien Dhafer L\u2019Abidine. Depuis plusieurs ann\u00e9es, il a su s\u2019imposer comme l\u2019un des visages arabes les plus reconnus sur la sc\u00e8ne internationale. Ancien footballeur professionnel devenu acteur et mannequin, il a construit une carri\u00e8re impressionnante, passant des productions tunisiennes aux s\u00e9ries arabes \u00e0 succ\u00e8s, puis aux grands projets internationaux. Son talent et son charisme lui ont permis de franchir les fronti\u00e8res, devenant une figure de proue du cin\u00e9ma et de la t\u00e9l\u00e9vision arabes. Sa pr\u00e9sence dans <em>Palestine<\/em><em> 36<\/em> t\u00e9moigne non seulement de son rayonnement artistique, mais aussi de sa volont\u00e9 de s\u2019associer \u00e0 un projet cin\u00e9matographique porteur de m\u00e9moire et de sens. Pour le public arabe, et plus particuli\u00e8rement maghr\u00e9bin, sa participation donne une r\u00e9sonance suppl\u00e9mentaire au film et renforce son poids symbolique.<\/p>\n\n\n\n<p>La dimension collective de ce projet se refl\u00e8te aussi dans son \u00e9quipe technique et ses producteurs. Autour d\u2019Annemarie Jacir, on retrouve Ossama Bawardi et Azzam Fakhrildin \u00e0 la production, rejoints par Cat Villiers, Hani Farsi, Nils \u00c5strand, Olivier Barbier, Katrin Pors, Hamza Ali et Elissa Pierre. La photographie est sign\u00e9e H\u00e9l\u00e8ne Louvart, tandis que la musique est compos\u00e9e par Ben Frost.<\/p>\n\n\n\n<p>Dans un contexte mondial marqu\u00e9 par de nouvelles trag\u00e9dies en Palestine, la r\u00e9alisatrice a soulign\u00e9 combien ce film a \u00e9t\u00e9 pour elle un d\u00e9fi hors du commun : \u00ab <em>L\u2019histoire suit un groupe de personnes qui se retrouvent dans une situation qu\u2019elles n\u2019ont pas choisie, avec quelque chose de beaucoup plus grand qu\u2019elles qui p\u00e8se sur leurs vies. R\u00e9aliser <\/em><em>Palestine <\/em><em>36<\/em><em> a \u00e9t\u00e9 l\u2019exp\u00e9rience la plus difficile de ma vie. Je n\u2019aurais jamais imagin\u00e9 que cette ann\u00e9e, marqu\u00e9e par le sang, la violence et la mort, serait aussi l\u2019ann\u00e9e o\u00f9 je construirais une \u0153uvre n\u00e9e de tant de mains et de c\u0153urs, avec autant d\u2019amour et de r\u00e9sistance<\/em>. \u00bb<\/p>\n\n\n\n<p>Avec ce nouveau long m\u00e9trage, Annemarie Jacir poursuit un parcours exceptionnel. R\u00e9alisatrice, sc\u00e9nariste et productrice, elle compte plus de seize films \u00e0 son actif, dont trois longs m\u00e9trages d\u00e9j\u00e0 soumis par la Palestine aux Oscars. Elle fut aussi la premi\u00e8re femme palestinienne \u00e0 r\u00e9aliser un long m\u00e9trage avec <em>Salt of This Sea<\/em>, film pr\u00e9sent\u00e9 \u00e0 Cannes et laur\u00e9at du prix FIPRESCI. Ses films suivants, <em>When I Saw You<\/em> (prix du Meilleur film asiatique \u00e0 la Berlinale) et <em>Wajib<\/em> (36 r\u00e9compenses \u00e0 travers le monde), ont confirm\u00e9 son importance dans le paysage cin\u00e9matographique international.<\/p>\n\n\n\n<p>Engag\u00e9e dans le d\u00e9veloppement d\u2019un cin\u00e9ma ind\u00e9pendant palestinien et arabe, Annemarie Jacir a fond\u00e9 la soci\u00e9t\u00e9 Philistine Films, avec laquelle elle soutient et accompagne de jeunes talents. Install\u00e9e en Palestine, elle a cr\u00e9\u00e9 Dar Jacir, un espace culturel ind\u00e9pendant \u00e0 Bethl\u00e9em, et si\u00e8ge r\u00e9guli\u00e8rement dans les jurys des plus grands festivals comme Cannes, Berlin ou Sundance. Elle est membre de l\u2019Acad\u00e9mie des Oscars, de la BAFTA et de l\u2019Asia Pacific Screen Academy. Son \u0153uvre a par ailleurs \u00e9t\u00e9 c\u00e9l\u00e9br\u00e9e par plusieurs r\u00e9trospectives, notamment \u00e0 New York et Toronto.<\/p>\n\n\n\n<p>L\u2019annonce de <em>Palestine <\/em><em>36<\/em> comme repr\u00e9sentant officiel de la Palestine aux Oscars s\u2019inscrit donc dans une double dynamique : celle d\u2019un cin\u00e9ma qui porte haut une m\u00e9moire collective, et celle d\u2019une cin\u00e9aste dont l\u2019\u0153uvre s\u2019impose d\u00e9j\u00e0 comme une r\u00e9f\u00e9rence mondiale. Avec une \u00e9quipe et un casting d\u2019une telle envergure, et la participation remarqu\u00e9e de Dhafer L\u2019Abidine, le film s\u2019annonce comme un \u00e9v\u00e9nement incontournable de la saison. Il reste d\u00e9sormais \u00e0 savoir si ce r\u00e9cit, profond\u00e9ment ancr\u00e9 dans l\u2019histoire palestinienne mais aux \u00e9chos universels, saura s\u00e9duire l\u2019Acad\u00e9mie et franchir les \u00e9tapes jusqu\u2019\u00e0 la nomination, voire au sacre.<\/p>\n","protected":false},"excerpt":{"rendered":"<p>Le minist\u00e8re palestinien de la Culture a choisi Palestine 36, le nouveau film de la r\u00e9alisatrice Annemarie Jacir, pour repr\u00e9senter le pays dans la cat\u00e9gorie du Meilleur film international \u00e0 la 98\u1d49 c\u00e9r\u00e9monie des Academy Awards. Le film, qui sera d\u00e9voil\u00e9 en avant-premi\u00e8re mondiale le 5 septembre 2025 lors de la 50\u1d49 \u00e9dition du Festival [&hellip;]<\/p>\n","protected":false},"author":3164,"featured_media":382874,"comment_status":"closed","ping_status":"closed","sticky":false,"template":"","format":"standard","meta":{"footnotes":""},"categories":[2594],"tags":[2626,2664,6680,2655,3823,12508,2688],"class_list":["post-382873","post","type-post","status-publish","format-standard","has-post-thumbnail","hentry","category-culture","tag-cinema","tag-cinema-palestinien","tag-dhafer-labidine","tag-film","tag-oscars","tag-oscars-2026","tag-palestine"],"yoast_head":"<!-- This site is optimized with the Yoast SEO Premium plugin v27.5 (Yoast SEO v27.5) - https:\/\/yoast.com\/product\/yoast-seo-premium-wordpress\/ -->\n<title>La Palestine choisit le film &quot;PALESTINE 36&quot; pour les Oscars 2026 - webdo<\/title>\n<meta name=\"description\" content=\"La Palestine soumet PALESTINE 36 d\u2019Annemarie Jacir aux Oscars 2026, film historique port\u00e9 par un casting international dont Dhafer L\u2019Abidine\" \/>\n<link rel=\"canonical\" href=\"https:\/\/www.webdo.tn\/fr\/actualite\/culture\/la-palestine-choisit-le-film-palestine-36-pour-les-oscars-2026\/382873\/\" \/>\n<meta property=\"og:locale\" content=\"fr_FR\" \/>\n<meta property=\"og:type\" content=\"article\" \/>\n<meta property=\"og:title\" content=\"La Palestine choisit le film &quot;PALESTINE 36&quot; pour les Oscars 2026\" \/>\n<meta property=\"og:description\" content=\"La Palestine soumet PALESTINE 36 d\u2019Annemarie Jacir aux Oscars 2026, film historique port\u00e9 par un casting international dont Dhafer L\u2019Abidine\" \/>\n<meta property=\"og:url\" content=\"https:\/\/www.webdo.tn\/fr\/actualite\/culture\/la-palestine-choisit-le-film-palestine-36-pour-les-oscars-2026\/382873\/\" \/>\n<meta property=\"og:site_name\" content=\"webdo\" \/>\n<meta property=\"article:publisher\" content=\"https:\/\/www.facebook.com\/webdotn\" \/>\n<meta property=\"article:author\" content=\"https:\/\/www.facebook.com\/massir.destiniii\/\" \/>\n<meta property=\"article:published_time\" content=\"2025-09-05T13:13:21+00:00\" \/>\n<meta property=\"article:modified_time\" content=\"2025-09-05T13:13:29+00:00\" \/>\n<meta property=\"og:image\" content=\"https:\/\/www.webdo.tn\/fr\/wp-content\/uploads\/2025\/09\/Palestin-36_Still-.jpeg\" \/>\n\t<meta property=\"og:image:width\" content=\"2560\" \/>\n\t<meta property=\"og:image:height\" content=\"1066\" \/>\n\t<meta property=\"og:image:type\" content=\"image\/jpeg\" \/>\n<meta name=\"author\" content=\"Ne\u00efla DRISS\" \/>\n<meta name=\"twitter:card\" content=\"summary_large_image\" \/>\n<meta name=\"twitter:creator\" content=\"@https:\/\/x.com\/MassirDestin\" \/>\n<meta name=\"twitter:site\" content=\"@webdo_tn\" \/>\n<meta name=\"twitter:label1\" content=\"\u00c9crit par\" \/>\n\t<meta name=\"twitter:data1\" content=\"Ne\u00efla DRISS\" \/>\n\t<meta name=\"twitter:label2\" content=\"Dur\u00e9e de lecture estim\u00e9e\" \/>\n\t<meta name=\"twitter:data2\" content=\"5 minutes\" \/>\n<script type=\"application\/ld+json\" class=\"yoast-schema-graph\">{\"@context\":\"https:\\\/\\\/schema.org\",\"@graph\":[{\"@type\":\"NewsArticle\",\"@id\":\"https:\\\/\\\/www.webdo.tn\\\/fr\\\/actualite\\\/culture\\\/la-palestine-choisit-le-film-palestine-36-pour-les-oscars-2026\\\/382873\\\/#article\",\"isPartOf\":{\"@id\":\"https:\\\/\\\/www.webdo.tn\\\/fr\\\/actualite\\\/culture\\\/la-palestine-choisit-le-film-palestine-36-pour-les-oscars-2026\\\/382873\\\/\"},\"author\":{\"name\":\"Ne\u00efla DRISS\",\"@id\":\"https:\\\/\\\/www.webdo.tn\\\/fr\\\/#\\\/schema\\\/person\\\/60d5ba619ed3f58783b0dc82b7dada80\"},\"headline\":\"La Palestine choisit le film \u00ab\u00a0PALESTINE 36\u00a0\u00bb pour les Oscars 2026\",\"datePublished\":\"2025-09-05T13:13:21+00:00\",\"dateModified\":\"2025-09-05T13:13:29+00:00\",\"mainEntityOfPage\":{\"@id\":\"https:\\\/\\\/www.webdo.tn\\\/fr\\\/actualite\\\/culture\\\/la-palestine-choisit-le-film-palestine-36-pour-les-oscars-2026\\\/382873\\\/\"},\"wordCount\":958,\"publisher\":{\"@id\":\"https:\\\/\\\/www.webdo.tn\\\/fr\\\/#organization\"},\"image\":{\"@id\":\"https:\\\/\\\/www.webdo.tn\\\/fr\\\/actualite\\\/culture\\\/la-palestine-choisit-le-film-palestine-36-pour-les-oscars-2026\\\/382873\\\/#primaryimage\"},\"thumbnailUrl\":\"https:\\\/\\\/www.webdo.tn\\\/fr\\\/wp-content\\\/uploads\\\/2025\\\/09\\\/Palestin-36_Still-.jpeg\",\"keywords\":[\"Cin\u00e9ma\",\"Cin\u00e9ma Palestinien\",\"Dhafer l'Abidine\",\"Film\",\"Oscars\",\"Oscars 2026\",\"Palestine\"],\"articleSection\":[\"Culture\"],\"inLanguage\":\"fr-FR\"},{\"@type\":\"WebPage\",\"@id\":\"https:\\\/\\\/www.webdo.tn\\\/fr\\\/actualite\\\/culture\\\/la-palestine-choisit-le-film-palestine-36-pour-les-oscars-2026\\\/382873\\\/\",\"url\":\"https:\\\/\\\/www.webdo.tn\\\/fr\\\/actualite\\\/culture\\\/la-palestine-choisit-le-film-palestine-36-pour-les-oscars-2026\\\/382873\\\/\",\"name\":\"La Palestine choisit le film \\\"PALESTINE 36\\\" pour les Oscars 2026 - webdo\",\"isPartOf\":{\"@id\":\"https:\\\/\\\/www.webdo.tn\\\/fr\\\/#website\"},\"primaryImageOfPage\":{\"@id\":\"https:\\\/\\\/www.webdo.tn\\\/fr\\\/actualite\\\/culture\\\/la-palestine-choisit-le-film-palestine-36-pour-les-oscars-2026\\\/382873\\\/#primaryimage\"},\"image\":{\"@id\":\"https:\\\/\\\/www.webdo.tn\\\/fr\\\/actualite\\\/culture\\\/la-palestine-choisit-le-film-palestine-36-pour-les-oscars-2026\\\/382873\\\/#primaryimage\"},\"thumbnailUrl\":\"https:\\\/\\\/www.webdo.tn\\\/fr\\\/wp-content\\\/uploads\\\/2025\\\/09\\\/Palestin-36_Still-.jpeg\",\"datePublished\":\"2025-09-05T13:13:21+00:00\",\"dateModified\":\"2025-09-05T13:13:29+00:00\",\"description\":\"La Palestine soumet PALESTINE 36 d\u2019Annemarie Jacir aux Oscars 2026, film historique port\u00e9 par un casting international dont Dhafer L\u2019Abidine\",\"breadcrumb\":{\"@id\":\"https:\\\/\\\/www.webdo.tn\\\/fr\\\/actualite\\\/culture\\\/la-palestine-choisit-le-film-palestine-36-pour-les-oscars-2026\\\/382873\\\/#breadcrumb\"},\"inLanguage\":\"fr-FR\",\"potentialAction\":[{\"@type\":\"ReadAction\",\"target\":[\"https:\\\/\\\/www.webdo.tn\\\/fr\\\/actualite\\\/culture\\\/la-palestine-choisit-le-film-palestine-36-pour-les-oscars-2026\\\/382873\\\/\"]}]},{\"@type\":\"ImageObject\",\"inLanguage\":\"fr-FR\",\"@id\":\"https:\\\/\\\/www.webdo.tn\\\/fr\\\/actualite\\\/culture\\\/la-palestine-choisit-le-film-palestine-36-pour-les-oscars-2026\\\/382873\\\/#primaryimage\",\"url\":\"https:\\\/\\\/www.webdo.tn\\\/fr\\\/wp-content\\\/uploads\\\/2025\\\/09\\\/Palestin-36_Still-.jpeg\",\"contentUrl\":\"https:\\\/\\\/www.webdo.tn\\\/fr\\\/wp-content\\\/uploads\\\/2025\\\/09\\\/Palestin-36_Still-.jpeg\",\"width\":2560,\"height\":1066,\"caption\":\"Palestine 36 Dhafer L'Abidine\"},{\"@type\":\"BreadcrumbList\",\"@id\":\"https:\\\/\\\/www.webdo.tn\\\/fr\\\/actualite\\\/culture\\\/la-palestine-choisit-le-film-palestine-36-pour-les-oscars-2026\\\/382873\\\/#breadcrumb\",\"itemListElement\":[{\"@type\":\"ListItem\",\"position\":1,\"name\":\"Accueil\",\"item\":\"https:\\\/\\\/www.webdo.tn\\\/fr\\\/\"},{\"@type\":\"ListItem\",\"position\":2,\"name\":\"La Palestine choisit le film \u00ab\u00a0PALESTINE 36\u00a0\u00bb pour les Oscars 2026\"}]},{\"@type\":\"WebSite\",\"@id\":\"https:\\\/\\\/www.webdo.tn\\\/fr\\\/#website\",\"url\":\"https:\\\/\\\/www.webdo.tn\\\/fr\\\/\",\"name\":\"webdo\",\"description\":\"Tunisie - News en Tunisie et \u00e0 l&#039;international sur Webdo.tn\",\"publisher\":{\"@id\":\"https:\\\/\\\/www.webdo.tn\\\/fr\\\/#organization\"},\"potentialAction\":[{\"@type\":\"SearchAction\",\"target\":{\"@type\":\"EntryPoint\",\"urlTemplate\":\"https:\\\/\\\/www.webdo.tn\\\/fr\\\/?s={search_term_string}\"},\"query-input\":{\"@type\":\"PropertyValueSpecification\",\"valueRequired\":true,\"valueName\":\"search_term_string\"}}],\"inLanguage\":\"fr-FR\"},{\"@type\":\"Organization\",\"@id\":\"https:\\\/\\\/www.webdo.tn\\\/fr\\\/#organization\",\"name\":\"Webdo\",\"alternateName\":\"Webdo.tn\",\"url\":\"https:\\\/\\\/www.webdo.tn\\\/fr\\\/\",\"logo\":{\"@type\":\"ImageObject\",\"inLanguage\":\"fr-FR\",\"@id\":\"https:\\\/\\\/www.webdo.tn\\\/fr\\\/#\\\/schema\\\/logo\\\/image\\\/\",\"url\":\"https:\\\/\\\/www.webdo.tn\\\/fr\\\/wp-content\\\/uploads\\\/2025\\\/06\\\/Webdo-Tunisie_168377.jpg\",\"contentUrl\":\"https:\\\/\\\/www.webdo.tn\\\/fr\\\/wp-content\\\/uploads\\\/2025\\\/06\\\/Webdo-Tunisie_168377.jpg\",\"width\":301,\"height\":301,\"caption\":\"Webdo\"},\"image\":{\"@id\":\"https:\\\/\\\/www.webdo.tn\\\/fr\\\/#\\\/schema\\\/logo\\\/image\\\/\"},\"sameAs\":[\"https:\\\/\\\/www.facebook.com\\\/webdotn\",\"https:\\\/\\\/x.com\\\/webdo_tn\"],\"description\":\"Webdo est un m\u00e9dia num\u00e9rique tunisien fond\u00e9 en 2010, sp\u00e9cialis\u00e9 dans l\u2019actualit\u00e9 nationale et internationale, l\u2019\u00e9conomie, la soci\u00e9t\u00e9 et les analyses politiques. Le site s\u2019adresse \u00e0 un large public francophone et couvre l\u2019information tunisienne en temps r\u00e9el.\",\"email\":\"redac@webdo.tn\",\"legalName\":\"YNJ SARL\",\"foundingDate\":\"2010-09-06\",\"numberOfEmployees\":{\"@type\":\"QuantitativeValue\",\"minValue\":\"11\",\"maxValue\":\"50\"}},{\"@type\":\"Person\",\"@id\":\"https:\\\/\\\/www.webdo.tn\\\/fr\\\/#\\\/schema\\\/person\\\/60d5ba619ed3f58783b0dc82b7dada80\",\"name\":\"Ne\u00efla DRISS\",\"image\":{\"@type\":\"ImageObject\",\"inLanguage\":\"fr-FR\",\"@id\":\"https:\\\/\\\/www.webdo.tn\\\/fr\\\/wp-content\\\/uploads\\\/2026\\\/04\\\/neila-driss_avatar-96x96.jpg\",\"url\":\"https:\\\/\\\/www.webdo.tn\\\/fr\\\/wp-content\\\/uploads\\\/2026\\\/04\\\/neila-driss_avatar-96x96.jpg\",\"contentUrl\":\"https:\\\/\\\/www.webdo.tn\\\/fr\\\/wp-content\\\/uploads\\\/2026\\\/04\\\/neila-driss_avatar-96x96.jpg\",\"caption\":\"Ne\u00efla DRISS\"},\"description\":\"Ne\u00efla Driss est juriste, journaliste culturelle et critique de cin\u00e9ma tunisienne. Titulaire d\u2019un DEA en droit priv\u00e9 de l\u2019Universit\u00e9 Paris II et d\u2019un DESS de l\u2019IHEC Carthage, elle d\u00e9bute sa carri\u00e8re comme juriste sp\u00e9cialis\u00e9e en gestion de patrimoine immobilier. Elle s\u2019oriente ensuite vers l\u2019\u00e9criture en ligne, o\u00f9 elle se distingue d\u00e8s 2006 aux Tunisia Blog Awards, avant de se consacrer au journalisme culturel, avec une sp\u00e9cialisation dans la critique cin\u00e9matographique. Elle couvre r\u00e9guli\u00e8rement les grands festivals internationaux, notamment le Festival de Cannes, les Journ\u00e9es Cin\u00e9matographiques de Carthage et le Festival du film du Caire. Membre de l\u2019ATPCC et de la FIPRESCI, elle participe \u00e0 des jurys et initiatives internationales de critique. Depuis 2024, elle est \u00e9lectrice internationale aux Golden Globes. Facebook : https:\\\/\\\/www.facebook.com\\\/massir.destiniii\\\/ X : https:\\\/\\\/x.com\\\/MassirDestin\",\"sameAs\":[\"https:\\\/\\\/www.facebook.com\\\/massir.destiniii\\\/\",\"https:\\\/\\\/www.instagram.com\\\/neila.driss\\\/?hl=fr\",\"https:\\\/\\\/www.linkedin.com\\\/in\\\/neila-driss-22606a80\\\/\",\"https:\\\/\\\/x.com\\\/https:\\\/\\\/x.com\\\/MassirDestin\"],\"knowsAbout\":[\"Cin\u00e9ma international\",\"critique cin\u00e9matographique\",\"festivals de cin\u00e9ma\",\"journalisme culturel\"],\"knowsLanguage\":[\"Fran\u00e7ais\",\"Arabe\",\"Anglais\"],\"jobTitle\":\"Journaliste culturelle et critique de cin\u00e9ma\",\"worksFor\":\"Webdo\",\"url\":\"https:\\\/\\\/www.webdo.tn\\\/fr\\\/actualite\\\/author\\\/neila-driss\\\/\"}]}<\/script>\n<!-- \/ Yoast SEO Premium plugin. -->","yoast_head_json":{"title":"La Palestine choisit le film \"PALESTINE 36\" pour les Oscars 2026 - webdo","description":"La Palestine soumet PALESTINE 36 d\u2019Annemarie Jacir aux Oscars 2026, film historique port\u00e9 par un casting international dont Dhafer L\u2019Abidine","canonical":"https:\/\/www.webdo.tn\/fr\/actualite\/culture\/la-palestine-choisit-le-film-palestine-36-pour-les-oscars-2026\/382873\/","og_locale":"fr_FR","og_type":"article","og_title":"La Palestine choisit le film \"PALESTINE 36\" pour les Oscars 2026","og_description":"La Palestine soumet PALESTINE 36 d\u2019Annemarie Jacir aux Oscars 2026, film historique port\u00e9 par un casting international dont Dhafer L\u2019Abidine","og_url":"https:\/\/www.webdo.tn\/fr\/actualite\/culture\/la-palestine-choisit-le-film-palestine-36-pour-les-oscars-2026\/382873\/","og_site_name":"webdo","article_publisher":"https:\/\/www.facebook.com\/webdotn","article_author":"https:\/\/www.facebook.com\/massir.destiniii\/","article_published_time":"2025-09-05T13:13:21+00:00","article_modified_time":"2025-09-05T13:13:29+00:00","og_image":[{"width":2560,"height":1066,"url":"https:\/\/www.webdo.tn\/fr\/wp-content\/uploads\/2025\/09\/Palestin-36_Still-.jpeg","type":"image\/jpeg"}],"author":"Ne\u00efla DRISS","twitter_card":"summary_large_image","twitter_creator":"@https:\/\/x.com\/MassirDestin","twitter_site":"@webdo_tn","twitter_misc":{"\u00c9crit par":"Ne\u00efla DRISS","Dur\u00e9e de lecture estim\u00e9e":"5 minutes"},"schema":{"@context":"https:\/\/schema.org","@graph":[{"@type":"NewsArticle","@id":"https:\/\/www.webdo.tn\/fr\/actualite\/culture\/la-palestine-choisit-le-film-palestine-36-pour-les-oscars-2026\/382873\/#article","isPartOf":{"@id":"https:\/\/www.webdo.tn\/fr\/actualite\/culture\/la-palestine-choisit-le-film-palestine-36-pour-les-oscars-2026\/382873\/"},"author":{"name":"Ne\u00efla DRISS","@id":"https:\/\/www.webdo.tn\/fr\/#\/schema\/person\/60d5ba619ed3f58783b0dc82b7dada80"},"headline":"La Palestine choisit le film \u00ab\u00a0PALESTINE 36\u00a0\u00bb pour les Oscars 2026","datePublished":"2025-09-05T13:13:21+00:00","dateModified":"2025-09-05T13:13:29+00:00","mainEntityOfPage":{"@id":"https:\/\/www.webdo.tn\/fr\/actualite\/culture\/la-palestine-choisit-le-film-palestine-36-pour-les-oscars-2026\/382873\/"},"wordCount":958,"publisher":{"@id":"https:\/\/www.webdo.tn\/fr\/#organization"},"image":{"@id":"https:\/\/www.webdo.tn\/fr\/actualite\/culture\/la-palestine-choisit-le-film-palestine-36-pour-les-oscars-2026\/382873\/#primaryimage"},"thumbnailUrl":"https:\/\/www.webdo.tn\/fr\/wp-content\/uploads\/2025\/09\/Palestin-36_Still-.jpeg","keywords":["Cin\u00e9ma","Cin\u00e9ma Palestinien","Dhafer l'Abidine","Film","Oscars","Oscars 2026","Palestine"],"articleSection":["Culture"],"inLanguage":"fr-FR"},{"@type":"WebPage","@id":"https:\/\/www.webdo.tn\/fr\/actualite\/culture\/la-palestine-choisit-le-film-palestine-36-pour-les-oscars-2026\/382873\/","url":"https:\/\/www.webdo.tn\/fr\/actualite\/culture\/la-palestine-choisit-le-film-palestine-36-pour-les-oscars-2026\/382873\/","name":"La Palestine choisit le film \"PALESTINE 36\" pour les Oscars 2026 - webdo","isPartOf":{"@id":"https:\/\/www.webdo.tn\/fr\/#website"},"primaryImageOfPage":{"@id":"https:\/\/www.webdo.tn\/fr\/actualite\/culture\/la-palestine-choisit-le-film-palestine-36-pour-les-oscars-2026\/382873\/#primaryimage"},"image":{"@id":"https:\/\/www.webdo.tn\/fr\/actualite\/culture\/la-palestine-choisit-le-film-palestine-36-pour-les-oscars-2026\/382873\/#primaryimage"},"thumbnailUrl":"https:\/\/www.webdo.tn\/fr\/wp-content\/uploads\/2025\/09\/Palestin-36_Still-.jpeg","datePublished":"2025-09-05T13:13:21+00:00","dateModified":"2025-09-05T13:13:29+00:00","description":"La Palestine soumet PALESTINE 36 d\u2019Annemarie Jacir aux Oscars 2026, film historique port\u00e9 par un casting international dont Dhafer L\u2019Abidine","breadcrumb":{"@id":"https:\/\/www.webdo.tn\/fr\/actualite\/culture\/la-palestine-choisit-le-film-palestine-36-pour-les-oscars-2026\/382873\/#breadcrumb"},"inLanguage":"fr-FR","potentialAction":[{"@type":"ReadAction","target":["https:\/\/www.webdo.tn\/fr\/actualite\/culture\/la-palestine-choisit-le-film-palestine-36-pour-les-oscars-2026\/382873\/"]}]},{"@type":"ImageObject","inLanguage":"fr-FR","@id":"https:\/\/www.webdo.tn\/fr\/actualite\/culture\/la-palestine-choisit-le-film-palestine-36-pour-les-oscars-2026\/382873\/#primaryimage","url":"https:\/\/www.webdo.tn\/fr\/wp-content\/uploads\/2025\/09\/Palestin-36_Still-.jpeg","contentUrl":"https:\/\/www.webdo.tn\/fr\/wp-content\/uploads\/2025\/09\/Palestin-36_Still-.jpeg","width":2560,"height":1066,"caption":"Palestine 36 Dhafer L'Abidine"},{"@type":"BreadcrumbList","@id":"https:\/\/www.webdo.tn\/fr\/actualite\/culture\/la-palestine-choisit-le-film-palestine-36-pour-les-oscars-2026\/382873\/#breadcrumb","itemListElement":[{"@type":"ListItem","position":1,"name":"Accueil","item":"https:\/\/www.webdo.tn\/fr\/"},{"@type":"ListItem","position":2,"name":"La Palestine choisit le film \u00ab\u00a0PALESTINE 36\u00a0\u00bb pour les Oscars 2026"}]},{"@type":"WebSite","@id":"https:\/\/www.webdo.tn\/fr\/#website","url":"https:\/\/www.webdo.tn\/fr\/","name":"webdo","description":"Tunisie - News en Tunisie et \u00e0 l&#039;international sur Webdo.tn","publisher":{"@id":"https:\/\/www.webdo.tn\/fr\/#organization"},"potentialAction":[{"@type":"SearchAction","target":{"@type":"EntryPoint","urlTemplate":"https:\/\/www.webdo.tn\/fr\/?s={search_term_string}"},"query-input":{"@type":"PropertyValueSpecification","valueRequired":true,"valueName":"search_term_string"}}],"inLanguage":"fr-FR"},{"@type":"Organization","@id":"https:\/\/www.webdo.tn\/fr\/#organization","name":"Webdo","alternateName":"Webdo.tn","url":"https:\/\/www.webdo.tn\/fr\/","logo":{"@type":"ImageObject","inLanguage":"fr-FR","@id":"https:\/\/www.webdo.tn\/fr\/#\/schema\/logo\/image\/","url":"https:\/\/www.webdo.tn\/fr\/wp-content\/uploads\/2025\/06\/Webdo-Tunisie_168377.jpg","contentUrl":"https:\/\/www.webdo.tn\/fr\/wp-content\/uploads\/2025\/06\/Webdo-Tunisie_168377.jpg","width":301,"height":301,"caption":"Webdo"},"image":{"@id":"https:\/\/www.webdo.tn\/fr\/#\/schema\/logo\/image\/"},"sameAs":["https:\/\/www.facebook.com\/webdotn","https:\/\/x.com\/webdo_tn"],"description":"Webdo est un m\u00e9dia num\u00e9rique tunisien fond\u00e9 en 2010, sp\u00e9cialis\u00e9 dans l\u2019actualit\u00e9 nationale et internationale, l\u2019\u00e9conomie, la soci\u00e9t\u00e9 et les analyses politiques. Le site s\u2019adresse \u00e0 un large public francophone et couvre l\u2019information tunisienne en temps r\u00e9el.","email":"redac@webdo.tn","legalName":"YNJ SARL","foundingDate":"2010-09-06","numberOfEmployees":{"@type":"QuantitativeValue","minValue":"11","maxValue":"50"}},{"@type":"Person","@id":"https:\/\/www.webdo.tn\/fr\/#\/schema\/person\/60d5ba619ed3f58783b0dc82b7dada80","name":"Ne\u00efla DRISS","image":{"@type":"ImageObject","inLanguage":"fr-FR","@id":"https:\/\/www.webdo.tn\/fr\/wp-content\/uploads\/2026\/04\/neila-driss_avatar-96x96.jpg","url":"https:\/\/www.webdo.tn\/fr\/wp-content\/uploads\/2026\/04\/neila-driss_avatar-96x96.jpg","contentUrl":"https:\/\/www.webdo.tn\/fr\/wp-content\/uploads\/2026\/04\/neila-driss_avatar-96x96.jpg","caption":"Ne\u00efla DRISS"},"description":"Ne\u00efla Driss est juriste, journaliste culturelle et critique de cin\u00e9ma tunisienne. Titulaire d\u2019un DEA en droit priv\u00e9 de l\u2019Universit\u00e9 Paris II et d\u2019un DESS de l\u2019IHEC Carthage, elle d\u00e9bute sa carri\u00e8re comme juriste sp\u00e9cialis\u00e9e en gestion de patrimoine immobilier. Elle s\u2019oriente ensuite vers l\u2019\u00e9criture en ligne, o\u00f9 elle se distingue d\u00e8s 2006 aux Tunisia Blog Awards, avant de se consacrer au journalisme culturel, avec une sp\u00e9cialisation dans la critique cin\u00e9matographique. Elle couvre r\u00e9guli\u00e8rement les grands festivals internationaux, notamment le Festival de Cannes, les Journ\u00e9es Cin\u00e9matographiques de Carthage et le Festival du film du Caire. Membre de l\u2019ATPCC et de la FIPRESCI, elle participe \u00e0 des jurys et initiatives internationales de critique. Depuis 2024, elle est \u00e9lectrice internationale aux Golden Globes. Facebook : https:\/\/www.facebook.com\/massir.destiniii\/ X : https:\/\/x.com\/MassirDestin","sameAs":["https:\/\/www.facebook.com\/massir.destiniii\/","https:\/\/www.instagram.com\/neila.driss\/?hl=fr","https:\/\/www.linkedin.com\/in\/neila-driss-22606a80\/","https:\/\/x.com\/https:\/\/x.com\/MassirDestin"],"knowsAbout":["Cin\u00e9ma international","critique cin\u00e9matographique","festivals de cin\u00e9ma","journalisme culturel"],"knowsLanguage":["Fran\u00e7ais","Arabe","Anglais"],"jobTitle":"Journaliste culturelle et critique de cin\u00e9ma","worksFor":"Webdo","url":"https:\/\/www.webdo.tn\/fr\/actualite\/author\/neila-driss\/"}]}},"_links":{"self":[{"href":"https:\/\/www.webdo.tn\/fr\/wp-json\/wp\/v2\/posts\/382873","targetHints":{"allow":["GET"]}}],"collection":[{"href":"https:\/\/www.webdo.tn\/fr\/wp-json\/wp\/v2\/posts"}],"about":[{"href":"https:\/\/www.webdo.tn\/fr\/wp-json\/wp\/v2\/types\/post"}],"author":[{"embeddable":true,"href":"https:\/\/www.webdo.tn\/fr\/wp-json\/wp\/v2\/users\/3164"}],"replies":[{"embeddable":true,"href":"https:\/\/www.webdo.tn\/fr\/wp-json\/wp\/v2\/comments?post=382873"}],"version-history":[{"count":0,"href":"https:\/\/www.webdo.tn\/fr\/wp-json\/wp\/v2\/posts\/382873\/revisions"}],"wp:featuredmedia":[{"embeddable":true,"href":"https:\/\/www.webdo.tn\/fr\/wp-json\/wp\/v2\/media\/382874"}],"wp:attachment":[{"href":"https:\/\/www.webdo.tn\/fr\/wp-json\/wp\/v2\/media?parent=382873"}],"wp:term":[{"taxonomy":"category","embeddable":true,"href":"https:\/\/www.webdo.tn\/fr\/wp-json\/wp\/v2\/categories?post=382873"},{"taxonomy":"post_tag","embeddable":true,"href":"https:\/\/www.webdo.tn\/fr\/wp-json\/wp\/v2\/tags?post=382873"}],"curies":[{"name":"wp","href":"https:\/\/api.w.org\/{rel}","templated":true}]}}