{"id":382855,"date":"2025-09-05T10:48:46","date_gmt":"2025-09-05T09:48:46","guid":{"rendered":"https:\/\/www.webdo.tn\/fr\/?p=382855"},"modified":"2025-09-05T15:16:33","modified_gmt":"2025-09-05T14:16:33","slug":"sousse-vaste-campagne-securitaire-pour-eradiquer-les-installations-anarchiques-a-bab-jebli","status":"publish","type":"post","link":"https:\/\/www.webdo.tn\/fr\/actualite\/regions\/sousse-vaste-campagne-securitaire-pour-eradiquer-les-installations-anarchiques-a-bab-jebli\/382855\/","title":{"rendered":"Sousse : Vaste campagne s\u00e9curitaire pour \u00e9radiquer les installations anarchiques \u00e0 Bab Jebli"},"content":{"rendered":"\n<p><strong>Les forces de s\u00e9curit\u00e9 ont men\u00e9, t\u00f4t ce vendredi 5 septembre, une op\u00e9ration de grande envergure \u00e0 Bab Jebli (Sousse) pour mettre fin \u00e0 l\u2019occupation ill\u00e9gale de l\u2019espace public par les marchands ambulants et les vendeurs de fripes. L\u2019intervention s\u2019est sold\u00e9e par la lib\u00e9ration compl\u00e8te des lieux et la mise en place de mesures pr\u00e9ventives.<\/strong><\/p>\n\n\n\n<p>D\u00e8s l\u2019aube, diff\u00e9rentes unit\u00e9s de l\u2019Inspection r\u00e9gionale de la s\u00fbret\u00e9 nationale de Sousse, appuy\u00e9es par le groupe r\u00e9gional de maintien de l\u2019ordre, ont investi la zone de Bab Jebli. Objectif : supprimer les \u00e9tals anarchiques qui occupaient trottoirs et rues.<\/p>\n\n\n\n<h3 class=\"wp-block-heading\" id=\"h-demantelement-des-points-de-vente-informels\">D\u00e9mant\u00e8lement des points de vente informels<\/h3>\n\n\n\n<p>Sous la supervision directe du directeur de l\u2019Inspection r\u00e9gionale de la s\u00fbret\u00e9 nationale et de cadres s\u00e9curitaires, l\u2019ensemble des points de vente informels ont \u00e9t\u00e9 d\u00e9mantel\u00e9s. Les lieux ont ensuite \u00e9t\u00e9 nettoy\u00e9s et d\u00e9sinfect\u00e9s, avant la mise en place de patrouilles permanentes pour emp\u00eacher un retour des installations.<\/p>\n\n\n\n<p>La municipalit\u00e9 de Sousse a r\u00e9it\u00e9r\u00e9 son appel aux commer\u00e7ants concern\u00e9s \u00e0 rejoindre l\u2019espace qui leur a \u00e9t\u00e9 r\u00e9serv\u00e9 \u00e0 Souk Al Ahad. Elle insiste sur l\u2019importance d\u2019assurer un cadre l\u00e9gal, \u00e0 la fois pour pr\u00e9server l\u2019ordre urbain et pour garantir aux vendeurs des conditions de travail plus organis\u00e9es.<\/p>\n\n\n\n<h3 class=\"wp-block-heading\" id=\"h-restaurer-la-fluidite-et-la-proprete-des-espaces-publics\">Restaurer la fluidit\u00e9 et la propret\u00e9 des espaces publics<\/h3>\n\n\n\n<p>Le quartier de Bab Jebli, c\u0153ur commer\u00e7ant de Sousse, est depuis plusieurs ann\u00e9es marqu\u00e9 par la prolif\u00e9ration du commerce informel. L\u2019\u00e9talage sauvage, notamment de v\u00eatements d\u2019occasion (\u00ab fripes \u00bb) et de divers articles, cr\u00e9ait une congestion urbaine et des probl\u00e8mes d\u2019hygi\u00e8ne.<\/p>\n\n\n\n<p>Ces op\u00e9rations s\u00e9curitaires s\u2019inscrivent dans une s\u00e9rie d\u2019actions entreprises par les autorit\u00e9s locales pour restaurer la fluidit\u00e9 et la propret\u00e9 des espaces publics.<\/p>\n\n\n\n<p><\/p>\n\n\n\n<ul class=\"wp-block-list\">\n<li>Lire aussi : <a href=\"https:\/\/www.webdo.tn\/fr\/actualite\/regions\/voie-publique-la-municipalite-de-tunis-passe-a-laction-contre-loccupation-illegale\/382222\/\">Voie publique : La municipalit\u00e9 de Tunis passe \u00e0 l\u2019action contre l\u2019occupation ill\u00e9gale<\/a><\/li>\n<\/ul>\n","protected":false},"excerpt":{"rendered":"<p>Les forces de s\u00e9curit\u00e9 ont men\u00e9, t\u00f4t ce vendredi 5 septembre, une op\u00e9ration de grande envergure \u00e0 Bab Jebli (Sousse) pour mettre fin \u00e0 l\u2019occupation ill\u00e9gale de l\u2019espace public par les marchands ambulants et les vendeurs de fripes. L\u2019intervention s\u2019est sold\u00e9e par la lib\u00e9ration compl\u00e8te des lieux et la mise en place de mesures pr\u00e9ventives. [&hellip;]<\/p>\n","protected":false},"author":3191,"featured_media":382856,"comment_status":"closed","ping_status":"closed","sticky":false,"template":"","format":"standard","meta":{"footnotes":""},"categories":[2595],"tags":[2699,2608,8844,12780],"class_list":["post-382855","post","type-post","status-publish","format-standard","has-post-thumbnail","hentry","category-regions","tag-sousse","tag-tunisie","tag-vendeurs-anarchiques","tag-vendeurs-informels"],"yoast_head":"<!-- This site is optimized with the Yoast SEO Premium plugin v27.5 (Yoast SEO v27.5) - https:\/\/yoast.com\/product\/yoast-seo-premium-wordpress\/ -->\n<title>Sousse : Vaste campagne s\u00e9curitaire pour \u00e9radiquer les installations anarchiques \u00e0 Bab Jebli - webdo<\/title>\n<meta name=\"description\" content=\"Une intervention r\u00e9ussie \u00e0 Bab Jebli : d\u00e9couvrez comment Sousse lutte contre les installations anarchiques et am\u00e9liore l&#039;espace public.\" \/>\n<link rel=\"canonical\" href=\"https:\/\/www.webdo.tn\/fr\/actualite\/regions\/sousse-vaste-campagne-securitaire-pour-eradiquer-les-installations-anarchiques-a-bab-jebli\/382855\/\" \/>\n<meta property=\"og:locale\" content=\"fr_FR\" \/>\n<meta property=\"og:type\" content=\"article\" \/>\n<meta property=\"og:title\" content=\"Sousse : Vaste campagne s\u00e9curitaire pour \u00e9radiquer les installations anarchiques \u00e0 Bab Jebli\" \/>\n<meta property=\"og:description\" content=\"Une intervention r\u00e9ussie \u00e0 Bab Jebli : d\u00e9couvrez comment Sousse lutte contre les installations anarchiques et am\u00e9liore l&#039;espace public.\" \/>\n<meta property=\"og:url\" content=\"https:\/\/www.webdo.tn\/fr\/actualite\/regions\/sousse-vaste-campagne-securitaire-pour-eradiquer-les-installations-anarchiques-a-bab-jebli\/382855\/\" \/>\n<meta property=\"og:site_name\" content=\"webdo\" \/>\n<meta property=\"article:publisher\" content=\"https:\/\/www.facebook.com\/webdotn\" \/>\n<meta property=\"article:published_time\" content=\"2025-09-05T09:48:46+00:00\" \/>\n<meta property=\"article:modified_time\" content=\"2025-09-05T14:16:33+00:00\" \/>\n<meta property=\"og:image\" content=\"https:\/\/www.webdo.tn\/fr\/wp-content\/uploads\/2025\/09\/Campagne-securitaire-e1757065662995.jpg\" \/>\n\t<meta property=\"og:image:width\" content=\"533\" \/>\n\t<meta property=\"og:image:height\" content=\"300\" \/>\n\t<meta property=\"og:image:type\" content=\"image\/jpeg\" \/>\n<meta name=\"author\" content=\"Mohamed Hedi Touati\" \/>\n<meta name=\"twitter:card\" content=\"summary_large_image\" \/>\n<meta name=\"twitter:creator\" content=\"@webdo_tn\" \/>\n<meta name=\"twitter:site\" content=\"@webdo_tn\" \/>\n<meta name=\"twitter:label1\" content=\"\u00c9crit par\" \/>\n\t<meta name=\"twitter:data1\" content=\"Mohamed Hedi Touati\" \/>\n\t<meta name=\"twitter:label2\" content=\"Dur\u00e9e de lecture estim\u00e9e\" \/>\n\t<meta name=\"twitter:data2\" content=\"2 minutes\" \/>\n<script type=\"application\/ld+json\" class=\"yoast-schema-graph\">{\"@context\":\"https:\\\/\\\/schema.org\",\"@graph\":[{\"@type\":\"NewsArticle\",\"@id\":\"https:\\\/\\\/www.webdo.tn\\\/fr\\\/actualite\\\/regions\\\/sousse-vaste-campagne-securitaire-pour-eradiquer-les-installations-anarchiques-a-bab-jebli\\\/382855\\\/#article\",\"isPartOf\":{\"@id\":\"https:\\\/\\\/www.webdo.tn\\\/fr\\\/actualite\\\/regions\\\/sousse-vaste-campagne-securitaire-pour-eradiquer-les-installations-anarchiques-a-bab-jebli\\\/382855\\\/\"},\"author\":{\"name\":\"Mohamed Hedi Touati\",\"@id\":\"https:\\\/\\\/www.webdo.tn\\\/fr\\\/#\\\/schema\\\/person\\\/c652cd8fc2b1b44412b5ffb48c5a911d\"},\"headline\":\"Sousse : Vaste campagne s\u00e9curitaire pour \u00e9radiquer les installations anarchiques \u00e0 Bab Jebli\",\"datePublished\":\"2025-09-05T09:48:46+00:00\",\"dateModified\":\"2025-09-05T14:16:33+00:00\",\"mainEntityOfPage\":{\"@id\":\"https:\\\/\\\/www.webdo.tn\\\/fr\\\/actualite\\\/regions\\\/sousse-vaste-campagne-securitaire-pour-eradiquer-les-installations-anarchiques-a-bab-jebli\\\/382855\\\/\"},\"wordCount\":354,\"publisher\":{\"@id\":\"https:\\\/\\\/www.webdo.tn\\\/fr\\\/#organization\"},\"image\":{\"@id\":\"https:\\\/\\\/www.webdo.tn\\\/fr\\\/actualite\\\/regions\\\/sousse-vaste-campagne-securitaire-pour-eradiquer-les-installations-anarchiques-a-bab-jebli\\\/382855\\\/#primaryimage\"},\"thumbnailUrl\":\"https:\\\/\\\/www.webdo.tn\\\/fr\\\/wp-content\\\/uploads\\\/2025\\\/09\\\/Campagne-securitaire-e1757065662995.jpg\",\"keywords\":[\"Sousse\",\"Tunisie\",\"vendeurs anarchiques\",\"vendeurs informels\"],\"articleSection\":[\"regions\"],\"inLanguage\":\"fr-FR\"},{\"@type\":\"WebPage\",\"@id\":\"https:\\\/\\\/www.webdo.tn\\\/fr\\\/actualite\\\/regions\\\/sousse-vaste-campagne-securitaire-pour-eradiquer-les-installations-anarchiques-a-bab-jebli\\\/382855\\\/\",\"url\":\"https:\\\/\\\/www.webdo.tn\\\/fr\\\/actualite\\\/regions\\\/sousse-vaste-campagne-securitaire-pour-eradiquer-les-installations-anarchiques-a-bab-jebli\\\/382855\\\/\",\"name\":\"Sousse : Vaste campagne s\u00e9curitaire pour \u00e9radiquer les installations anarchiques \u00e0 Bab Jebli - webdo\",\"isPartOf\":{\"@id\":\"https:\\\/\\\/www.webdo.tn\\\/fr\\\/#website\"},\"primaryImageOfPage\":{\"@id\":\"https:\\\/\\\/www.webdo.tn\\\/fr\\\/actualite\\\/regions\\\/sousse-vaste-campagne-securitaire-pour-eradiquer-les-installations-anarchiques-a-bab-jebli\\\/382855\\\/#primaryimage\"},\"image\":{\"@id\":\"https:\\\/\\\/www.webdo.tn\\\/fr\\\/actualite\\\/regions\\\/sousse-vaste-campagne-securitaire-pour-eradiquer-les-installations-anarchiques-a-bab-jebli\\\/382855\\\/#primaryimage\"},\"thumbnailUrl\":\"https:\\\/\\\/www.webdo.tn\\\/fr\\\/wp-content\\\/uploads\\\/2025\\\/09\\\/Campagne-securitaire-e1757065662995.jpg\",\"datePublished\":\"2025-09-05T09:48:46+00:00\",\"dateModified\":\"2025-09-05T14:16:33+00:00\",\"description\":\"Une intervention r\u00e9ussie \u00e0 Bab Jebli : d\u00e9couvrez comment Sousse lutte contre les installations anarchiques et am\u00e9liore l'espace public.\",\"breadcrumb\":{\"@id\":\"https:\\\/\\\/www.webdo.tn\\\/fr\\\/actualite\\\/regions\\\/sousse-vaste-campagne-securitaire-pour-eradiquer-les-installations-anarchiques-a-bab-jebli\\\/382855\\\/#breadcrumb\"},\"inLanguage\":\"fr-FR\",\"potentialAction\":[{\"@type\":\"ReadAction\",\"target\":[\"https:\\\/\\\/www.webdo.tn\\\/fr\\\/actualite\\\/regions\\\/sousse-vaste-campagne-securitaire-pour-eradiquer-les-installations-anarchiques-a-bab-jebli\\\/382855\\\/\"]}]},{\"@type\":\"ImageObject\",\"inLanguage\":\"fr-FR\",\"@id\":\"https:\\\/\\\/www.webdo.tn\\\/fr\\\/actualite\\\/regions\\\/sousse-vaste-campagne-securitaire-pour-eradiquer-les-installations-anarchiques-a-bab-jebli\\\/382855\\\/#primaryimage\",\"url\":\"https:\\\/\\\/www.webdo.tn\\\/fr\\\/wp-content\\\/uploads\\\/2025\\\/09\\\/Campagne-securitaire-e1757065662995.jpg\",\"contentUrl\":\"https:\\\/\\\/www.webdo.tn\\\/fr\\\/wp-content\\\/uploads\\\/2025\\\/09\\\/Campagne-securitaire-e1757065662995.jpg\",\"width\":533,\"height\":300,\"caption\":\"Sousse : Vaste campagne s\u00e9curitaire pour \u00e9radiquer les installations anarchiques \u00e0 Bab Jebli\"},{\"@type\":\"BreadcrumbList\",\"@id\":\"https:\\\/\\\/www.webdo.tn\\\/fr\\\/actualite\\\/regions\\\/sousse-vaste-campagne-securitaire-pour-eradiquer-les-installations-anarchiques-a-bab-jebli\\\/382855\\\/#breadcrumb\",\"itemListElement\":[{\"@type\":\"ListItem\",\"position\":1,\"name\":\"Accueil\",\"item\":\"https:\\\/\\\/www.webdo.tn\\\/fr\\\/\"},{\"@type\":\"ListItem\",\"position\":2,\"name\":\"Sousse : Vaste campagne s\u00e9curitaire pour \u00e9radiquer les installations anarchiques \u00e0 Bab Jebli\"}]},{\"@type\":\"WebSite\",\"@id\":\"https:\\\/\\\/www.webdo.tn\\\/fr\\\/#website\",\"url\":\"https:\\\/\\\/www.webdo.tn\\\/fr\\\/\",\"name\":\"webdo\",\"description\":\"Tunisie - News en Tunisie et \u00e0 l&#039;international sur Webdo.tn\",\"publisher\":{\"@id\":\"https:\\\/\\\/www.webdo.tn\\\/fr\\\/#organization\"},\"potentialAction\":[{\"@type\":\"SearchAction\",\"target\":{\"@type\":\"EntryPoint\",\"urlTemplate\":\"https:\\\/\\\/www.webdo.tn\\\/fr\\\/?s={search_term_string}\"},\"query-input\":{\"@type\":\"PropertyValueSpecification\",\"valueRequired\":true,\"valueName\":\"search_term_string\"}}],\"inLanguage\":\"fr-FR\"},{\"@type\":\"Organization\",\"@id\":\"https:\\\/\\\/www.webdo.tn\\\/fr\\\/#organization\",\"name\":\"Webdo\",\"alternateName\":\"Webdo.tn\",\"url\":\"https:\\\/\\\/www.webdo.tn\\\/fr\\\/\",\"logo\":{\"@type\":\"ImageObject\",\"inLanguage\":\"fr-FR\",\"@id\":\"https:\\\/\\\/www.webdo.tn\\\/fr\\\/#\\\/schema\\\/logo\\\/image\\\/\",\"url\":\"https:\\\/\\\/www.webdo.tn\\\/fr\\\/wp-content\\\/uploads\\\/2025\\\/06\\\/Webdo-Tunisie_168377.jpg\",\"contentUrl\":\"https:\\\/\\\/www.webdo.tn\\\/fr\\\/wp-content\\\/uploads\\\/2025\\\/06\\\/Webdo-Tunisie_168377.jpg\",\"width\":301,\"height\":301,\"caption\":\"Webdo\"},\"image\":{\"@id\":\"https:\\\/\\\/www.webdo.tn\\\/fr\\\/#\\\/schema\\\/logo\\\/image\\\/\"},\"sameAs\":[\"https:\\\/\\\/www.facebook.com\\\/webdotn\",\"https:\\\/\\\/x.com\\\/webdo_tn\"],\"description\":\"Webdo est un m\u00e9dia num\u00e9rique tunisien fond\u00e9 en 2010, sp\u00e9cialis\u00e9 dans l\u2019actualit\u00e9 nationale et internationale, l\u2019\u00e9conomie, la soci\u00e9t\u00e9 et les analyses politiques. Le site s\u2019adresse \u00e0 un large public francophone et couvre l\u2019information tunisienne en temps r\u00e9el.\",\"email\":\"redac@webdo.tn\",\"legalName\":\"YNJ SARL\",\"foundingDate\":\"2010-09-06\",\"numberOfEmployees\":{\"@type\":\"QuantitativeValue\",\"minValue\":\"11\",\"maxValue\":\"50\"}},{\"@type\":\"Person\",\"@id\":\"https:\\\/\\\/www.webdo.tn\\\/fr\\\/#\\\/schema\\\/person\\\/c652cd8fc2b1b44412b5ffb48c5a911d\",\"name\":\"Mohamed Hedi Touati\",\"image\":{\"@type\":\"ImageObject\",\"inLanguage\":\"fr-FR\",\"@id\":\"https:\\\/\\\/secure.gravatar.com\\\/avatar\\\/9cfd402c745b7a685f13eed0ea6e59d2144a3c2fc50a3db6fd5ed451f6cddf1a?s=96&d=mm&r=g\",\"url\":\"https:\\\/\\\/secure.gravatar.com\\\/avatar\\\/9cfd402c745b7a685f13eed0ea6e59d2144a3c2fc50a3db6fd5ed451f6cddf1a?s=96&d=mm&r=g\",\"contentUrl\":\"https:\\\/\\\/secure.gravatar.com\\\/avatar\\\/9cfd402c745b7a685f13eed0ea6e59d2144a3c2fc50a3db6fd5ed451f6cddf1a?s=96&d=mm&r=g\",\"caption\":\"Mohamed Hedi Touati\"},\"url\":\"https:\\\/\\\/www.webdo.tn\\\/fr\\\/actualite\\\/author\\\/mohamed-hedi-touati\\\/\"}]}<\/script>\n<!-- \/ Yoast SEO Premium plugin. -->","yoast_head_json":{"title":"Sousse : Vaste campagne s\u00e9curitaire pour \u00e9radiquer les installations anarchiques \u00e0 Bab Jebli - webdo","description":"Une intervention r\u00e9ussie \u00e0 Bab Jebli : d\u00e9couvrez comment Sousse lutte contre les installations anarchiques et am\u00e9liore l'espace public.","canonical":"https:\/\/www.webdo.tn\/fr\/actualite\/regions\/sousse-vaste-campagne-securitaire-pour-eradiquer-les-installations-anarchiques-a-bab-jebli\/382855\/","og_locale":"fr_FR","og_type":"article","og_title":"Sousse : Vaste campagne s\u00e9curitaire pour \u00e9radiquer les installations anarchiques \u00e0 Bab Jebli","og_description":"Une intervention r\u00e9ussie \u00e0 Bab Jebli : d\u00e9couvrez comment Sousse lutte contre les installations anarchiques et am\u00e9liore l'espace public.","og_url":"https:\/\/www.webdo.tn\/fr\/actualite\/regions\/sousse-vaste-campagne-securitaire-pour-eradiquer-les-installations-anarchiques-a-bab-jebli\/382855\/","og_site_name":"webdo","article_publisher":"https:\/\/www.facebook.com\/webdotn","article_published_time":"2025-09-05T09:48:46+00:00","article_modified_time":"2025-09-05T14:16:33+00:00","og_image":[{"width":533,"height":300,"url":"https:\/\/www.webdo.tn\/fr\/wp-content\/uploads\/2025\/09\/Campagne-securitaire-e1757065662995.jpg","type":"image\/jpeg"}],"author":"Mohamed Hedi Touati","twitter_card":"summary_large_image","twitter_creator":"@webdo_tn","twitter_site":"@webdo_tn","twitter_misc":{"\u00c9crit par":"Mohamed Hedi Touati","Dur\u00e9e de lecture estim\u00e9e":"2 minutes"},"schema":{"@context":"https:\/\/schema.org","@graph":[{"@type":"NewsArticle","@id":"https:\/\/www.webdo.tn\/fr\/actualite\/regions\/sousse-vaste-campagne-securitaire-pour-eradiquer-les-installations-anarchiques-a-bab-jebli\/382855\/#article","isPartOf":{"@id":"https:\/\/www.webdo.tn\/fr\/actualite\/regions\/sousse-vaste-campagne-securitaire-pour-eradiquer-les-installations-anarchiques-a-bab-jebli\/382855\/"},"author":{"name":"Mohamed Hedi Touati","@id":"https:\/\/www.webdo.tn\/fr\/#\/schema\/person\/c652cd8fc2b1b44412b5ffb48c5a911d"},"headline":"Sousse : Vaste campagne s\u00e9curitaire pour \u00e9radiquer les installations anarchiques \u00e0 Bab Jebli","datePublished":"2025-09-05T09:48:46+00:00","dateModified":"2025-09-05T14:16:33+00:00","mainEntityOfPage":{"@id":"https:\/\/www.webdo.tn\/fr\/actualite\/regions\/sousse-vaste-campagne-securitaire-pour-eradiquer-les-installations-anarchiques-a-bab-jebli\/382855\/"},"wordCount":354,"publisher":{"@id":"https:\/\/www.webdo.tn\/fr\/#organization"},"image":{"@id":"https:\/\/www.webdo.tn\/fr\/actualite\/regions\/sousse-vaste-campagne-securitaire-pour-eradiquer-les-installations-anarchiques-a-bab-jebli\/382855\/#primaryimage"},"thumbnailUrl":"https:\/\/www.webdo.tn\/fr\/wp-content\/uploads\/2025\/09\/Campagne-securitaire-e1757065662995.jpg","keywords":["Sousse","Tunisie","vendeurs anarchiques","vendeurs informels"],"articleSection":["regions"],"inLanguage":"fr-FR"},{"@type":"WebPage","@id":"https:\/\/www.webdo.tn\/fr\/actualite\/regions\/sousse-vaste-campagne-securitaire-pour-eradiquer-les-installations-anarchiques-a-bab-jebli\/382855\/","url":"https:\/\/www.webdo.tn\/fr\/actualite\/regions\/sousse-vaste-campagne-securitaire-pour-eradiquer-les-installations-anarchiques-a-bab-jebli\/382855\/","name":"Sousse : Vaste campagne s\u00e9curitaire pour \u00e9radiquer les installations anarchiques \u00e0 Bab Jebli - webdo","isPartOf":{"@id":"https:\/\/www.webdo.tn\/fr\/#website"},"primaryImageOfPage":{"@id":"https:\/\/www.webdo.tn\/fr\/actualite\/regions\/sousse-vaste-campagne-securitaire-pour-eradiquer-les-installations-anarchiques-a-bab-jebli\/382855\/#primaryimage"},"image":{"@id":"https:\/\/www.webdo.tn\/fr\/actualite\/regions\/sousse-vaste-campagne-securitaire-pour-eradiquer-les-installations-anarchiques-a-bab-jebli\/382855\/#primaryimage"},"thumbnailUrl":"https:\/\/www.webdo.tn\/fr\/wp-content\/uploads\/2025\/09\/Campagne-securitaire-e1757065662995.jpg","datePublished":"2025-09-05T09:48:46+00:00","dateModified":"2025-09-05T14:16:33+00:00","description":"Une intervention r\u00e9ussie \u00e0 Bab Jebli : d\u00e9couvrez comment Sousse lutte contre les installations anarchiques et am\u00e9liore l'espace public.","breadcrumb":{"@id":"https:\/\/www.webdo.tn\/fr\/actualite\/regions\/sousse-vaste-campagne-securitaire-pour-eradiquer-les-installations-anarchiques-a-bab-jebli\/382855\/#breadcrumb"},"inLanguage":"fr-FR","potentialAction":[{"@type":"ReadAction","target":["https:\/\/www.webdo.tn\/fr\/actualite\/regions\/sousse-vaste-campagne-securitaire-pour-eradiquer-les-installations-anarchiques-a-bab-jebli\/382855\/"]}]},{"@type":"ImageObject","inLanguage":"fr-FR","@id":"https:\/\/www.webdo.tn\/fr\/actualite\/regions\/sousse-vaste-campagne-securitaire-pour-eradiquer-les-installations-anarchiques-a-bab-jebli\/382855\/#primaryimage","url":"https:\/\/www.webdo.tn\/fr\/wp-content\/uploads\/2025\/09\/Campagne-securitaire-e1757065662995.jpg","contentUrl":"https:\/\/www.webdo.tn\/fr\/wp-content\/uploads\/2025\/09\/Campagne-securitaire-e1757065662995.jpg","width":533,"height":300,"caption":"Sousse : Vaste campagne s\u00e9curitaire pour \u00e9radiquer les installations anarchiques \u00e0 Bab Jebli"},{"@type":"BreadcrumbList","@id":"https:\/\/www.webdo.tn\/fr\/actualite\/regions\/sousse-vaste-campagne-securitaire-pour-eradiquer-les-installations-anarchiques-a-bab-jebli\/382855\/#breadcrumb","itemListElement":[{"@type":"ListItem","position":1,"name":"Accueil","item":"https:\/\/www.webdo.tn\/fr\/"},{"@type":"ListItem","position":2,"name":"Sousse : Vaste campagne s\u00e9curitaire pour \u00e9radiquer les installations anarchiques \u00e0 Bab Jebli"}]},{"@type":"WebSite","@id":"https:\/\/www.webdo.tn\/fr\/#website","url":"https:\/\/www.webdo.tn\/fr\/","name":"webdo","description":"Tunisie - News en Tunisie et \u00e0 l&#039;international sur Webdo.tn","publisher":{"@id":"https:\/\/www.webdo.tn\/fr\/#organization"},"potentialAction":[{"@type":"SearchAction","target":{"@type":"EntryPoint","urlTemplate":"https:\/\/www.webdo.tn\/fr\/?s={search_term_string}"},"query-input":{"@type":"PropertyValueSpecification","valueRequired":true,"valueName":"search_term_string"}}],"inLanguage":"fr-FR"},{"@type":"Organization","@id":"https:\/\/www.webdo.tn\/fr\/#organization","name":"Webdo","alternateName":"Webdo.tn","url":"https:\/\/www.webdo.tn\/fr\/","logo":{"@type":"ImageObject","inLanguage":"fr-FR","@id":"https:\/\/www.webdo.tn\/fr\/#\/schema\/logo\/image\/","url":"https:\/\/www.webdo.tn\/fr\/wp-content\/uploads\/2025\/06\/Webdo-Tunisie_168377.jpg","contentUrl":"https:\/\/www.webdo.tn\/fr\/wp-content\/uploads\/2025\/06\/Webdo-Tunisie_168377.jpg","width":301,"height":301,"caption":"Webdo"},"image":{"@id":"https:\/\/www.webdo.tn\/fr\/#\/schema\/logo\/image\/"},"sameAs":["https:\/\/www.facebook.com\/webdotn","https:\/\/x.com\/webdo_tn"],"description":"Webdo est un m\u00e9dia num\u00e9rique tunisien fond\u00e9 en 2010, sp\u00e9cialis\u00e9 dans l\u2019actualit\u00e9 nationale et internationale, l\u2019\u00e9conomie, la soci\u00e9t\u00e9 et les analyses politiques. Le site s\u2019adresse \u00e0 un large public francophone et couvre l\u2019information tunisienne en temps r\u00e9el.","email":"redac@webdo.tn","legalName":"YNJ SARL","foundingDate":"2010-09-06","numberOfEmployees":{"@type":"QuantitativeValue","minValue":"11","maxValue":"50"}},{"@type":"Person","@id":"https:\/\/www.webdo.tn\/fr\/#\/schema\/person\/c652cd8fc2b1b44412b5ffb48c5a911d","name":"Mohamed Hedi Touati","image":{"@type":"ImageObject","inLanguage":"fr-FR","@id":"https:\/\/secure.gravatar.com\/avatar\/9cfd402c745b7a685f13eed0ea6e59d2144a3c2fc50a3db6fd5ed451f6cddf1a?s=96&d=mm&r=g","url":"https:\/\/secure.gravatar.com\/avatar\/9cfd402c745b7a685f13eed0ea6e59d2144a3c2fc50a3db6fd5ed451f6cddf1a?s=96&d=mm&r=g","contentUrl":"https:\/\/secure.gravatar.com\/avatar\/9cfd402c745b7a685f13eed0ea6e59d2144a3c2fc50a3db6fd5ed451f6cddf1a?s=96&d=mm&r=g","caption":"Mohamed Hedi Touati"},"url":"https:\/\/www.webdo.tn\/fr\/actualite\/author\/mohamed-hedi-touati\/"}]}},"_links":{"self":[{"href":"https:\/\/www.webdo.tn\/fr\/wp-json\/wp\/v2\/posts\/382855","targetHints":{"allow":["GET"]}}],"collection":[{"href":"https:\/\/www.webdo.tn\/fr\/wp-json\/wp\/v2\/posts"}],"about":[{"href":"https:\/\/www.webdo.tn\/fr\/wp-json\/wp\/v2\/types\/post"}],"author":[{"embeddable":true,"href":"https:\/\/www.webdo.tn\/fr\/wp-json\/wp\/v2\/users\/3191"}],"replies":[{"embeddable":true,"href":"https:\/\/www.webdo.tn\/fr\/wp-json\/wp\/v2\/comments?post=382855"}],"version-history":[{"count":0,"href":"https:\/\/www.webdo.tn\/fr\/wp-json\/wp\/v2\/posts\/382855\/revisions"}],"wp:featuredmedia":[{"embeddable":true,"href":"https:\/\/www.webdo.tn\/fr\/wp-json\/wp\/v2\/media\/382856"}],"wp:attachment":[{"href":"https:\/\/www.webdo.tn\/fr\/wp-json\/wp\/v2\/media?parent=382855"}],"wp:term":[{"taxonomy":"category","embeddable":true,"href":"https:\/\/www.webdo.tn\/fr\/wp-json\/wp\/v2\/categories?post=382855"},{"taxonomy":"post_tag","embeddable":true,"href":"https:\/\/www.webdo.tn\/fr\/wp-json\/wp\/v2\/tags?post=382855"}],"curies":[{"name":"wp","href":"https:\/\/api.w.org\/{rel}","templated":true}]}}