{"id":382839,"date":"2025-09-05T10:07:55","date_gmt":"2025-09-05T09:07:55","guid":{"rendered":"https:\/\/www.webdo.tn\/fr\/?p=382839"},"modified":"2025-09-05T12:09:04","modified_gmt":"2025-09-05T11:09:04","slug":"une-nuit-dhorreur-en-tunisie-houssemeddine-jebabli-dement","status":"publish","type":"post","link":"https:\/\/www.webdo.tn\/fr\/actualite\/national\/une-nuit-dhorreur-en-tunisie-houssemeddine-jebabli-dement\/382839\/","title":{"rendered":"\u00ab\u00a0Une nuit d&rsquo;horreur en Tunisie\u00a0\u00bb : Houssemeddine Jebabli d\u00e9ment !"},"content":{"rendered":"\n<p><strong>Le porte-parole officiel de la Garde nationale, le g\u00e9n\u00e9ral Houssemeddine Jebabli, a d\u00e9menti jeudi soir les d\u00e9clarations qui lui ont \u00e9t\u00e9 attribu\u00e9es et relay\u00e9es sur les r\u00e9seaux sociaux, affirmant qu\u2019il s\u2019agissait d\u2019une manipulation de contenu.<\/strong><\/p>\n\n\n\n<p>Des propos trompeurs circulant sur les r\u00e9seaux sociaux avaient affirm\u00e9 que \u00ab la Tunisie avait connu une nuit exceptionnelle et d&rsquo;horreur durant laquelle les forces de l\u2019ordre ont men\u00e9 l\u2019une des op\u00e9rations les plus difficiles et les plus dangereuses contre les r\u00e9seaux de drogue \u00bb.<\/p>\n\n\n\n<p><a href=\"https:\/\/www.facebook.com\/DiwanFM\/videos\/791782006574918\">Dans une intervention radiophonique ce vendredi matin sur les ondes de Diwan FM, <\/a>Jebabli a d\u00e9menti ces rumeurs et a rappel\u00e9 que \u00ab\u00a0la campagne nationale de lutte contre la drogue, lanc\u00e9e sur instruction du pr\u00e9sident de la R\u00e9publique depuis octobre dernier, se poursuit toujours\u00a0\u00bb. <\/p>\n\n\n\n<p>Cette op\u00e9ration a permis, selon lui, de d\u00e9manteler plusieurs r\u00e9seaux de trafiquants et d\u2019arr\u00eater certains de leurs principaux membres impliqu\u00e9s dans la promotion et la contrebande de stup\u00e9fiants.<\/p>\n\n\n\n<p>Le porte-parole a pr\u00e9cis\u00e9 que les op\u00e9rations conjointes entre les unit\u00e9s de la s\u00fbret\u00e9 et celles de la Garde nationale se poursuivent afin de cibler les dealers et les passeurs.<\/p>\n\n\n\n<p><\/p>\n\n\n\n<p><strong>Lire aussi : <\/strong><a href=\"https:\/\/www.webdo.tn\/fr\/actualite\/national\/tunisie-saisies-record-de-drogue\/382553\/\">Tunisie : Saisies record de drogue <\/a><br><\/p>\n","protected":false},"excerpt":{"rendered":"<p>Le porte-parole officiel de la Garde nationale, le g\u00e9n\u00e9ral Houssemeddine Jebabli, a d\u00e9menti jeudi soir les d\u00e9clarations qui lui ont \u00e9t\u00e9 attribu\u00e9es et relay\u00e9es sur les r\u00e9seaux sociaux, affirmant qu\u2019il s\u2019agissait d\u2019une manipulation de contenu. Des propos trompeurs circulant sur les r\u00e9seaux sociaux avaient affirm\u00e9 que \u00ab la Tunisie avait connu une nuit exceptionnelle et [&hellip;]<\/p>\n","protected":false},"author":3184,"featured_media":251934,"comment_status":"closed","ping_status":"closed","sticky":false,"template":"","format":"standard","meta":{"footnotes":""},"categories":[44],"tags":[2966,2644,2608],"class_list":["post-382839","post","type-post","status-publish","format-standard","has-post-thumbnail","hentry","category-national","tag-arrestation","tag-drogue","tag-tunisie"],"yoast_head":"<!-- This site is optimized with the Yoast SEO Premium plugin v27.5 (Yoast SEO v27.5) - https:\/\/yoast.com\/product\/yoast-seo-premium-wordpress\/ -->\n<title>&quot;Une nuit d&#039;horreur en Tunisie&quot; : Houssemeddine Jebabli d\u00e9ment ! - webdo<\/title>\n<meta name=\"description\" content=\"Le g\u00e9n\u00e9ral Houssemeddine Jebabli d\u00e9ment les rumeurs et rappelle la poursuite de la campagne de lutte contre la drogue.\" \/>\n<link rel=\"canonical\" href=\"https:\/\/www.webdo.tn\/fr\/actualite\/national\/une-nuit-dhorreur-en-tunisie-houssemeddine-jebabli-dement\/382839\/\" \/>\n<meta property=\"og:locale\" content=\"fr_FR\" \/>\n<meta property=\"og:type\" content=\"article\" \/>\n<meta property=\"og:title\" content=\"&quot;Une nuit d&#039;horreur en Tunisie&quot; : Houssemeddine Jebabli d\u00e9ment !\" \/>\n<meta property=\"og:description\" content=\"Le g\u00e9n\u00e9ral Houssemeddine Jebabli d\u00e9ment les rumeurs et rappelle la poursuite de la campagne de lutte contre la drogue.\" \/>\n<meta property=\"og:url\" content=\"https:\/\/www.webdo.tn\/fr\/actualite\/national\/une-nuit-dhorreur-en-tunisie-houssemeddine-jebabli-dement\/382839\/\" \/>\n<meta property=\"og:site_name\" content=\"webdo\" \/>\n<meta property=\"article:publisher\" content=\"https:\/\/www.facebook.com\/webdotn\" \/>\n<meta property=\"article:published_time\" content=\"2025-09-05T09:07:55+00:00\" \/>\n<meta property=\"article:modified_time\" content=\"2025-09-05T11:09:04+00:00\" \/>\n<meta property=\"og:image\" content=\"https:\/\/www.webdo.tn\/fr\/wp-content\/uploads\/2023\/02\/f224b66136fb001797ad1a4056050955.png\" \/>\n\t<meta property=\"og:image:width\" content=\"750\" \/>\n\t<meta property=\"og:image:height\" content=\"400\" \/>\n\t<meta property=\"og:image:type\" content=\"image\/png\" \/>\n<meta name=\"author\" content=\"Wided Belhaj\" \/>\n<meta name=\"twitter:card\" content=\"summary_large_image\" \/>\n<meta name=\"twitter:creator\" content=\"@webdo_tn\" \/>\n<meta name=\"twitter:site\" content=\"@webdo_tn\" \/>\n<meta name=\"twitter:label1\" content=\"\u00c9crit par\" \/>\n\t<meta name=\"twitter:data1\" content=\"Wided Belhaj\" \/>\n\t<meta name=\"twitter:label2\" content=\"Dur\u00e9e de lecture estim\u00e9e\" \/>\n\t<meta name=\"twitter:data2\" content=\"2 minutes\" \/>\n<script type=\"application\/ld+json\" class=\"yoast-schema-graph\">{\"@context\":\"https:\\\/\\\/schema.org\",\"@graph\":[{\"@type\":\"NewsArticle\",\"@id\":\"https:\\\/\\\/www.webdo.tn\\\/fr\\\/actualite\\\/national\\\/une-nuit-dhorreur-en-tunisie-houssemeddine-jebabli-dement\\\/382839\\\/#article\",\"isPartOf\":{\"@id\":\"https:\\\/\\\/www.webdo.tn\\\/fr\\\/actualite\\\/national\\\/une-nuit-dhorreur-en-tunisie-houssemeddine-jebabli-dement\\\/382839\\\/\"},\"author\":{\"name\":\"Wided Belhaj\",\"@id\":\"https:\\\/\\\/www.webdo.tn\\\/fr\\\/#\\\/schema\\\/person\\\/b9ecde7a5574cb4fcf4b496ea5fadb15\"},\"headline\":\"\u00ab\u00a0Une nuit d&rsquo;horreur en Tunisie\u00a0\u00bb : Houssemeddine Jebabli d\u00e9ment !\",\"datePublished\":\"2025-09-05T09:07:55+00:00\",\"dateModified\":\"2025-09-05T11:09:04+00:00\",\"mainEntityOfPage\":{\"@id\":\"https:\\\/\\\/www.webdo.tn\\\/fr\\\/actualite\\\/national\\\/une-nuit-dhorreur-en-tunisie-houssemeddine-jebabli-dement\\\/382839\\\/\"},\"wordCount\":228,\"publisher\":{\"@id\":\"https:\\\/\\\/www.webdo.tn\\\/fr\\\/#organization\"},\"image\":{\"@id\":\"https:\\\/\\\/www.webdo.tn\\\/fr\\\/actualite\\\/national\\\/une-nuit-dhorreur-en-tunisie-houssemeddine-jebabli-dement\\\/382839\\\/#primaryimage\"},\"thumbnailUrl\":\"https:\\\/\\\/www.webdo.tn\\\/fr\\\/wp-content\\\/uploads\\\/2023\\\/02\\\/f224b66136fb001797ad1a4056050955.png\",\"keywords\":[\"arrestation\",\"drogue\",\"Tunisie\"],\"articleSection\":[\"National\"],\"inLanguage\":\"fr-FR\"},{\"@type\":\"WebPage\",\"@id\":\"https:\\\/\\\/www.webdo.tn\\\/fr\\\/actualite\\\/national\\\/une-nuit-dhorreur-en-tunisie-houssemeddine-jebabli-dement\\\/382839\\\/\",\"url\":\"https:\\\/\\\/www.webdo.tn\\\/fr\\\/actualite\\\/national\\\/une-nuit-dhorreur-en-tunisie-houssemeddine-jebabli-dement\\\/382839\\\/\",\"name\":\"\\\"Une nuit d'horreur en Tunisie\\\" : Houssemeddine Jebabli d\u00e9ment ! - webdo\",\"isPartOf\":{\"@id\":\"https:\\\/\\\/www.webdo.tn\\\/fr\\\/#website\"},\"primaryImageOfPage\":{\"@id\":\"https:\\\/\\\/www.webdo.tn\\\/fr\\\/actualite\\\/national\\\/une-nuit-dhorreur-en-tunisie-houssemeddine-jebabli-dement\\\/382839\\\/#primaryimage\"},\"image\":{\"@id\":\"https:\\\/\\\/www.webdo.tn\\\/fr\\\/actualite\\\/national\\\/une-nuit-dhorreur-en-tunisie-houssemeddine-jebabli-dement\\\/382839\\\/#primaryimage\"},\"thumbnailUrl\":\"https:\\\/\\\/www.webdo.tn\\\/fr\\\/wp-content\\\/uploads\\\/2023\\\/02\\\/f224b66136fb001797ad1a4056050955.png\",\"datePublished\":\"2025-09-05T09:07:55+00:00\",\"dateModified\":\"2025-09-05T11:09:04+00:00\",\"description\":\"Le g\u00e9n\u00e9ral Houssemeddine Jebabli d\u00e9ment les rumeurs et rappelle la poursuite de la campagne de lutte contre la drogue.\",\"breadcrumb\":{\"@id\":\"https:\\\/\\\/www.webdo.tn\\\/fr\\\/actualite\\\/national\\\/une-nuit-dhorreur-en-tunisie-houssemeddine-jebabli-dement\\\/382839\\\/#breadcrumb\"},\"inLanguage\":\"fr-FR\",\"potentialAction\":[{\"@type\":\"ReadAction\",\"target\":[\"https:\\\/\\\/www.webdo.tn\\\/fr\\\/actualite\\\/national\\\/une-nuit-dhorreur-en-tunisie-houssemeddine-jebabli-dement\\\/382839\\\/\"]}]},{\"@type\":\"ImageObject\",\"inLanguage\":\"fr-FR\",\"@id\":\"https:\\\/\\\/www.webdo.tn\\\/fr\\\/actualite\\\/national\\\/une-nuit-dhorreur-en-tunisie-houssemeddine-jebabli-dement\\\/382839\\\/#primaryimage\",\"url\":\"https:\\\/\\\/www.webdo.tn\\\/fr\\\/wp-content\\\/uploads\\\/2023\\\/02\\\/f224b66136fb001797ad1a4056050955.png\",\"contentUrl\":\"https:\\\/\\\/www.webdo.tn\\\/fr\\\/wp-content\\\/uploads\\\/2023\\\/02\\\/f224b66136fb001797ad1a4056050955.png\",\"width\":750,\"height\":400,\"caption\":\"Houssemeddine Jebabli\"},{\"@type\":\"BreadcrumbList\",\"@id\":\"https:\\\/\\\/www.webdo.tn\\\/fr\\\/actualite\\\/national\\\/une-nuit-dhorreur-en-tunisie-houssemeddine-jebabli-dement\\\/382839\\\/#breadcrumb\",\"itemListElement\":[{\"@type\":\"ListItem\",\"position\":1,\"name\":\"Accueil\",\"item\":\"https:\\\/\\\/www.webdo.tn\\\/fr\\\/\"},{\"@type\":\"ListItem\",\"position\":2,\"name\":\"\u00ab\u00a0Une nuit d&rsquo;horreur en Tunisie\u00a0\u00bb : Houssemeddine Jebabli d\u00e9ment !\"}]},{\"@type\":\"WebSite\",\"@id\":\"https:\\\/\\\/www.webdo.tn\\\/fr\\\/#website\",\"url\":\"https:\\\/\\\/www.webdo.tn\\\/fr\\\/\",\"name\":\"webdo\",\"description\":\"Tunisie - News en Tunisie et \u00e0 l&#039;international sur Webdo.tn\",\"publisher\":{\"@id\":\"https:\\\/\\\/www.webdo.tn\\\/fr\\\/#organization\"},\"potentialAction\":[{\"@type\":\"SearchAction\",\"target\":{\"@type\":\"EntryPoint\",\"urlTemplate\":\"https:\\\/\\\/www.webdo.tn\\\/fr\\\/?s={search_term_string}\"},\"query-input\":{\"@type\":\"PropertyValueSpecification\",\"valueRequired\":true,\"valueName\":\"search_term_string\"}}],\"inLanguage\":\"fr-FR\"},{\"@type\":\"Organization\",\"@id\":\"https:\\\/\\\/www.webdo.tn\\\/fr\\\/#organization\",\"name\":\"Webdo\",\"alternateName\":\"Webdo.tn\",\"url\":\"https:\\\/\\\/www.webdo.tn\\\/fr\\\/\",\"logo\":{\"@type\":\"ImageObject\",\"inLanguage\":\"fr-FR\",\"@id\":\"https:\\\/\\\/www.webdo.tn\\\/fr\\\/#\\\/schema\\\/logo\\\/image\\\/\",\"url\":\"https:\\\/\\\/www.webdo.tn\\\/fr\\\/wp-content\\\/uploads\\\/2025\\\/06\\\/Webdo-Tunisie_168377.jpg\",\"contentUrl\":\"https:\\\/\\\/www.webdo.tn\\\/fr\\\/wp-content\\\/uploads\\\/2025\\\/06\\\/Webdo-Tunisie_168377.jpg\",\"width\":301,\"height\":301,\"caption\":\"Webdo\"},\"image\":{\"@id\":\"https:\\\/\\\/www.webdo.tn\\\/fr\\\/#\\\/schema\\\/logo\\\/image\\\/\"},\"sameAs\":[\"https:\\\/\\\/www.facebook.com\\\/webdotn\",\"https:\\\/\\\/x.com\\\/webdo_tn\"],\"description\":\"Webdo est un m\u00e9dia num\u00e9rique tunisien fond\u00e9 en 2010, sp\u00e9cialis\u00e9 dans l\u2019actualit\u00e9 nationale et internationale, l\u2019\u00e9conomie, la soci\u00e9t\u00e9 et les analyses politiques. Le site s\u2019adresse \u00e0 un large public francophone et couvre l\u2019information tunisienne en temps r\u00e9el.\",\"email\":\"redac@webdo.tn\",\"legalName\":\"YNJ SARL\",\"foundingDate\":\"2010-09-06\",\"numberOfEmployees\":{\"@type\":\"QuantitativeValue\",\"minValue\":\"11\",\"maxValue\":\"50\"}},{\"@type\":\"Person\",\"@id\":\"https:\\\/\\\/www.webdo.tn\\\/fr\\\/#\\\/schema\\\/person\\\/b9ecde7a5574cb4fcf4b496ea5fadb15\",\"name\":\"Wided Belhaj\",\"image\":{\"@type\":\"ImageObject\",\"inLanguage\":\"fr-FR\",\"@id\":\"https:\\\/\\\/www.webdo.tn\\\/fr\\\/wp-content\\\/uploads\\\/2026\\\/04\\\/wided-belhaj_avatar-96x96.jpg\",\"url\":\"https:\\\/\\\/www.webdo.tn\\\/fr\\\/wp-content\\\/uploads\\\/2026\\\/04\\\/wided-belhaj_avatar-96x96.jpg\",\"contentUrl\":\"https:\\\/\\\/www.webdo.tn\\\/fr\\\/wp-content\\\/uploads\\\/2026\\\/04\\\/wided-belhaj_avatar-96x96.jpg\",\"caption\":\"Wided Belhaj\"},\"description\":\"Wided Belhaj est le pseudonyme \u00e9ditorial utilis\u00e9 par Khalil Jelassi, journaliste, ma\u00eetre-assistant \u00e0 l\u2019Institut de presse et des sciences de l\u2019information (IPSI) et chercheur en sciences de l\u2019information et de la communication. Cette signature est d\u00e9di\u00e9e \u00e0 l\u2019analyse des m\u00e9dias, des pratiques journalistiques et des mutations de l\u2019information \u00e0 l\u2019\u00e8re digitale. \u00c0 travers ses contributions, Wided Belhaj propose une lecture analytique de l\u2019actualit\u00e9, en croisant regard critique et expertise acad\u00e9mique.\",\"knowsAbout\":[\"m\u00e9dias\",\"journalisme\",\"communication\",\"information\",\"transformation num\u00e9rique\",\"analyse des m\u00e9dias\"],\"knowsLanguage\":[\"Fran\u00e7ais\",\"Arabe\"],\"jobTitle\":\"Webdo.tn\",\"worksFor\":\"Journaliste \u2013 Analyse des m\u00e9dias\",\"url\":\"https:\\\/\\\/www.webdo.tn\\\/fr\\\/actualite\\\/author\\\/wided-belhaj\\\/\"}]}<\/script>\n<!-- \/ Yoast SEO Premium plugin. -->","yoast_head_json":{"title":"\"Une nuit d'horreur en Tunisie\" : Houssemeddine Jebabli d\u00e9ment ! - webdo","description":"Le g\u00e9n\u00e9ral Houssemeddine Jebabli d\u00e9ment les rumeurs et rappelle la poursuite de la campagne de lutte contre la drogue.","canonical":"https:\/\/www.webdo.tn\/fr\/actualite\/national\/une-nuit-dhorreur-en-tunisie-houssemeddine-jebabli-dement\/382839\/","og_locale":"fr_FR","og_type":"article","og_title":"\"Une nuit d'horreur en Tunisie\" : Houssemeddine Jebabli d\u00e9ment !","og_description":"Le g\u00e9n\u00e9ral Houssemeddine Jebabli d\u00e9ment les rumeurs et rappelle la poursuite de la campagne de lutte contre la drogue.","og_url":"https:\/\/www.webdo.tn\/fr\/actualite\/national\/une-nuit-dhorreur-en-tunisie-houssemeddine-jebabli-dement\/382839\/","og_site_name":"webdo","article_publisher":"https:\/\/www.facebook.com\/webdotn","article_published_time":"2025-09-05T09:07:55+00:00","article_modified_time":"2025-09-05T11:09:04+00:00","og_image":[{"width":750,"height":400,"url":"https:\/\/www.webdo.tn\/fr\/wp-content\/uploads\/2023\/02\/f224b66136fb001797ad1a4056050955.png","type":"image\/png"}],"author":"Wided Belhaj","twitter_card":"summary_large_image","twitter_creator":"@webdo_tn","twitter_site":"@webdo_tn","twitter_misc":{"\u00c9crit par":"Wided Belhaj","Dur\u00e9e de lecture estim\u00e9e":"2 minutes"},"schema":{"@context":"https:\/\/schema.org","@graph":[{"@type":"NewsArticle","@id":"https:\/\/www.webdo.tn\/fr\/actualite\/national\/une-nuit-dhorreur-en-tunisie-houssemeddine-jebabli-dement\/382839\/#article","isPartOf":{"@id":"https:\/\/www.webdo.tn\/fr\/actualite\/national\/une-nuit-dhorreur-en-tunisie-houssemeddine-jebabli-dement\/382839\/"},"author":{"name":"Wided Belhaj","@id":"https:\/\/www.webdo.tn\/fr\/#\/schema\/person\/b9ecde7a5574cb4fcf4b496ea5fadb15"},"headline":"\u00ab\u00a0Une nuit d&rsquo;horreur en Tunisie\u00a0\u00bb : Houssemeddine Jebabli d\u00e9ment !","datePublished":"2025-09-05T09:07:55+00:00","dateModified":"2025-09-05T11:09:04+00:00","mainEntityOfPage":{"@id":"https:\/\/www.webdo.tn\/fr\/actualite\/national\/une-nuit-dhorreur-en-tunisie-houssemeddine-jebabli-dement\/382839\/"},"wordCount":228,"publisher":{"@id":"https:\/\/www.webdo.tn\/fr\/#organization"},"image":{"@id":"https:\/\/www.webdo.tn\/fr\/actualite\/national\/une-nuit-dhorreur-en-tunisie-houssemeddine-jebabli-dement\/382839\/#primaryimage"},"thumbnailUrl":"https:\/\/www.webdo.tn\/fr\/wp-content\/uploads\/2023\/02\/f224b66136fb001797ad1a4056050955.png","keywords":["arrestation","drogue","Tunisie"],"articleSection":["National"],"inLanguage":"fr-FR"},{"@type":"WebPage","@id":"https:\/\/www.webdo.tn\/fr\/actualite\/national\/une-nuit-dhorreur-en-tunisie-houssemeddine-jebabli-dement\/382839\/","url":"https:\/\/www.webdo.tn\/fr\/actualite\/national\/une-nuit-dhorreur-en-tunisie-houssemeddine-jebabli-dement\/382839\/","name":"\"Une nuit d'horreur en Tunisie\" : Houssemeddine Jebabli d\u00e9ment ! - webdo","isPartOf":{"@id":"https:\/\/www.webdo.tn\/fr\/#website"},"primaryImageOfPage":{"@id":"https:\/\/www.webdo.tn\/fr\/actualite\/national\/une-nuit-dhorreur-en-tunisie-houssemeddine-jebabli-dement\/382839\/#primaryimage"},"image":{"@id":"https:\/\/www.webdo.tn\/fr\/actualite\/national\/une-nuit-dhorreur-en-tunisie-houssemeddine-jebabli-dement\/382839\/#primaryimage"},"thumbnailUrl":"https:\/\/www.webdo.tn\/fr\/wp-content\/uploads\/2023\/02\/f224b66136fb001797ad1a4056050955.png","datePublished":"2025-09-05T09:07:55+00:00","dateModified":"2025-09-05T11:09:04+00:00","description":"Le g\u00e9n\u00e9ral Houssemeddine Jebabli d\u00e9ment les rumeurs et rappelle la poursuite de la campagne de lutte contre la drogue.","breadcrumb":{"@id":"https:\/\/www.webdo.tn\/fr\/actualite\/national\/une-nuit-dhorreur-en-tunisie-houssemeddine-jebabli-dement\/382839\/#breadcrumb"},"inLanguage":"fr-FR","potentialAction":[{"@type":"ReadAction","target":["https:\/\/www.webdo.tn\/fr\/actualite\/national\/une-nuit-dhorreur-en-tunisie-houssemeddine-jebabli-dement\/382839\/"]}]},{"@type":"ImageObject","inLanguage":"fr-FR","@id":"https:\/\/www.webdo.tn\/fr\/actualite\/national\/une-nuit-dhorreur-en-tunisie-houssemeddine-jebabli-dement\/382839\/#primaryimage","url":"https:\/\/www.webdo.tn\/fr\/wp-content\/uploads\/2023\/02\/f224b66136fb001797ad1a4056050955.png","contentUrl":"https:\/\/www.webdo.tn\/fr\/wp-content\/uploads\/2023\/02\/f224b66136fb001797ad1a4056050955.png","width":750,"height":400,"caption":"Houssemeddine Jebabli"},{"@type":"BreadcrumbList","@id":"https:\/\/www.webdo.tn\/fr\/actualite\/national\/une-nuit-dhorreur-en-tunisie-houssemeddine-jebabli-dement\/382839\/#breadcrumb","itemListElement":[{"@type":"ListItem","position":1,"name":"Accueil","item":"https:\/\/www.webdo.tn\/fr\/"},{"@type":"ListItem","position":2,"name":"\u00ab\u00a0Une nuit d&rsquo;horreur en Tunisie\u00a0\u00bb : Houssemeddine Jebabli d\u00e9ment !"}]},{"@type":"WebSite","@id":"https:\/\/www.webdo.tn\/fr\/#website","url":"https:\/\/www.webdo.tn\/fr\/","name":"webdo","description":"Tunisie - News en Tunisie et \u00e0 l&#039;international sur Webdo.tn","publisher":{"@id":"https:\/\/www.webdo.tn\/fr\/#organization"},"potentialAction":[{"@type":"SearchAction","target":{"@type":"EntryPoint","urlTemplate":"https:\/\/www.webdo.tn\/fr\/?s={search_term_string}"},"query-input":{"@type":"PropertyValueSpecification","valueRequired":true,"valueName":"search_term_string"}}],"inLanguage":"fr-FR"},{"@type":"Organization","@id":"https:\/\/www.webdo.tn\/fr\/#organization","name":"Webdo","alternateName":"Webdo.tn","url":"https:\/\/www.webdo.tn\/fr\/","logo":{"@type":"ImageObject","inLanguage":"fr-FR","@id":"https:\/\/www.webdo.tn\/fr\/#\/schema\/logo\/image\/","url":"https:\/\/www.webdo.tn\/fr\/wp-content\/uploads\/2025\/06\/Webdo-Tunisie_168377.jpg","contentUrl":"https:\/\/www.webdo.tn\/fr\/wp-content\/uploads\/2025\/06\/Webdo-Tunisie_168377.jpg","width":301,"height":301,"caption":"Webdo"},"image":{"@id":"https:\/\/www.webdo.tn\/fr\/#\/schema\/logo\/image\/"},"sameAs":["https:\/\/www.facebook.com\/webdotn","https:\/\/x.com\/webdo_tn"],"description":"Webdo est un m\u00e9dia num\u00e9rique tunisien fond\u00e9 en 2010, sp\u00e9cialis\u00e9 dans l\u2019actualit\u00e9 nationale et internationale, l\u2019\u00e9conomie, la soci\u00e9t\u00e9 et les analyses politiques. Le site s\u2019adresse \u00e0 un large public francophone et couvre l\u2019information tunisienne en temps r\u00e9el.","email":"redac@webdo.tn","legalName":"YNJ SARL","foundingDate":"2010-09-06","numberOfEmployees":{"@type":"QuantitativeValue","minValue":"11","maxValue":"50"}},{"@type":"Person","@id":"https:\/\/www.webdo.tn\/fr\/#\/schema\/person\/b9ecde7a5574cb4fcf4b496ea5fadb15","name":"Wided Belhaj","image":{"@type":"ImageObject","inLanguage":"fr-FR","@id":"https:\/\/www.webdo.tn\/fr\/wp-content\/uploads\/2026\/04\/wided-belhaj_avatar-96x96.jpg","url":"https:\/\/www.webdo.tn\/fr\/wp-content\/uploads\/2026\/04\/wided-belhaj_avatar-96x96.jpg","contentUrl":"https:\/\/www.webdo.tn\/fr\/wp-content\/uploads\/2026\/04\/wided-belhaj_avatar-96x96.jpg","caption":"Wided Belhaj"},"description":"Wided Belhaj est le pseudonyme \u00e9ditorial utilis\u00e9 par Khalil Jelassi, journaliste, ma\u00eetre-assistant \u00e0 l\u2019Institut de presse et des sciences de l\u2019information (IPSI) et chercheur en sciences de l\u2019information et de la communication. Cette signature est d\u00e9di\u00e9e \u00e0 l\u2019analyse des m\u00e9dias, des pratiques journalistiques et des mutations de l\u2019information \u00e0 l\u2019\u00e8re digitale. \u00c0 travers ses contributions, Wided Belhaj propose une lecture analytique de l\u2019actualit\u00e9, en croisant regard critique et expertise acad\u00e9mique.","knowsAbout":["m\u00e9dias","journalisme","communication","information","transformation num\u00e9rique","analyse des m\u00e9dias"],"knowsLanguage":["Fran\u00e7ais","Arabe"],"jobTitle":"Webdo.tn","worksFor":"Journaliste \u2013 Analyse des m\u00e9dias","url":"https:\/\/www.webdo.tn\/fr\/actualite\/author\/wided-belhaj\/"}]}},"_links":{"self":[{"href":"https:\/\/www.webdo.tn\/fr\/wp-json\/wp\/v2\/posts\/382839","targetHints":{"allow":["GET"]}}],"collection":[{"href":"https:\/\/www.webdo.tn\/fr\/wp-json\/wp\/v2\/posts"}],"about":[{"href":"https:\/\/www.webdo.tn\/fr\/wp-json\/wp\/v2\/types\/post"}],"author":[{"embeddable":true,"href":"https:\/\/www.webdo.tn\/fr\/wp-json\/wp\/v2\/users\/3184"}],"replies":[{"embeddable":true,"href":"https:\/\/www.webdo.tn\/fr\/wp-json\/wp\/v2\/comments?post=382839"}],"version-history":[{"count":0,"href":"https:\/\/www.webdo.tn\/fr\/wp-json\/wp\/v2\/posts\/382839\/revisions"}],"wp:featuredmedia":[{"embeddable":true,"href":"https:\/\/www.webdo.tn\/fr\/wp-json\/wp\/v2\/media\/251934"}],"wp:attachment":[{"href":"https:\/\/www.webdo.tn\/fr\/wp-json\/wp\/v2\/media?parent=382839"}],"wp:term":[{"taxonomy":"category","embeddable":true,"href":"https:\/\/www.webdo.tn\/fr\/wp-json\/wp\/v2\/categories?post=382839"},{"taxonomy":"post_tag","embeddable":true,"href":"https:\/\/www.webdo.tn\/fr\/wp-json\/wp\/v2\/tags?post=382839"}],"curies":[{"name":"wp","href":"https:\/\/api.w.org\/{rel}","templated":true}]}}