{"id":382832,"date":"2025-09-05T09:18:38","date_gmt":"2025-09-05T08:18:38","guid":{"rendered":"https:\/\/www.webdo.tn\/fr\/?p=382832"},"modified":"2025-09-05T12:50:09","modified_gmt":"2025-09-05T11:50:09","slug":"quatre-avocats-tunisiens-portent-plainte-apres-la-mort-dun-citoyen-a-marseille","status":"publish","type":"post","link":"https:\/\/www.webdo.tn\/fr\/actualite\/national\/quatre-avocats-tunisiens-portent-plainte-apres-la-mort-dun-citoyen-a-marseille\/382832\/","title":{"rendered":"Quatre avocats tunisiens portent plainte apr\u00e8s la mort d\u2019un citoyen \u00e0 Marseille"},"content":{"rendered":"\n<p><strong>Quatre avocats tunisiens, men\u00e9s par Me Mounir Ben Salha, ont d\u00e9pos\u00e9 vendredi une plainte \u00e0 Marseille concernant la mort violente d\u2019un ressortissant tunisien. Ils d\u00e9noncent un \u00ab homicide non justifi\u00e9 \u00bb et annoncent leur intention de saisir ult\u00e9rieurement la justice internationale.<\/strong><\/p>\n\n\n\n<p>Lors d\u2019une intervention t\u00e9l\u00e9phonique sur les ondes de <em>Jawhara FM<\/em>, Me Mounir Ben Salha a indiqu\u00e9 que l\u2019\u00e9quipe d\u2019avocats se trouve actuellement \u00e0 Marseille afin de formaliser la plainte. Selon lui, la victime, un citoyen tunisien, se trouvait dans un \u00e9tat de grande agitation apr\u00e8s avoir subi une agression s\u00e9v\u00e8re. \u00ab La police fran\u00e7aise avait le devoir de le prot\u00e9ger au lieu de le laisser expos\u00e9 \u00e0 un danger mortel \u00bb, a-t-il affirm\u00e9.<\/p>\n\n\n\n<p>Me Ben Salha a qualifi\u00e9 l\u2019acte de meurtre de \u00ab non justifi\u00e9 et pr\u00e9m\u00e9dit\u00e9 \u00bb, tout en \u00e9voquant un climat de haine visant la communaut\u00e9 tunisienne en France. Il a soutenu que \u00ab la diaspora tunisienne fait face aujourd\u2019hui \u00e0 une campagne de stigmatisation et de racisme enracin\u00e9e dans des mentalit\u00e9s anciennes \u00bb. L\u2019avocat a \u00e9galement accus\u00e9 certaines parties, en Tunisie comme en France, d\u2019avoir tent\u00e9 de bloquer la proc\u00e9dure judiciaire.<\/p>\n\n\n\n<h3 class=\"wp-block-heading\" id=\"h-une-affaire-qui-prend-une-dimension-diplomatique\">Une affaire qui prend une dimension diplomatique<\/h3>\n\n\n\n<p>Cette initiative des avocats intervient alors que le minist\u00e8re tunisien des Affaires \u00e9trang\u00e8res avait convoqu\u00e9 l\u2019int\u00e9rimaire de l\u2019ambassade de France \u00e0 Tunis pour exprimer une protestation officielle apr\u00e8s la mort du citoyen tunisien. Le communiqu\u00e9 du minist\u00e8re, jug\u00e9 \u00ab troublant \u00bb par Ben Salha, a suscit\u00e9 un large d\u00e9bat dans les m\u00e9dias fran\u00e7ais, o\u00f9 certains journaux ont interpr\u00e9t\u00e9 la r\u00e9action tunisienne comme une accusation directe envers les forces de l\u2019ordre fran\u00e7aises.<\/p>\n\n\n\n<h3 class=\"wp-block-heading\" id=\"h-recoupement-des-faits\">Recoupement des faits<\/h3>\n\n\n\n<ul class=\"wp-block-list\">\n<li><strong>Selon la presse fran\u00e7aise<\/strong>, les premiers \u00e9l\u00e9ments de l\u2019enqu\u00eate indiquent que la victime, un homme d\u2019origine tunisienne \u00e2g\u00e9 d\u2019une quarantaine d\u2019ann\u00e9es, est d\u00e9c\u00e9d\u00e9e apr\u00e8s une intervention polici\u00e8re cons\u00e9cutive \u00e0 des violences dans un quartier de Marseille. Les autorit\u00e9s fran\u00e7aises \u00e9voquent un \u00ab individu en crise violente \u00bb, dont le comportement repr\u00e9sentait un danger pour autrui et pour lui-m\u00eame.<\/li>\n\n\n\n<li><strong>Du c\u00f4t\u00e9 tunisien<\/strong>, les avocats contestent cette version, estimant que la victime aurait d\u00fb \u00eatre ma\u00eetris\u00e9e et prot\u00e9g\u00e9e, non pas expos\u00e9e \u00e0 une issue fatale. Ils consid\u00e8rent que la police a failli \u00e0 son obligation de protection et pointent une possible motivation raciste.<\/li>\n\n\n\n<li><strong>Diplomatiquement<\/strong>, cette affaire po<a href=\"https:\/\/www.webdo.tn\/fr\/actualite\/national\/affaire-de-marseille-tunis-hausse-le-ton-diplomatique-face-a-paris\/382776\/\">urrait tendre davantage les relations bilat\u00e9rales, dans un contexte o\u00f9 la question migratoire et la s\u00e9curit\u00e9 des diasporas sont d\u00e9j\u00e0 sensibles.<\/a><\/li>\n<\/ul>\n\n\n\n<h3 class=\"wp-block-heading\" id=\"h-vers-une-judiciarisation-internationale\">Vers une judiciarisation internationale ?<\/h3>\n\n\n\n<p>Les avocats tunisiens affirment qu\u2019apr\u00e8s le d\u00e9p\u00f4t de plainte en France, une action devant les juridictions internationales sera envisag\u00e9e si l\u2019affaire n\u2019aboutit pas. Ils insistent sur la n\u00e9cessit\u00e9 de \u00ab d\u00e9fendre la dignit\u00e9 des citoyens tunisiens partout dans le monde \u00bb.<\/p>\n\n\n\n<p><\/p>\n","protected":false},"excerpt":{"rendered":"<p>Quatre avocats tunisiens, men\u00e9s par Me Mounir Ben Salha, ont d\u00e9pos\u00e9 vendredi une plainte \u00e0 Marseille concernant la mort violente d\u2019un ressortissant tunisien. Ils d\u00e9noncent un \u00ab homicide non justifi\u00e9 \u00bb et annoncent leur intention de saisir ult\u00e9rieurement la justice internationale. Lors d\u2019une intervention t\u00e9l\u00e9phonique sur les ondes de Jawhara FM, Me Mounir Ben Salha [&hellip;]<\/p>\n","protected":false},"author":3184,"featured_media":376704,"comment_status":"closed","ping_status":"closed","sticky":false,"template":"","format":"standard","meta":{"footnotes":""},"categories":[44],"tags":[3042,2998,3928,2608],"class_list":["post-382832","post","type-post","status-publish","format-standard","has-post-thumbnail","hentry","category-national","tag-avocat","tag-france","tag-marseille","tag-tunisie"],"yoast_head":"<!-- This site is optimized with the Yoast SEO Premium plugin v27.5 (Yoast SEO v27.5) - https:\/\/yoast.com\/product\/yoast-seo-premium-wordpress\/ -->\n<title>Quatre avocats tunisiens portent plainte apr\u00e8s la mort d\u2019un citoyen \u00e0 Marseille - webdo<\/title>\n<meta name=\"description\" content=\"Des avocats tunisiens d\u00e9posent une plainte \u00e0 Marseille apr\u00e8s la mort d&#039;un citoyen tunisien en situation d&#039;agression s\u00e9v\u00e8re.\" \/>\n<link rel=\"canonical\" href=\"https:\/\/www.webdo.tn\/fr\/actualite\/national\/quatre-avocats-tunisiens-portent-plainte-apres-la-mort-dun-citoyen-a-marseille\/382832\/\" \/>\n<meta property=\"og:locale\" content=\"fr_FR\" \/>\n<meta property=\"og:type\" content=\"article\" \/>\n<meta property=\"og:title\" content=\"Quatre avocats tunisiens portent plainte apr\u00e8s la mort d\u2019un citoyen \u00e0 Marseille\" \/>\n<meta property=\"og:description\" content=\"Des avocats tunisiens d\u00e9posent une plainte \u00e0 Marseille apr\u00e8s la mort d&#039;un citoyen tunisien en situation d&#039;agression s\u00e9v\u00e8re.\" \/>\n<meta property=\"og:url\" content=\"https:\/\/www.webdo.tn\/fr\/actualite\/national\/quatre-avocats-tunisiens-portent-plainte-apres-la-mort-dun-citoyen-a-marseille\/382832\/\" \/>\n<meta property=\"og:site_name\" content=\"webdo\" \/>\n<meta property=\"article:publisher\" content=\"https:\/\/www.facebook.com\/webdotn\" \/>\n<meta property=\"article:published_time\" content=\"2025-09-05T08:18:38+00:00\" \/>\n<meta property=\"article:modified_time\" content=\"2025-09-05T11:50:09+00:00\" \/>\n<meta property=\"og:image\" content=\"https:\/\/www.webdo.tn\/fr\/wp-content\/uploads\/2019\/07\/avocat.jpg\" \/>\n\t<meta property=\"og:image:width\" content=\"680\" \/>\n\t<meta property=\"og:image:height\" content=\"400\" \/>\n\t<meta property=\"og:image:type\" content=\"image\/jpeg\" \/>\n<meta name=\"author\" content=\"Wided Belhaj\" \/>\n<meta name=\"twitter:card\" content=\"summary_large_image\" \/>\n<meta name=\"twitter:creator\" content=\"@webdo_tn\" \/>\n<meta name=\"twitter:site\" content=\"@webdo_tn\" \/>\n<meta name=\"twitter:label1\" content=\"\u00c9crit par\" \/>\n\t<meta name=\"twitter:data1\" content=\"Wided Belhaj\" \/>\n\t<meta name=\"twitter:label2\" content=\"Dur\u00e9e de lecture estim\u00e9e\" \/>\n\t<meta name=\"twitter:data2\" content=\"3 minutes\" \/>\n<script type=\"application\/ld+json\" class=\"yoast-schema-graph\">{\"@context\":\"https:\\\/\\\/schema.org\",\"@graph\":[{\"@type\":\"NewsArticle\",\"@id\":\"https:\\\/\\\/www.webdo.tn\\\/fr\\\/actualite\\\/national\\\/quatre-avocats-tunisiens-portent-plainte-apres-la-mort-dun-citoyen-a-marseille\\\/382832\\\/#article\",\"isPartOf\":{\"@id\":\"https:\\\/\\\/www.webdo.tn\\\/fr\\\/actualite\\\/national\\\/quatre-avocats-tunisiens-portent-plainte-apres-la-mort-dun-citoyen-a-marseille\\\/382832\\\/\"},\"author\":{\"name\":\"Wided Belhaj\",\"@id\":\"https:\\\/\\\/www.webdo.tn\\\/fr\\\/#\\\/schema\\\/person\\\/b9ecde7a5574cb4fcf4b496ea5fadb15\"},\"headline\":\"Quatre avocats tunisiens portent plainte apr\u00e8s la mort d\u2019un citoyen \u00e0 Marseille\",\"datePublished\":\"2025-09-05T08:18:38+00:00\",\"dateModified\":\"2025-09-05T11:50:09+00:00\",\"mainEntityOfPage\":{\"@id\":\"https:\\\/\\\/www.webdo.tn\\\/fr\\\/actualite\\\/national\\\/quatre-avocats-tunisiens-portent-plainte-apres-la-mort-dun-citoyen-a-marseille\\\/382832\\\/\"},\"wordCount\":502,\"publisher\":{\"@id\":\"https:\\\/\\\/www.webdo.tn\\\/fr\\\/#organization\"},\"image\":{\"@id\":\"https:\\\/\\\/www.webdo.tn\\\/fr\\\/actualite\\\/national\\\/quatre-avocats-tunisiens-portent-plainte-apres-la-mort-dun-citoyen-a-marseille\\\/382832\\\/#primaryimage\"},\"thumbnailUrl\":\"https:\\\/\\\/www.webdo.tn\\\/fr\\\/wp-content\\\/uploads\\\/2019\\\/07\\\/avocat.jpg\",\"keywords\":[\"avocat\",\"france\",\"marseille\",\"Tunisie\"],\"articleSection\":[\"National\"],\"inLanguage\":\"fr-FR\"},{\"@type\":\"WebPage\",\"@id\":\"https:\\\/\\\/www.webdo.tn\\\/fr\\\/actualite\\\/national\\\/quatre-avocats-tunisiens-portent-plainte-apres-la-mort-dun-citoyen-a-marseille\\\/382832\\\/\",\"url\":\"https:\\\/\\\/www.webdo.tn\\\/fr\\\/actualite\\\/national\\\/quatre-avocats-tunisiens-portent-plainte-apres-la-mort-dun-citoyen-a-marseille\\\/382832\\\/\",\"name\":\"Quatre avocats tunisiens portent plainte apr\u00e8s la mort d\u2019un citoyen \u00e0 Marseille - webdo\",\"isPartOf\":{\"@id\":\"https:\\\/\\\/www.webdo.tn\\\/fr\\\/#website\"},\"primaryImageOfPage\":{\"@id\":\"https:\\\/\\\/www.webdo.tn\\\/fr\\\/actualite\\\/national\\\/quatre-avocats-tunisiens-portent-plainte-apres-la-mort-dun-citoyen-a-marseille\\\/382832\\\/#primaryimage\"},\"image\":{\"@id\":\"https:\\\/\\\/www.webdo.tn\\\/fr\\\/actualite\\\/national\\\/quatre-avocats-tunisiens-portent-plainte-apres-la-mort-dun-citoyen-a-marseille\\\/382832\\\/#primaryimage\"},\"thumbnailUrl\":\"https:\\\/\\\/www.webdo.tn\\\/fr\\\/wp-content\\\/uploads\\\/2019\\\/07\\\/avocat.jpg\",\"datePublished\":\"2025-09-05T08:18:38+00:00\",\"dateModified\":\"2025-09-05T11:50:09+00:00\",\"description\":\"Des avocats tunisiens d\u00e9posent une plainte \u00e0 Marseille apr\u00e8s la mort d'un citoyen tunisien en situation d'agression s\u00e9v\u00e8re.\",\"breadcrumb\":{\"@id\":\"https:\\\/\\\/www.webdo.tn\\\/fr\\\/actualite\\\/national\\\/quatre-avocats-tunisiens-portent-plainte-apres-la-mort-dun-citoyen-a-marseille\\\/382832\\\/#breadcrumb\"},\"inLanguage\":\"fr-FR\",\"potentialAction\":[{\"@type\":\"ReadAction\",\"target\":[\"https:\\\/\\\/www.webdo.tn\\\/fr\\\/actualite\\\/national\\\/quatre-avocats-tunisiens-portent-plainte-apres-la-mort-dun-citoyen-a-marseille\\\/382832\\\/\"]}]},{\"@type\":\"ImageObject\",\"inLanguage\":\"fr-FR\",\"@id\":\"https:\\\/\\\/www.webdo.tn\\\/fr\\\/actualite\\\/national\\\/quatre-avocats-tunisiens-portent-plainte-apres-la-mort-dun-citoyen-a-marseille\\\/382832\\\/#primaryimage\",\"url\":\"https:\\\/\\\/www.webdo.tn\\\/fr\\\/wp-content\\\/uploads\\\/2019\\\/07\\\/avocat.jpg\",\"contentUrl\":\"https:\\\/\\\/www.webdo.tn\\\/fr\\\/wp-content\\\/uploads\\\/2019\\\/07\\\/avocat.jpg\",\"width\":680,\"height\":400,\"caption\":\"Pol\u00e9mique : Un avocat tue le cambrioleur de sa maison et se fait arr\u00eater\"},{\"@type\":\"BreadcrumbList\",\"@id\":\"https:\\\/\\\/www.webdo.tn\\\/fr\\\/actualite\\\/national\\\/quatre-avocats-tunisiens-portent-plainte-apres-la-mort-dun-citoyen-a-marseille\\\/382832\\\/#breadcrumb\",\"itemListElement\":[{\"@type\":\"ListItem\",\"position\":1,\"name\":\"Accueil\",\"item\":\"https:\\\/\\\/www.webdo.tn\\\/fr\\\/\"},{\"@type\":\"ListItem\",\"position\":2,\"name\":\"Quatre avocats tunisiens portent plainte apr\u00e8s la mort d\u2019un citoyen \u00e0 Marseille\"}]},{\"@type\":\"WebSite\",\"@id\":\"https:\\\/\\\/www.webdo.tn\\\/fr\\\/#website\",\"url\":\"https:\\\/\\\/www.webdo.tn\\\/fr\\\/\",\"name\":\"webdo\",\"description\":\"Tunisie - News en Tunisie et \u00e0 l&#039;international sur Webdo.tn\",\"publisher\":{\"@id\":\"https:\\\/\\\/www.webdo.tn\\\/fr\\\/#organization\"},\"potentialAction\":[{\"@type\":\"SearchAction\",\"target\":{\"@type\":\"EntryPoint\",\"urlTemplate\":\"https:\\\/\\\/www.webdo.tn\\\/fr\\\/?s={search_term_string}\"},\"query-input\":{\"@type\":\"PropertyValueSpecification\",\"valueRequired\":true,\"valueName\":\"search_term_string\"}}],\"inLanguage\":\"fr-FR\"},{\"@type\":\"Organization\",\"@id\":\"https:\\\/\\\/www.webdo.tn\\\/fr\\\/#organization\",\"name\":\"Webdo\",\"alternateName\":\"Webdo.tn\",\"url\":\"https:\\\/\\\/www.webdo.tn\\\/fr\\\/\",\"logo\":{\"@type\":\"ImageObject\",\"inLanguage\":\"fr-FR\",\"@id\":\"https:\\\/\\\/www.webdo.tn\\\/fr\\\/#\\\/schema\\\/logo\\\/image\\\/\",\"url\":\"https:\\\/\\\/www.webdo.tn\\\/fr\\\/wp-content\\\/uploads\\\/2025\\\/06\\\/Webdo-Tunisie_168377.jpg\",\"contentUrl\":\"https:\\\/\\\/www.webdo.tn\\\/fr\\\/wp-content\\\/uploads\\\/2025\\\/06\\\/Webdo-Tunisie_168377.jpg\",\"width\":301,\"height\":301,\"caption\":\"Webdo\"},\"image\":{\"@id\":\"https:\\\/\\\/www.webdo.tn\\\/fr\\\/#\\\/schema\\\/logo\\\/image\\\/\"},\"sameAs\":[\"https:\\\/\\\/www.facebook.com\\\/webdotn\",\"https:\\\/\\\/x.com\\\/webdo_tn\"],\"description\":\"Webdo est un m\u00e9dia num\u00e9rique tunisien fond\u00e9 en 2010, sp\u00e9cialis\u00e9 dans l\u2019actualit\u00e9 nationale et internationale, l\u2019\u00e9conomie, la soci\u00e9t\u00e9 et les analyses politiques. Le site s\u2019adresse \u00e0 un large public francophone et couvre l\u2019information tunisienne en temps r\u00e9el.\",\"email\":\"redac@webdo.tn\",\"legalName\":\"YNJ SARL\",\"foundingDate\":\"2010-09-06\",\"numberOfEmployees\":{\"@type\":\"QuantitativeValue\",\"minValue\":\"11\",\"maxValue\":\"50\"}},{\"@type\":\"Person\",\"@id\":\"https:\\\/\\\/www.webdo.tn\\\/fr\\\/#\\\/schema\\\/person\\\/b9ecde7a5574cb4fcf4b496ea5fadb15\",\"name\":\"Wided Belhaj\",\"image\":{\"@type\":\"ImageObject\",\"inLanguage\":\"fr-FR\",\"@id\":\"https:\\\/\\\/www.webdo.tn\\\/fr\\\/wp-content\\\/uploads\\\/2026\\\/04\\\/wided-belhaj_avatar-96x96.jpg\",\"url\":\"https:\\\/\\\/www.webdo.tn\\\/fr\\\/wp-content\\\/uploads\\\/2026\\\/04\\\/wided-belhaj_avatar-96x96.jpg\",\"contentUrl\":\"https:\\\/\\\/www.webdo.tn\\\/fr\\\/wp-content\\\/uploads\\\/2026\\\/04\\\/wided-belhaj_avatar-96x96.jpg\",\"caption\":\"Wided Belhaj\"},\"description\":\"Wided Belhaj est le pseudonyme \u00e9ditorial utilis\u00e9 par Khalil Jelassi, journaliste, ma\u00eetre-assistant \u00e0 l\u2019Institut de presse et des sciences de l\u2019information (IPSI) et chercheur en sciences de l\u2019information et de la communication. Cette signature est d\u00e9di\u00e9e \u00e0 l\u2019analyse des m\u00e9dias, des pratiques journalistiques et des mutations de l\u2019information \u00e0 l\u2019\u00e8re digitale. \u00c0 travers ses contributions, Wided Belhaj propose une lecture analytique de l\u2019actualit\u00e9, en croisant regard critique et expertise acad\u00e9mique.\",\"knowsAbout\":[\"m\u00e9dias\",\"journalisme\",\"communication\",\"information\",\"transformation num\u00e9rique\",\"analyse des m\u00e9dias\"],\"knowsLanguage\":[\"Fran\u00e7ais\",\"Arabe\"],\"jobTitle\":\"Webdo.tn\",\"worksFor\":\"Journaliste \u2013 Analyse des m\u00e9dias\",\"url\":\"https:\\\/\\\/www.webdo.tn\\\/fr\\\/actualite\\\/author\\\/wided-belhaj\\\/\"}]}<\/script>\n<!-- \/ Yoast SEO Premium plugin. -->","yoast_head_json":{"title":"Quatre avocats tunisiens portent plainte apr\u00e8s la mort d\u2019un citoyen \u00e0 Marseille - webdo","description":"Des avocats tunisiens d\u00e9posent une plainte \u00e0 Marseille apr\u00e8s la mort d'un citoyen tunisien en situation d'agression s\u00e9v\u00e8re.","canonical":"https:\/\/www.webdo.tn\/fr\/actualite\/national\/quatre-avocats-tunisiens-portent-plainte-apres-la-mort-dun-citoyen-a-marseille\/382832\/","og_locale":"fr_FR","og_type":"article","og_title":"Quatre avocats tunisiens portent plainte apr\u00e8s la mort d\u2019un citoyen \u00e0 Marseille","og_description":"Des avocats tunisiens d\u00e9posent une plainte \u00e0 Marseille apr\u00e8s la mort d'un citoyen tunisien en situation d'agression s\u00e9v\u00e8re.","og_url":"https:\/\/www.webdo.tn\/fr\/actualite\/national\/quatre-avocats-tunisiens-portent-plainte-apres-la-mort-dun-citoyen-a-marseille\/382832\/","og_site_name":"webdo","article_publisher":"https:\/\/www.facebook.com\/webdotn","article_published_time":"2025-09-05T08:18:38+00:00","article_modified_time":"2025-09-05T11:50:09+00:00","og_image":[{"width":680,"height":400,"url":"https:\/\/www.webdo.tn\/fr\/wp-content\/uploads\/2019\/07\/avocat.jpg","type":"image\/jpeg"}],"author":"Wided Belhaj","twitter_card":"summary_large_image","twitter_creator":"@webdo_tn","twitter_site":"@webdo_tn","twitter_misc":{"\u00c9crit par":"Wided Belhaj","Dur\u00e9e de lecture estim\u00e9e":"3 minutes"},"schema":{"@context":"https:\/\/schema.org","@graph":[{"@type":"NewsArticle","@id":"https:\/\/www.webdo.tn\/fr\/actualite\/national\/quatre-avocats-tunisiens-portent-plainte-apres-la-mort-dun-citoyen-a-marseille\/382832\/#article","isPartOf":{"@id":"https:\/\/www.webdo.tn\/fr\/actualite\/national\/quatre-avocats-tunisiens-portent-plainte-apres-la-mort-dun-citoyen-a-marseille\/382832\/"},"author":{"name":"Wided Belhaj","@id":"https:\/\/www.webdo.tn\/fr\/#\/schema\/person\/b9ecde7a5574cb4fcf4b496ea5fadb15"},"headline":"Quatre avocats tunisiens portent plainte apr\u00e8s la mort d\u2019un citoyen \u00e0 Marseille","datePublished":"2025-09-05T08:18:38+00:00","dateModified":"2025-09-05T11:50:09+00:00","mainEntityOfPage":{"@id":"https:\/\/www.webdo.tn\/fr\/actualite\/national\/quatre-avocats-tunisiens-portent-plainte-apres-la-mort-dun-citoyen-a-marseille\/382832\/"},"wordCount":502,"publisher":{"@id":"https:\/\/www.webdo.tn\/fr\/#organization"},"image":{"@id":"https:\/\/www.webdo.tn\/fr\/actualite\/national\/quatre-avocats-tunisiens-portent-plainte-apres-la-mort-dun-citoyen-a-marseille\/382832\/#primaryimage"},"thumbnailUrl":"https:\/\/www.webdo.tn\/fr\/wp-content\/uploads\/2019\/07\/avocat.jpg","keywords":["avocat","france","marseille","Tunisie"],"articleSection":["National"],"inLanguage":"fr-FR"},{"@type":"WebPage","@id":"https:\/\/www.webdo.tn\/fr\/actualite\/national\/quatre-avocats-tunisiens-portent-plainte-apres-la-mort-dun-citoyen-a-marseille\/382832\/","url":"https:\/\/www.webdo.tn\/fr\/actualite\/national\/quatre-avocats-tunisiens-portent-plainte-apres-la-mort-dun-citoyen-a-marseille\/382832\/","name":"Quatre avocats tunisiens portent plainte apr\u00e8s la mort d\u2019un citoyen \u00e0 Marseille - webdo","isPartOf":{"@id":"https:\/\/www.webdo.tn\/fr\/#website"},"primaryImageOfPage":{"@id":"https:\/\/www.webdo.tn\/fr\/actualite\/national\/quatre-avocats-tunisiens-portent-plainte-apres-la-mort-dun-citoyen-a-marseille\/382832\/#primaryimage"},"image":{"@id":"https:\/\/www.webdo.tn\/fr\/actualite\/national\/quatre-avocats-tunisiens-portent-plainte-apres-la-mort-dun-citoyen-a-marseille\/382832\/#primaryimage"},"thumbnailUrl":"https:\/\/www.webdo.tn\/fr\/wp-content\/uploads\/2019\/07\/avocat.jpg","datePublished":"2025-09-05T08:18:38+00:00","dateModified":"2025-09-05T11:50:09+00:00","description":"Des avocats tunisiens d\u00e9posent une plainte \u00e0 Marseille apr\u00e8s la mort d'un citoyen tunisien en situation d'agression s\u00e9v\u00e8re.","breadcrumb":{"@id":"https:\/\/www.webdo.tn\/fr\/actualite\/national\/quatre-avocats-tunisiens-portent-plainte-apres-la-mort-dun-citoyen-a-marseille\/382832\/#breadcrumb"},"inLanguage":"fr-FR","potentialAction":[{"@type":"ReadAction","target":["https:\/\/www.webdo.tn\/fr\/actualite\/national\/quatre-avocats-tunisiens-portent-plainte-apres-la-mort-dun-citoyen-a-marseille\/382832\/"]}]},{"@type":"ImageObject","inLanguage":"fr-FR","@id":"https:\/\/www.webdo.tn\/fr\/actualite\/national\/quatre-avocats-tunisiens-portent-plainte-apres-la-mort-dun-citoyen-a-marseille\/382832\/#primaryimage","url":"https:\/\/www.webdo.tn\/fr\/wp-content\/uploads\/2019\/07\/avocat.jpg","contentUrl":"https:\/\/www.webdo.tn\/fr\/wp-content\/uploads\/2019\/07\/avocat.jpg","width":680,"height":400,"caption":"Pol\u00e9mique : Un avocat tue le cambrioleur de sa maison et se fait arr\u00eater"},{"@type":"BreadcrumbList","@id":"https:\/\/www.webdo.tn\/fr\/actualite\/national\/quatre-avocats-tunisiens-portent-plainte-apres-la-mort-dun-citoyen-a-marseille\/382832\/#breadcrumb","itemListElement":[{"@type":"ListItem","position":1,"name":"Accueil","item":"https:\/\/www.webdo.tn\/fr\/"},{"@type":"ListItem","position":2,"name":"Quatre avocats tunisiens portent plainte apr\u00e8s la mort d\u2019un citoyen \u00e0 Marseille"}]},{"@type":"WebSite","@id":"https:\/\/www.webdo.tn\/fr\/#website","url":"https:\/\/www.webdo.tn\/fr\/","name":"webdo","description":"Tunisie - News en Tunisie et \u00e0 l&#039;international sur Webdo.tn","publisher":{"@id":"https:\/\/www.webdo.tn\/fr\/#organization"},"potentialAction":[{"@type":"SearchAction","target":{"@type":"EntryPoint","urlTemplate":"https:\/\/www.webdo.tn\/fr\/?s={search_term_string}"},"query-input":{"@type":"PropertyValueSpecification","valueRequired":true,"valueName":"search_term_string"}}],"inLanguage":"fr-FR"},{"@type":"Organization","@id":"https:\/\/www.webdo.tn\/fr\/#organization","name":"Webdo","alternateName":"Webdo.tn","url":"https:\/\/www.webdo.tn\/fr\/","logo":{"@type":"ImageObject","inLanguage":"fr-FR","@id":"https:\/\/www.webdo.tn\/fr\/#\/schema\/logo\/image\/","url":"https:\/\/www.webdo.tn\/fr\/wp-content\/uploads\/2025\/06\/Webdo-Tunisie_168377.jpg","contentUrl":"https:\/\/www.webdo.tn\/fr\/wp-content\/uploads\/2025\/06\/Webdo-Tunisie_168377.jpg","width":301,"height":301,"caption":"Webdo"},"image":{"@id":"https:\/\/www.webdo.tn\/fr\/#\/schema\/logo\/image\/"},"sameAs":["https:\/\/www.facebook.com\/webdotn","https:\/\/x.com\/webdo_tn"],"description":"Webdo est un m\u00e9dia num\u00e9rique tunisien fond\u00e9 en 2010, sp\u00e9cialis\u00e9 dans l\u2019actualit\u00e9 nationale et internationale, l\u2019\u00e9conomie, la soci\u00e9t\u00e9 et les analyses politiques. Le site s\u2019adresse \u00e0 un large public francophone et couvre l\u2019information tunisienne en temps r\u00e9el.","email":"redac@webdo.tn","legalName":"YNJ SARL","foundingDate":"2010-09-06","numberOfEmployees":{"@type":"QuantitativeValue","minValue":"11","maxValue":"50"}},{"@type":"Person","@id":"https:\/\/www.webdo.tn\/fr\/#\/schema\/person\/b9ecde7a5574cb4fcf4b496ea5fadb15","name":"Wided Belhaj","image":{"@type":"ImageObject","inLanguage":"fr-FR","@id":"https:\/\/www.webdo.tn\/fr\/wp-content\/uploads\/2026\/04\/wided-belhaj_avatar-96x96.jpg","url":"https:\/\/www.webdo.tn\/fr\/wp-content\/uploads\/2026\/04\/wided-belhaj_avatar-96x96.jpg","contentUrl":"https:\/\/www.webdo.tn\/fr\/wp-content\/uploads\/2026\/04\/wided-belhaj_avatar-96x96.jpg","caption":"Wided Belhaj"},"description":"Wided Belhaj est le pseudonyme \u00e9ditorial utilis\u00e9 par Khalil Jelassi, journaliste, ma\u00eetre-assistant \u00e0 l\u2019Institut de presse et des sciences de l\u2019information (IPSI) et chercheur en sciences de l\u2019information et de la communication. Cette signature est d\u00e9di\u00e9e \u00e0 l\u2019analyse des m\u00e9dias, des pratiques journalistiques et des mutations de l\u2019information \u00e0 l\u2019\u00e8re digitale. \u00c0 travers ses contributions, Wided Belhaj propose une lecture analytique de l\u2019actualit\u00e9, en croisant regard critique et expertise acad\u00e9mique.","knowsAbout":["m\u00e9dias","journalisme","communication","information","transformation num\u00e9rique","analyse des m\u00e9dias"],"knowsLanguage":["Fran\u00e7ais","Arabe"],"jobTitle":"Webdo.tn","worksFor":"Journaliste \u2013 Analyse des m\u00e9dias","url":"https:\/\/www.webdo.tn\/fr\/actualite\/author\/wided-belhaj\/"}]}},"_links":{"self":[{"href":"https:\/\/www.webdo.tn\/fr\/wp-json\/wp\/v2\/posts\/382832","targetHints":{"allow":["GET"]}}],"collection":[{"href":"https:\/\/www.webdo.tn\/fr\/wp-json\/wp\/v2\/posts"}],"about":[{"href":"https:\/\/www.webdo.tn\/fr\/wp-json\/wp\/v2\/types\/post"}],"author":[{"embeddable":true,"href":"https:\/\/www.webdo.tn\/fr\/wp-json\/wp\/v2\/users\/3184"}],"replies":[{"embeddable":true,"href":"https:\/\/www.webdo.tn\/fr\/wp-json\/wp\/v2\/comments?post=382832"}],"version-history":[{"count":0,"href":"https:\/\/www.webdo.tn\/fr\/wp-json\/wp\/v2\/posts\/382832\/revisions"}],"wp:featuredmedia":[{"embeddable":true,"href":"https:\/\/www.webdo.tn\/fr\/wp-json\/wp\/v2\/media\/376704"}],"wp:attachment":[{"href":"https:\/\/www.webdo.tn\/fr\/wp-json\/wp\/v2\/media?parent=382832"}],"wp:term":[{"taxonomy":"category","embeddable":true,"href":"https:\/\/www.webdo.tn\/fr\/wp-json\/wp\/v2\/categories?post=382832"},{"taxonomy":"post_tag","embeddable":true,"href":"https:\/\/www.webdo.tn\/fr\/wp-json\/wp\/v2\/tags?post=382832"}],"curies":[{"name":"wp","href":"https:\/\/api.w.org\/{rel}","templated":true}]}}