{"id":382829,"date":"2025-09-05T08:59:40","date_gmt":"2025-09-05T07:59:40","guid":{"rendered":"https:\/\/www.webdo.tn\/fr\/?p=382829"},"modified":"2025-09-05T11:46:32","modified_gmt":"2025-09-05T10:46:32","slug":"edito-mondial-2026-les-aigles-de-carthage-plus-proches-que-jamais-de-lamerique","status":"publish","type":"post","link":"https:\/\/www.webdo.tn\/fr\/actualite\/sport\/edito-mondial-2026-les-aigles-de-carthage-plus-proches-que-jamais-de-lamerique\/382829\/","title":{"rendered":"Edito &#8211; Mondial 2026 : Les Aigles de Carthage, plus proches que jamais de l\u2019Am\u00e9rique"},"content":{"rendered":"\n<p>La Tunisie a fait ce qu\u2019on attend d\u2019un leader : gagner avec autorit\u00e9, sans trembler, et confirmer sa place au sommet. Le large succ\u00e8s (3-0) face au Liberia en est la preuve \u00e9clatante. En sept rencontres, les Aigles de Carthage n\u2019ont laiss\u00e9 que des miettes \u00e0 leurs concurrents. Dix-neuf points pris sur vingt et un possibles : le chiffre parle de lui-m\u00eame.<\/p>\n\n\n\n<p>Ce n\u2019est pas seulement une victoire de plus, c\u2019est un jalon pos\u00e9 sur la route vers la Coupe du Monde 2026. Hazem Mastouri, Ferjani Sassi et Elias Saad ont incarn\u00e9, chacun \u00e0 leur mani\u00e8re, l\u2019efficacit\u00e9 et la s\u00e9r\u00e9nit\u00e9 de cette \u00e9quipe. Derri\u00e8re, Aymen Dahmene a rappel\u00e9 que la Tunisie pouvait aussi compter sur ses forces locales pour maintenir sa solidit\u00e9.<\/p>\n\n\n\n<p>Au-del\u00e0 du score, un constat s\u2019impose : la s\u00e9lection de Sami Trabelsi n\u2019a jamais sembl\u00e9 menac\u00e9e. Elle a domin\u00e9 dans l\u2019intensit\u00e9, dans les duels, dans la ma\u00eetrise technique. Cette impression de sup\u00e9riorit\u00e9 n\u2019est pas un hasard, mais le fruit d\u2019un collectif fa\u00e7onn\u00e9 autour d\u2019une g\u00e9n\u00e9ration qui \u00e9volue principalement en Europe, o\u00f9 la rigueur et le rythme forgent des automatismes payants.<\/p>\n\n\n\n<p>Pour autant, rien n\u2019est encore acquis. Le rendez-vous de lundi \u00e0 Malabo, contre une Guin\u00e9e \u00e9quatoriale toujours accrocheuse, sonne comme un nouveau test de maturit\u00e9. Les deux derni\u00e8res \u00e9tapes, en octobre, viendront sceller un parcours qui, jusque-l\u00e0, flirte avec l\u2019exemplarit\u00e9.<\/p>\n\n\n\n<p>Les Aigles de Carthage savent qu\u2019ils portent plus qu\u2019un maillot : l\u2019espoir d\u2019un peuple qui r\u00eave de vibrer une nouvelle fois au rythme d\u2019un Mondial. Ce 3-0 face au Liberia est une promesse tenue. Reste maintenant \u00e0 transformer cette trajectoire en qualification officielle.<\/p>\n","protected":false},"excerpt":{"rendered":"<p>La Tunisie a fait ce qu\u2019on attend d\u2019un leader : gagner avec autorit\u00e9, sans trembler, et confirmer sa place au sommet. Le large succ\u00e8s (3-0) face au Liberia en est la preuve \u00e9clatante. En sept rencontres, les Aigles de Carthage n\u2019ont laiss\u00e9 que des miettes \u00e0 leurs concurrents. Dix-neuf points pris sur vingt et un [&hellip;]<\/p>\n","protected":false},"author":3189,"featured_media":382851,"comment_status":"closed","ping_status":"closed","sticky":false,"template":"","format":"standard","meta":{"footnotes":""},"categories":[2589,2593],"tags":[2624,3520,6354,2608],"class_list":["post-382829","post","type-post","status-publish","format-standard","has-post-thumbnail","hentry","category-edito","category-sport","tag-coupe-du-monde-2026","tag-eliminatoires","tag-mondial-2026","tag-tunisie"],"yoast_head":"<!-- This site is optimized with the Yoast SEO Premium plugin v27.5 (Yoast SEO v27.5) - https:\/\/yoast.com\/product\/yoast-seo-premium-wordpress\/ -->\n<title>Edito - Mondial 2026 : Les Aigles de Carthage, plus proches que jamais de l\u2019Am\u00e9rique - webdo<\/title>\n<meta name=\"description\" content=\"La victoire des Aigles de Carthage face au Liberia t\u00e9moigne de leur force. D\u00e9couvrez leur chemin vers la Mondial 2026.\" \/>\n<link rel=\"canonical\" href=\"https:\/\/www.webdo.tn\/fr\/actualite\/edito\/edito-mondial-2026-les-aigles-de-carthage-plus-proches-que-jamais-de-lamerique\/382829\/\" \/>\n<meta property=\"og:locale\" content=\"fr_FR\" \/>\n<meta property=\"og:type\" content=\"article\" \/>\n<meta property=\"og:title\" content=\"Edito - Mondial 2026 : Les Aigles de Carthage, plus proches que jamais de l\u2019Am\u00e9rique\" \/>\n<meta property=\"og:description\" content=\"La victoire des Aigles de Carthage face au Liberia t\u00e9moigne de leur force. D\u00e9couvrez leur chemin vers la Mondial 2026.\" \/>\n<meta property=\"og:url\" content=\"https:\/\/www.webdo.tn\/fr\/actualite\/edito\/edito-mondial-2026-les-aigles-de-carthage-plus-proches-que-jamais-de-lamerique\/382829\/\" \/>\n<meta property=\"og:site_name\" content=\"webdo\" \/>\n<meta property=\"article:publisher\" content=\"https:\/\/www.facebook.com\/webdotn\" \/>\n<meta property=\"article:author\" content=\"https:\/\/www.facebook.com\/youssef.rc.92\" \/>\n<meta property=\"article:published_time\" content=\"2025-09-05T07:59:40+00:00\" \/>\n<meta property=\"article:modified_time\" content=\"2025-09-05T10:46:32+00:00\" \/>\n<meta property=\"og:image\" content=\"https:\/\/www.webdo.tn\/fr\/wp-content\/uploads\/2025\/09\/542398718_122148489092793506_8411405860074259093_n-e1757064176395.jpg\" \/>\n\t<meta property=\"og:image:width\" content=\"515\" \/>\n\t<meta property=\"og:image:height\" content=\"300\" \/>\n\t<meta property=\"og:image:type\" content=\"image\/jpeg\" \/>\n<meta name=\"author\" content=\"Maher Chaabane\" \/>\n<meta name=\"twitter:card\" content=\"summary_large_image\" \/>\n<meta name=\"twitter:creator\" content=\"@webdo_tn\" \/>\n<meta name=\"twitter:site\" content=\"@webdo_tn\" \/>\n<meta name=\"twitter:label1\" content=\"\u00c9crit par\" \/>\n\t<meta name=\"twitter:data1\" content=\"Maher Chaabane\" \/>\n\t<meta name=\"twitter:label2\" content=\"Dur\u00e9e de lecture estim\u00e9e\" \/>\n\t<meta name=\"twitter:data2\" content=\"2 minutes\" \/>\n<script type=\"application\/ld+json\" class=\"yoast-schema-graph\">{\"@context\":\"https:\\\/\\\/schema.org\",\"@graph\":[{\"@type\":\"NewsArticle\",\"@id\":\"https:\\\/\\\/www.webdo.tn\\\/fr\\\/actualite\\\/edito\\\/edito-mondial-2026-les-aigles-de-carthage-plus-proches-que-jamais-de-lamerique\\\/382829\\\/#article\",\"isPartOf\":{\"@id\":\"https:\\\/\\\/www.webdo.tn\\\/fr\\\/actualite\\\/edito\\\/edito-mondial-2026-les-aigles-de-carthage-plus-proches-que-jamais-de-lamerique\\\/382829\\\/\"},\"author\":{\"name\":\"Maher Chaabane\",\"@id\":\"https:\\\/\\\/www.webdo.tn\\\/fr\\\/#\\\/schema\\\/person\\\/57c261717927697fcf719ab1058a8003\"},\"headline\":\"Edito &#8211; Mondial 2026 : Les Aigles de Carthage, plus proches que jamais de l\u2019Am\u00e9rique\",\"datePublished\":\"2025-09-05T07:59:40+00:00\",\"dateModified\":\"2025-09-05T10:46:32+00:00\",\"mainEntityOfPage\":{\"@id\":\"https:\\\/\\\/www.webdo.tn\\\/fr\\\/actualite\\\/edito\\\/edito-mondial-2026-les-aigles-de-carthage-plus-proches-que-jamais-de-lamerique\\\/382829\\\/\"},\"wordCount\":306,\"publisher\":{\"@id\":\"https:\\\/\\\/www.webdo.tn\\\/fr\\\/#organization\"},\"image\":{\"@id\":\"https:\\\/\\\/www.webdo.tn\\\/fr\\\/actualite\\\/edito\\\/edito-mondial-2026-les-aigles-de-carthage-plus-proches-que-jamais-de-lamerique\\\/382829\\\/#primaryimage\"},\"thumbnailUrl\":\"https:\\\/\\\/www.webdo.tn\\\/fr\\\/wp-content\\\/uploads\\\/2025\\\/09\\\/542398718_122148489092793506_8411405860074259093_n-e1757064176395.jpg\",\"keywords\":[\"coupe du monde 2026\",\"\u00e9liminatoires\",\"Mondial 2026\",\"Tunisie\"],\"articleSection\":[\"Edito\",\"Sport\"],\"inLanguage\":\"fr-FR\"},{\"@type\":\"WebPage\",\"@id\":\"https:\\\/\\\/www.webdo.tn\\\/fr\\\/actualite\\\/edito\\\/edito-mondial-2026-les-aigles-de-carthage-plus-proches-que-jamais-de-lamerique\\\/382829\\\/\",\"url\":\"https:\\\/\\\/www.webdo.tn\\\/fr\\\/actualite\\\/edito\\\/edito-mondial-2026-les-aigles-de-carthage-plus-proches-que-jamais-de-lamerique\\\/382829\\\/\",\"name\":\"Edito - Mondial 2026 : Les Aigles de Carthage, plus proches que jamais de l\u2019Am\u00e9rique - webdo\",\"isPartOf\":{\"@id\":\"https:\\\/\\\/www.webdo.tn\\\/fr\\\/#website\"},\"primaryImageOfPage\":{\"@id\":\"https:\\\/\\\/www.webdo.tn\\\/fr\\\/actualite\\\/edito\\\/edito-mondial-2026-les-aigles-de-carthage-plus-proches-que-jamais-de-lamerique\\\/382829\\\/#primaryimage\"},\"image\":{\"@id\":\"https:\\\/\\\/www.webdo.tn\\\/fr\\\/actualite\\\/edito\\\/edito-mondial-2026-les-aigles-de-carthage-plus-proches-que-jamais-de-lamerique\\\/382829\\\/#primaryimage\"},\"thumbnailUrl\":\"https:\\\/\\\/www.webdo.tn\\\/fr\\\/wp-content\\\/uploads\\\/2025\\\/09\\\/542398718_122148489092793506_8411405860074259093_n-e1757064176395.jpg\",\"datePublished\":\"2025-09-05T07:59:40+00:00\",\"dateModified\":\"2025-09-05T10:46:32+00:00\",\"description\":\"La victoire des Aigles de Carthage face au Liberia t\u00e9moigne de leur force. D\u00e9couvrez leur chemin vers la Mondial 2026.\",\"breadcrumb\":{\"@id\":\"https:\\\/\\\/www.webdo.tn\\\/fr\\\/actualite\\\/edito\\\/edito-mondial-2026-les-aigles-de-carthage-plus-proches-que-jamais-de-lamerique\\\/382829\\\/#breadcrumb\"},\"inLanguage\":\"fr-FR\",\"potentialAction\":[{\"@type\":\"ReadAction\",\"target\":[\"https:\\\/\\\/www.webdo.tn\\\/fr\\\/actualite\\\/edito\\\/edito-mondial-2026-les-aigles-de-carthage-plus-proches-que-jamais-de-lamerique\\\/382829\\\/\"]}]},{\"@type\":\"ImageObject\",\"inLanguage\":\"fr-FR\",\"@id\":\"https:\\\/\\\/www.webdo.tn\\\/fr\\\/actualite\\\/edito\\\/edito-mondial-2026-les-aigles-de-carthage-plus-proches-que-jamais-de-lamerique\\\/382829\\\/#primaryimage\",\"url\":\"https:\\\/\\\/www.webdo.tn\\\/fr\\\/wp-content\\\/uploads\\\/2025\\\/09\\\/542398718_122148489092793506_8411405860074259093_n-e1757064176395.jpg\",\"contentUrl\":\"https:\\\/\\\/www.webdo.tn\\\/fr\\\/wp-content\\\/uploads\\\/2025\\\/09\\\/542398718_122148489092793506_8411405860074259093_n-e1757064176395.jpg\",\"width\":515,\"height\":300,\"caption\":\"Edito - Mondial 2026 : Les Aigles de Carthage, plus proches que jamais de l\u2019Am\u00e9rique\"},{\"@type\":\"BreadcrumbList\",\"@id\":\"https:\\\/\\\/www.webdo.tn\\\/fr\\\/actualite\\\/edito\\\/edito-mondial-2026-les-aigles-de-carthage-plus-proches-que-jamais-de-lamerique\\\/382829\\\/#breadcrumb\",\"itemListElement\":[{\"@type\":\"ListItem\",\"position\":1,\"name\":\"Accueil\",\"item\":\"https:\\\/\\\/www.webdo.tn\\\/fr\\\/\"},{\"@type\":\"ListItem\",\"position\":2,\"name\":\"Edito &#8211; Mondial 2026 : Les Aigles de Carthage, plus proches que jamais de l\u2019Am\u00e9rique\"}]},{\"@type\":\"WebSite\",\"@id\":\"https:\\\/\\\/www.webdo.tn\\\/fr\\\/#website\",\"url\":\"https:\\\/\\\/www.webdo.tn\\\/fr\\\/\",\"name\":\"webdo\",\"description\":\"Tunisie - News en Tunisie et \u00e0 l&#039;international sur Webdo.tn\",\"publisher\":{\"@id\":\"https:\\\/\\\/www.webdo.tn\\\/fr\\\/#organization\"},\"potentialAction\":[{\"@type\":\"SearchAction\",\"target\":{\"@type\":\"EntryPoint\",\"urlTemplate\":\"https:\\\/\\\/www.webdo.tn\\\/fr\\\/?s={search_term_string}\"},\"query-input\":{\"@type\":\"PropertyValueSpecification\",\"valueRequired\":true,\"valueName\":\"search_term_string\"}}],\"inLanguage\":\"fr-FR\"},{\"@type\":\"Organization\",\"@id\":\"https:\\\/\\\/www.webdo.tn\\\/fr\\\/#organization\",\"name\":\"Webdo\",\"alternateName\":\"Webdo.tn\",\"url\":\"https:\\\/\\\/www.webdo.tn\\\/fr\\\/\",\"logo\":{\"@type\":\"ImageObject\",\"inLanguage\":\"fr-FR\",\"@id\":\"https:\\\/\\\/www.webdo.tn\\\/fr\\\/#\\\/schema\\\/logo\\\/image\\\/\",\"url\":\"https:\\\/\\\/www.webdo.tn\\\/fr\\\/wp-content\\\/uploads\\\/2025\\\/06\\\/Webdo-Tunisie_168377.jpg\",\"contentUrl\":\"https:\\\/\\\/www.webdo.tn\\\/fr\\\/wp-content\\\/uploads\\\/2025\\\/06\\\/Webdo-Tunisie_168377.jpg\",\"width\":301,\"height\":301,\"caption\":\"Webdo\"},\"image\":{\"@id\":\"https:\\\/\\\/www.webdo.tn\\\/fr\\\/#\\\/schema\\\/logo\\\/image\\\/\"},\"sameAs\":[\"https:\\\/\\\/www.facebook.com\\\/webdotn\",\"https:\\\/\\\/x.com\\\/webdo_tn\"],\"description\":\"Webdo est un m\u00e9dia num\u00e9rique tunisien fond\u00e9 en 2010, sp\u00e9cialis\u00e9 dans l\u2019actualit\u00e9 nationale et internationale, l\u2019\u00e9conomie, la soci\u00e9t\u00e9 et les analyses politiques. Le site s\u2019adresse \u00e0 un large public francophone et couvre l\u2019information tunisienne en temps r\u00e9el.\",\"email\":\"redac@webdo.tn\",\"legalName\":\"YNJ SARL\",\"foundingDate\":\"2010-09-06\",\"numberOfEmployees\":{\"@type\":\"QuantitativeValue\",\"minValue\":\"11\",\"maxValue\":\"50\"}},{\"@type\":\"Person\",\"@id\":\"https:\\\/\\\/www.webdo.tn\\\/fr\\\/#\\\/schema\\\/person\\\/57c261717927697fcf719ab1058a8003\",\"name\":\"Maher Chaabane\",\"image\":{\"@type\":\"ImageObject\",\"inLanguage\":\"fr-FR\",\"@id\":\"https:\\\/\\\/www.webdo.tn\\\/fr\\\/wp-content\\\/uploads\\\/2026\\\/04\\\/maher-chaabane_avatar_2-96x96.jpg\",\"url\":\"https:\\\/\\\/www.webdo.tn\\\/fr\\\/wp-content\\\/uploads\\\/2026\\\/04\\\/maher-chaabane_avatar_2-96x96.jpg\",\"contentUrl\":\"https:\\\/\\\/www.webdo.tn\\\/fr\\\/wp-content\\\/uploads\\\/2026\\\/04\\\/maher-chaabane_avatar_2-96x96.jpg\",\"caption\":\"Maher Chaabane\"},\"description\":\"Maher Chaabane est journaliste et r\u00e9dacteur en chef de Webdo.tn depuis 2012. Il d\u00e9bute sa carri\u00e8re au sein du groupe Tunis Hebdo en 2000, o\u00f9 il couvre pendant plusieurs ann\u00e9es l\u2019actualit\u00e9 sportive et internationale, avant d\u2019occuper les fonctions de r\u00e9dacteur en chef adjoint. Fort de plus de deux d\u00e9cennies d\u2019exp\u00e9rience dans le journalisme, il supervise aujourd\u2019hui la production \u00e9ditoriale de Webdo et contribue activement \u00e0 la ligne du m\u00e9dia, en particulier sur les sujets d\u2019actualit\u00e9 nationale et internationale. https:\\\/\\\/www.facebook.com\\\/youssef.rc.92\",\"sameAs\":[\"https:\\\/\\\/www.facebook.com\\\/youssef.rc.92\"],\"knowsAbout\":[\"journalisme\",\"actualit\u00e9 internationale\",\"sport\",\"r\u00e9daction\",\"m\u00e9dias\",\"information\"],\"knowsLanguage\":[\"Fran\u00e7ais\",\"Arabe\"],\"jobTitle\":\"R\u00e9dacteur en chef\",\"worksFor\":\"Webdo.tn\",\"url\":\"https:\\\/\\\/www.webdo.tn\\\/fr\\\/actualite\\\/author\\\/maher-chaabane\\\/\"}]}<\/script>\n<!-- \/ Yoast SEO Premium plugin. -->","yoast_head_json":{"title":"Edito - Mondial 2026 : Les Aigles de Carthage, plus proches que jamais de l\u2019Am\u00e9rique - webdo","description":"La victoire des Aigles de Carthage face au Liberia t\u00e9moigne de leur force. D\u00e9couvrez leur chemin vers la Mondial 2026.","canonical":"https:\/\/www.webdo.tn\/fr\/actualite\/edito\/edito-mondial-2026-les-aigles-de-carthage-plus-proches-que-jamais-de-lamerique\/382829\/","og_locale":"fr_FR","og_type":"article","og_title":"Edito - Mondial 2026 : Les Aigles de Carthage, plus proches que jamais de l\u2019Am\u00e9rique","og_description":"La victoire des Aigles de Carthage face au Liberia t\u00e9moigne de leur force. D\u00e9couvrez leur chemin vers la Mondial 2026.","og_url":"https:\/\/www.webdo.tn\/fr\/actualite\/edito\/edito-mondial-2026-les-aigles-de-carthage-plus-proches-que-jamais-de-lamerique\/382829\/","og_site_name":"webdo","article_publisher":"https:\/\/www.facebook.com\/webdotn","article_author":"https:\/\/www.facebook.com\/youssef.rc.92","article_published_time":"2025-09-05T07:59:40+00:00","article_modified_time":"2025-09-05T10:46:32+00:00","og_image":[{"width":515,"height":300,"url":"https:\/\/www.webdo.tn\/fr\/wp-content\/uploads\/2025\/09\/542398718_122148489092793506_8411405860074259093_n-e1757064176395.jpg","type":"image\/jpeg"}],"author":"Maher Chaabane","twitter_card":"summary_large_image","twitter_creator":"@webdo_tn","twitter_site":"@webdo_tn","twitter_misc":{"\u00c9crit par":"Maher Chaabane","Dur\u00e9e de lecture estim\u00e9e":"2 minutes"},"schema":{"@context":"https:\/\/schema.org","@graph":[{"@type":"NewsArticle","@id":"https:\/\/www.webdo.tn\/fr\/actualite\/edito\/edito-mondial-2026-les-aigles-de-carthage-plus-proches-que-jamais-de-lamerique\/382829\/#article","isPartOf":{"@id":"https:\/\/www.webdo.tn\/fr\/actualite\/edito\/edito-mondial-2026-les-aigles-de-carthage-plus-proches-que-jamais-de-lamerique\/382829\/"},"author":{"name":"Maher Chaabane","@id":"https:\/\/www.webdo.tn\/fr\/#\/schema\/person\/57c261717927697fcf719ab1058a8003"},"headline":"Edito &#8211; Mondial 2026 : Les Aigles de Carthage, plus proches que jamais de l\u2019Am\u00e9rique","datePublished":"2025-09-05T07:59:40+00:00","dateModified":"2025-09-05T10:46:32+00:00","mainEntityOfPage":{"@id":"https:\/\/www.webdo.tn\/fr\/actualite\/edito\/edito-mondial-2026-les-aigles-de-carthage-plus-proches-que-jamais-de-lamerique\/382829\/"},"wordCount":306,"publisher":{"@id":"https:\/\/www.webdo.tn\/fr\/#organization"},"image":{"@id":"https:\/\/www.webdo.tn\/fr\/actualite\/edito\/edito-mondial-2026-les-aigles-de-carthage-plus-proches-que-jamais-de-lamerique\/382829\/#primaryimage"},"thumbnailUrl":"https:\/\/www.webdo.tn\/fr\/wp-content\/uploads\/2025\/09\/542398718_122148489092793506_8411405860074259093_n-e1757064176395.jpg","keywords":["coupe du monde 2026","\u00e9liminatoires","Mondial 2026","Tunisie"],"articleSection":["Edito","Sport"],"inLanguage":"fr-FR"},{"@type":"WebPage","@id":"https:\/\/www.webdo.tn\/fr\/actualite\/edito\/edito-mondial-2026-les-aigles-de-carthage-plus-proches-que-jamais-de-lamerique\/382829\/","url":"https:\/\/www.webdo.tn\/fr\/actualite\/edito\/edito-mondial-2026-les-aigles-de-carthage-plus-proches-que-jamais-de-lamerique\/382829\/","name":"Edito - Mondial 2026 : Les Aigles de Carthage, plus proches que jamais de l\u2019Am\u00e9rique - webdo","isPartOf":{"@id":"https:\/\/www.webdo.tn\/fr\/#website"},"primaryImageOfPage":{"@id":"https:\/\/www.webdo.tn\/fr\/actualite\/edito\/edito-mondial-2026-les-aigles-de-carthage-plus-proches-que-jamais-de-lamerique\/382829\/#primaryimage"},"image":{"@id":"https:\/\/www.webdo.tn\/fr\/actualite\/edito\/edito-mondial-2026-les-aigles-de-carthage-plus-proches-que-jamais-de-lamerique\/382829\/#primaryimage"},"thumbnailUrl":"https:\/\/www.webdo.tn\/fr\/wp-content\/uploads\/2025\/09\/542398718_122148489092793506_8411405860074259093_n-e1757064176395.jpg","datePublished":"2025-09-05T07:59:40+00:00","dateModified":"2025-09-05T10:46:32+00:00","description":"La victoire des Aigles de Carthage face au Liberia t\u00e9moigne de leur force. D\u00e9couvrez leur chemin vers la Mondial 2026.","breadcrumb":{"@id":"https:\/\/www.webdo.tn\/fr\/actualite\/edito\/edito-mondial-2026-les-aigles-de-carthage-plus-proches-que-jamais-de-lamerique\/382829\/#breadcrumb"},"inLanguage":"fr-FR","potentialAction":[{"@type":"ReadAction","target":["https:\/\/www.webdo.tn\/fr\/actualite\/edito\/edito-mondial-2026-les-aigles-de-carthage-plus-proches-que-jamais-de-lamerique\/382829\/"]}]},{"@type":"ImageObject","inLanguage":"fr-FR","@id":"https:\/\/www.webdo.tn\/fr\/actualite\/edito\/edito-mondial-2026-les-aigles-de-carthage-plus-proches-que-jamais-de-lamerique\/382829\/#primaryimage","url":"https:\/\/www.webdo.tn\/fr\/wp-content\/uploads\/2025\/09\/542398718_122148489092793506_8411405860074259093_n-e1757064176395.jpg","contentUrl":"https:\/\/www.webdo.tn\/fr\/wp-content\/uploads\/2025\/09\/542398718_122148489092793506_8411405860074259093_n-e1757064176395.jpg","width":515,"height":300,"caption":"Edito - Mondial 2026 : Les Aigles de Carthage, plus proches que jamais de l\u2019Am\u00e9rique"},{"@type":"BreadcrumbList","@id":"https:\/\/www.webdo.tn\/fr\/actualite\/edito\/edito-mondial-2026-les-aigles-de-carthage-plus-proches-que-jamais-de-lamerique\/382829\/#breadcrumb","itemListElement":[{"@type":"ListItem","position":1,"name":"Accueil","item":"https:\/\/www.webdo.tn\/fr\/"},{"@type":"ListItem","position":2,"name":"Edito &#8211; Mondial 2026 : Les Aigles de Carthage, plus proches que jamais de l\u2019Am\u00e9rique"}]},{"@type":"WebSite","@id":"https:\/\/www.webdo.tn\/fr\/#website","url":"https:\/\/www.webdo.tn\/fr\/","name":"webdo","description":"Tunisie - News en Tunisie et \u00e0 l&#039;international sur Webdo.tn","publisher":{"@id":"https:\/\/www.webdo.tn\/fr\/#organization"},"potentialAction":[{"@type":"SearchAction","target":{"@type":"EntryPoint","urlTemplate":"https:\/\/www.webdo.tn\/fr\/?s={search_term_string}"},"query-input":{"@type":"PropertyValueSpecification","valueRequired":true,"valueName":"search_term_string"}}],"inLanguage":"fr-FR"},{"@type":"Organization","@id":"https:\/\/www.webdo.tn\/fr\/#organization","name":"Webdo","alternateName":"Webdo.tn","url":"https:\/\/www.webdo.tn\/fr\/","logo":{"@type":"ImageObject","inLanguage":"fr-FR","@id":"https:\/\/www.webdo.tn\/fr\/#\/schema\/logo\/image\/","url":"https:\/\/www.webdo.tn\/fr\/wp-content\/uploads\/2025\/06\/Webdo-Tunisie_168377.jpg","contentUrl":"https:\/\/www.webdo.tn\/fr\/wp-content\/uploads\/2025\/06\/Webdo-Tunisie_168377.jpg","width":301,"height":301,"caption":"Webdo"},"image":{"@id":"https:\/\/www.webdo.tn\/fr\/#\/schema\/logo\/image\/"},"sameAs":["https:\/\/www.facebook.com\/webdotn","https:\/\/x.com\/webdo_tn"],"description":"Webdo est un m\u00e9dia num\u00e9rique tunisien fond\u00e9 en 2010, sp\u00e9cialis\u00e9 dans l\u2019actualit\u00e9 nationale et internationale, l\u2019\u00e9conomie, la soci\u00e9t\u00e9 et les analyses politiques. Le site s\u2019adresse \u00e0 un large public francophone et couvre l\u2019information tunisienne en temps r\u00e9el.","email":"redac@webdo.tn","legalName":"YNJ SARL","foundingDate":"2010-09-06","numberOfEmployees":{"@type":"QuantitativeValue","minValue":"11","maxValue":"50"}},{"@type":"Person","@id":"https:\/\/www.webdo.tn\/fr\/#\/schema\/person\/57c261717927697fcf719ab1058a8003","name":"Maher Chaabane","image":{"@type":"ImageObject","inLanguage":"fr-FR","@id":"https:\/\/www.webdo.tn\/fr\/wp-content\/uploads\/2026\/04\/maher-chaabane_avatar_2-96x96.jpg","url":"https:\/\/www.webdo.tn\/fr\/wp-content\/uploads\/2026\/04\/maher-chaabane_avatar_2-96x96.jpg","contentUrl":"https:\/\/www.webdo.tn\/fr\/wp-content\/uploads\/2026\/04\/maher-chaabane_avatar_2-96x96.jpg","caption":"Maher Chaabane"},"description":"Maher Chaabane est journaliste et r\u00e9dacteur en chef de Webdo.tn depuis 2012. Il d\u00e9bute sa carri\u00e8re au sein du groupe Tunis Hebdo en 2000, o\u00f9 il couvre pendant plusieurs ann\u00e9es l\u2019actualit\u00e9 sportive et internationale, avant d\u2019occuper les fonctions de r\u00e9dacteur en chef adjoint. Fort de plus de deux d\u00e9cennies d\u2019exp\u00e9rience dans le journalisme, il supervise aujourd\u2019hui la production \u00e9ditoriale de Webdo et contribue activement \u00e0 la ligne du m\u00e9dia, en particulier sur les sujets d\u2019actualit\u00e9 nationale et internationale. https:\/\/www.facebook.com\/youssef.rc.92","sameAs":["https:\/\/www.facebook.com\/youssef.rc.92"],"knowsAbout":["journalisme","actualit\u00e9 internationale","sport","r\u00e9daction","m\u00e9dias","information"],"knowsLanguage":["Fran\u00e7ais","Arabe"],"jobTitle":"R\u00e9dacteur en chef","worksFor":"Webdo.tn","url":"https:\/\/www.webdo.tn\/fr\/actualite\/author\/maher-chaabane\/"}]}},"_links":{"self":[{"href":"https:\/\/www.webdo.tn\/fr\/wp-json\/wp\/v2\/posts\/382829","targetHints":{"allow":["GET"]}}],"collection":[{"href":"https:\/\/www.webdo.tn\/fr\/wp-json\/wp\/v2\/posts"}],"about":[{"href":"https:\/\/www.webdo.tn\/fr\/wp-json\/wp\/v2\/types\/post"}],"author":[{"embeddable":true,"href":"https:\/\/www.webdo.tn\/fr\/wp-json\/wp\/v2\/users\/3189"}],"replies":[{"embeddable":true,"href":"https:\/\/www.webdo.tn\/fr\/wp-json\/wp\/v2\/comments?post=382829"}],"version-history":[{"count":0,"href":"https:\/\/www.webdo.tn\/fr\/wp-json\/wp\/v2\/posts\/382829\/revisions"}],"wp:featuredmedia":[{"embeddable":true,"href":"https:\/\/www.webdo.tn\/fr\/wp-json\/wp\/v2\/media\/382851"}],"wp:attachment":[{"href":"https:\/\/www.webdo.tn\/fr\/wp-json\/wp\/v2\/media?parent=382829"}],"wp:term":[{"taxonomy":"category","embeddable":true,"href":"https:\/\/www.webdo.tn\/fr\/wp-json\/wp\/v2\/categories?post=382829"},{"taxonomy":"post_tag","embeddable":true,"href":"https:\/\/www.webdo.tn\/fr\/wp-json\/wp\/v2\/tags?post=382829"}],"curies":[{"name":"wp","href":"https:\/\/api.w.org\/{rel}","templated":true}]}}