{"id":382819,"date":"2025-09-05T07:46:59","date_gmt":"2025-09-05T06:46:59","guid":{"rendered":"https:\/\/www.webdo.tn\/fr\/?p=382819"},"modified":"2025-09-05T09:04:00","modified_gmt":"2025-09-05T08:04:00","slug":"tout-savoir-sur-le-projet-sur-la-democratie-tunisienne-au-congres-americain","status":"publish","type":"post","link":"https:\/\/www.webdo.tn\/fr\/actualite\/national\/tout-savoir-sur-le-projet-sur-la-democratie-tunisienne-au-congres-americain\/382819\/","title":{"rendered":"Tout savoir sur le projet sur la d\u00e9mocratie tunisienne au Congr\u00e8s am\u00e9ricain"},"content":{"rendered":"\n<p><\/p>\n\n\n\n<p><em>La d\u00e9mocratie tunisienne est de plus en plus observ\u00e9e \u00e0 l\u2019international. Au <strong>Congr\u00e8s am\u00e9ricain<\/strong>, plusieurs initiatives l\u00e9gislatives ont vu le jour depuis 2023, traduisant l\u2019inqui\u00e9tude de Washington face \u00e0 ce qu&rsquo;elle appelle reculs d\u00e9mocratiques constat\u00e9s en Tunisie. Le texte le plus embl\u00e9matique est le <a href=\"https:\/\/www.foreign.senate.gov\/press\/rep\/release\/risch-menendez-introduce-legislation-to-safeguard-tunisias-democratic-institutions?utm_source=chatgpt.com\" target=\"_blank\" rel=\"noreferrer noopener\"><strong>Safeguarding Tunisian Democracy Act (S.2006)<\/strong>, <\/a>introduit au S\u00e9nat en juin 2023.<\/em><\/p>\n\n\n\n<p>Son objectif eest de conditionner une partie de l\u2019aide am\u00e9ricaine \u00e0 des progr\u00e8s d\u00e9mocratiques concrets en Tunisie, tout en soutenant la soci\u00e9t\u00e9 civile et en cr\u00e9ant un fonds d\u00e9di\u00e9 au renforcement des institutions.<\/p>\n\n\n\n<h2 class=\"wp-block-heading\" id=\"h-de-quoi-s-agit-il-exactement\">De quoi s\u2019agit-il exactement ?<\/h2>\n\n\n\n<p>Le projet de loi <strong>S.2006<\/strong> pr\u00e9voit deux volets majeurs :<\/p>\n\n\n\n<ul class=\"wp-block-list\">\n<li><strong>Un volet restrictif<\/strong> : r\u00e9duction de <strong>25 % de l\u2019aide am\u00e9ricaine<\/strong> g\u00e9r\u00e9e par le D\u00e9partement d\u2019\u00c9tat destin\u00e9e \u00e0 la Tunisie (y compris une partie de l\u2019assistance s\u00e9curitaire), tant que certaines conditions ne sont pas remplies.<\/li>\n\n\n\n<li><strong>Un volet incitatif<\/strong> : cr\u00e9ation d\u2019un <strong>fonds annuel de 100 millions de dollars (2024\u20132025)<\/strong> pour soutenir la d\u00e9mocratie tunisienne, notamment le parlement, la justice ind\u00e9pendante, les m\u00e9dias libres et les ONG.<\/li>\n<\/ul>\n\n\n\n<p>Pour que ces fonds soient d\u00e9bloqu\u00e9s, le Secr\u00e9taire d\u2019\u00c9tat am\u00e9ricain doit certifier que la Tunisie a accompli des <strong>progr\u00e8s cr\u00e9dibles<\/strong> en mati\u00e8re de libert\u00e9s, d\u2019\u00c9tat de droit et de gouvernance.<\/p>\n\n\n\n<h2 class=\"wp-block-heading\" id=\"h-une-chronologie-des-initiatives-au-congres\">Une chronologie des initiatives au Congr\u00e8s<\/h2>\n\n\n\n<ul class=\"wp-block-list\">\n<li><strong>15 juin 2023<\/strong> : d\u00e9p\u00f4t du projet <strong>S.2006<\/strong> par les s\u00e9nateurs Jim Risch et Bob Menendez.<\/li>\n\n\n\n<li><strong>25 juillet 2023<\/strong> : adoption en commission s\u00e9natoriale et inscription au calendrier l\u00e9gislatif.<\/li>\n\n\n\n<li><strong>Juillet 2023<\/strong> : la Chambre des repr\u00e9sentants adopte une r\u00e9solution (<strong>H.Res.613<\/strong>) exprimant un soutien symbolique aux valeurs d\u00e9mocratiques en Tunisie, tout en soulignant les inqui\u00e9tudes li\u00e9es \u00e0 l\u2019arrestation d\u2019opposants et \u00e0 la restriction des libert\u00e9s.<\/li>\n\n\n\n<li><strong>26 juin 2025<\/strong> : une nouvelle r\u00e9solution (<strong>S.Res.310<\/strong>) est introduite au S\u00e9nat, confirmant la vigilance am\u00e9ricaine vis-\u00e0-vis de la situation en Tunisie.<\/li>\n<\/ul>\n\n\n\n<p><\/p>\n\n\n\n<h2 class=\"wp-block-heading\" id=\"h-quelles-implications-pour-la-tunisie\">Quelles implications pour la Tunisie ?<\/h2>\n\n\n\n<p>Ce projet n\u2019est pas anodin. Trois implications majeures peuvent \u00eatre d\u00e9gag\u00e9es :<\/p>\n\n\n\n<ol class=\"wp-block-list\">\n<li><strong>Un signal politique fort<\/strong> : le Congr\u00e8s place la Tunisie dans la cat\u00e9gorie des pays sous surveillance d\u00e9mocratique. Cela fragilise l\u2019image internationale d\u2019un pays longtemps pr\u00e9sent\u00e9 comme l\u2019exception d\u00e9mocratique du monde arabe.<\/li>\n\n\n\n<li><strong>Un impact financier potentiel<\/strong> : si les conditions ne sont pas respect\u00e9es, Tunis risque de perdre une partie de l\u2019aide am\u00e9ricaine, notamment en mati\u00e8re de s\u00e9curit\u00e9 et de d\u00e9veloppement.<\/li>\n\n\n\n<li><strong>Une opportunit\u00e9 de r\u00e9formes<\/strong> : la cr\u00e9ation d\u2019un fonds d\u00e9di\u00e9 pourrait au contraire encourager le renforcement des institutions d\u00e9mocratiques, \u00e0 condition que les autorit\u00e9s tunisiennes saisissent cette chance.<\/li>\n<\/ol>\n\n\n\n<p><\/p>\n\n\n\n<p><strong>Lire aussi <\/strong>: <a href=\"https:\/\/www.webdo.tn\/fr\/actualite\/international\/la-tunisie-parmi-les-69-pays-vises-par-les-nouvelles-taxes-douanieres-americaines\/380795\/\">La Tunisie parmi les 69 pays vis\u00e9s par les nouvelles taxes douani\u00e8res am\u00e9ricaines<\/a><br><\/p>\n","protected":false},"excerpt":{"rendered":"<p>La d\u00e9mocratie tunisienne est de plus en plus observ\u00e9e \u00e0 l\u2019international. Au Congr\u00e8s am\u00e9ricain, plusieurs initiatives l\u00e9gislatives ont vu le jour depuis 2023, traduisant l\u2019inqui\u00e9tude de Washington face \u00e0 ce qu&rsquo;elle appelle reculs d\u00e9mocratiques constat\u00e9s en Tunisie. Le texte le plus embl\u00e9matique est le Safeguarding Tunisian Democracy Act (S.2006), introduit au S\u00e9nat en juin 2023. [&hellip;]<\/p>\n","protected":false},"author":3184,"featured_media":382820,"comment_status":"closed","ping_status":"closed","sticky":false,"template":"","format":"standard","meta":{"footnotes":""},"categories":[44],"tags":[6554,3406,2608,3061],"class_list":["post-382819","post","type-post","status-publish","format-standard","has-post-thumbnail","hentry","category-national","tag-congres","tag-projet","tag-tunisie","tag-usa"],"yoast_head":"<!-- This site is optimized with the Yoast SEO Premium plugin v27.5 (Yoast SEO v27.5) - https:\/\/yoast.com\/product\/yoast-seo-premium-wordpress\/ -->\n<title>Tout savoir sur le projet sur la d\u00e9mocratie tunisienne au Congr\u00e8s am\u00e9ricain - webdo<\/title>\n<meta name=\"description\" content=\"D\u00e9couvrez les initiatives du Congr\u00e8s am\u00e9ricain pour soutenir la d\u00e9mocratie tunisienne et les conditions impos\u00e9es \u00e0 l&#039;aide am\u00e9ricaine.\" \/>\n<link rel=\"canonical\" href=\"https:\/\/www.webdo.tn\/fr\/actualite\/national\/tout-savoir-sur-le-projet-sur-la-democratie-tunisienne-au-congres-americain\/382819\/\" \/>\n<meta property=\"og:locale\" content=\"fr_FR\" \/>\n<meta property=\"og:type\" content=\"article\" \/>\n<meta property=\"og:title\" content=\"Tout savoir sur le projet sur la d\u00e9mocratie tunisienne au Congr\u00e8s am\u00e9ricain\" \/>\n<meta property=\"og:description\" content=\"D\u00e9couvrez les initiatives du Congr\u00e8s am\u00e9ricain pour soutenir la d\u00e9mocratie tunisienne et les conditions impos\u00e9es \u00e0 l&#039;aide am\u00e9ricaine.\" \/>\n<meta property=\"og:url\" content=\"https:\/\/www.webdo.tn\/fr\/actualite\/national\/tout-savoir-sur-le-projet-sur-la-democratie-tunisienne-au-congres-americain\/382819\/\" \/>\n<meta property=\"og:site_name\" content=\"webdo\" \/>\n<meta property=\"article:publisher\" content=\"https:\/\/www.facebook.com\/webdotn\" \/>\n<meta property=\"article:published_time\" content=\"2025-09-05T06:46:59+00:00\" \/>\n<meta property=\"article:modified_time\" content=\"2025-09-05T08:04:00+00:00\" \/>\n<meta property=\"og:image\" content=\"https:\/\/www.webdo.tn\/fr\/wp-content\/uploads\/2025\/09\/2023_United_States_Capitol_118th_Congress_sunrise.jpg\" \/>\n\t<meta property=\"og:image:width\" content=\"960\" \/>\n\t<meta property=\"og:image:height\" content=\"540\" \/>\n\t<meta property=\"og:image:type\" content=\"image\/jpeg\" \/>\n<meta name=\"author\" content=\"Wided Belhaj\" \/>\n<meta name=\"twitter:card\" content=\"summary_large_image\" \/>\n<meta name=\"twitter:creator\" content=\"@webdo_tn\" \/>\n<meta name=\"twitter:site\" content=\"@webdo_tn\" \/>\n<meta name=\"twitter:label1\" content=\"\u00c9crit par\" \/>\n\t<meta name=\"twitter:data1\" content=\"Wided Belhaj\" \/>\n\t<meta name=\"twitter:label2\" content=\"Dur\u00e9e de lecture estim\u00e9e\" \/>\n\t<meta name=\"twitter:data2\" content=\"3 minutes\" \/>\n<script type=\"application\/ld+json\" class=\"yoast-schema-graph\">{\"@context\":\"https:\\\/\\\/schema.org\",\"@graph\":[{\"@type\":\"NewsArticle\",\"@id\":\"https:\\\/\\\/www.webdo.tn\\\/fr\\\/actualite\\\/national\\\/tout-savoir-sur-le-projet-sur-la-democratie-tunisienne-au-congres-americain\\\/382819\\\/#article\",\"isPartOf\":{\"@id\":\"https:\\\/\\\/www.webdo.tn\\\/fr\\\/actualite\\\/national\\\/tout-savoir-sur-le-projet-sur-la-democratie-tunisienne-au-congres-americain\\\/382819\\\/\"},\"author\":{\"name\":\"Wided Belhaj\",\"@id\":\"https:\\\/\\\/www.webdo.tn\\\/fr\\\/#\\\/schema\\\/person\\\/b9ecde7a5574cb4fcf4b496ea5fadb15\"},\"headline\":\"Tout savoir sur le projet sur la d\u00e9mocratie tunisienne au Congr\u00e8s am\u00e9ricain\",\"datePublished\":\"2025-09-05T06:46:59+00:00\",\"dateModified\":\"2025-09-05T08:04:00+00:00\",\"mainEntityOfPage\":{\"@id\":\"https:\\\/\\\/www.webdo.tn\\\/fr\\\/actualite\\\/national\\\/tout-savoir-sur-le-projet-sur-la-democratie-tunisienne-au-congres-americain\\\/382819\\\/\"},\"wordCount\":487,\"publisher\":{\"@id\":\"https:\\\/\\\/www.webdo.tn\\\/fr\\\/#organization\"},\"image\":{\"@id\":\"https:\\\/\\\/www.webdo.tn\\\/fr\\\/actualite\\\/national\\\/tout-savoir-sur-le-projet-sur-la-democratie-tunisienne-au-congres-americain\\\/382819\\\/#primaryimage\"},\"thumbnailUrl\":\"https:\\\/\\\/www.webdo.tn\\\/fr\\\/wp-content\\\/uploads\\\/2025\\\/09\\\/2023_United_States_Capitol_118th_Congress_sunrise.jpg\",\"keywords\":[\"Congr\u00e8s\",\"projet\",\"Tunisie\",\"USA\"],\"articleSection\":[\"National\"],\"inLanguage\":\"fr-FR\"},{\"@type\":\"WebPage\",\"@id\":\"https:\\\/\\\/www.webdo.tn\\\/fr\\\/actualite\\\/national\\\/tout-savoir-sur-le-projet-sur-la-democratie-tunisienne-au-congres-americain\\\/382819\\\/\",\"url\":\"https:\\\/\\\/www.webdo.tn\\\/fr\\\/actualite\\\/national\\\/tout-savoir-sur-le-projet-sur-la-democratie-tunisienne-au-congres-americain\\\/382819\\\/\",\"name\":\"Tout savoir sur le projet sur la d\u00e9mocratie tunisienne au Congr\u00e8s am\u00e9ricain - webdo\",\"isPartOf\":{\"@id\":\"https:\\\/\\\/www.webdo.tn\\\/fr\\\/#website\"},\"primaryImageOfPage\":{\"@id\":\"https:\\\/\\\/www.webdo.tn\\\/fr\\\/actualite\\\/national\\\/tout-savoir-sur-le-projet-sur-la-democratie-tunisienne-au-congres-americain\\\/382819\\\/#primaryimage\"},\"image\":{\"@id\":\"https:\\\/\\\/www.webdo.tn\\\/fr\\\/actualite\\\/national\\\/tout-savoir-sur-le-projet-sur-la-democratie-tunisienne-au-congres-americain\\\/382819\\\/#primaryimage\"},\"thumbnailUrl\":\"https:\\\/\\\/www.webdo.tn\\\/fr\\\/wp-content\\\/uploads\\\/2025\\\/09\\\/2023_United_States_Capitol_118th_Congress_sunrise.jpg\",\"datePublished\":\"2025-09-05T06:46:59+00:00\",\"dateModified\":\"2025-09-05T08:04:00+00:00\",\"description\":\"D\u00e9couvrez les initiatives du Congr\u00e8s am\u00e9ricain pour soutenir la d\u00e9mocratie tunisienne et les conditions impos\u00e9es \u00e0 l'aide am\u00e9ricaine.\",\"breadcrumb\":{\"@id\":\"https:\\\/\\\/www.webdo.tn\\\/fr\\\/actualite\\\/national\\\/tout-savoir-sur-le-projet-sur-la-democratie-tunisienne-au-congres-americain\\\/382819\\\/#breadcrumb\"},\"inLanguage\":\"fr-FR\",\"potentialAction\":[{\"@type\":\"ReadAction\",\"target\":[\"https:\\\/\\\/www.webdo.tn\\\/fr\\\/actualite\\\/national\\\/tout-savoir-sur-le-projet-sur-la-democratie-tunisienne-au-congres-americain\\\/382819\\\/\"]}]},{\"@type\":\"ImageObject\",\"inLanguage\":\"fr-FR\",\"@id\":\"https:\\\/\\\/www.webdo.tn\\\/fr\\\/actualite\\\/national\\\/tout-savoir-sur-le-projet-sur-la-democratie-tunisienne-au-congres-americain\\\/382819\\\/#primaryimage\",\"url\":\"https:\\\/\\\/www.webdo.tn\\\/fr\\\/wp-content\\\/uploads\\\/2025\\\/09\\\/2023_United_States_Capitol_118th_Congress_sunrise.jpg\",\"contentUrl\":\"https:\\\/\\\/www.webdo.tn\\\/fr\\\/wp-content\\\/uploads\\\/2025\\\/09\\\/2023_United_States_Capitol_118th_Congress_sunrise.jpg\",\"width\":960,\"height\":540},{\"@type\":\"BreadcrumbList\",\"@id\":\"https:\\\/\\\/www.webdo.tn\\\/fr\\\/actualite\\\/national\\\/tout-savoir-sur-le-projet-sur-la-democratie-tunisienne-au-congres-americain\\\/382819\\\/#breadcrumb\",\"itemListElement\":[{\"@type\":\"ListItem\",\"position\":1,\"name\":\"Accueil\",\"item\":\"https:\\\/\\\/www.webdo.tn\\\/fr\\\/\"},{\"@type\":\"ListItem\",\"position\":2,\"name\":\"Tout savoir sur le projet sur la d\u00e9mocratie tunisienne au Congr\u00e8s am\u00e9ricain\"}]},{\"@type\":\"WebSite\",\"@id\":\"https:\\\/\\\/www.webdo.tn\\\/fr\\\/#website\",\"url\":\"https:\\\/\\\/www.webdo.tn\\\/fr\\\/\",\"name\":\"webdo\",\"description\":\"Tunisie - News en Tunisie et \u00e0 l&#039;international sur Webdo.tn\",\"publisher\":{\"@id\":\"https:\\\/\\\/www.webdo.tn\\\/fr\\\/#organization\"},\"potentialAction\":[{\"@type\":\"SearchAction\",\"target\":{\"@type\":\"EntryPoint\",\"urlTemplate\":\"https:\\\/\\\/www.webdo.tn\\\/fr\\\/?s={search_term_string}\"},\"query-input\":{\"@type\":\"PropertyValueSpecification\",\"valueRequired\":true,\"valueName\":\"search_term_string\"}}],\"inLanguage\":\"fr-FR\"},{\"@type\":\"Organization\",\"@id\":\"https:\\\/\\\/www.webdo.tn\\\/fr\\\/#organization\",\"name\":\"Webdo\",\"alternateName\":\"Webdo.tn\",\"url\":\"https:\\\/\\\/www.webdo.tn\\\/fr\\\/\",\"logo\":{\"@type\":\"ImageObject\",\"inLanguage\":\"fr-FR\",\"@id\":\"https:\\\/\\\/www.webdo.tn\\\/fr\\\/#\\\/schema\\\/logo\\\/image\\\/\",\"url\":\"https:\\\/\\\/www.webdo.tn\\\/fr\\\/wp-content\\\/uploads\\\/2025\\\/06\\\/Webdo-Tunisie_168377.jpg\",\"contentUrl\":\"https:\\\/\\\/www.webdo.tn\\\/fr\\\/wp-content\\\/uploads\\\/2025\\\/06\\\/Webdo-Tunisie_168377.jpg\",\"width\":301,\"height\":301,\"caption\":\"Webdo\"},\"image\":{\"@id\":\"https:\\\/\\\/www.webdo.tn\\\/fr\\\/#\\\/schema\\\/logo\\\/image\\\/\"},\"sameAs\":[\"https:\\\/\\\/www.facebook.com\\\/webdotn\",\"https:\\\/\\\/x.com\\\/webdo_tn\"],\"description\":\"Webdo est un m\u00e9dia num\u00e9rique tunisien fond\u00e9 en 2010, sp\u00e9cialis\u00e9 dans l\u2019actualit\u00e9 nationale et internationale, l\u2019\u00e9conomie, la soci\u00e9t\u00e9 et les analyses politiques. Le site s\u2019adresse \u00e0 un large public francophone et couvre l\u2019information tunisienne en temps r\u00e9el.\",\"email\":\"redac@webdo.tn\",\"legalName\":\"YNJ SARL\",\"foundingDate\":\"2010-09-06\",\"numberOfEmployees\":{\"@type\":\"QuantitativeValue\",\"minValue\":\"11\",\"maxValue\":\"50\"}},{\"@type\":\"Person\",\"@id\":\"https:\\\/\\\/www.webdo.tn\\\/fr\\\/#\\\/schema\\\/person\\\/b9ecde7a5574cb4fcf4b496ea5fadb15\",\"name\":\"Wided Belhaj\",\"image\":{\"@type\":\"ImageObject\",\"inLanguage\":\"fr-FR\",\"@id\":\"https:\\\/\\\/www.webdo.tn\\\/fr\\\/wp-content\\\/uploads\\\/2026\\\/04\\\/wided-belhaj_avatar-96x96.jpg\",\"url\":\"https:\\\/\\\/www.webdo.tn\\\/fr\\\/wp-content\\\/uploads\\\/2026\\\/04\\\/wided-belhaj_avatar-96x96.jpg\",\"contentUrl\":\"https:\\\/\\\/www.webdo.tn\\\/fr\\\/wp-content\\\/uploads\\\/2026\\\/04\\\/wided-belhaj_avatar-96x96.jpg\",\"caption\":\"Wided Belhaj\"},\"description\":\"Wided Belhaj est le pseudonyme \u00e9ditorial utilis\u00e9 par Khalil Jelassi, journaliste, ma\u00eetre-assistant \u00e0 l\u2019Institut de presse et des sciences de l\u2019information (IPSI) et chercheur en sciences de l\u2019information et de la communication. Cette signature est d\u00e9di\u00e9e \u00e0 l\u2019analyse des m\u00e9dias, des pratiques journalistiques et des mutations de l\u2019information \u00e0 l\u2019\u00e8re digitale. \u00c0 travers ses contributions, Wided Belhaj propose une lecture analytique de l\u2019actualit\u00e9, en croisant regard critique et expertise acad\u00e9mique.\",\"knowsAbout\":[\"m\u00e9dias\",\"journalisme\",\"communication\",\"information\",\"transformation num\u00e9rique\",\"analyse des m\u00e9dias\"],\"knowsLanguage\":[\"Fran\u00e7ais\",\"Arabe\"],\"jobTitle\":\"Webdo.tn\",\"worksFor\":\"Journaliste \u2013 Analyse des m\u00e9dias\",\"url\":\"https:\\\/\\\/www.webdo.tn\\\/fr\\\/actualite\\\/author\\\/wided-belhaj\\\/\"}]}<\/script>\n<!-- \/ Yoast SEO Premium plugin. -->","yoast_head_json":{"title":"Tout savoir sur le projet sur la d\u00e9mocratie tunisienne au Congr\u00e8s am\u00e9ricain - webdo","description":"D\u00e9couvrez les initiatives du Congr\u00e8s am\u00e9ricain pour soutenir la d\u00e9mocratie tunisienne et les conditions impos\u00e9es \u00e0 l'aide am\u00e9ricaine.","canonical":"https:\/\/www.webdo.tn\/fr\/actualite\/national\/tout-savoir-sur-le-projet-sur-la-democratie-tunisienne-au-congres-americain\/382819\/","og_locale":"fr_FR","og_type":"article","og_title":"Tout savoir sur le projet sur la d\u00e9mocratie tunisienne au Congr\u00e8s am\u00e9ricain","og_description":"D\u00e9couvrez les initiatives du Congr\u00e8s am\u00e9ricain pour soutenir la d\u00e9mocratie tunisienne et les conditions impos\u00e9es \u00e0 l'aide am\u00e9ricaine.","og_url":"https:\/\/www.webdo.tn\/fr\/actualite\/national\/tout-savoir-sur-le-projet-sur-la-democratie-tunisienne-au-congres-americain\/382819\/","og_site_name":"webdo","article_publisher":"https:\/\/www.facebook.com\/webdotn","article_published_time":"2025-09-05T06:46:59+00:00","article_modified_time":"2025-09-05T08:04:00+00:00","og_image":[{"width":960,"height":540,"url":"https:\/\/www.webdo.tn\/fr\/wp-content\/uploads\/2025\/09\/2023_United_States_Capitol_118th_Congress_sunrise.jpg","type":"image\/jpeg"}],"author":"Wided Belhaj","twitter_card":"summary_large_image","twitter_creator":"@webdo_tn","twitter_site":"@webdo_tn","twitter_misc":{"\u00c9crit par":"Wided Belhaj","Dur\u00e9e de lecture estim\u00e9e":"3 minutes"},"schema":{"@context":"https:\/\/schema.org","@graph":[{"@type":"NewsArticle","@id":"https:\/\/www.webdo.tn\/fr\/actualite\/national\/tout-savoir-sur-le-projet-sur-la-democratie-tunisienne-au-congres-americain\/382819\/#article","isPartOf":{"@id":"https:\/\/www.webdo.tn\/fr\/actualite\/national\/tout-savoir-sur-le-projet-sur-la-democratie-tunisienne-au-congres-americain\/382819\/"},"author":{"name":"Wided Belhaj","@id":"https:\/\/www.webdo.tn\/fr\/#\/schema\/person\/b9ecde7a5574cb4fcf4b496ea5fadb15"},"headline":"Tout savoir sur le projet sur la d\u00e9mocratie tunisienne au Congr\u00e8s am\u00e9ricain","datePublished":"2025-09-05T06:46:59+00:00","dateModified":"2025-09-05T08:04:00+00:00","mainEntityOfPage":{"@id":"https:\/\/www.webdo.tn\/fr\/actualite\/national\/tout-savoir-sur-le-projet-sur-la-democratie-tunisienne-au-congres-americain\/382819\/"},"wordCount":487,"publisher":{"@id":"https:\/\/www.webdo.tn\/fr\/#organization"},"image":{"@id":"https:\/\/www.webdo.tn\/fr\/actualite\/national\/tout-savoir-sur-le-projet-sur-la-democratie-tunisienne-au-congres-americain\/382819\/#primaryimage"},"thumbnailUrl":"https:\/\/www.webdo.tn\/fr\/wp-content\/uploads\/2025\/09\/2023_United_States_Capitol_118th_Congress_sunrise.jpg","keywords":["Congr\u00e8s","projet","Tunisie","USA"],"articleSection":["National"],"inLanguage":"fr-FR"},{"@type":"WebPage","@id":"https:\/\/www.webdo.tn\/fr\/actualite\/national\/tout-savoir-sur-le-projet-sur-la-democratie-tunisienne-au-congres-americain\/382819\/","url":"https:\/\/www.webdo.tn\/fr\/actualite\/national\/tout-savoir-sur-le-projet-sur-la-democratie-tunisienne-au-congres-americain\/382819\/","name":"Tout savoir sur le projet sur la d\u00e9mocratie tunisienne au Congr\u00e8s am\u00e9ricain - webdo","isPartOf":{"@id":"https:\/\/www.webdo.tn\/fr\/#website"},"primaryImageOfPage":{"@id":"https:\/\/www.webdo.tn\/fr\/actualite\/national\/tout-savoir-sur-le-projet-sur-la-democratie-tunisienne-au-congres-americain\/382819\/#primaryimage"},"image":{"@id":"https:\/\/www.webdo.tn\/fr\/actualite\/national\/tout-savoir-sur-le-projet-sur-la-democratie-tunisienne-au-congres-americain\/382819\/#primaryimage"},"thumbnailUrl":"https:\/\/www.webdo.tn\/fr\/wp-content\/uploads\/2025\/09\/2023_United_States_Capitol_118th_Congress_sunrise.jpg","datePublished":"2025-09-05T06:46:59+00:00","dateModified":"2025-09-05T08:04:00+00:00","description":"D\u00e9couvrez les initiatives du Congr\u00e8s am\u00e9ricain pour soutenir la d\u00e9mocratie tunisienne et les conditions impos\u00e9es \u00e0 l'aide am\u00e9ricaine.","breadcrumb":{"@id":"https:\/\/www.webdo.tn\/fr\/actualite\/national\/tout-savoir-sur-le-projet-sur-la-democratie-tunisienne-au-congres-americain\/382819\/#breadcrumb"},"inLanguage":"fr-FR","potentialAction":[{"@type":"ReadAction","target":["https:\/\/www.webdo.tn\/fr\/actualite\/national\/tout-savoir-sur-le-projet-sur-la-democratie-tunisienne-au-congres-americain\/382819\/"]}]},{"@type":"ImageObject","inLanguage":"fr-FR","@id":"https:\/\/www.webdo.tn\/fr\/actualite\/national\/tout-savoir-sur-le-projet-sur-la-democratie-tunisienne-au-congres-americain\/382819\/#primaryimage","url":"https:\/\/www.webdo.tn\/fr\/wp-content\/uploads\/2025\/09\/2023_United_States_Capitol_118th_Congress_sunrise.jpg","contentUrl":"https:\/\/www.webdo.tn\/fr\/wp-content\/uploads\/2025\/09\/2023_United_States_Capitol_118th_Congress_sunrise.jpg","width":960,"height":540},{"@type":"BreadcrumbList","@id":"https:\/\/www.webdo.tn\/fr\/actualite\/national\/tout-savoir-sur-le-projet-sur-la-democratie-tunisienne-au-congres-americain\/382819\/#breadcrumb","itemListElement":[{"@type":"ListItem","position":1,"name":"Accueil","item":"https:\/\/www.webdo.tn\/fr\/"},{"@type":"ListItem","position":2,"name":"Tout savoir sur le projet sur la d\u00e9mocratie tunisienne au Congr\u00e8s am\u00e9ricain"}]},{"@type":"WebSite","@id":"https:\/\/www.webdo.tn\/fr\/#website","url":"https:\/\/www.webdo.tn\/fr\/","name":"webdo","description":"Tunisie - News en Tunisie et \u00e0 l&#039;international sur Webdo.tn","publisher":{"@id":"https:\/\/www.webdo.tn\/fr\/#organization"},"potentialAction":[{"@type":"SearchAction","target":{"@type":"EntryPoint","urlTemplate":"https:\/\/www.webdo.tn\/fr\/?s={search_term_string}"},"query-input":{"@type":"PropertyValueSpecification","valueRequired":true,"valueName":"search_term_string"}}],"inLanguage":"fr-FR"},{"@type":"Organization","@id":"https:\/\/www.webdo.tn\/fr\/#organization","name":"Webdo","alternateName":"Webdo.tn","url":"https:\/\/www.webdo.tn\/fr\/","logo":{"@type":"ImageObject","inLanguage":"fr-FR","@id":"https:\/\/www.webdo.tn\/fr\/#\/schema\/logo\/image\/","url":"https:\/\/www.webdo.tn\/fr\/wp-content\/uploads\/2025\/06\/Webdo-Tunisie_168377.jpg","contentUrl":"https:\/\/www.webdo.tn\/fr\/wp-content\/uploads\/2025\/06\/Webdo-Tunisie_168377.jpg","width":301,"height":301,"caption":"Webdo"},"image":{"@id":"https:\/\/www.webdo.tn\/fr\/#\/schema\/logo\/image\/"},"sameAs":["https:\/\/www.facebook.com\/webdotn","https:\/\/x.com\/webdo_tn"],"description":"Webdo est un m\u00e9dia num\u00e9rique tunisien fond\u00e9 en 2010, sp\u00e9cialis\u00e9 dans l\u2019actualit\u00e9 nationale et internationale, l\u2019\u00e9conomie, la soci\u00e9t\u00e9 et les analyses politiques. Le site s\u2019adresse \u00e0 un large public francophone et couvre l\u2019information tunisienne en temps r\u00e9el.","email":"redac@webdo.tn","legalName":"YNJ SARL","foundingDate":"2010-09-06","numberOfEmployees":{"@type":"QuantitativeValue","minValue":"11","maxValue":"50"}},{"@type":"Person","@id":"https:\/\/www.webdo.tn\/fr\/#\/schema\/person\/b9ecde7a5574cb4fcf4b496ea5fadb15","name":"Wided Belhaj","image":{"@type":"ImageObject","inLanguage":"fr-FR","@id":"https:\/\/www.webdo.tn\/fr\/wp-content\/uploads\/2026\/04\/wided-belhaj_avatar-96x96.jpg","url":"https:\/\/www.webdo.tn\/fr\/wp-content\/uploads\/2026\/04\/wided-belhaj_avatar-96x96.jpg","contentUrl":"https:\/\/www.webdo.tn\/fr\/wp-content\/uploads\/2026\/04\/wided-belhaj_avatar-96x96.jpg","caption":"Wided Belhaj"},"description":"Wided Belhaj est le pseudonyme \u00e9ditorial utilis\u00e9 par Khalil Jelassi, journaliste, ma\u00eetre-assistant \u00e0 l\u2019Institut de presse et des sciences de l\u2019information (IPSI) et chercheur en sciences de l\u2019information et de la communication. Cette signature est d\u00e9di\u00e9e \u00e0 l\u2019analyse des m\u00e9dias, des pratiques journalistiques et des mutations de l\u2019information \u00e0 l\u2019\u00e8re digitale. \u00c0 travers ses contributions, Wided Belhaj propose une lecture analytique de l\u2019actualit\u00e9, en croisant regard critique et expertise acad\u00e9mique.","knowsAbout":["m\u00e9dias","journalisme","communication","information","transformation num\u00e9rique","analyse des m\u00e9dias"],"knowsLanguage":["Fran\u00e7ais","Arabe"],"jobTitle":"Webdo.tn","worksFor":"Journaliste \u2013 Analyse des m\u00e9dias","url":"https:\/\/www.webdo.tn\/fr\/actualite\/author\/wided-belhaj\/"}]}},"_links":{"self":[{"href":"https:\/\/www.webdo.tn\/fr\/wp-json\/wp\/v2\/posts\/382819","targetHints":{"allow":["GET"]}}],"collection":[{"href":"https:\/\/www.webdo.tn\/fr\/wp-json\/wp\/v2\/posts"}],"about":[{"href":"https:\/\/www.webdo.tn\/fr\/wp-json\/wp\/v2\/types\/post"}],"author":[{"embeddable":true,"href":"https:\/\/www.webdo.tn\/fr\/wp-json\/wp\/v2\/users\/3184"}],"replies":[{"embeddable":true,"href":"https:\/\/www.webdo.tn\/fr\/wp-json\/wp\/v2\/comments?post=382819"}],"version-history":[{"count":0,"href":"https:\/\/www.webdo.tn\/fr\/wp-json\/wp\/v2\/posts\/382819\/revisions"}],"wp:featuredmedia":[{"embeddable":true,"href":"https:\/\/www.webdo.tn\/fr\/wp-json\/wp\/v2\/media\/382820"}],"wp:attachment":[{"href":"https:\/\/www.webdo.tn\/fr\/wp-json\/wp\/v2\/media?parent=382819"}],"wp:term":[{"taxonomy":"category","embeddable":true,"href":"https:\/\/www.webdo.tn\/fr\/wp-json\/wp\/v2\/categories?post=382819"},{"taxonomy":"post_tag","embeddable":true,"href":"https:\/\/www.webdo.tn\/fr\/wp-json\/wp\/v2\/tags?post=382819"}],"curies":[{"name":"wp","href":"https:\/\/api.w.org\/{rel}","templated":true}]}}