{"id":382776,"date":"2025-09-04T09:30:54","date_gmt":"2025-09-04T08:30:54","guid":{"rendered":"https:\/\/www.webdo.tn\/fr\/?p=382776"},"modified":"2025-09-05T08:33:00","modified_gmt":"2025-09-05T07:33:00","slug":"affaire-de-marseille-tunis-hausse-le-ton-diplomatique-face-a-paris","status":"publish","type":"post","link":"https:\/\/www.webdo.tn\/fr\/actualite\/national\/affaire-de-marseille-tunis-hausse-le-ton-diplomatique-face-a-paris\/382776\/","title":{"rendered":"Affaire de Marseille : Tunis hausse le ton diplomatique face \u00e0 Paris"},"content":{"rendered":"\n<h3 class=\"wp-block-heading\" id=\"h-\"><\/h3>\n\n\n\n<p>Le minist\u00e8re des Affaires \u00e9trang\u00e8res, de la Migration et des Tunisiens \u00e0 l\u2019\u00e9tranger a convoqu\u00e9, mercredi 3 septembre 2025, le charg\u00e9 d\u2019affaires par int\u00e9rim de l\u2019ambassade de France \u00e0 Tunis afin de lui exprimer une vive protestation \u00e0 la suite de la mort du citoyen tunisien Abdelkader Dhibi, abattu la veille \u00e0 Marseille.<\/p>\n\n\n\n<p>Dans un communiqu\u00e9, le minist\u00e8re pr\u00e9cise que, sur instructions du pr\u00e9sident de la R\u00e9publique, le secr\u00e9taire d\u2019\u00c9tat aupr\u00e8s du ministre des Affaires \u00e9trang\u00e8res a re\u00e7u le diplomate fran\u00e7ais en l\u2019absence de l\u2019ambassadrice actuellement hors du pays. Il lui a signifi\u00e9 la ferme r\u00e9probation de Tunis face \u00e0 ce d\u00e9c\u00e8s survenu \u00ab aux mains de la police fran\u00e7aise \u00bb.<\/p>\n\n\n\n<p>La partie tunisienne consid\u00e8re cet acte comme un \u00ab homicide injustifi\u00e9 \u00bb et exige des autorit\u00e9s fran\u00e7aises toute la diligence et la rigueur n\u00e9cessaires pour mener l\u2019enqu\u00eate, \u00e9tablir les responsabilit\u00e9s et rendre justice. Tunis a \u00e9galement affirm\u00e9 son intention de prendre toutes les mesures utiles pour garantir les droits de la victime et de sa famille.<\/p>\n\n\n\n<p>Le communiqu\u00e9 ajoute que le pr\u00e9sident Ka\u00efs Sa\u00efed a instruit l\u2019ambassadeur de Tunisie \u00e0 Paris de transmettre la m\u00eame position aux autorit\u00e9s fran\u00e7aises et de coordonner avec le consulat g\u00e9n\u00e9ral \u00e0 Marseille pour acc\u00e9l\u00e9rer le rapatriement de la d\u00e9pouille.<\/p>\n\n\n\n<p>Par ailleurs, le minist\u00e8re des Affaires \u00e9trang\u00e8res a pris attache avec la famille du d\u00e9funt pour pr\u00e9senter ses condol\u00e9ances et l\u2019informer des d\u00e9marches entreprises afin de d\u00e9fendre ses droits.<\/p>\n\n\n\n<p>L\u2019agression au couteau survenue mardi 2 septembre 2025 \u00e0 Marseille, dans le quartier de Belsunce, continue de susciter des interrogations et de nourrir des r\u00e9cits divergents.<\/p>\n\n\n\n<p><a href=\"https:\/\/www.webdo.tn\/fr\/actualite\/international\/un-tunisien-abattu-a-marseille-une-autre-version-surgit\/382752\/\">Les autorit\u00e9s fran\u00e7aises maintiennent qu\u2019un homme tunisien de 35 ans a bless\u00e9 cinq personnes \u00e0 l\u2019arme blanche avant d\u2019\u00eatre abattu par la police, mais une autre version commence \u00e0 \u00e9merger dans certains m\u00e9dias tunisiens, port\u00e9e par des membres de sa famille.<\/a><\/p>\n\n\n\n<p>Dans plusieurs m\u00e9dias tunisiens, la famille du d\u00e9funt pr\u00e9sente une lecture bien diff\u00e9rente. Ses proches affirment qu\u2019il n\u2019avait aucun lien avec le terrorisme et n\u2019\u00e9tait pas radicalis\u00e9. Selon eux, il se serait retrouv\u00e9 au c\u0153ur d\u2019un conflit local avec un \u00ab clan alg\u00e9rien \u00bb apr\u00e8s son expulsion d\u2019un logement. L\u2019homme, insistent-ils, aurait tent\u00e9 de se d\u00e9fendre avant que la situation ne d\u00e9g\u00e9n\u00e8re.<\/p>\n\n\n\n<p><\/p>\n\n\n\n<p><strong>Lire aussi <\/strong>: <a href=\"https:\/\/www.webdo.tn\/fr\/actualite\/international\/un-tunisien-abattu-a-marseille-une-autre-version-surgit\/382752\/\">Un Tunisien abattu \u00e0 Marseille : Une autre version surgit<\/a><br><br><\/p>\n","protected":false},"excerpt":{"rendered":"<p>Le minist\u00e8re des Affaires \u00e9trang\u00e8res, de la Migration et des Tunisiens \u00e0 l\u2019\u00e9tranger a convoqu\u00e9, mercredi 3 septembre 2025, le charg\u00e9 d\u2019affaires par int\u00e9rim de l\u2019ambassade de France \u00e0 Tunis afin de lui exprimer une vive protestation \u00e0 la suite de la mort du citoyen tunisien Abdelkader Dhibi, abattu la veille \u00e0 Marseille. Dans un [&hellip;]<\/p>\n","protected":false},"author":3184,"featured_media":382777,"comment_status":"closed","ping_status":"closed","sticky":false,"template":"","format":"standard","meta":{"footnotes":""},"categories":[44],"tags":[3918,3928,2608,6419],"class_list":["post-382776","post","type-post","status-publish","format-standard","has-post-thumbnail","hentry","category-national","tag-attaque","tag-marseille","tag-tunisie","tag-tunisien"],"yoast_head":"<!-- This site is optimized with the Yoast SEO Premium plugin v27.5 (Yoast SEO v27.5) - https:\/\/yoast.com\/product\/yoast-seo-premium-wordpress\/ -->\n<title>Affaire de Marseille : Tunis hausse le ton diplomatique face \u00e0 Paris - webdo<\/title>\n<meta name=\"description\" content=\"La mort d&#039;Abdelkader Dhibi \u00e0 Marseille suscite une vive protestation du gouvernement tunisien contre la police fran\u00e7aise.\" \/>\n<link rel=\"canonical\" href=\"https:\/\/www.webdo.tn\/fr\/actualite\/national\/affaire-de-marseille-tunis-hausse-le-ton-diplomatique-face-a-paris\/382776\/\" \/>\n<meta property=\"og:locale\" content=\"fr_FR\" \/>\n<meta property=\"og:type\" content=\"article\" \/>\n<meta property=\"og:title\" content=\"Affaire de Marseille : Tunis hausse le ton diplomatique face \u00e0 Paris\" \/>\n<meta property=\"og:description\" content=\"La mort d&#039;Abdelkader Dhibi \u00e0 Marseille suscite une vive protestation du gouvernement tunisien contre la police fran\u00e7aise.\" \/>\n<meta property=\"og:url\" content=\"https:\/\/www.webdo.tn\/fr\/actualite\/national\/affaire-de-marseille-tunis-hausse-le-ton-diplomatique-face-a-paris\/382776\/\" \/>\n<meta property=\"og:site_name\" content=\"webdo\" \/>\n<meta property=\"article:publisher\" content=\"https:\/\/www.facebook.com\/webdotn\" \/>\n<meta property=\"article:published_time\" content=\"2025-09-04T08:30:54+00:00\" \/>\n<meta property=\"article:modified_time\" content=\"2025-09-05T07:33:00+00:00\" \/>\n<meta property=\"og:image\" content=\"https:\/\/www.webdo.tn\/fr\/wp-content\/uploads\/2025\/09\/1756932678.png\" \/>\n\t<meta property=\"og:image:width\" content=\"800\" \/>\n\t<meta property=\"og:image:height\" content=\"450\" \/>\n\t<meta property=\"og:image:type\" content=\"image\/png\" \/>\n<meta name=\"author\" content=\"Wided Belhaj\" \/>\n<meta name=\"twitter:card\" content=\"summary_large_image\" \/>\n<meta name=\"twitter:creator\" content=\"@webdo_tn\" \/>\n<meta name=\"twitter:site\" content=\"@webdo_tn\" \/>\n<meta name=\"twitter:label1\" content=\"\u00c9crit par\" \/>\n\t<meta name=\"twitter:data1\" content=\"Wided Belhaj\" \/>\n\t<meta name=\"twitter:label2\" content=\"Dur\u00e9e de lecture estim\u00e9e\" \/>\n\t<meta name=\"twitter:data2\" content=\"3 minutes\" \/>\n<script type=\"application\/ld+json\" class=\"yoast-schema-graph\">{\"@context\":\"https:\\\/\\\/schema.org\",\"@graph\":[{\"@type\":\"NewsArticle\",\"@id\":\"https:\\\/\\\/www.webdo.tn\\\/fr\\\/actualite\\\/national\\\/affaire-de-marseille-tunis-hausse-le-ton-diplomatique-face-a-paris\\\/382776\\\/#article\",\"isPartOf\":{\"@id\":\"https:\\\/\\\/www.webdo.tn\\\/fr\\\/actualite\\\/national\\\/affaire-de-marseille-tunis-hausse-le-ton-diplomatique-face-a-paris\\\/382776\\\/\"},\"author\":{\"name\":\"Wided Belhaj\",\"@id\":\"https:\\\/\\\/www.webdo.tn\\\/fr\\\/#\\\/schema\\\/person\\\/b9ecde7a5574cb4fcf4b496ea5fadb15\"},\"headline\":\"Affaire de Marseille : Tunis hausse le ton diplomatique face \u00e0 Paris\",\"datePublished\":\"2025-09-04T08:30:54+00:00\",\"dateModified\":\"2025-09-05T07:33:00+00:00\",\"mainEntityOfPage\":{\"@id\":\"https:\\\/\\\/www.webdo.tn\\\/fr\\\/actualite\\\/national\\\/affaire-de-marseille-tunis-hausse-le-ton-diplomatique-face-a-paris\\\/382776\\\/\"},\"wordCount\":438,\"publisher\":{\"@id\":\"https:\\\/\\\/www.webdo.tn\\\/fr\\\/#organization\"},\"image\":{\"@id\":\"https:\\\/\\\/www.webdo.tn\\\/fr\\\/actualite\\\/national\\\/affaire-de-marseille-tunis-hausse-le-ton-diplomatique-face-a-paris\\\/382776\\\/#primaryimage\"},\"thumbnailUrl\":\"https:\\\/\\\/www.webdo.tn\\\/fr\\\/wp-content\\\/uploads\\\/2025\\\/09\\\/1756932678.png\",\"keywords\":[\"attaque\",\"marseille\",\"Tunisie\",\"Tunisien\"],\"articleSection\":[\"National\"],\"inLanguage\":\"fr-FR\"},{\"@type\":\"WebPage\",\"@id\":\"https:\\\/\\\/www.webdo.tn\\\/fr\\\/actualite\\\/national\\\/affaire-de-marseille-tunis-hausse-le-ton-diplomatique-face-a-paris\\\/382776\\\/\",\"url\":\"https:\\\/\\\/www.webdo.tn\\\/fr\\\/actualite\\\/national\\\/affaire-de-marseille-tunis-hausse-le-ton-diplomatique-face-a-paris\\\/382776\\\/\",\"name\":\"Affaire de Marseille : Tunis hausse le ton diplomatique face \u00e0 Paris - webdo\",\"isPartOf\":{\"@id\":\"https:\\\/\\\/www.webdo.tn\\\/fr\\\/#website\"},\"primaryImageOfPage\":{\"@id\":\"https:\\\/\\\/www.webdo.tn\\\/fr\\\/actualite\\\/national\\\/affaire-de-marseille-tunis-hausse-le-ton-diplomatique-face-a-paris\\\/382776\\\/#primaryimage\"},\"image\":{\"@id\":\"https:\\\/\\\/www.webdo.tn\\\/fr\\\/actualite\\\/national\\\/affaire-de-marseille-tunis-hausse-le-ton-diplomatique-face-a-paris\\\/382776\\\/#primaryimage\"},\"thumbnailUrl\":\"https:\\\/\\\/www.webdo.tn\\\/fr\\\/wp-content\\\/uploads\\\/2025\\\/09\\\/1756932678.png\",\"datePublished\":\"2025-09-04T08:30:54+00:00\",\"dateModified\":\"2025-09-05T07:33:00+00:00\",\"description\":\"La mort d'Abdelkader Dhibi \u00e0 Marseille suscite une vive protestation du gouvernement tunisien contre la police fran\u00e7aise.\",\"breadcrumb\":{\"@id\":\"https:\\\/\\\/www.webdo.tn\\\/fr\\\/actualite\\\/national\\\/affaire-de-marseille-tunis-hausse-le-ton-diplomatique-face-a-paris\\\/382776\\\/#breadcrumb\"},\"inLanguage\":\"fr-FR\",\"potentialAction\":[{\"@type\":\"ReadAction\",\"target\":[\"https:\\\/\\\/www.webdo.tn\\\/fr\\\/actualite\\\/national\\\/affaire-de-marseille-tunis-hausse-le-ton-diplomatique-face-a-paris\\\/382776\\\/\"]}]},{\"@type\":\"ImageObject\",\"inLanguage\":\"fr-FR\",\"@id\":\"https:\\\/\\\/www.webdo.tn\\\/fr\\\/actualite\\\/national\\\/affaire-de-marseille-tunis-hausse-le-ton-diplomatique-face-a-paris\\\/382776\\\/#primaryimage\",\"url\":\"https:\\\/\\\/www.webdo.tn\\\/fr\\\/wp-content\\\/uploads\\\/2025\\\/09\\\/1756932678.png\",\"contentUrl\":\"https:\\\/\\\/www.webdo.tn\\\/fr\\\/wp-content\\\/uploads\\\/2025\\\/09\\\/1756932678.png\",\"width\":800,\"height\":450},{\"@type\":\"BreadcrumbList\",\"@id\":\"https:\\\/\\\/www.webdo.tn\\\/fr\\\/actualite\\\/national\\\/affaire-de-marseille-tunis-hausse-le-ton-diplomatique-face-a-paris\\\/382776\\\/#breadcrumb\",\"itemListElement\":[{\"@type\":\"ListItem\",\"position\":1,\"name\":\"Accueil\",\"item\":\"https:\\\/\\\/www.webdo.tn\\\/fr\\\/\"},{\"@type\":\"ListItem\",\"position\":2,\"name\":\"Affaire de Marseille : Tunis hausse le ton diplomatique face \u00e0 Paris\"}]},{\"@type\":\"WebSite\",\"@id\":\"https:\\\/\\\/www.webdo.tn\\\/fr\\\/#website\",\"url\":\"https:\\\/\\\/www.webdo.tn\\\/fr\\\/\",\"name\":\"webdo\",\"description\":\"Tunisie - News en Tunisie et \u00e0 l&#039;international sur Webdo.tn\",\"publisher\":{\"@id\":\"https:\\\/\\\/www.webdo.tn\\\/fr\\\/#organization\"},\"potentialAction\":[{\"@type\":\"SearchAction\",\"target\":{\"@type\":\"EntryPoint\",\"urlTemplate\":\"https:\\\/\\\/www.webdo.tn\\\/fr\\\/?s={search_term_string}\"},\"query-input\":{\"@type\":\"PropertyValueSpecification\",\"valueRequired\":true,\"valueName\":\"search_term_string\"}}],\"inLanguage\":\"fr-FR\"},{\"@type\":\"Organization\",\"@id\":\"https:\\\/\\\/www.webdo.tn\\\/fr\\\/#organization\",\"name\":\"Webdo\",\"alternateName\":\"Webdo.tn\",\"url\":\"https:\\\/\\\/www.webdo.tn\\\/fr\\\/\",\"logo\":{\"@type\":\"ImageObject\",\"inLanguage\":\"fr-FR\",\"@id\":\"https:\\\/\\\/www.webdo.tn\\\/fr\\\/#\\\/schema\\\/logo\\\/image\\\/\",\"url\":\"https:\\\/\\\/www.webdo.tn\\\/fr\\\/wp-content\\\/uploads\\\/2025\\\/06\\\/Webdo-Tunisie_168377.jpg\",\"contentUrl\":\"https:\\\/\\\/www.webdo.tn\\\/fr\\\/wp-content\\\/uploads\\\/2025\\\/06\\\/Webdo-Tunisie_168377.jpg\",\"width\":301,\"height\":301,\"caption\":\"Webdo\"},\"image\":{\"@id\":\"https:\\\/\\\/www.webdo.tn\\\/fr\\\/#\\\/schema\\\/logo\\\/image\\\/\"},\"sameAs\":[\"https:\\\/\\\/www.facebook.com\\\/webdotn\",\"https:\\\/\\\/x.com\\\/webdo_tn\"],\"description\":\"Webdo est un m\u00e9dia num\u00e9rique tunisien fond\u00e9 en 2010, sp\u00e9cialis\u00e9 dans l\u2019actualit\u00e9 nationale et internationale, l\u2019\u00e9conomie, la soci\u00e9t\u00e9 et les analyses politiques. Le site s\u2019adresse \u00e0 un large public francophone et couvre l\u2019information tunisienne en temps r\u00e9el.\",\"email\":\"redac@webdo.tn\",\"legalName\":\"YNJ SARL\",\"foundingDate\":\"2010-09-06\",\"numberOfEmployees\":{\"@type\":\"QuantitativeValue\",\"minValue\":\"11\",\"maxValue\":\"50\"}},{\"@type\":\"Person\",\"@id\":\"https:\\\/\\\/www.webdo.tn\\\/fr\\\/#\\\/schema\\\/person\\\/b9ecde7a5574cb4fcf4b496ea5fadb15\",\"name\":\"Wided Belhaj\",\"image\":{\"@type\":\"ImageObject\",\"inLanguage\":\"fr-FR\",\"@id\":\"https:\\\/\\\/www.webdo.tn\\\/fr\\\/wp-content\\\/uploads\\\/2026\\\/04\\\/wided-belhaj_avatar-96x96.jpg\",\"url\":\"https:\\\/\\\/www.webdo.tn\\\/fr\\\/wp-content\\\/uploads\\\/2026\\\/04\\\/wided-belhaj_avatar-96x96.jpg\",\"contentUrl\":\"https:\\\/\\\/www.webdo.tn\\\/fr\\\/wp-content\\\/uploads\\\/2026\\\/04\\\/wided-belhaj_avatar-96x96.jpg\",\"caption\":\"Wided Belhaj\"},\"description\":\"Wided Belhaj est le pseudonyme \u00e9ditorial utilis\u00e9 par Khalil Jelassi, journaliste, ma\u00eetre-assistant \u00e0 l\u2019Institut de presse et des sciences de l\u2019information (IPSI) et chercheur en sciences de l\u2019information et de la communication. Cette signature est d\u00e9di\u00e9e \u00e0 l\u2019analyse des m\u00e9dias, des pratiques journalistiques et des mutations de l\u2019information \u00e0 l\u2019\u00e8re digitale. \u00c0 travers ses contributions, Wided Belhaj propose une lecture analytique de l\u2019actualit\u00e9, en croisant regard critique et expertise acad\u00e9mique.\",\"knowsAbout\":[\"m\u00e9dias\",\"journalisme\",\"communication\",\"information\",\"transformation num\u00e9rique\",\"analyse des m\u00e9dias\"],\"knowsLanguage\":[\"Fran\u00e7ais\",\"Arabe\"],\"jobTitle\":\"Webdo.tn\",\"worksFor\":\"Journaliste \u2013 Analyse des m\u00e9dias\",\"url\":\"https:\\\/\\\/www.webdo.tn\\\/fr\\\/actualite\\\/author\\\/wided-belhaj\\\/\"}]}<\/script>\n<!-- \/ Yoast SEO Premium plugin. -->","yoast_head_json":{"title":"Affaire de Marseille : Tunis hausse le ton diplomatique face \u00e0 Paris - webdo","description":"La mort d'Abdelkader Dhibi \u00e0 Marseille suscite une vive protestation du gouvernement tunisien contre la police fran\u00e7aise.","canonical":"https:\/\/www.webdo.tn\/fr\/actualite\/national\/affaire-de-marseille-tunis-hausse-le-ton-diplomatique-face-a-paris\/382776\/","og_locale":"fr_FR","og_type":"article","og_title":"Affaire de Marseille : Tunis hausse le ton diplomatique face \u00e0 Paris","og_description":"La mort d'Abdelkader Dhibi \u00e0 Marseille suscite une vive protestation du gouvernement tunisien contre la police fran\u00e7aise.","og_url":"https:\/\/www.webdo.tn\/fr\/actualite\/national\/affaire-de-marseille-tunis-hausse-le-ton-diplomatique-face-a-paris\/382776\/","og_site_name":"webdo","article_publisher":"https:\/\/www.facebook.com\/webdotn","article_published_time":"2025-09-04T08:30:54+00:00","article_modified_time":"2025-09-05T07:33:00+00:00","og_image":[{"width":800,"height":450,"url":"https:\/\/www.webdo.tn\/fr\/wp-content\/uploads\/2025\/09\/1756932678.png","type":"image\/png"}],"author":"Wided Belhaj","twitter_card":"summary_large_image","twitter_creator":"@webdo_tn","twitter_site":"@webdo_tn","twitter_misc":{"\u00c9crit par":"Wided Belhaj","Dur\u00e9e de lecture estim\u00e9e":"3 minutes"},"schema":{"@context":"https:\/\/schema.org","@graph":[{"@type":"NewsArticle","@id":"https:\/\/www.webdo.tn\/fr\/actualite\/national\/affaire-de-marseille-tunis-hausse-le-ton-diplomatique-face-a-paris\/382776\/#article","isPartOf":{"@id":"https:\/\/www.webdo.tn\/fr\/actualite\/national\/affaire-de-marseille-tunis-hausse-le-ton-diplomatique-face-a-paris\/382776\/"},"author":{"name":"Wided Belhaj","@id":"https:\/\/www.webdo.tn\/fr\/#\/schema\/person\/b9ecde7a5574cb4fcf4b496ea5fadb15"},"headline":"Affaire de Marseille : Tunis hausse le ton diplomatique face \u00e0 Paris","datePublished":"2025-09-04T08:30:54+00:00","dateModified":"2025-09-05T07:33:00+00:00","mainEntityOfPage":{"@id":"https:\/\/www.webdo.tn\/fr\/actualite\/national\/affaire-de-marseille-tunis-hausse-le-ton-diplomatique-face-a-paris\/382776\/"},"wordCount":438,"publisher":{"@id":"https:\/\/www.webdo.tn\/fr\/#organization"},"image":{"@id":"https:\/\/www.webdo.tn\/fr\/actualite\/national\/affaire-de-marseille-tunis-hausse-le-ton-diplomatique-face-a-paris\/382776\/#primaryimage"},"thumbnailUrl":"https:\/\/www.webdo.tn\/fr\/wp-content\/uploads\/2025\/09\/1756932678.png","keywords":["attaque","marseille","Tunisie","Tunisien"],"articleSection":["National"],"inLanguage":"fr-FR"},{"@type":"WebPage","@id":"https:\/\/www.webdo.tn\/fr\/actualite\/national\/affaire-de-marseille-tunis-hausse-le-ton-diplomatique-face-a-paris\/382776\/","url":"https:\/\/www.webdo.tn\/fr\/actualite\/national\/affaire-de-marseille-tunis-hausse-le-ton-diplomatique-face-a-paris\/382776\/","name":"Affaire de Marseille : Tunis hausse le ton diplomatique face \u00e0 Paris - webdo","isPartOf":{"@id":"https:\/\/www.webdo.tn\/fr\/#website"},"primaryImageOfPage":{"@id":"https:\/\/www.webdo.tn\/fr\/actualite\/national\/affaire-de-marseille-tunis-hausse-le-ton-diplomatique-face-a-paris\/382776\/#primaryimage"},"image":{"@id":"https:\/\/www.webdo.tn\/fr\/actualite\/national\/affaire-de-marseille-tunis-hausse-le-ton-diplomatique-face-a-paris\/382776\/#primaryimage"},"thumbnailUrl":"https:\/\/www.webdo.tn\/fr\/wp-content\/uploads\/2025\/09\/1756932678.png","datePublished":"2025-09-04T08:30:54+00:00","dateModified":"2025-09-05T07:33:00+00:00","description":"La mort d'Abdelkader Dhibi \u00e0 Marseille suscite une vive protestation du gouvernement tunisien contre la police fran\u00e7aise.","breadcrumb":{"@id":"https:\/\/www.webdo.tn\/fr\/actualite\/national\/affaire-de-marseille-tunis-hausse-le-ton-diplomatique-face-a-paris\/382776\/#breadcrumb"},"inLanguage":"fr-FR","potentialAction":[{"@type":"ReadAction","target":["https:\/\/www.webdo.tn\/fr\/actualite\/national\/affaire-de-marseille-tunis-hausse-le-ton-diplomatique-face-a-paris\/382776\/"]}]},{"@type":"ImageObject","inLanguage":"fr-FR","@id":"https:\/\/www.webdo.tn\/fr\/actualite\/national\/affaire-de-marseille-tunis-hausse-le-ton-diplomatique-face-a-paris\/382776\/#primaryimage","url":"https:\/\/www.webdo.tn\/fr\/wp-content\/uploads\/2025\/09\/1756932678.png","contentUrl":"https:\/\/www.webdo.tn\/fr\/wp-content\/uploads\/2025\/09\/1756932678.png","width":800,"height":450},{"@type":"BreadcrumbList","@id":"https:\/\/www.webdo.tn\/fr\/actualite\/national\/affaire-de-marseille-tunis-hausse-le-ton-diplomatique-face-a-paris\/382776\/#breadcrumb","itemListElement":[{"@type":"ListItem","position":1,"name":"Accueil","item":"https:\/\/www.webdo.tn\/fr\/"},{"@type":"ListItem","position":2,"name":"Affaire de Marseille : Tunis hausse le ton diplomatique face \u00e0 Paris"}]},{"@type":"WebSite","@id":"https:\/\/www.webdo.tn\/fr\/#website","url":"https:\/\/www.webdo.tn\/fr\/","name":"webdo","description":"Tunisie - News en Tunisie et \u00e0 l&#039;international sur Webdo.tn","publisher":{"@id":"https:\/\/www.webdo.tn\/fr\/#organization"},"potentialAction":[{"@type":"SearchAction","target":{"@type":"EntryPoint","urlTemplate":"https:\/\/www.webdo.tn\/fr\/?s={search_term_string}"},"query-input":{"@type":"PropertyValueSpecification","valueRequired":true,"valueName":"search_term_string"}}],"inLanguage":"fr-FR"},{"@type":"Organization","@id":"https:\/\/www.webdo.tn\/fr\/#organization","name":"Webdo","alternateName":"Webdo.tn","url":"https:\/\/www.webdo.tn\/fr\/","logo":{"@type":"ImageObject","inLanguage":"fr-FR","@id":"https:\/\/www.webdo.tn\/fr\/#\/schema\/logo\/image\/","url":"https:\/\/www.webdo.tn\/fr\/wp-content\/uploads\/2025\/06\/Webdo-Tunisie_168377.jpg","contentUrl":"https:\/\/www.webdo.tn\/fr\/wp-content\/uploads\/2025\/06\/Webdo-Tunisie_168377.jpg","width":301,"height":301,"caption":"Webdo"},"image":{"@id":"https:\/\/www.webdo.tn\/fr\/#\/schema\/logo\/image\/"},"sameAs":["https:\/\/www.facebook.com\/webdotn","https:\/\/x.com\/webdo_tn"],"description":"Webdo est un m\u00e9dia num\u00e9rique tunisien fond\u00e9 en 2010, sp\u00e9cialis\u00e9 dans l\u2019actualit\u00e9 nationale et internationale, l\u2019\u00e9conomie, la soci\u00e9t\u00e9 et les analyses politiques. Le site s\u2019adresse \u00e0 un large public francophone et couvre l\u2019information tunisienne en temps r\u00e9el.","email":"redac@webdo.tn","legalName":"YNJ SARL","foundingDate":"2010-09-06","numberOfEmployees":{"@type":"QuantitativeValue","minValue":"11","maxValue":"50"}},{"@type":"Person","@id":"https:\/\/www.webdo.tn\/fr\/#\/schema\/person\/b9ecde7a5574cb4fcf4b496ea5fadb15","name":"Wided Belhaj","image":{"@type":"ImageObject","inLanguage":"fr-FR","@id":"https:\/\/www.webdo.tn\/fr\/wp-content\/uploads\/2026\/04\/wided-belhaj_avatar-96x96.jpg","url":"https:\/\/www.webdo.tn\/fr\/wp-content\/uploads\/2026\/04\/wided-belhaj_avatar-96x96.jpg","contentUrl":"https:\/\/www.webdo.tn\/fr\/wp-content\/uploads\/2026\/04\/wided-belhaj_avatar-96x96.jpg","caption":"Wided Belhaj"},"description":"Wided Belhaj est le pseudonyme \u00e9ditorial utilis\u00e9 par Khalil Jelassi, journaliste, ma\u00eetre-assistant \u00e0 l\u2019Institut de presse et des sciences de l\u2019information (IPSI) et chercheur en sciences de l\u2019information et de la communication. Cette signature est d\u00e9di\u00e9e \u00e0 l\u2019analyse des m\u00e9dias, des pratiques journalistiques et des mutations de l\u2019information \u00e0 l\u2019\u00e8re digitale. \u00c0 travers ses contributions, Wided Belhaj propose une lecture analytique de l\u2019actualit\u00e9, en croisant regard critique et expertise acad\u00e9mique.","knowsAbout":["m\u00e9dias","journalisme","communication","information","transformation num\u00e9rique","analyse des m\u00e9dias"],"knowsLanguage":["Fran\u00e7ais","Arabe"],"jobTitle":"Webdo.tn","worksFor":"Journaliste \u2013 Analyse des m\u00e9dias","url":"https:\/\/www.webdo.tn\/fr\/actualite\/author\/wided-belhaj\/"}]}},"_links":{"self":[{"href":"https:\/\/www.webdo.tn\/fr\/wp-json\/wp\/v2\/posts\/382776","targetHints":{"allow":["GET"]}}],"collection":[{"href":"https:\/\/www.webdo.tn\/fr\/wp-json\/wp\/v2\/posts"}],"about":[{"href":"https:\/\/www.webdo.tn\/fr\/wp-json\/wp\/v2\/types\/post"}],"author":[{"embeddable":true,"href":"https:\/\/www.webdo.tn\/fr\/wp-json\/wp\/v2\/users\/3184"}],"replies":[{"embeddable":true,"href":"https:\/\/www.webdo.tn\/fr\/wp-json\/wp\/v2\/comments?post=382776"}],"version-history":[{"count":0,"href":"https:\/\/www.webdo.tn\/fr\/wp-json\/wp\/v2\/posts\/382776\/revisions"}],"wp:featuredmedia":[{"embeddable":true,"href":"https:\/\/www.webdo.tn\/fr\/wp-json\/wp\/v2\/media\/382777"}],"wp:attachment":[{"href":"https:\/\/www.webdo.tn\/fr\/wp-json\/wp\/v2\/media?parent=382776"}],"wp:term":[{"taxonomy":"category","embeddable":true,"href":"https:\/\/www.webdo.tn\/fr\/wp-json\/wp\/v2\/categories?post=382776"},{"taxonomy":"post_tag","embeddable":true,"href":"https:\/\/www.webdo.tn\/fr\/wp-json\/wp\/v2\/tags?post=382776"}],"curies":[{"name":"wp","href":"https:\/\/api.w.org\/{rel}","templated":true}]}}