{"id":382752,"date":"2025-09-03T17:54:27","date_gmt":"2025-09-03T16:54:27","guid":{"rendered":"https:\/\/www.webdo.tn\/fr\/?p=382752"},"modified":"2025-09-05T08:32:28","modified_gmt":"2025-09-05T07:32:28","slug":"un-tunisien-abattu-a-marseille-une-autre-version-surgit","status":"publish","type":"post","link":"https:\/\/www.webdo.tn\/fr\/actualite\/international\/un-tunisien-abattu-a-marseille-une-autre-version-surgit\/382752\/","title":{"rendered":"Un Tunisien abattu \u00e0 Marseille : Une autre version surgit"},"content":{"rendered":"\n<h1 class=\"wp-block-heading\" id=\"h-\"><\/h1>\n\n\n\n<p><strong><em>L\u2019attaque au couteau survenue mardi 2 septembre 2025 \u00e0 Marseille, dans le quartier de Belsunce, continue de susciter des interrogations et de nourrir des r\u00e9cits divergents. <\/em><\/strong><\/p>\n\n\n\n<p>Les autorit\u00e9s fran\u00e7aises maintiennent qu\u2019un homme tunisien de 35 ans a bless\u00e9 cinq personnes \u00e0 l\u2019arme blanche avant d\u2019\u00eatre abattu par la police, mais une autre version commence \u00e0 \u00e9merger dans certains m\u00e9dias tunisiens, port\u00e9e par des membres de sa famille.<\/p>\n\n\n\n<p>Selon le procureur de Marseille, Nicolas Bessone, l\u2019enqu\u00eate n\u2019a pas encore permis<a href=\"https:\/\/apnews.com\/article\/france-knife-attack-marseille-hotel-retailleau-a2710ee0714542f4c4ac8b9ad356be42\" target=\"_blank\" rel=\"noreferrer noopener\"> d\u2019\u00e9tablir clairement le mobile de l\u2019agresseur<\/a>. L\u2019homme, qui vivait dans un h\u00f4tel du centre-ville, venait d\u2019\u00eatre expuls\u00e9 pour loyers impay\u00e9s. Arm\u00e9 de deux couteaux, il s\u2019en est pris d\u2019abord \u00e0 une personne dans son ancien logement, puis au g\u00e9rant de l\u2019h\u00f4tel, \u00e0 son fils, \u00e0 des clients d\u2019un snack-bar et enfin \u00e0 des passants. <br><\/p>\n\n\n\n<p>Cinq bless\u00e9s ont \u00e9t\u00e9 recens\u00e9s, dont un gri\u00e8vement touch\u00e9. L\u2019assaillant, d\u00e9crit comme instable psychologiquement et connu pour des propos antis\u00e9mites, a \u00e9t\u00e9 neutralis\u00e9 par la police apr\u00e8s avoir refus\u00e9 de d\u00e9poser ses armes. Le parquet national antiterroriste (PNAT) ne s\u2019est pas saisi du dossier, c&rsquo;est, en tout cas, la version largement relay\u00e9e par les m\u00e9dias fran\u00e7ais.  \u00e9cartant pour l\u2019instant la th\u00e8se d\u2019un attentat.<\/p>\n\n\n\n<h2 class=\"wp-block-heading\" id=\"h-le-recit-de-la-famille-une-execution-volontaire\">Le r\u00e9cit de la famille : \u00ab une ex\u00e9cution volontaire \u00bb<\/h2>\n\n\n\n<p>Dans plusieurs m\u00e9dias tunisiens, la famille du d\u00e9funt pr\u00e9sente une lecture bien diff\u00e9rente. Ses proches affirment qu\u2019il n\u2019avait aucun lien avec le terrorisme et n\u2019\u00e9tait pas radicalis\u00e9. Selon eux, il se serait retrouv\u00e9 au c\u0153ur d\u2019un conflit local avec un \u00ab clan alg\u00e9rien \u00bb apr\u00e8s son expulsion d\u2019un logement. L\u2019homme, insistent-ils, aurait tent\u00e9 de se d\u00e9fendre avant que la situation ne d\u00e9g\u00e9n\u00e8re.<br><\/p>\n\n\n\n<p>Ses proches accusent les forces de l\u2019ordre fran\u00e7aises de l\u2019avoir \u00ab abattu volontairement \u00bb, estimant que la police aurait pu le ma\u00eetriser autrement. Cette version, relay\u00e9e en Tunisie, remet en cause le r\u00e9cit dominant en France et risque d\u2019alimenter la pol\u00e9mique.<\/p>\n\n\n\n<p>Pour l\u2019heure, l\u2019\u00e9cart est net entre la lecture officielle fran\u00e7aise et la perception de la famille tunisienne. D\u2019un c\u00f4t\u00e9, les autorit\u00e9s parlent d\u2019un individu instable, violent et dangereux, sans lien avec le terrorisme mais ayant multipli\u00e9 les attaques. De l\u2019autre, les proches du d\u00e9funt d\u00e9noncent une bavure polici\u00e8re sur fond de tensions communautaires.<br><\/p>\n\n\n\n<p>Le ministre de l\u2019Int\u00e9rieur fran\u00e7ais Bruno Retailleau est attendu \u00e0 Marseille pour suivre l\u2019avanc\u00e9e de l\u2019enqu\u00eate. Les r\u00e9sultats des investigations \u2014 notamment sur le profil psychologique du suspect et les circonstances pr\u00e9cises de l\u2019intervention polici\u00e8re \u2014 devraient \u00e9clairer les zones d\u2019ombre.<\/p>\n\n\n\n<p><\/p>\n\n\n\n<p><strong>Lire aussi : <\/strong><a href=\"https:\/\/www.webdo.tn\/fr\/actualite\/international\/attaque-a-larme-blanche-a-marseille-un-tunisien-abattu-apres-avoir-blesse-cinq-personnes\/382643\/\">Attaque \u00e0 l\u2019arme blanche \u00e0 Marseille : Un Tunisien abattu apr\u00e8s avoir bless\u00e9 cinq personnes<\/a><br><\/p>\n\n\n","protected":false},"excerpt":{"rendered":"<p>L\u2019attaque au couteau survenue mardi 2 septembre 2025 \u00e0 Marseille, dans le quartier de Belsunce, continue de susciter des interrogations et de nourrir des r\u00e9cits divergents. Les autorit\u00e9s fran\u00e7aises maintiennent qu\u2019un homme tunisien de 35 ans a bless\u00e9 cinq personnes \u00e0 l\u2019arme blanche avant d\u2019\u00eatre abattu par la police, mais une autre version commence \u00e0 [&hellip;]<\/p>\n","protected":false},"author":3184,"featured_media":382753,"comment_status":"closed","ping_status":"closed","sticky":false,"template":"","format":"standard","meta":{"footnotes":""},"categories":[2598],"tags":[3928,2608,6419],"class_list":["post-382752","post","type-post","status-publish","format-standard","has-post-thumbnail","hentry","category-international","tag-marseille","tag-tunisie","tag-tunisien"],"yoast_head":"<!-- This site is optimized with the Yoast SEO Premium plugin v27.5 (Yoast SEO v27.5) - https:\/\/yoast.com\/product\/yoast-seo-premium-wordpress\/ -->\n<title>Un Tunisien abattu \u00e0 Marseille : Une autre version surgit - webdo<\/title>\n<meta name=\"description\" content=\"D\u00e9couvrez les \u00e9v\u00e9nements tragiques autour de l&#039;attaque au couteau par un Tunisien \u00e0 Marseille et les r\u00e9percussions qu&#039;elle a entra\u00een\u00e9es.\" \/>\n<link rel=\"canonical\" href=\"https:\/\/www.webdo.tn\/fr\/actualite\/international\/un-tunisien-abattu-a-marseille-une-autre-version-surgit\/382752\/\" \/>\n<meta property=\"og:locale\" content=\"fr_FR\" \/>\n<meta property=\"og:type\" content=\"article\" \/>\n<meta property=\"og:title\" content=\"Un Tunisien abattu \u00e0 Marseille : Une autre version surgit\" \/>\n<meta property=\"og:description\" content=\"D\u00e9couvrez les \u00e9v\u00e9nements tragiques autour de l&#039;attaque au couteau par un Tunisien \u00e0 Marseille et les r\u00e9percussions qu&#039;elle a entra\u00een\u00e9es.\" \/>\n<meta property=\"og:url\" content=\"https:\/\/www.webdo.tn\/fr\/actualite\/international\/un-tunisien-abattu-a-marseille-une-autre-version-surgit\/382752\/\" \/>\n<meta property=\"og:site_name\" content=\"webdo\" \/>\n<meta property=\"article:publisher\" content=\"https:\/\/www.facebook.com\/webdotn\" \/>\n<meta property=\"article:published_time\" content=\"2025-09-03T16:54:27+00:00\" \/>\n<meta property=\"article:modified_time\" content=\"2025-09-05T07:32:28+00:00\" \/>\n<meta property=\"og:image\" content=\"https:\/\/www.webdo.tn\/fr\/wp-content\/uploads\/2025\/09\/000-737T2CK.jpg\" \/>\n\t<meta property=\"og:image:width\" content=\"1280\" \/>\n\t<meta property=\"og:image:height\" content=\"720\" \/>\n\t<meta property=\"og:image:type\" content=\"image\/jpeg\" \/>\n<meta name=\"author\" content=\"Wided Belhaj\" \/>\n<meta name=\"twitter:card\" content=\"summary_large_image\" \/>\n<meta name=\"twitter:creator\" content=\"@webdo_tn\" \/>\n<meta name=\"twitter:site\" content=\"@webdo_tn\" \/>\n<meta name=\"twitter:label1\" content=\"\u00c9crit par\" \/>\n\t<meta name=\"twitter:data1\" content=\"Wided Belhaj\" \/>\n\t<meta name=\"twitter:label2\" content=\"Dur\u00e9e de lecture estim\u00e9e\" \/>\n\t<meta name=\"twitter:data2\" content=\"3 minutes\" \/>\n<script type=\"application\/ld+json\" class=\"yoast-schema-graph\">{\"@context\":\"https:\\\/\\\/schema.org\",\"@graph\":[{\"@type\":\"NewsArticle\",\"@id\":\"https:\\\/\\\/www.webdo.tn\\\/fr\\\/actualite\\\/international\\\/un-tunisien-abattu-a-marseille-une-autre-version-surgit\\\/382752\\\/#article\",\"isPartOf\":{\"@id\":\"https:\\\/\\\/www.webdo.tn\\\/fr\\\/actualite\\\/international\\\/un-tunisien-abattu-a-marseille-une-autre-version-surgit\\\/382752\\\/\"},\"author\":{\"name\":\"Wided Belhaj\",\"@id\":\"https:\\\/\\\/www.webdo.tn\\\/fr\\\/#\\\/schema\\\/person\\\/b9ecde7a5574cb4fcf4b496ea5fadb15\"},\"headline\":\"Un Tunisien abattu \u00e0 Marseille : Une autre version surgit\",\"datePublished\":\"2025-09-03T16:54:27+00:00\",\"dateModified\":\"2025-09-05T07:32:28+00:00\",\"mainEntityOfPage\":{\"@id\":\"https:\\\/\\\/www.webdo.tn\\\/fr\\\/actualite\\\/international\\\/un-tunisien-abattu-a-marseille-une-autre-version-surgit\\\/382752\\\/\"},\"wordCount\":498,\"publisher\":{\"@id\":\"https:\\\/\\\/www.webdo.tn\\\/fr\\\/#organization\"},\"image\":{\"@id\":\"https:\\\/\\\/www.webdo.tn\\\/fr\\\/actualite\\\/international\\\/un-tunisien-abattu-a-marseille-une-autre-version-surgit\\\/382752\\\/#primaryimage\"},\"thumbnailUrl\":\"https:\\\/\\\/www.webdo.tn\\\/fr\\\/wp-content\\\/uploads\\\/2025\\\/09\\\/000-737T2CK.jpg\",\"keywords\":[\"marseille\",\"Tunisie\",\"Tunisien\"],\"articleSection\":[\"International\"],\"inLanguage\":\"fr-FR\"},{\"@type\":\"WebPage\",\"@id\":\"https:\\\/\\\/www.webdo.tn\\\/fr\\\/actualite\\\/international\\\/un-tunisien-abattu-a-marseille-une-autre-version-surgit\\\/382752\\\/\",\"url\":\"https:\\\/\\\/www.webdo.tn\\\/fr\\\/actualite\\\/international\\\/un-tunisien-abattu-a-marseille-une-autre-version-surgit\\\/382752\\\/\",\"name\":\"Un Tunisien abattu \u00e0 Marseille : Une autre version surgit - webdo\",\"isPartOf\":{\"@id\":\"https:\\\/\\\/www.webdo.tn\\\/fr\\\/#website\"},\"primaryImageOfPage\":{\"@id\":\"https:\\\/\\\/www.webdo.tn\\\/fr\\\/actualite\\\/international\\\/un-tunisien-abattu-a-marseille-une-autre-version-surgit\\\/382752\\\/#primaryimage\"},\"image\":{\"@id\":\"https:\\\/\\\/www.webdo.tn\\\/fr\\\/actualite\\\/international\\\/un-tunisien-abattu-a-marseille-une-autre-version-surgit\\\/382752\\\/#primaryimage\"},\"thumbnailUrl\":\"https:\\\/\\\/www.webdo.tn\\\/fr\\\/wp-content\\\/uploads\\\/2025\\\/09\\\/000-737T2CK.jpg\",\"datePublished\":\"2025-09-03T16:54:27+00:00\",\"dateModified\":\"2025-09-05T07:32:28+00:00\",\"description\":\"D\u00e9couvrez les \u00e9v\u00e9nements tragiques autour de l'attaque au couteau par un Tunisien \u00e0 Marseille et les r\u00e9percussions qu'elle a entra\u00een\u00e9es.\",\"breadcrumb\":{\"@id\":\"https:\\\/\\\/www.webdo.tn\\\/fr\\\/actualite\\\/international\\\/un-tunisien-abattu-a-marseille-une-autre-version-surgit\\\/382752\\\/#breadcrumb\"},\"inLanguage\":\"fr-FR\",\"potentialAction\":[{\"@type\":\"ReadAction\",\"target\":[\"https:\\\/\\\/www.webdo.tn\\\/fr\\\/actualite\\\/international\\\/un-tunisien-abattu-a-marseille-une-autre-version-surgit\\\/382752\\\/\"]}]},{\"@type\":\"ImageObject\",\"inLanguage\":\"fr-FR\",\"@id\":\"https:\\\/\\\/www.webdo.tn\\\/fr\\\/actualite\\\/international\\\/un-tunisien-abattu-a-marseille-une-autre-version-surgit\\\/382752\\\/#primaryimage\",\"url\":\"https:\\\/\\\/www.webdo.tn\\\/fr\\\/wp-content\\\/uploads\\\/2025\\\/09\\\/000-737T2CK.jpg\",\"contentUrl\":\"https:\\\/\\\/www.webdo.tn\\\/fr\\\/wp-content\\\/uploads\\\/2025\\\/09\\\/000-737T2CK.jpg\",\"width\":1280,\"height\":720},{\"@type\":\"BreadcrumbList\",\"@id\":\"https:\\\/\\\/www.webdo.tn\\\/fr\\\/actualite\\\/international\\\/un-tunisien-abattu-a-marseille-une-autre-version-surgit\\\/382752\\\/#breadcrumb\",\"itemListElement\":[{\"@type\":\"ListItem\",\"position\":1,\"name\":\"Accueil\",\"item\":\"https:\\\/\\\/www.webdo.tn\\\/fr\\\/\"},{\"@type\":\"ListItem\",\"position\":2,\"name\":\"Un Tunisien abattu \u00e0 Marseille : Une autre version surgit\"}]},{\"@type\":\"WebSite\",\"@id\":\"https:\\\/\\\/www.webdo.tn\\\/fr\\\/#website\",\"url\":\"https:\\\/\\\/www.webdo.tn\\\/fr\\\/\",\"name\":\"webdo\",\"description\":\"Tunisie - News en Tunisie et \u00e0 l&#039;international sur Webdo.tn\",\"publisher\":{\"@id\":\"https:\\\/\\\/www.webdo.tn\\\/fr\\\/#organization\"},\"potentialAction\":[{\"@type\":\"SearchAction\",\"target\":{\"@type\":\"EntryPoint\",\"urlTemplate\":\"https:\\\/\\\/www.webdo.tn\\\/fr\\\/?s={search_term_string}\"},\"query-input\":{\"@type\":\"PropertyValueSpecification\",\"valueRequired\":true,\"valueName\":\"search_term_string\"}}],\"inLanguage\":\"fr-FR\"},{\"@type\":\"Organization\",\"@id\":\"https:\\\/\\\/www.webdo.tn\\\/fr\\\/#organization\",\"name\":\"Webdo\",\"alternateName\":\"Webdo.tn\",\"url\":\"https:\\\/\\\/www.webdo.tn\\\/fr\\\/\",\"logo\":{\"@type\":\"ImageObject\",\"inLanguage\":\"fr-FR\",\"@id\":\"https:\\\/\\\/www.webdo.tn\\\/fr\\\/#\\\/schema\\\/logo\\\/image\\\/\",\"url\":\"https:\\\/\\\/www.webdo.tn\\\/fr\\\/wp-content\\\/uploads\\\/2025\\\/06\\\/Webdo-Tunisie_168377.jpg\",\"contentUrl\":\"https:\\\/\\\/www.webdo.tn\\\/fr\\\/wp-content\\\/uploads\\\/2025\\\/06\\\/Webdo-Tunisie_168377.jpg\",\"width\":301,\"height\":301,\"caption\":\"Webdo\"},\"image\":{\"@id\":\"https:\\\/\\\/www.webdo.tn\\\/fr\\\/#\\\/schema\\\/logo\\\/image\\\/\"},\"sameAs\":[\"https:\\\/\\\/www.facebook.com\\\/webdotn\",\"https:\\\/\\\/x.com\\\/webdo_tn\"],\"description\":\"Webdo est un m\u00e9dia num\u00e9rique tunisien fond\u00e9 en 2010, sp\u00e9cialis\u00e9 dans l\u2019actualit\u00e9 nationale et internationale, l\u2019\u00e9conomie, la soci\u00e9t\u00e9 et les analyses politiques. Le site s\u2019adresse \u00e0 un large public francophone et couvre l\u2019information tunisienne en temps r\u00e9el.\",\"email\":\"redac@webdo.tn\",\"legalName\":\"YNJ SARL\",\"foundingDate\":\"2010-09-06\",\"numberOfEmployees\":{\"@type\":\"QuantitativeValue\",\"minValue\":\"11\",\"maxValue\":\"50\"}},{\"@type\":\"Person\",\"@id\":\"https:\\\/\\\/www.webdo.tn\\\/fr\\\/#\\\/schema\\\/person\\\/b9ecde7a5574cb4fcf4b496ea5fadb15\",\"name\":\"Wided Belhaj\",\"image\":{\"@type\":\"ImageObject\",\"inLanguage\":\"fr-FR\",\"@id\":\"https:\\\/\\\/www.webdo.tn\\\/fr\\\/wp-content\\\/uploads\\\/2026\\\/04\\\/wided-belhaj_avatar-96x96.jpg\",\"url\":\"https:\\\/\\\/www.webdo.tn\\\/fr\\\/wp-content\\\/uploads\\\/2026\\\/04\\\/wided-belhaj_avatar-96x96.jpg\",\"contentUrl\":\"https:\\\/\\\/www.webdo.tn\\\/fr\\\/wp-content\\\/uploads\\\/2026\\\/04\\\/wided-belhaj_avatar-96x96.jpg\",\"caption\":\"Wided Belhaj\"},\"description\":\"Wided Belhaj est le pseudonyme \u00e9ditorial utilis\u00e9 par Khalil Jelassi, journaliste, ma\u00eetre-assistant \u00e0 l\u2019Institut de presse et des sciences de l\u2019information (IPSI) et chercheur en sciences de l\u2019information et de la communication. Cette signature est d\u00e9di\u00e9e \u00e0 l\u2019analyse des m\u00e9dias, des pratiques journalistiques et des mutations de l\u2019information \u00e0 l\u2019\u00e8re digitale. \u00c0 travers ses contributions, Wided Belhaj propose une lecture analytique de l\u2019actualit\u00e9, en croisant regard critique et expertise acad\u00e9mique.\",\"knowsAbout\":[\"m\u00e9dias\",\"journalisme\",\"communication\",\"information\",\"transformation num\u00e9rique\",\"analyse des m\u00e9dias\"],\"knowsLanguage\":[\"Fran\u00e7ais\",\"Arabe\"],\"jobTitle\":\"Webdo.tn\",\"worksFor\":\"Journaliste \u2013 Analyse des m\u00e9dias\",\"url\":\"https:\\\/\\\/www.webdo.tn\\\/fr\\\/actualite\\\/author\\\/wided-belhaj\\\/\"}]}<\/script>\n<!-- \/ Yoast SEO Premium plugin. -->","yoast_head_json":{"title":"Un Tunisien abattu \u00e0 Marseille : Une autre version surgit - webdo","description":"D\u00e9couvrez les \u00e9v\u00e9nements tragiques autour de l'attaque au couteau par un Tunisien \u00e0 Marseille et les r\u00e9percussions qu'elle a entra\u00een\u00e9es.","canonical":"https:\/\/www.webdo.tn\/fr\/actualite\/international\/un-tunisien-abattu-a-marseille-une-autre-version-surgit\/382752\/","og_locale":"fr_FR","og_type":"article","og_title":"Un Tunisien abattu \u00e0 Marseille : Une autre version surgit","og_description":"D\u00e9couvrez les \u00e9v\u00e9nements tragiques autour de l'attaque au couteau par un Tunisien \u00e0 Marseille et les r\u00e9percussions qu'elle a entra\u00een\u00e9es.","og_url":"https:\/\/www.webdo.tn\/fr\/actualite\/international\/un-tunisien-abattu-a-marseille-une-autre-version-surgit\/382752\/","og_site_name":"webdo","article_publisher":"https:\/\/www.facebook.com\/webdotn","article_published_time":"2025-09-03T16:54:27+00:00","article_modified_time":"2025-09-05T07:32:28+00:00","og_image":[{"width":1280,"height":720,"url":"https:\/\/www.webdo.tn\/fr\/wp-content\/uploads\/2025\/09\/000-737T2CK.jpg","type":"image\/jpeg"}],"author":"Wided Belhaj","twitter_card":"summary_large_image","twitter_creator":"@webdo_tn","twitter_site":"@webdo_tn","twitter_misc":{"\u00c9crit par":"Wided Belhaj","Dur\u00e9e de lecture estim\u00e9e":"3 minutes"},"schema":{"@context":"https:\/\/schema.org","@graph":[{"@type":"NewsArticle","@id":"https:\/\/www.webdo.tn\/fr\/actualite\/international\/un-tunisien-abattu-a-marseille-une-autre-version-surgit\/382752\/#article","isPartOf":{"@id":"https:\/\/www.webdo.tn\/fr\/actualite\/international\/un-tunisien-abattu-a-marseille-une-autre-version-surgit\/382752\/"},"author":{"name":"Wided Belhaj","@id":"https:\/\/www.webdo.tn\/fr\/#\/schema\/person\/b9ecde7a5574cb4fcf4b496ea5fadb15"},"headline":"Un Tunisien abattu \u00e0 Marseille : Une autre version surgit","datePublished":"2025-09-03T16:54:27+00:00","dateModified":"2025-09-05T07:32:28+00:00","mainEntityOfPage":{"@id":"https:\/\/www.webdo.tn\/fr\/actualite\/international\/un-tunisien-abattu-a-marseille-une-autre-version-surgit\/382752\/"},"wordCount":498,"publisher":{"@id":"https:\/\/www.webdo.tn\/fr\/#organization"},"image":{"@id":"https:\/\/www.webdo.tn\/fr\/actualite\/international\/un-tunisien-abattu-a-marseille-une-autre-version-surgit\/382752\/#primaryimage"},"thumbnailUrl":"https:\/\/www.webdo.tn\/fr\/wp-content\/uploads\/2025\/09\/000-737T2CK.jpg","keywords":["marseille","Tunisie","Tunisien"],"articleSection":["International"],"inLanguage":"fr-FR"},{"@type":"WebPage","@id":"https:\/\/www.webdo.tn\/fr\/actualite\/international\/un-tunisien-abattu-a-marseille-une-autre-version-surgit\/382752\/","url":"https:\/\/www.webdo.tn\/fr\/actualite\/international\/un-tunisien-abattu-a-marseille-une-autre-version-surgit\/382752\/","name":"Un Tunisien abattu \u00e0 Marseille : Une autre version surgit - webdo","isPartOf":{"@id":"https:\/\/www.webdo.tn\/fr\/#website"},"primaryImageOfPage":{"@id":"https:\/\/www.webdo.tn\/fr\/actualite\/international\/un-tunisien-abattu-a-marseille-une-autre-version-surgit\/382752\/#primaryimage"},"image":{"@id":"https:\/\/www.webdo.tn\/fr\/actualite\/international\/un-tunisien-abattu-a-marseille-une-autre-version-surgit\/382752\/#primaryimage"},"thumbnailUrl":"https:\/\/www.webdo.tn\/fr\/wp-content\/uploads\/2025\/09\/000-737T2CK.jpg","datePublished":"2025-09-03T16:54:27+00:00","dateModified":"2025-09-05T07:32:28+00:00","description":"D\u00e9couvrez les \u00e9v\u00e9nements tragiques autour de l'attaque au couteau par un Tunisien \u00e0 Marseille et les r\u00e9percussions qu'elle a entra\u00een\u00e9es.","breadcrumb":{"@id":"https:\/\/www.webdo.tn\/fr\/actualite\/international\/un-tunisien-abattu-a-marseille-une-autre-version-surgit\/382752\/#breadcrumb"},"inLanguage":"fr-FR","potentialAction":[{"@type":"ReadAction","target":["https:\/\/www.webdo.tn\/fr\/actualite\/international\/un-tunisien-abattu-a-marseille-une-autre-version-surgit\/382752\/"]}]},{"@type":"ImageObject","inLanguage":"fr-FR","@id":"https:\/\/www.webdo.tn\/fr\/actualite\/international\/un-tunisien-abattu-a-marseille-une-autre-version-surgit\/382752\/#primaryimage","url":"https:\/\/www.webdo.tn\/fr\/wp-content\/uploads\/2025\/09\/000-737T2CK.jpg","contentUrl":"https:\/\/www.webdo.tn\/fr\/wp-content\/uploads\/2025\/09\/000-737T2CK.jpg","width":1280,"height":720},{"@type":"BreadcrumbList","@id":"https:\/\/www.webdo.tn\/fr\/actualite\/international\/un-tunisien-abattu-a-marseille-une-autre-version-surgit\/382752\/#breadcrumb","itemListElement":[{"@type":"ListItem","position":1,"name":"Accueil","item":"https:\/\/www.webdo.tn\/fr\/"},{"@type":"ListItem","position":2,"name":"Un Tunisien abattu \u00e0 Marseille : Une autre version surgit"}]},{"@type":"WebSite","@id":"https:\/\/www.webdo.tn\/fr\/#website","url":"https:\/\/www.webdo.tn\/fr\/","name":"webdo","description":"Tunisie - News en Tunisie et \u00e0 l&#039;international sur Webdo.tn","publisher":{"@id":"https:\/\/www.webdo.tn\/fr\/#organization"},"potentialAction":[{"@type":"SearchAction","target":{"@type":"EntryPoint","urlTemplate":"https:\/\/www.webdo.tn\/fr\/?s={search_term_string}"},"query-input":{"@type":"PropertyValueSpecification","valueRequired":true,"valueName":"search_term_string"}}],"inLanguage":"fr-FR"},{"@type":"Organization","@id":"https:\/\/www.webdo.tn\/fr\/#organization","name":"Webdo","alternateName":"Webdo.tn","url":"https:\/\/www.webdo.tn\/fr\/","logo":{"@type":"ImageObject","inLanguage":"fr-FR","@id":"https:\/\/www.webdo.tn\/fr\/#\/schema\/logo\/image\/","url":"https:\/\/www.webdo.tn\/fr\/wp-content\/uploads\/2025\/06\/Webdo-Tunisie_168377.jpg","contentUrl":"https:\/\/www.webdo.tn\/fr\/wp-content\/uploads\/2025\/06\/Webdo-Tunisie_168377.jpg","width":301,"height":301,"caption":"Webdo"},"image":{"@id":"https:\/\/www.webdo.tn\/fr\/#\/schema\/logo\/image\/"},"sameAs":["https:\/\/www.facebook.com\/webdotn","https:\/\/x.com\/webdo_tn"],"description":"Webdo est un m\u00e9dia num\u00e9rique tunisien fond\u00e9 en 2010, sp\u00e9cialis\u00e9 dans l\u2019actualit\u00e9 nationale et internationale, l\u2019\u00e9conomie, la soci\u00e9t\u00e9 et les analyses politiques. Le site s\u2019adresse \u00e0 un large public francophone et couvre l\u2019information tunisienne en temps r\u00e9el.","email":"redac@webdo.tn","legalName":"YNJ SARL","foundingDate":"2010-09-06","numberOfEmployees":{"@type":"QuantitativeValue","minValue":"11","maxValue":"50"}},{"@type":"Person","@id":"https:\/\/www.webdo.tn\/fr\/#\/schema\/person\/b9ecde7a5574cb4fcf4b496ea5fadb15","name":"Wided Belhaj","image":{"@type":"ImageObject","inLanguage":"fr-FR","@id":"https:\/\/www.webdo.tn\/fr\/wp-content\/uploads\/2026\/04\/wided-belhaj_avatar-96x96.jpg","url":"https:\/\/www.webdo.tn\/fr\/wp-content\/uploads\/2026\/04\/wided-belhaj_avatar-96x96.jpg","contentUrl":"https:\/\/www.webdo.tn\/fr\/wp-content\/uploads\/2026\/04\/wided-belhaj_avatar-96x96.jpg","caption":"Wided Belhaj"},"description":"Wided Belhaj est le pseudonyme \u00e9ditorial utilis\u00e9 par Khalil Jelassi, journaliste, ma\u00eetre-assistant \u00e0 l\u2019Institut de presse et des sciences de l\u2019information (IPSI) et chercheur en sciences de l\u2019information et de la communication. Cette signature est d\u00e9di\u00e9e \u00e0 l\u2019analyse des m\u00e9dias, des pratiques journalistiques et des mutations de l\u2019information \u00e0 l\u2019\u00e8re digitale. \u00c0 travers ses contributions, Wided Belhaj propose une lecture analytique de l\u2019actualit\u00e9, en croisant regard critique et expertise acad\u00e9mique.","knowsAbout":["m\u00e9dias","journalisme","communication","information","transformation num\u00e9rique","analyse des m\u00e9dias"],"knowsLanguage":["Fran\u00e7ais","Arabe"],"jobTitle":"Webdo.tn","worksFor":"Journaliste \u2013 Analyse des m\u00e9dias","url":"https:\/\/www.webdo.tn\/fr\/actualite\/author\/wided-belhaj\/"}]}},"_links":{"self":[{"href":"https:\/\/www.webdo.tn\/fr\/wp-json\/wp\/v2\/posts\/382752","targetHints":{"allow":["GET"]}}],"collection":[{"href":"https:\/\/www.webdo.tn\/fr\/wp-json\/wp\/v2\/posts"}],"about":[{"href":"https:\/\/www.webdo.tn\/fr\/wp-json\/wp\/v2\/types\/post"}],"author":[{"embeddable":true,"href":"https:\/\/www.webdo.tn\/fr\/wp-json\/wp\/v2\/users\/3184"}],"replies":[{"embeddable":true,"href":"https:\/\/www.webdo.tn\/fr\/wp-json\/wp\/v2\/comments?post=382752"}],"version-history":[{"count":0,"href":"https:\/\/www.webdo.tn\/fr\/wp-json\/wp\/v2\/posts\/382752\/revisions"}],"wp:featuredmedia":[{"embeddable":true,"href":"https:\/\/www.webdo.tn\/fr\/wp-json\/wp\/v2\/media\/382753"}],"wp:attachment":[{"href":"https:\/\/www.webdo.tn\/fr\/wp-json\/wp\/v2\/media?parent=382752"}],"wp:term":[{"taxonomy":"category","embeddable":true,"href":"https:\/\/www.webdo.tn\/fr\/wp-json\/wp\/v2\/categories?post=382752"},{"taxonomy":"post_tag","embeddable":true,"href":"https:\/\/www.webdo.tn\/fr\/wp-json\/wp\/v2\/tags?post=382752"}],"curies":[{"name":"wp","href":"https:\/\/api.w.org\/{rel}","templated":true}]}}