{"id":382659,"date":"2025-09-03T08:58:54","date_gmt":"2025-09-03T07:58:54","guid":{"rendered":"https:\/\/www.webdo.tn\/fr\/?p=382659"},"modified":"2025-09-03T10:50:07","modified_gmt":"2025-09-03T09:50:07","slug":"tunisie-budget-economique-2026-feuille-de-route-tracee","status":"publish","type":"post","link":"https:\/\/www.webdo.tn\/fr\/actualite\/national\/tunisie-budget-economique-2026-feuille-de-route-tracee\/382659\/","title":{"rendered":"Tunisie &#8211; budget \u00e9conomique 2026\u00a0: Feuille de route trac\u00e9e"},"content":{"rendered":"\n<p><strong>La cheffe du gouvernement, Sarra Zaafrani Zenzri, a pr\u00e9sid\u00e9 mardi 2 septembre 2025, au palais de la Kasbah, <a href=\"https:\/\/www.facebook.com\/Presidencedugouvernementtunisien\/posts\/pfbid0gHy1BvR7wwDyVriLCnDH5CRGgPex1Lqp9ceFHHcPBFoBaKEwMq9shFZFbTgBgpCDl\">un conseil minist\u00e9riel consacr\u00e9 au projet du budget \u00e9conomique pour l\u2019ann\u00e9e 2026<\/a>. Pr\u00e9sent\u00e9 comme une feuille de route strat\u00e9gique, ce document vise \u00e0 traduire la politique \u00e9conomique et sociale de l\u2019\u00c9tat. L\u2019accent est mis sur la justice sociale, le d\u00e9veloppement r\u00e9gional et la durabilit\u00e9, selon la Pr\u00e9sidence du gouvernement.<\/strong><\/p>\n\n\n\n<p>Au cours de la r\u00e9union, la cheffe du gouvernement a rappel\u00e9 que le budget \u00e9conomique est avant tout un outil fonctionnel et prospectif, destin\u00e9 \u00e0 fournir une vision globale des \u00e9quilibres \u00e9conomiques et sociaux.<\/p>\n\n\n\n<h3 class=\"wp-block-heading\" id=\"h-un-role-central-aux-conseils\">Un r\u00f4le central aux conseils<\/h3>\n\n\n\n<p>Le projet 2026 s\u2019inscrit dans le cadre de la pr\u00e9paration du plan de d\u00e9veloppement 2026-2030, selon une logique de planification ascendante qui accorde un r\u00f4le central aux conseils locaux, r\u00e9gionaux et aux conseils des r\u00e9gions.<\/p>\n\n\n\n<p>Le document met en avant plusieurs objectifs strat\u00e9giques : garantir des conditions de vie dignes et une meilleure justice sociale&nbsp;; encourager l\u2019investissement et diversifier les sources de cr\u00e9ation de richesse&nbsp;; renforcer la r\u00e9silience \u00e9conomique face aux crises&nbsp;; engager des r\u00e9formes structurelles pour am\u00e9liorer les politiques publiques&nbsp;; acc\u00e9l\u00e9rer la r\u00e9alisation des projets publics et priv\u00e9s, notamment ceux propos\u00e9s par les conseils locaux d\u00e8s 2026.<\/p>\n\n\n\n<h3 class=\"wp-block-heading\" id=\"h-les-fondements-de-l-etat-social\">Les fondements de l\u2019\u00c9tat social<\/h3>\n\n\n\n<p>La cheffe du gouvernement a insist\u00e9 sur la n\u00e9cessit\u00e9 de faire du budget \u00e9conomique un instrument de traduction des grandes orientations nationales, en coh\u00e9rence avec la vision pr\u00e9sidentielle. Le conseil a recommand\u00e9 notamment de consolider les fondements de l\u2019\u00c9tat social \u00e0 travers de nouvelles embauches dans la fonction publique et la r\u00e9gularisation des contrats pr\u00e9caires&nbsp;; de lutter contre le travail pr\u00e9caire et de garantir un revenu d\u00e9cent avec protection sociale&nbsp;; de soutenir les familles \u00e0 faibles revenus et de faciliter leur inclusion \u00e9conomique&nbsp;; d\u2019am\u00e9liorer la qualit\u00e9 et la proximit\u00e9 des services publics, en particulier dans la sant\u00e9, l\u2019\u00e9ducation et le transport.<\/p>\n\n\n\n<h3 class=\"wp-block-heading\" id=\"h-reprise-economique-et-defis\">Reprise \u00e9conomique et d\u00e9fis<\/h3>\n\n\n\n<p>Le projet de budget \u00e9conomique 2026 intervient dans un contexte de reprise \u00e9conomique fragile, marqu\u00e9 par les d\u00e9fis climatiques, \u00e9nerg\u00e9tiques et sociaux. Il se veut un prolongement du plan quinquennal 2026-2030 et un instrument d\u2019op\u00e9rationnalisation de la \u00ab nouvelle vision de d\u00e9veloppement \u00bb fond\u00e9e sur l\u2019\u00e9quilibre entre efficacit\u00e9 \u00e9conomique et justice sociale.<\/p>\n\n\n\n<p>Le conseil a \u00e9galement pass\u00e9 en revue les perspectives \u00e9conomiques mondiales et nationales pour 2026, en fixant des estimations relatives \u00e0 la croissance du PIB, \u00e0 l\u2019\u00e9volution des secteurs productifs (agriculture, industrie, services) ainsi qu\u2019au d\u00e9veloppement du commerce ext\u00e9rieur, de l\u2019investissement et du secteur des phosphates.<\/p>\n\n\n\n<p><\/p>\n\n\n\n<ul class=\"wp-block-list\">\n<li>Lire aussi : <a href=\"https:\/\/www.webdo.tn\/fr\/actualite\/national\/tunisie-plf-2026-bras-de-fer-entre-la-commission-parlementaire-et-le-ministere\/382601\/\">Tunisie \u2013 PLF 2026 : Bras de fer entre la Commission parlementaire et le minist\u00e8re<\/a><\/li>\n<\/ul>\n","protected":false},"excerpt":{"rendered":"<p>La cheffe du gouvernement, Sarra Zaafrani Zenzri, a pr\u00e9sid\u00e9 mardi 2 septembre 2025, au palais de la Kasbah, un conseil minist\u00e9riel consacr\u00e9 au projet du budget \u00e9conomique pour l\u2019ann\u00e9e 2026. Pr\u00e9sent\u00e9 comme une feuille de route strat\u00e9gique, ce document vise \u00e0 traduire la politique \u00e9conomique et sociale de l\u2019\u00c9tat. L\u2019accent est mis sur la justice [&hellip;]<\/p>\n","protected":false},"author":3191,"featured_media":382660,"comment_status":"closed","ping_status":"closed","sticky":false,"template":"","format":"standard","meta":{"footnotes":""},"categories":[44],"tags":[3017,4665,2651,2608],"class_list":["post-382659","post","type-post","status-publish","format-standard","has-post-thumbnail","hentry","category-national","tag-budget-2026","tag-conseil-ministeriel","tag-gouvernement","tag-tunisie"],"yoast_head":"<!-- This site is optimized with the Yoast SEO Premium plugin v27.5 (Yoast SEO v27.5) - https:\/\/yoast.com\/product\/yoast-seo-premium-wordpress\/ -->\n<title>Tunisie - budget \u00e9conomique 2026\u00a0: Feuille de route trac\u00e9e - webdo<\/title>\n<meta name=\"description\" content=\"D\u00e9couvrez le budget \u00e9conomique de la Tunisie pour 2026 : une feuille de route pour la justice sociale et le d\u00e9veloppement durable.\" \/>\n<link rel=\"canonical\" href=\"https:\/\/www.webdo.tn\/fr\/actualite\/national\/tunisie-budget-economique-2026-feuille-de-route-tracee\/382659\/\" \/>\n<meta property=\"og:locale\" content=\"fr_FR\" \/>\n<meta property=\"og:type\" content=\"article\" \/>\n<meta property=\"og:title\" content=\"Tunisie - budget \u00e9conomique 2026\u00a0: Feuille de route trac\u00e9e\" \/>\n<meta property=\"og:description\" content=\"D\u00e9couvrez le budget \u00e9conomique de la Tunisie pour 2026 : une feuille de route pour la justice sociale et le d\u00e9veloppement durable.\" \/>\n<meta property=\"og:url\" content=\"https:\/\/www.webdo.tn\/fr\/actualite\/national\/tunisie-budget-economique-2026-feuille-de-route-tracee\/382659\/\" \/>\n<meta property=\"og:site_name\" content=\"webdo\" \/>\n<meta property=\"article:publisher\" content=\"https:\/\/www.facebook.com\/webdotn\" \/>\n<meta property=\"article:published_time\" content=\"2025-09-03T07:58:54+00:00\" \/>\n<meta property=\"article:modified_time\" content=\"2025-09-03T09:50:07+00:00\" \/>\n<meta property=\"og:image\" content=\"https:\/\/www.webdo.tn\/fr\/wp-content\/uploads\/2025\/09\/542016411_1193902879434208_4463862003619173789_n-e1756886222999.jpg\" \/>\n\t<meta property=\"og:image:width\" content=\"450\" \/>\n\t<meta property=\"og:image:height\" content=\"300\" \/>\n\t<meta property=\"og:image:type\" content=\"image\/jpeg\" \/>\n<meta name=\"author\" content=\"Mohamed Hedi Touati\" \/>\n<meta name=\"twitter:card\" content=\"summary_large_image\" \/>\n<meta name=\"twitter:creator\" content=\"@webdo_tn\" \/>\n<meta name=\"twitter:site\" content=\"@webdo_tn\" \/>\n<meta name=\"twitter:label1\" content=\"\u00c9crit par\" \/>\n\t<meta name=\"twitter:data1\" content=\"Mohamed Hedi Touati\" \/>\n\t<meta name=\"twitter:label2\" content=\"Dur\u00e9e de lecture estim\u00e9e\" \/>\n\t<meta name=\"twitter:data2\" content=\"3 minutes\" \/>\n<script type=\"application\/ld+json\" class=\"yoast-schema-graph\">{\"@context\":\"https:\\\/\\\/schema.org\",\"@graph\":[{\"@type\":\"NewsArticle\",\"@id\":\"https:\\\/\\\/www.webdo.tn\\\/fr\\\/actualite\\\/national\\\/tunisie-budget-economique-2026-feuille-de-route-tracee\\\/382659\\\/#article\",\"isPartOf\":{\"@id\":\"https:\\\/\\\/www.webdo.tn\\\/fr\\\/actualite\\\/national\\\/tunisie-budget-economique-2026-feuille-de-route-tracee\\\/382659\\\/\"},\"author\":{\"name\":\"Mohamed Hedi Touati\",\"@id\":\"https:\\\/\\\/www.webdo.tn\\\/fr\\\/#\\\/schema\\\/person\\\/c652cd8fc2b1b44412b5ffb48c5a911d\"},\"headline\":\"Tunisie &#8211; budget \u00e9conomique 2026\u00a0: Feuille de route trac\u00e9e\",\"datePublished\":\"2025-09-03T07:58:54+00:00\",\"dateModified\":\"2025-09-03T09:50:07+00:00\",\"mainEntityOfPage\":{\"@id\":\"https:\\\/\\\/www.webdo.tn\\\/fr\\\/actualite\\\/national\\\/tunisie-budget-economique-2026-feuille-de-route-tracee\\\/382659\\\/\"},\"wordCount\":483,\"publisher\":{\"@id\":\"https:\\\/\\\/www.webdo.tn\\\/fr\\\/#organization\"},\"image\":{\"@id\":\"https:\\\/\\\/www.webdo.tn\\\/fr\\\/actualite\\\/national\\\/tunisie-budget-economique-2026-feuille-de-route-tracee\\\/382659\\\/#primaryimage\"},\"thumbnailUrl\":\"https:\\\/\\\/www.webdo.tn\\\/fr\\\/wp-content\\\/uploads\\\/2025\\\/09\\\/542016411_1193902879434208_4463862003619173789_n-e1756886222999.jpg\",\"keywords\":[\"Budget 2026\",\"conseil minist\u00e9riel\",\"gouvernement\",\"Tunisie\"],\"articleSection\":[\"National\"],\"inLanguage\":\"fr-FR\"},{\"@type\":\"WebPage\",\"@id\":\"https:\\\/\\\/www.webdo.tn\\\/fr\\\/actualite\\\/national\\\/tunisie-budget-economique-2026-feuille-de-route-tracee\\\/382659\\\/\",\"url\":\"https:\\\/\\\/www.webdo.tn\\\/fr\\\/actualite\\\/national\\\/tunisie-budget-economique-2026-feuille-de-route-tracee\\\/382659\\\/\",\"name\":\"Tunisie - budget \u00e9conomique 2026\u00a0: Feuille de route trac\u00e9e - webdo\",\"isPartOf\":{\"@id\":\"https:\\\/\\\/www.webdo.tn\\\/fr\\\/#website\"},\"primaryImageOfPage\":{\"@id\":\"https:\\\/\\\/www.webdo.tn\\\/fr\\\/actualite\\\/national\\\/tunisie-budget-economique-2026-feuille-de-route-tracee\\\/382659\\\/#primaryimage\"},\"image\":{\"@id\":\"https:\\\/\\\/www.webdo.tn\\\/fr\\\/actualite\\\/national\\\/tunisie-budget-economique-2026-feuille-de-route-tracee\\\/382659\\\/#primaryimage\"},\"thumbnailUrl\":\"https:\\\/\\\/www.webdo.tn\\\/fr\\\/wp-content\\\/uploads\\\/2025\\\/09\\\/542016411_1193902879434208_4463862003619173789_n-e1756886222999.jpg\",\"datePublished\":\"2025-09-03T07:58:54+00:00\",\"dateModified\":\"2025-09-03T09:50:07+00:00\",\"description\":\"D\u00e9couvrez le budget \u00e9conomique de la Tunisie pour 2026 : une feuille de route pour la justice sociale et le d\u00e9veloppement durable.\",\"breadcrumb\":{\"@id\":\"https:\\\/\\\/www.webdo.tn\\\/fr\\\/actualite\\\/national\\\/tunisie-budget-economique-2026-feuille-de-route-tracee\\\/382659\\\/#breadcrumb\"},\"inLanguage\":\"fr-FR\",\"potentialAction\":[{\"@type\":\"ReadAction\",\"target\":[\"https:\\\/\\\/www.webdo.tn\\\/fr\\\/actualite\\\/national\\\/tunisie-budget-economique-2026-feuille-de-route-tracee\\\/382659\\\/\"]}]},{\"@type\":\"ImageObject\",\"inLanguage\":\"fr-FR\",\"@id\":\"https:\\\/\\\/www.webdo.tn\\\/fr\\\/actualite\\\/national\\\/tunisie-budget-economique-2026-feuille-de-route-tracee\\\/382659\\\/#primaryimage\",\"url\":\"https:\\\/\\\/www.webdo.tn\\\/fr\\\/wp-content\\\/uploads\\\/2025\\\/09\\\/542016411_1193902879434208_4463862003619173789_n-e1756886222999.jpg\",\"contentUrl\":\"https:\\\/\\\/www.webdo.tn\\\/fr\\\/wp-content\\\/uploads\\\/2025\\\/09\\\/542016411_1193902879434208_4463862003619173789_n-e1756886222999.jpg\",\"width\":450,\"height\":300,\"caption\":\"Tunisie - budget \u00e9conomique 2026\u00a0: Feuille de route trac\u00e9e\"},{\"@type\":\"BreadcrumbList\",\"@id\":\"https:\\\/\\\/www.webdo.tn\\\/fr\\\/actualite\\\/national\\\/tunisie-budget-economique-2026-feuille-de-route-tracee\\\/382659\\\/#breadcrumb\",\"itemListElement\":[{\"@type\":\"ListItem\",\"position\":1,\"name\":\"Accueil\",\"item\":\"https:\\\/\\\/www.webdo.tn\\\/fr\\\/\"},{\"@type\":\"ListItem\",\"position\":2,\"name\":\"Tunisie &#8211; budget \u00e9conomique 2026\u00a0: Feuille de route trac\u00e9e\"}]},{\"@type\":\"WebSite\",\"@id\":\"https:\\\/\\\/www.webdo.tn\\\/fr\\\/#website\",\"url\":\"https:\\\/\\\/www.webdo.tn\\\/fr\\\/\",\"name\":\"webdo\",\"description\":\"Tunisie - News en Tunisie et \u00e0 l&#039;international sur Webdo.tn\",\"publisher\":{\"@id\":\"https:\\\/\\\/www.webdo.tn\\\/fr\\\/#organization\"},\"potentialAction\":[{\"@type\":\"SearchAction\",\"target\":{\"@type\":\"EntryPoint\",\"urlTemplate\":\"https:\\\/\\\/www.webdo.tn\\\/fr\\\/?s={search_term_string}\"},\"query-input\":{\"@type\":\"PropertyValueSpecification\",\"valueRequired\":true,\"valueName\":\"search_term_string\"}}],\"inLanguage\":\"fr-FR\"},{\"@type\":\"Organization\",\"@id\":\"https:\\\/\\\/www.webdo.tn\\\/fr\\\/#organization\",\"name\":\"Webdo\",\"alternateName\":\"Webdo.tn\",\"url\":\"https:\\\/\\\/www.webdo.tn\\\/fr\\\/\",\"logo\":{\"@type\":\"ImageObject\",\"inLanguage\":\"fr-FR\",\"@id\":\"https:\\\/\\\/www.webdo.tn\\\/fr\\\/#\\\/schema\\\/logo\\\/image\\\/\",\"url\":\"https:\\\/\\\/www.webdo.tn\\\/fr\\\/wp-content\\\/uploads\\\/2025\\\/06\\\/Webdo-Tunisie_168377.jpg\",\"contentUrl\":\"https:\\\/\\\/www.webdo.tn\\\/fr\\\/wp-content\\\/uploads\\\/2025\\\/06\\\/Webdo-Tunisie_168377.jpg\",\"width\":301,\"height\":301,\"caption\":\"Webdo\"},\"image\":{\"@id\":\"https:\\\/\\\/www.webdo.tn\\\/fr\\\/#\\\/schema\\\/logo\\\/image\\\/\"},\"sameAs\":[\"https:\\\/\\\/www.facebook.com\\\/webdotn\",\"https:\\\/\\\/x.com\\\/webdo_tn\"],\"description\":\"Webdo est un m\u00e9dia num\u00e9rique tunisien fond\u00e9 en 2010, sp\u00e9cialis\u00e9 dans l\u2019actualit\u00e9 nationale et internationale, l\u2019\u00e9conomie, la soci\u00e9t\u00e9 et les analyses politiques. Le site s\u2019adresse \u00e0 un large public francophone et couvre l\u2019information tunisienne en temps r\u00e9el.\",\"email\":\"redac@webdo.tn\",\"legalName\":\"YNJ SARL\",\"foundingDate\":\"2010-09-06\",\"numberOfEmployees\":{\"@type\":\"QuantitativeValue\",\"minValue\":\"11\",\"maxValue\":\"50\"}},{\"@type\":\"Person\",\"@id\":\"https:\\\/\\\/www.webdo.tn\\\/fr\\\/#\\\/schema\\\/person\\\/c652cd8fc2b1b44412b5ffb48c5a911d\",\"name\":\"Mohamed Hedi Touati\",\"image\":{\"@type\":\"ImageObject\",\"inLanguage\":\"fr-FR\",\"@id\":\"https:\\\/\\\/secure.gravatar.com\\\/avatar\\\/9cfd402c745b7a685f13eed0ea6e59d2144a3c2fc50a3db6fd5ed451f6cddf1a?s=96&d=mm&r=g\",\"url\":\"https:\\\/\\\/secure.gravatar.com\\\/avatar\\\/9cfd402c745b7a685f13eed0ea6e59d2144a3c2fc50a3db6fd5ed451f6cddf1a?s=96&d=mm&r=g\",\"contentUrl\":\"https:\\\/\\\/secure.gravatar.com\\\/avatar\\\/9cfd402c745b7a685f13eed0ea6e59d2144a3c2fc50a3db6fd5ed451f6cddf1a?s=96&d=mm&r=g\",\"caption\":\"Mohamed Hedi Touati\"},\"url\":\"https:\\\/\\\/www.webdo.tn\\\/fr\\\/actualite\\\/author\\\/mohamed-hedi-touati\\\/\"}]}<\/script>\n<!-- \/ Yoast SEO Premium plugin. -->","yoast_head_json":{"title":"Tunisie - budget \u00e9conomique 2026\u00a0: Feuille de route trac\u00e9e - webdo","description":"D\u00e9couvrez le budget \u00e9conomique de la Tunisie pour 2026 : une feuille de route pour la justice sociale et le d\u00e9veloppement durable.","canonical":"https:\/\/www.webdo.tn\/fr\/actualite\/national\/tunisie-budget-economique-2026-feuille-de-route-tracee\/382659\/","og_locale":"fr_FR","og_type":"article","og_title":"Tunisie - budget \u00e9conomique 2026\u00a0: Feuille de route trac\u00e9e","og_description":"D\u00e9couvrez le budget \u00e9conomique de la Tunisie pour 2026 : une feuille de route pour la justice sociale et le d\u00e9veloppement durable.","og_url":"https:\/\/www.webdo.tn\/fr\/actualite\/national\/tunisie-budget-economique-2026-feuille-de-route-tracee\/382659\/","og_site_name":"webdo","article_publisher":"https:\/\/www.facebook.com\/webdotn","article_published_time":"2025-09-03T07:58:54+00:00","article_modified_time":"2025-09-03T09:50:07+00:00","og_image":[{"width":450,"height":300,"url":"https:\/\/www.webdo.tn\/fr\/wp-content\/uploads\/2025\/09\/542016411_1193902879434208_4463862003619173789_n-e1756886222999.jpg","type":"image\/jpeg"}],"author":"Mohamed Hedi Touati","twitter_card":"summary_large_image","twitter_creator":"@webdo_tn","twitter_site":"@webdo_tn","twitter_misc":{"\u00c9crit par":"Mohamed Hedi Touati","Dur\u00e9e de lecture estim\u00e9e":"3 minutes"},"schema":{"@context":"https:\/\/schema.org","@graph":[{"@type":"NewsArticle","@id":"https:\/\/www.webdo.tn\/fr\/actualite\/national\/tunisie-budget-economique-2026-feuille-de-route-tracee\/382659\/#article","isPartOf":{"@id":"https:\/\/www.webdo.tn\/fr\/actualite\/national\/tunisie-budget-economique-2026-feuille-de-route-tracee\/382659\/"},"author":{"name":"Mohamed Hedi Touati","@id":"https:\/\/www.webdo.tn\/fr\/#\/schema\/person\/c652cd8fc2b1b44412b5ffb48c5a911d"},"headline":"Tunisie &#8211; budget \u00e9conomique 2026\u00a0: Feuille de route trac\u00e9e","datePublished":"2025-09-03T07:58:54+00:00","dateModified":"2025-09-03T09:50:07+00:00","mainEntityOfPage":{"@id":"https:\/\/www.webdo.tn\/fr\/actualite\/national\/tunisie-budget-economique-2026-feuille-de-route-tracee\/382659\/"},"wordCount":483,"publisher":{"@id":"https:\/\/www.webdo.tn\/fr\/#organization"},"image":{"@id":"https:\/\/www.webdo.tn\/fr\/actualite\/national\/tunisie-budget-economique-2026-feuille-de-route-tracee\/382659\/#primaryimage"},"thumbnailUrl":"https:\/\/www.webdo.tn\/fr\/wp-content\/uploads\/2025\/09\/542016411_1193902879434208_4463862003619173789_n-e1756886222999.jpg","keywords":["Budget 2026","conseil minist\u00e9riel","gouvernement","Tunisie"],"articleSection":["National"],"inLanguage":"fr-FR"},{"@type":"WebPage","@id":"https:\/\/www.webdo.tn\/fr\/actualite\/national\/tunisie-budget-economique-2026-feuille-de-route-tracee\/382659\/","url":"https:\/\/www.webdo.tn\/fr\/actualite\/national\/tunisie-budget-economique-2026-feuille-de-route-tracee\/382659\/","name":"Tunisie - budget \u00e9conomique 2026\u00a0: Feuille de route trac\u00e9e - webdo","isPartOf":{"@id":"https:\/\/www.webdo.tn\/fr\/#website"},"primaryImageOfPage":{"@id":"https:\/\/www.webdo.tn\/fr\/actualite\/national\/tunisie-budget-economique-2026-feuille-de-route-tracee\/382659\/#primaryimage"},"image":{"@id":"https:\/\/www.webdo.tn\/fr\/actualite\/national\/tunisie-budget-economique-2026-feuille-de-route-tracee\/382659\/#primaryimage"},"thumbnailUrl":"https:\/\/www.webdo.tn\/fr\/wp-content\/uploads\/2025\/09\/542016411_1193902879434208_4463862003619173789_n-e1756886222999.jpg","datePublished":"2025-09-03T07:58:54+00:00","dateModified":"2025-09-03T09:50:07+00:00","description":"D\u00e9couvrez le budget \u00e9conomique de la Tunisie pour 2026 : une feuille de route pour la justice sociale et le d\u00e9veloppement durable.","breadcrumb":{"@id":"https:\/\/www.webdo.tn\/fr\/actualite\/national\/tunisie-budget-economique-2026-feuille-de-route-tracee\/382659\/#breadcrumb"},"inLanguage":"fr-FR","potentialAction":[{"@type":"ReadAction","target":["https:\/\/www.webdo.tn\/fr\/actualite\/national\/tunisie-budget-economique-2026-feuille-de-route-tracee\/382659\/"]}]},{"@type":"ImageObject","inLanguage":"fr-FR","@id":"https:\/\/www.webdo.tn\/fr\/actualite\/national\/tunisie-budget-economique-2026-feuille-de-route-tracee\/382659\/#primaryimage","url":"https:\/\/www.webdo.tn\/fr\/wp-content\/uploads\/2025\/09\/542016411_1193902879434208_4463862003619173789_n-e1756886222999.jpg","contentUrl":"https:\/\/www.webdo.tn\/fr\/wp-content\/uploads\/2025\/09\/542016411_1193902879434208_4463862003619173789_n-e1756886222999.jpg","width":450,"height":300,"caption":"Tunisie - budget \u00e9conomique 2026\u00a0: Feuille de route trac\u00e9e"},{"@type":"BreadcrumbList","@id":"https:\/\/www.webdo.tn\/fr\/actualite\/national\/tunisie-budget-economique-2026-feuille-de-route-tracee\/382659\/#breadcrumb","itemListElement":[{"@type":"ListItem","position":1,"name":"Accueil","item":"https:\/\/www.webdo.tn\/fr\/"},{"@type":"ListItem","position":2,"name":"Tunisie &#8211; budget \u00e9conomique 2026\u00a0: Feuille de route trac\u00e9e"}]},{"@type":"WebSite","@id":"https:\/\/www.webdo.tn\/fr\/#website","url":"https:\/\/www.webdo.tn\/fr\/","name":"webdo","description":"Tunisie - News en Tunisie et \u00e0 l&#039;international sur Webdo.tn","publisher":{"@id":"https:\/\/www.webdo.tn\/fr\/#organization"},"potentialAction":[{"@type":"SearchAction","target":{"@type":"EntryPoint","urlTemplate":"https:\/\/www.webdo.tn\/fr\/?s={search_term_string}"},"query-input":{"@type":"PropertyValueSpecification","valueRequired":true,"valueName":"search_term_string"}}],"inLanguage":"fr-FR"},{"@type":"Organization","@id":"https:\/\/www.webdo.tn\/fr\/#organization","name":"Webdo","alternateName":"Webdo.tn","url":"https:\/\/www.webdo.tn\/fr\/","logo":{"@type":"ImageObject","inLanguage":"fr-FR","@id":"https:\/\/www.webdo.tn\/fr\/#\/schema\/logo\/image\/","url":"https:\/\/www.webdo.tn\/fr\/wp-content\/uploads\/2025\/06\/Webdo-Tunisie_168377.jpg","contentUrl":"https:\/\/www.webdo.tn\/fr\/wp-content\/uploads\/2025\/06\/Webdo-Tunisie_168377.jpg","width":301,"height":301,"caption":"Webdo"},"image":{"@id":"https:\/\/www.webdo.tn\/fr\/#\/schema\/logo\/image\/"},"sameAs":["https:\/\/www.facebook.com\/webdotn","https:\/\/x.com\/webdo_tn"],"description":"Webdo est un m\u00e9dia num\u00e9rique tunisien fond\u00e9 en 2010, sp\u00e9cialis\u00e9 dans l\u2019actualit\u00e9 nationale et internationale, l\u2019\u00e9conomie, la soci\u00e9t\u00e9 et les analyses politiques. Le site s\u2019adresse \u00e0 un large public francophone et couvre l\u2019information tunisienne en temps r\u00e9el.","email":"redac@webdo.tn","legalName":"YNJ SARL","foundingDate":"2010-09-06","numberOfEmployees":{"@type":"QuantitativeValue","minValue":"11","maxValue":"50"}},{"@type":"Person","@id":"https:\/\/www.webdo.tn\/fr\/#\/schema\/person\/c652cd8fc2b1b44412b5ffb48c5a911d","name":"Mohamed Hedi Touati","image":{"@type":"ImageObject","inLanguage":"fr-FR","@id":"https:\/\/secure.gravatar.com\/avatar\/9cfd402c745b7a685f13eed0ea6e59d2144a3c2fc50a3db6fd5ed451f6cddf1a?s=96&d=mm&r=g","url":"https:\/\/secure.gravatar.com\/avatar\/9cfd402c745b7a685f13eed0ea6e59d2144a3c2fc50a3db6fd5ed451f6cddf1a?s=96&d=mm&r=g","contentUrl":"https:\/\/secure.gravatar.com\/avatar\/9cfd402c745b7a685f13eed0ea6e59d2144a3c2fc50a3db6fd5ed451f6cddf1a?s=96&d=mm&r=g","caption":"Mohamed Hedi Touati"},"url":"https:\/\/www.webdo.tn\/fr\/actualite\/author\/mohamed-hedi-touati\/"}]}},"_links":{"self":[{"href":"https:\/\/www.webdo.tn\/fr\/wp-json\/wp\/v2\/posts\/382659","targetHints":{"allow":["GET"]}}],"collection":[{"href":"https:\/\/www.webdo.tn\/fr\/wp-json\/wp\/v2\/posts"}],"about":[{"href":"https:\/\/www.webdo.tn\/fr\/wp-json\/wp\/v2\/types\/post"}],"author":[{"embeddable":true,"href":"https:\/\/www.webdo.tn\/fr\/wp-json\/wp\/v2\/users\/3191"}],"replies":[{"embeddable":true,"href":"https:\/\/www.webdo.tn\/fr\/wp-json\/wp\/v2\/comments?post=382659"}],"version-history":[{"count":0,"href":"https:\/\/www.webdo.tn\/fr\/wp-json\/wp\/v2\/posts\/382659\/revisions"}],"wp:featuredmedia":[{"embeddable":true,"href":"https:\/\/www.webdo.tn\/fr\/wp-json\/wp\/v2\/media\/382660"}],"wp:attachment":[{"href":"https:\/\/www.webdo.tn\/fr\/wp-json\/wp\/v2\/media?parent=382659"}],"wp:term":[{"taxonomy":"category","embeddable":true,"href":"https:\/\/www.webdo.tn\/fr\/wp-json\/wp\/v2\/categories?post=382659"},{"taxonomy":"post_tag","embeddable":true,"href":"https:\/\/www.webdo.tn\/fr\/wp-json\/wp\/v2\/tags?post=382659"}],"curies":[{"name":"wp","href":"https:\/\/api.w.org\/{rel}","templated":true}]}}